{"id":10000,"date":"2025-08-04T09:57:09","date_gmt":"2025-08-04T06:57:09","guid":{"rendered":"https:\/\/memurunsesi.net\/?p=10000"},"modified":"2025-08-04T09:57:09","modified_gmt":"2025-08-04T06:57:09","slug":"alzheimer-tanisinda-cigir-acan-gelisme","status":"publish","type":"post","link":"https:\/\/memurunsesi.net\/index.php\/2025\/08\/04\/alzheimer-tanisinda-cigir-acan-gelisme\/","title":{"rendered":"Alzheimer tan\u0131s\u0131nda \u00e7\u0131\u011f\u0131r a\u00e7an geli\u015fme"},"content":{"rendered":"<p>  &#8211; Alzheimer\u2019da kan testiyle erken tan\u0131 m\u00fcmk\u00fcn   <\/p>\n<p>  Alzheimer hastal\u0131\u011f\u0131nda erken tan\u0131n\u0131n kap\u0131s\u0131n\u0131 aralayan yeni bir geli\u015fme ya\u015fand\u0131. Prof. Dr. L\u00fctf\u00fc Hano\u011flu, FDA onay\u0131 alan kan testiyle art\u0131k hastal\u0131\u011f\u0131n biyolojik olarak \u00e7ok daha kolay ve h\u0131zl\u0131 saptanabilece\u011fini belirtti.<br \/>\n  Alzheimer ile m\u00fccadelede art\u0131k tan\u0131 i\u00e7in bir kan testi yeterli. \u00d6zellikle ileri ya\u015ftaki bireyler i\u00e7in b\u00fcy\u00fck bir endi\u015fe kayna\u011f\u0131 olan Alzheimer hastal\u0131\u011f\u0131n\u0131n te\u015fhisinde \u00e7\u0131\u011f\u0131r a\u00e7an bir geli\u015fme ya\u015fand\u0131. Amerikan G\u0131da ve \u0130la\u00e7 Dairesi&#8217;nin (FDA) onaylad\u0131\u011f\u0131 yeni kan testi, milyonlarca insana umut \u0131\u015f\u0131\u011f\u0131 oldu. Medipol Mega \u00dcniversite Hastanesi N\u00f6roloji Uzman\u0131 Prof. Dr. L\u00fctf\u00fc Hano\u011flu, bu tarihi ad\u0131m\u0131 \u015fu s\u00f6zlerle de\u011ferlendirdi: &#8220;Art\u0131k hastal\u0131\u011f\u0131n biyolojik tan\u0131s\u0131n\u0131 kan yoluyla koymak m\u00fcmk\u00fcn. Bu da erken te\u015fhis ve etkili tedaviler i\u00e7in \u00e7ok b\u00fcy\u00fck bir avantaj sa\u011fl\u0131yor.&#8221;<br \/>\n  Biyolojik tan\u0131 s\u00fcrecinde devrim<br \/>\n  Prof. Dr. Hano\u011flu, Alzheimer\u2019\u0131n bug\u00fcne kadar daha \u00e7ok klinik semptomlara g\u00f6re tan\u0131land\u0131\u011f\u0131n\u0131, ancak son y\u0131llarda biyolojik belirte\u00e7lerle tan\u0131n\u0131n desteklenmeye ba\u015fland\u0131\u011f\u0131n\u0131 hat\u0131rlatt\u0131. &#8220;Daha \u00f6nce belden s\u0131v\u0131 alma y\u00f6ntemiyle yap\u0131lan biyobelirte\u00e7 testleri art\u0131k yerini \u00e7ok daha pratik bir y\u00f6ntem olan kan testine b\u0131rak\u0131yor. Kan yoluyla yap\u0131lan bu testler sayesinde hastal\u0131\u011f\u0131n erken d\u00f6neminde tan\u0131 koymak m\u00fcmk\u00fcn hale geliyor&#8221; ifadelerini kulland\u0131.<br \/>\n  Yeni tedavilerle hastal\u0131\u011f\u0131n seyri de\u011fi\u015febilir<br \/>\n  Son iki y\u0131lda Alzheimer tedavisinde \u00f6nemli bir d\u00f6nemece girildi\u011fini belirten Prof. Dr. Hano\u011flu, monoklonalantikorlar yoluyla yap\u0131lan a\u015f\u0131 benzeri tedavilerin art\u0131k devreye girdi\u011fini s\u00f6yledi. &#8220;Bu tedaviler, beyinde biriken amiloid plaklar\u0131n\u0131 temizlemeye odakl\u0131. \u00d6zellikle hastal\u0131\u011f\u0131n ba\u015flang\u0131\u00e7 a\u015famas\u0131nda ve prodromal d\u00f6nemde kullan\u0131ld\u0131\u011f\u0131nda s\u00fcreci yava\u015flatabildi\u011fi g\u00f6sterildi&#8221; dedi.<br \/>\n  Alzheimer\u2019\u0131 \u00f6nlemede ya\u015fam tarz\u0131 b\u00fcy\u00fck etken<br \/>\n  Alzheimer\u2019a kar\u015f\u0131 sadece biyolojik de\u011fil, ya\u015fam tarz\u0131 temelli \u00f6nlemlerin de etkili oldu\u011funu vurgulayan Prof. Dr. Hano\u011flu, sa\u011fl\u0131kl\u0131 ya\u015fam al\u0131\u015fkanl\u0131klar\u0131n\u0131n hastal\u0131\u011f\u0131n ortaya \u00e7\u0131k\u0131\u015f\u0131n\u0131 geciktirdi\u011fini ya da yava\u015flatt\u0131\u011f\u0131n\u0131 ifade etti. Hano\u011flu, &#8220;Tansiyon ve \u015feker kontrol\u00fc, fiziksel aktivite, uyku d\u00fczeni, dengeli beslenme ve zararl\u0131 al\u0131\u015fkanl\u0131klardan uzak durmak bu s\u00fcre\u00e7te olduk\u00e7a \u00f6nemli&#8221; \u015feklinde konu\u015ftu.<br \/>\n  &#8220;Umut var, yeter ki erken tan\u0131 kural\u0131m&#8221;<br \/>\n  Prof. Dr. L\u00fctf\u00fc Hano\u011flu, s\u00f6zlerini \u015fu ifadelerle tamamlad\u0131: &#8220;Alzheimer tan\u0131s\u0131 art\u0131k \u00e7ok daha erken konulabilecek. Bu, hem hastalar\u0131n ya\u015fam kalitesini y\u00fckseltmek hem de tedavi \u015fans\u0131n\u0131 art\u0131rmak ad\u0131na b\u00fcy\u00fck bir umut kayna\u011f\u0131. Umutsuz olmaya gerek yok; yeter ki ge\u00e7 kal\u0131nmas\u0131n.&#8221; <\/p>\n<p>4.08.2025                                 <\/p>\n","protected":false},"excerpt":{"rendered":"<p>&#8211; Alzheimer\u2019da kan testiyle erken tan\u0131 m\u00fcmk\u00fcn Alzheimer hastal\u0131\u011f\u0131nda erken tan\u0131n\u0131n kap\u0131s\u0131n\u0131 aralayan yeni bir geli\u015fme ya\u015fand\u0131. Prof. Dr. L\u00fctf\u00fc Hano\u011flu, FDA onay\u0131 alan kan testiyle art\u0131k hastal\u0131\u011f\u0131n biyolojik olarak \u00e7ok daha kolay ve h\u0131zl\u0131 saptanabilece\u011fini belirtti. Alzheimer ile m\u00fccadelede art\u0131k tan\u0131 i\u00e7in bir kan testi yeterli. \u00d6zellikle ileri ya\u015ftaki bireyler i\u00e7in b\u00fcy\u00fck bir endi\u015fe [&hellip;]<\/p>\n","protected":false},"author":1,"featured_media":10001,"comment_status":"open","ping_status":"open","sticky":false,"template":"","format":"standard","meta":{"footnotes":""},"categories":[1],"tags":[],"class_list":["post-10000","post","type-post","status-publish","format-standard","has-post-thumbnail","hentry","category-genel"],"yoast_head":"<!-- This site is optimized with the Yoast SEO plugin v27.4 - https:\/\/yoast.com\/product\/yoast-seo-wordpress\/ -->\n<title>Alzheimer tan\u0131s\u0131nda \u00e7\u0131\u011f\u0131r a\u00e7an geli\u015fme - Memurun Sesi<\/title>\n<meta name=\"robots\" content=\"index, follow, max-snippet:-1, max-image-preview:large, max-video-preview:-1\" \/>\n<link rel=\"canonical\" href=\"https:\/\/memurunsesi.net\/index.php\/2025\/08\/04\/alzheimer-tanisinda-cigir-acan-gelisme\/\" \/>\n<meta property=\"og:locale\" content=\"tr_TR\" \/>\n<meta property=\"og:type\" content=\"article\" \/>\n<meta property=\"og:title\" content=\"Alzheimer tan\u0131s\u0131nda \u00e7\u0131\u011f\u0131r a\u00e7an geli\u015fme - Memurun Sesi\" \/>\n<meta property=\"og:description\" content=\"&#8211; Alzheimer\u2019da kan testiyle erken tan\u0131 m\u00fcmk\u00fcn Alzheimer hastal\u0131\u011f\u0131nda erken tan\u0131n\u0131n kap\u0131s\u0131n\u0131 aralayan yeni bir geli\u015fme ya\u015fand\u0131. Prof. Dr. L\u00fctf\u00fc Hano\u011flu, FDA onay\u0131 alan kan testiyle art\u0131k hastal\u0131\u011f\u0131n biyolojik olarak \u00e7ok daha kolay ve h\u0131zl\u0131 saptanabilece\u011fini belirtti. Alzheimer ile m\u00fccadelede art\u0131k tan\u0131 i\u00e7in bir kan testi yeterli. \u00d6zellikle ileri ya\u015ftaki bireyler i\u00e7in b\u00fcy\u00fck bir endi\u015fe [&hellip;]\" \/>\n<meta property=\"og:url\" content=\"https:\/\/memurunsesi.net\/index.php\/2025\/08\/04\/alzheimer-tanisinda-cigir-acan-gelisme\/\" \/>\n<meta property=\"og:site_name\" content=\"Memurun Sesi\" \/>\n<meta property=\"article:publisher\" content=\"https:\/\/www.facebook.com\/unipersen\/?locale=tr_TR\" \/>\n<meta property=\"article:published_time\" content=\"2025-08-04T06:57:09+00:00\" \/>\n<meta property=\"og:image\" content=\"https:\/\/memurunsesi.net\/wp-content\/uploads\/2025\/08\/AW510378_01-scaled.jpg\" \/>\n\t<meta property=\"og:image:width\" content=\"2560\" \/>\n\t<meta property=\"og:image:height\" content=\"1707\" \/>\n\t<meta property=\"og:image:type\" content=\"image\/jpeg\" \/>\n<meta name=\"author\" content=\"Memurun Sesi Haber Merkezi\" \/>\n<meta name=\"twitter:card\" content=\"summary_large_image\" \/>\n<meta name=\"twitter:creator\" content=\"@unipersen\" \/>\n<meta name=\"twitter:site\" content=\"@unipersen\" \/>\n<meta name=\"twitter:label1\" content=\"Yazan:\" \/>\n\t<meta name=\"twitter:data1\" content=\"Memurun Sesi Haber Merkezi\" \/>\n\t<meta name=\"twitter:label2\" content=\"Tahmini okuma s\u00fcresi\" \/>\n\t<meta name=\"twitter:data2\" content=\"1 dakika\" \/>\n<script type=\"application\/ld+json\" class=\"yoast-schema-graph\">{\"@context\":\"https:\\\/\\\/schema.org\",\"@graph\":[{\"@type\":\"Article\",\"@id\":\"https:\\\/\\\/memurunsesi.net\\\/index.php\\\/2025\\\/08\\\/04\\\/alzheimer-tanisinda-cigir-acan-gelisme\\\/#article\",\"isPartOf\":{\"@id\":\"https:\\\/\\\/memurunsesi.net\\\/index.php\\\/2025\\\/08\\\/04\\\/alzheimer-tanisinda-cigir-acan-gelisme\\\/\"},\"author\":{\"name\":\"Memurun Sesi Haber Merkezi\",\"@id\":\"https:\\\/\\\/memurunsesi.net\\\/#\\\/schema\\\/person\\\/f21c2d73b89f6ee1d80b0a1803e38587\"},\"headline\":\"Alzheimer tan\u0131s\u0131nda \u00e7\u0131\u011f\u0131r a\u00e7an geli\u015fme\",\"datePublished\":\"2025-08-04T06:57:09+00:00\",\"mainEntityOfPage\":{\"@id\":\"https:\\\/\\\/memurunsesi.net\\\/index.php\\\/2025\\\/08\\\/04\\\/alzheimer-tanisinda-cigir-acan-gelisme\\\/\"},\"wordCount\":479,\"commentCount\":0,\"publisher\":{\"@id\":\"https:\\\/\\\/memurunsesi.net\\\/#organization\"},\"image\":{\"@id\":\"https:\\\/\\\/memurunsesi.net\\\/index.php\\\/2025\\\/08\\\/04\\\/alzheimer-tanisinda-cigir-acan-gelisme\\\/#primaryimage\"},\"thumbnailUrl\":\"https:\\\/\\\/memurunsesi.net\\\/wp-content\\\/uploads\\\/2025\\\/08\\\/AW510378_01-scaled.jpg\",\"inLanguage\":\"tr\",\"potentialAction\":[{\"@type\":\"CommentAction\",\"name\":\"Comment\",\"target\":[\"https:\\\/\\\/memurunsesi.net\\\/index.php\\\/2025\\\/08\\\/04\\\/alzheimer-tanisinda-cigir-acan-gelisme\\\/#respond\"]}]},{\"@type\":\"WebPage\",\"@id\":\"https:\\\/\\\/memurunsesi.net\\\/index.php\\\/2025\\\/08\\\/04\\\/alzheimer-tanisinda-cigir-acan-gelisme\\\/\",\"url\":\"https:\\\/\\\/memurunsesi.net\\\/index.php\\\/2025\\\/08\\\/04\\\/alzheimer-tanisinda-cigir-acan-gelisme\\\/\",\"name\":\"Alzheimer tan\u0131s\u0131nda \u00e7\u0131\u011f\u0131r a\u00e7an geli\u015fme - Memurun Sesi\",\"isPartOf\":{\"@id\":\"https:\\\/\\\/memurunsesi.net\\\/#website\"},\"primaryImageOfPage\":{\"@id\":\"https:\\\/\\\/memurunsesi.net\\\/index.php\\\/2025\\\/08\\\/04\\\/alzheimer-tanisinda-cigir-acan-gelisme\\\/#primaryimage\"},\"image\":{\"@id\":\"https:\\\/\\\/memurunsesi.net\\\/index.php\\\/2025\\\/08\\\/04\\\/alzheimer-tanisinda-cigir-acan-gelisme\\\/#primaryimage\"},\"thumbnailUrl\":\"https:\\\/\\\/memurunsesi.net\\\/wp-content\\\/uploads\\\/2025\\\/08\\\/AW510378_01-scaled.jpg\",\"datePublished\":\"2025-08-04T06:57:09+00:00\",\"breadcrumb\":{\"@id\":\"https:\\\/\\\/memurunsesi.net\\\/index.php\\\/2025\\\/08\\\/04\\\/alzheimer-tanisinda-cigir-acan-gelisme\\\/#breadcrumb\"},\"inLanguage\":\"tr\",\"potentialAction\":[{\"@type\":\"ReadAction\",\"target\":[\"https:\\\/\\\/memurunsesi.net\\\/index.php\\\/2025\\\/08\\\/04\\\/alzheimer-tanisinda-cigir-acan-gelisme\\\/\"]}]},{\"@type\":\"ImageObject\",\"inLanguage\":\"tr\",\"@id\":\"https:\\\/\\\/memurunsesi.net\\\/index.php\\\/2025\\\/08\\\/04\\\/alzheimer-tanisinda-cigir-acan-gelisme\\\/#primaryimage\",\"url\":\"https:\\\/\\\/memurunsesi.net\\\/wp-content\\\/uploads\\\/2025\\\/08\\\/AW510378_01-scaled.jpg\",\"contentUrl\":\"https:\\\/\\\/memurunsesi.net\\\/wp-content\\\/uploads\\\/2025\\\/08\\\/AW510378_01-scaled.jpg\",\"width\":2560,\"height\":1707,\"caption\":\"ALZHE\u0130MER TANISINDA \u00c7I\u011eIR A\u00c7AN GEL\u0130\u015eME ALZHE\u0130MER'DA KAN TEST\u0130YLE ERKEN TANI M\u00dcMK\u00dcN\"},{\"@type\":\"BreadcrumbList\",\"@id\":\"https:\\\/\\\/memurunsesi.net\\\/index.php\\\/2025\\\/08\\\/04\\\/alzheimer-tanisinda-cigir-acan-gelisme\\\/#breadcrumb\",\"itemListElement\":[{\"@type\":\"ListItem\",\"position\":1,\"name\":\"Anasayfa\",\"item\":\"https:\\\/\\\/memurunsesi.net\\\/\"},{\"@type\":\"ListItem\",\"position\":2,\"name\":\"Alzheimer tan\u0131s\u0131nda \u00e7\u0131\u011f\u0131r a\u00e7an geli\u015fme\"}]},{\"@type\":\"WebSite\",\"@id\":\"https:\\\/\\\/memurunsesi.net\\\/#website\",\"url\":\"https:\\\/\\\/memurunsesi.net\\\/\",\"name\":\"Memurun Sesi\",\"description\":\"G\u00fcncel ve Do\u011fru Haber\",\"publisher\":{\"@id\":\"https:\\\/\\\/memurunsesi.net\\\/#organization\"},\"potentialAction\":[{\"@type\":\"SearchAction\",\"target\":{\"@type\":\"EntryPoint\",\"urlTemplate\":\"https:\\\/\\\/memurunsesi.net\\\/?s={search_term_string}\"},\"query-input\":{\"@type\":\"PropertyValueSpecification\",\"valueRequired\":true,\"valueName\":\"search_term_string\"}}],\"inLanguage\":\"tr\"},{\"@type\":\"Organization\",\"@id\":\"https:\\\/\\\/memurunsesi.net\\\/#organization\",\"name\":\"Memurun Sesi\",\"url\":\"https:\\\/\\\/memurunsesi.net\\\/\",\"logo\":{\"@type\":\"ImageObject\",\"inLanguage\":\"tr\",\"@id\":\"https:\\\/\\\/memurunsesi.net\\\/#\\\/schema\\\/logo\\\/image\\\/\",\"url\":\"https:\\\/\\\/memurunsesi.net\\\/wp-content\\\/uploads\\\/2025\\\/11\\\/cropped-MEMURUN-SESI.png\",\"contentUrl\":\"https:\\\/\\\/memurunsesi.net\\\/wp-content\\\/uploads\\\/2025\\\/11\\\/cropped-MEMURUN-SESI.png\",\"width\":238,\"height\":57,\"caption\":\"Memurun Sesi\"},\"image\":{\"@id\":\"https:\\\/\\\/memurunsesi.net\\\/#\\\/schema\\\/logo\\\/image\\\/\"},\"sameAs\":[\"https:\\\/\\\/www.facebook.com\\\/unipersen\\\/?locale=tr_TR\",\"https:\\\/\\\/x.com\\\/unipersen\"]},{\"@type\":\"Person\",\"@id\":\"https:\\\/\\\/memurunsesi.net\\\/#\\\/schema\\\/person\\\/f21c2d73b89f6ee1d80b0a1803e38587\",\"name\":\"Memurun Sesi Haber Merkezi\",\"image\":{\"@type\":\"ImageObject\",\"inLanguage\":\"tr\",\"@id\":\"https:\\\/\\\/secure.gravatar.com\\\/avatar\\\/6cf0505f452ee753f485014986fab09a434671d2b919ee76fc541025c5876a70?s=96&d=mm&r=g\",\"url\":\"https:\\\/\\\/secure.gravatar.com\\\/avatar\\\/6cf0505f452ee753f485014986fab09a434671d2b919ee76fc541025c5876a70?s=96&d=mm&r=g\",\"contentUrl\":\"https:\\\/\\\/secure.gravatar.com\\\/avatar\\\/6cf0505f452ee753f485014986fab09a434671d2b919ee76fc541025c5876a70?s=96&d=mm&r=g\",\"caption\":\"Memurun Sesi Haber Merkezi\"},\"sameAs\":[\"https:\\\/\\\/memurunsesi.net\"],\"url\":\"https:\\\/\\\/memurunsesi.net\\\/index.php\\\/author\\\/uniper\\\/\"}]}<\/script>\n<!-- \/ Yoast SEO plugin. -->","yoast_head_json":{"title":"Alzheimer tan\u0131s\u0131nda \u00e7\u0131\u011f\u0131r a\u00e7an geli\u015fme - Memurun Sesi","robots":{"index":"index","follow":"follow","max-snippet":"max-snippet:-1","max-image-preview":"max-image-preview:large","max-video-preview":"max-video-preview:-1"},"canonical":"https:\/\/memurunsesi.net\/index.php\/2025\/08\/04\/alzheimer-tanisinda-cigir-acan-gelisme\/","og_locale":"tr_TR","og_type":"article","og_title":"Alzheimer tan\u0131s\u0131nda \u00e7\u0131\u011f\u0131r a\u00e7an geli\u015fme - Memurun Sesi","og_description":"&#8211; Alzheimer\u2019da kan testiyle erken tan\u0131 m\u00fcmk\u00fcn Alzheimer hastal\u0131\u011f\u0131nda erken tan\u0131n\u0131n kap\u0131s\u0131n\u0131 aralayan yeni bir geli\u015fme ya\u015fand\u0131. Prof. Dr. L\u00fctf\u00fc Hano\u011flu, FDA onay\u0131 alan kan testiyle art\u0131k hastal\u0131\u011f\u0131n biyolojik olarak \u00e7ok daha kolay ve h\u0131zl\u0131 saptanabilece\u011fini belirtti. Alzheimer ile m\u00fccadelede art\u0131k tan\u0131 i\u00e7in bir kan testi yeterli. \u00d6zellikle ileri ya\u015ftaki bireyler i\u00e7in b\u00fcy\u00fck bir endi\u015fe [&hellip;]","og_url":"https:\/\/memurunsesi.net\/index.php\/2025\/08\/04\/alzheimer-tanisinda-cigir-acan-gelisme\/","og_site_name":"Memurun Sesi","article_publisher":"https:\/\/www.facebook.com\/unipersen\/?locale=tr_TR","article_published_time":"2025-08-04T06:57:09+00:00","og_image":[{"width":2560,"height":1707,"url":"https:\/\/memurunsesi.net\/wp-content\/uploads\/2025\/08\/AW510378_01-scaled.jpg","type":"image\/jpeg"}],"author":"Memurun Sesi Haber Merkezi","twitter_card":"summary_large_image","twitter_creator":"@unipersen","twitter_site":"@unipersen","twitter_misc":{"Yazan:":"Memurun Sesi Haber Merkezi","Tahmini okuma s\u00fcresi":"1 dakika"},"schema":{"@context":"https:\/\/schema.org","@graph":[{"@type":"Article","@id":"https:\/\/memurunsesi.net\/index.php\/2025\/08\/04\/alzheimer-tanisinda-cigir-acan-gelisme\/#article","isPartOf":{"@id":"https:\/\/memurunsesi.net\/index.php\/2025\/08\/04\/alzheimer-tanisinda-cigir-acan-gelisme\/"},"author":{"name":"Memurun Sesi Haber Merkezi","@id":"https:\/\/memurunsesi.net\/#\/schema\/person\/f21c2d73b89f6ee1d80b0a1803e38587"},"headline":"Alzheimer tan\u0131s\u0131nda \u00e7\u0131\u011f\u0131r a\u00e7an geli\u015fme","datePublished":"2025-08-04T06:57:09+00:00","mainEntityOfPage":{"@id":"https:\/\/memurunsesi.net\/index.php\/2025\/08\/04\/alzheimer-tanisinda-cigir-acan-gelisme\/"},"wordCount":479,"commentCount":0,"publisher":{"@id":"https:\/\/memurunsesi.net\/#organization"},"image":{"@id":"https:\/\/memurunsesi.net\/index.php\/2025\/08\/04\/alzheimer-tanisinda-cigir-acan-gelisme\/#primaryimage"},"thumbnailUrl":"https:\/\/memurunsesi.net\/wp-content\/uploads\/2025\/08\/AW510378_01-scaled.jpg","inLanguage":"tr","potentialAction":[{"@type":"CommentAction","name":"Comment","target":["https:\/\/memurunsesi.net\/index.php\/2025\/08\/04\/alzheimer-tanisinda-cigir-acan-gelisme\/#respond"]}]},{"@type":"WebPage","@id":"https:\/\/memurunsesi.net\/index.php\/2025\/08\/04\/alzheimer-tanisinda-cigir-acan-gelisme\/","url":"https:\/\/memurunsesi.net\/index.php\/2025\/08\/04\/alzheimer-tanisinda-cigir-acan-gelisme\/","name":"Alzheimer tan\u0131s\u0131nda \u00e7\u0131\u011f\u0131r a\u00e7an geli\u015fme - Memurun Sesi","isPartOf":{"@id":"https:\/\/memurunsesi.net\/#website"},"primaryImageOfPage":{"@id":"https:\/\/memurunsesi.net\/index.php\/2025\/08\/04\/alzheimer-tanisinda-cigir-acan-gelisme\/#primaryimage"},"image":{"@id":"https:\/\/memurunsesi.net\/index.php\/2025\/08\/04\/alzheimer-tanisinda-cigir-acan-gelisme\/#primaryimage"},"thumbnailUrl":"https:\/\/memurunsesi.net\/wp-content\/uploads\/2025\/08\/AW510378_01-scaled.jpg","datePublished":"2025-08-04T06:57:09+00:00","breadcrumb":{"@id":"https:\/\/memurunsesi.net\/index.php\/2025\/08\/04\/alzheimer-tanisinda-cigir-acan-gelisme\/#breadcrumb"},"inLanguage":"tr","potentialAction":[{"@type":"ReadAction","target":["https:\/\/memurunsesi.net\/index.php\/2025\/08\/04\/alzheimer-tanisinda-cigir-acan-gelisme\/"]}]},{"@type":"ImageObject","inLanguage":"tr","@id":"https:\/\/memurunsesi.net\/index.php\/2025\/08\/04\/alzheimer-tanisinda-cigir-acan-gelisme\/#primaryimage","url":"https:\/\/memurunsesi.net\/wp-content\/uploads\/2025\/08\/AW510378_01-scaled.jpg","contentUrl":"https:\/\/memurunsesi.net\/wp-content\/uploads\/2025\/08\/AW510378_01-scaled.jpg","width":2560,"height":1707,"caption":"ALZHE\u0130MER TANISINDA \u00c7I\u011eIR A\u00c7AN GEL\u0130\u015eME ALZHE\u0130MER'DA KAN TEST\u0130YLE ERKEN TANI M\u00dcMK\u00dcN"},{"@type":"BreadcrumbList","@id":"https:\/\/memurunsesi.net\/index.php\/2025\/08\/04\/alzheimer-tanisinda-cigir-acan-gelisme\/#breadcrumb","itemListElement":[{"@type":"ListItem","position":1,"name":"Anasayfa","item":"https:\/\/memurunsesi.net\/"},{"@type":"ListItem","position":2,"name":"Alzheimer tan\u0131s\u0131nda \u00e7\u0131\u011f\u0131r a\u00e7an geli\u015fme"}]},{"@type":"WebSite","@id":"https:\/\/memurunsesi.net\/#website","url":"https:\/\/memurunsesi.net\/","name":"Memurun Sesi","description":"G\u00fcncel ve Do\u011fru Haber","publisher":{"@id":"https:\/\/memurunsesi.net\/#organization"},"potentialAction":[{"@type":"SearchAction","target":{"@type":"EntryPoint","urlTemplate":"https:\/\/memurunsesi.net\/?s={search_term_string}"},"query-input":{"@type":"PropertyValueSpecification","valueRequired":true,"valueName":"search_term_string"}}],"inLanguage":"tr"},{"@type":"Organization","@id":"https:\/\/memurunsesi.net\/#organization","name":"Memurun Sesi","url":"https:\/\/memurunsesi.net\/","logo":{"@type":"ImageObject","inLanguage":"tr","@id":"https:\/\/memurunsesi.net\/#\/schema\/logo\/image\/","url":"https:\/\/memurunsesi.net\/wp-content\/uploads\/2025\/11\/cropped-MEMURUN-SESI.png","contentUrl":"https:\/\/memurunsesi.net\/wp-content\/uploads\/2025\/11\/cropped-MEMURUN-SESI.png","width":238,"height":57,"caption":"Memurun Sesi"},"image":{"@id":"https:\/\/memurunsesi.net\/#\/schema\/logo\/image\/"},"sameAs":["https:\/\/www.facebook.com\/unipersen\/?locale=tr_TR","https:\/\/x.com\/unipersen"]},{"@type":"Person","@id":"https:\/\/memurunsesi.net\/#\/schema\/person\/f21c2d73b89f6ee1d80b0a1803e38587","name":"Memurun Sesi Haber Merkezi","image":{"@type":"ImageObject","inLanguage":"tr","@id":"https:\/\/secure.gravatar.com\/avatar\/6cf0505f452ee753f485014986fab09a434671d2b919ee76fc541025c5876a70?s=96&d=mm&r=g","url":"https:\/\/secure.gravatar.com\/avatar\/6cf0505f452ee753f485014986fab09a434671d2b919ee76fc541025c5876a70?s=96&d=mm&r=g","contentUrl":"https:\/\/secure.gravatar.com\/avatar\/6cf0505f452ee753f485014986fab09a434671d2b919ee76fc541025c5876a70?s=96&d=mm&r=g","caption":"Memurun Sesi Haber Merkezi"},"sameAs":["https:\/\/memurunsesi.net"],"url":"https:\/\/memurunsesi.net\/index.php\/author\/uniper\/"}]}},"_links":{"self":[{"href":"https:\/\/memurunsesi.net\/index.php\/wp-json\/wp\/v2\/posts\/10000","targetHints":{"allow":["GET"]}}],"collection":[{"href":"https:\/\/memurunsesi.net\/index.php\/wp-json\/wp\/v2\/posts"}],"about":[{"href":"https:\/\/memurunsesi.net\/index.php\/wp-json\/wp\/v2\/types\/post"}],"author":[{"embeddable":true,"href":"https:\/\/memurunsesi.net\/index.php\/wp-json\/wp\/v2\/users\/1"}],"replies":[{"embeddable":true,"href":"https:\/\/memurunsesi.net\/index.php\/wp-json\/wp\/v2\/comments?post=10000"}],"version-history":[{"count":1,"href":"https:\/\/memurunsesi.net\/index.php\/wp-json\/wp\/v2\/posts\/10000\/revisions"}],"predecessor-version":[{"id":10002,"href":"https:\/\/memurunsesi.net\/index.php\/wp-json\/wp\/v2\/posts\/10000\/revisions\/10002"}],"wp:featuredmedia":[{"embeddable":true,"href":"https:\/\/memurunsesi.net\/index.php\/wp-json\/wp\/v2\/media\/10001"}],"wp:attachment":[{"href":"https:\/\/memurunsesi.net\/index.php\/wp-json\/wp\/v2\/media?parent=10000"}],"wp:term":[{"taxonomy":"category","embeddable":true,"href":"https:\/\/memurunsesi.net\/index.php\/wp-json\/wp\/v2\/categories?post=10000"},{"taxonomy":"post_tag","embeddable":true,"href":"https:\/\/memurunsesi.net\/index.php\/wp-json\/wp\/v2\/tags?post=10000"}],"curies":[{"name":"wp","href":"https:\/\/api.w.org\/{rel}","templated":true}]}}