{"id":10018,"date":"2025-08-04T16:26:44","date_gmt":"2025-08-04T13:26:44","guid":{"rendered":"https:\/\/memurunsesi.net\/?p=10018"},"modified":"2025-08-04T16:26:44","modified_gmt":"2025-08-04T13:26:44","slug":"siirtte-kisilere-karsi-islenen-suclarda-aydinlatma-orani-yuzde-9915e-ulasti","status":"publish","type":"post","link":"https:\/\/memurunsesi.net\/index.php\/2025\/08\/04\/siirtte-kisilere-karsi-islenen-suclarda-aydinlatma-orani-yuzde-9915e-ulasti\/","title":{"rendered":"Siirt&#8217;te ki\u015filere kar\u015f\u0131 i\u015flenen su\u00e7larda ayd\u0131nlatma oran\u0131 y\u00fczde 99,15&#8217;e ula\u015ft\u0131"},"content":{"rendered":"<p>   Siirt Valisi Dr. Kemal K\u0131z\u0131lkaya ba\u015fkanl\u0131\u011f\u0131nda yap\u0131lan &#8220;G\u00fcvenlik ve asayi\u015f de\u011ferlendirme toplant\u0131s\u0131&#8221;nda ki\u015filere kar\u015f\u0131 i\u015flenen su\u00e7larda ayd\u0131nlatma oran\u0131n\u0131n y\u00fczde 99.15&#8217;e ula\u015ft\u0131\u011f\u0131 a\u00e7\u0131kland\u0131. Toplant\u0131da, \u0130l Jandarma Komutanl\u0131\u011f\u0131, \u0130l Emniyet M\u00fcd\u00fcrl\u00fc\u011f\u00fc ve ilgili kurumlar\u0131n temmuz ay\u0131 boyunca y\u00fcr\u00fctt\u00fc\u011f\u00fc \u00e7al\u0131\u015fmalar kapsaml\u0131 \u015fekilde de\u011ferlendirildi.<br \/>\n  Vali Kemal K\u0131z\u0131lkaya, 2025 Temmuz ay\u0131nda Siirt genelinde ger\u00e7ekle\u015ftirilen asayi\u015f, ter\u00f6rle m\u00fccadele, uyu\u015fturucu, siber su\u00e7lar ve trafik denetimleriyle ilgili de\u011ferlendirmelerde bulundu. K\u0131z\u0131lkaya, y\u0131l\u0131n ayn\u0131 d\u00f6nemine k\u0131yasla asayi\u015f olaylar\u0131nda y\u00fczde 12 oran\u0131nda azalma kaydedildi\u011fine dikkat \u00e7ekerek, temmuz ay\u0131nda toplam 503 asayi\u015f olay\u0131 meydana geldi\u011fini ve bu olaylara kar\u0131\u015fan 396 ki\u015finin yakalan\u0131p adli makamlara teslim edildi\u011fini s\u00f6yledi.<br \/>\n  Su\u00e7lar\u0131n ayd\u0131nlatma oranlar\u0131na da de\u011finen K\u0131z\u0131lkaya, \u00f6zellikle \u00f6nemli su\u00e7larda y\u00fcksek ba\u015far\u0131 sa\u011fland\u0131\u011f\u0131n\u0131 ifade etti. Ki\u015filere kar\u015f\u0131 i\u015flenen 10 \u00f6nemli su\u00e7 t\u00fcr\u00fcnde 117 olay\u0131n 116&#8217;s\u0131n\u0131n ayd\u0131nlat\u0131ld\u0131\u011f\u0131n\u0131 ve y\u00fczde 99,15 oran\u0131nda ba\u015far\u0131 elde edildi\u011fini kaydeden K\u0131z\u0131lkaya, mal varl\u0131\u011f\u0131na kar\u015f\u0131 i\u015flenen su\u00e7larda ise 38 olaydan 28&#8217;inin ayd\u0131nlat\u0131ld\u0131\u011f\u0131n\u0131 ve y\u00fczde 73,70 oran\u0131nda ba\u015far\u0131 sa\u011fland\u0131\u011f\u0131n\u0131 aktard\u0131.<br \/>\n  Jandarma sorumluluk b\u00f6lgesinde gasp, kapka\u00e7, motosiklet h\u0131rs\u0131zl\u0131\u011f\u0131 ve oto h\u0131rs\u0131zl\u0131\u011f\u0131 gibi olaylar\u0131n hi\u00e7 ya\u015fanmad\u0131\u011f\u0131n\u0131 memnuniyetle dile getiren K\u0131z\u0131lkaya, operasyonlar neticesinde toplam 87 \u015fahs\u0131n yakaland\u0131\u011f\u0131n\u0131, bunlardan 18&#8217;inin 5 y\u0131la kadar hapis cezas\u0131yla arand\u0131\u011f\u0131n\u0131, 5&#8217;inin 5-10 y\u0131l aras\u0131, 2&#8217;sinin ise 10 y\u0131l \u00fczeri hapis cezas\u0131 bulundu\u011funu ve 62 ki\u015finin ifadeleri al\u0131nmak \u00fczere arand\u0131\u011f\u0131n\u0131 s\u00f6yledi. K\u0131z\u0131lkaya, konu\u015fmas\u0131n\u0131 \u015f\u00f6yle s\u00fcrd\u00fcrd\u00fc:<br \/>\n  &#8220;Ter\u00f6rle m\u00fccadele kapsam\u0131nda 5 operasyon ger\u00e7ekle\u015ftirildi. PKK\/KCK, FET\u00d6 ile DEA\u015e ter\u00f6r \u00f6rg\u00fctleriyle ba\u011flant\u0131l\u0131 toplam 14 ki\u015fi ile sosyal medya \u00fczerinden ter\u00f6r propagandas\u0131 yapan 1 ki\u015fi yakaland\u0131 ve adli i\u015flem ba\u015flat\u0131ld\u0131. Ayr\u0131ca, 104 hanede 281 ki\u015fiye bilgilendirme yap\u0131ld\u0131, 9 bin 746 ki\u015fi ve 2 bin 196 arac\u0131n sorguland\u0131. Uyu\u015fturucu ile m\u00fccadelede ise 55 operasyonda 58 \u015f\u00fcphelinin yakaland\u0131, operasyonlarda 7 kilo kubar esrar, 5 gram kokain, 3 gram eroin ve 201 k\u00f6k kenevir ele ge\u00e7irildi. Metruk binalarda 124 kontrol ger\u00e7ekle\u015ftirildi. Siber su\u00e7lar alan\u0131nda ise temmuz ay\u0131nda 210 olay\u0131n ya\u015fand\u0131 ve ter\u00f6r propagandas\u0131 yapt\u0131\u011f\u0131 belirlenen 32 ki\u015fi hakk\u0131nda adli i\u015flem yap\u0131ld\u0131. Ayr\u0131ca 258 yasa d\u0131\u015f\u0131 bahis ve m\u00fcstehcen i\u00e7erikli internet sitesi eri\u015fime kapat\u0131ld\u0131.&#8221;<br \/>\n  Uygulamalarda ise yol izin belgesi olmadan seyahat eden 5 d\u00fczensiz g\u00f6\u00e7menin yakaland\u0131\u011f\u0131n\u0131 ve \u0130l G\u00f6\u00e7 \u0130daresi&#8217;ne teslim edildi\u011fini, mobil g\u00f6\u00e7 noktas\u0131nda 2 bin 665 ki\u015finin kimlik kontrollerinin yap\u0131ld\u0131\u011f\u0131 bilgisini payla\u015fan K\u0131z\u0131lkaya, &#8220;Temmuz ay\u0131nda 31 bin 430 ara\u00e7 denetlendi. 26 s\u00fcr\u00fcc\u00fcn\u00fcn ehliyetine el konuldu, 149 ara\u00e7 trafikten men edildi. Ayr\u0131ca, 126 trafik kazas\u0131 meydana geldi. Bunlardan 72&#8217;si yaralanmal\u0131, 54&#8217;\u00fc maddi hasarl\u0131 oldu. Motosiklet kazalar\u0131n\u0131 \u00f6nlemek amac\u0131yla 4 bin 731 motosiklet denetlendi ve 32 motosiklet trafikten men edildi. Trafik g\u00fcvenli\u011fi e\u011fitimi kapsam\u0131nda ise 2 bin 640 ki\u015fiye e\u011fitim verildi&#8221; dedi.<br \/>\n  Toplant\u0131ya, \u0130l Emniyet M\u00fcd\u00fcr\u00fc Necmettin \u00d6zt\u00fcrk, \u0130l Jandarma Komutan\u0131 Tu\u011fgeneral U\u011fur \u00d6zmen kat\u0131ld\u0131. Vali K\u0131z\u0131lkaya, t\u00fcm bu \u00e7al\u0131\u015fmalar\u0131n g\u00fcvenlik ve asayi\u015fin sa\u011flanmas\u0131nda \u00f6nemli katk\u0131lar sa\u011flad\u0131\u011f\u0131n\u0131 ve halk\u0131n huzur ve g\u00fcven ortam\u0131n\u0131n korunmas\u0131na y\u00f6nelik kararl\u0131l\u0131kla devam edilece\u011fini s\u00f6zlerine ekledi. <\/p>\n<p>4.08.2025                             <\/p>\n","protected":false},"excerpt":{"rendered":"<p>Siirt Valisi Dr. Kemal K\u0131z\u0131lkaya ba\u015fkanl\u0131\u011f\u0131nda yap\u0131lan &#8220;G\u00fcvenlik ve asayi\u015f de\u011ferlendirme toplant\u0131s\u0131&#8221;nda ki\u015filere kar\u015f\u0131 i\u015flenen su\u00e7larda ayd\u0131nlatma oran\u0131n\u0131n y\u00fczde 99.15&#8217;e ula\u015ft\u0131\u011f\u0131 a\u00e7\u0131kland\u0131. Toplant\u0131da, \u0130l Jandarma Komutanl\u0131\u011f\u0131, \u0130l Emniyet M\u00fcd\u00fcrl\u00fc\u011f\u00fc ve ilgili kurumlar\u0131n temmuz ay\u0131 boyunca y\u00fcr\u00fctt\u00fc\u011f\u00fc \u00e7al\u0131\u015fmalar kapsaml\u0131 \u015fekilde de\u011ferlendirildi. Vali Kemal K\u0131z\u0131lkaya, 2025 Temmuz ay\u0131nda Siirt genelinde ger\u00e7ekle\u015ftirilen asayi\u015f, ter\u00f6rle m\u00fccadele, uyu\u015fturucu, siber su\u00e7lar [&hellip;]<\/p>\n","protected":false},"author":1,"featured_media":10019,"comment_status":"open","ping_status":"open","sticky":false,"template":"","format":"standard","meta":{"footnotes":""},"categories":[1],"tags":[],"class_list":["post-10018","post","type-post","status-publish","format-standard","has-post-thumbnail","hentry","category-genel"],"yoast_head":"<!-- This site is optimized with the Yoast SEO plugin v27.4 - https:\/\/yoast.com\/product\/yoast-seo-wordpress\/ -->\n<title>Siirt&#039;te ki\u015filere kar\u015f\u0131 i\u015flenen su\u00e7larda ayd\u0131nlatma oran\u0131 y\u00fczde 99,15&#039;e ula\u015ft\u0131 - Memurun Sesi<\/title>\n<meta name=\"robots\" content=\"index, follow, max-snippet:-1, max-image-preview:large, max-video-preview:-1\" \/>\n<link rel=\"canonical\" href=\"https:\/\/memurunsesi.net\/index.php\/2025\/08\/04\/siirtte-kisilere-karsi-islenen-suclarda-aydinlatma-orani-yuzde-9915e-ulasti\/\" \/>\n<meta property=\"og:locale\" content=\"tr_TR\" \/>\n<meta property=\"og:type\" content=\"article\" \/>\n<meta property=\"og:title\" content=\"Siirt&#039;te ki\u015filere kar\u015f\u0131 i\u015flenen su\u00e7larda ayd\u0131nlatma oran\u0131 y\u00fczde 99,15&#039;e ula\u015ft\u0131 - Memurun Sesi\" \/>\n<meta property=\"og:description\" content=\"Siirt Valisi Dr. Kemal K\u0131z\u0131lkaya ba\u015fkanl\u0131\u011f\u0131nda yap\u0131lan &#8220;G\u00fcvenlik ve asayi\u015f de\u011ferlendirme toplant\u0131s\u0131&#8221;nda ki\u015filere kar\u015f\u0131 i\u015flenen su\u00e7larda ayd\u0131nlatma oran\u0131n\u0131n y\u00fczde 99.15&#8217;e ula\u015ft\u0131\u011f\u0131 a\u00e7\u0131kland\u0131. Toplant\u0131da, \u0130l Jandarma Komutanl\u0131\u011f\u0131, \u0130l Emniyet M\u00fcd\u00fcrl\u00fc\u011f\u00fc ve ilgili kurumlar\u0131n temmuz ay\u0131 boyunca y\u00fcr\u00fctt\u00fc\u011f\u00fc \u00e7al\u0131\u015fmalar kapsaml\u0131 \u015fekilde de\u011ferlendirildi. Vali Kemal K\u0131z\u0131lkaya, 2025 Temmuz ay\u0131nda Siirt genelinde ger\u00e7ekle\u015ftirilen asayi\u015f, ter\u00f6rle m\u00fccadele, uyu\u015fturucu, siber su\u00e7lar [&hellip;]\" \/>\n<meta property=\"og:url\" content=\"https:\/\/memurunsesi.net\/index.php\/2025\/08\/04\/siirtte-kisilere-karsi-islenen-suclarda-aydinlatma-orani-yuzde-9915e-ulasti\/\" \/>\n<meta property=\"og:site_name\" content=\"Memurun Sesi\" \/>\n<meta property=\"article:publisher\" content=\"https:\/\/www.facebook.com\/unipersen\/?locale=tr_TR\" \/>\n<meta property=\"article:published_time\" content=\"2025-08-04T13:26:44+00:00\" \/>\n<meta property=\"og:image\" content=\"https:\/\/memurunsesi.net\/wp-content\/uploads\/2025\/08\/AW510797_01.jpg\" \/>\n\t<meta property=\"og:image:width\" content=\"1600\" \/>\n\t<meta property=\"og:image:height\" content=\"1068\" \/>\n\t<meta property=\"og:image:type\" content=\"image\/jpeg\" \/>\n<meta name=\"author\" content=\"Memurun Sesi Haber Merkezi\" \/>\n<meta name=\"twitter:card\" content=\"summary_large_image\" \/>\n<meta name=\"twitter:creator\" content=\"@unipersen\" \/>\n<meta name=\"twitter:site\" content=\"@unipersen\" \/>\n<meta name=\"twitter:label1\" content=\"Yazan:\" \/>\n\t<meta name=\"twitter:data1\" content=\"Memurun Sesi Haber Merkezi\" \/>\n\t<meta name=\"twitter:label2\" content=\"Tahmini okuma s\u00fcresi\" \/>\n\t<meta name=\"twitter:data2\" content=\"1 dakika\" \/>\n<script type=\"application\/ld+json\" class=\"yoast-schema-graph\">{\"@context\":\"https:\\\/\\\/schema.org\",\"@graph\":[{\"@type\":\"Article\",\"@id\":\"https:\\\/\\\/memurunsesi.net\\\/index.php\\\/2025\\\/08\\\/04\\\/siirtte-kisilere-karsi-islenen-suclarda-aydinlatma-orani-yuzde-9915e-ulasti\\\/#article\",\"isPartOf\":{\"@id\":\"https:\\\/\\\/memurunsesi.net\\\/index.php\\\/2025\\\/08\\\/04\\\/siirtte-kisilere-karsi-islenen-suclarda-aydinlatma-orani-yuzde-9915e-ulasti\\\/\"},\"author\":{\"name\":\"Memurun Sesi Haber Merkezi\",\"@id\":\"https:\\\/\\\/memurunsesi.net\\\/#\\\/schema\\\/person\\\/f21c2d73b89f6ee1d80b0a1803e38587\"},\"headline\":\"Siirt&#8217;te ki\u015filere kar\u015f\u0131 i\u015flenen su\u00e7larda ayd\u0131nlatma oran\u0131 y\u00fczde 99,15&#8217;e ula\u015ft\u0131\",\"datePublished\":\"2025-08-04T13:26:44+00:00\",\"mainEntityOfPage\":{\"@id\":\"https:\\\/\\\/memurunsesi.net\\\/index.php\\\/2025\\\/08\\\/04\\\/siirtte-kisilere-karsi-islenen-suclarda-aydinlatma-orani-yuzde-9915e-ulasti\\\/\"},\"wordCount\":625,\"commentCount\":0,\"publisher\":{\"@id\":\"https:\\\/\\\/memurunsesi.net\\\/#organization\"},\"image\":{\"@id\":\"https:\\\/\\\/memurunsesi.net\\\/index.php\\\/2025\\\/08\\\/04\\\/siirtte-kisilere-karsi-islenen-suclarda-aydinlatma-orani-yuzde-9915e-ulasti\\\/#primaryimage\"},\"thumbnailUrl\":\"https:\\\/\\\/memurunsesi.net\\\/wp-content\\\/uploads\\\/2025\\\/08\\\/AW510797_01.jpg\",\"inLanguage\":\"tr\",\"potentialAction\":[{\"@type\":\"CommentAction\",\"name\":\"Comment\",\"target\":[\"https:\\\/\\\/memurunsesi.net\\\/index.php\\\/2025\\\/08\\\/04\\\/siirtte-kisilere-karsi-islenen-suclarda-aydinlatma-orani-yuzde-9915e-ulasti\\\/#respond\"]}]},{\"@type\":\"WebPage\",\"@id\":\"https:\\\/\\\/memurunsesi.net\\\/index.php\\\/2025\\\/08\\\/04\\\/siirtte-kisilere-karsi-islenen-suclarda-aydinlatma-orani-yuzde-9915e-ulasti\\\/\",\"url\":\"https:\\\/\\\/memurunsesi.net\\\/index.php\\\/2025\\\/08\\\/04\\\/siirtte-kisilere-karsi-islenen-suclarda-aydinlatma-orani-yuzde-9915e-ulasti\\\/\",\"name\":\"Siirt'te ki\u015filere kar\u015f\u0131 i\u015flenen su\u00e7larda ayd\u0131nlatma oran\u0131 y\u00fczde 99,15'e ula\u015ft\u0131 - Memurun Sesi\",\"isPartOf\":{\"@id\":\"https:\\\/\\\/memurunsesi.net\\\/#website\"},\"primaryImageOfPage\":{\"@id\":\"https:\\\/\\\/memurunsesi.net\\\/index.php\\\/2025\\\/08\\\/04\\\/siirtte-kisilere-karsi-islenen-suclarda-aydinlatma-orani-yuzde-9915e-ulasti\\\/#primaryimage\"},\"image\":{\"@id\":\"https:\\\/\\\/memurunsesi.net\\\/index.php\\\/2025\\\/08\\\/04\\\/siirtte-kisilere-karsi-islenen-suclarda-aydinlatma-orani-yuzde-9915e-ulasti\\\/#primaryimage\"},\"thumbnailUrl\":\"https:\\\/\\\/memurunsesi.net\\\/wp-content\\\/uploads\\\/2025\\\/08\\\/AW510797_01.jpg\",\"datePublished\":\"2025-08-04T13:26:44+00:00\",\"breadcrumb\":{\"@id\":\"https:\\\/\\\/memurunsesi.net\\\/index.php\\\/2025\\\/08\\\/04\\\/siirtte-kisilere-karsi-islenen-suclarda-aydinlatma-orani-yuzde-9915e-ulasti\\\/#breadcrumb\"},\"inLanguage\":\"tr\",\"potentialAction\":[{\"@type\":\"ReadAction\",\"target\":[\"https:\\\/\\\/memurunsesi.net\\\/index.php\\\/2025\\\/08\\\/04\\\/siirtte-kisilere-karsi-islenen-suclarda-aydinlatma-orani-yuzde-9915e-ulasti\\\/\"]}]},{\"@type\":\"ImageObject\",\"inLanguage\":\"tr\",\"@id\":\"https:\\\/\\\/memurunsesi.net\\\/index.php\\\/2025\\\/08\\\/04\\\/siirtte-kisilere-karsi-islenen-suclarda-aydinlatma-orani-yuzde-9915e-ulasti\\\/#primaryimage\",\"url\":\"https:\\\/\\\/memurunsesi.net\\\/wp-content\\\/uploads\\\/2025\\\/08\\\/AW510797_01.jpg\",\"contentUrl\":\"https:\\\/\\\/memurunsesi.net\\\/wp-content\\\/uploads\\\/2025\\\/08\\\/AW510797_01.jpg\",\"width\":1600,\"height\":1068,\"caption\":\"S\u0130\u0130RT VAL\u0130S\u0130 DR. KEMAL KIZILKAYA BA\u015eKANLI\u011eINDA YAPILAN \\\"G\u00dcVENL\u0130K VE ASAY\u0130\u015e DE\u011eERLEND\u0130RME TOPLANTISI\\\"NDA K\u0130\u015e\u0130LERE KAR\u015eI \u0130\u015eLENEN SU\u00c7LARDA AYDINLATMA ORANININ Y\u00dcZDE 99.15'E ULA\u015eTI\u011eI A\u00c7IKLANDI. (S\u00dcLEYMAN TAYFUR KILI\u00c7VURAN\\\/S\u0130\u0130RT-\u0130HA) Siirt Valisi Dr. Kemal K\u0131z\u0131lkaya ba\u015fkanl\u0131\u011f\u0131nda yap\u0131lan \\\"G\u00fcvenlik ve asayi\u015f de\u011ferlendirme toplant\u0131s\u0131\\\"nda ki\u015filere kar\u015f\u0131 i\u015flenen su\u00e7larda ayd\u0131nlatma oran\u0131n\u0131n y\u00fczde 99.15'e ula\u015ft\u0131\u011f\u0131 a\u00e7\u0131kland\u0131. Toplant\u0131da, \u0130l Jandarma Komutanl\u0131\u011f\u0131, \u0130l Emniyet M\u00fcd\u00fcrl\u00fc\u011f\u00fc ve ilgili kurumlar\u0131n temmuz ay\u0131 boyunca y\u00fcr\u00fctt\u00fc\u011f\u00fc \u00e7al\u0131\u015fmalar kapsaml\u0131 \u015fekilde de\u011ferlendirildi.\"},{\"@type\":\"BreadcrumbList\",\"@id\":\"https:\\\/\\\/memurunsesi.net\\\/index.php\\\/2025\\\/08\\\/04\\\/siirtte-kisilere-karsi-islenen-suclarda-aydinlatma-orani-yuzde-9915e-ulasti\\\/#breadcrumb\",\"itemListElement\":[{\"@type\":\"ListItem\",\"position\":1,\"name\":\"Anasayfa\",\"item\":\"https:\\\/\\\/memurunsesi.net\\\/\"},{\"@type\":\"ListItem\",\"position\":2,\"name\":\"Siirt&#8217;te ki\u015filere kar\u015f\u0131 i\u015flenen su\u00e7larda ayd\u0131nlatma oran\u0131 y\u00fczde 99,15&#8217;e ula\u015ft\u0131\"}]},{\"@type\":\"WebSite\",\"@id\":\"https:\\\/\\\/memurunsesi.net\\\/#website\",\"url\":\"https:\\\/\\\/memurunsesi.net\\\/\",\"name\":\"Memurun Sesi\",\"description\":\"G\u00fcncel ve Do\u011fru Haber\",\"publisher\":{\"@id\":\"https:\\\/\\\/memurunsesi.net\\\/#organization\"},\"potentialAction\":[{\"@type\":\"SearchAction\",\"target\":{\"@type\":\"EntryPoint\",\"urlTemplate\":\"https:\\\/\\\/memurunsesi.net\\\/?s={search_term_string}\"},\"query-input\":{\"@type\":\"PropertyValueSpecification\",\"valueRequired\":true,\"valueName\":\"search_term_string\"}}],\"inLanguage\":\"tr\"},{\"@type\":\"Organization\",\"@id\":\"https:\\\/\\\/memurunsesi.net\\\/#organization\",\"name\":\"Memurun Sesi\",\"url\":\"https:\\\/\\\/memurunsesi.net\\\/\",\"logo\":{\"@type\":\"ImageObject\",\"inLanguage\":\"tr\",\"@id\":\"https:\\\/\\\/memurunsesi.net\\\/#\\\/schema\\\/logo\\\/image\\\/\",\"url\":\"https:\\\/\\\/memurunsesi.net\\\/wp-content\\\/uploads\\\/2025\\\/11\\\/cropped-MEMURUN-SESI.png\",\"contentUrl\":\"https:\\\/\\\/memurunsesi.net\\\/wp-content\\\/uploads\\\/2025\\\/11\\\/cropped-MEMURUN-SESI.png\",\"width\":238,\"height\":57,\"caption\":\"Memurun Sesi\"},\"image\":{\"@id\":\"https:\\\/\\\/memurunsesi.net\\\/#\\\/schema\\\/logo\\\/image\\\/\"},\"sameAs\":[\"https:\\\/\\\/www.facebook.com\\\/unipersen\\\/?locale=tr_TR\",\"https:\\\/\\\/x.com\\\/unipersen\"]},{\"@type\":\"Person\",\"@id\":\"https:\\\/\\\/memurunsesi.net\\\/#\\\/schema\\\/person\\\/f21c2d73b89f6ee1d80b0a1803e38587\",\"name\":\"Memurun Sesi Haber Merkezi\",\"image\":{\"@type\":\"ImageObject\",\"inLanguage\":\"tr\",\"@id\":\"https:\\\/\\\/secure.gravatar.com\\\/avatar\\\/6cf0505f452ee753f485014986fab09a434671d2b919ee76fc541025c5876a70?s=96&d=mm&r=g\",\"url\":\"https:\\\/\\\/secure.gravatar.com\\\/avatar\\\/6cf0505f452ee753f485014986fab09a434671d2b919ee76fc541025c5876a70?s=96&d=mm&r=g\",\"contentUrl\":\"https:\\\/\\\/secure.gravatar.com\\\/avatar\\\/6cf0505f452ee753f485014986fab09a434671d2b919ee76fc541025c5876a70?s=96&d=mm&r=g\",\"caption\":\"Memurun Sesi Haber Merkezi\"},\"sameAs\":[\"https:\\\/\\\/memurunsesi.net\"],\"url\":\"https:\\\/\\\/memurunsesi.net\\\/index.php\\\/author\\\/uniper\\\/\"}]}<\/script>\n<!-- \/ Yoast SEO plugin. -->","yoast_head_json":{"title":"Siirt'te ki\u015filere kar\u015f\u0131 i\u015flenen su\u00e7larda ayd\u0131nlatma oran\u0131 y\u00fczde 99,15'e ula\u015ft\u0131 - Memurun Sesi","robots":{"index":"index","follow":"follow","max-snippet":"max-snippet:-1","max-image-preview":"max-image-preview:large","max-video-preview":"max-video-preview:-1"},"canonical":"https:\/\/memurunsesi.net\/index.php\/2025\/08\/04\/siirtte-kisilere-karsi-islenen-suclarda-aydinlatma-orani-yuzde-9915e-ulasti\/","og_locale":"tr_TR","og_type":"article","og_title":"Siirt'te ki\u015filere kar\u015f\u0131 i\u015flenen su\u00e7larda ayd\u0131nlatma oran\u0131 y\u00fczde 99,15'e ula\u015ft\u0131 - Memurun Sesi","og_description":"Siirt Valisi Dr. Kemal K\u0131z\u0131lkaya ba\u015fkanl\u0131\u011f\u0131nda yap\u0131lan &#8220;G\u00fcvenlik ve asayi\u015f de\u011ferlendirme toplant\u0131s\u0131&#8221;nda ki\u015filere kar\u015f\u0131 i\u015flenen su\u00e7larda ayd\u0131nlatma oran\u0131n\u0131n y\u00fczde 99.15&#8217;e ula\u015ft\u0131\u011f\u0131 a\u00e7\u0131kland\u0131. Toplant\u0131da, \u0130l Jandarma Komutanl\u0131\u011f\u0131, \u0130l Emniyet M\u00fcd\u00fcrl\u00fc\u011f\u00fc ve ilgili kurumlar\u0131n temmuz ay\u0131 boyunca y\u00fcr\u00fctt\u00fc\u011f\u00fc \u00e7al\u0131\u015fmalar kapsaml\u0131 \u015fekilde de\u011ferlendirildi. Vali Kemal K\u0131z\u0131lkaya, 2025 Temmuz ay\u0131nda Siirt genelinde ger\u00e7ekle\u015ftirilen asayi\u015f, ter\u00f6rle m\u00fccadele, uyu\u015fturucu, siber su\u00e7lar [&hellip;]","og_url":"https:\/\/memurunsesi.net\/index.php\/2025\/08\/04\/siirtte-kisilere-karsi-islenen-suclarda-aydinlatma-orani-yuzde-9915e-ulasti\/","og_site_name":"Memurun Sesi","article_publisher":"https:\/\/www.facebook.com\/unipersen\/?locale=tr_TR","article_published_time":"2025-08-04T13:26:44+00:00","og_image":[{"width":1600,"height":1068,"url":"https:\/\/memurunsesi.net\/wp-content\/uploads\/2025\/08\/AW510797_01.jpg","type":"image\/jpeg"}],"author":"Memurun Sesi Haber Merkezi","twitter_card":"summary_large_image","twitter_creator":"@unipersen","twitter_site":"@unipersen","twitter_misc":{"Yazan:":"Memurun Sesi Haber Merkezi","Tahmini okuma s\u00fcresi":"1 dakika"},"schema":{"@context":"https:\/\/schema.org","@graph":[{"@type":"Article","@id":"https:\/\/memurunsesi.net\/index.php\/2025\/08\/04\/siirtte-kisilere-karsi-islenen-suclarda-aydinlatma-orani-yuzde-9915e-ulasti\/#article","isPartOf":{"@id":"https:\/\/memurunsesi.net\/index.php\/2025\/08\/04\/siirtte-kisilere-karsi-islenen-suclarda-aydinlatma-orani-yuzde-9915e-ulasti\/"},"author":{"name":"Memurun Sesi Haber Merkezi","@id":"https:\/\/memurunsesi.net\/#\/schema\/person\/f21c2d73b89f6ee1d80b0a1803e38587"},"headline":"Siirt&#8217;te ki\u015filere kar\u015f\u0131 i\u015flenen su\u00e7larda ayd\u0131nlatma oran\u0131 y\u00fczde 99,15&#8217;e ula\u015ft\u0131","datePublished":"2025-08-04T13:26:44+00:00","mainEntityOfPage":{"@id":"https:\/\/memurunsesi.net\/index.php\/2025\/08\/04\/siirtte-kisilere-karsi-islenen-suclarda-aydinlatma-orani-yuzde-9915e-ulasti\/"},"wordCount":625,"commentCount":0,"publisher":{"@id":"https:\/\/memurunsesi.net\/#organization"},"image":{"@id":"https:\/\/memurunsesi.net\/index.php\/2025\/08\/04\/siirtte-kisilere-karsi-islenen-suclarda-aydinlatma-orani-yuzde-9915e-ulasti\/#primaryimage"},"thumbnailUrl":"https:\/\/memurunsesi.net\/wp-content\/uploads\/2025\/08\/AW510797_01.jpg","inLanguage":"tr","potentialAction":[{"@type":"CommentAction","name":"Comment","target":["https:\/\/memurunsesi.net\/index.php\/2025\/08\/04\/siirtte-kisilere-karsi-islenen-suclarda-aydinlatma-orani-yuzde-9915e-ulasti\/#respond"]}]},{"@type":"WebPage","@id":"https:\/\/memurunsesi.net\/index.php\/2025\/08\/04\/siirtte-kisilere-karsi-islenen-suclarda-aydinlatma-orani-yuzde-9915e-ulasti\/","url":"https:\/\/memurunsesi.net\/index.php\/2025\/08\/04\/siirtte-kisilere-karsi-islenen-suclarda-aydinlatma-orani-yuzde-9915e-ulasti\/","name":"Siirt'te ki\u015filere kar\u015f\u0131 i\u015flenen su\u00e7larda ayd\u0131nlatma oran\u0131 y\u00fczde 99,15'e ula\u015ft\u0131 - Memurun Sesi","isPartOf":{"@id":"https:\/\/memurunsesi.net\/#website"},"primaryImageOfPage":{"@id":"https:\/\/memurunsesi.net\/index.php\/2025\/08\/04\/siirtte-kisilere-karsi-islenen-suclarda-aydinlatma-orani-yuzde-9915e-ulasti\/#primaryimage"},"image":{"@id":"https:\/\/memurunsesi.net\/index.php\/2025\/08\/04\/siirtte-kisilere-karsi-islenen-suclarda-aydinlatma-orani-yuzde-9915e-ulasti\/#primaryimage"},"thumbnailUrl":"https:\/\/memurunsesi.net\/wp-content\/uploads\/2025\/08\/AW510797_01.jpg","datePublished":"2025-08-04T13:26:44+00:00","breadcrumb":{"@id":"https:\/\/memurunsesi.net\/index.php\/2025\/08\/04\/siirtte-kisilere-karsi-islenen-suclarda-aydinlatma-orani-yuzde-9915e-ulasti\/#breadcrumb"},"inLanguage":"tr","potentialAction":[{"@type":"ReadAction","target":["https:\/\/memurunsesi.net\/index.php\/2025\/08\/04\/siirtte-kisilere-karsi-islenen-suclarda-aydinlatma-orani-yuzde-9915e-ulasti\/"]}]},{"@type":"ImageObject","inLanguage":"tr","@id":"https:\/\/memurunsesi.net\/index.php\/2025\/08\/04\/siirtte-kisilere-karsi-islenen-suclarda-aydinlatma-orani-yuzde-9915e-ulasti\/#primaryimage","url":"https:\/\/memurunsesi.net\/wp-content\/uploads\/2025\/08\/AW510797_01.jpg","contentUrl":"https:\/\/memurunsesi.net\/wp-content\/uploads\/2025\/08\/AW510797_01.jpg","width":1600,"height":1068,"caption":"S\u0130\u0130RT VAL\u0130S\u0130 DR. KEMAL KIZILKAYA BA\u015eKANLI\u011eINDA YAPILAN \"G\u00dcVENL\u0130K VE ASAY\u0130\u015e DE\u011eERLEND\u0130RME TOPLANTISI\"NDA K\u0130\u015e\u0130LERE KAR\u015eI \u0130\u015eLENEN SU\u00c7LARDA AYDINLATMA ORANININ Y\u00dcZDE 99.15'E ULA\u015eTI\u011eI A\u00c7IKLANDI. (S\u00dcLEYMAN TAYFUR KILI\u00c7VURAN\/S\u0130\u0130RT-\u0130HA) Siirt Valisi Dr. Kemal K\u0131z\u0131lkaya ba\u015fkanl\u0131\u011f\u0131nda yap\u0131lan \"G\u00fcvenlik ve asayi\u015f de\u011ferlendirme toplant\u0131s\u0131\"nda ki\u015filere kar\u015f\u0131 i\u015flenen su\u00e7larda ayd\u0131nlatma oran\u0131n\u0131n y\u00fczde 99.15'e ula\u015ft\u0131\u011f\u0131 a\u00e7\u0131kland\u0131. Toplant\u0131da, \u0130l Jandarma Komutanl\u0131\u011f\u0131, \u0130l Emniyet M\u00fcd\u00fcrl\u00fc\u011f\u00fc ve ilgili kurumlar\u0131n temmuz ay\u0131 boyunca y\u00fcr\u00fctt\u00fc\u011f\u00fc \u00e7al\u0131\u015fmalar kapsaml\u0131 \u015fekilde de\u011ferlendirildi."},{"@type":"BreadcrumbList","@id":"https:\/\/memurunsesi.net\/index.php\/2025\/08\/04\/siirtte-kisilere-karsi-islenen-suclarda-aydinlatma-orani-yuzde-9915e-ulasti\/#breadcrumb","itemListElement":[{"@type":"ListItem","position":1,"name":"Anasayfa","item":"https:\/\/memurunsesi.net\/"},{"@type":"ListItem","position":2,"name":"Siirt&#8217;te ki\u015filere kar\u015f\u0131 i\u015flenen su\u00e7larda ayd\u0131nlatma oran\u0131 y\u00fczde 99,15&#8217;e ula\u015ft\u0131"}]},{"@type":"WebSite","@id":"https:\/\/memurunsesi.net\/#website","url":"https:\/\/memurunsesi.net\/","name":"Memurun Sesi","description":"G\u00fcncel ve Do\u011fru Haber","publisher":{"@id":"https:\/\/memurunsesi.net\/#organization"},"potentialAction":[{"@type":"SearchAction","target":{"@type":"EntryPoint","urlTemplate":"https:\/\/memurunsesi.net\/?s={search_term_string}"},"query-input":{"@type":"PropertyValueSpecification","valueRequired":true,"valueName":"search_term_string"}}],"inLanguage":"tr"},{"@type":"Organization","@id":"https:\/\/memurunsesi.net\/#organization","name":"Memurun Sesi","url":"https:\/\/memurunsesi.net\/","logo":{"@type":"ImageObject","inLanguage":"tr","@id":"https:\/\/memurunsesi.net\/#\/schema\/logo\/image\/","url":"https:\/\/memurunsesi.net\/wp-content\/uploads\/2025\/11\/cropped-MEMURUN-SESI.png","contentUrl":"https:\/\/memurunsesi.net\/wp-content\/uploads\/2025\/11\/cropped-MEMURUN-SESI.png","width":238,"height":57,"caption":"Memurun Sesi"},"image":{"@id":"https:\/\/memurunsesi.net\/#\/schema\/logo\/image\/"},"sameAs":["https:\/\/www.facebook.com\/unipersen\/?locale=tr_TR","https:\/\/x.com\/unipersen"]},{"@type":"Person","@id":"https:\/\/memurunsesi.net\/#\/schema\/person\/f21c2d73b89f6ee1d80b0a1803e38587","name":"Memurun Sesi Haber Merkezi","image":{"@type":"ImageObject","inLanguage":"tr","@id":"https:\/\/secure.gravatar.com\/avatar\/6cf0505f452ee753f485014986fab09a434671d2b919ee76fc541025c5876a70?s=96&d=mm&r=g","url":"https:\/\/secure.gravatar.com\/avatar\/6cf0505f452ee753f485014986fab09a434671d2b919ee76fc541025c5876a70?s=96&d=mm&r=g","contentUrl":"https:\/\/secure.gravatar.com\/avatar\/6cf0505f452ee753f485014986fab09a434671d2b919ee76fc541025c5876a70?s=96&d=mm&r=g","caption":"Memurun Sesi Haber Merkezi"},"sameAs":["https:\/\/memurunsesi.net"],"url":"https:\/\/memurunsesi.net\/index.php\/author\/uniper\/"}]}},"_links":{"self":[{"href":"https:\/\/memurunsesi.net\/index.php\/wp-json\/wp\/v2\/posts\/10018","targetHints":{"allow":["GET"]}}],"collection":[{"href":"https:\/\/memurunsesi.net\/index.php\/wp-json\/wp\/v2\/posts"}],"about":[{"href":"https:\/\/memurunsesi.net\/index.php\/wp-json\/wp\/v2\/types\/post"}],"author":[{"embeddable":true,"href":"https:\/\/memurunsesi.net\/index.php\/wp-json\/wp\/v2\/users\/1"}],"replies":[{"embeddable":true,"href":"https:\/\/memurunsesi.net\/index.php\/wp-json\/wp\/v2\/comments?post=10018"}],"version-history":[{"count":1,"href":"https:\/\/memurunsesi.net\/index.php\/wp-json\/wp\/v2\/posts\/10018\/revisions"}],"predecessor-version":[{"id":10020,"href":"https:\/\/memurunsesi.net\/index.php\/wp-json\/wp\/v2\/posts\/10018\/revisions\/10020"}],"wp:featuredmedia":[{"embeddable":true,"href":"https:\/\/memurunsesi.net\/index.php\/wp-json\/wp\/v2\/media\/10019"}],"wp:attachment":[{"href":"https:\/\/memurunsesi.net\/index.php\/wp-json\/wp\/v2\/media?parent=10018"}],"wp:term":[{"taxonomy":"category","embeddable":true,"href":"https:\/\/memurunsesi.net\/index.php\/wp-json\/wp\/v2\/categories?post=10018"},{"taxonomy":"post_tag","embeddable":true,"href":"https:\/\/memurunsesi.net\/index.php\/wp-json\/wp\/v2\/tags?post=10018"}],"curies":[{"name":"wp","href":"https:\/\/api.w.org\/{rel}","templated":true}]}}