{"id":10098,"date":"2025-08-07T09:46:12","date_gmt":"2025-08-07T06:46:12","guid":{"rendered":"https:\/\/memurunsesi.net\/?p=10098"},"modified":"2025-08-07T09:46:12","modified_gmt":"2025-08-07T06:46:12","slug":"balikcilarin-gozu-bu-sezon-hamside","status":"publish","type":"post","link":"https:\/\/memurunsesi.net\/index.php\/2025\/08\/07\/balikcilarin-gozu-bu-sezon-hamside\/","title":{"rendered":"Bal\u0131k\u00e7\u0131lar\u0131n g\u00f6z\u00fc bu sezon hamside"},"content":{"rendered":"<p>  &#8211; \u00c7ingene palamudunun hen\u00fcz tezg\u00e2hlarda g\u00f6r\u00fclmemesi palamut i\u00e7in endi\u015feleri art\u0131r\u0131rken, hamsi i\u00e7in umutlar\u0131 artt\u0131rd\u0131  <\/p>\n<p>   Karadeniz&#8217;de bal\u0131k sezonunun ba\u015flamas\u0131na bir aydan az bir s\u00fcre kalmas\u0131na ra\u011fmen genelde Temmuz aylar\u0131nda tezgahlarda yerini alan \u00e7ingene palamudu hen\u00fcz g\u00f6r\u00fclmemesi bal\u0131k\u00e7\u0131lar\u0131 endi\u015felendirdi.<br \/>\n  Bal\u0131k\u00e7\u0131lar, bu y\u0131l palamut a\u00e7\u0131s\u0131ndan umutlu olmad\u0131klar\u0131n\u0131 ancak hamsinin bol olaca\u011f\u0131n\u0131n i\u015faretlerini ald\u0131klar\u0131n\u0131 belirtirken, ge\u00e7en sene bol olan palamudun yerini bu sezon hamsiye b\u0131rakaca\u011f\u0131n\u0131 d\u00fc\u015f\u00fcn\u00fcyorlar.<br \/>\n  Bal\u0131k\u00e7\u0131lardan Kadir P\u0131nar, palamudun bu sezon tezg\u00e2hlarda yerini alamayaca\u011f\u0131n\u0131 tahmin ettiklerini belirterek &#8220;Palamut hen\u00fcz tezg\u00e2hlara inmedi. Bu sezon palamut olaca\u011f\u0131n\u0131 d\u00fc\u015f\u00fcnm\u00fcyoruz, hamsi ise bol olacak gibi g\u00f6r\u00fcn\u00fcyor. Ge\u00e7en sene palamut olduk\u00e7a fazlayd\u0131 ancak bu y\u0131l pek umutlu de\u011filiz. Zaten hamsinin bol oldu\u011fu y\u0131llarda palamut az olur; palamudun bol oldu\u011fu y\u0131llarda ise hamsi pek olmaz. Bu y\u0131l tersi olacak gibi duruyor; hamsi bol olacak. \u00c7ingene palamudu ise normalde bu zamanlarda tezg\u00e2hlarda olurdu ama hen\u00fcz g\u00f6r\u00fcnmedi&#8221; dedi.<br \/>\n  Bal\u0131k\u00e7\u0131lardan Ahmet \u00c7o\u011falm\u0131\u015f ise bu sezon hamsinin bol olaca\u011f\u0131 y\u00f6n\u00fcnde i\u015faretlerin umut verici oldu\u011funu kaydederek &#8220;\u00c7ingene palamudu ge\u00e7en y\u0131l yedinci aylarda \u00e7\u0131kmaya ba\u015flam\u0131\u015ft\u0131 ancak bu y\u0131l hen\u00fcz hi\u00e7 g\u00f6r\u00fclmedi. Bu sezon olmayacak gibi duruyor. \u015eu an gelen mezgitlerin i\u00e7inden hamsi yavrular\u0131 \u00e7\u0131k\u0131yor, bu da hamsinin bu sezon bol olaca\u011f\u0131na i\u015faret. Palamut a\u00e7\u0131s\u0131ndan ge\u00e7en y\u0131l son y\u0131llar\u0131n en iyi sezonunu ya\u015fad\u0131k diyebilirim. Neredeyse d\u00f6rt ay boyunca s\u00fcrekli palamut satt\u0131k. Bu y\u0131l da umutluyduk ama \u015fu ana kadar hi\u00e7bir belirti yok. \u015eu anda daha \u00e7ok k\u00fclt\u00fcr bal\u0131klar\u0131 ve mezgit sat\u0131yoruz&#8221; \u015feklinde konu\u015ftu. <\/p>\n<p>7.08.2025                                <\/p>\n","protected":false},"excerpt":{"rendered":"<p>&#8211; \u00c7ingene palamudunun hen\u00fcz tezg\u00e2hlarda g\u00f6r\u00fclmemesi palamut i\u00e7in endi\u015feleri art\u0131r\u0131rken, hamsi i\u00e7in umutlar\u0131 artt\u0131rd\u0131 Karadeniz&#8217;de bal\u0131k sezonunun ba\u015flamas\u0131na bir aydan az bir s\u00fcre kalmas\u0131na ra\u011fmen genelde Temmuz aylar\u0131nda tezgahlarda yerini alan \u00e7ingene palamudu hen\u00fcz g\u00f6r\u00fclmemesi bal\u0131k\u00e7\u0131lar\u0131 endi\u015felendirdi. Bal\u0131k\u00e7\u0131lar, bu y\u0131l palamut a\u00e7\u0131s\u0131ndan umutlu olmad\u0131klar\u0131n\u0131 ancak hamsinin bol olaca\u011f\u0131n\u0131n i\u015faretlerini ald\u0131klar\u0131n\u0131 belirtirken, ge\u00e7en sene bol olan [&hellip;]<\/p>\n","protected":false},"author":1,"featured_media":10099,"comment_status":"open","ping_status":"open","sticky":false,"template":"","format":"standard","meta":{"footnotes":""},"categories":[1],"tags":[],"class_list":["post-10098","post","type-post","status-publish","format-standard","has-post-thumbnail","hentry","category-genel"],"yoast_head":"<!-- This site is optimized with the Yoast SEO plugin v27.4 - https:\/\/yoast.com\/product\/yoast-seo-wordpress\/ -->\n<title>Bal\u0131k\u00e7\u0131lar\u0131n g\u00f6z\u00fc bu sezon hamside - Memurun Sesi<\/title>\n<meta name=\"robots\" content=\"index, follow, max-snippet:-1, max-image-preview:large, max-video-preview:-1\" \/>\n<link rel=\"canonical\" href=\"https:\/\/memurunsesi.net\/index.php\/2025\/08\/07\/balikcilarin-gozu-bu-sezon-hamside\/\" \/>\n<meta property=\"og:locale\" content=\"tr_TR\" \/>\n<meta property=\"og:type\" content=\"article\" \/>\n<meta property=\"og:title\" content=\"Bal\u0131k\u00e7\u0131lar\u0131n g\u00f6z\u00fc bu sezon hamside - Memurun Sesi\" \/>\n<meta property=\"og:description\" content=\"&#8211; \u00c7ingene palamudunun hen\u00fcz tezg\u00e2hlarda g\u00f6r\u00fclmemesi palamut i\u00e7in endi\u015feleri art\u0131r\u0131rken, hamsi i\u00e7in umutlar\u0131 artt\u0131rd\u0131 Karadeniz&#8217;de bal\u0131k sezonunun ba\u015flamas\u0131na bir aydan az bir s\u00fcre kalmas\u0131na ra\u011fmen genelde Temmuz aylar\u0131nda tezgahlarda yerini alan \u00e7ingene palamudu hen\u00fcz g\u00f6r\u00fclmemesi bal\u0131k\u00e7\u0131lar\u0131 endi\u015felendirdi. Bal\u0131k\u00e7\u0131lar, bu y\u0131l palamut a\u00e7\u0131s\u0131ndan umutlu olmad\u0131klar\u0131n\u0131 ancak hamsinin bol olaca\u011f\u0131n\u0131n i\u015faretlerini ald\u0131klar\u0131n\u0131 belirtirken, ge\u00e7en sene bol olan [&hellip;]\" \/>\n<meta property=\"og:url\" content=\"https:\/\/memurunsesi.net\/index.php\/2025\/08\/07\/balikcilarin-gozu-bu-sezon-hamside\/\" \/>\n<meta property=\"og:site_name\" content=\"Memurun Sesi\" \/>\n<meta property=\"article:publisher\" content=\"https:\/\/www.facebook.com\/unipersen\/?locale=tr_TR\" \/>\n<meta property=\"article:published_time\" content=\"2025-08-07T06:46:12+00:00\" \/>\n<meta property=\"og:image\" content=\"https:\/\/memurunsesi.net\/wp-content\/uploads\/2025\/08\/AW512457_01-scaled.jpg\" \/>\n\t<meta property=\"og:image:width\" content=\"2560\" \/>\n\t<meta property=\"og:image:height\" content=\"1440\" \/>\n\t<meta property=\"og:image:type\" content=\"image\/jpeg\" \/>\n<meta name=\"author\" content=\"Memurun Sesi Haber Merkezi\" \/>\n<meta name=\"twitter:card\" content=\"summary_large_image\" \/>\n<meta name=\"twitter:creator\" content=\"@unipersen\" \/>\n<meta name=\"twitter:site\" content=\"@unipersen\" \/>\n<meta name=\"twitter:label1\" content=\"Yazan:\" \/>\n\t<meta name=\"twitter:data1\" content=\"Memurun Sesi Haber Merkezi\" \/>\n\t<meta name=\"twitter:label2\" content=\"Tahmini okuma s\u00fcresi\" \/>\n\t<meta name=\"twitter:data2\" content=\"1 dakika\" \/>\n<script type=\"application\/ld+json\" class=\"yoast-schema-graph\">{\"@context\":\"https:\\\/\\\/schema.org\",\"@graph\":[{\"@type\":\"Article\",\"@id\":\"https:\\\/\\\/memurunsesi.net\\\/index.php\\\/2025\\\/08\\\/07\\\/balikcilarin-gozu-bu-sezon-hamside\\\/#article\",\"isPartOf\":{\"@id\":\"https:\\\/\\\/memurunsesi.net\\\/index.php\\\/2025\\\/08\\\/07\\\/balikcilarin-gozu-bu-sezon-hamside\\\/\"},\"author\":{\"name\":\"Memurun Sesi Haber Merkezi\",\"@id\":\"https:\\\/\\\/memurunsesi.net\\\/#\\\/schema\\\/person\\\/f21c2d73b89f6ee1d80b0a1803e38587\"},\"headline\":\"Bal\u0131k\u00e7\u0131lar\u0131n g\u00f6z\u00fc bu sezon hamside\",\"datePublished\":\"2025-08-07T06:46:12+00:00\",\"mainEntityOfPage\":{\"@id\":\"https:\\\/\\\/memurunsesi.net\\\/index.php\\\/2025\\\/08\\\/07\\\/balikcilarin-gozu-bu-sezon-hamside\\\/\"},\"wordCount\":340,\"commentCount\":0,\"publisher\":{\"@id\":\"https:\\\/\\\/memurunsesi.net\\\/#organization\"},\"image\":{\"@id\":\"https:\\\/\\\/memurunsesi.net\\\/index.php\\\/2025\\\/08\\\/07\\\/balikcilarin-gozu-bu-sezon-hamside\\\/#primaryimage\"},\"thumbnailUrl\":\"https:\\\/\\\/memurunsesi.net\\\/wp-content\\\/uploads\\\/2025\\\/08\\\/AW512457_01-scaled.jpg\",\"inLanguage\":\"tr\",\"potentialAction\":[{\"@type\":\"CommentAction\",\"name\":\"Comment\",\"target\":[\"https:\\\/\\\/memurunsesi.net\\\/index.php\\\/2025\\\/08\\\/07\\\/balikcilarin-gozu-bu-sezon-hamside\\\/#respond\"]}]},{\"@type\":\"WebPage\",\"@id\":\"https:\\\/\\\/memurunsesi.net\\\/index.php\\\/2025\\\/08\\\/07\\\/balikcilarin-gozu-bu-sezon-hamside\\\/\",\"url\":\"https:\\\/\\\/memurunsesi.net\\\/index.php\\\/2025\\\/08\\\/07\\\/balikcilarin-gozu-bu-sezon-hamside\\\/\",\"name\":\"Bal\u0131k\u00e7\u0131lar\u0131n g\u00f6z\u00fc bu sezon hamside - Memurun Sesi\",\"isPartOf\":{\"@id\":\"https:\\\/\\\/memurunsesi.net\\\/#website\"},\"primaryImageOfPage\":{\"@id\":\"https:\\\/\\\/memurunsesi.net\\\/index.php\\\/2025\\\/08\\\/07\\\/balikcilarin-gozu-bu-sezon-hamside\\\/#primaryimage\"},\"image\":{\"@id\":\"https:\\\/\\\/memurunsesi.net\\\/index.php\\\/2025\\\/08\\\/07\\\/balikcilarin-gozu-bu-sezon-hamside\\\/#primaryimage\"},\"thumbnailUrl\":\"https:\\\/\\\/memurunsesi.net\\\/wp-content\\\/uploads\\\/2025\\\/08\\\/AW512457_01-scaled.jpg\",\"datePublished\":\"2025-08-07T06:46:12+00:00\",\"breadcrumb\":{\"@id\":\"https:\\\/\\\/memurunsesi.net\\\/index.php\\\/2025\\\/08\\\/07\\\/balikcilarin-gozu-bu-sezon-hamside\\\/#breadcrumb\"},\"inLanguage\":\"tr\",\"potentialAction\":[{\"@type\":\"ReadAction\",\"target\":[\"https:\\\/\\\/memurunsesi.net\\\/index.php\\\/2025\\\/08\\\/07\\\/balikcilarin-gozu-bu-sezon-hamside\\\/\"]}]},{\"@type\":\"ImageObject\",\"inLanguage\":\"tr\",\"@id\":\"https:\\\/\\\/memurunsesi.net\\\/index.php\\\/2025\\\/08\\\/07\\\/balikcilarin-gozu-bu-sezon-hamside\\\/#primaryimage\",\"url\":\"https:\\\/\\\/memurunsesi.net\\\/wp-content\\\/uploads\\\/2025\\\/08\\\/AW512457_01-scaled.jpg\",\"contentUrl\":\"https:\\\/\\\/memurunsesi.net\\\/wp-content\\\/uploads\\\/2025\\\/08\\\/AW512457_01-scaled.jpg\",\"width\":2560,\"height\":1440,\"caption\":\"GENELDE TEMMUZ AYLARINDA TEZGAHLARDA YER\u0130N\u0130 ALAN \u00c7\u0130NGENE PALAMUDU HEN\u00dcZ G\u00d6R\u00dcLMED\u0130. (BEK\u0130R KOCA\\\/TRABZON-\u0130HA) Karadeniz'de bal\u0131k sezonunun ba\u015flamas\u0131na bir aydan az bir s\u00fcre kalmas\u0131na ra\u011fmen genelde Temmuz aylar\u0131nda tezgahlarda yerini alan \u00e7ingene palamudu hen\u00fcz g\u00f6r\u00fclmemesi bal\u0131k\u00e7\u0131lar\u0131 endi\u015felendirdi.\"},{\"@type\":\"BreadcrumbList\",\"@id\":\"https:\\\/\\\/memurunsesi.net\\\/index.php\\\/2025\\\/08\\\/07\\\/balikcilarin-gozu-bu-sezon-hamside\\\/#breadcrumb\",\"itemListElement\":[{\"@type\":\"ListItem\",\"position\":1,\"name\":\"Anasayfa\",\"item\":\"https:\\\/\\\/memurunsesi.net\\\/\"},{\"@type\":\"ListItem\",\"position\":2,\"name\":\"Bal\u0131k\u00e7\u0131lar\u0131n g\u00f6z\u00fc bu sezon hamside\"}]},{\"@type\":\"WebSite\",\"@id\":\"https:\\\/\\\/memurunsesi.net\\\/#website\",\"url\":\"https:\\\/\\\/memurunsesi.net\\\/\",\"name\":\"Memurun Sesi\",\"description\":\"G\u00fcncel ve Do\u011fru Haber\",\"publisher\":{\"@id\":\"https:\\\/\\\/memurunsesi.net\\\/#organization\"},\"potentialAction\":[{\"@type\":\"SearchAction\",\"target\":{\"@type\":\"EntryPoint\",\"urlTemplate\":\"https:\\\/\\\/memurunsesi.net\\\/?s={search_term_string}\"},\"query-input\":{\"@type\":\"PropertyValueSpecification\",\"valueRequired\":true,\"valueName\":\"search_term_string\"}}],\"inLanguage\":\"tr\"},{\"@type\":\"Organization\",\"@id\":\"https:\\\/\\\/memurunsesi.net\\\/#organization\",\"name\":\"Memurun Sesi\",\"url\":\"https:\\\/\\\/memurunsesi.net\\\/\",\"logo\":{\"@type\":\"ImageObject\",\"inLanguage\":\"tr\",\"@id\":\"https:\\\/\\\/memurunsesi.net\\\/#\\\/schema\\\/logo\\\/image\\\/\",\"url\":\"https:\\\/\\\/memurunsesi.net\\\/wp-content\\\/uploads\\\/2025\\\/11\\\/cropped-MEMURUN-SESI.png\",\"contentUrl\":\"https:\\\/\\\/memurunsesi.net\\\/wp-content\\\/uploads\\\/2025\\\/11\\\/cropped-MEMURUN-SESI.png\",\"width\":238,\"height\":57,\"caption\":\"Memurun Sesi\"},\"image\":{\"@id\":\"https:\\\/\\\/memurunsesi.net\\\/#\\\/schema\\\/logo\\\/image\\\/\"},\"sameAs\":[\"https:\\\/\\\/www.facebook.com\\\/unipersen\\\/?locale=tr_TR\",\"https:\\\/\\\/x.com\\\/unipersen\"]},{\"@type\":\"Person\",\"@id\":\"https:\\\/\\\/memurunsesi.net\\\/#\\\/schema\\\/person\\\/f21c2d73b89f6ee1d80b0a1803e38587\",\"name\":\"Memurun Sesi Haber Merkezi\",\"image\":{\"@type\":\"ImageObject\",\"inLanguage\":\"tr\",\"@id\":\"https:\\\/\\\/secure.gravatar.com\\\/avatar\\\/6cf0505f452ee753f485014986fab09a434671d2b919ee76fc541025c5876a70?s=96&d=mm&r=g\",\"url\":\"https:\\\/\\\/secure.gravatar.com\\\/avatar\\\/6cf0505f452ee753f485014986fab09a434671d2b919ee76fc541025c5876a70?s=96&d=mm&r=g\",\"contentUrl\":\"https:\\\/\\\/secure.gravatar.com\\\/avatar\\\/6cf0505f452ee753f485014986fab09a434671d2b919ee76fc541025c5876a70?s=96&d=mm&r=g\",\"caption\":\"Memurun Sesi Haber Merkezi\"},\"sameAs\":[\"https:\\\/\\\/memurunsesi.net\"],\"url\":\"https:\\\/\\\/memurunsesi.net\\\/index.php\\\/author\\\/uniper\\\/\"}]}<\/script>\n<!-- \/ Yoast SEO plugin. -->","yoast_head_json":{"title":"Bal\u0131k\u00e7\u0131lar\u0131n g\u00f6z\u00fc bu sezon hamside - Memurun Sesi","robots":{"index":"index","follow":"follow","max-snippet":"max-snippet:-1","max-image-preview":"max-image-preview:large","max-video-preview":"max-video-preview:-1"},"canonical":"https:\/\/memurunsesi.net\/index.php\/2025\/08\/07\/balikcilarin-gozu-bu-sezon-hamside\/","og_locale":"tr_TR","og_type":"article","og_title":"Bal\u0131k\u00e7\u0131lar\u0131n g\u00f6z\u00fc bu sezon hamside - Memurun Sesi","og_description":"&#8211; \u00c7ingene palamudunun hen\u00fcz tezg\u00e2hlarda g\u00f6r\u00fclmemesi palamut i\u00e7in endi\u015feleri art\u0131r\u0131rken, hamsi i\u00e7in umutlar\u0131 artt\u0131rd\u0131 Karadeniz&#8217;de bal\u0131k sezonunun ba\u015flamas\u0131na bir aydan az bir s\u00fcre kalmas\u0131na ra\u011fmen genelde Temmuz aylar\u0131nda tezgahlarda yerini alan \u00e7ingene palamudu hen\u00fcz g\u00f6r\u00fclmemesi bal\u0131k\u00e7\u0131lar\u0131 endi\u015felendirdi. Bal\u0131k\u00e7\u0131lar, bu y\u0131l palamut a\u00e7\u0131s\u0131ndan umutlu olmad\u0131klar\u0131n\u0131 ancak hamsinin bol olaca\u011f\u0131n\u0131n i\u015faretlerini ald\u0131klar\u0131n\u0131 belirtirken, ge\u00e7en sene bol olan [&hellip;]","og_url":"https:\/\/memurunsesi.net\/index.php\/2025\/08\/07\/balikcilarin-gozu-bu-sezon-hamside\/","og_site_name":"Memurun Sesi","article_publisher":"https:\/\/www.facebook.com\/unipersen\/?locale=tr_TR","article_published_time":"2025-08-07T06:46:12+00:00","og_image":[{"width":2560,"height":1440,"url":"https:\/\/memurunsesi.net\/wp-content\/uploads\/2025\/08\/AW512457_01-scaled.jpg","type":"image\/jpeg"}],"author":"Memurun Sesi Haber Merkezi","twitter_card":"summary_large_image","twitter_creator":"@unipersen","twitter_site":"@unipersen","twitter_misc":{"Yazan:":"Memurun Sesi Haber Merkezi","Tahmini okuma s\u00fcresi":"1 dakika"},"schema":{"@context":"https:\/\/schema.org","@graph":[{"@type":"Article","@id":"https:\/\/memurunsesi.net\/index.php\/2025\/08\/07\/balikcilarin-gozu-bu-sezon-hamside\/#article","isPartOf":{"@id":"https:\/\/memurunsesi.net\/index.php\/2025\/08\/07\/balikcilarin-gozu-bu-sezon-hamside\/"},"author":{"name":"Memurun Sesi Haber Merkezi","@id":"https:\/\/memurunsesi.net\/#\/schema\/person\/f21c2d73b89f6ee1d80b0a1803e38587"},"headline":"Bal\u0131k\u00e7\u0131lar\u0131n g\u00f6z\u00fc bu sezon hamside","datePublished":"2025-08-07T06:46:12+00:00","mainEntityOfPage":{"@id":"https:\/\/memurunsesi.net\/index.php\/2025\/08\/07\/balikcilarin-gozu-bu-sezon-hamside\/"},"wordCount":340,"commentCount":0,"publisher":{"@id":"https:\/\/memurunsesi.net\/#organization"},"image":{"@id":"https:\/\/memurunsesi.net\/index.php\/2025\/08\/07\/balikcilarin-gozu-bu-sezon-hamside\/#primaryimage"},"thumbnailUrl":"https:\/\/memurunsesi.net\/wp-content\/uploads\/2025\/08\/AW512457_01-scaled.jpg","inLanguage":"tr","potentialAction":[{"@type":"CommentAction","name":"Comment","target":["https:\/\/memurunsesi.net\/index.php\/2025\/08\/07\/balikcilarin-gozu-bu-sezon-hamside\/#respond"]}]},{"@type":"WebPage","@id":"https:\/\/memurunsesi.net\/index.php\/2025\/08\/07\/balikcilarin-gozu-bu-sezon-hamside\/","url":"https:\/\/memurunsesi.net\/index.php\/2025\/08\/07\/balikcilarin-gozu-bu-sezon-hamside\/","name":"Bal\u0131k\u00e7\u0131lar\u0131n g\u00f6z\u00fc bu sezon hamside - Memurun Sesi","isPartOf":{"@id":"https:\/\/memurunsesi.net\/#website"},"primaryImageOfPage":{"@id":"https:\/\/memurunsesi.net\/index.php\/2025\/08\/07\/balikcilarin-gozu-bu-sezon-hamside\/#primaryimage"},"image":{"@id":"https:\/\/memurunsesi.net\/index.php\/2025\/08\/07\/balikcilarin-gozu-bu-sezon-hamside\/#primaryimage"},"thumbnailUrl":"https:\/\/memurunsesi.net\/wp-content\/uploads\/2025\/08\/AW512457_01-scaled.jpg","datePublished":"2025-08-07T06:46:12+00:00","breadcrumb":{"@id":"https:\/\/memurunsesi.net\/index.php\/2025\/08\/07\/balikcilarin-gozu-bu-sezon-hamside\/#breadcrumb"},"inLanguage":"tr","potentialAction":[{"@type":"ReadAction","target":["https:\/\/memurunsesi.net\/index.php\/2025\/08\/07\/balikcilarin-gozu-bu-sezon-hamside\/"]}]},{"@type":"ImageObject","inLanguage":"tr","@id":"https:\/\/memurunsesi.net\/index.php\/2025\/08\/07\/balikcilarin-gozu-bu-sezon-hamside\/#primaryimage","url":"https:\/\/memurunsesi.net\/wp-content\/uploads\/2025\/08\/AW512457_01-scaled.jpg","contentUrl":"https:\/\/memurunsesi.net\/wp-content\/uploads\/2025\/08\/AW512457_01-scaled.jpg","width":2560,"height":1440,"caption":"GENELDE TEMMUZ AYLARINDA TEZGAHLARDA YER\u0130N\u0130 ALAN \u00c7\u0130NGENE PALAMUDU HEN\u00dcZ G\u00d6R\u00dcLMED\u0130. (BEK\u0130R KOCA\/TRABZON-\u0130HA) Karadeniz'de bal\u0131k sezonunun ba\u015flamas\u0131na bir aydan az bir s\u00fcre kalmas\u0131na ra\u011fmen genelde Temmuz aylar\u0131nda tezgahlarda yerini alan \u00e7ingene palamudu hen\u00fcz g\u00f6r\u00fclmemesi bal\u0131k\u00e7\u0131lar\u0131 endi\u015felendirdi."},{"@type":"BreadcrumbList","@id":"https:\/\/memurunsesi.net\/index.php\/2025\/08\/07\/balikcilarin-gozu-bu-sezon-hamside\/#breadcrumb","itemListElement":[{"@type":"ListItem","position":1,"name":"Anasayfa","item":"https:\/\/memurunsesi.net\/"},{"@type":"ListItem","position":2,"name":"Bal\u0131k\u00e7\u0131lar\u0131n g\u00f6z\u00fc bu sezon hamside"}]},{"@type":"WebSite","@id":"https:\/\/memurunsesi.net\/#website","url":"https:\/\/memurunsesi.net\/","name":"Memurun Sesi","description":"G\u00fcncel ve Do\u011fru Haber","publisher":{"@id":"https:\/\/memurunsesi.net\/#organization"},"potentialAction":[{"@type":"SearchAction","target":{"@type":"EntryPoint","urlTemplate":"https:\/\/memurunsesi.net\/?s={search_term_string}"},"query-input":{"@type":"PropertyValueSpecification","valueRequired":true,"valueName":"search_term_string"}}],"inLanguage":"tr"},{"@type":"Organization","@id":"https:\/\/memurunsesi.net\/#organization","name":"Memurun Sesi","url":"https:\/\/memurunsesi.net\/","logo":{"@type":"ImageObject","inLanguage":"tr","@id":"https:\/\/memurunsesi.net\/#\/schema\/logo\/image\/","url":"https:\/\/memurunsesi.net\/wp-content\/uploads\/2025\/11\/cropped-MEMURUN-SESI.png","contentUrl":"https:\/\/memurunsesi.net\/wp-content\/uploads\/2025\/11\/cropped-MEMURUN-SESI.png","width":238,"height":57,"caption":"Memurun Sesi"},"image":{"@id":"https:\/\/memurunsesi.net\/#\/schema\/logo\/image\/"},"sameAs":["https:\/\/www.facebook.com\/unipersen\/?locale=tr_TR","https:\/\/x.com\/unipersen"]},{"@type":"Person","@id":"https:\/\/memurunsesi.net\/#\/schema\/person\/f21c2d73b89f6ee1d80b0a1803e38587","name":"Memurun Sesi Haber Merkezi","image":{"@type":"ImageObject","inLanguage":"tr","@id":"https:\/\/secure.gravatar.com\/avatar\/6cf0505f452ee753f485014986fab09a434671d2b919ee76fc541025c5876a70?s=96&d=mm&r=g","url":"https:\/\/secure.gravatar.com\/avatar\/6cf0505f452ee753f485014986fab09a434671d2b919ee76fc541025c5876a70?s=96&d=mm&r=g","contentUrl":"https:\/\/secure.gravatar.com\/avatar\/6cf0505f452ee753f485014986fab09a434671d2b919ee76fc541025c5876a70?s=96&d=mm&r=g","caption":"Memurun Sesi Haber Merkezi"},"sameAs":["https:\/\/memurunsesi.net"],"url":"https:\/\/memurunsesi.net\/index.php\/author\/uniper\/"}]}},"_links":{"self":[{"href":"https:\/\/memurunsesi.net\/index.php\/wp-json\/wp\/v2\/posts\/10098","targetHints":{"allow":["GET"]}}],"collection":[{"href":"https:\/\/memurunsesi.net\/index.php\/wp-json\/wp\/v2\/posts"}],"about":[{"href":"https:\/\/memurunsesi.net\/index.php\/wp-json\/wp\/v2\/types\/post"}],"author":[{"embeddable":true,"href":"https:\/\/memurunsesi.net\/index.php\/wp-json\/wp\/v2\/users\/1"}],"replies":[{"embeddable":true,"href":"https:\/\/memurunsesi.net\/index.php\/wp-json\/wp\/v2\/comments?post=10098"}],"version-history":[{"count":1,"href":"https:\/\/memurunsesi.net\/index.php\/wp-json\/wp\/v2\/posts\/10098\/revisions"}],"predecessor-version":[{"id":10100,"href":"https:\/\/memurunsesi.net\/index.php\/wp-json\/wp\/v2\/posts\/10098\/revisions\/10100"}],"wp:featuredmedia":[{"embeddable":true,"href":"https:\/\/memurunsesi.net\/index.php\/wp-json\/wp\/v2\/media\/10099"}],"wp:attachment":[{"href":"https:\/\/memurunsesi.net\/index.php\/wp-json\/wp\/v2\/media?parent=10098"}],"wp:term":[{"taxonomy":"category","embeddable":true,"href":"https:\/\/memurunsesi.net\/index.php\/wp-json\/wp\/v2\/categories?post=10098"},{"taxonomy":"post_tag","embeddable":true,"href":"https:\/\/memurunsesi.net\/index.php\/wp-json\/wp\/v2\/tags?post=10098"}],"curies":[{"name":"wp","href":"https:\/\/api.w.org\/{rel}","templated":true}]}}