{"id":10101,"date":"2025-08-07T09:47:05","date_gmt":"2025-08-07T06:47:05","guid":{"rendered":"https:\/\/memurunsesi.net\/?p=10101"},"modified":"2025-08-07T09:47:05","modified_gmt":"2025-08-07T06:47:05","slug":"yusufelinde-sicak-havadan-bunalan-gencler-ayi-hamaminda-serinliyor","status":"publish","type":"post","link":"https:\/\/memurunsesi.net\/index.php\/2025\/08\/07\/yusufelinde-sicak-havadan-bunalan-gencler-ayi-hamaminda-serinliyor\/","title":{"rendered":"Yusufeli&#8217;nde s\u0131cak havadan bunalan gen\u00e7ler &#8216;Ay\u0131 Hamam\u0131&#8217;nda serinliyor"},"content":{"rendered":"<p>  Artvin\u2019in Yusufeli il\u00e7esinde bulunan do\u011fal g\u00f6let, hem do\u011faseverleri hem de serinlemek isteyenleri a\u011f\u0131rl\u0131yor.<br \/>\nArtvin\u2019in Yusufeli il\u00e7esine ba\u011fl\u0131 Sar\u0131g\u00f6l k\u00f6y\u00fcnde, vatanda\u015flar taraf\u0131ndan &#8216;Ay\u0131 Hamam\u0131&#8217; olarak adland\u0131r\u0131lan do\u011fal g\u00f6let, s\u0131cak havalarda serinlemek isteyenlerin u\u011frak noktas\u0131 oldu.<br \/>\n  Y\u00f6re halk\u0131n\u0131n &#8216;Ay\u0131 Hamam\u0131&#8217; ismini verdi\u011fi do\u011fal g\u00f6let, derenin olu\u015fturdu\u011fu k\u00fc\u00e7\u00fck \u015felaleler ve ta\u015f havuzlardan olu\u015fuyor. B\u00f6lgede daha \u00f6nce ay\u0131lar\u0131n suya girip y\u00fczd\u00fc\u011f\u00fcn\u00fc g\u00f6ren vatanda\u015flar, bu do\u011fal olu\u015fuma dikkat \u00e7eken bir isim verdi.<br \/>\n  Yaz mevsiminin en s\u0131cak g\u00fcnlerinde serinlemek isteyen gen\u00e7ler, Ay\u0131 Hamam\u0131\u2019na gelerek hem do\u011fan\u0131n tad\u0131n\u0131 \u00e7\u0131kard\u0131 hem de doyas\u0131ya e\u011flendi. G\u00f6lete gelen gen\u00e7lerden Yi\u011fit Y\u0131ld\u0131r\u0131m, Yusufeli\u2019nin do\u011fal g\u00fczelliklerinden biri olan bu b\u00f6lgenin \u00f6zellikle yaz aylar\u0131nda s\u0131k\u00e7a ziyaret edildi\u011fini belirtti. Y\u0131ld\u0131r\u0131m, &#8220;Yaz\u0131n bu s\u0131cak g\u00fcnlerinde Yusufeli\u2019nin bilindik lokasyonlar\u0131ndan olan Ay\u0131 Hamam\u0131\u2019na geldik. Serinliyoruz, her \u015fey \u00e7ok g\u00fczel&#8221; dedi. <\/p>\n<p>7.08.2025                                 <\/p>\n","protected":false},"excerpt":{"rendered":"<p>Artvin\u2019in Yusufeli il\u00e7esinde bulunan do\u011fal g\u00f6let, hem do\u011faseverleri hem de serinlemek isteyenleri a\u011f\u0131rl\u0131yor. Artvin\u2019in Yusufeli il\u00e7esine ba\u011fl\u0131 Sar\u0131g\u00f6l k\u00f6y\u00fcnde, vatanda\u015flar taraf\u0131ndan &#8216;Ay\u0131 Hamam\u0131&#8217; olarak adland\u0131r\u0131lan do\u011fal g\u00f6let, s\u0131cak havalarda serinlemek isteyenlerin u\u011frak noktas\u0131 oldu. Y\u00f6re halk\u0131n\u0131n &#8216;Ay\u0131 Hamam\u0131&#8217; ismini verdi\u011fi do\u011fal g\u00f6let, derenin olu\u015fturdu\u011fu k\u00fc\u00e7\u00fck \u015felaleler ve ta\u015f havuzlardan olu\u015fuyor. B\u00f6lgede daha \u00f6nce ay\u0131lar\u0131n suya [&hellip;]<\/p>\n","protected":false},"author":1,"featured_media":10102,"comment_status":"open","ping_status":"open","sticky":false,"template":"","format":"standard","meta":{"footnotes":""},"categories":[1],"tags":[],"class_list":["post-10101","post","type-post","status-publish","format-standard","has-post-thumbnail","hentry","category-genel"],"yoast_head":"<!-- This site is optimized with the Yoast SEO plugin v27.4 - https:\/\/yoast.com\/product\/yoast-seo-wordpress\/ -->\n<title>Yusufeli&#039;nde s\u0131cak havadan bunalan gen\u00e7ler &#039;Ay\u0131 Hamam\u0131&#039;nda serinliyor - Memurun Sesi<\/title>\n<meta name=\"robots\" content=\"index, follow, max-snippet:-1, max-image-preview:large, max-video-preview:-1\" \/>\n<link rel=\"canonical\" href=\"https:\/\/memurunsesi.net\/index.php\/2025\/08\/07\/yusufelinde-sicak-havadan-bunalan-gencler-ayi-hamaminda-serinliyor\/\" \/>\n<meta property=\"og:locale\" content=\"tr_TR\" \/>\n<meta property=\"og:type\" content=\"article\" \/>\n<meta property=\"og:title\" content=\"Yusufeli&#039;nde s\u0131cak havadan bunalan gen\u00e7ler &#039;Ay\u0131 Hamam\u0131&#039;nda serinliyor - Memurun Sesi\" \/>\n<meta property=\"og:description\" content=\"Artvin\u2019in Yusufeli il\u00e7esinde bulunan do\u011fal g\u00f6let, hem do\u011faseverleri hem de serinlemek isteyenleri a\u011f\u0131rl\u0131yor. Artvin\u2019in Yusufeli il\u00e7esine ba\u011fl\u0131 Sar\u0131g\u00f6l k\u00f6y\u00fcnde, vatanda\u015flar taraf\u0131ndan &#8216;Ay\u0131 Hamam\u0131&#8217; olarak adland\u0131r\u0131lan do\u011fal g\u00f6let, s\u0131cak havalarda serinlemek isteyenlerin u\u011frak noktas\u0131 oldu. Y\u00f6re halk\u0131n\u0131n &#8216;Ay\u0131 Hamam\u0131&#8217; ismini verdi\u011fi do\u011fal g\u00f6let, derenin olu\u015fturdu\u011fu k\u00fc\u00e7\u00fck \u015felaleler ve ta\u015f havuzlardan olu\u015fuyor. B\u00f6lgede daha \u00f6nce ay\u0131lar\u0131n suya [&hellip;]\" \/>\n<meta property=\"og:url\" content=\"https:\/\/memurunsesi.net\/index.php\/2025\/08\/07\/yusufelinde-sicak-havadan-bunalan-gencler-ayi-hamaminda-serinliyor\/\" \/>\n<meta property=\"og:site_name\" content=\"Memurun Sesi\" \/>\n<meta property=\"article:publisher\" content=\"https:\/\/www.facebook.com\/unipersen\/?locale=tr_TR\" \/>\n<meta property=\"article:published_time\" content=\"2025-08-07T06:47:05+00:00\" \/>\n<meta property=\"og:image\" content=\"https:\/\/memurunsesi.net\/wp-content\/uploads\/2025\/08\/AW512461_01.jpg\" \/>\n\t<meta property=\"og:image:width\" content=\"1034\" \/>\n\t<meta property=\"og:image:height\" content=\"565\" \/>\n\t<meta property=\"og:image:type\" content=\"image\/jpeg\" \/>\n<meta name=\"author\" content=\"Memurun Sesi Haber Merkezi\" \/>\n<meta name=\"twitter:card\" content=\"summary_large_image\" \/>\n<meta name=\"twitter:creator\" content=\"@unipersen\" \/>\n<meta name=\"twitter:site\" content=\"@unipersen\" \/>\n<meta name=\"twitter:label1\" content=\"Yazan:\" \/>\n\t<meta name=\"twitter:data1\" content=\"Memurun Sesi Haber Merkezi\" \/>\n\t<meta name=\"twitter:label2\" content=\"Tahmini okuma s\u00fcresi\" \/>\n\t<meta name=\"twitter:data2\" content=\"1 dakika\" \/>\n<script type=\"application\/ld+json\" class=\"yoast-schema-graph\">{\"@context\":\"https:\\\/\\\/schema.org\",\"@graph\":[{\"@type\":\"Article\",\"@id\":\"https:\\\/\\\/memurunsesi.net\\\/index.php\\\/2025\\\/08\\\/07\\\/yusufelinde-sicak-havadan-bunalan-gencler-ayi-hamaminda-serinliyor\\\/#article\",\"isPartOf\":{\"@id\":\"https:\\\/\\\/memurunsesi.net\\\/index.php\\\/2025\\\/08\\\/07\\\/yusufelinde-sicak-havadan-bunalan-gencler-ayi-hamaminda-serinliyor\\\/\"},\"author\":{\"name\":\"Memurun Sesi Haber Merkezi\",\"@id\":\"https:\\\/\\\/memurunsesi.net\\\/#\\\/schema\\\/person\\\/f21c2d73b89f6ee1d80b0a1803e38587\"},\"headline\":\"Yusufeli&#8217;nde s\u0131cak havadan bunalan gen\u00e7ler &#8216;Ay\u0131 Hamam\u0131&#8217;nda serinliyor\",\"datePublished\":\"2025-08-07T06:47:05+00:00\",\"mainEntityOfPage\":{\"@id\":\"https:\\\/\\\/memurunsesi.net\\\/index.php\\\/2025\\\/08\\\/07\\\/yusufelinde-sicak-havadan-bunalan-gencler-ayi-hamaminda-serinliyor\\\/\"},\"wordCount\":209,\"commentCount\":0,\"publisher\":{\"@id\":\"https:\\\/\\\/memurunsesi.net\\\/#organization\"},\"image\":{\"@id\":\"https:\\\/\\\/memurunsesi.net\\\/index.php\\\/2025\\\/08\\\/07\\\/yusufelinde-sicak-havadan-bunalan-gencler-ayi-hamaminda-serinliyor\\\/#primaryimage\"},\"thumbnailUrl\":\"https:\\\/\\\/memurunsesi.net\\\/wp-content\\\/uploads\\\/2025\\\/08\\\/AW512461_01.jpg\",\"inLanguage\":\"tr\",\"potentialAction\":[{\"@type\":\"CommentAction\",\"name\":\"Comment\",\"target\":[\"https:\\\/\\\/memurunsesi.net\\\/index.php\\\/2025\\\/08\\\/07\\\/yusufelinde-sicak-havadan-bunalan-gencler-ayi-hamaminda-serinliyor\\\/#respond\"]}]},{\"@type\":\"WebPage\",\"@id\":\"https:\\\/\\\/memurunsesi.net\\\/index.php\\\/2025\\\/08\\\/07\\\/yusufelinde-sicak-havadan-bunalan-gencler-ayi-hamaminda-serinliyor\\\/\",\"url\":\"https:\\\/\\\/memurunsesi.net\\\/index.php\\\/2025\\\/08\\\/07\\\/yusufelinde-sicak-havadan-bunalan-gencler-ayi-hamaminda-serinliyor\\\/\",\"name\":\"Yusufeli'nde s\u0131cak havadan bunalan gen\u00e7ler 'Ay\u0131 Hamam\u0131'nda serinliyor - Memurun Sesi\",\"isPartOf\":{\"@id\":\"https:\\\/\\\/memurunsesi.net\\\/#website\"},\"primaryImageOfPage\":{\"@id\":\"https:\\\/\\\/memurunsesi.net\\\/index.php\\\/2025\\\/08\\\/07\\\/yusufelinde-sicak-havadan-bunalan-gencler-ayi-hamaminda-serinliyor\\\/#primaryimage\"},\"image\":{\"@id\":\"https:\\\/\\\/memurunsesi.net\\\/index.php\\\/2025\\\/08\\\/07\\\/yusufelinde-sicak-havadan-bunalan-gencler-ayi-hamaminda-serinliyor\\\/#primaryimage\"},\"thumbnailUrl\":\"https:\\\/\\\/memurunsesi.net\\\/wp-content\\\/uploads\\\/2025\\\/08\\\/AW512461_01.jpg\",\"datePublished\":\"2025-08-07T06:47:05+00:00\",\"breadcrumb\":{\"@id\":\"https:\\\/\\\/memurunsesi.net\\\/index.php\\\/2025\\\/08\\\/07\\\/yusufelinde-sicak-havadan-bunalan-gencler-ayi-hamaminda-serinliyor\\\/#breadcrumb\"},\"inLanguage\":\"tr\",\"potentialAction\":[{\"@type\":\"ReadAction\",\"target\":[\"https:\\\/\\\/memurunsesi.net\\\/index.php\\\/2025\\\/08\\\/07\\\/yusufelinde-sicak-havadan-bunalan-gencler-ayi-hamaminda-serinliyor\\\/\"]}]},{\"@type\":\"ImageObject\",\"inLanguage\":\"tr\",\"@id\":\"https:\\\/\\\/memurunsesi.net\\\/index.php\\\/2025\\\/08\\\/07\\\/yusufelinde-sicak-havadan-bunalan-gencler-ayi-hamaminda-serinliyor\\\/#primaryimage\",\"url\":\"https:\\\/\\\/memurunsesi.net\\\/wp-content\\\/uploads\\\/2025\\\/08\\\/AW512461_01.jpg\",\"contentUrl\":\"https:\\\/\\\/memurunsesi.net\\\/wp-content\\\/uploads\\\/2025\\\/08\\\/AW512461_01.jpg\",\"width\":1034,\"height\":565,\"caption\":\"ARTV\u0130N'\u0130N YUSUFEL\u0130 \u0130L\u00c7ES\u0130NDE BULUNAN DO\u011eAL G\u00d6LET, HEM DO\u011eASEVERLER\u0130 HEM DE SER\u0130NLEMEK \u0130STEYENLER\u0130 A\u011eIRLIYOR. (SERHAT \u0130NCE\\\/ARTV\u0130N-\u0130HA) Artvin'in Yusufeli il\u00e7esinde bulunan do\u011fal g\u00f6let, hem do\u011faseverleri hem de serinlemek isteyenleri a\u011f\u0131rl\u0131yor.\"},{\"@type\":\"BreadcrumbList\",\"@id\":\"https:\\\/\\\/memurunsesi.net\\\/index.php\\\/2025\\\/08\\\/07\\\/yusufelinde-sicak-havadan-bunalan-gencler-ayi-hamaminda-serinliyor\\\/#breadcrumb\",\"itemListElement\":[{\"@type\":\"ListItem\",\"position\":1,\"name\":\"Anasayfa\",\"item\":\"https:\\\/\\\/memurunsesi.net\\\/\"},{\"@type\":\"ListItem\",\"position\":2,\"name\":\"Yusufeli&#8217;nde s\u0131cak havadan bunalan gen\u00e7ler &#8216;Ay\u0131 Hamam\u0131&#8217;nda serinliyor\"}]},{\"@type\":\"WebSite\",\"@id\":\"https:\\\/\\\/memurunsesi.net\\\/#website\",\"url\":\"https:\\\/\\\/memurunsesi.net\\\/\",\"name\":\"Memurun Sesi\",\"description\":\"G\u00fcncel ve Do\u011fru Haber\",\"publisher\":{\"@id\":\"https:\\\/\\\/memurunsesi.net\\\/#organization\"},\"potentialAction\":[{\"@type\":\"SearchAction\",\"target\":{\"@type\":\"EntryPoint\",\"urlTemplate\":\"https:\\\/\\\/memurunsesi.net\\\/?s={search_term_string}\"},\"query-input\":{\"@type\":\"PropertyValueSpecification\",\"valueRequired\":true,\"valueName\":\"search_term_string\"}}],\"inLanguage\":\"tr\"},{\"@type\":\"Organization\",\"@id\":\"https:\\\/\\\/memurunsesi.net\\\/#organization\",\"name\":\"Memurun Sesi\",\"url\":\"https:\\\/\\\/memurunsesi.net\\\/\",\"logo\":{\"@type\":\"ImageObject\",\"inLanguage\":\"tr\",\"@id\":\"https:\\\/\\\/memurunsesi.net\\\/#\\\/schema\\\/logo\\\/image\\\/\",\"url\":\"https:\\\/\\\/memurunsesi.net\\\/wp-content\\\/uploads\\\/2025\\\/11\\\/cropped-MEMURUN-SESI.png\",\"contentUrl\":\"https:\\\/\\\/memurunsesi.net\\\/wp-content\\\/uploads\\\/2025\\\/11\\\/cropped-MEMURUN-SESI.png\",\"width\":238,\"height\":57,\"caption\":\"Memurun Sesi\"},\"image\":{\"@id\":\"https:\\\/\\\/memurunsesi.net\\\/#\\\/schema\\\/logo\\\/image\\\/\"},\"sameAs\":[\"https:\\\/\\\/www.facebook.com\\\/unipersen\\\/?locale=tr_TR\",\"https:\\\/\\\/x.com\\\/unipersen\"]},{\"@type\":\"Person\",\"@id\":\"https:\\\/\\\/memurunsesi.net\\\/#\\\/schema\\\/person\\\/f21c2d73b89f6ee1d80b0a1803e38587\",\"name\":\"Memurun Sesi Haber Merkezi\",\"image\":{\"@type\":\"ImageObject\",\"inLanguage\":\"tr\",\"@id\":\"https:\\\/\\\/secure.gravatar.com\\\/avatar\\\/6cf0505f452ee753f485014986fab09a434671d2b919ee76fc541025c5876a70?s=96&d=mm&r=g\",\"url\":\"https:\\\/\\\/secure.gravatar.com\\\/avatar\\\/6cf0505f452ee753f485014986fab09a434671d2b919ee76fc541025c5876a70?s=96&d=mm&r=g\",\"contentUrl\":\"https:\\\/\\\/secure.gravatar.com\\\/avatar\\\/6cf0505f452ee753f485014986fab09a434671d2b919ee76fc541025c5876a70?s=96&d=mm&r=g\",\"caption\":\"Memurun Sesi Haber Merkezi\"},\"sameAs\":[\"https:\\\/\\\/memurunsesi.net\"],\"url\":\"https:\\\/\\\/memurunsesi.net\\\/index.php\\\/author\\\/uniper\\\/\"}]}<\/script>\n<!-- \/ Yoast SEO plugin. -->","yoast_head_json":{"title":"Yusufeli'nde s\u0131cak havadan bunalan gen\u00e7ler 'Ay\u0131 Hamam\u0131'nda serinliyor - Memurun Sesi","robots":{"index":"index","follow":"follow","max-snippet":"max-snippet:-1","max-image-preview":"max-image-preview:large","max-video-preview":"max-video-preview:-1"},"canonical":"https:\/\/memurunsesi.net\/index.php\/2025\/08\/07\/yusufelinde-sicak-havadan-bunalan-gencler-ayi-hamaminda-serinliyor\/","og_locale":"tr_TR","og_type":"article","og_title":"Yusufeli'nde s\u0131cak havadan bunalan gen\u00e7ler 'Ay\u0131 Hamam\u0131'nda serinliyor - Memurun Sesi","og_description":"Artvin\u2019in Yusufeli il\u00e7esinde bulunan do\u011fal g\u00f6let, hem do\u011faseverleri hem de serinlemek isteyenleri a\u011f\u0131rl\u0131yor. Artvin\u2019in Yusufeli il\u00e7esine ba\u011fl\u0131 Sar\u0131g\u00f6l k\u00f6y\u00fcnde, vatanda\u015flar taraf\u0131ndan &#8216;Ay\u0131 Hamam\u0131&#8217; olarak adland\u0131r\u0131lan do\u011fal g\u00f6let, s\u0131cak havalarda serinlemek isteyenlerin u\u011frak noktas\u0131 oldu. Y\u00f6re halk\u0131n\u0131n &#8216;Ay\u0131 Hamam\u0131&#8217; ismini verdi\u011fi do\u011fal g\u00f6let, derenin olu\u015fturdu\u011fu k\u00fc\u00e7\u00fck \u015felaleler ve ta\u015f havuzlardan olu\u015fuyor. B\u00f6lgede daha \u00f6nce ay\u0131lar\u0131n suya [&hellip;]","og_url":"https:\/\/memurunsesi.net\/index.php\/2025\/08\/07\/yusufelinde-sicak-havadan-bunalan-gencler-ayi-hamaminda-serinliyor\/","og_site_name":"Memurun Sesi","article_publisher":"https:\/\/www.facebook.com\/unipersen\/?locale=tr_TR","article_published_time":"2025-08-07T06:47:05+00:00","og_image":[{"width":1034,"height":565,"url":"https:\/\/memurunsesi.net\/wp-content\/uploads\/2025\/08\/AW512461_01.jpg","type":"image\/jpeg"}],"author":"Memurun Sesi Haber Merkezi","twitter_card":"summary_large_image","twitter_creator":"@unipersen","twitter_site":"@unipersen","twitter_misc":{"Yazan:":"Memurun Sesi Haber Merkezi","Tahmini okuma s\u00fcresi":"1 dakika"},"schema":{"@context":"https:\/\/schema.org","@graph":[{"@type":"Article","@id":"https:\/\/memurunsesi.net\/index.php\/2025\/08\/07\/yusufelinde-sicak-havadan-bunalan-gencler-ayi-hamaminda-serinliyor\/#article","isPartOf":{"@id":"https:\/\/memurunsesi.net\/index.php\/2025\/08\/07\/yusufelinde-sicak-havadan-bunalan-gencler-ayi-hamaminda-serinliyor\/"},"author":{"name":"Memurun Sesi Haber Merkezi","@id":"https:\/\/memurunsesi.net\/#\/schema\/person\/f21c2d73b89f6ee1d80b0a1803e38587"},"headline":"Yusufeli&#8217;nde s\u0131cak havadan bunalan gen\u00e7ler &#8216;Ay\u0131 Hamam\u0131&#8217;nda serinliyor","datePublished":"2025-08-07T06:47:05+00:00","mainEntityOfPage":{"@id":"https:\/\/memurunsesi.net\/index.php\/2025\/08\/07\/yusufelinde-sicak-havadan-bunalan-gencler-ayi-hamaminda-serinliyor\/"},"wordCount":209,"commentCount":0,"publisher":{"@id":"https:\/\/memurunsesi.net\/#organization"},"image":{"@id":"https:\/\/memurunsesi.net\/index.php\/2025\/08\/07\/yusufelinde-sicak-havadan-bunalan-gencler-ayi-hamaminda-serinliyor\/#primaryimage"},"thumbnailUrl":"https:\/\/memurunsesi.net\/wp-content\/uploads\/2025\/08\/AW512461_01.jpg","inLanguage":"tr","potentialAction":[{"@type":"CommentAction","name":"Comment","target":["https:\/\/memurunsesi.net\/index.php\/2025\/08\/07\/yusufelinde-sicak-havadan-bunalan-gencler-ayi-hamaminda-serinliyor\/#respond"]}]},{"@type":"WebPage","@id":"https:\/\/memurunsesi.net\/index.php\/2025\/08\/07\/yusufelinde-sicak-havadan-bunalan-gencler-ayi-hamaminda-serinliyor\/","url":"https:\/\/memurunsesi.net\/index.php\/2025\/08\/07\/yusufelinde-sicak-havadan-bunalan-gencler-ayi-hamaminda-serinliyor\/","name":"Yusufeli'nde s\u0131cak havadan bunalan gen\u00e7ler 'Ay\u0131 Hamam\u0131'nda serinliyor - Memurun Sesi","isPartOf":{"@id":"https:\/\/memurunsesi.net\/#website"},"primaryImageOfPage":{"@id":"https:\/\/memurunsesi.net\/index.php\/2025\/08\/07\/yusufelinde-sicak-havadan-bunalan-gencler-ayi-hamaminda-serinliyor\/#primaryimage"},"image":{"@id":"https:\/\/memurunsesi.net\/index.php\/2025\/08\/07\/yusufelinde-sicak-havadan-bunalan-gencler-ayi-hamaminda-serinliyor\/#primaryimage"},"thumbnailUrl":"https:\/\/memurunsesi.net\/wp-content\/uploads\/2025\/08\/AW512461_01.jpg","datePublished":"2025-08-07T06:47:05+00:00","breadcrumb":{"@id":"https:\/\/memurunsesi.net\/index.php\/2025\/08\/07\/yusufelinde-sicak-havadan-bunalan-gencler-ayi-hamaminda-serinliyor\/#breadcrumb"},"inLanguage":"tr","potentialAction":[{"@type":"ReadAction","target":["https:\/\/memurunsesi.net\/index.php\/2025\/08\/07\/yusufelinde-sicak-havadan-bunalan-gencler-ayi-hamaminda-serinliyor\/"]}]},{"@type":"ImageObject","inLanguage":"tr","@id":"https:\/\/memurunsesi.net\/index.php\/2025\/08\/07\/yusufelinde-sicak-havadan-bunalan-gencler-ayi-hamaminda-serinliyor\/#primaryimage","url":"https:\/\/memurunsesi.net\/wp-content\/uploads\/2025\/08\/AW512461_01.jpg","contentUrl":"https:\/\/memurunsesi.net\/wp-content\/uploads\/2025\/08\/AW512461_01.jpg","width":1034,"height":565,"caption":"ARTV\u0130N'\u0130N YUSUFEL\u0130 \u0130L\u00c7ES\u0130NDE BULUNAN DO\u011eAL G\u00d6LET, HEM DO\u011eASEVERLER\u0130 HEM DE SER\u0130NLEMEK \u0130STEYENLER\u0130 A\u011eIRLIYOR. (SERHAT \u0130NCE\/ARTV\u0130N-\u0130HA) Artvin'in Yusufeli il\u00e7esinde bulunan do\u011fal g\u00f6let, hem do\u011faseverleri hem de serinlemek isteyenleri a\u011f\u0131rl\u0131yor."},{"@type":"BreadcrumbList","@id":"https:\/\/memurunsesi.net\/index.php\/2025\/08\/07\/yusufelinde-sicak-havadan-bunalan-gencler-ayi-hamaminda-serinliyor\/#breadcrumb","itemListElement":[{"@type":"ListItem","position":1,"name":"Anasayfa","item":"https:\/\/memurunsesi.net\/"},{"@type":"ListItem","position":2,"name":"Yusufeli&#8217;nde s\u0131cak havadan bunalan gen\u00e7ler &#8216;Ay\u0131 Hamam\u0131&#8217;nda serinliyor"}]},{"@type":"WebSite","@id":"https:\/\/memurunsesi.net\/#website","url":"https:\/\/memurunsesi.net\/","name":"Memurun Sesi","description":"G\u00fcncel ve Do\u011fru Haber","publisher":{"@id":"https:\/\/memurunsesi.net\/#organization"},"potentialAction":[{"@type":"SearchAction","target":{"@type":"EntryPoint","urlTemplate":"https:\/\/memurunsesi.net\/?s={search_term_string}"},"query-input":{"@type":"PropertyValueSpecification","valueRequired":true,"valueName":"search_term_string"}}],"inLanguage":"tr"},{"@type":"Organization","@id":"https:\/\/memurunsesi.net\/#organization","name":"Memurun Sesi","url":"https:\/\/memurunsesi.net\/","logo":{"@type":"ImageObject","inLanguage":"tr","@id":"https:\/\/memurunsesi.net\/#\/schema\/logo\/image\/","url":"https:\/\/memurunsesi.net\/wp-content\/uploads\/2025\/11\/cropped-MEMURUN-SESI.png","contentUrl":"https:\/\/memurunsesi.net\/wp-content\/uploads\/2025\/11\/cropped-MEMURUN-SESI.png","width":238,"height":57,"caption":"Memurun Sesi"},"image":{"@id":"https:\/\/memurunsesi.net\/#\/schema\/logo\/image\/"},"sameAs":["https:\/\/www.facebook.com\/unipersen\/?locale=tr_TR","https:\/\/x.com\/unipersen"]},{"@type":"Person","@id":"https:\/\/memurunsesi.net\/#\/schema\/person\/f21c2d73b89f6ee1d80b0a1803e38587","name":"Memurun Sesi Haber Merkezi","image":{"@type":"ImageObject","inLanguage":"tr","@id":"https:\/\/secure.gravatar.com\/avatar\/6cf0505f452ee753f485014986fab09a434671d2b919ee76fc541025c5876a70?s=96&d=mm&r=g","url":"https:\/\/secure.gravatar.com\/avatar\/6cf0505f452ee753f485014986fab09a434671d2b919ee76fc541025c5876a70?s=96&d=mm&r=g","contentUrl":"https:\/\/secure.gravatar.com\/avatar\/6cf0505f452ee753f485014986fab09a434671d2b919ee76fc541025c5876a70?s=96&d=mm&r=g","caption":"Memurun Sesi Haber Merkezi"},"sameAs":["https:\/\/memurunsesi.net"],"url":"https:\/\/memurunsesi.net\/index.php\/author\/uniper\/"}]}},"_links":{"self":[{"href":"https:\/\/memurunsesi.net\/index.php\/wp-json\/wp\/v2\/posts\/10101","targetHints":{"allow":["GET"]}}],"collection":[{"href":"https:\/\/memurunsesi.net\/index.php\/wp-json\/wp\/v2\/posts"}],"about":[{"href":"https:\/\/memurunsesi.net\/index.php\/wp-json\/wp\/v2\/types\/post"}],"author":[{"embeddable":true,"href":"https:\/\/memurunsesi.net\/index.php\/wp-json\/wp\/v2\/users\/1"}],"replies":[{"embeddable":true,"href":"https:\/\/memurunsesi.net\/index.php\/wp-json\/wp\/v2\/comments?post=10101"}],"version-history":[{"count":1,"href":"https:\/\/memurunsesi.net\/index.php\/wp-json\/wp\/v2\/posts\/10101\/revisions"}],"predecessor-version":[{"id":10103,"href":"https:\/\/memurunsesi.net\/index.php\/wp-json\/wp\/v2\/posts\/10101\/revisions\/10103"}],"wp:featuredmedia":[{"embeddable":true,"href":"https:\/\/memurunsesi.net\/index.php\/wp-json\/wp\/v2\/media\/10102"}],"wp:attachment":[{"href":"https:\/\/memurunsesi.net\/index.php\/wp-json\/wp\/v2\/media?parent=10101"}],"wp:term":[{"taxonomy":"category","embeddable":true,"href":"https:\/\/memurunsesi.net\/index.php\/wp-json\/wp\/v2\/categories?post=10101"},{"taxonomy":"post_tag","embeddable":true,"href":"https:\/\/memurunsesi.net\/index.php\/wp-json\/wp\/v2\/tags?post=10101"}],"curies":[{"name":"wp","href":"https:\/\/api.w.org\/{rel}","templated":true}]}}