{"id":10153,"date":"2025-08-08T13:37:02","date_gmt":"2025-08-08T10:37:02","guid":{"rendered":"https:\/\/memurunsesi.net\/?p=10153"},"modified":"2025-08-08T13:37:02","modified_gmt":"2025-08-08T10:37:02","slug":"kopru-insaatinda-dusen-isci-tedavi-gordugu-hastanede-hayatini-kaybetti","status":"publish","type":"post","link":"https:\/\/memurunsesi.net\/index.php\/2025\/08\/08\/kopru-insaatinda-dusen-isci-tedavi-gordugu-hastanede-hayatini-kaybetti\/","title":{"rendered":"K\u00f6pr\u00fc in\u015faat\u0131nda d\u00fc\u015fen i\u015f\u00e7i tedavi g\u00f6rd\u00fc\u011f\u00fc hastanede hayat\u0131n\u0131 kaybetti"},"content":{"rendered":"<p>   Antalya\u2019n\u0131n Gazipa\u015fa il\u00e7esinde k\u00f6pr\u00fc in\u015faat\u0131nda y\u00fcksekten d\u00fc\u015f\u00fcp beyin kanamas\u0131 ge\u00e7iren in\u015faat i\u015f\u00e7isi Mecit Yazar, tedavi g\u00f6rd\u00fc\u011f\u00fc hastanede hayat\u0131n\u0131 kaybetti.<br \/>\nOlay, d\u00fcn saat 09.00 s\u0131ralar\u0131nda Pazarc\u0131 Mahallesi Asmaalt\u0131 Sokak&#8217;ta menfez k\u00f6pr\u00fc in\u015faat\u0131nda meydana geldi. Edinilen bilgiye g\u00f6re, in\u015fatta \u00e7al\u0131\u015fan Mecit Yazar (67), bir anda dengesini kaybederek d\u00fc\u015ft\u00fc. Talihsiz i\u015f\u00e7i ba\u015f\u0131n\u0131 \u00e7arpmas\u0131 sonucu a\u011f\u0131r yaralan\u0131rken, mesai arkada\u015flar\u0131 durumu 112 Acil \u00c7a\u011fr\u0131 Merkezi&#8217;ne bildirdi. Olay yerine polis ve sa\u011fl\u0131k ekipleri sevk edildi. \u0130\u015f\u00e7i, yap\u0131lan ilk m\u00fcdahalesinin ard\u0131ndan Gazipa\u015fa Devlet Hastanesi&#8217;ne g\u00f6t\u00fcr\u00fcld\u00fc. Burada yap\u0131lan kontrolde beyin kanamas\u0131 ge\u00e7irdi\u011fi tespit edilen Yazar, ileri tetkik ve tedavisi i\u00e7in Alanya Alaaddin Keykubat \u00dcniversitesi (ALK\u00dc) E\u011fitim ve Ara\u015ft\u0131rma Hastanesi&#8217;ne sevk edildi. 67 ya\u015f\u0131ndaki talihsiz adam tedavi g\u00f6rd\u00fc\u011f\u00fc hastanede doktorlar\u0131n t\u00fcm m\u00fcdahalesine ra\u011fmen hayat\u0131n\u0131 kaybetti.<br \/>\n  Olay\u0131n ard\u0131ndan ba\u015flat\u0131lan soru\u015fturma devam ediyor. <\/p>\n<p>8.08.2025                                 <\/p>\n","protected":false},"excerpt":{"rendered":"<p>Antalya\u2019n\u0131n Gazipa\u015fa il\u00e7esinde k\u00f6pr\u00fc in\u015faat\u0131nda y\u00fcksekten d\u00fc\u015f\u00fcp beyin kanamas\u0131 ge\u00e7iren in\u015faat i\u015f\u00e7isi Mecit Yazar, tedavi g\u00f6rd\u00fc\u011f\u00fc hastanede hayat\u0131n\u0131 kaybetti. Olay, d\u00fcn saat 09.00 s\u0131ralar\u0131nda Pazarc\u0131 Mahallesi Asmaalt\u0131 Sokak&#8217;ta menfez k\u00f6pr\u00fc in\u015faat\u0131nda meydana geldi. Edinilen bilgiye g\u00f6re, in\u015fatta \u00e7al\u0131\u015fan Mecit Yazar (67), bir anda dengesini kaybederek d\u00fc\u015ft\u00fc. Talihsiz i\u015f\u00e7i ba\u015f\u0131n\u0131 \u00e7arpmas\u0131 sonucu a\u011f\u0131r yaralan\u0131rken, mesai arkada\u015flar\u0131 [&hellip;]<\/p>\n","protected":false},"author":1,"featured_media":10154,"comment_status":"open","ping_status":"open","sticky":false,"template":"","format":"standard","meta":{"footnotes":""},"categories":[1],"tags":[],"class_list":["post-10153","post","type-post","status-publish","format-standard","has-post-thumbnail","hentry","category-genel"],"yoast_head":"<!-- This site is optimized with the Yoast SEO plugin v27.4 - https:\/\/yoast.com\/product\/yoast-seo-wordpress\/ -->\n<title>K\u00f6pr\u00fc in\u015faat\u0131nda d\u00fc\u015fen i\u015f\u00e7i tedavi g\u00f6rd\u00fc\u011f\u00fc hastanede hayat\u0131n\u0131 kaybetti - Memurun Sesi<\/title>\n<meta name=\"robots\" content=\"index, follow, max-snippet:-1, max-image-preview:large, max-video-preview:-1\" \/>\n<link rel=\"canonical\" href=\"https:\/\/memurunsesi.net\/index.php\/2025\/08\/08\/kopru-insaatinda-dusen-isci-tedavi-gordugu-hastanede-hayatini-kaybetti\/\" \/>\n<meta property=\"og:locale\" content=\"tr_TR\" \/>\n<meta property=\"og:type\" content=\"article\" \/>\n<meta property=\"og:title\" content=\"K\u00f6pr\u00fc in\u015faat\u0131nda d\u00fc\u015fen i\u015f\u00e7i tedavi g\u00f6rd\u00fc\u011f\u00fc hastanede hayat\u0131n\u0131 kaybetti - Memurun Sesi\" \/>\n<meta property=\"og:description\" content=\"Antalya\u2019n\u0131n Gazipa\u015fa il\u00e7esinde k\u00f6pr\u00fc in\u015faat\u0131nda y\u00fcksekten d\u00fc\u015f\u00fcp beyin kanamas\u0131 ge\u00e7iren in\u015faat i\u015f\u00e7isi Mecit Yazar, tedavi g\u00f6rd\u00fc\u011f\u00fc hastanede hayat\u0131n\u0131 kaybetti. Olay, d\u00fcn saat 09.00 s\u0131ralar\u0131nda Pazarc\u0131 Mahallesi Asmaalt\u0131 Sokak&#8217;ta menfez k\u00f6pr\u00fc in\u015faat\u0131nda meydana geldi. Edinilen bilgiye g\u00f6re, in\u015fatta \u00e7al\u0131\u015fan Mecit Yazar (67), bir anda dengesini kaybederek d\u00fc\u015ft\u00fc. Talihsiz i\u015f\u00e7i ba\u015f\u0131n\u0131 \u00e7arpmas\u0131 sonucu a\u011f\u0131r yaralan\u0131rken, mesai arkada\u015flar\u0131 [&hellip;]\" \/>\n<meta property=\"og:url\" content=\"https:\/\/memurunsesi.net\/index.php\/2025\/08\/08\/kopru-insaatinda-dusen-isci-tedavi-gordugu-hastanede-hayatini-kaybetti\/\" \/>\n<meta property=\"og:site_name\" content=\"Memurun Sesi\" \/>\n<meta property=\"article:publisher\" content=\"https:\/\/www.facebook.com\/unipersen\/?locale=tr_TR\" \/>\n<meta property=\"article:published_time\" content=\"2025-08-08T10:37:02+00:00\" \/>\n<meta property=\"og:image\" content=\"https:\/\/memurunsesi.net\/wp-content\/uploads\/2025\/08\/AW513460_01.jpg\" \/>\n\t<meta property=\"og:image:width\" content=\"1600\" \/>\n\t<meta property=\"og:image:height\" content=\"900\" \/>\n\t<meta property=\"og:image:type\" content=\"image\/jpeg\" \/>\n<meta name=\"author\" content=\"Memurun Sesi Haber Merkezi\" \/>\n<meta name=\"twitter:card\" content=\"summary_large_image\" \/>\n<meta name=\"twitter:creator\" content=\"@unipersen\" \/>\n<meta name=\"twitter:site\" content=\"@unipersen\" \/>\n<meta name=\"twitter:label1\" content=\"Yazan:\" \/>\n\t<meta name=\"twitter:data1\" content=\"Memurun Sesi Haber Merkezi\" \/>\n\t<meta name=\"twitter:label2\" content=\"Tahmini okuma s\u00fcresi\" \/>\n\t<meta name=\"twitter:data2\" content=\"1 dakika\" \/>\n<script type=\"application\/ld+json\" class=\"yoast-schema-graph\">{\"@context\":\"https:\\\/\\\/schema.org\",\"@graph\":[{\"@type\":\"Article\",\"@id\":\"https:\\\/\\\/memurunsesi.net\\\/index.php\\\/2025\\\/08\\\/08\\\/kopru-insaatinda-dusen-isci-tedavi-gordugu-hastanede-hayatini-kaybetti\\\/#article\",\"isPartOf\":{\"@id\":\"https:\\\/\\\/memurunsesi.net\\\/index.php\\\/2025\\\/08\\\/08\\\/kopru-insaatinda-dusen-isci-tedavi-gordugu-hastanede-hayatini-kaybetti\\\/\"},\"author\":{\"name\":\"Memurun Sesi Haber Merkezi\",\"@id\":\"https:\\\/\\\/memurunsesi.net\\\/#\\\/schema\\\/person\\\/f21c2d73b89f6ee1d80b0a1803e38587\"},\"headline\":\"K\u00f6pr\u00fc in\u015faat\u0131nda d\u00fc\u015fen i\u015f\u00e7i tedavi g\u00f6rd\u00fc\u011f\u00fc hastanede hayat\u0131n\u0131 kaybetti\",\"datePublished\":\"2025-08-08T10:37:02+00:00\",\"mainEntityOfPage\":{\"@id\":\"https:\\\/\\\/memurunsesi.net\\\/index.php\\\/2025\\\/08\\\/08\\\/kopru-insaatinda-dusen-isci-tedavi-gordugu-hastanede-hayatini-kaybetti\\\/\"},\"wordCount\":196,\"commentCount\":0,\"publisher\":{\"@id\":\"https:\\\/\\\/memurunsesi.net\\\/#organization\"},\"image\":{\"@id\":\"https:\\\/\\\/memurunsesi.net\\\/index.php\\\/2025\\\/08\\\/08\\\/kopru-insaatinda-dusen-isci-tedavi-gordugu-hastanede-hayatini-kaybetti\\\/#primaryimage\"},\"thumbnailUrl\":\"https:\\\/\\\/memurunsesi.net\\\/wp-content\\\/uploads\\\/2025\\\/08\\\/AW513460_01.jpg\",\"inLanguage\":\"tr\",\"potentialAction\":[{\"@type\":\"CommentAction\",\"name\":\"Comment\",\"target\":[\"https:\\\/\\\/memurunsesi.net\\\/index.php\\\/2025\\\/08\\\/08\\\/kopru-insaatinda-dusen-isci-tedavi-gordugu-hastanede-hayatini-kaybetti\\\/#respond\"]}]},{\"@type\":\"WebPage\",\"@id\":\"https:\\\/\\\/memurunsesi.net\\\/index.php\\\/2025\\\/08\\\/08\\\/kopru-insaatinda-dusen-isci-tedavi-gordugu-hastanede-hayatini-kaybetti\\\/\",\"url\":\"https:\\\/\\\/memurunsesi.net\\\/index.php\\\/2025\\\/08\\\/08\\\/kopru-insaatinda-dusen-isci-tedavi-gordugu-hastanede-hayatini-kaybetti\\\/\",\"name\":\"K\u00f6pr\u00fc in\u015faat\u0131nda d\u00fc\u015fen i\u015f\u00e7i tedavi g\u00f6rd\u00fc\u011f\u00fc hastanede hayat\u0131n\u0131 kaybetti - Memurun Sesi\",\"isPartOf\":{\"@id\":\"https:\\\/\\\/memurunsesi.net\\\/#website\"},\"primaryImageOfPage\":{\"@id\":\"https:\\\/\\\/memurunsesi.net\\\/index.php\\\/2025\\\/08\\\/08\\\/kopru-insaatinda-dusen-isci-tedavi-gordugu-hastanede-hayatini-kaybetti\\\/#primaryimage\"},\"image\":{\"@id\":\"https:\\\/\\\/memurunsesi.net\\\/index.php\\\/2025\\\/08\\\/08\\\/kopru-insaatinda-dusen-isci-tedavi-gordugu-hastanede-hayatini-kaybetti\\\/#primaryimage\"},\"thumbnailUrl\":\"https:\\\/\\\/memurunsesi.net\\\/wp-content\\\/uploads\\\/2025\\\/08\\\/AW513460_01.jpg\",\"datePublished\":\"2025-08-08T10:37:02+00:00\",\"breadcrumb\":{\"@id\":\"https:\\\/\\\/memurunsesi.net\\\/index.php\\\/2025\\\/08\\\/08\\\/kopru-insaatinda-dusen-isci-tedavi-gordugu-hastanede-hayatini-kaybetti\\\/#breadcrumb\"},\"inLanguage\":\"tr\",\"potentialAction\":[{\"@type\":\"ReadAction\",\"target\":[\"https:\\\/\\\/memurunsesi.net\\\/index.php\\\/2025\\\/08\\\/08\\\/kopru-insaatinda-dusen-isci-tedavi-gordugu-hastanede-hayatini-kaybetti\\\/\"]}]},{\"@type\":\"ImageObject\",\"inLanguage\":\"tr\",\"@id\":\"https:\\\/\\\/memurunsesi.net\\\/index.php\\\/2025\\\/08\\\/08\\\/kopru-insaatinda-dusen-isci-tedavi-gordugu-hastanede-hayatini-kaybetti\\\/#primaryimage\",\"url\":\"https:\\\/\\\/memurunsesi.net\\\/wp-content\\\/uploads\\\/2025\\\/08\\\/AW513460_01.jpg\",\"contentUrl\":\"https:\\\/\\\/memurunsesi.net\\\/wp-content\\\/uploads\\\/2025\\\/08\\\/AW513460_01.jpg\",\"width\":1600,\"height\":900,\"caption\":\"ANTALYA'NIN GAZ\u0130PA\u015eA \u0130L\u00c7ES\u0130NDE K\u00d6PR\u00dc \u0130N\u015eAATINDA Y\u00dcKSEKTEN D\u00dc\u015e\u00dcP BEY\u0130N KANAMASI GE\u00c7\u0130REN \u0130N\u015eAAT \u0130\u015e\u00c7\u0130S\u0130 MEC\u0130T YAZAR, TEDAV\u0130 G\u00d6RD\u00dc\u011e\u00dc HASTANEDE HAYATINI KAYBETT\u0130. (GEYLAN\u0130 TOPALO\u011eLU\\\/ANTALYA-\u0130HA) Antalya'n\u0131n Gazipa\u015fa il\u00e7esinde k\u00f6pr\u00fc in\u015faat\u0131nda y\u00fcksekten d\u00fc\u015f\u00fcp beyin kanamas\u0131 ge\u00e7iren in\u015faat i\u015f\u00e7isi Mecit Yazar, tedavi g\u00f6rd\u00fc\u011f\u00fc hastanede hayat\u0131n\u0131 kaybetti.\"},{\"@type\":\"BreadcrumbList\",\"@id\":\"https:\\\/\\\/memurunsesi.net\\\/index.php\\\/2025\\\/08\\\/08\\\/kopru-insaatinda-dusen-isci-tedavi-gordugu-hastanede-hayatini-kaybetti\\\/#breadcrumb\",\"itemListElement\":[{\"@type\":\"ListItem\",\"position\":1,\"name\":\"Anasayfa\",\"item\":\"https:\\\/\\\/memurunsesi.net\\\/\"},{\"@type\":\"ListItem\",\"position\":2,\"name\":\"K\u00f6pr\u00fc in\u015faat\u0131nda d\u00fc\u015fen i\u015f\u00e7i tedavi g\u00f6rd\u00fc\u011f\u00fc hastanede hayat\u0131n\u0131 kaybetti\"}]},{\"@type\":\"WebSite\",\"@id\":\"https:\\\/\\\/memurunsesi.net\\\/#website\",\"url\":\"https:\\\/\\\/memurunsesi.net\\\/\",\"name\":\"Memurun Sesi\",\"description\":\"G\u00fcncel ve Do\u011fru Haber\",\"publisher\":{\"@id\":\"https:\\\/\\\/memurunsesi.net\\\/#organization\"},\"potentialAction\":[{\"@type\":\"SearchAction\",\"target\":{\"@type\":\"EntryPoint\",\"urlTemplate\":\"https:\\\/\\\/memurunsesi.net\\\/?s={search_term_string}\"},\"query-input\":{\"@type\":\"PropertyValueSpecification\",\"valueRequired\":true,\"valueName\":\"search_term_string\"}}],\"inLanguage\":\"tr\"},{\"@type\":\"Organization\",\"@id\":\"https:\\\/\\\/memurunsesi.net\\\/#organization\",\"name\":\"Memurun Sesi\",\"url\":\"https:\\\/\\\/memurunsesi.net\\\/\",\"logo\":{\"@type\":\"ImageObject\",\"inLanguage\":\"tr\",\"@id\":\"https:\\\/\\\/memurunsesi.net\\\/#\\\/schema\\\/logo\\\/image\\\/\",\"url\":\"https:\\\/\\\/memurunsesi.net\\\/wp-content\\\/uploads\\\/2025\\\/11\\\/cropped-MEMURUN-SESI.png\",\"contentUrl\":\"https:\\\/\\\/memurunsesi.net\\\/wp-content\\\/uploads\\\/2025\\\/11\\\/cropped-MEMURUN-SESI.png\",\"width\":238,\"height\":57,\"caption\":\"Memurun Sesi\"},\"image\":{\"@id\":\"https:\\\/\\\/memurunsesi.net\\\/#\\\/schema\\\/logo\\\/image\\\/\"},\"sameAs\":[\"https:\\\/\\\/www.facebook.com\\\/unipersen\\\/?locale=tr_TR\",\"https:\\\/\\\/x.com\\\/unipersen\"]},{\"@type\":\"Person\",\"@id\":\"https:\\\/\\\/memurunsesi.net\\\/#\\\/schema\\\/person\\\/f21c2d73b89f6ee1d80b0a1803e38587\",\"name\":\"Memurun Sesi Haber Merkezi\",\"image\":{\"@type\":\"ImageObject\",\"inLanguage\":\"tr\",\"@id\":\"https:\\\/\\\/secure.gravatar.com\\\/avatar\\\/6cf0505f452ee753f485014986fab09a434671d2b919ee76fc541025c5876a70?s=96&d=mm&r=g\",\"url\":\"https:\\\/\\\/secure.gravatar.com\\\/avatar\\\/6cf0505f452ee753f485014986fab09a434671d2b919ee76fc541025c5876a70?s=96&d=mm&r=g\",\"contentUrl\":\"https:\\\/\\\/secure.gravatar.com\\\/avatar\\\/6cf0505f452ee753f485014986fab09a434671d2b919ee76fc541025c5876a70?s=96&d=mm&r=g\",\"caption\":\"Memurun Sesi Haber Merkezi\"},\"sameAs\":[\"https:\\\/\\\/memurunsesi.net\"],\"url\":\"https:\\\/\\\/memurunsesi.net\\\/index.php\\\/author\\\/uniper\\\/\"}]}<\/script>\n<!-- \/ Yoast SEO plugin. -->","yoast_head_json":{"title":"K\u00f6pr\u00fc in\u015faat\u0131nda d\u00fc\u015fen i\u015f\u00e7i tedavi g\u00f6rd\u00fc\u011f\u00fc hastanede hayat\u0131n\u0131 kaybetti - Memurun Sesi","robots":{"index":"index","follow":"follow","max-snippet":"max-snippet:-1","max-image-preview":"max-image-preview:large","max-video-preview":"max-video-preview:-1"},"canonical":"https:\/\/memurunsesi.net\/index.php\/2025\/08\/08\/kopru-insaatinda-dusen-isci-tedavi-gordugu-hastanede-hayatini-kaybetti\/","og_locale":"tr_TR","og_type":"article","og_title":"K\u00f6pr\u00fc in\u015faat\u0131nda d\u00fc\u015fen i\u015f\u00e7i tedavi g\u00f6rd\u00fc\u011f\u00fc hastanede hayat\u0131n\u0131 kaybetti - Memurun Sesi","og_description":"Antalya\u2019n\u0131n Gazipa\u015fa il\u00e7esinde k\u00f6pr\u00fc in\u015faat\u0131nda y\u00fcksekten d\u00fc\u015f\u00fcp beyin kanamas\u0131 ge\u00e7iren in\u015faat i\u015f\u00e7isi Mecit Yazar, tedavi g\u00f6rd\u00fc\u011f\u00fc hastanede hayat\u0131n\u0131 kaybetti. Olay, d\u00fcn saat 09.00 s\u0131ralar\u0131nda Pazarc\u0131 Mahallesi Asmaalt\u0131 Sokak&#8217;ta menfez k\u00f6pr\u00fc in\u015faat\u0131nda meydana geldi. Edinilen bilgiye g\u00f6re, in\u015fatta \u00e7al\u0131\u015fan Mecit Yazar (67), bir anda dengesini kaybederek d\u00fc\u015ft\u00fc. Talihsiz i\u015f\u00e7i ba\u015f\u0131n\u0131 \u00e7arpmas\u0131 sonucu a\u011f\u0131r yaralan\u0131rken, mesai arkada\u015flar\u0131 [&hellip;]","og_url":"https:\/\/memurunsesi.net\/index.php\/2025\/08\/08\/kopru-insaatinda-dusen-isci-tedavi-gordugu-hastanede-hayatini-kaybetti\/","og_site_name":"Memurun Sesi","article_publisher":"https:\/\/www.facebook.com\/unipersen\/?locale=tr_TR","article_published_time":"2025-08-08T10:37:02+00:00","og_image":[{"width":1600,"height":900,"url":"https:\/\/memurunsesi.net\/wp-content\/uploads\/2025\/08\/AW513460_01.jpg","type":"image\/jpeg"}],"author":"Memurun Sesi Haber Merkezi","twitter_card":"summary_large_image","twitter_creator":"@unipersen","twitter_site":"@unipersen","twitter_misc":{"Yazan:":"Memurun Sesi Haber Merkezi","Tahmini okuma s\u00fcresi":"1 dakika"},"schema":{"@context":"https:\/\/schema.org","@graph":[{"@type":"Article","@id":"https:\/\/memurunsesi.net\/index.php\/2025\/08\/08\/kopru-insaatinda-dusen-isci-tedavi-gordugu-hastanede-hayatini-kaybetti\/#article","isPartOf":{"@id":"https:\/\/memurunsesi.net\/index.php\/2025\/08\/08\/kopru-insaatinda-dusen-isci-tedavi-gordugu-hastanede-hayatini-kaybetti\/"},"author":{"name":"Memurun Sesi Haber Merkezi","@id":"https:\/\/memurunsesi.net\/#\/schema\/person\/f21c2d73b89f6ee1d80b0a1803e38587"},"headline":"K\u00f6pr\u00fc in\u015faat\u0131nda d\u00fc\u015fen i\u015f\u00e7i tedavi g\u00f6rd\u00fc\u011f\u00fc hastanede hayat\u0131n\u0131 kaybetti","datePublished":"2025-08-08T10:37:02+00:00","mainEntityOfPage":{"@id":"https:\/\/memurunsesi.net\/index.php\/2025\/08\/08\/kopru-insaatinda-dusen-isci-tedavi-gordugu-hastanede-hayatini-kaybetti\/"},"wordCount":196,"commentCount":0,"publisher":{"@id":"https:\/\/memurunsesi.net\/#organization"},"image":{"@id":"https:\/\/memurunsesi.net\/index.php\/2025\/08\/08\/kopru-insaatinda-dusen-isci-tedavi-gordugu-hastanede-hayatini-kaybetti\/#primaryimage"},"thumbnailUrl":"https:\/\/memurunsesi.net\/wp-content\/uploads\/2025\/08\/AW513460_01.jpg","inLanguage":"tr","potentialAction":[{"@type":"CommentAction","name":"Comment","target":["https:\/\/memurunsesi.net\/index.php\/2025\/08\/08\/kopru-insaatinda-dusen-isci-tedavi-gordugu-hastanede-hayatini-kaybetti\/#respond"]}]},{"@type":"WebPage","@id":"https:\/\/memurunsesi.net\/index.php\/2025\/08\/08\/kopru-insaatinda-dusen-isci-tedavi-gordugu-hastanede-hayatini-kaybetti\/","url":"https:\/\/memurunsesi.net\/index.php\/2025\/08\/08\/kopru-insaatinda-dusen-isci-tedavi-gordugu-hastanede-hayatini-kaybetti\/","name":"K\u00f6pr\u00fc in\u015faat\u0131nda d\u00fc\u015fen i\u015f\u00e7i tedavi g\u00f6rd\u00fc\u011f\u00fc hastanede hayat\u0131n\u0131 kaybetti - Memurun Sesi","isPartOf":{"@id":"https:\/\/memurunsesi.net\/#website"},"primaryImageOfPage":{"@id":"https:\/\/memurunsesi.net\/index.php\/2025\/08\/08\/kopru-insaatinda-dusen-isci-tedavi-gordugu-hastanede-hayatini-kaybetti\/#primaryimage"},"image":{"@id":"https:\/\/memurunsesi.net\/index.php\/2025\/08\/08\/kopru-insaatinda-dusen-isci-tedavi-gordugu-hastanede-hayatini-kaybetti\/#primaryimage"},"thumbnailUrl":"https:\/\/memurunsesi.net\/wp-content\/uploads\/2025\/08\/AW513460_01.jpg","datePublished":"2025-08-08T10:37:02+00:00","breadcrumb":{"@id":"https:\/\/memurunsesi.net\/index.php\/2025\/08\/08\/kopru-insaatinda-dusen-isci-tedavi-gordugu-hastanede-hayatini-kaybetti\/#breadcrumb"},"inLanguage":"tr","potentialAction":[{"@type":"ReadAction","target":["https:\/\/memurunsesi.net\/index.php\/2025\/08\/08\/kopru-insaatinda-dusen-isci-tedavi-gordugu-hastanede-hayatini-kaybetti\/"]}]},{"@type":"ImageObject","inLanguage":"tr","@id":"https:\/\/memurunsesi.net\/index.php\/2025\/08\/08\/kopru-insaatinda-dusen-isci-tedavi-gordugu-hastanede-hayatini-kaybetti\/#primaryimage","url":"https:\/\/memurunsesi.net\/wp-content\/uploads\/2025\/08\/AW513460_01.jpg","contentUrl":"https:\/\/memurunsesi.net\/wp-content\/uploads\/2025\/08\/AW513460_01.jpg","width":1600,"height":900,"caption":"ANTALYA'NIN GAZ\u0130PA\u015eA \u0130L\u00c7ES\u0130NDE K\u00d6PR\u00dc \u0130N\u015eAATINDA Y\u00dcKSEKTEN D\u00dc\u015e\u00dcP BEY\u0130N KANAMASI GE\u00c7\u0130REN \u0130N\u015eAAT \u0130\u015e\u00c7\u0130S\u0130 MEC\u0130T YAZAR, TEDAV\u0130 G\u00d6RD\u00dc\u011e\u00dc HASTANEDE HAYATINI KAYBETT\u0130. (GEYLAN\u0130 TOPALO\u011eLU\/ANTALYA-\u0130HA) Antalya'n\u0131n Gazipa\u015fa il\u00e7esinde k\u00f6pr\u00fc in\u015faat\u0131nda y\u00fcksekten d\u00fc\u015f\u00fcp beyin kanamas\u0131 ge\u00e7iren in\u015faat i\u015f\u00e7isi Mecit Yazar, tedavi g\u00f6rd\u00fc\u011f\u00fc hastanede hayat\u0131n\u0131 kaybetti."},{"@type":"BreadcrumbList","@id":"https:\/\/memurunsesi.net\/index.php\/2025\/08\/08\/kopru-insaatinda-dusen-isci-tedavi-gordugu-hastanede-hayatini-kaybetti\/#breadcrumb","itemListElement":[{"@type":"ListItem","position":1,"name":"Anasayfa","item":"https:\/\/memurunsesi.net\/"},{"@type":"ListItem","position":2,"name":"K\u00f6pr\u00fc in\u015faat\u0131nda d\u00fc\u015fen i\u015f\u00e7i tedavi g\u00f6rd\u00fc\u011f\u00fc hastanede hayat\u0131n\u0131 kaybetti"}]},{"@type":"WebSite","@id":"https:\/\/memurunsesi.net\/#website","url":"https:\/\/memurunsesi.net\/","name":"Memurun Sesi","description":"G\u00fcncel ve Do\u011fru Haber","publisher":{"@id":"https:\/\/memurunsesi.net\/#organization"},"potentialAction":[{"@type":"SearchAction","target":{"@type":"EntryPoint","urlTemplate":"https:\/\/memurunsesi.net\/?s={search_term_string}"},"query-input":{"@type":"PropertyValueSpecification","valueRequired":true,"valueName":"search_term_string"}}],"inLanguage":"tr"},{"@type":"Organization","@id":"https:\/\/memurunsesi.net\/#organization","name":"Memurun Sesi","url":"https:\/\/memurunsesi.net\/","logo":{"@type":"ImageObject","inLanguage":"tr","@id":"https:\/\/memurunsesi.net\/#\/schema\/logo\/image\/","url":"https:\/\/memurunsesi.net\/wp-content\/uploads\/2025\/11\/cropped-MEMURUN-SESI.png","contentUrl":"https:\/\/memurunsesi.net\/wp-content\/uploads\/2025\/11\/cropped-MEMURUN-SESI.png","width":238,"height":57,"caption":"Memurun Sesi"},"image":{"@id":"https:\/\/memurunsesi.net\/#\/schema\/logo\/image\/"},"sameAs":["https:\/\/www.facebook.com\/unipersen\/?locale=tr_TR","https:\/\/x.com\/unipersen"]},{"@type":"Person","@id":"https:\/\/memurunsesi.net\/#\/schema\/person\/f21c2d73b89f6ee1d80b0a1803e38587","name":"Memurun Sesi Haber Merkezi","image":{"@type":"ImageObject","inLanguage":"tr","@id":"https:\/\/secure.gravatar.com\/avatar\/6cf0505f452ee753f485014986fab09a434671d2b919ee76fc541025c5876a70?s=96&d=mm&r=g","url":"https:\/\/secure.gravatar.com\/avatar\/6cf0505f452ee753f485014986fab09a434671d2b919ee76fc541025c5876a70?s=96&d=mm&r=g","contentUrl":"https:\/\/secure.gravatar.com\/avatar\/6cf0505f452ee753f485014986fab09a434671d2b919ee76fc541025c5876a70?s=96&d=mm&r=g","caption":"Memurun Sesi Haber Merkezi"},"sameAs":["https:\/\/memurunsesi.net"],"url":"https:\/\/memurunsesi.net\/index.php\/author\/uniper\/"}]}},"_links":{"self":[{"href":"https:\/\/memurunsesi.net\/index.php\/wp-json\/wp\/v2\/posts\/10153","targetHints":{"allow":["GET"]}}],"collection":[{"href":"https:\/\/memurunsesi.net\/index.php\/wp-json\/wp\/v2\/posts"}],"about":[{"href":"https:\/\/memurunsesi.net\/index.php\/wp-json\/wp\/v2\/types\/post"}],"author":[{"embeddable":true,"href":"https:\/\/memurunsesi.net\/index.php\/wp-json\/wp\/v2\/users\/1"}],"replies":[{"embeddable":true,"href":"https:\/\/memurunsesi.net\/index.php\/wp-json\/wp\/v2\/comments?post=10153"}],"version-history":[{"count":1,"href":"https:\/\/memurunsesi.net\/index.php\/wp-json\/wp\/v2\/posts\/10153\/revisions"}],"predecessor-version":[{"id":10155,"href":"https:\/\/memurunsesi.net\/index.php\/wp-json\/wp\/v2\/posts\/10153\/revisions\/10155"}],"wp:featuredmedia":[{"embeddable":true,"href":"https:\/\/memurunsesi.net\/index.php\/wp-json\/wp\/v2\/media\/10154"}],"wp:attachment":[{"href":"https:\/\/memurunsesi.net\/index.php\/wp-json\/wp\/v2\/media?parent=10153"}],"wp:term":[{"taxonomy":"category","embeddable":true,"href":"https:\/\/memurunsesi.net\/index.php\/wp-json\/wp\/v2\/categories?post=10153"},{"taxonomy":"post_tag","embeddable":true,"href":"https:\/\/memurunsesi.net\/index.php\/wp-json\/wp\/v2\/tags?post=10153"}],"curies":[{"name":"wp","href":"https:\/\/api.w.org\/{rel}","templated":true}]}}