{"id":10173,"date":"2025-08-08T13:46:45","date_gmt":"2025-08-08T10:46:45","guid":{"rendered":"https:\/\/memurunsesi.net\/?p=10173"},"modified":"2025-08-08T13:46:45","modified_gmt":"2025-08-08T10:46:45","slug":"depremde-100-kisinin-hayatini-kaybettigi-hisami-apartmani-davasi-saniklarinin-cezasi-hukuka-uygun-bulundu","status":"publish","type":"post","link":"https:\/\/memurunsesi.net\/index.php\/2025\/08\/08\/depremde-100-kisinin-hayatini-kaybettigi-hisami-apartmani-davasi-saniklarinin-cezasi-hukuka-uygun-bulundu\/","title":{"rendered":"Depremde 100 ki\u015finin hayat\u0131n\u0131 kaybetti\u011fi Hisami Apartman\u0131 davas\u0131 san\u0131klar\u0131n\u0131n cezas\u0131 hukuka uygun bulundu"},"content":{"rendered":"<p>   Diyarbak\u0131r B\u00f6lge Adliye Mahkemesi 10. Ceza Dairesi, 6 \u015eubat 2023&#8217;teki Kahramanmara\u015f merkezli depremlerde y\u0131k\u0131lan ve 100 ki\u015finin ya\u015fam\u0131n\u0131 yitirdi\u011fi, 32 ki\u015finin yaraland\u0131\u011f\u0131 Hisami Apartman\u0131&#8217;na ili\u015fkin davada tutuklu san\u0131klar 2 m\u00fcteahhit ve 2 arsa sahibine verilen 17 y\u0131l 6&#8217;\u015far ay hapis cezas\u0131 karar\u0131n\u0131 hukuka uygun buldu.<br \/>\n  Diyarbak\u0131r 6. A\u011f\u0131r Ceza Mahkemesi&#8217;nde 24 Eyl\u00fcl 2024&#8217;teki karar duru\u015fmas\u0131nda, tutuklu m\u00fcteahhitler Mehmet Ali Korkut ve Mehmet Me\u015fe ile arsa sahipleri Nurettin \u00d6zcan ve Ahmet \u00d6zcan&#8217;a &#8220;bilin\u00e7li taksirle birden fazla ki\u015finin \u00f6l\u00fcm\u00fcne ve yaralanmas\u0131na neden olma&#8221; su\u00e7undan 17 y\u0131l 6&#8217;\u015far ay hapis cezas\u0131 verilmesine ili\u015fkin san\u0131k avukatlar\u0131 istinaf ba\u015fvurusunda bulundu.<br \/>\n  \u0130lk derece mahkemesince verilen h\u00fckme kar\u015f\u0131 istinaf ba\u015fvurusunu de\u011ferlendiren 10. Ceza Dairesince verilen kararda, ba\u015fvurunun s\u00fcresi, karar\u0131n niteli\u011fi ve su\u00e7 tarihine g\u00f6re dosyan\u0131n incelendi\u011fi kaydedildi.<br \/>\n  10. Ceza Dairesinin karar\u0131nda, \u015fu ifadeler yer ald\u0131:<br \/>\n  &#8220;Toplanan deliller ve karar yerinde incelenmi\u015f, san\u0131klar\u0131n su\u00e7unun s\u00fcbutu ile verilen h\u00fck\u00fcmde bir isabetsizlik g\u00f6r\u00fclmedi\u011fi anla\u015f\u0131lm\u0131\u015ft\u0131r. San\u0131klar\u0131n savunmalar\u0131 inand\u0131r\u0131c\u0131 gerek\u00e7elerle reddedilmi\u015ftir. San\u0131k m\u00fcdafilerinin istinaf talebi yerinde g\u00f6r\u00fclmemi\u015f olmakla, 5271 say\u0131l\u0131 Ceza Muhakemesi Kanunu&#8217;nun 280\/1-a maddesi uyar\u0131nca istinaf ba\u015fvurular\u0131n\u0131n reddine, tutuklama \u015fartlar\u0131nda bir de\u011fi\u015fiklik olmamas\u0131 ve h\u00fckmolunan ceza miktar\u0131 ile tutuklu kal\u0131nan s\u00fcre dikkate al\u0131narak san\u0131klar Nurettin \u00d6zcan, Ahmet \u00d6zcan ve Mehmet Ali Korkut&#8217;un tutukluluk halinin devam\u0131na oy birli\u011fiyle karar verilmi\u015ftir.&#8221;<br \/>\n  Kararda, Ceza Muhakemesi Kanunu&#8217;nun (CMK) 286, 294. ve 295. maddeleri uyar\u0131nca Yarg\u0131tayda temyiz yolunun a\u00e7\u0131k oldu\u011fu ifade edildi. <\/p>\n<p>  Yarg\u0131taya temyiz ba\u015fvurusu yap\u0131ld\u0131<br \/>\n  San\u0131k avukatlar\u0131, Yarg\u0131taya g\u00f6nderilmek \u00fczere Diyarbak\u0131r B\u00f6lge Adliye Mahkemesi 10. Ceza Dairesine temyiz ba\u015fvurusunda bulundu. Temyiz dilek\u00e7esinde, verilen mahkumiyet karar\u0131 ve 10. Ceza Dairesinin istinaf ba\u015fvurusunun reddi y\u00f6n\u00fcndeki karar\u0131n temyiz incelemesi sonucunda bozulmas\u0131 ve m\u00fcvekkillerinin tahliyesine karar verilmesi talep edildi.<br \/>\n  Mahkeme heyeti, 24 Eyl\u00fcl 2024&#8217;teki karar duru\u015fmas\u0131nda, tutuklu m\u00fcteahhitler Mehmet Ali Korkut ve Mehmet Me\u015fe ile arsa sahipleri Nurettin \u00d6zcan ve Ahmet \u00d6zcan&#8217;\u0131n &#8220;bilin\u00e7li taksirle birden fazla ki\u015finin \u00f6l\u00fcm\u00fc ve yaralanmas\u0131na neden olma&#8221; su\u00e7undan 17 y\u0131l 6&#8217;\u015far ay hapis cezas\u0131na \u00e7arpt\u0131r\u0131lmas\u0131na karar vermi\u015f, 3 san\u0131\u011f\u0131n tutukluluk hallerinin devam\u0131na, san\u0131k Me\u015fe&#8217;nin ise sa\u011fl\u0131k sorunlar\u0131 nedeniyle tahliyesine h\u00fckmetmi\u015fti. <\/p>\n<p>8.08.2025                                 <\/p>\n","protected":false},"excerpt":{"rendered":"<p>Diyarbak\u0131r B\u00f6lge Adliye Mahkemesi 10. Ceza Dairesi, 6 \u015eubat 2023&#8217;teki Kahramanmara\u015f merkezli depremlerde y\u0131k\u0131lan ve 100 ki\u015finin ya\u015fam\u0131n\u0131 yitirdi\u011fi, 32 ki\u015finin yaraland\u0131\u011f\u0131 Hisami Apartman\u0131&#8217;na ili\u015fkin davada tutuklu san\u0131klar 2 m\u00fcteahhit ve 2 arsa sahibine verilen 17 y\u0131l 6&#8217;\u015far ay hapis cezas\u0131 karar\u0131n\u0131 hukuka uygun buldu. Diyarbak\u0131r 6. A\u011f\u0131r Ceza Mahkemesi&#8217;nde 24 Eyl\u00fcl 2024&#8217;teki karar duru\u015fmas\u0131nda, [&hellip;]<\/p>\n","protected":false},"author":1,"featured_media":10174,"comment_status":"open","ping_status":"open","sticky":false,"template":"","format":"standard","meta":{"footnotes":""},"categories":[1],"tags":[],"class_list":["post-10173","post","type-post","status-publish","format-standard","has-post-thumbnail","hentry","category-genel"],"yoast_head":"<!-- This site is optimized with the Yoast SEO plugin v27.4 - https:\/\/yoast.com\/product\/yoast-seo-wordpress\/ -->\n<title>Depremde 100 ki\u015finin hayat\u0131n\u0131 kaybetti\u011fi Hisami Apartman\u0131 davas\u0131 san\u0131klar\u0131n\u0131n cezas\u0131 hukuka uygun bulundu - Memurun Sesi<\/title>\n<meta name=\"robots\" content=\"index, follow, max-snippet:-1, max-image-preview:large, max-video-preview:-1\" \/>\n<link rel=\"canonical\" href=\"https:\/\/memurunsesi.net\/index.php\/2025\/08\/08\/depremde-100-kisinin-hayatini-kaybettigi-hisami-apartmani-davasi-saniklarinin-cezasi-hukuka-uygun-bulundu\/\" \/>\n<meta property=\"og:locale\" content=\"tr_TR\" \/>\n<meta property=\"og:type\" content=\"article\" \/>\n<meta property=\"og:title\" content=\"Depremde 100 ki\u015finin hayat\u0131n\u0131 kaybetti\u011fi Hisami Apartman\u0131 davas\u0131 san\u0131klar\u0131n\u0131n cezas\u0131 hukuka uygun bulundu - Memurun Sesi\" \/>\n<meta property=\"og:description\" content=\"Diyarbak\u0131r B\u00f6lge Adliye Mahkemesi 10. Ceza Dairesi, 6 \u015eubat 2023&#8217;teki Kahramanmara\u015f merkezli depremlerde y\u0131k\u0131lan ve 100 ki\u015finin ya\u015fam\u0131n\u0131 yitirdi\u011fi, 32 ki\u015finin yaraland\u0131\u011f\u0131 Hisami Apartman\u0131&#8217;na ili\u015fkin davada tutuklu san\u0131klar 2 m\u00fcteahhit ve 2 arsa sahibine verilen 17 y\u0131l 6&#8217;\u015far ay hapis cezas\u0131 karar\u0131n\u0131 hukuka uygun buldu. Diyarbak\u0131r 6. A\u011f\u0131r Ceza Mahkemesi&#8217;nde 24 Eyl\u00fcl 2024&#8217;teki karar duru\u015fmas\u0131nda, [&hellip;]\" \/>\n<meta property=\"og:url\" content=\"https:\/\/memurunsesi.net\/index.php\/2025\/08\/08\/depremde-100-kisinin-hayatini-kaybettigi-hisami-apartmani-davasi-saniklarinin-cezasi-hukuka-uygun-bulundu\/\" \/>\n<meta property=\"og:site_name\" content=\"Memurun Sesi\" \/>\n<meta property=\"article:publisher\" content=\"https:\/\/www.facebook.com\/unipersen\/?locale=tr_TR\" \/>\n<meta property=\"article:published_time\" content=\"2025-08-08T10:46:45+00:00\" \/>\n<meta property=\"og:image\" content=\"https:\/\/memurunsesi.net\/wp-content\/uploads\/2025\/08\/AW513423_01.jpg\" \/>\n\t<meta property=\"og:image:width\" content=\"999\" \/>\n\t<meta property=\"og:image:height\" content=\"666\" \/>\n\t<meta property=\"og:image:type\" content=\"image\/jpeg\" \/>\n<meta name=\"author\" content=\"Memurun Sesi Haber Merkezi\" \/>\n<meta name=\"twitter:card\" content=\"summary_large_image\" \/>\n<meta name=\"twitter:creator\" content=\"@unipersen\" \/>\n<meta name=\"twitter:site\" content=\"@unipersen\" \/>\n<meta name=\"twitter:label1\" content=\"Yazan:\" \/>\n\t<meta name=\"twitter:data1\" content=\"Memurun Sesi Haber Merkezi\" \/>\n\t<meta name=\"twitter:label2\" content=\"Tahmini okuma s\u00fcresi\" \/>\n\t<meta name=\"twitter:data2\" content=\"1 dakika\" \/>\n<script type=\"application\/ld+json\" class=\"yoast-schema-graph\">{\"@context\":\"https:\\\/\\\/schema.org\",\"@graph\":[{\"@type\":\"Article\",\"@id\":\"https:\\\/\\\/memurunsesi.net\\\/index.php\\\/2025\\\/08\\\/08\\\/depremde-100-kisinin-hayatini-kaybettigi-hisami-apartmani-davasi-saniklarinin-cezasi-hukuka-uygun-bulundu\\\/#article\",\"isPartOf\":{\"@id\":\"https:\\\/\\\/memurunsesi.net\\\/index.php\\\/2025\\\/08\\\/08\\\/depremde-100-kisinin-hayatini-kaybettigi-hisami-apartmani-davasi-saniklarinin-cezasi-hukuka-uygun-bulundu\\\/\"},\"author\":{\"name\":\"Memurun Sesi Haber Merkezi\",\"@id\":\"https:\\\/\\\/memurunsesi.net\\\/#\\\/schema\\\/person\\\/f21c2d73b89f6ee1d80b0a1803e38587\"},\"headline\":\"Depremde 100 ki\u015finin hayat\u0131n\u0131 kaybetti\u011fi Hisami Apartman\u0131 davas\u0131 san\u0131klar\u0131n\u0131n cezas\u0131 hukuka uygun bulundu\",\"datePublished\":\"2025-08-08T10:46:45+00:00\",\"mainEntityOfPage\":{\"@id\":\"https:\\\/\\\/memurunsesi.net\\\/index.php\\\/2025\\\/08\\\/08\\\/depremde-100-kisinin-hayatini-kaybettigi-hisami-apartmani-davasi-saniklarinin-cezasi-hukuka-uygun-bulundu\\\/\"},\"wordCount\":443,\"commentCount\":0,\"publisher\":{\"@id\":\"https:\\\/\\\/memurunsesi.net\\\/#organization\"},\"image\":{\"@id\":\"https:\\\/\\\/memurunsesi.net\\\/index.php\\\/2025\\\/08\\\/08\\\/depremde-100-kisinin-hayatini-kaybettigi-hisami-apartmani-davasi-saniklarinin-cezasi-hukuka-uygun-bulundu\\\/#primaryimage\"},\"thumbnailUrl\":\"https:\\\/\\\/memurunsesi.net\\\/wp-content\\\/uploads\\\/2025\\\/08\\\/AW513423_01.jpg\",\"inLanguage\":\"tr\",\"potentialAction\":[{\"@type\":\"CommentAction\",\"name\":\"Comment\",\"target\":[\"https:\\\/\\\/memurunsesi.net\\\/index.php\\\/2025\\\/08\\\/08\\\/depremde-100-kisinin-hayatini-kaybettigi-hisami-apartmani-davasi-saniklarinin-cezasi-hukuka-uygun-bulundu\\\/#respond\"]}]},{\"@type\":\"WebPage\",\"@id\":\"https:\\\/\\\/memurunsesi.net\\\/index.php\\\/2025\\\/08\\\/08\\\/depremde-100-kisinin-hayatini-kaybettigi-hisami-apartmani-davasi-saniklarinin-cezasi-hukuka-uygun-bulundu\\\/\",\"url\":\"https:\\\/\\\/memurunsesi.net\\\/index.php\\\/2025\\\/08\\\/08\\\/depremde-100-kisinin-hayatini-kaybettigi-hisami-apartmani-davasi-saniklarinin-cezasi-hukuka-uygun-bulundu\\\/\",\"name\":\"Depremde 100 ki\u015finin hayat\u0131n\u0131 kaybetti\u011fi Hisami Apartman\u0131 davas\u0131 san\u0131klar\u0131n\u0131n cezas\u0131 hukuka uygun bulundu - Memurun Sesi\",\"isPartOf\":{\"@id\":\"https:\\\/\\\/memurunsesi.net\\\/#website\"},\"primaryImageOfPage\":{\"@id\":\"https:\\\/\\\/memurunsesi.net\\\/index.php\\\/2025\\\/08\\\/08\\\/depremde-100-kisinin-hayatini-kaybettigi-hisami-apartmani-davasi-saniklarinin-cezasi-hukuka-uygun-bulundu\\\/#primaryimage\"},\"image\":{\"@id\":\"https:\\\/\\\/memurunsesi.net\\\/index.php\\\/2025\\\/08\\\/08\\\/depremde-100-kisinin-hayatini-kaybettigi-hisami-apartmani-davasi-saniklarinin-cezasi-hukuka-uygun-bulundu\\\/#primaryimage\"},\"thumbnailUrl\":\"https:\\\/\\\/memurunsesi.net\\\/wp-content\\\/uploads\\\/2025\\\/08\\\/AW513423_01.jpg\",\"datePublished\":\"2025-08-08T10:46:45+00:00\",\"breadcrumb\":{\"@id\":\"https:\\\/\\\/memurunsesi.net\\\/index.php\\\/2025\\\/08\\\/08\\\/depremde-100-kisinin-hayatini-kaybettigi-hisami-apartmani-davasi-saniklarinin-cezasi-hukuka-uygun-bulundu\\\/#breadcrumb\"},\"inLanguage\":\"tr\",\"potentialAction\":[{\"@type\":\"ReadAction\",\"target\":[\"https:\\\/\\\/memurunsesi.net\\\/index.php\\\/2025\\\/08\\\/08\\\/depremde-100-kisinin-hayatini-kaybettigi-hisami-apartmani-davasi-saniklarinin-cezasi-hukuka-uygun-bulundu\\\/\"]}]},{\"@type\":\"ImageObject\",\"inLanguage\":\"tr\",\"@id\":\"https:\\\/\\\/memurunsesi.net\\\/index.php\\\/2025\\\/08\\\/08\\\/depremde-100-kisinin-hayatini-kaybettigi-hisami-apartmani-davasi-saniklarinin-cezasi-hukuka-uygun-bulundu\\\/#primaryimage\",\"url\":\"https:\\\/\\\/memurunsesi.net\\\/wp-content\\\/uploads\\\/2025\\\/08\\\/AW513423_01.jpg\",\"contentUrl\":\"https:\\\/\\\/memurunsesi.net\\\/wp-content\\\/uploads\\\/2025\\\/08\\\/AW513423_01.jpg\",\"width\":999,\"height\":666,\"caption\":\"D\u0130YARBAKIR B\u00d6LGE ADL\u0130YE MAHKEMES\u0130 10. CEZA DA\u0130RES\u0130, 6 \u015eUBAT 2023'TEK\u0130 KAHRAMANMARA\u015e MERKEZL\u0130 DEPREMLERDE YIKILAN VE 100 K\u0130\u015e\u0130N\u0130N YA\u015eAMINI Y\u0130T\u0130RD\u0130\u011e\u0130, 32 K\u0130\u015e\u0130N\u0130N YARALANDI\u011eI H\u0130SAM\u0130 APARTMANI'NA \u0130L\u0130\u015eK\u0130N DAVADA TUTUKLU SANIKLAR 2 M\u00dcTEAHH\u0130T VE 2 ARSA SAH\u0130B\u0130NE VER\u0130LEN 17 YIL 6'\u015eAR AY HAP\u0130S CEZASI KARARINI HUKUKA UYGUN BULDU. (RIDVAN KILI\u00c7 - ZEHRA GAYRETL\u0130\\\/D\u0130YARBAKIR-\u0130HA) Diyarbak\u0131r B\u00f6lge Adliye Mahkemesi 10. Ceza Dairesi, 6 \u015eubat 2023'teki Kahramanmara\u015f merkezli depremlerde y\u0131k\u0131lan ve 100 ki\u015finin ya\u015fam\u0131n\u0131 yitirdi\u011fi, 32 ki\u015finin yaraland\u0131\u011f\u0131 Hisami Apartman\u0131'na ili\u015fkin davada tutuklu san\u0131klar 2 m\u00fcteahhit ve 2 arsa sahibine verilen 17 y\u0131l 6'\u015far ay hapis cezas\u0131 karar\u0131n\u0131 hukuka uygun buldu.\"},{\"@type\":\"BreadcrumbList\",\"@id\":\"https:\\\/\\\/memurunsesi.net\\\/index.php\\\/2025\\\/08\\\/08\\\/depremde-100-kisinin-hayatini-kaybettigi-hisami-apartmani-davasi-saniklarinin-cezasi-hukuka-uygun-bulundu\\\/#breadcrumb\",\"itemListElement\":[{\"@type\":\"ListItem\",\"position\":1,\"name\":\"Anasayfa\",\"item\":\"https:\\\/\\\/memurunsesi.net\\\/\"},{\"@type\":\"ListItem\",\"position\":2,\"name\":\"Depremde 100 ki\u015finin hayat\u0131n\u0131 kaybetti\u011fi Hisami Apartman\u0131 davas\u0131 san\u0131klar\u0131n\u0131n cezas\u0131 hukuka uygun bulundu\"}]},{\"@type\":\"WebSite\",\"@id\":\"https:\\\/\\\/memurunsesi.net\\\/#website\",\"url\":\"https:\\\/\\\/memurunsesi.net\\\/\",\"name\":\"Memurun Sesi\",\"description\":\"G\u00fcncel ve Do\u011fru Haber\",\"publisher\":{\"@id\":\"https:\\\/\\\/memurunsesi.net\\\/#organization\"},\"potentialAction\":[{\"@type\":\"SearchAction\",\"target\":{\"@type\":\"EntryPoint\",\"urlTemplate\":\"https:\\\/\\\/memurunsesi.net\\\/?s={search_term_string}\"},\"query-input\":{\"@type\":\"PropertyValueSpecification\",\"valueRequired\":true,\"valueName\":\"search_term_string\"}}],\"inLanguage\":\"tr\"},{\"@type\":\"Organization\",\"@id\":\"https:\\\/\\\/memurunsesi.net\\\/#organization\",\"name\":\"Memurun Sesi\",\"url\":\"https:\\\/\\\/memurunsesi.net\\\/\",\"logo\":{\"@type\":\"ImageObject\",\"inLanguage\":\"tr\",\"@id\":\"https:\\\/\\\/memurunsesi.net\\\/#\\\/schema\\\/logo\\\/image\\\/\",\"url\":\"https:\\\/\\\/memurunsesi.net\\\/wp-content\\\/uploads\\\/2025\\\/11\\\/cropped-MEMURUN-SESI.png\",\"contentUrl\":\"https:\\\/\\\/memurunsesi.net\\\/wp-content\\\/uploads\\\/2025\\\/11\\\/cropped-MEMURUN-SESI.png\",\"width\":238,\"height\":57,\"caption\":\"Memurun Sesi\"},\"image\":{\"@id\":\"https:\\\/\\\/memurunsesi.net\\\/#\\\/schema\\\/logo\\\/image\\\/\"},\"sameAs\":[\"https:\\\/\\\/www.facebook.com\\\/unipersen\\\/?locale=tr_TR\",\"https:\\\/\\\/x.com\\\/unipersen\"]},{\"@type\":\"Person\",\"@id\":\"https:\\\/\\\/memurunsesi.net\\\/#\\\/schema\\\/person\\\/f21c2d73b89f6ee1d80b0a1803e38587\",\"name\":\"Memurun Sesi Haber Merkezi\",\"image\":{\"@type\":\"ImageObject\",\"inLanguage\":\"tr\",\"@id\":\"https:\\\/\\\/secure.gravatar.com\\\/avatar\\\/6cf0505f452ee753f485014986fab09a434671d2b919ee76fc541025c5876a70?s=96&d=mm&r=g\",\"url\":\"https:\\\/\\\/secure.gravatar.com\\\/avatar\\\/6cf0505f452ee753f485014986fab09a434671d2b919ee76fc541025c5876a70?s=96&d=mm&r=g\",\"contentUrl\":\"https:\\\/\\\/secure.gravatar.com\\\/avatar\\\/6cf0505f452ee753f485014986fab09a434671d2b919ee76fc541025c5876a70?s=96&d=mm&r=g\",\"caption\":\"Memurun Sesi Haber Merkezi\"},\"sameAs\":[\"https:\\\/\\\/memurunsesi.net\"],\"url\":\"https:\\\/\\\/memurunsesi.net\\\/index.php\\\/author\\\/uniper\\\/\"}]}<\/script>\n<!-- \/ Yoast SEO plugin. -->","yoast_head_json":{"title":"Depremde 100 ki\u015finin hayat\u0131n\u0131 kaybetti\u011fi Hisami Apartman\u0131 davas\u0131 san\u0131klar\u0131n\u0131n cezas\u0131 hukuka uygun bulundu - Memurun Sesi","robots":{"index":"index","follow":"follow","max-snippet":"max-snippet:-1","max-image-preview":"max-image-preview:large","max-video-preview":"max-video-preview:-1"},"canonical":"https:\/\/memurunsesi.net\/index.php\/2025\/08\/08\/depremde-100-kisinin-hayatini-kaybettigi-hisami-apartmani-davasi-saniklarinin-cezasi-hukuka-uygun-bulundu\/","og_locale":"tr_TR","og_type":"article","og_title":"Depremde 100 ki\u015finin hayat\u0131n\u0131 kaybetti\u011fi Hisami Apartman\u0131 davas\u0131 san\u0131klar\u0131n\u0131n cezas\u0131 hukuka uygun bulundu - Memurun Sesi","og_description":"Diyarbak\u0131r B\u00f6lge Adliye Mahkemesi 10. Ceza Dairesi, 6 \u015eubat 2023&#8217;teki Kahramanmara\u015f merkezli depremlerde y\u0131k\u0131lan ve 100 ki\u015finin ya\u015fam\u0131n\u0131 yitirdi\u011fi, 32 ki\u015finin yaraland\u0131\u011f\u0131 Hisami Apartman\u0131&#8217;na ili\u015fkin davada tutuklu san\u0131klar 2 m\u00fcteahhit ve 2 arsa sahibine verilen 17 y\u0131l 6&#8217;\u015far ay hapis cezas\u0131 karar\u0131n\u0131 hukuka uygun buldu. Diyarbak\u0131r 6. A\u011f\u0131r Ceza Mahkemesi&#8217;nde 24 Eyl\u00fcl 2024&#8217;teki karar duru\u015fmas\u0131nda, [&hellip;]","og_url":"https:\/\/memurunsesi.net\/index.php\/2025\/08\/08\/depremde-100-kisinin-hayatini-kaybettigi-hisami-apartmani-davasi-saniklarinin-cezasi-hukuka-uygun-bulundu\/","og_site_name":"Memurun Sesi","article_publisher":"https:\/\/www.facebook.com\/unipersen\/?locale=tr_TR","article_published_time":"2025-08-08T10:46:45+00:00","og_image":[{"width":999,"height":666,"url":"https:\/\/memurunsesi.net\/wp-content\/uploads\/2025\/08\/AW513423_01.jpg","type":"image\/jpeg"}],"author":"Memurun Sesi Haber Merkezi","twitter_card":"summary_large_image","twitter_creator":"@unipersen","twitter_site":"@unipersen","twitter_misc":{"Yazan:":"Memurun Sesi Haber Merkezi","Tahmini okuma s\u00fcresi":"1 dakika"},"schema":{"@context":"https:\/\/schema.org","@graph":[{"@type":"Article","@id":"https:\/\/memurunsesi.net\/index.php\/2025\/08\/08\/depremde-100-kisinin-hayatini-kaybettigi-hisami-apartmani-davasi-saniklarinin-cezasi-hukuka-uygun-bulundu\/#article","isPartOf":{"@id":"https:\/\/memurunsesi.net\/index.php\/2025\/08\/08\/depremde-100-kisinin-hayatini-kaybettigi-hisami-apartmani-davasi-saniklarinin-cezasi-hukuka-uygun-bulundu\/"},"author":{"name":"Memurun Sesi Haber Merkezi","@id":"https:\/\/memurunsesi.net\/#\/schema\/person\/f21c2d73b89f6ee1d80b0a1803e38587"},"headline":"Depremde 100 ki\u015finin hayat\u0131n\u0131 kaybetti\u011fi Hisami Apartman\u0131 davas\u0131 san\u0131klar\u0131n\u0131n cezas\u0131 hukuka uygun bulundu","datePublished":"2025-08-08T10:46:45+00:00","mainEntityOfPage":{"@id":"https:\/\/memurunsesi.net\/index.php\/2025\/08\/08\/depremde-100-kisinin-hayatini-kaybettigi-hisami-apartmani-davasi-saniklarinin-cezasi-hukuka-uygun-bulundu\/"},"wordCount":443,"commentCount":0,"publisher":{"@id":"https:\/\/memurunsesi.net\/#organization"},"image":{"@id":"https:\/\/memurunsesi.net\/index.php\/2025\/08\/08\/depremde-100-kisinin-hayatini-kaybettigi-hisami-apartmani-davasi-saniklarinin-cezasi-hukuka-uygun-bulundu\/#primaryimage"},"thumbnailUrl":"https:\/\/memurunsesi.net\/wp-content\/uploads\/2025\/08\/AW513423_01.jpg","inLanguage":"tr","potentialAction":[{"@type":"CommentAction","name":"Comment","target":["https:\/\/memurunsesi.net\/index.php\/2025\/08\/08\/depremde-100-kisinin-hayatini-kaybettigi-hisami-apartmani-davasi-saniklarinin-cezasi-hukuka-uygun-bulundu\/#respond"]}]},{"@type":"WebPage","@id":"https:\/\/memurunsesi.net\/index.php\/2025\/08\/08\/depremde-100-kisinin-hayatini-kaybettigi-hisami-apartmani-davasi-saniklarinin-cezasi-hukuka-uygun-bulundu\/","url":"https:\/\/memurunsesi.net\/index.php\/2025\/08\/08\/depremde-100-kisinin-hayatini-kaybettigi-hisami-apartmani-davasi-saniklarinin-cezasi-hukuka-uygun-bulundu\/","name":"Depremde 100 ki\u015finin hayat\u0131n\u0131 kaybetti\u011fi Hisami Apartman\u0131 davas\u0131 san\u0131klar\u0131n\u0131n cezas\u0131 hukuka uygun bulundu - Memurun Sesi","isPartOf":{"@id":"https:\/\/memurunsesi.net\/#website"},"primaryImageOfPage":{"@id":"https:\/\/memurunsesi.net\/index.php\/2025\/08\/08\/depremde-100-kisinin-hayatini-kaybettigi-hisami-apartmani-davasi-saniklarinin-cezasi-hukuka-uygun-bulundu\/#primaryimage"},"image":{"@id":"https:\/\/memurunsesi.net\/index.php\/2025\/08\/08\/depremde-100-kisinin-hayatini-kaybettigi-hisami-apartmani-davasi-saniklarinin-cezasi-hukuka-uygun-bulundu\/#primaryimage"},"thumbnailUrl":"https:\/\/memurunsesi.net\/wp-content\/uploads\/2025\/08\/AW513423_01.jpg","datePublished":"2025-08-08T10:46:45+00:00","breadcrumb":{"@id":"https:\/\/memurunsesi.net\/index.php\/2025\/08\/08\/depremde-100-kisinin-hayatini-kaybettigi-hisami-apartmani-davasi-saniklarinin-cezasi-hukuka-uygun-bulundu\/#breadcrumb"},"inLanguage":"tr","potentialAction":[{"@type":"ReadAction","target":["https:\/\/memurunsesi.net\/index.php\/2025\/08\/08\/depremde-100-kisinin-hayatini-kaybettigi-hisami-apartmani-davasi-saniklarinin-cezasi-hukuka-uygun-bulundu\/"]}]},{"@type":"ImageObject","inLanguage":"tr","@id":"https:\/\/memurunsesi.net\/index.php\/2025\/08\/08\/depremde-100-kisinin-hayatini-kaybettigi-hisami-apartmani-davasi-saniklarinin-cezasi-hukuka-uygun-bulundu\/#primaryimage","url":"https:\/\/memurunsesi.net\/wp-content\/uploads\/2025\/08\/AW513423_01.jpg","contentUrl":"https:\/\/memurunsesi.net\/wp-content\/uploads\/2025\/08\/AW513423_01.jpg","width":999,"height":666,"caption":"D\u0130YARBAKIR B\u00d6LGE ADL\u0130YE MAHKEMES\u0130 10. CEZA DA\u0130RES\u0130, 6 \u015eUBAT 2023'TEK\u0130 KAHRAMANMARA\u015e MERKEZL\u0130 DEPREMLERDE YIKILAN VE 100 K\u0130\u015e\u0130N\u0130N YA\u015eAMINI Y\u0130T\u0130RD\u0130\u011e\u0130, 32 K\u0130\u015e\u0130N\u0130N YARALANDI\u011eI H\u0130SAM\u0130 APARTMANI'NA \u0130L\u0130\u015eK\u0130N DAVADA TUTUKLU SANIKLAR 2 M\u00dcTEAHH\u0130T VE 2 ARSA SAH\u0130B\u0130NE VER\u0130LEN 17 YIL 6'\u015eAR AY HAP\u0130S CEZASI KARARINI HUKUKA UYGUN BULDU. (RIDVAN KILI\u00c7 - ZEHRA GAYRETL\u0130\/D\u0130YARBAKIR-\u0130HA) Diyarbak\u0131r B\u00f6lge Adliye Mahkemesi 10. Ceza Dairesi, 6 \u015eubat 2023'teki Kahramanmara\u015f merkezli depremlerde y\u0131k\u0131lan ve 100 ki\u015finin ya\u015fam\u0131n\u0131 yitirdi\u011fi, 32 ki\u015finin yaraland\u0131\u011f\u0131 Hisami Apartman\u0131'na ili\u015fkin davada tutuklu san\u0131klar 2 m\u00fcteahhit ve 2 arsa sahibine verilen 17 y\u0131l 6'\u015far ay hapis cezas\u0131 karar\u0131n\u0131 hukuka uygun buldu."},{"@type":"BreadcrumbList","@id":"https:\/\/memurunsesi.net\/index.php\/2025\/08\/08\/depremde-100-kisinin-hayatini-kaybettigi-hisami-apartmani-davasi-saniklarinin-cezasi-hukuka-uygun-bulundu\/#breadcrumb","itemListElement":[{"@type":"ListItem","position":1,"name":"Anasayfa","item":"https:\/\/memurunsesi.net\/"},{"@type":"ListItem","position":2,"name":"Depremde 100 ki\u015finin hayat\u0131n\u0131 kaybetti\u011fi Hisami Apartman\u0131 davas\u0131 san\u0131klar\u0131n\u0131n cezas\u0131 hukuka uygun bulundu"}]},{"@type":"WebSite","@id":"https:\/\/memurunsesi.net\/#website","url":"https:\/\/memurunsesi.net\/","name":"Memurun Sesi","description":"G\u00fcncel ve Do\u011fru Haber","publisher":{"@id":"https:\/\/memurunsesi.net\/#organization"},"potentialAction":[{"@type":"SearchAction","target":{"@type":"EntryPoint","urlTemplate":"https:\/\/memurunsesi.net\/?s={search_term_string}"},"query-input":{"@type":"PropertyValueSpecification","valueRequired":true,"valueName":"search_term_string"}}],"inLanguage":"tr"},{"@type":"Organization","@id":"https:\/\/memurunsesi.net\/#organization","name":"Memurun Sesi","url":"https:\/\/memurunsesi.net\/","logo":{"@type":"ImageObject","inLanguage":"tr","@id":"https:\/\/memurunsesi.net\/#\/schema\/logo\/image\/","url":"https:\/\/memurunsesi.net\/wp-content\/uploads\/2025\/11\/cropped-MEMURUN-SESI.png","contentUrl":"https:\/\/memurunsesi.net\/wp-content\/uploads\/2025\/11\/cropped-MEMURUN-SESI.png","width":238,"height":57,"caption":"Memurun Sesi"},"image":{"@id":"https:\/\/memurunsesi.net\/#\/schema\/logo\/image\/"},"sameAs":["https:\/\/www.facebook.com\/unipersen\/?locale=tr_TR","https:\/\/x.com\/unipersen"]},{"@type":"Person","@id":"https:\/\/memurunsesi.net\/#\/schema\/person\/f21c2d73b89f6ee1d80b0a1803e38587","name":"Memurun Sesi Haber Merkezi","image":{"@type":"ImageObject","inLanguage":"tr","@id":"https:\/\/secure.gravatar.com\/avatar\/6cf0505f452ee753f485014986fab09a434671d2b919ee76fc541025c5876a70?s=96&d=mm&r=g","url":"https:\/\/secure.gravatar.com\/avatar\/6cf0505f452ee753f485014986fab09a434671d2b919ee76fc541025c5876a70?s=96&d=mm&r=g","contentUrl":"https:\/\/secure.gravatar.com\/avatar\/6cf0505f452ee753f485014986fab09a434671d2b919ee76fc541025c5876a70?s=96&d=mm&r=g","caption":"Memurun Sesi Haber Merkezi"},"sameAs":["https:\/\/memurunsesi.net"],"url":"https:\/\/memurunsesi.net\/index.php\/author\/uniper\/"}]}},"_links":{"self":[{"href":"https:\/\/memurunsesi.net\/index.php\/wp-json\/wp\/v2\/posts\/10173","targetHints":{"allow":["GET"]}}],"collection":[{"href":"https:\/\/memurunsesi.net\/index.php\/wp-json\/wp\/v2\/posts"}],"about":[{"href":"https:\/\/memurunsesi.net\/index.php\/wp-json\/wp\/v2\/types\/post"}],"author":[{"embeddable":true,"href":"https:\/\/memurunsesi.net\/index.php\/wp-json\/wp\/v2\/users\/1"}],"replies":[{"embeddable":true,"href":"https:\/\/memurunsesi.net\/index.php\/wp-json\/wp\/v2\/comments?post=10173"}],"version-history":[{"count":1,"href":"https:\/\/memurunsesi.net\/index.php\/wp-json\/wp\/v2\/posts\/10173\/revisions"}],"predecessor-version":[{"id":10175,"href":"https:\/\/memurunsesi.net\/index.php\/wp-json\/wp\/v2\/posts\/10173\/revisions\/10175"}],"wp:featuredmedia":[{"embeddable":true,"href":"https:\/\/memurunsesi.net\/index.php\/wp-json\/wp\/v2\/media\/10174"}],"wp:attachment":[{"href":"https:\/\/memurunsesi.net\/index.php\/wp-json\/wp\/v2\/media?parent=10173"}],"wp:term":[{"taxonomy":"category","embeddable":true,"href":"https:\/\/memurunsesi.net\/index.php\/wp-json\/wp\/v2\/categories?post=10173"},{"taxonomy":"post_tag","embeddable":true,"href":"https:\/\/memurunsesi.net\/index.php\/wp-json\/wp\/v2\/tags?post=10173"}],"curies":[{"name":"wp","href":"https:\/\/api.w.org\/{rel}","templated":true}]}}