{"id":10182,"date":"2025-08-10T08:14:02","date_gmt":"2025-08-10T05:14:02","guid":{"rendered":"https:\/\/memurunsesi.net\/?p=10182"},"modified":"2025-08-10T08:14:02","modified_gmt":"2025-08-10T05:14:02","slug":"bayrampasada-alkollu-surucunun-kullandigi-arac-kamyonete-carpti-3-yarali","status":"publish","type":"post","link":"https:\/\/memurunsesi.net\/index.php\/2025\/08\/10\/bayrampasada-alkollu-surucunun-kullandigi-arac-kamyonete-carpti-3-yarali\/","title":{"rendered":"Bayrampa\u015fa&#8217;da alkoll\u00fc s\u00fcr\u00fcc\u00fcn\u00fcn kulland\u0131\u011f\u0131 ara\u00e7 kamyonete \u00e7arpt\u0131: 3 yaral\u0131"},"content":{"rendered":"<p>                                             IHAAW041033-ASA\/10-08-2025 <\/p>\n<p>  &#8211; <\/p>\n<p>  \u0130stanbul Bayrampa\u015fa&#8217;da s\u00fcr\u00fcc\u00fcs\u00fcn\u00fcn alkoll\u00fc oldu\u011fu \u00f6\u011frenilen hafif ticari ara\u00e7, park halindeki kamyonete \u00e7arpt\u0131. Kazada 3 ki\u015fi yaraland\u0131.<br \/>\nKaza, saat 02.30 s\u0131ralar\u0131nda Metris Esenler Ba\u011flant\u0131 Yolu\u2019nda meydana geldi. Edinilen bilgiye g\u00f6re, Fatih A. taraf\u0131ndan yak\u0131t\u0131 bitti\u011fi i\u00e7in emniyet \u015feridine park edilen 34 BFV 776 plakal\u0131 kamyonete, ayn\u0131 istikamete seyir halinde olan Muhammed Emir \u00d6. (21) idaresindeki 34 ELC 827 plakal\u0131 hafif ticari ara\u00e7 \u00e7arpt\u0131. Kazan\u0131n etkisiyle kamyonet savrularak yol kenar\u0131nda bekleyen Fatih A.&#8217;ya \u00e7arpt\u0131. \u00c7arpman\u0131n etkisiyle Muhammed Emir \u00d6. (21) ara\u00e7 i\u00e7erisine s\u0131k\u0131\u015f\u0131rken ara\u00e7ta yolcu konumunda bulunan bir \u015fah\u0131s da yaraland\u0131. \u00c7evredeki vatanda\u015flar\u0131n ihbar\u0131 \u00fczerine olay yerine \u00e7ok say\u0131da polis, itfaiye ve sa\u011fl\u0131k ekibi sevk edildi. \u0130tfaiye ekipleri taraf\u0131ndan ara\u00e7 i\u00e7erisine s\u0131k\u0131\u015fan Muhammed Emir \u00d6. (21) bulundu\u011fu yerden kurtar\u0131ld\u0131. Sa\u011fl\u0131k ekiplerinin ilk m\u00fcdahalesinin ard\u0131ndan yaral\u0131lar hastaneye kald\u0131r\u0131l\u0131rken, polis ekiplerinin yapt\u0131\u011f\u0131 inceleme sonras\u0131, Muhammed Emir \u00d6.\u2019n\u00fcn alkoll\u00fc ara\u00e7 kulland\u0131\u011f\u0131 anla\u015f\u0131ld\u0131.<br \/>\n  Kaza nedeniyle b\u00f6lgede yo\u011fun trafik olu\u015ftu. Polis ekipleri yolun bir k\u0131sm\u0131n\u0131 trafi\u011fe kapatt\u0131. Kazaya kar\u0131\u015fan ara\u00e7lar\u0131n \u00e7ekici yard\u0131m\u0131yla kald\u0131r\u0131lmas\u0131n\u0131n ard\u0131ndan trafik normalde d\u00f6nd\u00fc. Polis kaza ile ilgili inceleme ba\u015flatt\u0131. <\/p>\n<p>10.08.2025                                <\/p>\n","protected":false},"excerpt":{"rendered":"<p>IHAAW041033-ASA\/10-08-2025 &#8211; \u0130stanbul Bayrampa\u015fa&#8217;da s\u00fcr\u00fcc\u00fcs\u00fcn\u00fcn alkoll\u00fc oldu\u011fu \u00f6\u011frenilen hafif ticari ara\u00e7, park halindeki kamyonete \u00e7arpt\u0131. Kazada 3 ki\u015fi yaraland\u0131. Kaza, saat 02.30 s\u0131ralar\u0131nda Metris Esenler Ba\u011flant\u0131 Yolu\u2019nda meydana geldi. Edinilen bilgiye g\u00f6re, Fatih A. taraf\u0131ndan yak\u0131t\u0131 bitti\u011fi i\u00e7in emniyet \u015feridine park edilen 34 BFV 776 plakal\u0131 kamyonete, ayn\u0131 istikamete seyir halinde olan Muhammed Emir \u00d6. [&hellip;]<\/p>\n","protected":false},"author":1,"featured_media":10183,"comment_status":"open","ping_status":"open","sticky":false,"template":"","format":"standard","meta":{"footnotes":""},"categories":[45],"tags":[],"class_list":["post-10182","post","type-post","status-publish","format-standard","has-post-thumbnail","hentry","category-gundem"],"yoast_head":"<!-- This site is optimized with the Yoast SEO plugin v27.4 - https:\/\/yoast.com\/product\/yoast-seo-wordpress\/ -->\n<title>Bayrampa\u015fa&#039;da alkoll\u00fc s\u00fcr\u00fcc\u00fcn\u00fcn kulland\u0131\u011f\u0131 ara\u00e7 kamyonete \u00e7arpt\u0131: 3 yaral\u0131 - Memurun Sesi<\/title>\n<meta name=\"robots\" content=\"index, follow, max-snippet:-1, max-image-preview:large, max-video-preview:-1\" \/>\n<link rel=\"canonical\" href=\"https:\/\/memurunsesi.net\/index.php\/2025\/08\/10\/bayrampasada-alkollu-surucunun-kullandigi-arac-kamyonete-carpti-3-yarali\/\" \/>\n<meta property=\"og:locale\" content=\"tr_TR\" \/>\n<meta property=\"og:type\" content=\"article\" \/>\n<meta property=\"og:title\" content=\"Bayrampa\u015fa&#039;da alkoll\u00fc s\u00fcr\u00fcc\u00fcn\u00fcn kulland\u0131\u011f\u0131 ara\u00e7 kamyonete \u00e7arpt\u0131: 3 yaral\u0131 - Memurun Sesi\" \/>\n<meta property=\"og:description\" content=\"IHAAW041033-ASA\/10-08-2025 &#8211; \u0130stanbul Bayrampa\u015fa&#8217;da s\u00fcr\u00fcc\u00fcs\u00fcn\u00fcn alkoll\u00fc oldu\u011fu \u00f6\u011frenilen hafif ticari ara\u00e7, park halindeki kamyonete \u00e7arpt\u0131. Kazada 3 ki\u015fi yaraland\u0131. Kaza, saat 02.30 s\u0131ralar\u0131nda Metris Esenler Ba\u011flant\u0131 Yolu\u2019nda meydana geldi. Edinilen bilgiye g\u00f6re, Fatih A. taraf\u0131ndan yak\u0131t\u0131 bitti\u011fi i\u00e7in emniyet \u015feridine park edilen 34 BFV 776 plakal\u0131 kamyonete, ayn\u0131 istikamete seyir halinde olan Muhammed Emir \u00d6. [&hellip;]\" \/>\n<meta property=\"og:url\" content=\"https:\/\/memurunsesi.net\/index.php\/2025\/08\/10\/bayrampasada-alkollu-surucunun-kullandigi-arac-kamyonete-carpti-3-yarali\/\" \/>\n<meta property=\"og:site_name\" content=\"Memurun Sesi\" \/>\n<meta property=\"article:publisher\" content=\"https:\/\/www.facebook.com\/unipersen\/?locale=tr_TR\" \/>\n<meta property=\"article:published_time\" content=\"2025-08-10T05:14:02+00:00\" \/>\n<meta property=\"og:image\" content=\"https:\/\/memurunsesi.net\/wp-content\/uploads\/2025\/08\/AW514394_01.jpg\" \/>\n\t<meta property=\"og:image:width\" content=\"1920\" \/>\n\t<meta property=\"og:image:height\" content=\"1080\" \/>\n\t<meta property=\"og:image:type\" content=\"image\/jpeg\" \/>\n<meta name=\"author\" content=\"Memurun Sesi Haber Merkezi\" \/>\n<meta name=\"twitter:card\" content=\"summary_large_image\" \/>\n<meta name=\"twitter:creator\" content=\"@unipersen\" \/>\n<meta name=\"twitter:site\" content=\"@unipersen\" \/>\n<meta name=\"twitter:label1\" content=\"Yazan:\" \/>\n\t<meta name=\"twitter:data1\" content=\"Memurun Sesi Haber Merkezi\" \/>\n\t<meta name=\"twitter:label2\" content=\"Tahmini okuma s\u00fcresi\" \/>\n\t<meta name=\"twitter:data2\" content=\"1 dakika\" \/>\n<script type=\"application\/ld+json\" class=\"yoast-schema-graph\">{\"@context\":\"https:\\\/\\\/schema.org\",\"@graph\":[{\"@type\":\"Article\",\"@id\":\"https:\\\/\\\/memurunsesi.net\\\/index.php\\\/2025\\\/08\\\/10\\\/bayrampasada-alkollu-surucunun-kullandigi-arac-kamyonete-carpti-3-yarali\\\/#article\",\"isPartOf\":{\"@id\":\"https:\\\/\\\/memurunsesi.net\\\/index.php\\\/2025\\\/08\\\/10\\\/bayrampasada-alkollu-surucunun-kullandigi-arac-kamyonete-carpti-3-yarali\\\/\"},\"author\":{\"name\":\"Memurun Sesi Haber Merkezi\",\"@id\":\"https:\\\/\\\/memurunsesi.net\\\/#\\\/schema\\\/person\\\/f21c2d73b89f6ee1d80b0a1803e38587\"},\"headline\":\"Bayrampa\u015fa&#8217;da alkoll\u00fc s\u00fcr\u00fcc\u00fcn\u00fcn kulland\u0131\u011f\u0131 ara\u00e7 kamyonete \u00e7arpt\u0131: 3 yaral\u0131\",\"datePublished\":\"2025-08-10T05:14:02+00:00\",\"mainEntityOfPage\":{\"@id\":\"https:\\\/\\\/memurunsesi.net\\\/index.php\\\/2025\\\/08\\\/10\\\/bayrampasada-alkollu-surucunun-kullandigi-arac-kamyonete-carpti-3-yarali\\\/\"},\"wordCount\":240,\"commentCount\":0,\"publisher\":{\"@id\":\"https:\\\/\\\/memurunsesi.net\\\/#organization\"},\"image\":{\"@id\":\"https:\\\/\\\/memurunsesi.net\\\/index.php\\\/2025\\\/08\\\/10\\\/bayrampasada-alkollu-surucunun-kullandigi-arac-kamyonete-carpti-3-yarali\\\/#primaryimage\"},\"thumbnailUrl\":\"https:\\\/\\\/memurunsesi.net\\\/wp-content\\\/uploads\\\/2025\\\/08\\\/AW514394_01.jpg\",\"articleSection\":[\"G\u00fcndem\"],\"inLanguage\":\"tr\",\"potentialAction\":[{\"@type\":\"CommentAction\",\"name\":\"Comment\",\"target\":[\"https:\\\/\\\/memurunsesi.net\\\/index.php\\\/2025\\\/08\\\/10\\\/bayrampasada-alkollu-surucunun-kullandigi-arac-kamyonete-carpti-3-yarali\\\/#respond\"]}]},{\"@type\":\"WebPage\",\"@id\":\"https:\\\/\\\/memurunsesi.net\\\/index.php\\\/2025\\\/08\\\/10\\\/bayrampasada-alkollu-surucunun-kullandigi-arac-kamyonete-carpti-3-yarali\\\/\",\"url\":\"https:\\\/\\\/memurunsesi.net\\\/index.php\\\/2025\\\/08\\\/10\\\/bayrampasada-alkollu-surucunun-kullandigi-arac-kamyonete-carpti-3-yarali\\\/\",\"name\":\"Bayrampa\u015fa'da alkoll\u00fc s\u00fcr\u00fcc\u00fcn\u00fcn kulland\u0131\u011f\u0131 ara\u00e7 kamyonete \u00e7arpt\u0131: 3 yaral\u0131 - Memurun Sesi\",\"isPartOf\":{\"@id\":\"https:\\\/\\\/memurunsesi.net\\\/#website\"},\"primaryImageOfPage\":{\"@id\":\"https:\\\/\\\/memurunsesi.net\\\/index.php\\\/2025\\\/08\\\/10\\\/bayrampasada-alkollu-surucunun-kullandigi-arac-kamyonete-carpti-3-yarali\\\/#primaryimage\"},\"image\":{\"@id\":\"https:\\\/\\\/memurunsesi.net\\\/index.php\\\/2025\\\/08\\\/10\\\/bayrampasada-alkollu-surucunun-kullandigi-arac-kamyonete-carpti-3-yarali\\\/#primaryimage\"},\"thumbnailUrl\":\"https:\\\/\\\/memurunsesi.net\\\/wp-content\\\/uploads\\\/2025\\\/08\\\/AW514394_01.jpg\",\"datePublished\":\"2025-08-10T05:14:02+00:00\",\"breadcrumb\":{\"@id\":\"https:\\\/\\\/memurunsesi.net\\\/index.php\\\/2025\\\/08\\\/10\\\/bayrampasada-alkollu-surucunun-kullandigi-arac-kamyonete-carpti-3-yarali\\\/#breadcrumb\"},\"inLanguage\":\"tr\",\"potentialAction\":[{\"@type\":\"ReadAction\",\"target\":[\"https:\\\/\\\/memurunsesi.net\\\/index.php\\\/2025\\\/08\\\/10\\\/bayrampasada-alkollu-surucunun-kullandigi-arac-kamyonete-carpti-3-yarali\\\/\"]}]},{\"@type\":\"ImageObject\",\"inLanguage\":\"tr\",\"@id\":\"https:\\\/\\\/memurunsesi.net\\\/index.php\\\/2025\\\/08\\\/10\\\/bayrampasada-alkollu-surucunun-kullandigi-arac-kamyonete-carpti-3-yarali\\\/#primaryimage\",\"url\":\"https:\\\/\\\/memurunsesi.net\\\/wp-content\\\/uploads\\\/2025\\\/08\\\/AW514394_01.jpg\",\"contentUrl\":\"https:\\\/\\\/memurunsesi.net\\\/wp-content\\\/uploads\\\/2025\\\/08\\\/AW514394_01.jpg\",\"width\":1920,\"height\":1080,\"caption\":\"SIKI\u015eAN VATANDA\u015eI KURTARMA (AHMET UZUN - \u0130HSAN ATE\u015eMEN\\\/\u0130STANBUL-\u0130HA) \u0130stanbul Bayrampa\u015fa'da s\u00fcr\u00fcc\u00fcs\u00fcn\u00fcn alkoll\u00fc oldu\u011fu \u00f6\u011frenilen hafif ticari ara\u00e7, park halindeki kamyonete \u00e7arpt\u0131. Kazada 3 ki\u015fi yaraland\u0131.\"},{\"@type\":\"BreadcrumbList\",\"@id\":\"https:\\\/\\\/memurunsesi.net\\\/index.php\\\/2025\\\/08\\\/10\\\/bayrampasada-alkollu-surucunun-kullandigi-arac-kamyonete-carpti-3-yarali\\\/#breadcrumb\",\"itemListElement\":[{\"@type\":\"ListItem\",\"position\":1,\"name\":\"Anasayfa\",\"item\":\"https:\\\/\\\/memurunsesi.net\\\/\"},{\"@type\":\"ListItem\",\"position\":2,\"name\":\"Bayrampa\u015fa&#8217;da alkoll\u00fc s\u00fcr\u00fcc\u00fcn\u00fcn kulland\u0131\u011f\u0131 ara\u00e7 kamyonete \u00e7arpt\u0131: 3 yaral\u0131\"}]},{\"@type\":\"WebSite\",\"@id\":\"https:\\\/\\\/memurunsesi.net\\\/#website\",\"url\":\"https:\\\/\\\/memurunsesi.net\\\/\",\"name\":\"Memurun Sesi\",\"description\":\"G\u00fcncel ve Do\u011fru Haber\",\"publisher\":{\"@id\":\"https:\\\/\\\/memurunsesi.net\\\/#organization\"},\"potentialAction\":[{\"@type\":\"SearchAction\",\"target\":{\"@type\":\"EntryPoint\",\"urlTemplate\":\"https:\\\/\\\/memurunsesi.net\\\/?s={search_term_string}\"},\"query-input\":{\"@type\":\"PropertyValueSpecification\",\"valueRequired\":true,\"valueName\":\"search_term_string\"}}],\"inLanguage\":\"tr\"},{\"@type\":\"Organization\",\"@id\":\"https:\\\/\\\/memurunsesi.net\\\/#organization\",\"name\":\"Memurun Sesi\",\"url\":\"https:\\\/\\\/memurunsesi.net\\\/\",\"logo\":{\"@type\":\"ImageObject\",\"inLanguage\":\"tr\",\"@id\":\"https:\\\/\\\/memurunsesi.net\\\/#\\\/schema\\\/logo\\\/image\\\/\",\"url\":\"https:\\\/\\\/memurunsesi.net\\\/wp-content\\\/uploads\\\/2025\\\/11\\\/cropped-MEMURUN-SESI.png\",\"contentUrl\":\"https:\\\/\\\/memurunsesi.net\\\/wp-content\\\/uploads\\\/2025\\\/11\\\/cropped-MEMURUN-SESI.png\",\"width\":238,\"height\":57,\"caption\":\"Memurun Sesi\"},\"image\":{\"@id\":\"https:\\\/\\\/memurunsesi.net\\\/#\\\/schema\\\/logo\\\/image\\\/\"},\"sameAs\":[\"https:\\\/\\\/www.facebook.com\\\/unipersen\\\/?locale=tr_TR\",\"https:\\\/\\\/x.com\\\/unipersen\"]},{\"@type\":\"Person\",\"@id\":\"https:\\\/\\\/memurunsesi.net\\\/#\\\/schema\\\/person\\\/f21c2d73b89f6ee1d80b0a1803e38587\",\"name\":\"Memurun Sesi Haber Merkezi\",\"image\":{\"@type\":\"ImageObject\",\"inLanguage\":\"tr\",\"@id\":\"https:\\\/\\\/secure.gravatar.com\\\/avatar\\\/6cf0505f452ee753f485014986fab09a434671d2b919ee76fc541025c5876a70?s=96&d=mm&r=g\",\"url\":\"https:\\\/\\\/secure.gravatar.com\\\/avatar\\\/6cf0505f452ee753f485014986fab09a434671d2b919ee76fc541025c5876a70?s=96&d=mm&r=g\",\"contentUrl\":\"https:\\\/\\\/secure.gravatar.com\\\/avatar\\\/6cf0505f452ee753f485014986fab09a434671d2b919ee76fc541025c5876a70?s=96&d=mm&r=g\",\"caption\":\"Memurun Sesi Haber Merkezi\"},\"sameAs\":[\"https:\\\/\\\/memurunsesi.net\"],\"url\":\"https:\\\/\\\/memurunsesi.net\\\/index.php\\\/author\\\/uniper\\\/\"}]}<\/script>\n<!-- \/ Yoast SEO plugin. -->","yoast_head_json":{"title":"Bayrampa\u015fa'da alkoll\u00fc s\u00fcr\u00fcc\u00fcn\u00fcn kulland\u0131\u011f\u0131 ara\u00e7 kamyonete \u00e7arpt\u0131: 3 yaral\u0131 - Memurun Sesi","robots":{"index":"index","follow":"follow","max-snippet":"max-snippet:-1","max-image-preview":"max-image-preview:large","max-video-preview":"max-video-preview:-1"},"canonical":"https:\/\/memurunsesi.net\/index.php\/2025\/08\/10\/bayrampasada-alkollu-surucunun-kullandigi-arac-kamyonete-carpti-3-yarali\/","og_locale":"tr_TR","og_type":"article","og_title":"Bayrampa\u015fa'da alkoll\u00fc s\u00fcr\u00fcc\u00fcn\u00fcn kulland\u0131\u011f\u0131 ara\u00e7 kamyonete \u00e7arpt\u0131: 3 yaral\u0131 - Memurun Sesi","og_description":"IHAAW041033-ASA\/10-08-2025 &#8211; \u0130stanbul Bayrampa\u015fa&#8217;da s\u00fcr\u00fcc\u00fcs\u00fcn\u00fcn alkoll\u00fc oldu\u011fu \u00f6\u011frenilen hafif ticari ara\u00e7, park halindeki kamyonete \u00e7arpt\u0131. Kazada 3 ki\u015fi yaraland\u0131. Kaza, saat 02.30 s\u0131ralar\u0131nda Metris Esenler Ba\u011flant\u0131 Yolu\u2019nda meydana geldi. Edinilen bilgiye g\u00f6re, Fatih A. taraf\u0131ndan yak\u0131t\u0131 bitti\u011fi i\u00e7in emniyet \u015feridine park edilen 34 BFV 776 plakal\u0131 kamyonete, ayn\u0131 istikamete seyir halinde olan Muhammed Emir \u00d6. [&hellip;]","og_url":"https:\/\/memurunsesi.net\/index.php\/2025\/08\/10\/bayrampasada-alkollu-surucunun-kullandigi-arac-kamyonete-carpti-3-yarali\/","og_site_name":"Memurun Sesi","article_publisher":"https:\/\/www.facebook.com\/unipersen\/?locale=tr_TR","article_published_time":"2025-08-10T05:14:02+00:00","og_image":[{"width":1920,"height":1080,"url":"https:\/\/memurunsesi.net\/wp-content\/uploads\/2025\/08\/AW514394_01.jpg","type":"image\/jpeg"}],"author":"Memurun Sesi Haber Merkezi","twitter_card":"summary_large_image","twitter_creator":"@unipersen","twitter_site":"@unipersen","twitter_misc":{"Yazan:":"Memurun Sesi Haber Merkezi","Tahmini okuma s\u00fcresi":"1 dakika"},"schema":{"@context":"https:\/\/schema.org","@graph":[{"@type":"Article","@id":"https:\/\/memurunsesi.net\/index.php\/2025\/08\/10\/bayrampasada-alkollu-surucunun-kullandigi-arac-kamyonete-carpti-3-yarali\/#article","isPartOf":{"@id":"https:\/\/memurunsesi.net\/index.php\/2025\/08\/10\/bayrampasada-alkollu-surucunun-kullandigi-arac-kamyonete-carpti-3-yarali\/"},"author":{"name":"Memurun Sesi Haber Merkezi","@id":"https:\/\/memurunsesi.net\/#\/schema\/person\/f21c2d73b89f6ee1d80b0a1803e38587"},"headline":"Bayrampa\u015fa&#8217;da alkoll\u00fc s\u00fcr\u00fcc\u00fcn\u00fcn kulland\u0131\u011f\u0131 ara\u00e7 kamyonete \u00e7arpt\u0131: 3 yaral\u0131","datePublished":"2025-08-10T05:14:02+00:00","mainEntityOfPage":{"@id":"https:\/\/memurunsesi.net\/index.php\/2025\/08\/10\/bayrampasada-alkollu-surucunun-kullandigi-arac-kamyonete-carpti-3-yarali\/"},"wordCount":240,"commentCount":0,"publisher":{"@id":"https:\/\/memurunsesi.net\/#organization"},"image":{"@id":"https:\/\/memurunsesi.net\/index.php\/2025\/08\/10\/bayrampasada-alkollu-surucunun-kullandigi-arac-kamyonete-carpti-3-yarali\/#primaryimage"},"thumbnailUrl":"https:\/\/memurunsesi.net\/wp-content\/uploads\/2025\/08\/AW514394_01.jpg","articleSection":["G\u00fcndem"],"inLanguage":"tr","potentialAction":[{"@type":"CommentAction","name":"Comment","target":["https:\/\/memurunsesi.net\/index.php\/2025\/08\/10\/bayrampasada-alkollu-surucunun-kullandigi-arac-kamyonete-carpti-3-yarali\/#respond"]}]},{"@type":"WebPage","@id":"https:\/\/memurunsesi.net\/index.php\/2025\/08\/10\/bayrampasada-alkollu-surucunun-kullandigi-arac-kamyonete-carpti-3-yarali\/","url":"https:\/\/memurunsesi.net\/index.php\/2025\/08\/10\/bayrampasada-alkollu-surucunun-kullandigi-arac-kamyonete-carpti-3-yarali\/","name":"Bayrampa\u015fa'da alkoll\u00fc s\u00fcr\u00fcc\u00fcn\u00fcn kulland\u0131\u011f\u0131 ara\u00e7 kamyonete \u00e7arpt\u0131: 3 yaral\u0131 - Memurun Sesi","isPartOf":{"@id":"https:\/\/memurunsesi.net\/#website"},"primaryImageOfPage":{"@id":"https:\/\/memurunsesi.net\/index.php\/2025\/08\/10\/bayrampasada-alkollu-surucunun-kullandigi-arac-kamyonete-carpti-3-yarali\/#primaryimage"},"image":{"@id":"https:\/\/memurunsesi.net\/index.php\/2025\/08\/10\/bayrampasada-alkollu-surucunun-kullandigi-arac-kamyonete-carpti-3-yarali\/#primaryimage"},"thumbnailUrl":"https:\/\/memurunsesi.net\/wp-content\/uploads\/2025\/08\/AW514394_01.jpg","datePublished":"2025-08-10T05:14:02+00:00","breadcrumb":{"@id":"https:\/\/memurunsesi.net\/index.php\/2025\/08\/10\/bayrampasada-alkollu-surucunun-kullandigi-arac-kamyonete-carpti-3-yarali\/#breadcrumb"},"inLanguage":"tr","potentialAction":[{"@type":"ReadAction","target":["https:\/\/memurunsesi.net\/index.php\/2025\/08\/10\/bayrampasada-alkollu-surucunun-kullandigi-arac-kamyonete-carpti-3-yarali\/"]}]},{"@type":"ImageObject","inLanguage":"tr","@id":"https:\/\/memurunsesi.net\/index.php\/2025\/08\/10\/bayrampasada-alkollu-surucunun-kullandigi-arac-kamyonete-carpti-3-yarali\/#primaryimage","url":"https:\/\/memurunsesi.net\/wp-content\/uploads\/2025\/08\/AW514394_01.jpg","contentUrl":"https:\/\/memurunsesi.net\/wp-content\/uploads\/2025\/08\/AW514394_01.jpg","width":1920,"height":1080,"caption":"SIKI\u015eAN VATANDA\u015eI KURTARMA (AHMET UZUN - \u0130HSAN ATE\u015eMEN\/\u0130STANBUL-\u0130HA) \u0130stanbul Bayrampa\u015fa'da s\u00fcr\u00fcc\u00fcs\u00fcn\u00fcn alkoll\u00fc oldu\u011fu \u00f6\u011frenilen hafif ticari ara\u00e7, park halindeki kamyonete \u00e7arpt\u0131. Kazada 3 ki\u015fi yaraland\u0131."},{"@type":"BreadcrumbList","@id":"https:\/\/memurunsesi.net\/index.php\/2025\/08\/10\/bayrampasada-alkollu-surucunun-kullandigi-arac-kamyonete-carpti-3-yarali\/#breadcrumb","itemListElement":[{"@type":"ListItem","position":1,"name":"Anasayfa","item":"https:\/\/memurunsesi.net\/"},{"@type":"ListItem","position":2,"name":"Bayrampa\u015fa&#8217;da alkoll\u00fc s\u00fcr\u00fcc\u00fcn\u00fcn kulland\u0131\u011f\u0131 ara\u00e7 kamyonete \u00e7arpt\u0131: 3 yaral\u0131"}]},{"@type":"WebSite","@id":"https:\/\/memurunsesi.net\/#website","url":"https:\/\/memurunsesi.net\/","name":"Memurun Sesi","description":"G\u00fcncel ve Do\u011fru Haber","publisher":{"@id":"https:\/\/memurunsesi.net\/#organization"},"potentialAction":[{"@type":"SearchAction","target":{"@type":"EntryPoint","urlTemplate":"https:\/\/memurunsesi.net\/?s={search_term_string}"},"query-input":{"@type":"PropertyValueSpecification","valueRequired":true,"valueName":"search_term_string"}}],"inLanguage":"tr"},{"@type":"Organization","@id":"https:\/\/memurunsesi.net\/#organization","name":"Memurun Sesi","url":"https:\/\/memurunsesi.net\/","logo":{"@type":"ImageObject","inLanguage":"tr","@id":"https:\/\/memurunsesi.net\/#\/schema\/logo\/image\/","url":"https:\/\/memurunsesi.net\/wp-content\/uploads\/2025\/11\/cropped-MEMURUN-SESI.png","contentUrl":"https:\/\/memurunsesi.net\/wp-content\/uploads\/2025\/11\/cropped-MEMURUN-SESI.png","width":238,"height":57,"caption":"Memurun Sesi"},"image":{"@id":"https:\/\/memurunsesi.net\/#\/schema\/logo\/image\/"},"sameAs":["https:\/\/www.facebook.com\/unipersen\/?locale=tr_TR","https:\/\/x.com\/unipersen"]},{"@type":"Person","@id":"https:\/\/memurunsesi.net\/#\/schema\/person\/f21c2d73b89f6ee1d80b0a1803e38587","name":"Memurun Sesi Haber Merkezi","image":{"@type":"ImageObject","inLanguage":"tr","@id":"https:\/\/secure.gravatar.com\/avatar\/6cf0505f452ee753f485014986fab09a434671d2b919ee76fc541025c5876a70?s=96&d=mm&r=g","url":"https:\/\/secure.gravatar.com\/avatar\/6cf0505f452ee753f485014986fab09a434671d2b919ee76fc541025c5876a70?s=96&d=mm&r=g","contentUrl":"https:\/\/secure.gravatar.com\/avatar\/6cf0505f452ee753f485014986fab09a434671d2b919ee76fc541025c5876a70?s=96&d=mm&r=g","caption":"Memurun Sesi Haber Merkezi"},"sameAs":["https:\/\/memurunsesi.net"],"url":"https:\/\/memurunsesi.net\/index.php\/author\/uniper\/"}]}},"_links":{"self":[{"href":"https:\/\/memurunsesi.net\/index.php\/wp-json\/wp\/v2\/posts\/10182","targetHints":{"allow":["GET"]}}],"collection":[{"href":"https:\/\/memurunsesi.net\/index.php\/wp-json\/wp\/v2\/posts"}],"about":[{"href":"https:\/\/memurunsesi.net\/index.php\/wp-json\/wp\/v2\/types\/post"}],"author":[{"embeddable":true,"href":"https:\/\/memurunsesi.net\/index.php\/wp-json\/wp\/v2\/users\/1"}],"replies":[{"embeddable":true,"href":"https:\/\/memurunsesi.net\/index.php\/wp-json\/wp\/v2\/comments?post=10182"}],"version-history":[{"count":1,"href":"https:\/\/memurunsesi.net\/index.php\/wp-json\/wp\/v2\/posts\/10182\/revisions"}],"predecessor-version":[{"id":10184,"href":"https:\/\/memurunsesi.net\/index.php\/wp-json\/wp\/v2\/posts\/10182\/revisions\/10184"}],"wp:featuredmedia":[{"embeddable":true,"href":"https:\/\/memurunsesi.net\/index.php\/wp-json\/wp\/v2\/media\/10183"}],"wp:attachment":[{"href":"https:\/\/memurunsesi.net\/index.php\/wp-json\/wp\/v2\/media?parent=10182"}],"wp:term":[{"taxonomy":"category","embeddable":true,"href":"https:\/\/memurunsesi.net\/index.php\/wp-json\/wp\/v2\/categories?post=10182"},{"taxonomy":"post_tag","embeddable":true,"href":"https:\/\/memurunsesi.net\/index.php\/wp-json\/wp\/v2\/tags?post=10182"}],"curies":[{"name":"wp","href":"https:\/\/api.w.org\/{rel}","templated":true}]}}