{"id":10191,"date":"2025-08-10T08:17:48","date_gmt":"2025-08-10T05:17:48","guid":{"rendered":"https:\/\/memurunsesi.net\/?p=10191"},"modified":"2025-08-10T08:17:48","modified_gmt":"2025-08-10T05:17:48","slug":"igdir-fk-sariyer-macinin-ardindan","status":"publish","type":"post","link":"https:\/\/memurunsesi.net\/index.php\/2025\/08\/10\/igdir-fk-sariyer-macinin-ardindan\/","title":{"rendered":"I\u011fd\u0131r FK &#8211; Sar\u0131yer ma\u00e7\u0131n\u0131n ard\u0131ndan"},"content":{"rendered":"<p>   Trendyol 1. Lig&#8217;in ilk haftas\u0131nda oynanan I\u011fd\u0131r FK &#8211; Sar\u0131yer ma\u00e7\u0131n\u0131n ard\u0131ndan teknik direkt\u00f6rler a\u00e7\u0131klamalarda bulundu.<br \/>\nTrendyol 1. Lig&#8217;in ilk haftas\u0131nda I\u011fd\u0131r FK, evinde Sar\u0131yer&#8217;i 2-1 ma\u011flup etti. Ma\u00e7\u0131n ard\u0131ndan iki tak\u0131m\u0131n teknik direkt\u00f6rleri bas\u0131n toplant\u0131s\u0131nda a\u00e7\u0131klamalarda bulundu.  Ma\u00e7a \u00e7ok iyi ba\u015flad\u0131klar\u0131n\u0131 s\u00f6yleyen I\u011fd\u0131r FK Teknik Direkt\u00f6r\u00fc \u00c7a\u011fda\u015f \u00c7avu\u015f, &#8220;Umar\u0131m herkesin keyif alaca\u011f\u0131 g\u00fczel bir sezon bizim ad\u0131m\u0131za da sizin ad\u0131n\u0131za da olur. Ma\u00e7 \u00f6zelinde geldi\u011fimizde \u015fimdi bir haz\u0131rl\u0131k d\u00f6nemi ge\u00e7irdik ve bu haz\u0131rl\u0131k d\u00f6nemi i\u00e7erisinde ger\u00e7ekten oyuncu kurulmas\u0131nda ge\u00e7en sezondan kalan bir durumu devam ettirdiler. Ma\u00e7a ba\u015flang\u0131c\u0131 iyi yapt\u0131k ve ilk yar\u0131 oyun i\u00e7erisinde \u00fcretti\u011fimiz pozisyonlar var. \u0130kinci devreye geldi\u011fimiz zaman ilk 15 dakika oyuna ger\u00e7ekten \u0131s\u0131namad\u0131\u011f\u0131m\u0131z bir durum olu\u015ftu ve \u00e7ok basit hatalar yapt\u0131k. Daha sonras\u0131nda hem oyuncu de\u011fi\u015fiklikleriyle beraber oyunu tamamen yine dominant hale getirmeye ba\u015flad\u0131k. Rakip yine sadece uzun toplarla  sonu\u00e7 ve skor bulmaya \u00e7al\u0131\u015ft\u0131. Bunu da  o \u00f6n alandaki kaybetti\u011fimiz yerdeki reaksiyonlar\u0131 s\u0131kla\u015ft\u0131rd\u0131k ve bask\u0131lar\u0131m\u0131z\u0131 artt\u0131rd\u0131k. Nitekim de kazand\u0131\u011f\u0131m\u0131z toplarla pozisyonlara girmeye ba\u015flad\u0131k. Sonunda da yine bir kenar organizasyonumuzla beraber kazand\u0131\u011f\u0131m\u0131z bir penalt\u0131 ve  sevindirici bir galibiyet&#8221; dedi. <\/p>\n<p>  &#8220;En k\u00f6t\u00fc bir puanla ayr\u0131lmam\u0131z gerekiyordu&#8221;<br \/>\n  Sar\u0131yer Teknik Direkt\u00f6r\u00fc \u015eenol Can ise, &#8220;I\u011fd\u0131r FK tak\u0131m\u0131n\u0131n ne kadar iyi bir tak\u0131m oldu\u011funu biliyorduk, onlara \u00e7ok b\u00fcy\u00fck sayg\u0131 duyuyorduk. Fakat biz b\u00fct\u00fcn planlar\u0131m\u0131z\u0131, b\u00fct\u00fcn oyun anlay\u0131\u015f\u0131m\u0131z\u0131 \u00e7ok iyi yapt\u0131k. Oyuncular\u0131m\u0131 tebrik ediyorum, ger\u00e7ekten en k\u00f6t\u00fc bir puanla ayr\u0131lmam\u0131z gerekiyordu. Fakat bizim i\u00e7in ma\u00e7\u0131n sonu \u00fcz\u00fcnt\u00fc verici oldu. \u0130ki tane \u00e7ok kolay penalt\u0131yla ma\u011flup olduk. I\u011fd\u0131r FK tak\u0131m\u0131n\u0131 tebrik ediyorum. Yeni kurulan bir tak\u0131m\u0131z. \u00c7ok iyi oyuncular\u0131m\u0131z var, teknik, taktik, fiziksel, psikolojik olarak ileriki  haftalarda \u00e7ok daha iyi bir Sar\u0131yer tak\u0131m\u0131 izletece\u011fiz. B\u00fct\u00fcn tak\u0131m\u0131m\u0131 tebrik ediyorum&#8221; ifadelerini kulland\u0131. <\/p>\n<p>10.08.2025                                 <\/p>\n","protected":false},"excerpt":{"rendered":"<p>Trendyol 1. Lig&#8217;in ilk haftas\u0131nda oynanan I\u011fd\u0131r FK &#8211; Sar\u0131yer ma\u00e7\u0131n\u0131n ard\u0131ndan teknik direkt\u00f6rler a\u00e7\u0131klamalarda bulundu. Trendyol 1. Lig&#8217;in ilk haftas\u0131nda I\u011fd\u0131r FK, evinde Sar\u0131yer&#8217;i 2-1 ma\u011flup etti. Ma\u00e7\u0131n ard\u0131ndan iki tak\u0131m\u0131n teknik direkt\u00f6rleri bas\u0131n toplant\u0131s\u0131nda a\u00e7\u0131klamalarda bulundu. Ma\u00e7a \u00e7ok iyi ba\u015flad\u0131klar\u0131n\u0131 s\u00f6yleyen I\u011fd\u0131r FK Teknik Direkt\u00f6r\u00fc \u00c7a\u011fda\u015f \u00c7avu\u015f, &#8220;Umar\u0131m herkesin keyif alaca\u011f\u0131 g\u00fczel bir [&hellip;]<\/p>\n","protected":false},"author":1,"featured_media":10192,"comment_status":"open","ping_status":"open","sticky":false,"template":"","format":"standard","meta":{"footnotes":""},"categories":[57],"tags":[],"class_list":["post-10191","post","type-post","status-publish","format-standard","has-post-thumbnail","hentry","category-spor"],"yoast_head":"<!-- This site is optimized with the Yoast SEO plugin v27.4 - https:\/\/yoast.com\/product\/yoast-seo-wordpress\/ -->\n<title>I\u011fd\u0131r FK - Sar\u0131yer ma\u00e7\u0131n\u0131n ard\u0131ndan - Memurun Sesi<\/title>\n<meta name=\"robots\" content=\"index, follow, max-snippet:-1, max-image-preview:large, max-video-preview:-1\" \/>\n<link rel=\"canonical\" href=\"https:\/\/memurunsesi.net\/index.php\/2025\/08\/10\/igdir-fk-sariyer-macinin-ardindan\/\" \/>\n<meta property=\"og:locale\" content=\"tr_TR\" \/>\n<meta property=\"og:type\" content=\"article\" \/>\n<meta property=\"og:title\" content=\"I\u011fd\u0131r FK - Sar\u0131yer ma\u00e7\u0131n\u0131n ard\u0131ndan - Memurun Sesi\" \/>\n<meta property=\"og:description\" content=\"Trendyol 1. Lig&#8217;in ilk haftas\u0131nda oynanan I\u011fd\u0131r FK &#8211; Sar\u0131yer ma\u00e7\u0131n\u0131n ard\u0131ndan teknik direkt\u00f6rler a\u00e7\u0131klamalarda bulundu. Trendyol 1. Lig&#8217;in ilk haftas\u0131nda I\u011fd\u0131r FK, evinde Sar\u0131yer&#8217;i 2-1 ma\u011flup etti. Ma\u00e7\u0131n ard\u0131ndan iki tak\u0131m\u0131n teknik direkt\u00f6rleri bas\u0131n toplant\u0131s\u0131nda a\u00e7\u0131klamalarda bulundu. Ma\u00e7a \u00e7ok iyi ba\u015flad\u0131klar\u0131n\u0131 s\u00f6yleyen I\u011fd\u0131r FK Teknik Direkt\u00f6r\u00fc \u00c7a\u011fda\u015f \u00c7avu\u015f, &#8220;Umar\u0131m herkesin keyif alaca\u011f\u0131 g\u00fczel bir [&hellip;]\" \/>\n<meta property=\"og:url\" content=\"https:\/\/memurunsesi.net\/index.php\/2025\/08\/10\/igdir-fk-sariyer-macinin-ardindan\/\" \/>\n<meta property=\"og:site_name\" content=\"Memurun Sesi\" \/>\n<meta property=\"article:publisher\" content=\"https:\/\/www.facebook.com\/unipersen\/?locale=tr_TR\" \/>\n<meta property=\"article:published_time\" content=\"2025-08-10T05:17:48+00:00\" \/>\n<meta property=\"og:image\" content=\"https:\/\/memurunsesi.net\/wp-content\/uploads\/2025\/08\/AW514389_01-scaled.jpg\" \/>\n\t<meta property=\"og:image:width\" content=\"2560\" \/>\n\t<meta property=\"og:image:height\" content=\"1707\" \/>\n\t<meta property=\"og:image:type\" content=\"image\/jpeg\" \/>\n<meta name=\"author\" content=\"Memurun Sesi Haber Merkezi\" \/>\n<meta name=\"twitter:card\" content=\"summary_large_image\" \/>\n<meta name=\"twitter:creator\" content=\"@unipersen\" \/>\n<meta name=\"twitter:site\" content=\"@unipersen\" \/>\n<meta name=\"twitter:label1\" content=\"Yazan:\" \/>\n\t<meta name=\"twitter:data1\" content=\"Memurun Sesi Haber Merkezi\" \/>\n\t<meta name=\"twitter:label2\" content=\"Tahmini okuma s\u00fcresi\" \/>\n\t<meta name=\"twitter:data2\" content=\"1 dakika\" \/>\n<script type=\"application\/ld+json\" class=\"yoast-schema-graph\">{\"@context\":\"https:\\\/\\\/schema.org\",\"@graph\":[{\"@type\":\"Article\",\"@id\":\"https:\\\/\\\/memurunsesi.net\\\/index.php\\\/2025\\\/08\\\/10\\\/igdir-fk-sariyer-macinin-ardindan\\\/#article\",\"isPartOf\":{\"@id\":\"https:\\\/\\\/memurunsesi.net\\\/index.php\\\/2025\\\/08\\\/10\\\/igdir-fk-sariyer-macinin-ardindan\\\/\"},\"author\":{\"name\":\"Memurun Sesi Haber Merkezi\",\"@id\":\"https:\\\/\\\/memurunsesi.net\\\/#\\\/schema\\\/person\\\/f21c2d73b89f6ee1d80b0a1803e38587\"},\"headline\":\"I\u011fd\u0131r FK &#8211; Sar\u0131yer ma\u00e7\u0131n\u0131n ard\u0131ndan\",\"datePublished\":\"2025-08-10T05:17:48+00:00\",\"mainEntityOfPage\":{\"@id\":\"https:\\\/\\\/memurunsesi.net\\\/index.php\\\/2025\\\/08\\\/10\\\/igdir-fk-sariyer-macinin-ardindan\\\/\"},\"wordCount\":413,\"commentCount\":0,\"publisher\":{\"@id\":\"https:\\\/\\\/memurunsesi.net\\\/#organization\"},\"image\":{\"@id\":\"https:\\\/\\\/memurunsesi.net\\\/index.php\\\/2025\\\/08\\\/10\\\/igdir-fk-sariyer-macinin-ardindan\\\/#primaryimage\"},\"thumbnailUrl\":\"https:\\\/\\\/memurunsesi.net\\\/wp-content\\\/uploads\\\/2025\\\/08\\\/AW514389_01-scaled.jpg\",\"articleSection\":[\"Spor\"],\"inLanguage\":\"tr\",\"potentialAction\":[{\"@type\":\"CommentAction\",\"name\":\"Comment\",\"target\":[\"https:\\\/\\\/memurunsesi.net\\\/index.php\\\/2025\\\/08\\\/10\\\/igdir-fk-sariyer-macinin-ardindan\\\/#respond\"]}]},{\"@type\":\"WebPage\",\"@id\":\"https:\\\/\\\/memurunsesi.net\\\/index.php\\\/2025\\\/08\\\/10\\\/igdir-fk-sariyer-macinin-ardindan\\\/\",\"url\":\"https:\\\/\\\/memurunsesi.net\\\/index.php\\\/2025\\\/08\\\/10\\\/igdir-fk-sariyer-macinin-ardindan\\\/\",\"name\":\"I\u011fd\u0131r FK - Sar\u0131yer ma\u00e7\u0131n\u0131n ard\u0131ndan - Memurun Sesi\",\"isPartOf\":{\"@id\":\"https:\\\/\\\/memurunsesi.net\\\/#website\"},\"primaryImageOfPage\":{\"@id\":\"https:\\\/\\\/memurunsesi.net\\\/index.php\\\/2025\\\/08\\\/10\\\/igdir-fk-sariyer-macinin-ardindan\\\/#primaryimage\"},\"image\":{\"@id\":\"https:\\\/\\\/memurunsesi.net\\\/index.php\\\/2025\\\/08\\\/10\\\/igdir-fk-sariyer-macinin-ardindan\\\/#primaryimage\"},\"thumbnailUrl\":\"https:\\\/\\\/memurunsesi.net\\\/wp-content\\\/uploads\\\/2025\\\/08\\\/AW514389_01-scaled.jpg\",\"datePublished\":\"2025-08-10T05:17:48+00:00\",\"breadcrumb\":{\"@id\":\"https:\\\/\\\/memurunsesi.net\\\/index.php\\\/2025\\\/08\\\/10\\\/igdir-fk-sariyer-macinin-ardindan\\\/#breadcrumb\"},\"inLanguage\":\"tr\",\"potentialAction\":[{\"@type\":\"ReadAction\",\"target\":[\"https:\\\/\\\/memurunsesi.net\\\/index.php\\\/2025\\\/08\\\/10\\\/igdir-fk-sariyer-macinin-ardindan\\\/\"]}]},{\"@type\":\"ImageObject\",\"inLanguage\":\"tr\",\"@id\":\"https:\\\/\\\/memurunsesi.net\\\/index.php\\\/2025\\\/08\\\/10\\\/igdir-fk-sariyer-macinin-ardindan\\\/#primaryimage\",\"url\":\"https:\\\/\\\/memurunsesi.net\\\/wp-content\\\/uploads\\\/2025\\\/08\\\/AW514389_01-scaled.jpg\",\"contentUrl\":\"https:\\\/\\\/memurunsesi.net\\\/wp-content\\\/uploads\\\/2025\\\/08\\\/AW514389_01-scaled.jpg\",\"width\":2560,\"height\":1707,\"caption\":\"I\u011eDIR FK - SARIYER MA\u00c7ININ ARDINDAN (SEBAHATT\u0130N YUM\\\/I\u011eDIR-\u0130HA) Trendyol 1. Lig'in ilk haftas\u0131nda oynanan I\u011fd\u0131r FK-Sar\u0131yer ma\u00e7\u0131n\u0131n ard\u0131ndan teknik direkt\u00f6rler a\u00e7\u0131klamalarda bulundu.\"},{\"@type\":\"BreadcrumbList\",\"@id\":\"https:\\\/\\\/memurunsesi.net\\\/index.php\\\/2025\\\/08\\\/10\\\/igdir-fk-sariyer-macinin-ardindan\\\/#breadcrumb\",\"itemListElement\":[{\"@type\":\"ListItem\",\"position\":1,\"name\":\"Anasayfa\",\"item\":\"https:\\\/\\\/memurunsesi.net\\\/\"},{\"@type\":\"ListItem\",\"position\":2,\"name\":\"I\u011fd\u0131r FK &#8211; Sar\u0131yer ma\u00e7\u0131n\u0131n ard\u0131ndan\"}]},{\"@type\":\"WebSite\",\"@id\":\"https:\\\/\\\/memurunsesi.net\\\/#website\",\"url\":\"https:\\\/\\\/memurunsesi.net\\\/\",\"name\":\"Memurun Sesi\",\"description\":\"G\u00fcncel ve Do\u011fru Haber\",\"publisher\":{\"@id\":\"https:\\\/\\\/memurunsesi.net\\\/#organization\"},\"potentialAction\":[{\"@type\":\"SearchAction\",\"target\":{\"@type\":\"EntryPoint\",\"urlTemplate\":\"https:\\\/\\\/memurunsesi.net\\\/?s={search_term_string}\"},\"query-input\":{\"@type\":\"PropertyValueSpecification\",\"valueRequired\":true,\"valueName\":\"search_term_string\"}}],\"inLanguage\":\"tr\"},{\"@type\":\"Organization\",\"@id\":\"https:\\\/\\\/memurunsesi.net\\\/#organization\",\"name\":\"Memurun Sesi\",\"url\":\"https:\\\/\\\/memurunsesi.net\\\/\",\"logo\":{\"@type\":\"ImageObject\",\"inLanguage\":\"tr\",\"@id\":\"https:\\\/\\\/memurunsesi.net\\\/#\\\/schema\\\/logo\\\/image\\\/\",\"url\":\"https:\\\/\\\/memurunsesi.net\\\/wp-content\\\/uploads\\\/2025\\\/11\\\/cropped-MEMURUN-SESI.png\",\"contentUrl\":\"https:\\\/\\\/memurunsesi.net\\\/wp-content\\\/uploads\\\/2025\\\/11\\\/cropped-MEMURUN-SESI.png\",\"width\":238,\"height\":57,\"caption\":\"Memurun Sesi\"},\"image\":{\"@id\":\"https:\\\/\\\/memurunsesi.net\\\/#\\\/schema\\\/logo\\\/image\\\/\"},\"sameAs\":[\"https:\\\/\\\/www.facebook.com\\\/unipersen\\\/?locale=tr_TR\",\"https:\\\/\\\/x.com\\\/unipersen\"]},{\"@type\":\"Person\",\"@id\":\"https:\\\/\\\/memurunsesi.net\\\/#\\\/schema\\\/person\\\/f21c2d73b89f6ee1d80b0a1803e38587\",\"name\":\"Memurun Sesi Haber Merkezi\",\"image\":{\"@type\":\"ImageObject\",\"inLanguage\":\"tr\",\"@id\":\"https:\\\/\\\/secure.gravatar.com\\\/avatar\\\/6cf0505f452ee753f485014986fab09a434671d2b919ee76fc541025c5876a70?s=96&d=mm&r=g\",\"url\":\"https:\\\/\\\/secure.gravatar.com\\\/avatar\\\/6cf0505f452ee753f485014986fab09a434671d2b919ee76fc541025c5876a70?s=96&d=mm&r=g\",\"contentUrl\":\"https:\\\/\\\/secure.gravatar.com\\\/avatar\\\/6cf0505f452ee753f485014986fab09a434671d2b919ee76fc541025c5876a70?s=96&d=mm&r=g\",\"caption\":\"Memurun Sesi Haber Merkezi\"},\"sameAs\":[\"https:\\\/\\\/memurunsesi.net\"],\"url\":\"https:\\\/\\\/memurunsesi.net\\\/index.php\\\/author\\\/uniper\\\/\"}]}<\/script>\n<!-- \/ Yoast SEO plugin. -->","yoast_head_json":{"title":"I\u011fd\u0131r FK - Sar\u0131yer ma\u00e7\u0131n\u0131n ard\u0131ndan - Memurun Sesi","robots":{"index":"index","follow":"follow","max-snippet":"max-snippet:-1","max-image-preview":"max-image-preview:large","max-video-preview":"max-video-preview:-1"},"canonical":"https:\/\/memurunsesi.net\/index.php\/2025\/08\/10\/igdir-fk-sariyer-macinin-ardindan\/","og_locale":"tr_TR","og_type":"article","og_title":"I\u011fd\u0131r FK - Sar\u0131yer ma\u00e7\u0131n\u0131n ard\u0131ndan - Memurun Sesi","og_description":"Trendyol 1. Lig&#8217;in ilk haftas\u0131nda oynanan I\u011fd\u0131r FK &#8211; Sar\u0131yer ma\u00e7\u0131n\u0131n ard\u0131ndan teknik direkt\u00f6rler a\u00e7\u0131klamalarda bulundu. Trendyol 1. Lig&#8217;in ilk haftas\u0131nda I\u011fd\u0131r FK, evinde Sar\u0131yer&#8217;i 2-1 ma\u011flup etti. Ma\u00e7\u0131n ard\u0131ndan iki tak\u0131m\u0131n teknik direkt\u00f6rleri bas\u0131n toplant\u0131s\u0131nda a\u00e7\u0131klamalarda bulundu. Ma\u00e7a \u00e7ok iyi ba\u015flad\u0131klar\u0131n\u0131 s\u00f6yleyen I\u011fd\u0131r FK Teknik Direkt\u00f6r\u00fc \u00c7a\u011fda\u015f \u00c7avu\u015f, &#8220;Umar\u0131m herkesin keyif alaca\u011f\u0131 g\u00fczel bir [&hellip;]","og_url":"https:\/\/memurunsesi.net\/index.php\/2025\/08\/10\/igdir-fk-sariyer-macinin-ardindan\/","og_site_name":"Memurun Sesi","article_publisher":"https:\/\/www.facebook.com\/unipersen\/?locale=tr_TR","article_published_time":"2025-08-10T05:17:48+00:00","og_image":[{"width":2560,"height":1707,"url":"https:\/\/memurunsesi.net\/wp-content\/uploads\/2025\/08\/AW514389_01-scaled.jpg","type":"image\/jpeg"}],"author":"Memurun Sesi Haber Merkezi","twitter_card":"summary_large_image","twitter_creator":"@unipersen","twitter_site":"@unipersen","twitter_misc":{"Yazan:":"Memurun Sesi Haber Merkezi","Tahmini okuma s\u00fcresi":"1 dakika"},"schema":{"@context":"https:\/\/schema.org","@graph":[{"@type":"Article","@id":"https:\/\/memurunsesi.net\/index.php\/2025\/08\/10\/igdir-fk-sariyer-macinin-ardindan\/#article","isPartOf":{"@id":"https:\/\/memurunsesi.net\/index.php\/2025\/08\/10\/igdir-fk-sariyer-macinin-ardindan\/"},"author":{"name":"Memurun Sesi Haber Merkezi","@id":"https:\/\/memurunsesi.net\/#\/schema\/person\/f21c2d73b89f6ee1d80b0a1803e38587"},"headline":"I\u011fd\u0131r FK &#8211; Sar\u0131yer ma\u00e7\u0131n\u0131n ard\u0131ndan","datePublished":"2025-08-10T05:17:48+00:00","mainEntityOfPage":{"@id":"https:\/\/memurunsesi.net\/index.php\/2025\/08\/10\/igdir-fk-sariyer-macinin-ardindan\/"},"wordCount":413,"commentCount":0,"publisher":{"@id":"https:\/\/memurunsesi.net\/#organization"},"image":{"@id":"https:\/\/memurunsesi.net\/index.php\/2025\/08\/10\/igdir-fk-sariyer-macinin-ardindan\/#primaryimage"},"thumbnailUrl":"https:\/\/memurunsesi.net\/wp-content\/uploads\/2025\/08\/AW514389_01-scaled.jpg","articleSection":["Spor"],"inLanguage":"tr","potentialAction":[{"@type":"CommentAction","name":"Comment","target":["https:\/\/memurunsesi.net\/index.php\/2025\/08\/10\/igdir-fk-sariyer-macinin-ardindan\/#respond"]}]},{"@type":"WebPage","@id":"https:\/\/memurunsesi.net\/index.php\/2025\/08\/10\/igdir-fk-sariyer-macinin-ardindan\/","url":"https:\/\/memurunsesi.net\/index.php\/2025\/08\/10\/igdir-fk-sariyer-macinin-ardindan\/","name":"I\u011fd\u0131r FK - Sar\u0131yer ma\u00e7\u0131n\u0131n ard\u0131ndan - Memurun Sesi","isPartOf":{"@id":"https:\/\/memurunsesi.net\/#website"},"primaryImageOfPage":{"@id":"https:\/\/memurunsesi.net\/index.php\/2025\/08\/10\/igdir-fk-sariyer-macinin-ardindan\/#primaryimage"},"image":{"@id":"https:\/\/memurunsesi.net\/index.php\/2025\/08\/10\/igdir-fk-sariyer-macinin-ardindan\/#primaryimage"},"thumbnailUrl":"https:\/\/memurunsesi.net\/wp-content\/uploads\/2025\/08\/AW514389_01-scaled.jpg","datePublished":"2025-08-10T05:17:48+00:00","breadcrumb":{"@id":"https:\/\/memurunsesi.net\/index.php\/2025\/08\/10\/igdir-fk-sariyer-macinin-ardindan\/#breadcrumb"},"inLanguage":"tr","potentialAction":[{"@type":"ReadAction","target":["https:\/\/memurunsesi.net\/index.php\/2025\/08\/10\/igdir-fk-sariyer-macinin-ardindan\/"]}]},{"@type":"ImageObject","inLanguage":"tr","@id":"https:\/\/memurunsesi.net\/index.php\/2025\/08\/10\/igdir-fk-sariyer-macinin-ardindan\/#primaryimage","url":"https:\/\/memurunsesi.net\/wp-content\/uploads\/2025\/08\/AW514389_01-scaled.jpg","contentUrl":"https:\/\/memurunsesi.net\/wp-content\/uploads\/2025\/08\/AW514389_01-scaled.jpg","width":2560,"height":1707,"caption":"I\u011eDIR FK - SARIYER MA\u00c7ININ ARDINDAN (SEBAHATT\u0130N YUM\/I\u011eDIR-\u0130HA) Trendyol 1. Lig'in ilk haftas\u0131nda oynanan I\u011fd\u0131r FK-Sar\u0131yer ma\u00e7\u0131n\u0131n ard\u0131ndan teknik direkt\u00f6rler a\u00e7\u0131klamalarda bulundu."},{"@type":"BreadcrumbList","@id":"https:\/\/memurunsesi.net\/index.php\/2025\/08\/10\/igdir-fk-sariyer-macinin-ardindan\/#breadcrumb","itemListElement":[{"@type":"ListItem","position":1,"name":"Anasayfa","item":"https:\/\/memurunsesi.net\/"},{"@type":"ListItem","position":2,"name":"I\u011fd\u0131r FK &#8211; Sar\u0131yer ma\u00e7\u0131n\u0131n ard\u0131ndan"}]},{"@type":"WebSite","@id":"https:\/\/memurunsesi.net\/#website","url":"https:\/\/memurunsesi.net\/","name":"Memurun Sesi","description":"G\u00fcncel ve Do\u011fru Haber","publisher":{"@id":"https:\/\/memurunsesi.net\/#organization"},"potentialAction":[{"@type":"SearchAction","target":{"@type":"EntryPoint","urlTemplate":"https:\/\/memurunsesi.net\/?s={search_term_string}"},"query-input":{"@type":"PropertyValueSpecification","valueRequired":true,"valueName":"search_term_string"}}],"inLanguage":"tr"},{"@type":"Organization","@id":"https:\/\/memurunsesi.net\/#organization","name":"Memurun Sesi","url":"https:\/\/memurunsesi.net\/","logo":{"@type":"ImageObject","inLanguage":"tr","@id":"https:\/\/memurunsesi.net\/#\/schema\/logo\/image\/","url":"https:\/\/memurunsesi.net\/wp-content\/uploads\/2025\/11\/cropped-MEMURUN-SESI.png","contentUrl":"https:\/\/memurunsesi.net\/wp-content\/uploads\/2025\/11\/cropped-MEMURUN-SESI.png","width":238,"height":57,"caption":"Memurun Sesi"},"image":{"@id":"https:\/\/memurunsesi.net\/#\/schema\/logo\/image\/"},"sameAs":["https:\/\/www.facebook.com\/unipersen\/?locale=tr_TR","https:\/\/x.com\/unipersen"]},{"@type":"Person","@id":"https:\/\/memurunsesi.net\/#\/schema\/person\/f21c2d73b89f6ee1d80b0a1803e38587","name":"Memurun Sesi Haber Merkezi","image":{"@type":"ImageObject","inLanguage":"tr","@id":"https:\/\/secure.gravatar.com\/avatar\/6cf0505f452ee753f485014986fab09a434671d2b919ee76fc541025c5876a70?s=96&d=mm&r=g","url":"https:\/\/secure.gravatar.com\/avatar\/6cf0505f452ee753f485014986fab09a434671d2b919ee76fc541025c5876a70?s=96&d=mm&r=g","contentUrl":"https:\/\/secure.gravatar.com\/avatar\/6cf0505f452ee753f485014986fab09a434671d2b919ee76fc541025c5876a70?s=96&d=mm&r=g","caption":"Memurun Sesi Haber Merkezi"},"sameAs":["https:\/\/memurunsesi.net"],"url":"https:\/\/memurunsesi.net\/index.php\/author\/uniper\/"}]}},"_links":{"self":[{"href":"https:\/\/memurunsesi.net\/index.php\/wp-json\/wp\/v2\/posts\/10191","targetHints":{"allow":["GET"]}}],"collection":[{"href":"https:\/\/memurunsesi.net\/index.php\/wp-json\/wp\/v2\/posts"}],"about":[{"href":"https:\/\/memurunsesi.net\/index.php\/wp-json\/wp\/v2\/types\/post"}],"author":[{"embeddable":true,"href":"https:\/\/memurunsesi.net\/index.php\/wp-json\/wp\/v2\/users\/1"}],"replies":[{"embeddable":true,"href":"https:\/\/memurunsesi.net\/index.php\/wp-json\/wp\/v2\/comments?post=10191"}],"version-history":[{"count":1,"href":"https:\/\/memurunsesi.net\/index.php\/wp-json\/wp\/v2\/posts\/10191\/revisions"}],"predecessor-version":[{"id":10193,"href":"https:\/\/memurunsesi.net\/index.php\/wp-json\/wp\/v2\/posts\/10191\/revisions\/10193"}],"wp:featuredmedia":[{"embeddable":true,"href":"https:\/\/memurunsesi.net\/index.php\/wp-json\/wp\/v2\/media\/10192"}],"wp:attachment":[{"href":"https:\/\/memurunsesi.net\/index.php\/wp-json\/wp\/v2\/media?parent=10191"}],"wp:term":[{"taxonomy":"category","embeddable":true,"href":"https:\/\/memurunsesi.net\/index.php\/wp-json\/wp\/v2\/categories?post=10191"},{"taxonomy":"post_tag","embeddable":true,"href":"https:\/\/memurunsesi.net\/index.php\/wp-json\/wp\/v2\/tags?post=10191"}],"curies":[{"name":"wp","href":"https:\/\/api.w.org\/{rel}","templated":true}]}}