{"id":10194,"date":"2025-08-10T08:18:57","date_gmt":"2025-08-10T05:18:57","guid":{"rendered":"https:\/\/memurunsesi.net\/?p=10194"},"modified":"2025-08-10T08:18:57","modified_gmt":"2025-08-10T05:18:57","slug":"gokyuzunde-dolunay-van-golunde-yakamoz","status":"publish","type":"post","link":"https:\/\/memurunsesi.net\/index.php\/2025\/08\/10\/gokyuzunde-dolunay-van-golunde-yakamoz\/","title":{"rendered":"G\u00f6ky\u00fcz\u00fcnde dolunay, Van G\u00f6l\u00fc\u2019nde yakamoz"},"content":{"rendered":"<p>    Bitlis\u2019in Ahlat il\u00e7esinde iskele \u00fczerinde beliren dolunay, Van G\u00f6l\u00fc \u00fczerinde olu\u015fturdu\u011fu yakamozla izleyenlere adeta g\u00f6rsel bir \u015f\u00f6len ya\u015fatt\u0131. G\u00f6ky\u00fcz\u00fcnde t\u00fcm ihti\u015fam\u0131yla y\u00fckselen dolunay, havan\u0131n par\u00e7al\u0131 bulutlu olmas\u0131 nedeniyle kimi zaman bulutlar\u0131n i\u00e7inde kaybolarak tekrardan belirdi.<br \/>\n  Dolunay\u0131n Van G\u00f6l\u00fc y\u00fczeyine yans\u0131yarak olu\u015fturdu\u011fu manzara izleyenlere keyifli anlar ya\u015fatt\u0131. Dolunay\u0131n olu\u015fturdu\u011fu  manzaray\u0131 izlemek isteyen \u00e7ok say\u0131da vatanda\u015f, Ahlat sahiline ak\u0131n etti. Ahlat iskelesine toplanan vatanda\u015flar, ay \u0131\u015f\u0131\u011f\u0131n\u0131n Van G\u00f6l\u00fc \u00fczerinde olu\u015fturdu\u011fu yans\u0131may\u0131 hayranl\u0131kla izledi. Gecenin sessizli\u011finde ay \u0131\u015f\u0131\u011f\u0131yla dans eden yakamoz, izleyenlere unutulmaz anlar ya\u015fatt\u0131.<br \/>\n  Ahlatl\u0131 do\u011fa foto\u011fraf\u00e7\u0131s\u0131 \u015eahin \u015eerefo\u011flu, Van G\u00f6l\u00fc ve Ahlat \u0130skelesi \u00fczerinde y\u00fckselen dolunay\u0131 foto\u011fraflad\u0131\u011f\u0131n\u0131 belirterek, &#8220;Ahlat\u2019ta her ay\u0131n belirli g\u00fcnlerinde dolunay\u0131n tam g\u00f6r\u00fcnd\u00fc\u011f\u00fc g\u00fcnlerde burada foto\u011fraf \u00e7ekiyoruz, do\u011fa foto\u011fraf\u00e7\u0131s\u0131y\u0131m ben. Van G\u00f6l\u00fc\u2019nde olan yakamoz ve mehtab\u0131n g\u00f6r\u00fcnt\u00fcs\u00fc inan\u0131n T\u00fcrkiye\u2019nin hi\u00e7bir yerinde bu kadar g\u00fczel g\u00f6z\u00fckmez. Biz de bu g\u00f6r\u00fcnt\u00fcyle ayda bir defa kar\u015f\u0131la\u015f\u0131yoruz. Herkesi burada bu mehtab\u0131, dolunay\u0131 \u00e7ekmeye davet ediyoruz&#8221; dedi. <\/p>\n<p>10.08.2025                                 <\/p>\n","protected":false},"excerpt":{"rendered":"<p>Bitlis\u2019in Ahlat il\u00e7esinde iskele \u00fczerinde beliren dolunay, Van G\u00f6l\u00fc \u00fczerinde olu\u015fturdu\u011fu yakamozla izleyenlere adeta g\u00f6rsel bir \u015f\u00f6len ya\u015fatt\u0131. G\u00f6ky\u00fcz\u00fcnde t\u00fcm ihti\u015fam\u0131yla y\u00fckselen dolunay, havan\u0131n par\u00e7al\u0131 bulutlu olmas\u0131 nedeniyle kimi zaman bulutlar\u0131n i\u00e7inde kaybolarak tekrardan belirdi. Dolunay\u0131n Van G\u00f6l\u00fc y\u00fczeyine yans\u0131yarak olu\u015fturdu\u011fu manzara izleyenlere keyifli anlar ya\u015fatt\u0131. Dolunay\u0131n olu\u015fturdu\u011fu manzaray\u0131 izlemek isteyen \u00e7ok say\u0131da vatanda\u015f, Ahlat [&hellip;]<\/p>\n","protected":false},"author":1,"featured_media":10195,"comment_status":"open","ping_status":"open","sticky":false,"template":"","format":"standard","meta":{"footnotes":""},"categories":[1],"tags":[],"class_list":["post-10194","post","type-post","status-publish","format-standard","has-post-thumbnail","hentry","category-genel"],"yoast_head":"<!-- This site is optimized with the Yoast SEO plugin v27.4 - https:\/\/yoast.com\/product\/yoast-seo-wordpress\/ -->\n<title>G\u00f6ky\u00fcz\u00fcnde dolunay, Van G\u00f6l\u00fc\u2019nde yakamoz - Memurun Sesi<\/title>\n<meta name=\"robots\" content=\"index, follow, max-snippet:-1, max-image-preview:large, max-video-preview:-1\" \/>\n<link rel=\"canonical\" href=\"https:\/\/memurunsesi.net\/index.php\/2025\/08\/10\/gokyuzunde-dolunay-van-golunde-yakamoz\/\" \/>\n<meta property=\"og:locale\" content=\"tr_TR\" \/>\n<meta property=\"og:type\" content=\"article\" \/>\n<meta property=\"og:title\" content=\"G\u00f6ky\u00fcz\u00fcnde dolunay, Van G\u00f6l\u00fc\u2019nde yakamoz - Memurun Sesi\" \/>\n<meta property=\"og:description\" content=\"Bitlis\u2019in Ahlat il\u00e7esinde iskele \u00fczerinde beliren dolunay, Van G\u00f6l\u00fc \u00fczerinde olu\u015fturdu\u011fu yakamozla izleyenlere adeta g\u00f6rsel bir \u015f\u00f6len ya\u015fatt\u0131. G\u00f6ky\u00fcz\u00fcnde t\u00fcm ihti\u015fam\u0131yla y\u00fckselen dolunay, havan\u0131n par\u00e7al\u0131 bulutlu olmas\u0131 nedeniyle kimi zaman bulutlar\u0131n i\u00e7inde kaybolarak tekrardan belirdi. Dolunay\u0131n Van G\u00f6l\u00fc y\u00fczeyine yans\u0131yarak olu\u015fturdu\u011fu manzara izleyenlere keyifli anlar ya\u015fatt\u0131. Dolunay\u0131n olu\u015fturdu\u011fu manzaray\u0131 izlemek isteyen \u00e7ok say\u0131da vatanda\u015f, Ahlat [&hellip;]\" \/>\n<meta property=\"og:url\" content=\"https:\/\/memurunsesi.net\/index.php\/2025\/08\/10\/gokyuzunde-dolunay-van-golunde-yakamoz\/\" \/>\n<meta property=\"og:site_name\" content=\"Memurun Sesi\" \/>\n<meta property=\"article:publisher\" content=\"https:\/\/www.facebook.com\/unipersen\/?locale=tr_TR\" \/>\n<meta property=\"article:published_time\" content=\"2025-08-10T05:18:57+00:00\" \/>\n<meta property=\"og:image\" content=\"https:\/\/memurunsesi.net\/wp-content\/uploads\/2025\/08\/AW514388_02-scaled.jpg\" \/>\n\t<meta property=\"og:image:width\" content=\"2560\" \/>\n\t<meta property=\"og:image:height\" content=\"1469\" \/>\n\t<meta property=\"og:image:type\" content=\"image\/jpeg\" \/>\n<meta name=\"author\" content=\"Memurun Sesi Haber Merkezi\" \/>\n<meta name=\"twitter:card\" content=\"summary_large_image\" \/>\n<meta name=\"twitter:creator\" content=\"@unipersen\" \/>\n<meta name=\"twitter:site\" content=\"@unipersen\" \/>\n<meta name=\"twitter:label1\" content=\"Yazan:\" \/>\n\t<meta name=\"twitter:data1\" content=\"Memurun Sesi Haber Merkezi\" \/>\n\t<meta name=\"twitter:label2\" content=\"Tahmini okuma s\u00fcresi\" \/>\n\t<meta name=\"twitter:data2\" content=\"1 dakika\" \/>\n<script type=\"application\/ld+json\" class=\"yoast-schema-graph\">{\"@context\":\"https:\\\/\\\/schema.org\",\"@graph\":[{\"@type\":\"Article\",\"@id\":\"https:\\\/\\\/memurunsesi.net\\\/index.php\\\/2025\\\/08\\\/10\\\/gokyuzunde-dolunay-van-golunde-yakamoz\\\/#article\",\"isPartOf\":{\"@id\":\"https:\\\/\\\/memurunsesi.net\\\/index.php\\\/2025\\\/08\\\/10\\\/gokyuzunde-dolunay-van-golunde-yakamoz\\\/\"},\"author\":{\"name\":\"Memurun Sesi Haber Merkezi\",\"@id\":\"https:\\\/\\\/memurunsesi.net\\\/#\\\/schema\\\/person\\\/f21c2d73b89f6ee1d80b0a1803e38587\"},\"headline\":\"G\u00f6ky\u00fcz\u00fcnde dolunay, Van G\u00f6l\u00fc\u2019nde yakamoz\",\"datePublished\":\"2025-08-10T05:18:57+00:00\",\"mainEntityOfPage\":{\"@id\":\"https:\\\/\\\/memurunsesi.net\\\/index.php\\\/2025\\\/08\\\/10\\\/gokyuzunde-dolunay-van-golunde-yakamoz\\\/\"},\"wordCount\":232,\"commentCount\":0,\"publisher\":{\"@id\":\"https:\\\/\\\/memurunsesi.net\\\/#organization\"},\"image\":{\"@id\":\"https:\\\/\\\/memurunsesi.net\\\/index.php\\\/2025\\\/08\\\/10\\\/gokyuzunde-dolunay-van-golunde-yakamoz\\\/#primaryimage\"},\"thumbnailUrl\":\"https:\\\/\\\/memurunsesi.net\\\/wp-content\\\/uploads\\\/2025\\\/08\\\/AW514388_02-scaled.jpg\",\"inLanguage\":\"tr\",\"potentialAction\":[{\"@type\":\"CommentAction\",\"name\":\"Comment\",\"target\":[\"https:\\\/\\\/memurunsesi.net\\\/index.php\\\/2025\\\/08\\\/10\\\/gokyuzunde-dolunay-van-golunde-yakamoz\\\/#respond\"]}]},{\"@type\":\"WebPage\",\"@id\":\"https:\\\/\\\/memurunsesi.net\\\/index.php\\\/2025\\\/08\\\/10\\\/gokyuzunde-dolunay-van-golunde-yakamoz\\\/\",\"url\":\"https:\\\/\\\/memurunsesi.net\\\/index.php\\\/2025\\\/08\\\/10\\\/gokyuzunde-dolunay-van-golunde-yakamoz\\\/\",\"name\":\"G\u00f6ky\u00fcz\u00fcnde dolunay, Van G\u00f6l\u00fc\u2019nde yakamoz - Memurun Sesi\",\"isPartOf\":{\"@id\":\"https:\\\/\\\/memurunsesi.net\\\/#website\"},\"primaryImageOfPage\":{\"@id\":\"https:\\\/\\\/memurunsesi.net\\\/index.php\\\/2025\\\/08\\\/10\\\/gokyuzunde-dolunay-van-golunde-yakamoz\\\/#primaryimage\"},\"image\":{\"@id\":\"https:\\\/\\\/memurunsesi.net\\\/index.php\\\/2025\\\/08\\\/10\\\/gokyuzunde-dolunay-van-golunde-yakamoz\\\/#primaryimage\"},\"thumbnailUrl\":\"https:\\\/\\\/memurunsesi.net\\\/wp-content\\\/uploads\\\/2025\\\/08\\\/AW514388_02-scaled.jpg\",\"datePublished\":\"2025-08-10T05:18:57+00:00\",\"breadcrumb\":{\"@id\":\"https:\\\/\\\/memurunsesi.net\\\/index.php\\\/2025\\\/08\\\/10\\\/gokyuzunde-dolunay-van-golunde-yakamoz\\\/#breadcrumb\"},\"inLanguage\":\"tr\",\"potentialAction\":[{\"@type\":\"ReadAction\",\"target\":[\"https:\\\/\\\/memurunsesi.net\\\/index.php\\\/2025\\\/08\\\/10\\\/gokyuzunde-dolunay-van-golunde-yakamoz\\\/\"]}]},{\"@type\":\"ImageObject\",\"inLanguage\":\"tr\",\"@id\":\"https:\\\/\\\/memurunsesi.net\\\/index.php\\\/2025\\\/08\\\/10\\\/gokyuzunde-dolunay-van-golunde-yakamoz\\\/#primaryimage\",\"url\":\"https:\\\/\\\/memurunsesi.net\\\/wp-content\\\/uploads\\\/2025\\\/08\\\/AW514388_02-scaled.jpg\",\"contentUrl\":\"https:\\\/\\\/memurunsesi.net\\\/wp-content\\\/uploads\\\/2025\\\/08\\\/AW514388_02-scaled.jpg\",\"width\":2560,\"height\":1469,\"caption\":\"B\u0130TL\u0130S'\u0130N AHLAT \u0130L\u00c7ES\u0130NDE \u0130SKELE \u00dcZER\u0130NDE BEL\u0130REN DOLUNAY, VAN G\u00d6L\u00dc \u00dcZER\u0130NDE OLU\u015eTURDU\u011eU YAKAMOZLA \u0130ZLEYENLERE ADETA G\u00d6RSEL B\u0130R \u015e\u00d6LEN YA\u015eATTI. (\u00d6ZKAN OLCAY\\\/B\u0130TL\u0130S-\u0130HA) Bitlis'in Ahlat il\u00e7esinde iskele \u00fczerinde beliren dolunay, Van G\u00f6l\u00fc \u00fczerinde olu\u015fturdu\u011fu yakamozla izleyenlere adeta g\u00f6rsel bir \u015f\u00f6len ya\u015fatt\u0131. G\u00f6ky\u00fcz\u00fcnde t\u00fcm ihti\u015fam\u0131yla y\u00fckselen dolunay, havan\u0131n par\u00e7al\u0131 bulutlu olmas\u0131 nedeniyle kimi zaman bulutlar\u0131n i\u00e7inde kaybolarak tekrardan belirdi.\"},{\"@type\":\"BreadcrumbList\",\"@id\":\"https:\\\/\\\/memurunsesi.net\\\/index.php\\\/2025\\\/08\\\/10\\\/gokyuzunde-dolunay-van-golunde-yakamoz\\\/#breadcrumb\",\"itemListElement\":[{\"@type\":\"ListItem\",\"position\":1,\"name\":\"Anasayfa\",\"item\":\"https:\\\/\\\/memurunsesi.net\\\/\"},{\"@type\":\"ListItem\",\"position\":2,\"name\":\"G\u00f6ky\u00fcz\u00fcnde dolunay, Van G\u00f6l\u00fc\u2019nde yakamoz\"}]},{\"@type\":\"WebSite\",\"@id\":\"https:\\\/\\\/memurunsesi.net\\\/#website\",\"url\":\"https:\\\/\\\/memurunsesi.net\\\/\",\"name\":\"Memurun Sesi\",\"description\":\"G\u00fcncel ve Do\u011fru Haber\",\"publisher\":{\"@id\":\"https:\\\/\\\/memurunsesi.net\\\/#organization\"},\"potentialAction\":[{\"@type\":\"SearchAction\",\"target\":{\"@type\":\"EntryPoint\",\"urlTemplate\":\"https:\\\/\\\/memurunsesi.net\\\/?s={search_term_string}\"},\"query-input\":{\"@type\":\"PropertyValueSpecification\",\"valueRequired\":true,\"valueName\":\"search_term_string\"}}],\"inLanguage\":\"tr\"},{\"@type\":\"Organization\",\"@id\":\"https:\\\/\\\/memurunsesi.net\\\/#organization\",\"name\":\"Memurun Sesi\",\"url\":\"https:\\\/\\\/memurunsesi.net\\\/\",\"logo\":{\"@type\":\"ImageObject\",\"inLanguage\":\"tr\",\"@id\":\"https:\\\/\\\/memurunsesi.net\\\/#\\\/schema\\\/logo\\\/image\\\/\",\"url\":\"https:\\\/\\\/memurunsesi.net\\\/wp-content\\\/uploads\\\/2025\\\/11\\\/cropped-MEMURUN-SESI.png\",\"contentUrl\":\"https:\\\/\\\/memurunsesi.net\\\/wp-content\\\/uploads\\\/2025\\\/11\\\/cropped-MEMURUN-SESI.png\",\"width\":238,\"height\":57,\"caption\":\"Memurun Sesi\"},\"image\":{\"@id\":\"https:\\\/\\\/memurunsesi.net\\\/#\\\/schema\\\/logo\\\/image\\\/\"},\"sameAs\":[\"https:\\\/\\\/www.facebook.com\\\/unipersen\\\/?locale=tr_TR\",\"https:\\\/\\\/x.com\\\/unipersen\"]},{\"@type\":\"Person\",\"@id\":\"https:\\\/\\\/memurunsesi.net\\\/#\\\/schema\\\/person\\\/f21c2d73b89f6ee1d80b0a1803e38587\",\"name\":\"Memurun Sesi Haber Merkezi\",\"image\":{\"@type\":\"ImageObject\",\"inLanguage\":\"tr\",\"@id\":\"https:\\\/\\\/secure.gravatar.com\\\/avatar\\\/6cf0505f452ee753f485014986fab09a434671d2b919ee76fc541025c5876a70?s=96&d=mm&r=g\",\"url\":\"https:\\\/\\\/secure.gravatar.com\\\/avatar\\\/6cf0505f452ee753f485014986fab09a434671d2b919ee76fc541025c5876a70?s=96&d=mm&r=g\",\"contentUrl\":\"https:\\\/\\\/secure.gravatar.com\\\/avatar\\\/6cf0505f452ee753f485014986fab09a434671d2b919ee76fc541025c5876a70?s=96&d=mm&r=g\",\"caption\":\"Memurun Sesi Haber Merkezi\"},\"sameAs\":[\"https:\\\/\\\/memurunsesi.net\"],\"url\":\"https:\\\/\\\/memurunsesi.net\\\/index.php\\\/author\\\/uniper\\\/\"}]}<\/script>\n<!-- \/ Yoast SEO plugin. -->","yoast_head_json":{"title":"G\u00f6ky\u00fcz\u00fcnde dolunay, Van G\u00f6l\u00fc\u2019nde yakamoz - Memurun Sesi","robots":{"index":"index","follow":"follow","max-snippet":"max-snippet:-1","max-image-preview":"max-image-preview:large","max-video-preview":"max-video-preview:-1"},"canonical":"https:\/\/memurunsesi.net\/index.php\/2025\/08\/10\/gokyuzunde-dolunay-van-golunde-yakamoz\/","og_locale":"tr_TR","og_type":"article","og_title":"G\u00f6ky\u00fcz\u00fcnde dolunay, Van G\u00f6l\u00fc\u2019nde yakamoz - Memurun Sesi","og_description":"Bitlis\u2019in Ahlat il\u00e7esinde iskele \u00fczerinde beliren dolunay, Van G\u00f6l\u00fc \u00fczerinde olu\u015fturdu\u011fu yakamozla izleyenlere adeta g\u00f6rsel bir \u015f\u00f6len ya\u015fatt\u0131. G\u00f6ky\u00fcz\u00fcnde t\u00fcm ihti\u015fam\u0131yla y\u00fckselen dolunay, havan\u0131n par\u00e7al\u0131 bulutlu olmas\u0131 nedeniyle kimi zaman bulutlar\u0131n i\u00e7inde kaybolarak tekrardan belirdi. Dolunay\u0131n Van G\u00f6l\u00fc y\u00fczeyine yans\u0131yarak olu\u015fturdu\u011fu manzara izleyenlere keyifli anlar ya\u015fatt\u0131. Dolunay\u0131n olu\u015fturdu\u011fu manzaray\u0131 izlemek isteyen \u00e7ok say\u0131da vatanda\u015f, Ahlat [&hellip;]","og_url":"https:\/\/memurunsesi.net\/index.php\/2025\/08\/10\/gokyuzunde-dolunay-van-golunde-yakamoz\/","og_site_name":"Memurun Sesi","article_publisher":"https:\/\/www.facebook.com\/unipersen\/?locale=tr_TR","article_published_time":"2025-08-10T05:18:57+00:00","og_image":[{"width":2560,"height":1469,"url":"https:\/\/memurunsesi.net\/wp-content\/uploads\/2025\/08\/AW514388_02-scaled.jpg","type":"image\/jpeg"}],"author":"Memurun Sesi Haber Merkezi","twitter_card":"summary_large_image","twitter_creator":"@unipersen","twitter_site":"@unipersen","twitter_misc":{"Yazan:":"Memurun Sesi Haber Merkezi","Tahmini okuma s\u00fcresi":"1 dakika"},"schema":{"@context":"https:\/\/schema.org","@graph":[{"@type":"Article","@id":"https:\/\/memurunsesi.net\/index.php\/2025\/08\/10\/gokyuzunde-dolunay-van-golunde-yakamoz\/#article","isPartOf":{"@id":"https:\/\/memurunsesi.net\/index.php\/2025\/08\/10\/gokyuzunde-dolunay-van-golunde-yakamoz\/"},"author":{"name":"Memurun Sesi Haber Merkezi","@id":"https:\/\/memurunsesi.net\/#\/schema\/person\/f21c2d73b89f6ee1d80b0a1803e38587"},"headline":"G\u00f6ky\u00fcz\u00fcnde dolunay, Van G\u00f6l\u00fc\u2019nde yakamoz","datePublished":"2025-08-10T05:18:57+00:00","mainEntityOfPage":{"@id":"https:\/\/memurunsesi.net\/index.php\/2025\/08\/10\/gokyuzunde-dolunay-van-golunde-yakamoz\/"},"wordCount":232,"commentCount":0,"publisher":{"@id":"https:\/\/memurunsesi.net\/#organization"},"image":{"@id":"https:\/\/memurunsesi.net\/index.php\/2025\/08\/10\/gokyuzunde-dolunay-van-golunde-yakamoz\/#primaryimage"},"thumbnailUrl":"https:\/\/memurunsesi.net\/wp-content\/uploads\/2025\/08\/AW514388_02-scaled.jpg","inLanguage":"tr","potentialAction":[{"@type":"CommentAction","name":"Comment","target":["https:\/\/memurunsesi.net\/index.php\/2025\/08\/10\/gokyuzunde-dolunay-van-golunde-yakamoz\/#respond"]}]},{"@type":"WebPage","@id":"https:\/\/memurunsesi.net\/index.php\/2025\/08\/10\/gokyuzunde-dolunay-van-golunde-yakamoz\/","url":"https:\/\/memurunsesi.net\/index.php\/2025\/08\/10\/gokyuzunde-dolunay-van-golunde-yakamoz\/","name":"G\u00f6ky\u00fcz\u00fcnde dolunay, Van G\u00f6l\u00fc\u2019nde yakamoz - Memurun Sesi","isPartOf":{"@id":"https:\/\/memurunsesi.net\/#website"},"primaryImageOfPage":{"@id":"https:\/\/memurunsesi.net\/index.php\/2025\/08\/10\/gokyuzunde-dolunay-van-golunde-yakamoz\/#primaryimage"},"image":{"@id":"https:\/\/memurunsesi.net\/index.php\/2025\/08\/10\/gokyuzunde-dolunay-van-golunde-yakamoz\/#primaryimage"},"thumbnailUrl":"https:\/\/memurunsesi.net\/wp-content\/uploads\/2025\/08\/AW514388_02-scaled.jpg","datePublished":"2025-08-10T05:18:57+00:00","breadcrumb":{"@id":"https:\/\/memurunsesi.net\/index.php\/2025\/08\/10\/gokyuzunde-dolunay-van-golunde-yakamoz\/#breadcrumb"},"inLanguage":"tr","potentialAction":[{"@type":"ReadAction","target":["https:\/\/memurunsesi.net\/index.php\/2025\/08\/10\/gokyuzunde-dolunay-van-golunde-yakamoz\/"]}]},{"@type":"ImageObject","inLanguage":"tr","@id":"https:\/\/memurunsesi.net\/index.php\/2025\/08\/10\/gokyuzunde-dolunay-van-golunde-yakamoz\/#primaryimage","url":"https:\/\/memurunsesi.net\/wp-content\/uploads\/2025\/08\/AW514388_02-scaled.jpg","contentUrl":"https:\/\/memurunsesi.net\/wp-content\/uploads\/2025\/08\/AW514388_02-scaled.jpg","width":2560,"height":1469,"caption":"B\u0130TL\u0130S'\u0130N AHLAT \u0130L\u00c7ES\u0130NDE \u0130SKELE \u00dcZER\u0130NDE BEL\u0130REN DOLUNAY, VAN G\u00d6L\u00dc \u00dcZER\u0130NDE OLU\u015eTURDU\u011eU YAKAMOZLA \u0130ZLEYENLERE ADETA G\u00d6RSEL B\u0130R \u015e\u00d6LEN YA\u015eATTI. (\u00d6ZKAN OLCAY\/B\u0130TL\u0130S-\u0130HA) Bitlis'in Ahlat il\u00e7esinde iskele \u00fczerinde beliren dolunay, Van G\u00f6l\u00fc \u00fczerinde olu\u015fturdu\u011fu yakamozla izleyenlere adeta g\u00f6rsel bir \u015f\u00f6len ya\u015fatt\u0131. G\u00f6ky\u00fcz\u00fcnde t\u00fcm ihti\u015fam\u0131yla y\u00fckselen dolunay, havan\u0131n par\u00e7al\u0131 bulutlu olmas\u0131 nedeniyle kimi zaman bulutlar\u0131n i\u00e7inde kaybolarak tekrardan belirdi."},{"@type":"BreadcrumbList","@id":"https:\/\/memurunsesi.net\/index.php\/2025\/08\/10\/gokyuzunde-dolunay-van-golunde-yakamoz\/#breadcrumb","itemListElement":[{"@type":"ListItem","position":1,"name":"Anasayfa","item":"https:\/\/memurunsesi.net\/"},{"@type":"ListItem","position":2,"name":"G\u00f6ky\u00fcz\u00fcnde dolunay, Van G\u00f6l\u00fc\u2019nde yakamoz"}]},{"@type":"WebSite","@id":"https:\/\/memurunsesi.net\/#website","url":"https:\/\/memurunsesi.net\/","name":"Memurun Sesi","description":"G\u00fcncel ve Do\u011fru Haber","publisher":{"@id":"https:\/\/memurunsesi.net\/#organization"},"potentialAction":[{"@type":"SearchAction","target":{"@type":"EntryPoint","urlTemplate":"https:\/\/memurunsesi.net\/?s={search_term_string}"},"query-input":{"@type":"PropertyValueSpecification","valueRequired":true,"valueName":"search_term_string"}}],"inLanguage":"tr"},{"@type":"Organization","@id":"https:\/\/memurunsesi.net\/#organization","name":"Memurun Sesi","url":"https:\/\/memurunsesi.net\/","logo":{"@type":"ImageObject","inLanguage":"tr","@id":"https:\/\/memurunsesi.net\/#\/schema\/logo\/image\/","url":"https:\/\/memurunsesi.net\/wp-content\/uploads\/2025\/11\/cropped-MEMURUN-SESI.png","contentUrl":"https:\/\/memurunsesi.net\/wp-content\/uploads\/2025\/11\/cropped-MEMURUN-SESI.png","width":238,"height":57,"caption":"Memurun Sesi"},"image":{"@id":"https:\/\/memurunsesi.net\/#\/schema\/logo\/image\/"},"sameAs":["https:\/\/www.facebook.com\/unipersen\/?locale=tr_TR","https:\/\/x.com\/unipersen"]},{"@type":"Person","@id":"https:\/\/memurunsesi.net\/#\/schema\/person\/f21c2d73b89f6ee1d80b0a1803e38587","name":"Memurun Sesi Haber Merkezi","image":{"@type":"ImageObject","inLanguage":"tr","@id":"https:\/\/secure.gravatar.com\/avatar\/6cf0505f452ee753f485014986fab09a434671d2b919ee76fc541025c5876a70?s=96&d=mm&r=g","url":"https:\/\/secure.gravatar.com\/avatar\/6cf0505f452ee753f485014986fab09a434671d2b919ee76fc541025c5876a70?s=96&d=mm&r=g","contentUrl":"https:\/\/secure.gravatar.com\/avatar\/6cf0505f452ee753f485014986fab09a434671d2b919ee76fc541025c5876a70?s=96&d=mm&r=g","caption":"Memurun Sesi Haber Merkezi"},"sameAs":["https:\/\/memurunsesi.net"],"url":"https:\/\/memurunsesi.net\/index.php\/author\/uniper\/"}]}},"_links":{"self":[{"href":"https:\/\/memurunsesi.net\/index.php\/wp-json\/wp\/v2\/posts\/10194","targetHints":{"allow":["GET"]}}],"collection":[{"href":"https:\/\/memurunsesi.net\/index.php\/wp-json\/wp\/v2\/posts"}],"about":[{"href":"https:\/\/memurunsesi.net\/index.php\/wp-json\/wp\/v2\/types\/post"}],"author":[{"embeddable":true,"href":"https:\/\/memurunsesi.net\/index.php\/wp-json\/wp\/v2\/users\/1"}],"replies":[{"embeddable":true,"href":"https:\/\/memurunsesi.net\/index.php\/wp-json\/wp\/v2\/comments?post=10194"}],"version-history":[{"count":1,"href":"https:\/\/memurunsesi.net\/index.php\/wp-json\/wp\/v2\/posts\/10194\/revisions"}],"predecessor-version":[{"id":10196,"href":"https:\/\/memurunsesi.net\/index.php\/wp-json\/wp\/v2\/posts\/10194\/revisions\/10196"}],"wp:featuredmedia":[{"embeddable":true,"href":"https:\/\/memurunsesi.net\/index.php\/wp-json\/wp\/v2\/media\/10195"}],"wp:attachment":[{"href":"https:\/\/memurunsesi.net\/index.php\/wp-json\/wp\/v2\/media?parent=10194"}],"wp:term":[{"taxonomy":"category","embeddable":true,"href":"https:\/\/memurunsesi.net\/index.php\/wp-json\/wp\/v2\/categories?post=10194"},{"taxonomy":"post_tag","embeddable":true,"href":"https:\/\/memurunsesi.net\/index.php\/wp-json\/wp\/v2\/tags?post=10194"}],"curies":[{"name":"wp","href":"https:\/\/api.w.org\/{rel}","templated":true}]}}