{"id":10197,"date":"2025-08-10T08:20:11","date_gmt":"2025-08-10T05:20:11","guid":{"rendered":"https:\/\/memurunsesi.net\/?p=10197"},"modified":"2025-08-10T08:20:11","modified_gmt":"2025-08-10T05:20:11","slug":"malatyada-yasli-kadin-evinde-yari-ciplak-halde-olu-bulundu","status":"publish","type":"post","link":"https:\/\/memurunsesi.net\/index.php\/2025\/08\/10\/malatyada-yasli-kadin-evinde-yari-ciplak-halde-olu-bulundu\/","title":{"rendered":"Malatya&#8217;da ya\u015fl\u0131 kad\u0131n evinde yar\u0131 \u00e7\u0131plak halde \u00f6l\u00fc bulundu"},"content":{"rendered":"<p>   Malatya&#8217;n\u0131n Battalgazi il\u00e7esinde yaln\u0131z ya\u015fayan bir kad\u0131n evinde yar\u0131 \u00e7\u0131plak halde \u00f6l\u00fc olarak bulundu.<br \/>\nOlay, gece yar\u0131s\u0131 Battalgazi il\u00e7esi Hac\u0131 Abdi Mahallesi&#8217;nde meydana geldi. \u0130ddiaya g\u00f6re, Akbay Caddesi \u00fczerinde bulunan 7 katl\u0131 bir apartman\u0131n 3. kat\u0131nda ya\u015fayan H\u00fcsniye \u0130lhan&#8217;dan haber alamayan yak\u0131nlar\u0131 durumu 112 Acil \u00c7a\u011fr\u0131 Merkezi&#8217;ne bildirdi. \u0130hbar \u00fczerine olay yerine polis, sa\u011fl\u0131k ve itfaiye ekipleri sevk edildi. \u0130tfaiye ekipleri, dairenin cam\u0131ndan merdiven yard\u0131m\u0131yla i\u00e7eri girdi. Yap\u0131lan incelemede yar\u0131 \u00e7\u0131plak halde yerde hareketsiz yatan H\u00fcsniye \u0130lhan&#8217;\u0131n hayat\u0131n\u0131 kaybetti\u011fi belirlendi.<br \/>\n  Ya\u015fl\u0131 kad\u0131n\u0131n cenazesi, olay yerindeki incelemelerin ard\u0131ndan otopsi yap\u0131lmak \u00fczere Adli T\u0131p Kurumuna kald\u0131r\u0131ld\u0131.<br \/>\n  Olayla ilgili soru\u015fturma ba\u015flat\u0131ld\u0131. <\/p>\n<p>10.08.2025                        <\/p>\n","protected":false},"excerpt":{"rendered":"<p>Malatya&#8217;n\u0131n Battalgazi il\u00e7esinde yaln\u0131z ya\u015fayan bir kad\u0131n evinde yar\u0131 \u00e7\u0131plak halde \u00f6l\u00fc olarak bulundu. Olay, gece yar\u0131s\u0131 Battalgazi il\u00e7esi Hac\u0131 Abdi Mahallesi&#8217;nde meydana geldi. \u0130ddiaya g\u00f6re, Akbay Caddesi \u00fczerinde bulunan 7 katl\u0131 bir apartman\u0131n 3. kat\u0131nda ya\u015fayan H\u00fcsniye \u0130lhan&#8217;dan haber alamayan yak\u0131nlar\u0131 durumu 112 Acil \u00c7a\u011fr\u0131 Merkezi&#8217;ne bildirdi. \u0130hbar \u00fczerine olay yerine polis, sa\u011fl\u0131k ve [&hellip;]<\/p>\n","protected":false},"author":1,"featured_media":10198,"comment_status":"open","ping_status":"open","sticky":false,"template":"","format":"standard","meta":{"footnotes":""},"categories":[1],"tags":[],"class_list":["post-10197","post","type-post","status-publish","format-standard","has-post-thumbnail","hentry","category-genel"],"yoast_head":"<!-- This site is optimized with the Yoast SEO plugin v27.4 - https:\/\/yoast.com\/product\/yoast-seo-wordpress\/ -->\n<title>Malatya&#039;da ya\u015fl\u0131 kad\u0131n evinde yar\u0131 \u00e7\u0131plak halde \u00f6l\u00fc bulundu - Memurun Sesi<\/title>\n<meta name=\"robots\" content=\"index, follow, max-snippet:-1, max-image-preview:large, max-video-preview:-1\" \/>\n<link rel=\"canonical\" href=\"https:\/\/memurunsesi.net\/index.php\/2025\/08\/10\/malatyada-yasli-kadin-evinde-yari-ciplak-halde-olu-bulundu\/\" \/>\n<meta property=\"og:locale\" content=\"tr_TR\" \/>\n<meta property=\"og:type\" content=\"article\" \/>\n<meta property=\"og:title\" content=\"Malatya&#039;da ya\u015fl\u0131 kad\u0131n evinde yar\u0131 \u00e7\u0131plak halde \u00f6l\u00fc bulundu - Memurun Sesi\" \/>\n<meta property=\"og:description\" content=\"Malatya&#8217;n\u0131n Battalgazi il\u00e7esinde yaln\u0131z ya\u015fayan bir kad\u0131n evinde yar\u0131 \u00e7\u0131plak halde \u00f6l\u00fc olarak bulundu. Olay, gece yar\u0131s\u0131 Battalgazi il\u00e7esi Hac\u0131 Abdi Mahallesi&#8217;nde meydana geldi. \u0130ddiaya g\u00f6re, Akbay Caddesi \u00fczerinde bulunan 7 katl\u0131 bir apartman\u0131n 3. kat\u0131nda ya\u015fayan H\u00fcsniye \u0130lhan&#8217;dan haber alamayan yak\u0131nlar\u0131 durumu 112 Acil \u00c7a\u011fr\u0131 Merkezi&#8217;ne bildirdi. \u0130hbar \u00fczerine olay yerine polis, sa\u011fl\u0131k ve [&hellip;]\" \/>\n<meta property=\"og:url\" content=\"https:\/\/memurunsesi.net\/index.php\/2025\/08\/10\/malatyada-yasli-kadin-evinde-yari-ciplak-halde-olu-bulundu\/\" \/>\n<meta property=\"og:site_name\" content=\"Memurun Sesi\" \/>\n<meta property=\"article:publisher\" content=\"https:\/\/www.facebook.com\/unipersen\/?locale=tr_TR\" \/>\n<meta property=\"article:published_time\" content=\"2025-08-10T05:20:11+00:00\" \/>\n<meta property=\"og:image\" content=\"https:\/\/memurunsesi.net\/wp-content\/uploads\/2025\/08\/AW514387_01-scaled.jpg\" \/>\n\t<meta property=\"og:image:width\" content=\"2560\" \/>\n\t<meta property=\"og:image:height\" content=\"1440\" \/>\n\t<meta property=\"og:image:type\" content=\"image\/jpeg\" \/>\n<meta name=\"author\" content=\"Memurun Sesi Haber Merkezi\" \/>\n<meta name=\"twitter:card\" content=\"summary_large_image\" \/>\n<meta name=\"twitter:creator\" content=\"@unipersen\" \/>\n<meta name=\"twitter:site\" content=\"@unipersen\" \/>\n<meta name=\"twitter:label1\" content=\"Yazan:\" \/>\n\t<meta name=\"twitter:data1\" content=\"Memurun Sesi Haber Merkezi\" \/>\n\t<meta name=\"twitter:label2\" content=\"Tahmini okuma s\u00fcresi\" \/>\n\t<meta name=\"twitter:data2\" content=\"1 dakika\" \/>\n<script type=\"application\/ld+json\" class=\"yoast-schema-graph\">{\"@context\":\"https:\\\/\\\/schema.org\",\"@graph\":[{\"@type\":\"Article\",\"@id\":\"https:\\\/\\\/memurunsesi.net\\\/index.php\\\/2025\\\/08\\\/10\\\/malatyada-yasli-kadin-evinde-yari-ciplak-halde-olu-bulundu\\\/#article\",\"isPartOf\":{\"@id\":\"https:\\\/\\\/memurunsesi.net\\\/index.php\\\/2025\\\/08\\\/10\\\/malatyada-yasli-kadin-evinde-yari-ciplak-halde-olu-bulundu\\\/\"},\"author\":{\"name\":\"Memurun Sesi Haber Merkezi\",\"@id\":\"https:\\\/\\\/memurunsesi.net\\\/#\\\/schema\\\/person\\\/f21c2d73b89f6ee1d80b0a1803e38587\"},\"headline\":\"Malatya&#8217;da ya\u015fl\u0131 kad\u0131n evinde yar\u0131 \u00e7\u0131plak halde \u00f6l\u00fc bulundu\",\"datePublished\":\"2025-08-10T05:20:11+00:00\",\"mainEntityOfPage\":{\"@id\":\"https:\\\/\\\/memurunsesi.net\\\/index.php\\\/2025\\\/08\\\/10\\\/malatyada-yasli-kadin-evinde-yari-ciplak-halde-olu-bulundu\\\/\"},\"wordCount\":147,\"commentCount\":0,\"publisher\":{\"@id\":\"https:\\\/\\\/memurunsesi.net\\\/#organization\"},\"image\":{\"@id\":\"https:\\\/\\\/memurunsesi.net\\\/index.php\\\/2025\\\/08\\\/10\\\/malatyada-yasli-kadin-evinde-yari-ciplak-halde-olu-bulundu\\\/#primaryimage\"},\"thumbnailUrl\":\"https:\\\/\\\/memurunsesi.net\\\/wp-content\\\/uploads\\\/2025\\\/08\\\/AW514387_01-scaled.jpg\",\"inLanguage\":\"tr\",\"potentialAction\":[{\"@type\":\"CommentAction\",\"name\":\"Comment\",\"target\":[\"https:\\\/\\\/memurunsesi.net\\\/index.php\\\/2025\\\/08\\\/10\\\/malatyada-yasli-kadin-evinde-yari-ciplak-halde-olu-bulundu\\\/#respond\"]}]},{\"@type\":\"WebPage\",\"@id\":\"https:\\\/\\\/memurunsesi.net\\\/index.php\\\/2025\\\/08\\\/10\\\/malatyada-yasli-kadin-evinde-yari-ciplak-halde-olu-bulundu\\\/\",\"url\":\"https:\\\/\\\/memurunsesi.net\\\/index.php\\\/2025\\\/08\\\/10\\\/malatyada-yasli-kadin-evinde-yari-ciplak-halde-olu-bulundu\\\/\",\"name\":\"Malatya'da ya\u015fl\u0131 kad\u0131n evinde yar\u0131 \u00e7\u0131plak halde \u00f6l\u00fc bulundu - Memurun Sesi\",\"isPartOf\":{\"@id\":\"https:\\\/\\\/memurunsesi.net\\\/#website\"},\"primaryImageOfPage\":{\"@id\":\"https:\\\/\\\/memurunsesi.net\\\/index.php\\\/2025\\\/08\\\/10\\\/malatyada-yasli-kadin-evinde-yari-ciplak-halde-olu-bulundu\\\/#primaryimage\"},\"image\":{\"@id\":\"https:\\\/\\\/memurunsesi.net\\\/index.php\\\/2025\\\/08\\\/10\\\/malatyada-yasli-kadin-evinde-yari-ciplak-halde-olu-bulundu\\\/#primaryimage\"},\"thumbnailUrl\":\"https:\\\/\\\/memurunsesi.net\\\/wp-content\\\/uploads\\\/2025\\\/08\\\/AW514387_01-scaled.jpg\",\"datePublished\":\"2025-08-10T05:20:11+00:00\",\"breadcrumb\":{\"@id\":\"https:\\\/\\\/memurunsesi.net\\\/index.php\\\/2025\\\/08\\\/10\\\/malatyada-yasli-kadin-evinde-yari-ciplak-halde-olu-bulundu\\\/#breadcrumb\"},\"inLanguage\":\"tr\",\"potentialAction\":[{\"@type\":\"ReadAction\",\"target\":[\"https:\\\/\\\/memurunsesi.net\\\/index.php\\\/2025\\\/08\\\/10\\\/malatyada-yasli-kadin-evinde-yari-ciplak-halde-olu-bulundu\\\/\"]}]},{\"@type\":\"ImageObject\",\"inLanguage\":\"tr\",\"@id\":\"https:\\\/\\\/memurunsesi.net\\\/index.php\\\/2025\\\/08\\\/10\\\/malatyada-yasli-kadin-evinde-yari-ciplak-halde-olu-bulundu\\\/#primaryimage\",\"url\":\"https:\\\/\\\/memurunsesi.net\\\/wp-content\\\/uploads\\\/2025\\\/08\\\/AW514387_01-scaled.jpg\",\"contentUrl\":\"https:\\\/\\\/memurunsesi.net\\\/wp-content\\\/uploads\\\/2025\\\/08\\\/AW514387_01-scaled.jpg\",\"width\":2560,\"height\":1440,\"caption\":\"MALATYA'DA YA\u015eLI B\u0130R KADIN YARI \u00c7IPLAK EV\u0130NDE \u00d6L\u00dc BULUNDU (HASAN ERYILMAZ\\\/MALATYA-\u0130HA) Malatya'n\u0131n Battalgazi il\u00e7esinde yaln\u0131z ya\u015fayan bir kad\u0131n evinde yar\u0131 \u00e7\u0131plak halde \u00f6l\u00fc olarak bulundu.\"},{\"@type\":\"BreadcrumbList\",\"@id\":\"https:\\\/\\\/memurunsesi.net\\\/index.php\\\/2025\\\/08\\\/10\\\/malatyada-yasli-kadin-evinde-yari-ciplak-halde-olu-bulundu\\\/#breadcrumb\",\"itemListElement\":[{\"@type\":\"ListItem\",\"position\":1,\"name\":\"Anasayfa\",\"item\":\"https:\\\/\\\/memurunsesi.net\\\/\"},{\"@type\":\"ListItem\",\"position\":2,\"name\":\"Malatya&#8217;da ya\u015fl\u0131 kad\u0131n evinde yar\u0131 \u00e7\u0131plak halde \u00f6l\u00fc bulundu\"}]},{\"@type\":\"WebSite\",\"@id\":\"https:\\\/\\\/memurunsesi.net\\\/#website\",\"url\":\"https:\\\/\\\/memurunsesi.net\\\/\",\"name\":\"Memurun Sesi\",\"description\":\"G\u00fcncel ve Do\u011fru Haber\",\"publisher\":{\"@id\":\"https:\\\/\\\/memurunsesi.net\\\/#organization\"},\"potentialAction\":[{\"@type\":\"SearchAction\",\"target\":{\"@type\":\"EntryPoint\",\"urlTemplate\":\"https:\\\/\\\/memurunsesi.net\\\/?s={search_term_string}\"},\"query-input\":{\"@type\":\"PropertyValueSpecification\",\"valueRequired\":true,\"valueName\":\"search_term_string\"}}],\"inLanguage\":\"tr\"},{\"@type\":\"Organization\",\"@id\":\"https:\\\/\\\/memurunsesi.net\\\/#organization\",\"name\":\"Memurun Sesi\",\"url\":\"https:\\\/\\\/memurunsesi.net\\\/\",\"logo\":{\"@type\":\"ImageObject\",\"inLanguage\":\"tr\",\"@id\":\"https:\\\/\\\/memurunsesi.net\\\/#\\\/schema\\\/logo\\\/image\\\/\",\"url\":\"https:\\\/\\\/memurunsesi.net\\\/wp-content\\\/uploads\\\/2025\\\/11\\\/cropped-MEMURUN-SESI.png\",\"contentUrl\":\"https:\\\/\\\/memurunsesi.net\\\/wp-content\\\/uploads\\\/2025\\\/11\\\/cropped-MEMURUN-SESI.png\",\"width\":238,\"height\":57,\"caption\":\"Memurun Sesi\"},\"image\":{\"@id\":\"https:\\\/\\\/memurunsesi.net\\\/#\\\/schema\\\/logo\\\/image\\\/\"},\"sameAs\":[\"https:\\\/\\\/www.facebook.com\\\/unipersen\\\/?locale=tr_TR\",\"https:\\\/\\\/x.com\\\/unipersen\"]},{\"@type\":\"Person\",\"@id\":\"https:\\\/\\\/memurunsesi.net\\\/#\\\/schema\\\/person\\\/f21c2d73b89f6ee1d80b0a1803e38587\",\"name\":\"Memurun Sesi Haber Merkezi\",\"image\":{\"@type\":\"ImageObject\",\"inLanguage\":\"tr\",\"@id\":\"https:\\\/\\\/secure.gravatar.com\\\/avatar\\\/6cf0505f452ee753f485014986fab09a434671d2b919ee76fc541025c5876a70?s=96&d=mm&r=g\",\"url\":\"https:\\\/\\\/secure.gravatar.com\\\/avatar\\\/6cf0505f452ee753f485014986fab09a434671d2b919ee76fc541025c5876a70?s=96&d=mm&r=g\",\"contentUrl\":\"https:\\\/\\\/secure.gravatar.com\\\/avatar\\\/6cf0505f452ee753f485014986fab09a434671d2b919ee76fc541025c5876a70?s=96&d=mm&r=g\",\"caption\":\"Memurun Sesi Haber Merkezi\"},\"sameAs\":[\"https:\\\/\\\/memurunsesi.net\"],\"url\":\"https:\\\/\\\/memurunsesi.net\\\/index.php\\\/author\\\/uniper\\\/\"}]}<\/script>\n<!-- \/ Yoast SEO plugin. -->","yoast_head_json":{"title":"Malatya'da ya\u015fl\u0131 kad\u0131n evinde yar\u0131 \u00e7\u0131plak halde \u00f6l\u00fc bulundu - Memurun Sesi","robots":{"index":"index","follow":"follow","max-snippet":"max-snippet:-1","max-image-preview":"max-image-preview:large","max-video-preview":"max-video-preview:-1"},"canonical":"https:\/\/memurunsesi.net\/index.php\/2025\/08\/10\/malatyada-yasli-kadin-evinde-yari-ciplak-halde-olu-bulundu\/","og_locale":"tr_TR","og_type":"article","og_title":"Malatya'da ya\u015fl\u0131 kad\u0131n evinde yar\u0131 \u00e7\u0131plak halde \u00f6l\u00fc bulundu - Memurun Sesi","og_description":"Malatya&#8217;n\u0131n Battalgazi il\u00e7esinde yaln\u0131z ya\u015fayan bir kad\u0131n evinde yar\u0131 \u00e7\u0131plak halde \u00f6l\u00fc olarak bulundu. Olay, gece yar\u0131s\u0131 Battalgazi il\u00e7esi Hac\u0131 Abdi Mahallesi&#8217;nde meydana geldi. \u0130ddiaya g\u00f6re, Akbay Caddesi \u00fczerinde bulunan 7 katl\u0131 bir apartman\u0131n 3. kat\u0131nda ya\u015fayan H\u00fcsniye \u0130lhan&#8217;dan haber alamayan yak\u0131nlar\u0131 durumu 112 Acil \u00c7a\u011fr\u0131 Merkezi&#8217;ne bildirdi. \u0130hbar \u00fczerine olay yerine polis, sa\u011fl\u0131k ve [&hellip;]","og_url":"https:\/\/memurunsesi.net\/index.php\/2025\/08\/10\/malatyada-yasli-kadin-evinde-yari-ciplak-halde-olu-bulundu\/","og_site_name":"Memurun Sesi","article_publisher":"https:\/\/www.facebook.com\/unipersen\/?locale=tr_TR","article_published_time":"2025-08-10T05:20:11+00:00","og_image":[{"width":2560,"height":1440,"url":"https:\/\/memurunsesi.net\/wp-content\/uploads\/2025\/08\/AW514387_01-scaled.jpg","type":"image\/jpeg"}],"author":"Memurun Sesi Haber Merkezi","twitter_card":"summary_large_image","twitter_creator":"@unipersen","twitter_site":"@unipersen","twitter_misc":{"Yazan:":"Memurun Sesi Haber Merkezi","Tahmini okuma s\u00fcresi":"1 dakika"},"schema":{"@context":"https:\/\/schema.org","@graph":[{"@type":"Article","@id":"https:\/\/memurunsesi.net\/index.php\/2025\/08\/10\/malatyada-yasli-kadin-evinde-yari-ciplak-halde-olu-bulundu\/#article","isPartOf":{"@id":"https:\/\/memurunsesi.net\/index.php\/2025\/08\/10\/malatyada-yasli-kadin-evinde-yari-ciplak-halde-olu-bulundu\/"},"author":{"name":"Memurun Sesi Haber Merkezi","@id":"https:\/\/memurunsesi.net\/#\/schema\/person\/f21c2d73b89f6ee1d80b0a1803e38587"},"headline":"Malatya&#8217;da ya\u015fl\u0131 kad\u0131n evinde yar\u0131 \u00e7\u0131plak halde \u00f6l\u00fc bulundu","datePublished":"2025-08-10T05:20:11+00:00","mainEntityOfPage":{"@id":"https:\/\/memurunsesi.net\/index.php\/2025\/08\/10\/malatyada-yasli-kadin-evinde-yari-ciplak-halde-olu-bulundu\/"},"wordCount":147,"commentCount":0,"publisher":{"@id":"https:\/\/memurunsesi.net\/#organization"},"image":{"@id":"https:\/\/memurunsesi.net\/index.php\/2025\/08\/10\/malatyada-yasli-kadin-evinde-yari-ciplak-halde-olu-bulundu\/#primaryimage"},"thumbnailUrl":"https:\/\/memurunsesi.net\/wp-content\/uploads\/2025\/08\/AW514387_01-scaled.jpg","inLanguage":"tr","potentialAction":[{"@type":"CommentAction","name":"Comment","target":["https:\/\/memurunsesi.net\/index.php\/2025\/08\/10\/malatyada-yasli-kadin-evinde-yari-ciplak-halde-olu-bulundu\/#respond"]}]},{"@type":"WebPage","@id":"https:\/\/memurunsesi.net\/index.php\/2025\/08\/10\/malatyada-yasli-kadin-evinde-yari-ciplak-halde-olu-bulundu\/","url":"https:\/\/memurunsesi.net\/index.php\/2025\/08\/10\/malatyada-yasli-kadin-evinde-yari-ciplak-halde-olu-bulundu\/","name":"Malatya'da ya\u015fl\u0131 kad\u0131n evinde yar\u0131 \u00e7\u0131plak halde \u00f6l\u00fc bulundu - Memurun Sesi","isPartOf":{"@id":"https:\/\/memurunsesi.net\/#website"},"primaryImageOfPage":{"@id":"https:\/\/memurunsesi.net\/index.php\/2025\/08\/10\/malatyada-yasli-kadin-evinde-yari-ciplak-halde-olu-bulundu\/#primaryimage"},"image":{"@id":"https:\/\/memurunsesi.net\/index.php\/2025\/08\/10\/malatyada-yasli-kadin-evinde-yari-ciplak-halde-olu-bulundu\/#primaryimage"},"thumbnailUrl":"https:\/\/memurunsesi.net\/wp-content\/uploads\/2025\/08\/AW514387_01-scaled.jpg","datePublished":"2025-08-10T05:20:11+00:00","breadcrumb":{"@id":"https:\/\/memurunsesi.net\/index.php\/2025\/08\/10\/malatyada-yasli-kadin-evinde-yari-ciplak-halde-olu-bulundu\/#breadcrumb"},"inLanguage":"tr","potentialAction":[{"@type":"ReadAction","target":["https:\/\/memurunsesi.net\/index.php\/2025\/08\/10\/malatyada-yasli-kadin-evinde-yari-ciplak-halde-olu-bulundu\/"]}]},{"@type":"ImageObject","inLanguage":"tr","@id":"https:\/\/memurunsesi.net\/index.php\/2025\/08\/10\/malatyada-yasli-kadin-evinde-yari-ciplak-halde-olu-bulundu\/#primaryimage","url":"https:\/\/memurunsesi.net\/wp-content\/uploads\/2025\/08\/AW514387_01-scaled.jpg","contentUrl":"https:\/\/memurunsesi.net\/wp-content\/uploads\/2025\/08\/AW514387_01-scaled.jpg","width":2560,"height":1440,"caption":"MALATYA'DA YA\u015eLI B\u0130R KADIN YARI \u00c7IPLAK EV\u0130NDE \u00d6L\u00dc BULUNDU (HASAN ERYILMAZ\/MALATYA-\u0130HA) Malatya'n\u0131n Battalgazi il\u00e7esinde yaln\u0131z ya\u015fayan bir kad\u0131n evinde yar\u0131 \u00e7\u0131plak halde \u00f6l\u00fc olarak bulundu."},{"@type":"BreadcrumbList","@id":"https:\/\/memurunsesi.net\/index.php\/2025\/08\/10\/malatyada-yasli-kadin-evinde-yari-ciplak-halde-olu-bulundu\/#breadcrumb","itemListElement":[{"@type":"ListItem","position":1,"name":"Anasayfa","item":"https:\/\/memurunsesi.net\/"},{"@type":"ListItem","position":2,"name":"Malatya&#8217;da ya\u015fl\u0131 kad\u0131n evinde yar\u0131 \u00e7\u0131plak halde \u00f6l\u00fc bulundu"}]},{"@type":"WebSite","@id":"https:\/\/memurunsesi.net\/#website","url":"https:\/\/memurunsesi.net\/","name":"Memurun Sesi","description":"G\u00fcncel ve Do\u011fru Haber","publisher":{"@id":"https:\/\/memurunsesi.net\/#organization"},"potentialAction":[{"@type":"SearchAction","target":{"@type":"EntryPoint","urlTemplate":"https:\/\/memurunsesi.net\/?s={search_term_string}"},"query-input":{"@type":"PropertyValueSpecification","valueRequired":true,"valueName":"search_term_string"}}],"inLanguage":"tr"},{"@type":"Organization","@id":"https:\/\/memurunsesi.net\/#organization","name":"Memurun Sesi","url":"https:\/\/memurunsesi.net\/","logo":{"@type":"ImageObject","inLanguage":"tr","@id":"https:\/\/memurunsesi.net\/#\/schema\/logo\/image\/","url":"https:\/\/memurunsesi.net\/wp-content\/uploads\/2025\/11\/cropped-MEMURUN-SESI.png","contentUrl":"https:\/\/memurunsesi.net\/wp-content\/uploads\/2025\/11\/cropped-MEMURUN-SESI.png","width":238,"height":57,"caption":"Memurun Sesi"},"image":{"@id":"https:\/\/memurunsesi.net\/#\/schema\/logo\/image\/"},"sameAs":["https:\/\/www.facebook.com\/unipersen\/?locale=tr_TR","https:\/\/x.com\/unipersen"]},{"@type":"Person","@id":"https:\/\/memurunsesi.net\/#\/schema\/person\/f21c2d73b89f6ee1d80b0a1803e38587","name":"Memurun Sesi Haber Merkezi","image":{"@type":"ImageObject","inLanguage":"tr","@id":"https:\/\/secure.gravatar.com\/avatar\/6cf0505f452ee753f485014986fab09a434671d2b919ee76fc541025c5876a70?s=96&d=mm&r=g","url":"https:\/\/secure.gravatar.com\/avatar\/6cf0505f452ee753f485014986fab09a434671d2b919ee76fc541025c5876a70?s=96&d=mm&r=g","contentUrl":"https:\/\/secure.gravatar.com\/avatar\/6cf0505f452ee753f485014986fab09a434671d2b919ee76fc541025c5876a70?s=96&d=mm&r=g","caption":"Memurun Sesi Haber Merkezi"},"sameAs":["https:\/\/memurunsesi.net"],"url":"https:\/\/memurunsesi.net\/index.php\/author\/uniper\/"}]}},"_links":{"self":[{"href":"https:\/\/memurunsesi.net\/index.php\/wp-json\/wp\/v2\/posts\/10197","targetHints":{"allow":["GET"]}}],"collection":[{"href":"https:\/\/memurunsesi.net\/index.php\/wp-json\/wp\/v2\/posts"}],"about":[{"href":"https:\/\/memurunsesi.net\/index.php\/wp-json\/wp\/v2\/types\/post"}],"author":[{"embeddable":true,"href":"https:\/\/memurunsesi.net\/index.php\/wp-json\/wp\/v2\/users\/1"}],"replies":[{"embeddable":true,"href":"https:\/\/memurunsesi.net\/index.php\/wp-json\/wp\/v2\/comments?post=10197"}],"version-history":[{"count":1,"href":"https:\/\/memurunsesi.net\/index.php\/wp-json\/wp\/v2\/posts\/10197\/revisions"}],"predecessor-version":[{"id":10199,"href":"https:\/\/memurunsesi.net\/index.php\/wp-json\/wp\/v2\/posts\/10197\/revisions\/10199"}],"wp:featuredmedia":[{"embeddable":true,"href":"https:\/\/memurunsesi.net\/index.php\/wp-json\/wp\/v2\/media\/10198"}],"wp:attachment":[{"href":"https:\/\/memurunsesi.net\/index.php\/wp-json\/wp\/v2\/media?parent=10197"}],"wp:term":[{"taxonomy":"category","embeddable":true,"href":"https:\/\/memurunsesi.net\/index.php\/wp-json\/wp\/v2\/categories?post=10197"},{"taxonomy":"post_tag","embeddable":true,"href":"https:\/\/memurunsesi.net\/index.php\/wp-json\/wp\/v2\/tags?post=10197"}],"curies":[{"name":"wp","href":"https:\/\/api.w.org\/{rel}","templated":true}]}}