{"id":10200,"date":"2025-08-10T08:21:09","date_gmt":"2025-08-10T05:21:09","guid":{"rendered":"https:\/\/memurunsesi.net\/?p=10200"},"modified":"2025-08-10T08:21:09","modified_gmt":"2025-08-10T05:21:09","slug":"karamanda-hafif-ticari-aracin-carptigi-yasli-kadin-hayatini-kaybetti","status":"publish","type":"post","link":"https:\/\/memurunsesi.net\/index.php\/2025\/08\/10\/karamanda-hafif-ticari-aracin-carptigi-yasli-kadin-hayatini-kaybetti\/","title":{"rendered":"Karaman\u2019da hafif ticari arac\u0131n \u00e7arpt\u0131\u011f\u0131 ya\u015fl\u0131 kad\u0131n hayat\u0131n\u0131 kaybetti"},"content":{"rendered":"<p>  Karaman\u2019da meydana gelen kazada, hafif ticari arac\u0131n \u00e7arpt\u0131\u011f\u0131 ya\u015fl\u0131 kad\u0131n hayat\u0131n\u0131 kaybetti. Kazay\u0131 duyarak olay yerine gelen kad\u0131n\u0131n yak\u0131nlar\u0131 ise ara\u00e7 s\u00fcr\u00fcc\u00fcs\u00fcne sald\u0131rarak darp etti.<br \/>\n  Kaza, ak\u015fam saat 21.00 s\u0131ralar\u0131nda Urgan Mahallesi 1993. Sokak \u00fczerinde meydana geldi. \u0130ddiaya g\u00f6re, \u015e.K. (44) idaresindeki 70 ABP 018 plakal\u0131 hafif ticari ara\u00e7 Havva \u00c7apan\u2019a (66) \u00e7arpt\u0131. \u00c7arpman\u0131n etkisiyle ya\u015fl\u0131 kad\u0131n yol kenar\u0131na savrularak a\u011f\u0131r yaraland\u0131. \u0130hbar \u00fczerine olay yerine sa\u011fl\u0131k ve polis ekipleri sevk edildi. Kazada a\u011f\u0131r yaralanan ya\u015fl\u0131 kad\u0131na sa\u011fl\u0131k ekipleri m\u00fcdahale etti\u011fi esnada kad\u0131n\u0131n kocas\u0131 cep telefonuyla o\u011flunu arayarak, &#8220;O\u011flum annene bir ara\u00e7 \u00e7arpt\u0131. Hemen gel, hastaneye gidiyoruz. Annen \u00f6ld\u00fc&#8221; dedi. Ambulansla Karaman E\u011fitim ve Ara\u015ft\u0131rma Hastanesi\u2019ne kald\u0131r\u0131lan \u00c7apan, burada yap\u0131lan t\u00fcm m\u00fcdahalelere ra\u011fmen kurtar\u0131lamayarak hayat\u0131n\u0131 kaybetti. Kaza haberini alarak olay yerine gelen kad\u0131n\u0131n yak\u0131nlar\u0131 ise ara\u00e7 s\u00fcr\u00fcc\u00fcs\u00fcne sald\u0131rd\u0131. Polis ekiplerinin m\u00fcdahalesiyle sald\u0131rganlar\u0131n elinden al\u0131nan s\u00fcr\u00fcc\u00fc polis arac\u0131na g\u00f6t\u00fcr\u00fclerek koruma alt\u0131na ald\u0131. Bir s\u00fcre sonra darp edilen s\u00fcr\u00fcc\u00fc fenala\u015f\u0131nca olay yerine ambulans \u00e7a\u011f\u0131r\u0131ld\u0131. Polis ekiplerine darp edildi\u011fini anlatan s\u00fcr\u00fcc\u00fc daha sonra ambulansla \u00f6zel bir hastaneye kald\u0131r\u0131ld\u0131. Olay yeri inceleme ekibi de kaza yerinde inceleme yapt\u0131.<br \/>\n  Kazayla ilgili tahkikat ba\u015flat\u0131ld\u0131. <\/p>\n<p>10.08.2025                               <\/p>\n","protected":false},"excerpt":{"rendered":"<p>Karaman\u2019da meydana gelen kazada, hafif ticari arac\u0131n \u00e7arpt\u0131\u011f\u0131 ya\u015fl\u0131 kad\u0131n hayat\u0131n\u0131 kaybetti. Kazay\u0131 duyarak olay yerine gelen kad\u0131n\u0131n yak\u0131nlar\u0131 ise ara\u00e7 s\u00fcr\u00fcc\u00fcs\u00fcne sald\u0131rarak darp etti. Kaza, ak\u015fam saat 21.00 s\u0131ralar\u0131nda Urgan Mahallesi 1993. Sokak \u00fczerinde meydana geldi. \u0130ddiaya g\u00f6re, \u015e.K. (44) idaresindeki 70 ABP 018 plakal\u0131 hafif ticari ara\u00e7 Havva \u00c7apan\u2019a (66) \u00e7arpt\u0131. \u00c7arpman\u0131n etkisiyle [&hellip;]<\/p>\n","protected":false},"author":1,"featured_media":10201,"comment_status":"open","ping_status":"open","sticky":false,"template":"","format":"standard","meta":{"footnotes":""},"categories":[50],"tags":[],"class_list":["post-10200","post","type-post","status-publish","format-standard","has-post-thumbnail","hentry","category-tum-haberler"],"yoast_head":"<!-- This site is optimized with the Yoast SEO plugin v27.4 - https:\/\/yoast.com\/product\/yoast-seo-wordpress\/ -->\n<title>Karaman\u2019da hafif ticari arac\u0131n \u00e7arpt\u0131\u011f\u0131 ya\u015fl\u0131 kad\u0131n hayat\u0131n\u0131 kaybetti - Memurun Sesi<\/title>\n<meta name=\"robots\" content=\"index, follow, max-snippet:-1, max-image-preview:large, max-video-preview:-1\" \/>\n<link rel=\"canonical\" href=\"https:\/\/memurunsesi.net\/index.php\/2025\/08\/10\/karamanda-hafif-ticari-aracin-carptigi-yasli-kadin-hayatini-kaybetti\/\" \/>\n<meta property=\"og:locale\" content=\"tr_TR\" \/>\n<meta property=\"og:type\" content=\"article\" \/>\n<meta property=\"og:title\" content=\"Karaman\u2019da hafif ticari arac\u0131n \u00e7arpt\u0131\u011f\u0131 ya\u015fl\u0131 kad\u0131n hayat\u0131n\u0131 kaybetti - Memurun Sesi\" \/>\n<meta property=\"og:description\" content=\"Karaman\u2019da meydana gelen kazada, hafif ticari arac\u0131n \u00e7arpt\u0131\u011f\u0131 ya\u015fl\u0131 kad\u0131n hayat\u0131n\u0131 kaybetti. Kazay\u0131 duyarak olay yerine gelen kad\u0131n\u0131n yak\u0131nlar\u0131 ise ara\u00e7 s\u00fcr\u00fcc\u00fcs\u00fcne sald\u0131rarak darp etti. Kaza, ak\u015fam saat 21.00 s\u0131ralar\u0131nda Urgan Mahallesi 1993. Sokak \u00fczerinde meydana geldi. \u0130ddiaya g\u00f6re, \u015e.K. (44) idaresindeki 70 ABP 018 plakal\u0131 hafif ticari ara\u00e7 Havva \u00c7apan\u2019a (66) \u00e7arpt\u0131. \u00c7arpman\u0131n etkisiyle [&hellip;]\" \/>\n<meta property=\"og:url\" content=\"https:\/\/memurunsesi.net\/index.php\/2025\/08\/10\/karamanda-hafif-ticari-aracin-carptigi-yasli-kadin-hayatini-kaybetti\/\" \/>\n<meta property=\"og:site_name\" content=\"Memurun Sesi\" \/>\n<meta property=\"article:publisher\" content=\"https:\/\/www.facebook.com\/unipersen\/?locale=tr_TR\" \/>\n<meta property=\"article:published_time\" content=\"2025-08-10T05:21:09+00:00\" \/>\n<meta property=\"og:image\" content=\"https:\/\/memurunsesi.net\/wp-content\/uploads\/2025\/08\/AW514386_01.jpg\" \/>\n\t<meta property=\"og:image:width\" content=\"1600\" \/>\n\t<meta property=\"og:image:height\" content=\"900\" \/>\n\t<meta property=\"og:image:type\" content=\"image\/jpeg\" \/>\n<meta name=\"author\" content=\"Memurun Sesi Haber Merkezi\" \/>\n<meta name=\"twitter:card\" content=\"summary_large_image\" \/>\n<meta name=\"twitter:creator\" content=\"@unipersen\" \/>\n<meta name=\"twitter:site\" content=\"@unipersen\" \/>\n<meta name=\"twitter:label1\" content=\"Yazan:\" \/>\n\t<meta name=\"twitter:data1\" content=\"Memurun Sesi Haber Merkezi\" \/>\n\t<meta name=\"twitter:label2\" content=\"Tahmini okuma s\u00fcresi\" \/>\n\t<meta name=\"twitter:data2\" content=\"1 dakika\" \/>\n<script type=\"application\/ld+json\" class=\"yoast-schema-graph\">{\"@context\":\"https:\\\/\\\/schema.org\",\"@graph\":[{\"@type\":\"Article\",\"@id\":\"https:\\\/\\\/memurunsesi.net\\\/index.php\\\/2025\\\/08\\\/10\\\/karamanda-hafif-ticari-aracin-carptigi-yasli-kadin-hayatini-kaybetti\\\/#article\",\"isPartOf\":{\"@id\":\"https:\\\/\\\/memurunsesi.net\\\/index.php\\\/2025\\\/08\\\/10\\\/karamanda-hafif-ticari-aracin-carptigi-yasli-kadin-hayatini-kaybetti\\\/\"},\"author\":{\"name\":\"Memurun Sesi Haber Merkezi\",\"@id\":\"https:\\\/\\\/memurunsesi.net\\\/#\\\/schema\\\/person\\\/f21c2d73b89f6ee1d80b0a1803e38587\"},\"headline\":\"Karaman\u2019da hafif ticari arac\u0131n \u00e7arpt\u0131\u011f\u0131 ya\u015fl\u0131 kad\u0131n hayat\u0131n\u0131 kaybetti\",\"datePublished\":\"2025-08-10T05:21:09+00:00\",\"mainEntityOfPage\":{\"@id\":\"https:\\\/\\\/memurunsesi.net\\\/index.php\\\/2025\\\/08\\\/10\\\/karamanda-hafif-ticari-aracin-carptigi-yasli-kadin-hayatini-kaybetti\\\/\"},\"wordCount\":266,\"commentCount\":0,\"publisher\":{\"@id\":\"https:\\\/\\\/memurunsesi.net\\\/#organization\"},\"image\":{\"@id\":\"https:\\\/\\\/memurunsesi.net\\\/index.php\\\/2025\\\/08\\\/10\\\/karamanda-hafif-ticari-aracin-carptigi-yasli-kadin-hayatini-kaybetti\\\/#primaryimage\"},\"thumbnailUrl\":\"https:\\\/\\\/memurunsesi.net\\\/wp-content\\\/uploads\\\/2025\\\/08\\\/AW514386_01.jpg\",\"articleSection\":[\"T\u00fcm Haberler\"],\"inLanguage\":\"tr\",\"potentialAction\":[{\"@type\":\"CommentAction\",\"name\":\"Comment\",\"target\":[\"https:\\\/\\\/memurunsesi.net\\\/index.php\\\/2025\\\/08\\\/10\\\/karamanda-hafif-ticari-aracin-carptigi-yasli-kadin-hayatini-kaybetti\\\/#respond\"]}]},{\"@type\":\"WebPage\",\"@id\":\"https:\\\/\\\/memurunsesi.net\\\/index.php\\\/2025\\\/08\\\/10\\\/karamanda-hafif-ticari-aracin-carptigi-yasli-kadin-hayatini-kaybetti\\\/\",\"url\":\"https:\\\/\\\/memurunsesi.net\\\/index.php\\\/2025\\\/08\\\/10\\\/karamanda-hafif-ticari-aracin-carptigi-yasli-kadin-hayatini-kaybetti\\\/\",\"name\":\"Karaman\u2019da hafif ticari arac\u0131n \u00e7arpt\u0131\u011f\u0131 ya\u015fl\u0131 kad\u0131n hayat\u0131n\u0131 kaybetti - Memurun Sesi\",\"isPartOf\":{\"@id\":\"https:\\\/\\\/memurunsesi.net\\\/#website\"},\"primaryImageOfPage\":{\"@id\":\"https:\\\/\\\/memurunsesi.net\\\/index.php\\\/2025\\\/08\\\/10\\\/karamanda-hafif-ticari-aracin-carptigi-yasli-kadin-hayatini-kaybetti\\\/#primaryimage\"},\"image\":{\"@id\":\"https:\\\/\\\/memurunsesi.net\\\/index.php\\\/2025\\\/08\\\/10\\\/karamanda-hafif-ticari-aracin-carptigi-yasli-kadin-hayatini-kaybetti\\\/#primaryimage\"},\"thumbnailUrl\":\"https:\\\/\\\/memurunsesi.net\\\/wp-content\\\/uploads\\\/2025\\\/08\\\/AW514386_01.jpg\",\"datePublished\":\"2025-08-10T05:21:09+00:00\",\"breadcrumb\":{\"@id\":\"https:\\\/\\\/memurunsesi.net\\\/index.php\\\/2025\\\/08\\\/10\\\/karamanda-hafif-ticari-aracin-carptigi-yasli-kadin-hayatini-kaybetti\\\/#breadcrumb\"},\"inLanguage\":\"tr\",\"potentialAction\":[{\"@type\":\"ReadAction\",\"target\":[\"https:\\\/\\\/memurunsesi.net\\\/index.php\\\/2025\\\/08\\\/10\\\/karamanda-hafif-ticari-aracin-carptigi-yasli-kadin-hayatini-kaybetti\\\/\"]}]},{\"@type\":\"ImageObject\",\"inLanguage\":\"tr\",\"@id\":\"https:\\\/\\\/memurunsesi.net\\\/index.php\\\/2025\\\/08\\\/10\\\/karamanda-hafif-ticari-aracin-carptigi-yasli-kadin-hayatini-kaybetti\\\/#primaryimage\",\"url\":\"https:\\\/\\\/memurunsesi.net\\\/wp-content\\\/uploads\\\/2025\\\/08\\\/AW514386_01.jpg\",\"contentUrl\":\"https:\\\/\\\/memurunsesi.net\\\/wp-content\\\/uploads\\\/2025\\\/08\\\/AW514386_01.jpg\",\"width\":1600,\"height\":900,\"caption\":\"KARAMAN'DA HAF\u0130F T\u0130CAR\u0130 ARACIN \u00c7ARPTI\u011eI YA\u015eLI KADIN HAYATINI KAYBETT\u0130. (MEHMET AK\u0130F ORHAN\\\/KARAMAN-\u0130HA) Karaman'da meydana gelen kazada, hafif ticari arac\u0131n \u00e7arpt\u0131\u011f\u0131 ya\u015fl\u0131 kad\u0131n hayat\u0131n\u0131 kaybetti. Kazay\u0131 duyarak olay yerine gelen kad\u0131n\u0131n yak\u0131nlar\u0131 ise ara\u00e7 s\u00fcr\u00fcc\u00fcs\u00fcne sald\u0131rarak darp etti.\"},{\"@type\":\"BreadcrumbList\",\"@id\":\"https:\\\/\\\/memurunsesi.net\\\/index.php\\\/2025\\\/08\\\/10\\\/karamanda-hafif-ticari-aracin-carptigi-yasli-kadin-hayatini-kaybetti\\\/#breadcrumb\",\"itemListElement\":[{\"@type\":\"ListItem\",\"position\":1,\"name\":\"Anasayfa\",\"item\":\"https:\\\/\\\/memurunsesi.net\\\/\"},{\"@type\":\"ListItem\",\"position\":2,\"name\":\"Karaman\u2019da hafif ticari arac\u0131n \u00e7arpt\u0131\u011f\u0131 ya\u015fl\u0131 kad\u0131n hayat\u0131n\u0131 kaybetti\"}]},{\"@type\":\"WebSite\",\"@id\":\"https:\\\/\\\/memurunsesi.net\\\/#website\",\"url\":\"https:\\\/\\\/memurunsesi.net\\\/\",\"name\":\"Memurun Sesi\",\"description\":\"G\u00fcncel ve Do\u011fru Haber\",\"publisher\":{\"@id\":\"https:\\\/\\\/memurunsesi.net\\\/#organization\"},\"potentialAction\":[{\"@type\":\"SearchAction\",\"target\":{\"@type\":\"EntryPoint\",\"urlTemplate\":\"https:\\\/\\\/memurunsesi.net\\\/?s={search_term_string}\"},\"query-input\":{\"@type\":\"PropertyValueSpecification\",\"valueRequired\":true,\"valueName\":\"search_term_string\"}}],\"inLanguage\":\"tr\"},{\"@type\":\"Organization\",\"@id\":\"https:\\\/\\\/memurunsesi.net\\\/#organization\",\"name\":\"Memurun Sesi\",\"url\":\"https:\\\/\\\/memurunsesi.net\\\/\",\"logo\":{\"@type\":\"ImageObject\",\"inLanguage\":\"tr\",\"@id\":\"https:\\\/\\\/memurunsesi.net\\\/#\\\/schema\\\/logo\\\/image\\\/\",\"url\":\"https:\\\/\\\/memurunsesi.net\\\/wp-content\\\/uploads\\\/2025\\\/11\\\/cropped-MEMURUN-SESI.png\",\"contentUrl\":\"https:\\\/\\\/memurunsesi.net\\\/wp-content\\\/uploads\\\/2025\\\/11\\\/cropped-MEMURUN-SESI.png\",\"width\":238,\"height\":57,\"caption\":\"Memurun Sesi\"},\"image\":{\"@id\":\"https:\\\/\\\/memurunsesi.net\\\/#\\\/schema\\\/logo\\\/image\\\/\"},\"sameAs\":[\"https:\\\/\\\/www.facebook.com\\\/unipersen\\\/?locale=tr_TR\",\"https:\\\/\\\/x.com\\\/unipersen\"]},{\"@type\":\"Person\",\"@id\":\"https:\\\/\\\/memurunsesi.net\\\/#\\\/schema\\\/person\\\/f21c2d73b89f6ee1d80b0a1803e38587\",\"name\":\"Memurun Sesi Haber Merkezi\",\"image\":{\"@type\":\"ImageObject\",\"inLanguage\":\"tr\",\"@id\":\"https:\\\/\\\/secure.gravatar.com\\\/avatar\\\/6cf0505f452ee753f485014986fab09a434671d2b919ee76fc541025c5876a70?s=96&d=mm&r=g\",\"url\":\"https:\\\/\\\/secure.gravatar.com\\\/avatar\\\/6cf0505f452ee753f485014986fab09a434671d2b919ee76fc541025c5876a70?s=96&d=mm&r=g\",\"contentUrl\":\"https:\\\/\\\/secure.gravatar.com\\\/avatar\\\/6cf0505f452ee753f485014986fab09a434671d2b919ee76fc541025c5876a70?s=96&d=mm&r=g\",\"caption\":\"Memurun Sesi Haber Merkezi\"},\"sameAs\":[\"https:\\\/\\\/memurunsesi.net\"],\"url\":\"https:\\\/\\\/memurunsesi.net\\\/index.php\\\/author\\\/uniper\\\/\"}]}<\/script>\n<!-- \/ Yoast SEO plugin. -->","yoast_head_json":{"title":"Karaman\u2019da hafif ticari arac\u0131n \u00e7arpt\u0131\u011f\u0131 ya\u015fl\u0131 kad\u0131n hayat\u0131n\u0131 kaybetti - Memurun Sesi","robots":{"index":"index","follow":"follow","max-snippet":"max-snippet:-1","max-image-preview":"max-image-preview:large","max-video-preview":"max-video-preview:-1"},"canonical":"https:\/\/memurunsesi.net\/index.php\/2025\/08\/10\/karamanda-hafif-ticari-aracin-carptigi-yasli-kadin-hayatini-kaybetti\/","og_locale":"tr_TR","og_type":"article","og_title":"Karaman\u2019da hafif ticari arac\u0131n \u00e7arpt\u0131\u011f\u0131 ya\u015fl\u0131 kad\u0131n hayat\u0131n\u0131 kaybetti - Memurun Sesi","og_description":"Karaman\u2019da meydana gelen kazada, hafif ticari arac\u0131n \u00e7arpt\u0131\u011f\u0131 ya\u015fl\u0131 kad\u0131n hayat\u0131n\u0131 kaybetti. Kazay\u0131 duyarak olay yerine gelen kad\u0131n\u0131n yak\u0131nlar\u0131 ise ara\u00e7 s\u00fcr\u00fcc\u00fcs\u00fcne sald\u0131rarak darp etti. Kaza, ak\u015fam saat 21.00 s\u0131ralar\u0131nda Urgan Mahallesi 1993. Sokak \u00fczerinde meydana geldi. \u0130ddiaya g\u00f6re, \u015e.K. (44) idaresindeki 70 ABP 018 plakal\u0131 hafif ticari ara\u00e7 Havva \u00c7apan\u2019a (66) \u00e7arpt\u0131. \u00c7arpman\u0131n etkisiyle [&hellip;]","og_url":"https:\/\/memurunsesi.net\/index.php\/2025\/08\/10\/karamanda-hafif-ticari-aracin-carptigi-yasli-kadin-hayatini-kaybetti\/","og_site_name":"Memurun Sesi","article_publisher":"https:\/\/www.facebook.com\/unipersen\/?locale=tr_TR","article_published_time":"2025-08-10T05:21:09+00:00","og_image":[{"width":1600,"height":900,"url":"https:\/\/memurunsesi.net\/wp-content\/uploads\/2025\/08\/AW514386_01.jpg","type":"image\/jpeg"}],"author":"Memurun Sesi Haber Merkezi","twitter_card":"summary_large_image","twitter_creator":"@unipersen","twitter_site":"@unipersen","twitter_misc":{"Yazan:":"Memurun Sesi Haber Merkezi","Tahmini okuma s\u00fcresi":"1 dakika"},"schema":{"@context":"https:\/\/schema.org","@graph":[{"@type":"Article","@id":"https:\/\/memurunsesi.net\/index.php\/2025\/08\/10\/karamanda-hafif-ticari-aracin-carptigi-yasli-kadin-hayatini-kaybetti\/#article","isPartOf":{"@id":"https:\/\/memurunsesi.net\/index.php\/2025\/08\/10\/karamanda-hafif-ticari-aracin-carptigi-yasli-kadin-hayatini-kaybetti\/"},"author":{"name":"Memurun Sesi Haber Merkezi","@id":"https:\/\/memurunsesi.net\/#\/schema\/person\/f21c2d73b89f6ee1d80b0a1803e38587"},"headline":"Karaman\u2019da hafif ticari arac\u0131n \u00e7arpt\u0131\u011f\u0131 ya\u015fl\u0131 kad\u0131n hayat\u0131n\u0131 kaybetti","datePublished":"2025-08-10T05:21:09+00:00","mainEntityOfPage":{"@id":"https:\/\/memurunsesi.net\/index.php\/2025\/08\/10\/karamanda-hafif-ticari-aracin-carptigi-yasli-kadin-hayatini-kaybetti\/"},"wordCount":266,"commentCount":0,"publisher":{"@id":"https:\/\/memurunsesi.net\/#organization"},"image":{"@id":"https:\/\/memurunsesi.net\/index.php\/2025\/08\/10\/karamanda-hafif-ticari-aracin-carptigi-yasli-kadin-hayatini-kaybetti\/#primaryimage"},"thumbnailUrl":"https:\/\/memurunsesi.net\/wp-content\/uploads\/2025\/08\/AW514386_01.jpg","articleSection":["T\u00fcm Haberler"],"inLanguage":"tr","potentialAction":[{"@type":"CommentAction","name":"Comment","target":["https:\/\/memurunsesi.net\/index.php\/2025\/08\/10\/karamanda-hafif-ticari-aracin-carptigi-yasli-kadin-hayatini-kaybetti\/#respond"]}]},{"@type":"WebPage","@id":"https:\/\/memurunsesi.net\/index.php\/2025\/08\/10\/karamanda-hafif-ticari-aracin-carptigi-yasli-kadin-hayatini-kaybetti\/","url":"https:\/\/memurunsesi.net\/index.php\/2025\/08\/10\/karamanda-hafif-ticari-aracin-carptigi-yasli-kadin-hayatini-kaybetti\/","name":"Karaman\u2019da hafif ticari arac\u0131n \u00e7arpt\u0131\u011f\u0131 ya\u015fl\u0131 kad\u0131n hayat\u0131n\u0131 kaybetti - Memurun Sesi","isPartOf":{"@id":"https:\/\/memurunsesi.net\/#website"},"primaryImageOfPage":{"@id":"https:\/\/memurunsesi.net\/index.php\/2025\/08\/10\/karamanda-hafif-ticari-aracin-carptigi-yasli-kadin-hayatini-kaybetti\/#primaryimage"},"image":{"@id":"https:\/\/memurunsesi.net\/index.php\/2025\/08\/10\/karamanda-hafif-ticari-aracin-carptigi-yasli-kadin-hayatini-kaybetti\/#primaryimage"},"thumbnailUrl":"https:\/\/memurunsesi.net\/wp-content\/uploads\/2025\/08\/AW514386_01.jpg","datePublished":"2025-08-10T05:21:09+00:00","breadcrumb":{"@id":"https:\/\/memurunsesi.net\/index.php\/2025\/08\/10\/karamanda-hafif-ticari-aracin-carptigi-yasli-kadin-hayatini-kaybetti\/#breadcrumb"},"inLanguage":"tr","potentialAction":[{"@type":"ReadAction","target":["https:\/\/memurunsesi.net\/index.php\/2025\/08\/10\/karamanda-hafif-ticari-aracin-carptigi-yasli-kadin-hayatini-kaybetti\/"]}]},{"@type":"ImageObject","inLanguage":"tr","@id":"https:\/\/memurunsesi.net\/index.php\/2025\/08\/10\/karamanda-hafif-ticari-aracin-carptigi-yasli-kadin-hayatini-kaybetti\/#primaryimage","url":"https:\/\/memurunsesi.net\/wp-content\/uploads\/2025\/08\/AW514386_01.jpg","contentUrl":"https:\/\/memurunsesi.net\/wp-content\/uploads\/2025\/08\/AW514386_01.jpg","width":1600,"height":900,"caption":"KARAMAN'DA HAF\u0130F T\u0130CAR\u0130 ARACIN \u00c7ARPTI\u011eI YA\u015eLI KADIN HAYATINI KAYBETT\u0130. (MEHMET AK\u0130F ORHAN\/KARAMAN-\u0130HA) Karaman'da meydana gelen kazada, hafif ticari arac\u0131n \u00e7arpt\u0131\u011f\u0131 ya\u015fl\u0131 kad\u0131n hayat\u0131n\u0131 kaybetti. Kazay\u0131 duyarak olay yerine gelen kad\u0131n\u0131n yak\u0131nlar\u0131 ise ara\u00e7 s\u00fcr\u00fcc\u00fcs\u00fcne sald\u0131rarak darp etti."},{"@type":"BreadcrumbList","@id":"https:\/\/memurunsesi.net\/index.php\/2025\/08\/10\/karamanda-hafif-ticari-aracin-carptigi-yasli-kadin-hayatini-kaybetti\/#breadcrumb","itemListElement":[{"@type":"ListItem","position":1,"name":"Anasayfa","item":"https:\/\/memurunsesi.net\/"},{"@type":"ListItem","position":2,"name":"Karaman\u2019da hafif ticari arac\u0131n \u00e7arpt\u0131\u011f\u0131 ya\u015fl\u0131 kad\u0131n hayat\u0131n\u0131 kaybetti"}]},{"@type":"WebSite","@id":"https:\/\/memurunsesi.net\/#website","url":"https:\/\/memurunsesi.net\/","name":"Memurun Sesi","description":"G\u00fcncel ve Do\u011fru Haber","publisher":{"@id":"https:\/\/memurunsesi.net\/#organization"},"potentialAction":[{"@type":"SearchAction","target":{"@type":"EntryPoint","urlTemplate":"https:\/\/memurunsesi.net\/?s={search_term_string}"},"query-input":{"@type":"PropertyValueSpecification","valueRequired":true,"valueName":"search_term_string"}}],"inLanguage":"tr"},{"@type":"Organization","@id":"https:\/\/memurunsesi.net\/#organization","name":"Memurun Sesi","url":"https:\/\/memurunsesi.net\/","logo":{"@type":"ImageObject","inLanguage":"tr","@id":"https:\/\/memurunsesi.net\/#\/schema\/logo\/image\/","url":"https:\/\/memurunsesi.net\/wp-content\/uploads\/2025\/11\/cropped-MEMURUN-SESI.png","contentUrl":"https:\/\/memurunsesi.net\/wp-content\/uploads\/2025\/11\/cropped-MEMURUN-SESI.png","width":238,"height":57,"caption":"Memurun Sesi"},"image":{"@id":"https:\/\/memurunsesi.net\/#\/schema\/logo\/image\/"},"sameAs":["https:\/\/www.facebook.com\/unipersen\/?locale=tr_TR","https:\/\/x.com\/unipersen"]},{"@type":"Person","@id":"https:\/\/memurunsesi.net\/#\/schema\/person\/f21c2d73b89f6ee1d80b0a1803e38587","name":"Memurun Sesi Haber Merkezi","image":{"@type":"ImageObject","inLanguage":"tr","@id":"https:\/\/secure.gravatar.com\/avatar\/6cf0505f452ee753f485014986fab09a434671d2b919ee76fc541025c5876a70?s=96&d=mm&r=g","url":"https:\/\/secure.gravatar.com\/avatar\/6cf0505f452ee753f485014986fab09a434671d2b919ee76fc541025c5876a70?s=96&d=mm&r=g","contentUrl":"https:\/\/secure.gravatar.com\/avatar\/6cf0505f452ee753f485014986fab09a434671d2b919ee76fc541025c5876a70?s=96&d=mm&r=g","caption":"Memurun Sesi Haber Merkezi"},"sameAs":["https:\/\/memurunsesi.net"],"url":"https:\/\/memurunsesi.net\/index.php\/author\/uniper\/"}]}},"_links":{"self":[{"href":"https:\/\/memurunsesi.net\/index.php\/wp-json\/wp\/v2\/posts\/10200","targetHints":{"allow":["GET"]}}],"collection":[{"href":"https:\/\/memurunsesi.net\/index.php\/wp-json\/wp\/v2\/posts"}],"about":[{"href":"https:\/\/memurunsesi.net\/index.php\/wp-json\/wp\/v2\/types\/post"}],"author":[{"embeddable":true,"href":"https:\/\/memurunsesi.net\/index.php\/wp-json\/wp\/v2\/users\/1"}],"replies":[{"embeddable":true,"href":"https:\/\/memurunsesi.net\/index.php\/wp-json\/wp\/v2\/comments?post=10200"}],"version-history":[{"count":1,"href":"https:\/\/memurunsesi.net\/index.php\/wp-json\/wp\/v2\/posts\/10200\/revisions"}],"predecessor-version":[{"id":10202,"href":"https:\/\/memurunsesi.net\/index.php\/wp-json\/wp\/v2\/posts\/10200\/revisions\/10202"}],"wp:featuredmedia":[{"embeddable":true,"href":"https:\/\/memurunsesi.net\/index.php\/wp-json\/wp\/v2\/media\/10201"}],"wp:attachment":[{"href":"https:\/\/memurunsesi.net\/index.php\/wp-json\/wp\/v2\/media?parent=10200"}],"wp:term":[{"taxonomy":"category","embeddable":true,"href":"https:\/\/memurunsesi.net\/index.php\/wp-json\/wp\/v2\/categories?post=10200"},{"taxonomy":"post_tag","embeddable":true,"href":"https:\/\/memurunsesi.net\/index.php\/wp-json\/wp\/v2\/tags?post=10200"}],"curies":[{"name":"wp","href":"https:\/\/api.w.org\/{rel}","templated":true}]}}