{"id":10209,"date":"2025-08-10T08:25:05","date_gmt":"2025-08-10T05:25:05","guid":{"rendered":"https:\/\/memurunsesi.net\/?p=10209"},"modified":"2025-08-10T08:25:05","modified_gmt":"2025-08-10T05:25:05","slug":"tekirdagda-motosiklet-kazasi-kask-hayat-kurtardi","status":"publish","type":"post","link":"https:\/\/memurunsesi.net\/index.php\/2025\/08\/10\/tekirdagda-motosiklet-kazasi-kask-hayat-kurtardi\/","title":{"rendered":"Tekirda\u011f\u2019da motosiklet kazas\u0131: Kask hayat kurtard\u0131"},"content":{"rendered":"<p>   Tekirda\u011f\u2019\u0131n S\u00fcleymanpa\u015fa il\u00e7esinde meydana gelen motosiklet kazas\u0131nda s\u00fcr\u00fcc\u00fc yaraland\u0131.<br \/>\nEdinilen bilgiye g\u00f6re, 59 AFB 311 plakal\u0131 motosiklet, De\u011firmenalt\u0131 Mahallesi\u2019nde seyir halindeyken s\u00fcr\u00fcc\u00fcs\u00fcn\u00fcn kontrol\u00fcnden \u00e7\u0131kmas\u0131 sonucu devrildi. Kazada ba\u015f\u0131n\u0131 yere \u00e7arpan s\u00fcr\u00fcc\u00fc, kask\u0131n\u0131n tak\u0131l\u0131 olmas\u0131 sayesinde a\u011f\u0131r yaralanmaktan kurtuldu.<br \/>\n  \u0130hbar \u00fczerine olay yerine polis ve sa\u011fl\u0131k ekipleri sevk edildi. \u0130lk m\u00fcdahalesi burada yap\u0131lan yaral\u0131, daha sonra tedavi alt\u0131na al\u0131nmak \u00fczere hastaneye g\u00f6t\u00fcr\u00fcld\u00fc.<br \/>\n  Polis ekipleri kazayla ilgili soru\u015fturma ba\u015flatt\u0131. <\/p>\n<p>10.08.2025                               <\/p>\n","protected":false},"excerpt":{"rendered":"<p>Tekirda\u011f\u2019\u0131n S\u00fcleymanpa\u015fa il\u00e7esinde meydana gelen motosiklet kazas\u0131nda s\u00fcr\u00fcc\u00fc yaraland\u0131. Edinilen bilgiye g\u00f6re, 59 AFB 311 plakal\u0131 motosiklet, De\u011firmenalt\u0131 Mahallesi\u2019nde seyir halindeyken s\u00fcr\u00fcc\u00fcs\u00fcn\u00fcn kontrol\u00fcnden \u00e7\u0131kmas\u0131 sonucu devrildi. Kazada ba\u015f\u0131n\u0131 yere \u00e7arpan s\u00fcr\u00fcc\u00fc, kask\u0131n\u0131n tak\u0131l\u0131 olmas\u0131 sayesinde a\u011f\u0131r yaralanmaktan kurtuldu. \u0130hbar \u00fczerine olay yerine polis ve sa\u011fl\u0131k ekipleri sevk edildi. \u0130lk m\u00fcdahalesi burada yap\u0131lan yaral\u0131, daha sonra [&hellip;]<\/p>\n","protected":false},"author":1,"featured_media":10210,"comment_status":"open","ping_status":"open","sticky":false,"template":"","format":"standard","meta":{"footnotes":""},"categories":[1],"tags":[],"class_list":["post-10209","post","type-post","status-publish","format-standard","has-post-thumbnail","hentry","category-genel"],"yoast_head":"<!-- This site is optimized with the Yoast SEO plugin v27.4 - https:\/\/yoast.com\/product\/yoast-seo-wordpress\/ -->\n<title>Tekirda\u011f\u2019da motosiklet kazas\u0131: Kask hayat kurtard\u0131 - Memurun Sesi<\/title>\n<meta name=\"robots\" content=\"index, follow, max-snippet:-1, max-image-preview:large, max-video-preview:-1\" \/>\n<link rel=\"canonical\" href=\"https:\/\/memurunsesi.net\/index.php\/2025\/08\/10\/tekirdagda-motosiklet-kazasi-kask-hayat-kurtardi\/\" \/>\n<meta property=\"og:locale\" content=\"tr_TR\" \/>\n<meta property=\"og:type\" content=\"article\" \/>\n<meta property=\"og:title\" content=\"Tekirda\u011f\u2019da motosiklet kazas\u0131: Kask hayat kurtard\u0131 - Memurun Sesi\" \/>\n<meta property=\"og:description\" content=\"Tekirda\u011f\u2019\u0131n S\u00fcleymanpa\u015fa il\u00e7esinde meydana gelen motosiklet kazas\u0131nda s\u00fcr\u00fcc\u00fc yaraland\u0131. Edinilen bilgiye g\u00f6re, 59 AFB 311 plakal\u0131 motosiklet, De\u011firmenalt\u0131 Mahallesi\u2019nde seyir halindeyken s\u00fcr\u00fcc\u00fcs\u00fcn\u00fcn kontrol\u00fcnden \u00e7\u0131kmas\u0131 sonucu devrildi. Kazada ba\u015f\u0131n\u0131 yere \u00e7arpan s\u00fcr\u00fcc\u00fc, kask\u0131n\u0131n tak\u0131l\u0131 olmas\u0131 sayesinde a\u011f\u0131r yaralanmaktan kurtuldu. \u0130hbar \u00fczerine olay yerine polis ve sa\u011fl\u0131k ekipleri sevk edildi. \u0130lk m\u00fcdahalesi burada yap\u0131lan yaral\u0131, daha sonra [&hellip;]\" \/>\n<meta property=\"og:url\" content=\"https:\/\/memurunsesi.net\/index.php\/2025\/08\/10\/tekirdagda-motosiklet-kazasi-kask-hayat-kurtardi\/\" \/>\n<meta property=\"og:site_name\" content=\"Memurun Sesi\" \/>\n<meta property=\"article:publisher\" content=\"https:\/\/www.facebook.com\/unipersen\/?locale=tr_TR\" \/>\n<meta property=\"article:published_time\" content=\"2025-08-10T05:25:05+00:00\" \/>\n<meta property=\"og:image\" content=\"https:\/\/memurunsesi.net\/wp-content\/uploads\/2025\/08\/AW514380_01-scaled.jpg\" \/>\n\t<meta property=\"og:image:width\" content=\"2560\" \/>\n\t<meta property=\"og:image:height\" content=\"1920\" \/>\n\t<meta property=\"og:image:type\" content=\"image\/jpeg\" \/>\n<meta name=\"author\" content=\"Memurun Sesi Haber Merkezi\" \/>\n<meta name=\"twitter:card\" content=\"summary_large_image\" \/>\n<meta name=\"twitter:creator\" content=\"@unipersen\" \/>\n<meta name=\"twitter:site\" content=\"@unipersen\" \/>\n<meta name=\"twitter:label1\" content=\"Yazan:\" \/>\n\t<meta name=\"twitter:data1\" content=\"Memurun Sesi Haber Merkezi\" \/>\n<script type=\"application\/ld+json\" class=\"yoast-schema-graph\">{\"@context\":\"https:\\\/\\\/schema.org\",\"@graph\":[{\"@type\":\"Article\",\"@id\":\"https:\\\/\\\/memurunsesi.net\\\/index.php\\\/2025\\\/08\\\/10\\\/tekirdagda-motosiklet-kazasi-kask-hayat-kurtardi\\\/#article\",\"isPartOf\":{\"@id\":\"https:\\\/\\\/memurunsesi.net\\\/index.php\\\/2025\\\/08\\\/10\\\/tekirdagda-motosiklet-kazasi-kask-hayat-kurtardi\\\/\"},\"author\":{\"name\":\"Memurun Sesi Haber Merkezi\",\"@id\":\"https:\\\/\\\/memurunsesi.net\\\/#\\\/schema\\\/person\\\/f21c2d73b89f6ee1d80b0a1803e38587\"},\"headline\":\"Tekirda\u011f\u2019da motosiklet kazas\u0131: Kask hayat kurtard\u0131\",\"datePublished\":\"2025-08-10T05:25:05+00:00\",\"mainEntityOfPage\":{\"@id\":\"https:\\\/\\\/memurunsesi.net\\\/index.php\\\/2025\\\/08\\\/10\\\/tekirdagda-motosiklet-kazasi-kask-hayat-kurtardi\\\/\"},\"wordCount\":106,\"commentCount\":0,\"publisher\":{\"@id\":\"https:\\\/\\\/memurunsesi.net\\\/#organization\"},\"image\":{\"@id\":\"https:\\\/\\\/memurunsesi.net\\\/index.php\\\/2025\\\/08\\\/10\\\/tekirdagda-motosiklet-kazasi-kask-hayat-kurtardi\\\/#primaryimage\"},\"thumbnailUrl\":\"https:\\\/\\\/memurunsesi.net\\\/wp-content\\\/uploads\\\/2025\\\/08\\\/AW514380_01-scaled.jpg\",\"inLanguage\":\"tr\",\"potentialAction\":[{\"@type\":\"CommentAction\",\"name\":\"Comment\",\"target\":[\"https:\\\/\\\/memurunsesi.net\\\/index.php\\\/2025\\\/08\\\/10\\\/tekirdagda-motosiklet-kazasi-kask-hayat-kurtardi\\\/#respond\"]}]},{\"@type\":\"WebPage\",\"@id\":\"https:\\\/\\\/memurunsesi.net\\\/index.php\\\/2025\\\/08\\\/10\\\/tekirdagda-motosiklet-kazasi-kask-hayat-kurtardi\\\/\",\"url\":\"https:\\\/\\\/memurunsesi.net\\\/index.php\\\/2025\\\/08\\\/10\\\/tekirdagda-motosiklet-kazasi-kask-hayat-kurtardi\\\/\",\"name\":\"Tekirda\u011f\u2019da motosiklet kazas\u0131: Kask hayat kurtard\u0131 - Memurun Sesi\",\"isPartOf\":{\"@id\":\"https:\\\/\\\/memurunsesi.net\\\/#website\"},\"primaryImageOfPage\":{\"@id\":\"https:\\\/\\\/memurunsesi.net\\\/index.php\\\/2025\\\/08\\\/10\\\/tekirdagda-motosiklet-kazasi-kask-hayat-kurtardi\\\/#primaryimage\"},\"image\":{\"@id\":\"https:\\\/\\\/memurunsesi.net\\\/index.php\\\/2025\\\/08\\\/10\\\/tekirdagda-motosiklet-kazasi-kask-hayat-kurtardi\\\/#primaryimage\"},\"thumbnailUrl\":\"https:\\\/\\\/memurunsesi.net\\\/wp-content\\\/uploads\\\/2025\\\/08\\\/AW514380_01-scaled.jpg\",\"datePublished\":\"2025-08-10T05:25:05+00:00\",\"breadcrumb\":{\"@id\":\"https:\\\/\\\/memurunsesi.net\\\/index.php\\\/2025\\\/08\\\/10\\\/tekirdagda-motosiklet-kazasi-kask-hayat-kurtardi\\\/#breadcrumb\"},\"inLanguage\":\"tr\",\"potentialAction\":[{\"@type\":\"ReadAction\",\"target\":[\"https:\\\/\\\/memurunsesi.net\\\/index.php\\\/2025\\\/08\\\/10\\\/tekirdagda-motosiklet-kazasi-kask-hayat-kurtardi\\\/\"]}]},{\"@type\":\"ImageObject\",\"inLanguage\":\"tr\",\"@id\":\"https:\\\/\\\/memurunsesi.net\\\/index.php\\\/2025\\\/08\\\/10\\\/tekirdagda-motosiklet-kazasi-kask-hayat-kurtardi\\\/#primaryimage\",\"url\":\"https:\\\/\\\/memurunsesi.net\\\/wp-content\\\/uploads\\\/2025\\\/08\\\/AW514380_01-scaled.jpg\",\"contentUrl\":\"https:\\\/\\\/memurunsesi.net\\\/wp-content\\\/uploads\\\/2025\\\/08\\\/AW514380_01-scaled.jpg\",\"width\":2560,\"height\":1920,\"caption\":\"TEK\u0130RDA\u011e'DA MOTOS\u0130KLET KAZASI: KASK HAYAT KURTARDI (\u0130LHAN CAN ARICILAR\\\/TEK\u0130RDA\u011e-\u0130HA) Tekirda\u011f'\u0131n S\u00fcleymanpa\u015fa il\u00e7esinde meydana gelen motosiklet kazas\u0131nda s\u00fcr\u00fcc\u00fc yaraland\u0131.\"},{\"@type\":\"BreadcrumbList\",\"@id\":\"https:\\\/\\\/memurunsesi.net\\\/index.php\\\/2025\\\/08\\\/10\\\/tekirdagda-motosiklet-kazasi-kask-hayat-kurtardi\\\/#breadcrumb\",\"itemListElement\":[{\"@type\":\"ListItem\",\"position\":1,\"name\":\"Anasayfa\",\"item\":\"https:\\\/\\\/memurunsesi.net\\\/\"},{\"@type\":\"ListItem\",\"position\":2,\"name\":\"Tekirda\u011f\u2019da motosiklet kazas\u0131: Kask hayat kurtard\u0131\"}]},{\"@type\":\"WebSite\",\"@id\":\"https:\\\/\\\/memurunsesi.net\\\/#website\",\"url\":\"https:\\\/\\\/memurunsesi.net\\\/\",\"name\":\"Memurun Sesi\",\"description\":\"G\u00fcncel ve Do\u011fru Haber\",\"publisher\":{\"@id\":\"https:\\\/\\\/memurunsesi.net\\\/#organization\"},\"potentialAction\":[{\"@type\":\"SearchAction\",\"target\":{\"@type\":\"EntryPoint\",\"urlTemplate\":\"https:\\\/\\\/memurunsesi.net\\\/?s={search_term_string}\"},\"query-input\":{\"@type\":\"PropertyValueSpecification\",\"valueRequired\":true,\"valueName\":\"search_term_string\"}}],\"inLanguage\":\"tr\"},{\"@type\":\"Organization\",\"@id\":\"https:\\\/\\\/memurunsesi.net\\\/#organization\",\"name\":\"Memurun Sesi\",\"url\":\"https:\\\/\\\/memurunsesi.net\\\/\",\"logo\":{\"@type\":\"ImageObject\",\"inLanguage\":\"tr\",\"@id\":\"https:\\\/\\\/memurunsesi.net\\\/#\\\/schema\\\/logo\\\/image\\\/\",\"url\":\"https:\\\/\\\/memurunsesi.net\\\/wp-content\\\/uploads\\\/2025\\\/11\\\/cropped-MEMURUN-SESI.png\",\"contentUrl\":\"https:\\\/\\\/memurunsesi.net\\\/wp-content\\\/uploads\\\/2025\\\/11\\\/cropped-MEMURUN-SESI.png\",\"width\":238,\"height\":57,\"caption\":\"Memurun Sesi\"},\"image\":{\"@id\":\"https:\\\/\\\/memurunsesi.net\\\/#\\\/schema\\\/logo\\\/image\\\/\"},\"sameAs\":[\"https:\\\/\\\/www.facebook.com\\\/unipersen\\\/?locale=tr_TR\",\"https:\\\/\\\/x.com\\\/unipersen\"]},{\"@type\":\"Person\",\"@id\":\"https:\\\/\\\/memurunsesi.net\\\/#\\\/schema\\\/person\\\/f21c2d73b89f6ee1d80b0a1803e38587\",\"name\":\"Memurun Sesi Haber Merkezi\",\"image\":{\"@type\":\"ImageObject\",\"inLanguage\":\"tr\",\"@id\":\"https:\\\/\\\/secure.gravatar.com\\\/avatar\\\/6cf0505f452ee753f485014986fab09a434671d2b919ee76fc541025c5876a70?s=96&d=mm&r=g\",\"url\":\"https:\\\/\\\/secure.gravatar.com\\\/avatar\\\/6cf0505f452ee753f485014986fab09a434671d2b919ee76fc541025c5876a70?s=96&d=mm&r=g\",\"contentUrl\":\"https:\\\/\\\/secure.gravatar.com\\\/avatar\\\/6cf0505f452ee753f485014986fab09a434671d2b919ee76fc541025c5876a70?s=96&d=mm&r=g\",\"caption\":\"Memurun Sesi Haber Merkezi\"},\"sameAs\":[\"https:\\\/\\\/memurunsesi.net\"],\"url\":\"https:\\\/\\\/memurunsesi.net\\\/index.php\\\/author\\\/uniper\\\/\"}]}<\/script>\n<!-- \/ Yoast SEO plugin. -->","yoast_head_json":{"title":"Tekirda\u011f\u2019da motosiklet kazas\u0131: Kask hayat kurtard\u0131 - Memurun Sesi","robots":{"index":"index","follow":"follow","max-snippet":"max-snippet:-1","max-image-preview":"max-image-preview:large","max-video-preview":"max-video-preview:-1"},"canonical":"https:\/\/memurunsesi.net\/index.php\/2025\/08\/10\/tekirdagda-motosiklet-kazasi-kask-hayat-kurtardi\/","og_locale":"tr_TR","og_type":"article","og_title":"Tekirda\u011f\u2019da motosiklet kazas\u0131: Kask hayat kurtard\u0131 - Memurun Sesi","og_description":"Tekirda\u011f\u2019\u0131n S\u00fcleymanpa\u015fa il\u00e7esinde meydana gelen motosiklet kazas\u0131nda s\u00fcr\u00fcc\u00fc yaraland\u0131. Edinilen bilgiye g\u00f6re, 59 AFB 311 plakal\u0131 motosiklet, De\u011firmenalt\u0131 Mahallesi\u2019nde seyir halindeyken s\u00fcr\u00fcc\u00fcs\u00fcn\u00fcn kontrol\u00fcnden \u00e7\u0131kmas\u0131 sonucu devrildi. Kazada ba\u015f\u0131n\u0131 yere \u00e7arpan s\u00fcr\u00fcc\u00fc, kask\u0131n\u0131n tak\u0131l\u0131 olmas\u0131 sayesinde a\u011f\u0131r yaralanmaktan kurtuldu. \u0130hbar \u00fczerine olay yerine polis ve sa\u011fl\u0131k ekipleri sevk edildi. \u0130lk m\u00fcdahalesi burada yap\u0131lan yaral\u0131, daha sonra [&hellip;]","og_url":"https:\/\/memurunsesi.net\/index.php\/2025\/08\/10\/tekirdagda-motosiklet-kazasi-kask-hayat-kurtardi\/","og_site_name":"Memurun Sesi","article_publisher":"https:\/\/www.facebook.com\/unipersen\/?locale=tr_TR","article_published_time":"2025-08-10T05:25:05+00:00","og_image":[{"width":2560,"height":1920,"url":"https:\/\/memurunsesi.net\/wp-content\/uploads\/2025\/08\/AW514380_01-scaled.jpg","type":"image\/jpeg"}],"author":"Memurun Sesi Haber Merkezi","twitter_card":"summary_large_image","twitter_creator":"@unipersen","twitter_site":"@unipersen","twitter_misc":{"Yazan:":"Memurun Sesi Haber Merkezi"},"schema":{"@context":"https:\/\/schema.org","@graph":[{"@type":"Article","@id":"https:\/\/memurunsesi.net\/index.php\/2025\/08\/10\/tekirdagda-motosiklet-kazasi-kask-hayat-kurtardi\/#article","isPartOf":{"@id":"https:\/\/memurunsesi.net\/index.php\/2025\/08\/10\/tekirdagda-motosiklet-kazasi-kask-hayat-kurtardi\/"},"author":{"name":"Memurun Sesi Haber Merkezi","@id":"https:\/\/memurunsesi.net\/#\/schema\/person\/f21c2d73b89f6ee1d80b0a1803e38587"},"headline":"Tekirda\u011f\u2019da motosiklet kazas\u0131: Kask hayat kurtard\u0131","datePublished":"2025-08-10T05:25:05+00:00","mainEntityOfPage":{"@id":"https:\/\/memurunsesi.net\/index.php\/2025\/08\/10\/tekirdagda-motosiklet-kazasi-kask-hayat-kurtardi\/"},"wordCount":106,"commentCount":0,"publisher":{"@id":"https:\/\/memurunsesi.net\/#organization"},"image":{"@id":"https:\/\/memurunsesi.net\/index.php\/2025\/08\/10\/tekirdagda-motosiklet-kazasi-kask-hayat-kurtardi\/#primaryimage"},"thumbnailUrl":"https:\/\/memurunsesi.net\/wp-content\/uploads\/2025\/08\/AW514380_01-scaled.jpg","inLanguage":"tr","potentialAction":[{"@type":"CommentAction","name":"Comment","target":["https:\/\/memurunsesi.net\/index.php\/2025\/08\/10\/tekirdagda-motosiklet-kazasi-kask-hayat-kurtardi\/#respond"]}]},{"@type":"WebPage","@id":"https:\/\/memurunsesi.net\/index.php\/2025\/08\/10\/tekirdagda-motosiklet-kazasi-kask-hayat-kurtardi\/","url":"https:\/\/memurunsesi.net\/index.php\/2025\/08\/10\/tekirdagda-motosiklet-kazasi-kask-hayat-kurtardi\/","name":"Tekirda\u011f\u2019da motosiklet kazas\u0131: Kask hayat kurtard\u0131 - Memurun Sesi","isPartOf":{"@id":"https:\/\/memurunsesi.net\/#website"},"primaryImageOfPage":{"@id":"https:\/\/memurunsesi.net\/index.php\/2025\/08\/10\/tekirdagda-motosiklet-kazasi-kask-hayat-kurtardi\/#primaryimage"},"image":{"@id":"https:\/\/memurunsesi.net\/index.php\/2025\/08\/10\/tekirdagda-motosiklet-kazasi-kask-hayat-kurtardi\/#primaryimage"},"thumbnailUrl":"https:\/\/memurunsesi.net\/wp-content\/uploads\/2025\/08\/AW514380_01-scaled.jpg","datePublished":"2025-08-10T05:25:05+00:00","breadcrumb":{"@id":"https:\/\/memurunsesi.net\/index.php\/2025\/08\/10\/tekirdagda-motosiklet-kazasi-kask-hayat-kurtardi\/#breadcrumb"},"inLanguage":"tr","potentialAction":[{"@type":"ReadAction","target":["https:\/\/memurunsesi.net\/index.php\/2025\/08\/10\/tekirdagda-motosiklet-kazasi-kask-hayat-kurtardi\/"]}]},{"@type":"ImageObject","inLanguage":"tr","@id":"https:\/\/memurunsesi.net\/index.php\/2025\/08\/10\/tekirdagda-motosiklet-kazasi-kask-hayat-kurtardi\/#primaryimage","url":"https:\/\/memurunsesi.net\/wp-content\/uploads\/2025\/08\/AW514380_01-scaled.jpg","contentUrl":"https:\/\/memurunsesi.net\/wp-content\/uploads\/2025\/08\/AW514380_01-scaled.jpg","width":2560,"height":1920,"caption":"TEK\u0130RDA\u011e'DA MOTOS\u0130KLET KAZASI: KASK HAYAT KURTARDI (\u0130LHAN CAN ARICILAR\/TEK\u0130RDA\u011e-\u0130HA) Tekirda\u011f'\u0131n S\u00fcleymanpa\u015fa il\u00e7esinde meydana gelen motosiklet kazas\u0131nda s\u00fcr\u00fcc\u00fc yaraland\u0131."},{"@type":"BreadcrumbList","@id":"https:\/\/memurunsesi.net\/index.php\/2025\/08\/10\/tekirdagda-motosiklet-kazasi-kask-hayat-kurtardi\/#breadcrumb","itemListElement":[{"@type":"ListItem","position":1,"name":"Anasayfa","item":"https:\/\/memurunsesi.net\/"},{"@type":"ListItem","position":2,"name":"Tekirda\u011f\u2019da motosiklet kazas\u0131: Kask hayat kurtard\u0131"}]},{"@type":"WebSite","@id":"https:\/\/memurunsesi.net\/#website","url":"https:\/\/memurunsesi.net\/","name":"Memurun Sesi","description":"G\u00fcncel ve Do\u011fru Haber","publisher":{"@id":"https:\/\/memurunsesi.net\/#organization"},"potentialAction":[{"@type":"SearchAction","target":{"@type":"EntryPoint","urlTemplate":"https:\/\/memurunsesi.net\/?s={search_term_string}"},"query-input":{"@type":"PropertyValueSpecification","valueRequired":true,"valueName":"search_term_string"}}],"inLanguage":"tr"},{"@type":"Organization","@id":"https:\/\/memurunsesi.net\/#organization","name":"Memurun Sesi","url":"https:\/\/memurunsesi.net\/","logo":{"@type":"ImageObject","inLanguage":"tr","@id":"https:\/\/memurunsesi.net\/#\/schema\/logo\/image\/","url":"https:\/\/memurunsesi.net\/wp-content\/uploads\/2025\/11\/cropped-MEMURUN-SESI.png","contentUrl":"https:\/\/memurunsesi.net\/wp-content\/uploads\/2025\/11\/cropped-MEMURUN-SESI.png","width":238,"height":57,"caption":"Memurun Sesi"},"image":{"@id":"https:\/\/memurunsesi.net\/#\/schema\/logo\/image\/"},"sameAs":["https:\/\/www.facebook.com\/unipersen\/?locale=tr_TR","https:\/\/x.com\/unipersen"]},{"@type":"Person","@id":"https:\/\/memurunsesi.net\/#\/schema\/person\/f21c2d73b89f6ee1d80b0a1803e38587","name":"Memurun Sesi Haber Merkezi","image":{"@type":"ImageObject","inLanguage":"tr","@id":"https:\/\/secure.gravatar.com\/avatar\/6cf0505f452ee753f485014986fab09a434671d2b919ee76fc541025c5876a70?s=96&d=mm&r=g","url":"https:\/\/secure.gravatar.com\/avatar\/6cf0505f452ee753f485014986fab09a434671d2b919ee76fc541025c5876a70?s=96&d=mm&r=g","contentUrl":"https:\/\/secure.gravatar.com\/avatar\/6cf0505f452ee753f485014986fab09a434671d2b919ee76fc541025c5876a70?s=96&d=mm&r=g","caption":"Memurun Sesi Haber Merkezi"},"sameAs":["https:\/\/memurunsesi.net"],"url":"https:\/\/memurunsesi.net\/index.php\/author\/uniper\/"}]}},"_links":{"self":[{"href":"https:\/\/memurunsesi.net\/index.php\/wp-json\/wp\/v2\/posts\/10209","targetHints":{"allow":["GET"]}}],"collection":[{"href":"https:\/\/memurunsesi.net\/index.php\/wp-json\/wp\/v2\/posts"}],"about":[{"href":"https:\/\/memurunsesi.net\/index.php\/wp-json\/wp\/v2\/types\/post"}],"author":[{"embeddable":true,"href":"https:\/\/memurunsesi.net\/index.php\/wp-json\/wp\/v2\/users\/1"}],"replies":[{"embeddable":true,"href":"https:\/\/memurunsesi.net\/index.php\/wp-json\/wp\/v2\/comments?post=10209"}],"version-history":[{"count":1,"href":"https:\/\/memurunsesi.net\/index.php\/wp-json\/wp\/v2\/posts\/10209\/revisions"}],"predecessor-version":[{"id":10211,"href":"https:\/\/memurunsesi.net\/index.php\/wp-json\/wp\/v2\/posts\/10209\/revisions\/10211"}],"wp:featuredmedia":[{"embeddable":true,"href":"https:\/\/memurunsesi.net\/index.php\/wp-json\/wp\/v2\/media\/10210"}],"wp:attachment":[{"href":"https:\/\/memurunsesi.net\/index.php\/wp-json\/wp\/v2\/media?parent=10209"}],"wp:term":[{"taxonomy":"category","embeddable":true,"href":"https:\/\/memurunsesi.net\/index.php\/wp-json\/wp\/v2\/categories?post=10209"},{"taxonomy":"post_tag","embeddable":true,"href":"https:\/\/memurunsesi.net\/index.php\/wp-json\/wp\/v2\/tags?post=10209"}],"curies":[{"name":"wp","href":"https:\/\/api.w.org\/{rel}","templated":true}]}}