{"id":10221,"date":"2025-08-10T08:29:50","date_gmt":"2025-08-10T05:29:50","guid":{"rendered":"https:\/\/memurunsesi.net\/?p=10221"},"modified":"2025-08-10T08:29:50","modified_gmt":"2025-08-10T05:29:50","slug":"takla-atan-otomobilde-kalbi-duran-surucuyu-saglik-ekipleri-kurtardi","status":"publish","type":"post","link":"https:\/\/memurunsesi.net\/index.php\/2025\/08\/10\/takla-atan-otomobilde-kalbi-duran-surucuyu-saglik-ekipleri-kurtardi\/","title":{"rendered":"Takla atan otomobilde kalbi duran s\u00fcr\u00fcc\u00fcy\u00fc sa\u011fl\u0131k ekipleri kurtard\u0131"},"content":{"rendered":"<p>   D\u00fczce&#8217;de viraja sert giren otomobil kanala u\u00e7up takla att\u0131. Kazada kalbi duran s\u00fcr\u00fcc\u00fcy\u00fc, sa\u011fl\u0131k ekipleri olay yerinde kalp masaj\u0131 yaparak kurtard\u0131.<br \/>\n  Kaza, Zonguldak-D\u00fczce D-655 Karayolu \u015eifal\u0131 Su mevkiinde meydana geldi. Al\u0131nan bilgilere g\u00f6re D\u00fczce&#8217;den Zonguldak istikametine seyir halinde olan \u015eenol \u00d6zdemir (58) idaresindeki 32 AAT 141 plakal\u0131 Fiat marka otomobil, \u015eifal\u0131 Su mevkiinde s\u00fcr\u00fcc\u00fcs\u00fcn\u00fcn direksiyon hakimiyetini kaybetmesi sonras\u0131nda kanala u\u00e7up takla att\u0131. Kazay\u0131 g\u00f6renlerin ihbar\u0131 ile b\u00f6lgeye sa\u011fl\u0131k ve jandarma ekipleri sevk edildi. Olay yerine k\u0131sa s\u00fcre i\u00e7erisinde ula\u015fan sa\u011fl\u0131k ekipleri takla atan otomobil i\u00e7erisindeki s\u00fcr\u00fcc\u00fcye olay yerinde m\u00fcdahalede bulundu. Kalbi duran \u015eenol \u00d6zdemir&#8217;i sa\u011fl\u0131k ekipleri olay yerinde kalp masaj\u0131 yaparak kurtar\u0131rken, a\u011f\u0131r yaralanan s\u00fcr\u00fcc\u00fc D\u00fczce \u00dcniversitesi Ara\u015ft\u0131rma ve Uygulama Hastanesi&#8217;ne kald\u0131r\u0131ld\u0131. Kaza sebebi ile tek \u015feritten verilen yol, arac\u0131n kald\u0131r\u0131lmas\u0131n\u0131n ard\u0131ndan normal seyrine d\u00f6nd\u00fc. Kaza ile ilgili inceleme ba\u015flat\u0131ld\u0131.  <\/p>\n<p>10.08.2025                                <\/p>\n","protected":false},"excerpt":{"rendered":"<p>D\u00fczce&#8217;de viraja sert giren otomobil kanala u\u00e7up takla att\u0131. Kazada kalbi duran s\u00fcr\u00fcc\u00fcy\u00fc, sa\u011fl\u0131k ekipleri olay yerinde kalp masaj\u0131 yaparak kurtard\u0131. Kaza, Zonguldak-D\u00fczce D-655 Karayolu \u015eifal\u0131 Su mevkiinde meydana geldi. Al\u0131nan bilgilere g\u00f6re D\u00fczce&#8217;den Zonguldak istikametine seyir halinde olan \u015eenol \u00d6zdemir (58) idaresindeki 32 AAT 141 plakal\u0131 Fiat marka otomobil, \u015eifal\u0131 Su mevkiinde s\u00fcr\u00fcc\u00fcs\u00fcn\u00fcn direksiyon [&hellip;]<\/p>\n","protected":false},"author":1,"featured_media":10222,"comment_status":"open","ping_status":"open","sticky":false,"template":"","format":"standard","meta":{"footnotes":""},"categories":[1],"tags":[],"class_list":["post-10221","post","type-post","status-publish","format-standard","has-post-thumbnail","hentry","category-genel"],"yoast_head":"<!-- This site is optimized with the Yoast SEO plugin v27.4 - https:\/\/yoast.com\/product\/yoast-seo-wordpress\/ -->\n<title>Takla atan otomobilde kalbi duran s\u00fcr\u00fcc\u00fcy\u00fc sa\u011fl\u0131k ekipleri kurtard\u0131 - Memurun Sesi<\/title>\n<meta name=\"robots\" content=\"index, follow, max-snippet:-1, max-image-preview:large, max-video-preview:-1\" \/>\n<link rel=\"canonical\" href=\"https:\/\/memurunsesi.net\/index.php\/2025\/08\/10\/takla-atan-otomobilde-kalbi-duran-surucuyu-saglik-ekipleri-kurtardi\/\" \/>\n<meta property=\"og:locale\" content=\"tr_TR\" \/>\n<meta property=\"og:type\" content=\"article\" \/>\n<meta property=\"og:title\" content=\"Takla atan otomobilde kalbi duran s\u00fcr\u00fcc\u00fcy\u00fc sa\u011fl\u0131k ekipleri kurtard\u0131 - Memurun Sesi\" \/>\n<meta property=\"og:description\" content=\"D\u00fczce&#8217;de viraja sert giren otomobil kanala u\u00e7up takla att\u0131. Kazada kalbi duran s\u00fcr\u00fcc\u00fcy\u00fc, sa\u011fl\u0131k ekipleri olay yerinde kalp masaj\u0131 yaparak kurtard\u0131. Kaza, Zonguldak-D\u00fczce D-655 Karayolu \u015eifal\u0131 Su mevkiinde meydana geldi. Al\u0131nan bilgilere g\u00f6re D\u00fczce&#8217;den Zonguldak istikametine seyir halinde olan \u015eenol \u00d6zdemir (58) idaresindeki 32 AAT 141 plakal\u0131 Fiat marka otomobil, \u015eifal\u0131 Su mevkiinde s\u00fcr\u00fcc\u00fcs\u00fcn\u00fcn direksiyon [&hellip;]\" \/>\n<meta property=\"og:url\" content=\"https:\/\/memurunsesi.net\/index.php\/2025\/08\/10\/takla-atan-otomobilde-kalbi-duran-surucuyu-saglik-ekipleri-kurtardi\/\" \/>\n<meta property=\"og:site_name\" content=\"Memurun Sesi\" \/>\n<meta property=\"article:publisher\" content=\"https:\/\/www.facebook.com\/unipersen\/?locale=tr_TR\" \/>\n<meta property=\"article:published_time\" content=\"2025-08-10T05:29:50+00:00\" \/>\n<meta property=\"og:image\" content=\"https:\/\/memurunsesi.net\/wp-content\/uploads\/2025\/08\/AW514376_01-scaled.jpg\" \/>\n\t<meta property=\"og:image:width\" content=\"2560\" \/>\n\t<meta property=\"og:image:height\" content=\"1440\" \/>\n\t<meta property=\"og:image:type\" content=\"image\/jpeg\" \/>\n<meta name=\"author\" content=\"Memurun Sesi Haber Merkezi\" \/>\n<meta name=\"twitter:card\" content=\"summary_large_image\" \/>\n<meta name=\"twitter:creator\" content=\"@unipersen\" \/>\n<meta name=\"twitter:site\" content=\"@unipersen\" \/>\n<meta name=\"twitter:label1\" content=\"Yazan:\" \/>\n\t<meta name=\"twitter:data1\" content=\"Memurun Sesi Haber Merkezi\" \/>\n<script type=\"application\/ld+json\" class=\"yoast-schema-graph\">{\"@context\":\"https:\\\/\\\/schema.org\",\"@graph\":[{\"@type\":\"Article\",\"@id\":\"https:\\\/\\\/memurunsesi.net\\\/index.php\\\/2025\\\/08\\\/10\\\/takla-atan-otomobilde-kalbi-duran-surucuyu-saglik-ekipleri-kurtardi\\\/#article\",\"isPartOf\":{\"@id\":\"https:\\\/\\\/memurunsesi.net\\\/index.php\\\/2025\\\/08\\\/10\\\/takla-atan-otomobilde-kalbi-duran-surucuyu-saglik-ekipleri-kurtardi\\\/\"},\"author\":{\"name\":\"Memurun Sesi Haber Merkezi\",\"@id\":\"https:\\\/\\\/memurunsesi.net\\\/#\\\/schema\\\/person\\\/f21c2d73b89f6ee1d80b0a1803e38587\"},\"headline\":\"Takla atan otomobilde kalbi duran s\u00fcr\u00fcc\u00fcy\u00fc sa\u011fl\u0131k ekipleri kurtard\u0131\",\"datePublished\":\"2025-08-10T05:29:50+00:00\",\"mainEntityOfPage\":{\"@id\":\"https:\\\/\\\/memurunsesi.net\\\/index.php\\\/2025\\\/08\\\/10\\\/takla-atan-otomobilde-kalbi-duran-surucuyu-saglik-ekipleri-kurtardi\\\/\"},\"wordCount\":198,\"commentCount\":0,\"publisher\":{\"@id\":\"https:\\\/\\\/memurunsesi.net\\\/#organization\"},\"image\":{\"@id\":\"https:\\\/\\\/memurunsesi.net\\\/index.php\\\/2025\\\/08\\\/10\\\/takla-atan-otomobilde-kalbi-duran-surucuyu-saglik-ekipleri-kurtardi\\\/#primaryimage\"},\"thumbnailUrl\":\"https:\\\/\\\/memurunsesi.net\\\/wp-content\\\/uploads\\\/2025\\\/08\\\/AW514376_01-scaled.jpg\",\"inLanguage\":\"tr\",\"potentialAction\":[{\"@type\":\"CommentAction\",\"name\":\"Comment\",\"target\":[\"https:\\\/\\\/memurunsesi.net\\\/index.php\\\/2025\\\/08\\\/10\\\/takla-atan-otomobilde-kalbi-duran-surucuyu-saglik-ekipleri-kurtardi\\\/#respond\"]}]},{\"@type\":\"WebPage\",\"@id\":\"https:\\\/\\\/memurunsesi.net\\\/index.php\\\/2025\\\/08\\\/10\\\/takla-atan-otomobilde-kalbi-duran-surucuyu-saglik-ekipleri-kurtardi\\\/\",\"url\":\"https:\\\/\\\/memurunsesi.net\\\/index.php\\\/2025\\\/08\\\/10\\\/takla-atan-otomobilde-kalbi-duran-surucuyu-saglik-ekipleri-kurtardi\\\/\",\"name\":\"Takla atan otomobilde kalbi duran s\u00fcr\u00fcc\u00fcy\u00fc sa\u011fl\u0131k ekipleri kurtard\u0131 - Memurun Sesi\",\"isPartOf\":{\"@id\":\"https:\\\/\\\/memurunsesi.net\\\/#website\"},\"primaryImageOfPage\":{\"@id\":\"https:\\\/\\\/memurunsesi.net\\\/index.php\\\/2025\\\/08\\\/10\\\/takla-atan-otomobilde-kalbi-duran-surucuyu-saglik-ekipleri-kurtardi\\\/#primaryimage\"},\"image\":{\"@id\":\"https:\\\/\\\/memurunsesi.net\\\/index.php\\\/2025\\\/08\\\/10\\\/takla-atan-otomobilde-kalbi-duran-surucuyu-saglik-ekipleri-kurtardi\\\/#primaryimage\"},\"thumbnailUrl\":\"https:\\\/\\\/memurunsesi.net\\\/wp-content\\\/uploads\\\/2025\\\/08\\\/AW514376_01-scaled.jpg\",\"datePublished\":\"2025-08-10T05:29:50+00:00\",\"breadcrumb\":{\"@id\":\"https:\\\/\\\/memurunsesi.net\\\/index.php\\\/2025\\\/08\\\/10\\\/takla-atan-otomobilde-kalbi-duran-surucuyu-saglik-ekipleri-kurtardi\\\/#breadcrumb\"},\"inLanguage\":\"tr\",\"potentialAction\":[{\"@type\":\"ReadAction\",\"target\":[\"https:\\\/\\\/memurunsesi.net\\\/index.php\\\/2025\\\/08\\\/10\\\/takla-atan-otomobilde-kalbi-duran-surucuyu-saglik-ekipleri-kurtardi\\\/\"]}]},{\"@type\":\"ImageObject\",\"inLanguage\":\"tr\",\"@id\":\"https:\\\/\\\/memurunsesi.net\\\/index.php\\\/2025\\\/08\\\/10\\\/takla-atan-otomobilde-kalbi-duran-surucuyu-saglik-ekipleri-kurtardi\\\/#primaryimage\",\"url\":\"https:\\\/\\\/memurunsesi.net\\\/wp-content\\\/uploads\\\/2025\\\/08\\\/AW514376_01-scaled.jpg\",\"contentUrl\":\"https:\\\/\\\/memurunsesi.net\\\/wp-content\\\/uploads\\\/2025\\\/08\\\/AW514376_01-scaled.jpg\",\"width\":2560,\"height\":1440,\"caption\":\"D\u00dcZCE'DE V\u0130RAJA SERT G\u0130REN OTOMOB\u0130L KANALA U\u00c7UP TAKLA ATTI. KAZADA S\u00dcR\u00dcC\u00dc A\u011eIR YARALANDI. (AL\u0130 YILDIZ - ENES BEKTA\u015e\\\/D\u00dcZCE-\u0130HA) D\u00fczce'de viraja sert giren otomobil kanala u\u00e7up takla att\u0131. Kazada kalbi duran s\u00fcr\u00fcc\u00fcy\u00fc, sa\u011fl\u0131k ekipleri olay yerinde kalp masaj\u0131 yaparak kurtard\u0131.\"},{\"@type\":\"BreadcrumbList\",\"@id\":\"https:\\\/\\\/memurunsesi.net\\\/index.php\\\/2025\\\/08\\\/10\\\/takla-atan-otomobilde-kalbi-duran-surucuyu-saglik-ekipleri-kurtardi\\\/#breadcrumb\",\"itemListElement\":[{\"@type\":\"ListItem\",\"position\":1,\"name\":\"Anasayfa\",\"item\":\"https:\\\/\\\/memurunsesi.net\\\/\"},{\"@type\":\"ListItem\",\"position\":2,\"name\":\"Takla atan otomobilde kalbi duran s\u00fcr\u00fcc\u00fcy\u00fc sa\u011fl\u0131k ekipleri kurtard\u0131\"}]},{\"@type\":\"WebSite\",\"@id\":\"https:\\\/\\\/memurunsesi.net\\\/#website\",\"url\":\"https:\\\/\\\/memurunsesi.net\\\/\",\"name\":\"Memurun Sesi\",\"description\":\"G\u00fcncel ve Do\u011fru Haber\",\"publisher\":{\"@id\":\"https:\\\/\\\/memurunsesi.net\\\/#organization\"},\"potentialAction\":[{\"@type\":\"SearchAction\",\"target\":{\"@type\":\"EntryPoint\",\"urlTemplate\":\"https:\\\/\\\/memurunsesi.net\\\/?s={search_term_string}\"},\"query-input\":{\"@type\":\"PropertyValueSpecification\",\"valueRequired\":true,\"valueName\":\"search_term_string\"}}],\"inLanguage\":\"tr\"},{\"@type\":\"Organization\",\"@id\":\"https:\\\/\\\/memurunsesi.net\\\/#organization\",\"name\":\"Memurun Sesi\",\"url\":\"https:\\\/\\\/memurunsesi.net\\\/\",\"logo\":{\"@type\":\"ImageObject\",\"inLanguage\":\"tr\",\"@id\":\"https:\\\/\\\/memurunsesi.net\\\/#\\\/schema\\\/logo\\\/image\\\/\",\"url\":\"https:\\\/\\\/memurunsesi.net\\\/wp-content\\\/uploads\\\/2025\\\/11\\\/cropped-MEMURUN-SESI.png\",\"contentUrl\":\"https:\\\/\\\/memurunsesi.net\\\/wp-content\\\/uploads\\\/2025\\\/11\\\/cropped-MEMURUN-SESI.png\",\"width\":238,\"height\":57,\"caption\":\"Memurun Sesi\"},\"image\":{\"@id\":\"https:\\\/\\\/memurunsesi.net\\\/#\\\/schema\\\/logo\\\/image\\\/\"},\"sameAs\":[\"https:\\\/\\\/www.facebook.com\\\/unipersen\\\/?locale=tr_TR\",\"https:\\\/\\\/x.com\\\/unipersen\"]},{\"@type\":\"Person\",\"@id\":\"https:\\\/\\\/memurunsesi.net\\\/#\\\/schema\\\/person\\\/f21c2d73b89f6ee1d80b0a1803e38587\",\"name\":\"Memurun Sesi Haber Merkezi\",\"image\":{\"@type\":\"ImageObject\",\"inLanguage\":\"tr\",\"@id\":\"https:\\\/\\\/secure.gravatar.com\\\/avatar\\\/6cf0505f452ee753f485014986fab09a434671d2b919ee76fc541025c5876a70?s=96&d=mm&r=g\",\"url\":\"https:\\\/\\\/secure.gravatar.com\\\/avatar\\\/6cf0505f452ee753f485014986fab09a434671d2b919ee76fc541025c5876a70?s=96&d=mm&r=g\",\"contentUrl\":\"https:\\\/\\\/secure.gravatar.com\\\/avatar\\\/6cf0505f452ee753f485014986fab09a434671d2b919ee76fc541025c5876a70?s=96&d=mm&r=g\",\"caption\":\"Memurun Sesi Haber Merkezi\"},\"sameAs\":[\"https:\\\/\\\/memurunsesi.net\"],\"url\":\"https:\\\/\\\/memurunsesi.net\\\/index.php\\\/author\\\/uniper\\\/\"}]}<\/script>\n<!-- \/ Yoast SEO plugin. -->","yoast_head_json":{"title":"Takla atan otomobilde kalbi duran s\u00fcr\u00fcc\u00fcy\u00fc sa\u011fl\u0131k ekipleri kurtard\u0131 - Memurun Sesi","robots":{"index":"index","follow":"follow","max-snippet":"max-snippet:-1","max-image-preview":"max-image-preview:large","max-video-preview":"max-video-preview:-1"},"canonical":"https:\/\/memurunsesi.net\/index.php\/2025\/08\/10\/takla-atan-otomobilde-kalbi-duran-surucuyu-saglik-ekipleri-kurtardi\/","og_locale":"tr_TR","og_type":"article","og_title":"Takla atan otomobilde kalbi duran s\u00fcr\u00fcc\u00fcy\u00fc sa\u011fl\u0131k ekipleri kurtard\u0131 - Memurun Sesi","og_description":"D\u00fczce&#8217;de viraja sert giren otomobil kanala u\u00e7up takla att\u0131. Kazada kalbi duran s\u00fcr\u00fcc\u00fcy\u00fc, sa\u011fl\u0131k ekipleri olay yerinde kalp masaj\u0131 yaparak kurtard\u0131. Kaza, Zonguldak-D\u00fczce D-655 Karayolu \u015eifal\u0131 Su mevkiinde meydana geldi. Al\u0131nan bilgilere g\u00f6re D\u00fczce&#8217;den Zonguldak istikametine seyir halinde olan \u015eenol \u00d6zdemir (58) idaresindeki 32 AAT 141 plakal\u0131 Fiat marka otomobil, \u015eifal\u0131 Su mevkiinde s\u00fcr\u00fcc\u00fcs\u00fcn\u00fcn direksiyon [&hellip;]","og_url":"https:\/\/memurunsesi.net\/index.php\/2025\/08\/10\/takla-atan-otomobilde-kalbi-duran-surucuyu-saglik-ekipleri-kurtardi\/","og_site_name":"Memurun Sesi","article_publisher":"https:\/\/www.facebook.com\/unipersen\/?locale=tr_TR","article_published_time":"2025-08-10T05:29:50+00:00","og_image":[{"width":2560,"height":1440,"url":"https:\/\/memurunsesi.net\/wp-content\/uploads\/2025\/08\/AW514376_01-scaled.jpg","type":"image\/jpeg"}],"author":"Memurun Sesi Haber Merkezi","twitter_card":"summary_large_image","twitter_creator":"@unipersen","twitter_site":"@unipersen","twitter_misc":{"Yazan:":"Memurun Sesi Haber Merkezi"},"schema":{"@context":"https:\/\/schema.org","@graph":[{"@type":"Article","@id":"https:\/\/memurunsesi.net\/index.php\/2025\/08\/10\/takla-atan-otomobilde-kalbi-duran-surucuyu-saglik-ekipleri-kurtardi\/#article","isPartOf":{"@id":"https:\/\/memurunsesi.net\/index.php\/2025\/08\/10\/takla-atan-otomobilde-kalbi-duran-surucuyu-saglik-ekipleri-kurtardi\/"},"author":{"name":"Memurun Sesi Haber Merkezi","@id":"https:\/\/memurunsesi.net\/#\/schema\/person\/f21c2d73b89f6ee1d80b0a1803e38587"},"headline":"Takla atan otomobilde kalbi duran s\u00fcr\u00fcc\u00fcy\u00fc sa\u011fl\u0131k ekipleri kurtard\u0131","datePublished":"2025-08-10T05:29:50+00:00","mainEntityOfPage":{"@id":"https:\/\/memurunsesi.net\/index.php\/2025\/08\/10\/takla-atan-otomobilde-kalbi-duran-surucuyu-saglik-ekipleri-kurtardi\/"},"wordCount":198,"commentCount":0,"publisher":{"@id":"https:\/\/memurunsesi.net\/#organization"},"image":{"@id":"https:\/\/memurunsesi.net\/index.php\/2025\/08\/10\/takla-atan-otomobilde-kalbi-duran-surucuyu-saglik-ekipleri-kurtardi\/#primaryimage"},"thumbnailUrl":"https:\/\/memurunsesi.net\/wp-content\/uploads\/2025\/08\/AW514376_01-scaled.jpg","inLanguage":"tr","potentialAction":[{"@type":"CommentAction","name":"Comment","target":["https:\/\/memurunsesi.net\/index.php\/2025\/08\/10\/takla-atan-otomobilde-kalbi-duran-surucuyu-saglik-ekipleri-kurtardi\/#respond"]}]},{"@type":"WebPage","@id":"https:\/\/memurunsesi.net\/index.php\/2025\/08\/10\/takla-atan-otomobilde-kalbi-duran-surucuyu-saglik-ekipleri-kurtardi\/","url":"https:\/\/memurunsesi.net\/index.php\/2025\/08\/10\/takla-atan-otomobilde-kalbi-duran-surucuyu-saglik-ekipleri-kurtardi\/","name":"Takla atan otomobilde kalbi duran s\u00fcr\u00fcc\u00fcy\u00fc sa\u011fl\u0131k ekipleri kurtard\u0131 - Memurun Sesi","isPartOf":{"@id":"https:\/\/memurunsesi.net\/#website"},"primaryImageOfPage":{"@id":"https:\/\/memurunsesi.net\/index.php\/2025\/08\/10\/takla-atan-otomobilde-kalbi-duran-surucuyu-saglik-ekipleri-kurtardi\/#primaryimage"},"image":{"@id":"https:\/\/memurunsesi.net\/index.php\/2025\/08\/10\/takla-atan-otomobilde-kalbi-duran-surucuyu-saglik-ekipleri-kurtardi\/#primaryimage"},"thumbnailUrl":"https:\/\/memurunsesi.net\/wp-content\/uploads\/2025\/08\/AW514376_01-scaled.jpg","datePublished":"2025-08-10T05:29:50+00:00","breadcrumb":{"@id":"https:\/\/memurunsesi.net\/index.php\/2025\/08\/10\/takla-atan-otomobilde-kalbi-duran-surucuyu-saglik-ekipleri-kurtardi\/#breadcrumb"},"inLanguage":"tr","potentialAction":[{"@type":"ReadAction","target":["https:\/\/memurunsesi.net\/index.php\/2025\/08\/10\/takla-atan-otomobilde-kalbi-duran-surucuyu-saglik-ekipleri-kurtardi\/"]}]},{"@type":"ImageObject","inLanguage":"tr","@id":"https:\/\/memurunsesi.net\/index.php\/2025\/08\/10\/takla-atan-otomobilde-kalbi-duran-surucuyu-saglik-ekipleri-kurtardi\/#primaryimage","url":"https:\/\/memurunsesi.net\/wp-content\/uploads\/2025\/08\/AW514376_01-scaled.jpg","contentUrl":"https:\/\/memurunsesi.net\/wp-content\/uploads\/2025\/08\/AW514376_01-scaled.jpg","width":2560,"height":1440,"caption":"D\u00dcZCE'DE V\u0130RAJA SERT G\u0130REN OTOMOB\u0130L KANALA U\u00c7UP TAKLA ATTI. KAZADA S\u00dcR\u00dcC\u00dc A\u011eIR YARALANDI. (AL\u0130 YILDIZ - ENES BEKTA\u015e\/D\u00dcZCE-\u0130HA) D\u00fczce'de viraja sert giren otomobil kanala u\u00e7up takla att\u0131. Kazada kalbi duran s\u00fcr\u00fcc\u00fcy\u00fc, sa\u011fl\u0131k ekipleri olay yerinde kalp masaj\u0131 yaparak kurtard\u0131."},{"@type":"BreadcrumbList","@id":"https:\/\/memurunsesi.net\/index.php\/2025\/08\/10\/takla-atan-otomobilde-kalbi-duran-surucuyu-saglik-ekipleri-kurtardi\/#breadcrumb","itemListElement":[{"@type":"ListItem","position":1,"name":"Anasayfa","item":"https:\/\/memurunsesi.net\/"},{"@type":"ListItem","position":2,"name":"Takla atan otomobilde kalbi duran s\u00fcr\u00fcc\u00fcy\u00fc sa\u011fl\u0131k ekipleri kurtard\u0131"}]},{"@type":"WebSite","@id":"https:\/\/memurunsesi.net\/#website","url":"https:\/\/memurunsesi.net\/","name":"Memurun Sesi","description":"G\u00fcncel ve Do\u011fru Haber","publisher":{"@id":"https:\/\/memurunsesi.net\/#organization"},"potentialAction":[{"@type":"SearchAction","target":{"@type":"EntryPoint","urlTemplate":"https:\/\/memurunsesi.net\/?s={search_term_string}"},"query-input":{"@type":"PropertyValueSpecification","valueRequired":true,"valueName":"search_term_string"}}],"inLanguage":"tr"},{"@type":"Organization","@id":"https:\/\/memurunsesi.net\/#organization","name":"Memurun Sesi","url":"https:\/\/memurunsesi.net\/","logo":{"@type":"ImageObject","inLanguage":"tr","@id":"https:\/\/memurunsesi.net\/#\/schema\/logo\/image\/","url":"https:\/\/memurunsesi.net\/wp-content\/uploads\/2025\/11\/cropped-MEMURUN-SESI.png","contentUrl":"https:\/\/memurunsesi.net\/wp-content\/uploads\/2025\/11\/cropped-MEMURUN-SESI.png","width":238,"height":57,"caption":"Memurun Sesi"},"image":{"@id":"https:\/\/memurunsesi.net\/#\/schema\/logo\/image\/"},"sameAs":["https:\/\/www.facebook.com\/unipersen\/?locale=tr_TR","https:\/\/x.com\/unipersen"]},{"@type":"Person","@id":"https:\/\/memurunsesi.net\/#\/schema\/person\/f21c2d73b89f6ee1d80b0a1803e38587","name":"Memurun Sesi Haber Merkezi","image":{"@type":"ImageObject","inLanguage":"tr","@id":"https:\/\/secure.gravatar.com\/avatar\/6cf0505f452ee753f485014986fab09a434671d2b919ee76fc541025c5876a70?s=96&d=mm&r=g","url":"https:\/\/secure.gravatar.com\/avatar\/6cf0505f452ee753f485014986fab09a434671d2b919ee76fc541025c5876a70?s=96&d=mm&r=g","contentUrl":"https:\/\/secure.gravatar.com\/avatar\/6cf0505f452ee753f485014986fab09a434671d2b919ee76fc541025c5876a70?s=96&d=mm&r=g","caption":"Memurun Sesi Haber Merkezi"},"sameAs":["https:\/\/memurunsesi.net"],"url":"https:\/\/memurunsesi.net\/index.php\/author\/uniper\/"}]}},"_links":{"self":[{"href":"https:\/\/memurunsesi.net\/index.php\/wp-json\/wp\/v2\/posts\/10221","targetHints":{"allow":["GET"]}}],"collection":[{"href":"https:\/\/memurunsesi.net\/index.php\/wp-json\/wp\/v2\/posts"}],"about":[{"href":"https:\/\/memurunsesi.net\/index.php\/wp-json\/wp\/v2\/types\/post"}],"author":[{"embeddable":true,"href":"https:\/\/memurunsesi.net\/index.php\/wp-json\/wp\/v2\/users\/1"}],"replies":[{"embeddable":true,"href":"https:\/\/memurunsesi.net\/index.php\/wp-json\/wp\/v2\/comments?post=10221"}],"version-history":[{"count":1,"href":"https:\/\/memurunsesi.net\/index.php\/wp-json\/wp\/v2\/posts\/10221\/revisions"}],"predecessor-version":[{"id":10223,"href":"https:\/\/memurunsesi.net\/index.php\/wp-json\/wp\/v2\/posts\/10221\/revisions\/10223"}],"wp:featuredmedia":[{"embeddable":true,"href":"https:\/\/memurunsesi.net\/index.php\/wp-json\/wp\/v2\/media\/10222"}],"wp:attachment":[{"href":"https:\/\/memurunsesi.net\/index.php\/wp-json\/wp\/v2\/media?parent=10221"}],"wp:term":[{"taxonomy":"category","embeddable":true,"href":"https:\/\/memurunsesi.net\/index.php\/wp-json\/wp\/v2\/categories?post=10221"},{"taxonomy":"post_tag","embeddable":true,"href":"https:\/\/memurunsesi.net\/index.php\/wp-json\/wp\/v2\/tags?post=10221"}],"curies":[{"name":"wp","href":"https:\/\/api.w.org\/{rel}","templated":true}]}}