{"id":10225,"date":"2025-08-10T08:31:15","date_gmt":"2025-08-10T05:31:15","guid":{"rendered":"https:\/\/memurunsesi.net\/?p=10225"},"modified":"2025-08-10T08:31:15","modified_gmt":"2025-08-10T05:31:15","slug":"valizinin-kayboldugunu-iddia-eden-alkollu-kadin-terminali-ayaga-kaldirdi-o-anlar-kamerada","status":"publish","type":"post","link":"https:\/\/memurunsesi.net\/index.php\/2025\/08\/10\/valizinin-kayboldugunu-iddia-eden-alkollu-kadin-terminali-ayaga-kaldirdi-o-anlar-kamerada\/","title":{"rendered":"Valizinin kayboldu\u011funu iddia eden alkoll\u00fc kad\u0131n terminali aya\u011fa kald\u0131rd\u0131&#8230; O anlar kamerada"},"content":{"rendered":"<p>  &#8211; Kendisini sakinle\u015ftirmeye \u00e7al\u0131\u015fan kad\u0131n g\u00fcvenli\u011fi sald\u0131r\u0131nca polisler taraf\u0131ndan g\u00f6zalt\u0131na al\u0131nd\u0131   <\/p>\n<p>   Bursa \u015eehirleraras\u0131 Otob\u00fcs Terminali&#8217;nde valizinin kayboldu\u011funu iddia eden alkoll\u00fc kad\u0131n sinir krizi ge\u00e7irip ortal\u0131\u011f\u0131 birbirine katt\u0131. Kendisini sakinle\u015ftirmeye \u00e7al\u0131\u015fan kad\u0131n g\u00fcvenli\u011fe sald\u0131r\u0131nca polis ekipleri taraf\u0131ndan g\u00f6zalt\u0131na al\u0131nd\u0131. O anlar terminaldeki g\u00fcvenlik kameralar\u0131 taraf\u0131ndan saniye saniye kaydedildi.<br \/>\n  \u0130ddiaya g\u00f6re, alkol etkisinde oldu\u011fu iddia edilen H.G. isimli kad\u0131n terminalin bat\u0131 2 kap\u0131s\u0131nda g\u00fcvenlik g\u00f6revlilerine, &#8220;Valizim kay\u0131p. Valizimi bulun!&#8221; diye ba\u011f\u0131rmaya ba\u015flad\u0131. G\u00f6revliler daha ne oldu\u011funu bile anlamadan k\u00fcf\u00fcr etmeye ba\u015flayan H.G., kendisini sakinle\u015ftirmeye \u00e7al\u0131\u015fan kad\u0131n g\u00fcvenlik g\u00f6revlisi F.Y.&#8217;ye sald\u0131r\u0131nca iki kad\u0131n yere d\u00fc\u015ft\u00fc. Yerde g\u00fcvenlik g\u00f6revlisi F.Y.&#8217;nin sa\u00e7lar\u0131na as\u0131lan H.G., kad\u0131n g\u00fcvenli\u011fin ba\u015f\u0131ndan bir avu\u00e7 sa\u00e7 kopard\u0131.<br \/>\n  \u0130hbar \u00fczerine bat\u0131 2 kap\u0131s\u0131na gelen terminal noktas\u0131ndaki g\u00f6revli polis memurlar\u0131 hakaretler savuran kad\u0131n\u0131 ellerinden kelep\u00e7eleyip g\u00fcvenlik noktas\u0131na g\u00f6t\u00fcrd\u00fc. Burada da kendisini yere atan H.G.&#8217;yi kontrol etmek m\u00fcmk\u00fcn olmay\u0131nca olay yerine takviye polis istendi. Kad\u0131n polis memurlar\u0131 taraf\u0131ndan ikna edilen H.G. hastaneden al\u0131nan doktor raporunun ard\u0131ndan Demirta\u015f Polis Merkezi&#8217;ne g\u00f6t\u00fcr\u00fclerek hakk\u0131nda i\u015flem ba\u015flat\u0131ld\u0131. Darp edilen F.Y.&#8217;nin ilk tedavisi terminal sa\u011fl\u0131k ekibi taraf\u0131ndan yap\u0131ld\u0131. G\u00fcvenlik g\u00f6revlisi F.Y.&#8217;nin \u015fikayet\u00e7i oldu\u011fu olayla ilgili polis tahkikat ba\u015flatt\u0131. \u00d6te yandan ya\u015fanan gerginlik terminaldeki g\u00fcvenlik kameralar\u0131 taraf\u0131ndan da saniye saniye kaydedildi.  <\/p>\n<p>10.08.2025                                <\/p>\n","protected":false},"excerpt":{"rendered":"<p>&#8211; Kendisini sakinle\u015ftirmeye \u00e7al\u0131\u015fan kad\u0131n g\u00fcvenli\u011fi sald\u0131r\u0131nca polisler taraf\u0131ndan g\u00f6zalt\u0131na al\u0131nd\u0131 Bursa \u015eehirleraras\u0131 Otob\u00fcs Terminali&#8217;nde valizinin kayboldu\u011funu iddia eden alkoll\u00fc kad\u0131n sinir krizi ge\u00e7irip ortal\u0131\u011f\u0131 birbirine katt\u0131. Kendisini sakinle\u015ftirmeye \u00e7al\u0131\u015fan kad\u0131n g\u00fcvenli\u011fe sald\u0131r\u0131nca polis ekipleri taraf\u0131ndan g\u00f6zalt\u0131na al\u0131nd\u0131. O anlar terminaldeki g\u00fcvenlik kameralar\u0131 taraf\u0131ndan saniye saniye kaydedildi. \u0130ddiaya g\u00f6re, alkol etkisinde oldu\u011fu iddia edilen H.G. [&hellip;]<\/p>\n","protected":false},"author":1,"featured_media":10226,"comment_status":"open","ping_status":"open","sticky":false,"template":"","format":"standard","meta":{"footnotes":""},"categories":[45],"tags":[],"class_list":["post-10225","post","type-post","status-publish","format-standard","has-post-thumbnail","hentry","category-gundem"],"yoast_head":"<!-- This site is optimized with the Yoast SEO plugin v27.4 - https:\/\/yoast.com\/product\/yoast-seo-wordpress\/ -->\n<title>Valizinin kayboldu\u011funu iddia eden alkoll\u00fc kad\u0131n terminali aya\u011fa kald\u0131rd\u0131... O anlar kamerada - Memurun Sesi<\/title>\n<meta name=\"robots\" content=\"index, follow, max-snippet:-1, max-image-preview:large, max-video-preview:-1\" \/>\n<link rel=\"canonical\" href=\"https:\/\/memurunsesi.net\/index.php\/2025\/08\/10\/valizinin-kayboldugunu-iddia-eden-alkollu-kadin-terminali-ayaga-kaldirdi-o-anlar-kamerada\/\" \/>\n<meta property=\"og:locale\" content=\"tr_TR\" \/>\n<meta property=\"og:type\" content=\"article\" \/>\n<meta property=\"og:title\" content=\"Valizinin kayboldu\u011funu iddia eden alkoll\u00fc kad\u0131n terminali aya\u011fa kald\u0131rd\u0131... O anlar kamerada - Memurun Sesi\" \/>\n<meta property=\"og:description\" content=\"&#8211; Kendisini sakinle\u015ftirmeye \u00e7al\u0131\u015fan kad\u0131n g\u00fcvenli\u011fi sald\u0131r\u0131nca polisler taraf\u0131ndan g\u00f6zalt\u0131na al\u0131nd\u0131 Bursa \u015eehirleraras\u0131 Otob\u00fcs Terminali&#8217;nde valizinin kayboldu\u011funu iddia eden alkoll\u00fc kad\u0131n sinir krizi ge\u00e7irip ortal\u0131\u011f\u0131 birbirine katt\u0131. Kendisini sakinle\u015ftirmeye \u00e7al\u0131\u015fan kad\u0131n g\u00fcvenli\u011fe sald\u0131r\u0131nca polis ekipleri taraf\u0131ndan g\u00f6zalt\u0131na al\u0131nd\u0131. O anlar terminaldeki g\u00fcvenlik kameralar\u0131 taraf\u0131ndan saniye saniye kaydedildi. \u0130ddiaya g\u00f6re, alkol etkisinde oldu\u011fu iddia edilen H.G. [&hellip;]\" \/>\n<meta property=\"og:url\" content=\"https:\/\/memurunsesi.net\/index.php\/2025\/08\/10\/valizinin-kayboldugunu-iddia-eden-alkollu-kadin-terminali-ayaga-kaldirdi-o-anlar-kamerada\/\" \/>\n<meta property=\"og:site_name\" content=\"Memurun Sesi\" \/>\n<meta property=\"article:publisher\" content=\"https:\/\/www.facebook.com\/unipersen\/?locale=tr_TR\" \/>\n<meta property=\"article:published_time\" content=\"2025-08-10T05:31:15+00:00\" \/>\n<meta property=\"og:image\" content=\"https:\/\/memurunsesi.net\/wp-content\/uploads\/2025\/08\/AW514374_01.jpg\" \/>\n\t<meta property=\"og:image:width\" content=\"697\" \/>\n\t<meta property=\"og:image:height\" content=\"519\" \/>\n\t<meta property=\"og:image:type\" content=\"image\/jpeg\" \/>\n<meta name=\"author\" content=\"Memurun Sesi Haber Merkezi\" \/>\n<meta name=\"twitter:card\" content=\"summary_large_image\" \/>\n<meta name=\"twitter:creator\" content=\"@unipersen\" \/>\n<meta name=\"twitter:site\" content=\"@unipersen\" \/>\n<meta name=\"twitter:label1\" content=\"Yazan:\" \/>\n\t<meta name=\"twitter:data1\" content=\"Memurun Sesi Haber Merkezi\" \/>\n\t<meta name=\"twitter:label2\" content=\"Tahmini okuma s\u00fcresi\" \/>\n\t<meta name=\"twitter:data2\" content=\"1 dakika\" \/>\n<script type=\"application\/ld+json\" class=\"yoast-schema-graph\">{\"@context\":\"https:\\\/\\\/schema.org\",\"@graph\":[{\"@type\":\"Article\",\"@id\":\"https:\\\/\\\/memurunsesi.net\\\/index.php\\\/2025\\\/08\\\/10\\\/valizinin-kayboldugunu-iddia-eden-alkollu-kadin-terminali-ayaga-kaldirdi-o-anlar-kamerada\\\/#article\",\"isPartOf\":{\"@id\":\"https:\\\/\\\/memurunsesi.net\\\/index.php\\\/2025\\\/08\\\/10\\\/valizinin-kayboldugunu-iddia-eden-alkollu-kadin-terminali-ayaga-kaldirdi-o-anlar-kamerada\\\/\"},\"author\":{\"name\":\"Memurun Sesi Haber Merkezi\",\"@id\":\"https:\\\/\\\/memurunsesi.net\\\/#\\\/schema\\\/person\\\/f21c2d73b89f6ee1d80b0a1803e38587\"},\"headline\":\"Valizinin kayboldu\u011funu iddia eden alkoll\u00fc kad\u0131n terminali aya\u011fa kald\u0131rd\u0131&#8230; O anlar kamerada\",\"datePublished\":\"2025-08-10T05:31:15+00:00\",\"mainEntityOfPage\":{\"@id\":\"https:\\\/\\\/memurunsesi.net\\\/index.php\\\/2025\\\/08\\\/10\\\/valizinin-kayboldugunu-iddia-eden-alkollu-kadin-terminali-ayaga-kaldirdi-o-anlar-kamerada\\\/\"},\"wordCount\":318,\"commentCount\":0,\"publisher\":{\"@id\":\"https:\\\/\\\/memurunsesi.net\\\/#organization\"},\"image\":{\"@id\":\"https:\\\/\\\/memurunsesi.net\\\/index.php\\\/2025\\\/08\\\/10\\\/valizinin-kayboldugunu-iddia-eden-alkollu-kadin-terminali-ayaga-kaldirdi-o-anlar-kamerada\\\/#primaryimage\"},\"thumbnailUrl\":\"https:\\\/\\\/memurunsesi.net\\\/wp-content\\\/uploads\\\/2025\\\/08\\\/AW514374_01.jpg\",\"articleSection\":[\"G\u00fcndem\"],\"inLanguage\":\"tr\",\"potentialAction\":[{\"@type\":\"CommentAction\",\"name\":\"Comment\",\"target\":[\"https:\\\/\\\/memurunsesi.net\\\/index.php\\\/2025\\\/08\\\/10\\\/valizinin-kayboldugunu-iddia-eden-alkollu-kadin-terminali-ayaga-kaldirdi-o-anlar-kamerada\\\/#respond\"]}]},{\"@type\":\"WebPage\",\"@id\":\"https:\\\/\\\/memurunsesi.net\\\/index.php\\\/2025\\\/08\\\/10\\\/valizinin-kayboldugunu-iddia-eden-alkollu-kadin-terminali-ayaga-kaldirdi-o-anlar-kamerada\\\/\",\"url\":\"https:\\\/\\\/memurunsesi.net\\\/index.php\\\/2025\\\/08\\\/10\\\/valizinin-kayboldugunu-iddia-eden-alkollu-kadin-terminali-ayaga-kaldirdi-o-anlar-kamerada\\\/\",\"name\":\"Valizinin kayboldu\u011funu iddia eden alkoll\u00fc kad\u0131n terminali aya\u011fa kald\u0131rd\u0131... O anlar kamerada - Memurun Sesi\",\"isPartOf\":{\"@id\":\"https:\\\/\\\/memurunsesi.net\\\/#website\"},\"primaryImageOfPage\":{\"@id\":\"https:\\\/\\\/memurunsesi.net\\\/index.php\\\/2025\\\/08\\\/10\\\/valizinin-kayboldugunu-iddia-eden-alkollu-kadin-terminali-ayaga-kaldirdi-o-anlar-kamerada\\\/#primaryimage\"},\"image\":{\"@id\":\"https:\\\/\\\/memurunsesi.net\\\/index.php\\\/2025\\\/08\\\/10\\\/valizinin-kayboldugunu-iddia-eden-alkollu-kadin-terminali-ayaga-kaldirdi-o-anlar-kamerada\\\/#primaryimage\"},\"thumbnailUrl\":\"https:\\\/\\\/memurunsesi.net\\\/wp-content\\\/uploads\\\/2025\\\/08\\\/AW514374_01.jpg\",\"datePublished\":\"2025-08-10T05:31:15+00:00\",\"breadcrumb\":{\"@id\":\"https:\\\/\\\/memurunsesi.net\\\/index.php\\\/2025\\\/08\\\/10\\\/valizinin-kayboldugunu-iddia-eden-alkollu-kadin-terminali-ayaga-kaldirdi-o-anlar-kamerada\\\/#breadcrumb\"},\"inLanguage\":\"tr\",\"potentialAction\":[{\"@type\":\"ReadAction\",\"target\":[\"https:\\\/\\\/memurunsesi.net\\\/index.php\\\/2025\\\/08\\\/10\\\/valizinin-kayboldugunu-iddia-eden-alkollu-kadin-terminali-ayaga-kaldirdi-o-anlar-kamerada\\\/\"]}]},{\"@type\":\"ImageObject\",\"inLanguage\":\"tr\",\"@id\":\"https:\\\/\\\/memurunsesi.net\\\/index.php\\\/2025\\\/08\\\/10\\\/valizinin-kayboldugunu-iddia-eden-alkollu-kadin-terminali-ayaga-kaldirdi-o-anlar-kamerada\\\/#primaryimage\",\"url\":\"https:\\\/\\\/memurunsesi.net\\\/wp-content\\\/uploads\\\/2025\\\/08\\\/AW514374_01.jpg\",\"contentUrl\":\"https:\\\/\\\/memurunsesi.net\\\/wp-content\\\/uploads\\\/2025\\\/08\\\/AW514374_01.jpg\",\"width\":697,\"height\":519,\"caption\":\"BURSA \u015eEH\u0130RLERARASI OTOB\u00dcS TERM\u0130NAL\u0130NDE VAL\u0130Z\u0130N\u0130N KAYBOLDU\u011eUNU \u0130DD\u0130A EDEN B\u0130R KADIN S\u0130N\u0130R KR\u0130Z\u0130 GE\u00c7\u0130R\u0130P ORTALI\u011eI B\u0130RB\u0130R\u0130NE KATTI. KEND\u0130S\u0130N\u0130 SAK\u0130NLE\u015eT\u0130RMEYE \u00c7ALI\u015eAN KADIN G\u00dcVENL\u0130\u011eE SALDIRINCA POL\u0130S EK\u0130PLER\u0130 TARAFINDAN G\u00d6ZALTINA ALINDI. O ANLAR TERM\u0130NALDEK\u0130 G\u00dcVENL\u0130K KAMERALARI TARAFINDAN SAN\u0130YE SAN\u0130YE KAYDED\u0130LD\u0130. SALDIRGAN H.G. (\u0130HA\\\/BURSA-\u0130HA) Bursa \u015eehirleraras\u0131 Otob\u00fcs Terminali'nde valizinin kayboldu\u011funu iddia eden alkoll\u00fc kad\u0131n sinir krizi ge\u00e7irip ortal\u0131\u011f\u0131 birbirine katt\u0131. Kendisini sakinle\u015ftirmeye \u00e7al\u0131\u015fan kad\u0131n g\u00fcvenli\u011fe sald\u0131r\u0131nca polis ekipleri taraf\u0131ndan g\u00f6zalt\u0131na al\u0131nd\u0131. O anlar terminaldeki g\u00fcvenlik kameralar\u0131 taraf\u0131ndan saniye saniye kaydedildi.\"},{\"@type\":\"BreadcrumbList\",\"@id\":\"https:\\\/\\\/memurunsesi.net\\\/index.php\\\/2025\\\/08\\\/10\\\/valizinin-kayboldugunu-iddia-eden-alkollu-kadin-terminali-ayaga-kaldirdi-o-anlar-kamerada\\\/#breadcrumb\",\"itemListElement\":[{\"@type\":\"ListItem\",\"position\":1,\"name\":\"Anasayfa\",\"item\":\"https:\\\/\\\/memurunsesi.net\\\/\"},{\"@type\":\"ListItem\",\"position\":2,\"name\":\"Valizinin kayboldu\u011funu iddia eden alkoll\u00fc kad\u0131n terminali aya\u011fa kald\u0131rd\u0131&#8230; O anlar kamerada\"}]},{\"@type\":\"WebSite\",\"@id\":\"https:\\\/\\\/memurunsesi.net\\\/#website\",\"url\":\"https:\\\/\\\/memurunsesi.net\\\/\",\"name\":\"Memurun Sesi\",\"description\":\"G\u00fcncel ve Do\u011fru Haber\",\"publisher\":{\"@id\":\"https:\\\/\\\/memurunsesi.net\\\/#organization\"},\"potentialAction\":[{\"@type\":\"SearchAction\",\"target\":{\"@type\":\"EntryPoint\",\"urlTemplate\":\"https:\\\/\\\/memurunsesi.net\\\/?s={search_term_string}\"},\"query-input\":{\"@type\":\"PropertyValueSpecification\",\"valueRequired\":true,\"valueName\":\"search_term_string\"}}],\"inLanguage\":\"tr\"},{\"@type\":\"Organization\",\"@id\":\"https:\\\/\\\/memurunsesi.net\\\/#organization\",\"name\":\"Memurun Sesi\",\"url\":\"https:\\\/\\\/memurunsesi.net\\\/\",\"logo\":{\"@type\":\"ImageObject\",\"inLanguage\":\"tr\",\"@id\":\"https:\\\/\\\/memurunsesi.net\\\/#\\\/schema\\\/logo\\\/image\\\/\",\"url\":\"https:\\\/\\\/memurunsesi.net\\\/wp-content\\\/uploads\\\/2025\\\/11\\\/cropped-MEMURUN-SESI.png\",\"contentUrl\":\"https:\\\/\\\/memurunsesi.net\\\/wp-content\\\/uploads\\\/2025\\\/11\\\/cropped-MEMURUN-SESI.png\",\"width\":238,\"height\":57,\"caption\":\"Memurun Sesi\"},\"image\":{\"@id\":\"https:\\\/\\\/memurunsesi.net\\\/#\\\/schema\\\/logo\\\/image\\\/\"},\"sameAs\":[\"https:\\\/\\\/www.facebook.com\\\/unipersen\\\/?locale=tr_TR\",\"https:\\\/\\\/x.com\\\/unipersen\"]},{\"@type\":\"Person\",\"@id\":\"https:\\\/\\\/memurunsesi.net\\\/#\\\/schema\\\/person\\\/f21c2d73b89f6ee1d80b0a1803e38587\",\"name\":\"Memurun Sesi Haber Merkezi\",\"image\":{\"@type\":\"ImageObject\",\"inLanguage\":\"tr\",\"@id\":\"https:\\\/\\\/secure.gravatar.com\\\/avatar\\\/6cf0505f452ee753f485014986fab09a434671d2b919ee76fc541025c5876a70?s=96&d=mm&r=g\",\"url\":\"https:\\\/\\\/secure.gravatar.com\\\/avatar\\\/6cf0505f452ee753f485014986fab09a434671d2b919ee76fc541025c5876a70?s=96&d=mm&r=g\",\"contentUrl\":\"https:\\\/\\\/secure.gravatar.com\\\/avatar\\\/6cf0505f452ee753f485014986fab09a434671d2b919ee76fc541025c5876a70?s=96&d=mm&r=g\",\"caption\":\"Memurun Sesi Haber Merkezi\"},\"sameAs\":[\"https:\\\/\\\/memurunsesi.net\"],\"url\":\"https:\\\/\\\/memurunsesi.net\\\/index.php\\\/author\\\/uniper\\\/\"}]}<\/script>\n<!-- \/ Yoast SEO plugin. -->","yoast_head_json":{"title":"Valizinin kayboldu\u011funu iddia eden alkoll\u00fc kad\u0131n terminali aya\u011fa kald\u0131rd\u0131... O anlar kamerada - Memurun Sesi","robots":{"index":"index","follow":"follow","max-snippet":"max-snippet:-1","max-image-preview":"max-image-preview:large","max-video-preview":"max-video-preview:-1"},"canonical":"https:\/\/memurunsesi.net\/index.php\/2025\/08\/10\/valizinin-kayboldugunu-iddia-eden-alkollu-kadin-terminali-ayaga-kaldirdi-o-anlar-kamerada\/","og_locale":"tr_TR","og_type":"article","og_title":"Valizinin kayboldu\u011funu iddia eden alkoll\u00fc kad\u0131n terminali aya\u011fa kald\u0131rd\u0131... O anlar kamerada - Memurun Sesi","og_description":"&#8211; Kendisini sakinle\u015ftirmeye \u00e7al\u0131\u015fan kad\u0131n g\u00fcvenli\u011fi sald\u0131r\u0131nca polisler taraf\u0131ndan g\u00f6zalt\u0131na al\u0131nd\u0131 Bursa \u015eehirleraras\u0131 Otob\u00fcs Terminali&#8217;nde valizinin kayboldu\u011funu iddia eden alkoll\u00fc kad\u0131n sinir krizi ge\u00e7irip ortal\u0131\u011f\u0131 birbirine katt\u0131. Kendisini sakinle\u015ftirmeye \u00e7al\u0131\u015fan kad\u0131n g\u00fcvenli\u011fe sald\u0131r\u0131nca polis ekipleri taraf\u0131ndan g\u00f6zalt\u0131na al\u0131nd\u0131. O anlar terminaldeki g\u00fcvenlik kameralar\u0131 taraf\u0131ndan saniye saniye kaydedildi. \u0130ddiaya g\u00f6re, alkol etkisinde oldu\u011fu iddia edilen H.G. [&hellip;]","og_url":"https:\/\/memurunsesi.net\/index.php\/2025\/08\/10\/valizinin-kayboldugunu-iddia-eden-alkollu-kadin-terminali-ayaga-kaldirdi-o-anlar-kamerada\/","og_site_name":"Memurun Sesi","article_publisher":"https:\/\/www.facebook.com\/unipersen\/?locale=tr_TR","article_published_time":"2025-08-10T05:31:15+00:00","og_image":[{"width":697,"height":519,"url":"https:\/\/memurunsesi.net\/wp-content\/uploads\/2025\/08\/AW514374_01.jpg","type":"image\/jpeg"}],"author":"Memurun Sesi Haber Merkezi","twitter_card":"summary_large_image","twitter_creator":"@unipersen","twitter_site":"@unipersen","twitter_misc":{"Yazan:":"Memurun Sesi Haber Merkezi","Tahmini okuma s\u00fcresi":"1 dakika"},"schema":{"@context":"https:\/\/schema.org","@graph":[{"@type":"Article","@id":"https:\/\/memurunsesi.net\/index.php\/2025\/08\/10\/valizinin-kayboldugunu-iddia-eden-alkollu-kadin-terminali-ayaga-kaldirdi-o-anlar-kamerada\/#article","isPartOf":{"@id":"https:\/\/memurunsesi.net\/index.php\/2025\/08\/10\/valizinin-kayboldugunu-iddia-eden-alkollu-kadin-terminali-ayaga-kaldirdi-o-anlar-kamerada\/"},"author":{"name":"Memurun Sesi Haber Merkezi","@id":"https:\/\/memurunsesi.net\/#\/schema\/person\/f21c2d73b89f6ee1d80b0a1803e38587"},"headline":"Valizinin kayboldu\u011funu iddia eden alkoll\u00fc kad\u0131n terminali aya\u011fa kald\u0131rd\u0131&#8230; O anlar kamerada","datePublished":"2025-08-10T05:31:15+00:00","mainEntityOfPage":{"@id":"https:\/\/memurunsesi.net\/index.php\/2025\/08\/10\/valizinin-kayboldugunu-iddia-eden-alkollu-kadin-terminali-ayaga-kaldirdi-o-anlar-kamerada\/"},"wordCount":318,"commentCount":0,"publisher":{"@id":"https:\/\/memurunsesi.net\/#organization"},"image":{"@id":"https:\/\/memurunsesi.net\/index.php\/2025\/08\/10\/valizinin-kayboldugunu-iddia-eden-alkollu-kadin-terminali-ayaga-kaldirdi-o-anlar-kamerada\/#primaryimage"},"thumbnailUrl":"https:\/\/memurunsesi.net\/wp-content\/uploads\/2025\/08\/AW514374_01.jpg","articleSection":["G\u00fcndem"],"inLanguage":"tr","potentialAction":[{"@type":"CommentAction","name":"Comment","target":["https:\/\/memurunsesi.net\/index.php\/2025\/08\/10\/valizinin-kayboldugunu-iddia-eden-alkollu-kadin-terminali-ayaga-kaldirdi-o-anlar-kamerada\/#respond"]}]},{"@type":"WebPage","@id":"https:\/\/memurunsesi.net\/index.php\/2025\/08\/10\/valizinin-kayboldugunu-iddia-eden-alkollu-kadin-terminali-ayaga-kaldirdi-o-anlar-kamerada\/","url":"https:\/\/memurunsesi.net\/index.php\/2025\/08\/10\/valizinin-kayboldugunu-iddia-eden-alkollu-kadin-terminali-ayaga-kaldirdi-o-anlar-kamerada\/","name":"Valizinin kayboldu\u011funu iddia eden alkoll\u00fc kad\u0131n terminali aya\u011fa kald\u0131rd\u0131... O anlar kamerada - Memurun Sesi","isPartOf":{"@id":"https:\/\/memurunsesi.net\/#website"},"primaryImageOfPage":{"@id":"https:\/\/memurunsesi.net\/index.php\/2025\/08\/10\/valizinin-kayboldugunu-iddia-eden-alkollu-kadin-terminali-ayaga-kaldirdi-o-anlar-kamerada\/#primaryimage"},"image":{"@id":"https:\/\/memurunsesi.net\/index.php\/2025\/08\/10\/valizinin-kayboldugunu-iddia-eden-alkollu-kadin-terminali-ayaga-kaldirdi-o-anlar-kamerada\/#primaryimage"},"thumbnailUrl":"https:\/\/memurunsesi.net\/wp-content\/uploads\/2025\/08\/AW514374_01.jpg","datePublished":"2025-08-10T05:31:15+00:00","breadcrumb":{"@id":"https:\/\/memurunsesi.net\/index.php\/2025\/08\/10\/valizinin-kayboldugunu-iddia-eden-alkollu-kadin-terminali-ayaga-kaldirdi-o-anlar-kamerada\/#breadcrumb"},"inLanguage":"tr","potentialAction":[{"@type":"ReadAction","target":["https:\/\/memurunsesi.net\/index.php\/2025\/08\/10\/valizinin-kayboldugunu-iddia-eden-alkollu-kadin-terminali-ayaga-kaldirdi-o-anlar-kamerada\/"]}]},{"@type":"ImageObject","inLanguage":"tr","@id":"https:\/\/memurunsesi.net\/index.php\/2025\/08\/10\/valizinin-kayboldugunu-iddia-eden-alkollu-kadin-terminali-ayaga-kaldirdi-o-anlar-kamerada\/#primaryimage","url":"https:\/\/memurunsesi.net\/wp-content\/uploads\/2025\/08\/AW514374_01.jpg","contentUrl":"https:\/\/memurunsesi.net\/wp-content\/uploads\/2025\/08\/AW514374_01.jpg","width":697,"height":519,"caption":"BURSA \u015eEH\u0130RLERARASI OTOB\u00dcS TERM\u0130NAL\u0130NDE VAL\u0130Z\u0130N\u0130N KAYBOLDU\u011eUNU \u0130DD\u0130A EDEN B\u0130R KADIN S\u0130N\u0130R KR\u0130Z\u0130 GE\u00c7\u0130R\u0130P ORTALI\u011eI B\u0130RB\u0130R\u0130NE KATTI. KEND\u0130S\u0130N\u0130 SAK\u0130NLE\u015eT\u0130RMEYE \u00c7ALI\u015eAN KADIN G\u00dcVENL\u0130\u011eE SALDIRINCA POL\u0130S EK\u0130PLER\u0130 TARAFINDAN G\u00d6ZALTINA ALINDI. O ANLAR TERM\u0130NALDEK\u0130 G\u00dcVENL\u0130K KAMERALARI TARAFINDAN SAN\u0130YE SAN\u0130YE KAYDED\u0130LD\u0130. SALDIRGAN H.G. (\u0130HA\/BURSA-\u0130HA) Bursa \u015eehirleraras\u0131 Otob\u00fcs Terminali'nde valizinin kayboldu\u011funu iddia eden alkoll\u00fc kad\u0131n sinir krizi ge\u00e7irip ortal\u0131\u011f\u0131 birbirine katt\u0131. Kendisini sakinle\u015ftirmeye \u00e7al\u0131\u015fan kad\u0131n g\u00fcvenli\u011fe sald\u0131r\u0131nca polis ekipleri taraf\u0131ndan g\u00f6zalt\u0131na al\u0131nd\u0131. O anlar terminaldeki g\u00fcvenlik kameralar\u0131 taraf\u0131ndan saniye saniye kaydedildi."},{"@type":"BreadcrumbList","@id":"https:\/\/memurunsesi.net\/index.php\/2025\/08\/10\/valizinin-kayboldugunu-iddia-eden-alkollu-kadin-terminali-ayaga-kaldirdi-o-anlar-kamerada\/#breadcrumb","itemListElement":[{"@type":"ListItem","position":1,"name":"Anasayfa","item":"https:\/\/memurunsesi.net\/"},{"@type":"ListItem","position":2,"name":"Valizinin kayboldu\u011funu iddia eden alkoll\u00fc kad\u0131n terminali aya\u011fa kald\u0131rd\u0131&#8230; O anlar kamerada"}]},{"@type":"WebSite","@id":"https:\/\/memurunsesi.net\/#website","url":"https:\/\/memurunsesi.net\/","name":"Memurun Sesi","description":"G\u00fcncel ve Do\u011fru Haber","publisher":{"@id":"https:\/\/memurunsesi.net\/#organization"},"potentialAction":[{"@type":"SearchAction","target":{"@type":"EntryPoint","urlTemplate":"https:\/\/memurunsesi.net\/?s={search_term_string}"},"query-input":{"@type":"PropertyValueSpecification","valueRequired":true,"valueName":"search_term_string"}}],"inLanguage":"tr"},{"@type":"Organization","@id":"https:\/\/memurunsesi.net\/#organization","name":"Memurun Sesi","url":"https:\/\/memurunsesi.net\/","logo":{"@type":"ImageObject","inLanguage":"tr","@id":"https:\/\/memurunsesi.net\/#\/schema\/logo\/image\/","url":"https:\/\/memurunsesi.net\/wp-content\/uploads\/2025\/11\/cropped-MEMURUN-SESI.png","contentUrl":"https:\/\/memurunsesi.net\/wp-content\/uploads\/2025\/11\/cropped-MEMURUN-SESI.png","width":238,"height":57,"caption":"Memurun Sesi"},"image":{"@id":"https:\/\/memurunsesi.net\/#\/schema\/logo\/image\/"},"sameAs":["https:\/\/www.facebook.com\/unipersen\/?locale=tr_TR","https:\/\/x.com\/unipersen"]},{"@type":"Person","@id":"https:\/\/memurunsesi.net\/#\/schema\/person\/f21c2d73b89f6ee1d80b0a1803e38587","name":"Memurun Sesi Haber Merkezi","image":{"@type":"ImageObject","inLanguage":"tr","@id":"https:\/\/secure.gravatar.com\/avatar\/6cf0505f452ee753f485014986fab09a434671d2b919ee76fc541025c5876a70?s=96&d=mm&r=g","url":"https:\/\/secure.gravatar.com\/avatar\/6cf0505f452ee753f485014986fab09a434671d2b919ee76fc541025c5876a70?s=96&d=mm&r=g","contentUrl":"https:\/\/secure.gravatar.com\/avatar\/6cf0505f452ee753f485014986fab09a434671d2b919ee76fc541025c5876a70?s=96&d=mm&r=g","caption":"Memurun Sesi Haber Merkezi"},"sameAs":["https:\/\/memurunsesi.net"],"url":"https:\/\/memurunsesi.net\/index.php\/author\/uniper\/"}]}},"_links":{"self":[{"href":"https:\/\/memurunsesi.net\/index.php\/wp-json\/wp\/v2\/posts\/10225","targetHints":{"allow":["GET"]}}],"collection":[{"href":"https:\/\/memurunsesi.net\/index.php\/wp-json\/wp\/v2\/posts"}],"about":[{"href":"https:\/\/memurunsesi.net\/index.php\/wp-json\/wp\/v2\/types\/post"}],"author":[{"embeddable":true,"href":"https:\/\/memurunsesi.net\/index.php\/wp-json\/wp\/v2\/users\/1"}],"replies":[{"embeddable":true,"href":"https:\/\/memurunsesi.net\/index.php\/wp-json\/wp\/v2\/comments?post=10225"}],"version-history":[{"count":1,"href":"https:\/\/memurunsesi.net\/index.php\/wp-json\/wp\/v2\/posts\/10225\/revisions"}],"predecessor-version":[{"id":10227,"href":"https:\/\/memurunsesi.net\/index.php\/wp-json\/wp\/v2\/posts\/10225\/revisions\/10227"}],"wp:featuredmedia":[{"embeddable":true,"href":"https:\/\/memurunsesi.net\/index.php\/wp-json\/wp\/v2\/media\/10226"}],"wp:attachment":[{"href":"https:\/\/memurunsesi.net\/index.php\/wp-json\/wp\/v2\/media?parent=10225"}],"wp:term":[{"taxonomy":"category","embeddable":true,"href":"https:\/\/memurunsesi.net\/index.php\/wp-json\/wp\/v2\/categories?post=10225"},{"taxonomy":"post_tag","embeddable":true,"href":"https:\/\/memurunsesi.net\/index.php\/wp-json\/wp\/v2\/tags?post=10225"}],"curies":[{"name":"wp","href":"https:\/\/api.w.org\/{rel}","templated":true}]}}