{"id":10229,"date":"2025-08-10T11:01:02","date_gmt":"2025-08-10T08:01:02","guid":{"rendered":"https:\/\/memurunsesi.net\/?p=10229"},"modified":"2025-08-10T11:01:02","modified_gmt":"2025-08-10T08:01:02","slug":"14-yasinda-150den-fazla-madalyasi-var","status":"publish","type":"post","link":"https:\/\/memurunsesi.net\/index.php\/2025\/08\/10\/14-yasinda-150den-fazla-madalyasi-var\/","title":{"rendered":"14 ya\u015f\u0131nda 150&#8217;den fazla madalyas\u0131 var"},"content":{"rendered":"<p>  &#8211; Adana&#8217;da babas\u0131n\u0131n antren\u00f6rl\u00fc\u011f\u00fcn\u00fc yapt\u0131\u011f\u0131 14 ya\u015f\u0131ndaki k\u0131z \u00e7ocu\u011fu milli tak\u0131ma se\u00e7ildi <\/p>\n<p>   Adana&#8217;da babas\u0131n\u0131n antren\u00f6rl\u00fc\u011f\u00fcn\u00fc yapt\u0131\u011f\u0131 14 ya\u015f\u0131ndaki k\u0131z \u00e7ocu\u011fu karate dal\u0131nda kat\u0131ld\u0131\u011f\u0131 200 m\u00fcsabakada 150&#8217;den fazla madalya alarak milli tak\u0131ma kadar se\u00e7ildi.<br \/>\n  Babas\u0131 \u0130slam G\u00fcrb\u00fcz karate antren\u00f6r\u00fc olan Turna G\u00fcrb\u00fcz (14) k\u00fc\u00e7\u00fck ya\u015fta karateye merak sal\u0131p bu spora ba\u015flad\u0131. Babas\u0131yla s\u00fcrekli salonda karate antrenman\u0131 yapan G\u00fcrb\u00fcz, 14 ya\u015f\u0131nda olmas\u0131na ra\u011fmen 200 ma\u00e7a \u00e7\u0131k\u0131p 150&#8217;den fazla madalya kazand\u0131. G\u00fcrb\u00fcz, Denizli&#8217;de T\u00fcrkiye birincisi, Sivas&#8217;ta T\u00fcrkiye ikincisi, Montenegro&#8217;da Balkan \u015eampiyonu, \u0130stanbul Bo\u011fazi\u00e7i Karate \u015eampiyonas\u0131&#8217;nda \u00fc\u00e7\u00fcnc\u00fc, Marmara Cup Karate \u015eampiyonas\u0131 ikinci, Almanya Banzai Cup Karate Turnuvas\u0131 ikinci, Ku\u015fadas\u0131 Open Karate Turnuvas\u0131&#8217;nda birinci, Karadeniz Hazar \u00dclkeleri Karate \u015eampiyonas\u0131&#8217;nda ikinci ve \u00e7ift kategorisinde birinci oldu. <\/p>\n<p>  Say\u0131s\u0131z ba\u015far\u0131lara imza atan G\u00fcrb\u00fcz, bunun s\u0131rr\u0131n\u0131 \u015f\u00f6yle a\u00e7\u0131klad\u0131:<br \/>\n  &#8220;9 y\u0131ld\u0131r karate sporu yap\u0131yorum. Babamla birlikte antrenmanlar yapmam, bu spora olan ilgimin ba\u015flamas\u0131nda en b\u00fcy\u00fck etken oldu. Karate, beni mutlu eden bir spor olmas\u0131n\u0131n yan\u0131 s\u0131ra, sevdi\u011fim \u015feyi yaparak stresimi atmam\u0131 da sa\u011fl\u0131yor. Bug\u00fcne kadar 200&#8217;den fazla m\u00fcsabakaya kat\u0131ld\u0131m ve 150&#8217;den fazla madalya kazand\u0131m. Bu ba\u015far\u0131ya, \u00e7ok \u00e7al\u0131\u015farak ve emek harcayarak ula\u015ft\u0131m.&#8221; <\/p>\n<p>  Ya\u015f\u0131tlar\u0131n\u0131n da spor yapmas\u0131n\u0131 talep eden G\u00fcrb\u00fcz, &#8220;Onlar\u0131n da benim hissetti\u011fim duygular\u0131 ya\u015famas\u0131n\u0131 \u00e7ok isterim. \u015eu anki hedefim, Avrupa \u015eampiyonas\u0131&#8217;na kat\u0131lmak ve orada birinci olup bayra\u011f\u0131m\u0131z\u0131 en yukar\u0131ya \u00e7\u0131karmak&#8221; dedi. <\/p>\n<p>  Baba G\u00fcrb\u00fcz ise, &#8220;Turna \u00e7ok ba\u015far\u0131l\u0131 bir sporcu. Gitti\u011fi her yerde hem Adana&#8217;y\u0131 hem de \u00fclkemizi gururland\u0131r\u0131yor. \u0130spanya ve \u0130talya&#8217;da d\u00fcnya \u015fampiyonalar\u0131na kat\u0131ld\u0131k. Son olarak Balkan \u015fampiyonu oldu ve Adana&#8217;ya b\u00fcy\u00fck bir gurur ya\u015fatt\u0131. Turna&#8217;n\u0131n karate yapmas\u0131ndan dolay\u0131 \u00e7ok mutluyum. Ba\u015fka bir \u00f6\u011frencim de olsa ayn\u0131 duygular\u0131 hissederdim. \u0130yi ki karate diyorum&#8221; diye konu\u015ftu. <\/p>\n<p>10.08.2025                                 <\/p>\n","protected":false},"excerpt":{"rendered":"<p>&#8211; Adana&#8217;da babas\u0131n\u0131n antren\u00f6rl\u00fc\u011f\u00fcn\u00fc yapt\u0131\u011f\u0131 14 ya\u015f\u0131ndaki k\u0131z \u00e7ocu\u011fu milli tak\u0131ma se\u00e7ildi Adana&#8217;da babas\u0131n\u0131n antren\u00f6rl\u00fc\u011f\u00fcn\u00fc yapt\u0131\u011f\u0131 14 ya\u015f\u0131ndaki k\u0131z \u00e7ocu\u011fu karate dal\u0131nda kat\u0131ld\u0131\u011f\u0131 200 m\u00fcsabakada 150&#8217;den fazla madalya alarak milli tak\u0131ma kadar se\u00e7ildi. Babas\u0131 \u0130slam G\u00fcrb\u00fcz karate antren\u00f6r\u00fc olan Turna G\u00fcrb\u00fcz (14) k\u00fc\u00e7\u00fck ya\u015fta karateye merak sal\u0131p bu spora ba\u015flad\u0131. Babas\u0131yla s\u00fcrekli salonda karate antrenman\u0131 [&hellip;]<\/p>\n","protected":false},"author":1,"featured_media":10230,"comment_status":"open","ping_status":"open","sticky":false,"template":"","format":"standard","meta":{"footnotes":""},"categories":[57],"tags":[],"class_list":["post-10229","post","type-post","status-publish","format-standard","has-post-thumbnail","hentry","category-spor"],"yoast_head":"<!-- This site is optimized with the Yoast SEO plugin v27.4 - https:\/\/yoast.com\/product\/yoast-seo-wordpress\/ -->\n<title>14 ya\u015f\u0131nda 150&#039;den fazla madalyas\u0131 var - Memurun Sesi<\/title>\n<meta name=\"robots\" content=\"index, follow, max-snippet:-1, max-image-preview:large, max-video-preview:-1\" \/>\n<link rel=\"canonical\" href=\"https:\/\/memurunsesi.net\/index.php\/2025\/08\/10\/14-yasinda-150den-fazla-madalyasi-var\/\" \/>\n<meta property=\"og:locale\" content=\"tr_TR\" \/>\n<meta property=\"og:type\" content=\"article\" \/>\n<meta property=\"og:title\" content=\"14 ya\u015f\u0131nda 150&#039;den fazla madalyas\u0131 var - Memurun Sesi\" \/>\n<meta property=\"og:description\" content=\"&#8211; Adana&#8217;da babas\u0131n\u0131n antren\u00f6rl\u00fc\u011f\u00fcn\u00fc yapt\u0131\u011f\u0131 14 ya\u015f\u0131ndaki k\u0131z \u00e7ocu\u011fu milli tak\u0131ma se\u00e7ildi Adana&#8217;da babas\u0131n\u0131n antren\u00f6rl\u00fc\u011f\u00fcn\u00fc yapt\u0131\u011f\u0131 14 ya\u015f\u0131ndaki k\u0131z \u00e7ocu\u011fu karate dal\u0131nda kat\u0131ld\u0131\u011f\u0131 200 m\u00fcsabakada 150&#8217;den fazla madalya alarak milli tak\u0131ma kadar se\u00e7ildi. Babas\u0131 \u0130slam G\u00fcrb\u00fcz karate antren\u00f6r\u00fc olan Turna G\u00fcrb\u00fcz (14) k\u00fc\u00e7\u00fck ya\u015fta karateye merak sal\u0131p bu spora ba\u015flad\u0131. Babas\u0131yla s\u00fcrekli salonda karate antrenman\u0131 [&hellip;]\" \/>\n<meta property=\"og:url\" content=\"https:\/\/memurunsesi.net\/index.php\/2025\/08\/10\/14-yasinda-150den-fazla-madalyasi-var\/\" \/>\n<meta property=\"og:site_name\" content=\"Memurun Sesi\" \/>\n<meta property=\"article:publisher\" content=\"https:\/\/www.facebook.com\/unipersen\/?locale=tr_TR\" \/>\n<meta property=\"article:published_time\" content=\"2025-08-10T08:01:02+00:00\" \/>\n<meta property=\"og:image\" content=\"https:\/\/memurunsesi.net\/wp-content\/uploads\/2025\/08\/AW514477_01.jpg\" \/>\n\t<meta property=\"og:image:width\" content=\"1600\" \/>\n\t<meta property=\"og:image:height\" content=\"1200\" \/>\n\t<meta property=\"og:image:type\" content=\"image\/jpeg\" \/>\n<meta name=\"author\" content=\"Memurun Sesi Haber Merkezi\" \/>\n<meta name=\"twitter:card\" content=\"summary_large_image\" \/>\n<meta name=\"twitter:creator\" content=\"@unipersen\" \/>\n<meta name=\"twitter:site\" content=\"@unipersen\" \/>\n<meta name=\"twitter:label1\" content=\"Yazan:\" \/>\n\t<meta name=\"twitter:data1\" content=\"Memurun Sesi Haber Merkezi\" \/>\n\t<meta name=\"twitter:label2\" content=\"Tahmini okuma s\u00fcresi\" \/>\n\t<meta name=\"twitter:data2\" content=\"1 dakika\" \/>\n<script type=\"application\/ld+json\" class=\"yoast-schema-graph\">{\"@context\":\"https:\\\/\\\/schema.org\",\"@graph\":[{\"@type\":\"Article\",\"@id\":\"https:\\\/\\\/memurunsesi.net\\\/index.php\\\/2025\\\/08\\\/10\\\/14-yasinda-150den-fazla-madalyasi-var\\\/#article\",\"isPartOf\":{\"@id\":\"https:\\\/\\\/memurunsesi.net\\\/index.php\\\/2025\\\/08\\\/10\\\/14-yasinda-150den-fazla-madalyasi-var\\\/\"},\"author\":{\"name\":\"Memurun Sesi Haber Merkezi\",\"@id\":\"https:\\\/\\\/memurunsesi.net\\\/#\\\/schema\\\/person\\\/f21c2d73b89f6ee1d80b0a1803e38587\"},\"headline\":\"14 ya\u015f\u0131nda 150&#8217;den fazla madalyas\u0131 var\",\"datePublished\":\"2025-08-10T08:01:02+00:00\",\"mainEntityOfPage\":{\"@id\":\"https:\\\/\\\/memurunsesi.net\\\/index.php\\\/2025\\\/08\\\/10\\\/14-yasinda-150den-fazla-madalyasi-var\\\/\"},\"wordCount\":378,\"commentCount\":0,\"publisher\":{\"@id\":\"https:\\\/\\\/memurunsesi.net\\\/#organization\"},\"image\":{\"@id\":\"https:\\\/\\\/memurunsesi.net\\\/index.php\\\/2025\\\/08\\\/10\\\/14-yasinda-150den-fazla-madalyasi-var\\\/#primaryimage\"},\"thumbnailUrl\":\"https:\\\/\\\/memurunsesi.net\\\/wp-content\\\/uploads\\\/2025\\\/08\\\/AW514477_01.jpg\",\"articleSection\":[\"Spor\"],\"inLanguage\":\"tr\",\"potentialAction\":[{\"@type\":\"CommentAction\",\"name\":\"Comment\",\"target\":[\"https:\\\/\\\/memurunsesi.net\\\/index.php\\\/2025\\\/08\\\/10\\\/14-yasinda-150den-fazla-madalyasi-var\\\/#respond\"]}]},{\"@type\":\"WebPage\",\"@id\":\"https:\\\/\\\/memurunsesi.net\\\/index.php\\\/2025\\\/08\\\/10\\\/14-yasinda-150den-fazla-madalyasi-var\\\/\",\"url\":\"https:\\\/\\\/memurunsesi.net\\\/index.php\\\/2025\\\/08\\\/10\\\/14-yasinda-150den-fazla-madalyasi-var\\\/\",\"name\":\"14 ya\u015f\u0131nda 150'den fazla madalyas\u0131 var - Memurun Sesi\",\"isPartOf\":{\"@id\":\"https:\\\/\\\/memurunsesi.net\\\/#website\"},\"primaryImageOfPage\":{\"@id\":\"https:\\\/\\\/memurunsesi.net\\\/index.php\\\/2025\\\/08\\\/10\\\/14-yasinda-150den-fazla-madalyasi-var\\\/#primaryimage\"},\"image\":{\"@id\":\"https:\\\/\\\/memurunsesi.net\\\/index.php\\\/2025\\\/08\\\/10\\\/14-yasinda-150den-fazla-madalyasi-var\\\/#primaryimage\"},\"thumbnailUrl\":\"https:\\\/\\\/memurunsesi.net\\\/wp-content\\\/uploads\\\/2025\\\/08\\\/AW514477_01.jpg\",\"datePublished\":\"2025-08-10T08:01:02+00:00\",\"breadcrumb\":{\"@id\":\"https:\\\/\\\/memurunsesi.net\\\/index.php\\\/2025\\\/08\\\/10\\\/14-yasinda-150den-fazla-madalyasi-var\\\/#breadcrumb\"},\"inLanguage\":\"tr\",\"potentialAction\":[{\"@type\":\"ReadAction\",\"target\":[\"https:\\\/\\\/memurunsesi.net\\\/index.php\\\/2025\\\/08\\\/10\\\/14-yasinda-150den-fazla-madalyasi-var\\\/\"]}]},{\"@type\":\"ImageObject\",\"inLanguage\":\"tr\",\"@id\":\"https:\\\/\\\/memurunsesi.net\\\/index.php\\\/2025\\\/08\\\/10\\\/14-yasinda-150den-fazla-madalyasi-var\\\/#primaryimage\",\"url\":\"https:\\\/\\\/memurunsesi.net\\\/wp-content\\\/uploads\\\/2025\\\/08\\\/AW514477_01.jpg\",\"contentUrl\":\"https:\\\/\\\/memurunsesi.net\\\/wp-content\\\/uploads\\\/2025\\\/08\\\/AW514477_01.jpg\",\"width\":1600,\"height\":1200},{\"@type\":\"BreadcrumbList\",\"@id\":\"https:\\\/\\\/memurunsesi.net\\\/index.php\\\/2025\\\/08\\\/10\\\/14-yasinda-150den-fazla-madalyasi-var\\\/#breadcrumb\",\"itemListElement\":[{\"@type\":\"ListItem\",\"position\":1,\"name\":\"Anasayfa\",\"item\":\"https:\\\/\\\/memurunsesi.net\\\/\"},{\"@type\":\"ListItem\",\"position\":2,\"name\":\"14 ya\u015f\u0131nda 150&#8217;den fazla madalyas\u0131 var\"}]},{\"@type\":\"WebSite\",\"@id\":\"https:\\\/\\\/memurunsesi.net\\\/#website\",\"url\":\"https:\\\/\\\/memurunsesi.net\\\/\",\"name\":\"Memurun Sesi\",\"description\":\"G\u00fcncel ve Do\u011fru Haber\",\"publisher\":{\"@id\":\"https:\\\/\\\/memurunsesi.net\\\/#organization\"},\"potentialAction\":[{\"@type\":\"SearchAction\",\"target\":{\"@type\":\"EntryPoint\",\"urlTemplate\":\"https:\\\/\\\/memurunsesi.net\\\/?s={search_term_string}\"},\"query-input\":{\"@type\":\"PropertyValueSpecification\",\"valueRequired\":true,\"valueName\":\"search_term_string\"}}],\"inLanguage\":\"tr\"},{\"@type\":\"Organization\",\"@id\":\"https:\\\/\\\/memurunsesi.net\\\/#organization\",\"name\":\"Memurun Sesi\",\"url\":\"https:\\\/\\\/memurunsesi.net\\\/\",\"logo\":{\"@type\":\"ImageObject\",\"inLanguage\":\"tr\",\"@id\":\"https:\\\/\\\/memurunsesi.net\\\/#\\\/schema\\\/logo\\\/image\\\/\",\"url\":\"https:\\\/\\\/memurunsesi.net\\\/wp-content\\\/uploads\\\/2025\\\/11\\\/cropped-MEMURUN-SESI.png\",\"contentUrl\":\"https:\\\/\\\/memurunsesi.net\\\/wp-content\\\/uploads\\\/2025\\\/11\\\/cropped-MEMURUN-SESI.png\",\"width\":238,\"height\":57,\"caption\":\"Memurun Sesi\"},\"image\":{\"@id\":\"https:\\\/\\\/memurunsesi.net\\\/#\\\/schema\\\/logo\\\/image\\\/\"},\"sameAs\":[\"https:\\\/\\\/www.facebook.com\\\/unipersen\\\/?locale=tr_TR\",\"https:\\\/\\\/x.com\\\/unipersen\"]},{\"@type\":\"Person\",\"@id\":\"https:\\\/\\\/memurunsesi.net\\\/#\\\/schema\\\/person\\\/f21c2d73b89f6ee1d80b0a1803e38587\",\"name\":\"Memurun Sesi Haber Merkezi\",\"image\":{\"@type\":\"ImageObject\",\"inLanguage\":\"tr\",\"@id\":\"https:\\\/\\\/secure.gravatar.com\\\/avatar\\\/6cf0505f452ee753f485014986fab09a434671d2b919ee76fc541025c5876a70?s=96&d=mm&r=g\",\"url\":\"https:\\\/\\\/secure.gravatar.com\\\/avatar\\\/6cf0505f452ee753f485014986fab09a434671d2b919ee76fc541025c5876a70?s=96&d=mm&r=g\",\"contentUrl\":\"https:\\\/\\\/secure.gravatar.com\\\/avatar\\\/6cf0505f452ee753f485014986fab09a434671d2b919ee76fc541025c5876a70?s=96&d=mm&r=g\",\"caption\":\"Memurun Sesi Haber Merkezi\"},\"sameAs\":[\"https:\\\/\\\/memurunsesi.net\"],\"url\":\"https:\\\/\\\/memurunsesi.net\\\/index.php\\\/author\\\/uniper\\\/\"}]}<\/script>\n<!-- \/ Yoast SEO plugin. -->","yoast_head_json":{"title":"14 ya\u015f\u0131nda 150'den fazla madalyas\u0131 var - Memurun Sesi","robots":{"index":"index","follow":"follow","max-snippet":"max-snippet:-1","max-image-preview":"max-image-preview:large","max-video-preview":"max-video-preview:-1"},"canonical":"https:\/\/memurunsesi.net\/index.php\/2025\/08\/10\/14-yasinda-150den-fazla-madalyasi-var\/","og_locale":"tr_TR","og_type":"article","og_title":"14 ya\u015f\u0131nda 150'den fazla madalyas\u0131 var - Memurun Sesi","og_description":"&#8211; Adana&#8217;da babas\u0131n\u0131n antren\u00f6rl\u00fc\u011f\u00fcn\u00fc yapt\u0131\u011f\u0131 14 ya\u015f\u0131ndaki k\u0131z \u00e7ocu\u011fu milli tak\u0131ma se\u00e7ildi Adana&#8217;da babas\u0131n\u0131n antren\u00f6rl\u00fc\u011f\u00fcn\u00fc yapt\u0131\u011f\u0131 14 ya\u015f\u0131ndaki k\u0131z \u00e7ocu\u011fu karate dal\u0131nda kat\u0131ld\u0131\u011f\u0131 200 m\u00fcsabakada 150&#8217;den fazla madalya alarak milli tak\u0131ma kadar se\u00e7ildi. Babas\u0131 \u0130slam G\u00fcrb\u00fcz karate antren\u00f6r\u00fc olan Turna G\u00fcrb\u00fcz (14) k\u00fc\u00e7\u00fck ya\u015fta karateye merak sal\u0131p bu spora ba\u015flad\u0131. Babas\u0131yla s\u00fcrekli salonda karate antrenman\u0131 [&hellip;]","og_url":"https:\/\/memurunsesi.net\/index.php\/2025\/08\/10\/14-yasinda-150den-fazla-madalyasi-var\/","og_site_name":"Memurun Sesi","article_publisher":"https:\/\/www.facebook.com\/unipersen\/?locale=tr_TR","article_published_time":"2025-08-10T08:01:02+00:00","og_image":[{"width":1600,"height":1200,"url":"https:\/\/memurunsesi.net\/wp-content\/uploads\/2025\/08\/AW514477_01.jpg","type":"image\/jpeg"}],"author":"Memurun Sesi Haber Merkezi","twitter_card":"summary_large_image","twitter_creator":"@unipersen","twitter_site":"@unipersen","twitter_misc":{"Yazan:":"Memurun Sesi Haber Merkezi","Tahmini okuma s\u00fcresi":"1 dakika"},"schema":{"@context":"https:\/\/schema.org","@graph":[{"@type":"Article","@id":"https:\/\/memurunsesi.net\/index.php\/2025\/08\/10\/14-yasinda-150den-fazla-madalyasi-var\/#article","isPartOf":{"@id":"https:\/\/memurunsesi.net\/index.php\/2025\/08\/10\/14-yasinda-150den-fazla-madalyasi-var\/"},"author":{"name":"Memurun Sesi Haber Merkezi","@id":"https:\/\/memurunsesi.net\/#\/schema\/person\/f21c2d73b89f6ee1d80b0a1803e38587"},"headline":"14 ya\u015f\u0131nda 150&#8217;den fazla madalyas\u0131 var","datePublished":"2025-08-10T08:01:02+00:00","mainEntityOfPage":{"@id":"https:\/\/memurunsesi.net\/index.php\/2025\/08\/10\/14-yasinda-150den-fazla-madalyasi-var\/"},"wordCount":378,"commentCount":0,"publisher":{"@id":"https:\/\/memurunsesi.net\/#organization"},"image":{"@id":"https:\/\/memurunsesi.net\/index.php\/2025\/08\/10\/14-yasinda-150den-fazla-madalyasi-var\/#primaryimage"},"thumbnailUrl":"https:\/\/memurunsesi.net\/wp-content\/uploads\/2025\/08\/AW514477_01.jpg","articleSection":["Spor"],"inLanguage":"tr","potentialAction":[{"@type":"CommentAction","name":"Comment","target":["https:\/\/memurunsesi.net\/index.php\/2025\/08\/10\/14-yasinda-150den-fazla-madalyasi-var\/#respond"]}]},{"@type":"WebPage","@id":"https:\/\/memurunsesi.net\/index.php\/2025\/08\/10\/14-yasinda-150den-fazla-madalyasi-var\/","url":"https:\/\/memurunsesi.net\/index.php\/2025\/08\/10\/14-yasinda-150den-fazla-madalyasi-var\/","name":"14 ya\u015f\u0131nda 150'den fazla madalyas\u0131 var - Memurun Sesi","isPartOf":{"@id":"https:\/\/memurunsesi.net\/#website"},"primaryImageOfPage":{"@id":"https:\/\/memurunsesi.net\/index.php\/2025\/08\/10\/14-yasinda-150den-fazla-madalyasi-var\/#primaryimage"},"image":{"@id":"https:\/\/memurunsesi.net\/index.php\/2025\/08\/10\/14-yasinda-150den-fazla-madalyasi-var\/#primaryimage"},"thumbnailUrl":"https:\/\/memurunsesi.net\/wp-content\/uploads\/2025\/08\/AW514477_01.jpg","datePublished":"2025-08-10T08:01:02+00:00","breadcrumb":{"@id":"https:\/\/memurunsesi.net\/index.php\/2025\/08\/10\/14-yasinda-150den-fazla-madalyasi-var\/#breadcrumb"},"inLanguage":"tr","potentialAction":[{"@type":"ReadAction","target":["https:\/\/memurunsesi.net\/index.php\/2025\/08\/10\/14-yasinda-150den-fazla-madalyasi-var\/"]}]},{"@type":"ImageObject","inLanguage":"tr","@id":"https:\/\/memurunsesi.net\/index.php\/2025\/08\/10\/14-yasinda-150den-fazla-madalyasi-var\/#primaryimage","url":"https:\/\/memurunsesi.net\/wp-content\/uploads\/2025\/08\/AW514477_01.jpg","contentUrl":"https:\/\/memurunsesi.net\/wp-content\/uploads\/2025\/08\/AW514477_01.jpg","width":1600,"height":1200},{"@type":"BreadcrumbList","@id":"https:\/\/memurunsesi.net\/index.php\/2025\/08\/10\/14-yasinda-150den-fazla-madalyasi-var\/#breadcrumb","itemListElement":[{"@type":"ListItem","position":1,"name":"Anasayfa","item":"https:\/\/memurunsesi.net\/"},{"@type":"ListItem","position":2,"name":"14 ya\u015f\u0131nda 150&#8217;den fazla madalyas\u0131 var"}]},{"@type":"WebSite","@id":"https:\/\/memurunsesi.net\/#website","url":"https:\/\/memurunsesi.net\/","name":"Memurun Sesi","description":"G\u00fcncel ve Do\u011fru Haber","publisher":{"@id":"https:\/\/memurunsesi.net\/#organization"},"potentialAction":[{"@type":"SearchAction","target":{"@type":"EntryPoint","urlTemplate":"https:\/\/memurunsesi.net\/?s={search_term_string}"},"query-input":{"@type":"PropertyValueSpecification","valueRequired":true,"valueName":"search_term_string"}}],"inLanguage":"tr"},{"@type":"Organization","@id":"https:\/\/memurunsesi.net\/#organization","name":"Memurun Sesi","url":"https:\/\/memurunsesi.net\/","logo":{"@type":"ImageObject","inLanguage":"tr","@id":"https:\/\/memurunsesi.net\/#\/schema\/logo\/image\/","url":"https:\/\/memurunsesi.net\/wp-content\/uploads\/2025\/11\/cropped-MEMURUN-SESI.png","contentUrl":"https:\/\/memurunsesi.net\/wp-content\/uploads\/2025\/11\/cropped-MEMURUN-SESI.png","width":238,"height":57,"caption":"Memurun Sesi"},"image":{"@id":"https:\/\/memurunsesi.net\/#\/schema\/logo\/image\/"},"sameAs":["https:\/\/www.facebook.com\/unipersen\/?locale=tr_TR","https:\/\/x.com\/unipersen"]},{"@type":"Person","@id":"https:\/\/memurunsesi.net\/#\/schema\/person\/f21c2d73b89f6ee1d80b0a1803e38587","name":"Memurun Sesi Haber Merkezi","image":{"@type":"ImageObject","inLanguage":"tr","@id":"https:\/\/secure.gravatar.com\/avatar\/6cf0505f452ee753f485014986fab09a434671d2b919ee76fc541025c5876a70?s=96&d=mm&r=g","url":"https:\/\/secure.gravatar.com\/avatar\/6cf0505f452ee753f485014986fab09a434671d2b919ee76fc541025c5876a70?s=96&d=mm&r=g","contentUrl":"https:\/\/secure.gravatar.com\/avatar\/6cf0505f452ee753f485014986fab09a434671d2b919ee76fc541025c5876a70?s=96&d=mm&r=g","caption":"Memurun Sesi Haber Merkezi"},"sameAs":["https:\/\/memurunsesi.net"],"url":"https:\/\/memurunsesi.net\/index.php\/author\/uniper\/"}]}},"_links":{"self":[{"href":"https:\/\/memurunsesi.net\/index.php\/wp-json\/wp\/v2\/posts\/10229","targetHints":{"allow":["GET"]}}],"collection":[{"href":"https:\/\/memurunsesi.net\/index.php\/wp-json\/wp\/v2\/posts"}],"about":[{"href":"https:\/\/memurunsesi.net\/index.php\/wp-json\/wp\/v2\/types\/post"}],"author":[{"embeddable":true,"href":"https:\/\/memurunsesi.net\/index.php\/wp-json\/wp\/v2\/users\/1"}],"replies":[{"embeddable":true,"href":"https:\/\/memurunsesi.net\/index.php\/wp-json\/wp\/v2\/comments?post=10229"}],"version-history":[{"count":1,"href":"https:\/\/memurunsesi.net\/index.php\/wp-json\/wp\/v2\/posts\/10229\/revisions"}],"predecessor-version":[{"id":10231,"href":"https:\/\/memurunsesi.net\/index.php\/wp-json\/wp\/v2\/posts\/10229\/revisions\/10231"}],"wp:featuredmedia":[{"embeddable":true,"href":"https:\/\/memurunsesi.net\/index.php\/wp-json\/wp\/v2\/media\/10230"}],"wp:attachment":[{"href":"https:\/\/memurunsesi.net\/index.php\/wp-json\/wp\/v2\/media?parent=10229"}],"wp:term":[{"taxonomy":"category","embeddable":true,"href":"https:\/\/memurunsesi.net\/index.php\/wp-json\/wp\/v2\/categories?post=10229"},{"taxonomy":"post_tag","embeddable":true,"href":"https:\/\/memurunsesi.net\/index.php\/wp-json\/wp\/v2\/tags?post=10229"}],"curies":[{"name":"wp","href":"https:\/\/api.w.org\/{rel}","templated":true}]}}