{"id":10232,"date":"2025-08-10T11:02:03","date_gmt":"2025-08-10T08:02:03","guid":{"rendered":"https:\/\/memurunsesi.net\/?p=10232"},"modified":"2025-08-10T11:02:03","modified_gmt":"2025-08-10T08:02:03","slug":"esenyurtta-4-katli-binada-cikan-yangin-panige-neden-oldu","status":"publish","type":"post","link":"https:\/\/memurunsesi.net\/index.php\/2025\/08\/10\/esenyurtta-4-katli-binada-cikan-yangin-panige-neden-oldu\/","title":{"rendered":"Esenyurt&#8217;ta 4 katl\u0131 binada \u00e7\u0131kan yang\u0131n pani\u011fe neden oldu"},"content":{"rendered":"<p>   Esenyurt&#8217;ta 4 katl\u0131 binan\u0131n son kat\u0131nda yang\u0131n \u00e7\u0131kt\u0131. K\u0131sa s\u00fcrede dairenin tamam\u0131n\u0131 saran yang\u0131n \u00e7evrede pani\u011fe neden oldu.<br \/>\nYang\u0131n, saat 09.30 s\u0131ralar\u0131nda Esenyurt Ba\u011flar\u00e7e\u015fme Mahallesi 1207&#8217;nci sokakta ya\u015fand\u0131. Edinilen bilgilere g\u00f6re, 4 katl\u0131 binan\u0131n son kat\u0131nda hen\u00fcz bilinmeyen bir nedenle yang\u0131n \u00e7\u0131kt\u0131. K\u0131sa s\u00fcrede dairenin tamam\u0131na yay\u0131lan yang\u0131n \u00e7evrede pani\u011fe neden oldu. Mahalle sakinlerinin ihbar\u0131 \u00fczerine olay yerine \u00e7ok say\u0131da itfaiye ekibi ve ambulans sevk edildi. Yang\u0131n, ekiplerin m\u00fcdahalesiyle s\u00f6nd\u00fcr\u00fcl\u00fcrken \u00f6len ya da yaralanan olmad\u0131\u011f\u0131 \u00f6\u011frenildi. <\/p>\n<p>10.08.2025                                 <\/p>\n","protected":false},"excerpt":{"rendered":"<p>Esenyurt&#8217;ta 4 katl\u0131 binan\u0131n son kat\u0131nda yang\u0131n \u00e7\u0131kt\u0131. K\u0131sa s\u00fcrede dairenin tamam\u0131n\u0131 saran yang\u0131n \u00e7evrede pani\u011fe neden oldu. Yang\u0131n, saat 09.30 s\u0131ralar\u0131nda Esenyurt Ba\u011flar\u00e7e\u015fme Mahallesi 1207&#8217;nci sokakta ya\u015fand\u0131. Edinilen bilgilere g\u00f6re, 4 katl\u0131 binan\u0131n son kat\u0131nda hen\u00fcz bilinmeyen bir nedenle yang\u0131n \u00e7\u0131kt\u0131. K\u0131sa s\u00fcrede dairenin tamam\u0131na yay\u0131lan yang\u0131n \u00e7evrede pani\u011fe neden oldu. Mahalle sakinlerinin ihbar\u0131 [&hellip;]<\/p>\n","protected":false},"author":1,"featured_media":10233,"comment_status":"open","ping_status":"open","sticky":false,"template":"","format":"standard","meta":{"footnotes":""},"categories":[1],"tags":[],"class_list":["post-10232","post","type-post","status-publish","format-standard","has-post-thumbnail","hentry","category-genel"],"yoast_head":"<!-- This site is optimized with the Yoast SEO plugin v27.4 - https:\/\/yoast.com\/product\/yoast-seo-wordpress\/ -->\n<title>Esenyurt&#039;ta 4 katl\u0131 binada \u00e7\u0131kan yang\u0131n pani\u011fe neden oldu - Memurun Sesi<\/title>\n<meta name=\"robots\" content=\"index, follow, max-snippet:-1, max-image-preview:large, max-video-preview:-1\" \/>\n<link rel=\"canonical\" href=\"https:\/\/memurunsesi.net\/index.php\/2025\/08\/10\/esenyurtta-4-katli-binada-cikan-yangin-panige-neden-oldu\/\" \/>\n<meta property=\"og:locale\" content=\"tr_TR\" \/>\n<meta property=\"og:type\" content=\"article\" \/>\n<meta property=\"og:title\" content=\"Esenyurt&#039;ta 4 katl\u0131 binada \u00e7\u0131kan yang\u0131n pani\u011fe neden oldu - Memurun Sesi\" \/>\n<meta property=\"og:description\" content=\"Esenyurt&#8217;ta 4 katl\u0131 binan\u0131n son kat\u0131nda yang\u0131n \u00e7\u0131kt\u0131. K\u0131sa s\u00fcrede dairenin tamam\u0131n\u0131 saran yang\u0131n \u00e7evrede pani\u011fe neden oldu. Yang\u0131n, saat 09.30 s\u0131ralar\u0131nda Esenyurt Ba\u011flar\u00e7e\u015fme Mahallesi 1207&#8217;nci sokakta ya\u015fand\u0131. Edinilen bilgilere g\u00f6re, 4 katl\u0131 binan\u0131n son kat\u0131nda hen\u00fcz bilinmeyen bir nedenle yang\u0131n \u00e7\u0131kt\u0131. K\u0131sa s\u00fcrede dairenin tamam\u0131na yay\u0131lan yang\u0131n \u00e7evrede pani\u011fe neden oldu. Mahalle sakinlerinin ihbar\u0131 [&hellip;]\" \/>\n<meta property=\"og:url\" content=\"https:\/\/memurunsesi.net\/index.php\/2025\/08\/10\/esenyurtta-4-katli-binada-cikan-yangin-panige-neden-oldu\/\" \/>\n<meta property=\"og:site_name\" content=\"Memurun Sesi\" \/>\n<meta property=\"article:publisher\" content=\"https:\/\/www.facebook.com\/unipersen\/?locale=tr_TR\" \/>\n<meta property=\"article:published_time\" content=\"2025-08-10T08:02:03+00:00\" \/>\n<meta property=\"og:image\" content=\"https:\/\/memurunsesi.net\/wp-content\/uploads\/2025\/08\/AW514481_01.jpg\" \/>\n\t<meta property=\"og:image:width\" content=\"899\" \/>\n\t<meta property=\"og:image:height\" content=\"1599\" \/>\n\t<meta property=\"og:image:type\" content=\"image\/jpeg\" \/>\n<meta name=\"author\" content=\"Memurun Sesi Haber Merkezi\" \/>\n<meta name=\"twitter:card\" content=\"summary_large_image\" \/>\n<meta name=\"twitter:creator\" content=\"@unipersen\" \/>\n<meta name=\"twitter:site\" content=\"@unipersen\" \/>\n<meta name=\"twitter:label1\" content=\"Yazan:\" \/>\n\t<meta name=\"twitter:data1\" content=\"Memurun Sesi Haber Merkezi\" \/>\n\t<meta name=\"twitter:label2\" content=\"Tahmini okuma s\u00fcresi\" \/>\n\t<meta name=\"twitter:data2\" content=\"1 dakika\" \/>\n<script type=\"application\/ld+json\" class=\"yoast-schema-graph\">{\"@context\":\"https:\\\/\\\/schema.org\",\"@graph\":[{\"@type\":\"Article\",\"@id\":\"https:\\\/\\\/memurunsesi.net\\\/index.php\\\/2025\\\/08\\\/10\\\/esenyurtta-4-katli-binada-cikan-yangin-panige-neden-oldu\\\/#article\",\"isPartOf\":{\"@id\":\"https:\\\/\\\/memurunsesi.net\\\/index.php\\\/2025\\\/08\\\/10\\\/esenyurtta-4-katli-binada-cikan-yangin-panige-neden-oldu\\\/\"},\"author\":{\"name\":\"Memurun Sesi Haber Merkezi\",\"@id\":\"https:\\\/\\\/memurunsesi.net\\\/#\\\/schema\\\/person\\\/f21c2d73b89f6ee1d80b0a1803e38587\"},\"headline\":\"Esenyurt&#8217;ta 4 katl\u0131 binada \u00e7\u0131kan yang\u0131n pani\u011fe neden oldu\",\"datePublished\":\"2025-08-10T08:02:03+00:00\",\"mainEntityOfPage\":{\"@id\":\"https:\\\/\\\/memurunsesi.net\\\/index.php\\\/2025\\\/08\\\/10\\\/esenyurtta-4-katli-binada-cikan-yangin-panige-neden-oldu\\\/\"},\"wordCount\":118,\"commentCount\":0,\"publisher\":{\"@id\":\"https:\\\/\\\/memurunsesi.net\\\/#organization\"},\"image\":{\"@id\":\"https:\\\/\\\/memurunsesi.net\\\/index.php\\\/2025\\\/08\\\/10\\\/esenyurtta-4-katli-binada-cikan-yangin-panige-neden-oldu\\\/#primaryimage\"},\"thumbnailUrl\":\"https:\\\/\\\/memurunsesi.net\\\/wp-content\\\/uploads\\\/2025\\\/08\\\/AW514481_01.jpg\",\"inLanguage\":\"tr\",\"potentialAction\":[{\"@type\":\"CommentAction\",\"name\":\"Comment\",\"target\":[\"https:\\\/\\\/memurunsesi.net\\\/index.php\\\/2025\\\/08\\\/10\\\/esenyurtta-4-katli-binada-cikan-yangin-panige-neden-oldu\\\/#respond\"]}]},{\"@type\":\"WebPage\",\"@id\":\"https:\\\/\\\/memurunsesi.net\\\/index.php\\\/2025\\\/08\\\/10\\\/esenyurtta-4-katli-binada-cikan-yangin-panige-neden-oldu\\\/\",\"url\":\"https:\\\/\\\/memurunsesi.net\\\/index.php\\\/2025\\\/08\\\/10\\\/esenyurtta-4-katli-binada-cikan-yangin-panige-neden-oldu\\\/\",\"name\":\"Esenyurt'ta 4 katl\u0131 binada \u00e7\u0131kan yang\u0131n pani\u011fe neden oldu - Memurun Sesi\",\"isPartOf\":{\"@id\":\"https:\\\/\\\/memurunsesi.net\\\/#website\"},\"primaryImageOfPage\":{\"@id\":\"https:\\\/\\\/memurunsesi.net\\\/index.php\\\/2025\\\/08\\\/10\\\/esenyurtta-4-katli-binada-cikan-yangin-panige-neden-oldu\\\/#primaryimage\"},\"image\":{\"@id\":\"https:\\\/\\\/memurunsesi.net\\\/index.php\\\/2025\\\/08\\\/10\\\/esenyurtta-4-katli-binada-cikan-yangin-panige-neden-oldu\\\/#primaryimage\"},\"thumbnailUrl\":\"https:\\\/\\\/memurunsesi.net\\\/wp-content\\\/uploads\\\/2025\\\/08\\\/AW514481_01.jpg\",\"datePublished\":\"2025-08-10T08:02:03+00:00\",\"breadcrumb\":{\"@id\":\"https:\\\/\\\/memurunsesi.net\\\/index.php\\\/2025\\\/08\\\/10\\\/esenyurtta-4-katli-binada-cikan-yangin-panige-neden-oldu\\\/#breadcrumb\"},\"inLanguage\":\"tr\",\"potentialAction\":[{\"@type\":\"ReadAction\",\"target\":[\"https:\\\/\\\/memurunsesi.net\\\/index.php\\\/2025\\\/08\\\/10\\\/esenyurtta-4-katli-binada-cikan-yangin-panige-neden-oldu\\\/\"]}]},{\"@type\":\"ImageObject\",\"inLanguage\":\"tr\",\"@id\":\"https:\\\/\\\/memurunsesi.net\\\/index.php\\\/2025\\\/08\\\/10\\\/esenyurtta-4-katli-binada-cikan-yangin-panige-neden-oldu\\\/#primaryimage\",\"url\":\"https:\\\/\\\/memurunsesi.net\\\/wp-content\\\/uploads\\\/2025\\\/08\\\/AW514481_01.jpg\",\"contentUrl\":\"https:\\\/\\\/memurunsesi.net\\\/wp-content\\\/uploads\\\/2025\\\/08\\\/AW514481_01.jpg\",\"width\":899,\"height\":1599,\"caption\":\"ESENYURT'TA 4 KATLI B\u0130NADA \u00c7IKAN YANGIN PAN\u0130\u011eE NEDEN OLDU (\\\/\u0130STANBUL-\u0130HA) Esenyurt'ta 4 katl\u0131 binan\u0131n son kat\u0131nda yang\u0131n \u00e7\u0131kt\u0131. K\u0131sa s\u00fcrede dairenin tamam\u0131n\u0131 saran yang\u0131n \u00e7evrede pani\u011fe neden oldu.\"},{\"@type\":\"BreadcrumbList\",\"@id\":\"https:\\\/\\\/memurunsesi.net\\\/index.php\\\/2025\\\/08\\\/10\\\/esenyurtta-4-katli-binada-cikan-yangin-panige-neden-oldu\\\/#breadcrumb\",\"itemListElement\":[{\"@type\":\"ListItem\",\"position\":1,\"name\":\"Anasayfa\",\"item\":\"https:\\\/\\\/memurunsesi.net\\\/\"},{\"@type\":\"ListItem\",\"position\":2,\"name\":\"Esenyurt&#8217;ta 4 katl\u0131 binada \u00e7\u0131kan yang\u0131n pani\u011fe neden oldu\"}]},{\"@type\":\"WebSite\",\"@id\":\"https:\\\/\\\/memurunsesi.net\\\/#website\",\"url\":\"https:\\\/\\\/memurunsesi.net\\\/\",\"name\":\"Memurun Sesi\",\"description\":\"G\u00fcncel ve Do\u011fru Haber\",\"publisher\":{\"@id\":\"https:\\\/\\\/memurunsesi.net\\\/#organization\"},\"potentialAction\":[{\"@type\":\"SearchAction\",\"target\":{\"@type\":\"EntryPoint\",\"urlTemplate\":\"https:\\\/\\\/memurunsesi.net\\\/?s={search_term_string}\"},\"query-input\":{\"@type\":\"PropertyValueSpecification\",\"valueRequired\":true,\"valueName\":\"search_term_string\"}}],\"inLanguage\":\"tr\"},{\"@type\":\"Organization\",\"@id\":\"https:\\\/\\\/memurunsesi.net\\\/#organization\",\"name\":\"Memurun Sesi\",\"url\":\"https:\\\/\\\/memurunsesi.net\\\/\",\"logo\":{\"@type\":\"ImageObject\",\"inLanguage\":\"tr\",\"@id\":\"https:\\\/\\\/memurunsesi.net\\\/#\\\/schema\\\/logo\\\/image\\\/\",\"url\":\"https:\\\/\\\/memurunsesi.net\\\/wp-content\\\/uploads\\\/2025\\\/11\\\/cropped-MEMURUN-SESI.png\",\"contentUrl\":\"https:\\\/\\\/memurunsesi.net\\\/wp-content\\\/uploads\\\/2025\\\/11\\\/cropped-MEMURUN-SESI.png\",\"width\":238,\"height\":57,\"caption\":\"Memurun Sesi\"},\"image\":{\"@id\":\"https:\\\/\\\/memurunsesi.net\\\/#\\\/schema\\\/logo\\\/image\\\/\"},\"sameAs\":[\"https:\\\/\\\/www.facebook.com\\\/unipersen\\\/?locale=tr_TR\",\"https:\\\/\\\/x.com\\\/unipersen\"]},{\"@type\":\"Person\",\"@id\":\"https:\\\/\\\/memurunsesi.net\\\/#\\\/schema\\\/person\\\/f21c2d73b89f6ee1d80b0a1803e38587\",\"name\":\"Memurun Sesi Haber Merkezi\",\"image\":{\"@type\":\"ImageObject\",\"inLanguage\":\"tr\",\"@id\":\"https:\\\/\\\/secure.gravatar.com\\\/avatar\\\/6cf0505f452ee753f485014986fab09a434671d2b919ee76fc541025c5876a70?s=96&d=mm&r=g\",\"url\":\"https:\\\/\\\/secure.gravatar.com\\\/avatar\\\/6cf0505f452ee753f485014986fab09a434671d2b919ee76fc541025c5876a70?s=96&d=mm&r=g\",\"contentUrl\":\"https:\\\/\\\/secure.gravatar.com\\\/avatar\\\/6cf0505f452ee753f485014986fab09a434671d2b919ee76fc541025c5876a70?s=96&d=mm&r=g\",\"caption\":\"Memurun Sesi Haber Merkezi\"},\"sameAs\":[\"https:\\\/\\\/memurunsesi.net\"],\"url\":\"https:\\\/\\\/memurunsesi.net\\\/index.php\\\/author\\\/uniper\\\/\"}]}<\/script>\n<!-- \/ Yoast SEO plugin. -->","yoast_head_json":{"title":"Esenyurt'ta 4 katl\u0131 binada \u00e7\u0131kan yang\u0131n pani\u011fe neden oldu - Memurun Sesi","robots":{"index":"index","follow":"follow","max-snippet":"max-snippet:-1","max-image-preview":"max-image-preview:large","max-video-preview":"max-video-preview:-1"},"canonical":"https:\/\/memurunsesi.net\/index.php\/2025\/08\/10\/esenyurtta-4-katli-binada-cikan-yangin-panige-neden-oldu\/","og_locale":"tr_TR","og_type":"article","og_title":"Esenyurt'ta 4 katl\u0131 binada \u00e7\u0131kan yang\u0131n pani\u011fe neden oldu - Memurun Sesi","og_description":"Esenyurt&#8217;ta 4 katl\u0131 binan\u0131n son kat\u0131nda yang\u0131n \u00e7\u0131kt\u0131. K\u0131sa s\u00fcrede dairenin tamam\u0131n\u0131 saran yang\u0131n \u00e7evrede pani\u011fe neden oldu. Yang\u0131n, saat 09.30 s\u0131ralar\u0131nda Esenyurt Ba\u011flar\u00e7e\u015fme Mahallesi 1207&#8217;nci sokakta ya\u015fand\u0131. Edinilen bilgilere g\u00f6re, 4 katl\u0131 binan\u0131n son kat\u0131nda hen\u00fcz bilinmeyen bir nedenle yang\u0131n \u00e7\u0131kt\u0131. K\u0131sa s\u00fcrede dairenin tamam\u0131na yay\u0131lan yang\u0131n \u00e7evrede pani\u011fe neden oldu. Mahalle sakinlerinin ihbar\u0131 [&hellip;]","og_url":"https:\/\/memurunsesi.net\/index.php\/2025\/08\/10\/esenyurtta-4-katli-binada-cikan-yangin-panige-neden-oldu\/","og_site_name":"Memurun Sesi","article_publisher":"https:\/\/www.facebook.com\/unipersen\/?locale=tr_TR","article_published_time":"2025-08-10T08:02:03+00:00","og_image":[{"width":899,"height":1599,"url":"https:\/\/memurunsesi.net\/wp-content\/uploads\/2025\/08\/AW514481_01.jpg","type":"image\/jpeg"}],"author":"Memurun Sesi Haber Merkezi","twitter_card":"summary_large_image","twitter_creator":"@unipersen","twitter_site":"@unipersen","twitter_misc":{"Yazan:":"Memurun Sesi Haber Merkezi","Tahmini okuma s\u00fcresi":"1 dakika"},"schema":{"@context":"https:\/\/schema.org","@graph":[{"@type":"Article","@id":"https:\/\/memurunsesi.net\/index.php\/2025\/08\/10\/esenyurtta-4-katli-binada-cikan-yangin-panige-neden-oldu\/#article","isPartOf":{"@id":"https:\/\/memurunsesi.net\/index.php\/2025\/08\/10\/esenyurtta-4-katli-binada-cikan-yangin-panige-neden-oldu\/"},"author":{"name":"Memurun Sesi Haber Merkezi","@id":"https:\/\/memurunsesi.net\/#\/schema\/person\/f21c2d73b89f6ee1d80b0a1803e38587"},"headline":"Esenyurt&#8217;ta 4 katl\u0131 binada \u00e7\u0131kan yang\u0131n pani\u011fe neden oldu","datePublished":"2025-08-10T08:02:03+00:00","mainEntityOfPage":{"@id":"https:\/\/memurunsesi.net\/index.php\/2025\/08\/10\/esenyurtta-4-katli-binada-cikan-yangin-panige-neden-oldu\/"},"wordCount":118,"commentCount":0,"publisher":{"@id":"https:\/\/memurunsesi.net\/#organization"},"image":{"@id":"https:\/\/memurunsesi.net\/index.php\/2025\/08\/10\/esenyurtta-4-katli-binada-cikan-yangin-panige-neden-oldu\/#primaryimage"},"thumbnailUrl":"https:\/\/memurunsesi.net\/wp-content\/uploads\/2025\/08\/AW514481_01.jpg","inLanguage":"tr","potentialAction":[{"@type":"CommentAction","name":"Comment","target":["https:\/\/memurunsesi.net\/index.php\/2025\/08\/10\/esenyurtta-4-katli-binada-cikan-yangin-panige-neden-oldu\/#respond"]}]},{"@type":"WebPage","@id":"https:\/\/memurunsesi.net\/index.php\/2025\/08\/10\/esenyurtta-4-katli-binada-cikan-yangin-panige-neden-oldu\/","url":"https:\/\/memurunsesi.net\/index.php\/2025\/08\/10\/esenyurtta-4-katli-binada-cikan-yangin-panige-neden-oldu\/","name":"Esenyurt'ta 4 katl\u0131 binada \u00e7\u0131kan yang\u0131n pani\u011fe neden oldu - Memurun Sesi","isPartOf":{"@id":"https:\/\/memurunsesi.net\/#website"},"primaryImageOfPage":{"@id":"https:\/\/memurunsesi.net\/index.php\/2025\/08\/10\/esenyurtta-4-katli-binada-cikan-yangin-panige-neden-oldu\/#primaryimage"},"image":{"@id":"https:\/\/memurunsesi.net\/index.php\/2025\/08\/10\/esenyurtta-4-katli-binada-cikan-yangin-panige-neden-oldu\/#primaryimage"},"thumbnailUrl":"https:\/\/memurunsesi.net\/wp-content\/uploads\/2025\/08\/AW514481_01.jpg","datePublished":"2025-08-10T08:02:03+00:00","breadcrumb":{"@id":"https:\/\/memurunsesi.net\/index.php\/2025\/08\/10\/esenyurtta-4-katli-binada-cikan-yangin-panige-neden-oldu\/#breadcrumb"},"inLanguage":"tr","potentialAction":[{"@type":"ReadAction","target":["https:\/\/memurunsesi.net\/index.php\/2025\/08\/10\/esenyurtta-4-katli-binada-cikan-yangin-panige-neden-oldu\/"]}]},{"@type":"ImageObject","inLanguage":"tr","@id":"https:\/\/memurunsesi.net\/index.php\/2025\/08\/10\/esenyurtta-4-katli-binada-cikan-yangin-panige-neden-oldu\/#primaryimage","url":"https:\/\/memurunsesi.net\/wp-content\/uploads\/2025\/08\/AW514481_01.jpg","contentUrl":"https:\/\/memurunsesi.net\/wp-content\/uploads\/2025\/08\/AW514481_01.jpg","width":899,"height":1599,"caption":"ESENYURT'TA 4 KATLI B\u0130NADA \u00c7IKAN YANGIN PAN\u0130\u011eE NEDEN OLDU (\/\u0130STANBUL-\u0130HA) Esenyurt'ta 4 katl\u0131 binan\u0131n son kat\u0131nda yang\u0131n \u00e7\u0131kt\u0131. K\u0131sa s\u00fcrede dairenin tamam\u0131n\u0131 saran yang\u0131n \u00e7evrede pani\u011fe neden oldu."},{"@type":"BreadcrumbList","@id":"https:\/\/memurunsesi.net\/index.php\/2025\/08\/10\/esenyurtta-4-katli-binada-cikan-yangin-panige-neden-oldu\/#breadcrumb","itemListElement":[{"@type":"ListItem","position":1,"name":"Anasayfa","item":"https:\/\/memurunsesi.net\/"},{"@type":"ListItem","position":2,"name":"Esenyurt&#8217;ta 4 katl\u0131 binada \u00e7\u0131kan yang\u0131n pani\u011fe neden oldu"}]},{"@type":"WebSite","@id":"https:\/\/memurunsesi.net\/#website","url":"https:\/\/memurunsesi.net\/","name":"Memurun Sesi","description":"G\u00fcncel ve Do\u011fru Haber","publisher":{"@id":"https:\/\/memurunsesi.net\/#organization"},"potentialAction":[{"@type":"SearchAction","target":{"@type":"EntryPoint","urlTemplate":"https:\/\/memurunsesi.net\/?s={search_term_string}"},"query-input":{"@type":"PropertyValueSpecification","valueRequired":true,"valueName":"search_term_string"}}],"inLanguage":"tr"},{"@type":"Organization","@id":"https:\/\/memurunsesi.net\/#organization","name":"Memurun Sesi","url":"https:\/\/memurunsesi.net\/","logo":{"@type":"ImageObject","inLanguage":"tr","@id":"https:\/\/memurunsesi.net\/#\/schema\/logo\/image\/","url":"https:\/\/memurunsesi.net\/wp-content\/uploads\/2025\/11\/cropped-MEMURUN-SESI.png","contentUrl":"https:\/\/memurunsesi.net\/wp-content\/uploads\/2025\/11\/cropped-MEMURUN-SESI.png","width":238,"height":57,"caption":"Memurun Sesi"},"image":{"@id":"https:\/\/memurunsesi.net\/#\/schema\/logo\/image\/"},"sameAs":["https:\/\/www.facebook.com\/unipersen\/?locale=tr_TR","https:\/\/x.com\/unipersen"]},{"@type":"Person","@id":"https:\/\/memurunsesi.net\/#\/schema\/person\/f21c2d73b89f6ee1d80b0a1803e38587","name":"Memurun Sesi Haber Merkezi","image":{"@type":"ImageObject","inLanguage":"tr","@id":"https:\/\/secure.gravatar.com\/avatar\/6cf0505f452ee753f485014986fab09a434671d2b919ee76fc541025c5876a70?s=96&d=mm&r=g","url":"https:\/\/secure.gravatar.com\/avatar\/6cf0505f452ee753f485014986fab09a434671d2b919ee76fc541025c5876a70?s=96&d=mm&r=g","contentUrl":"https:\/\/secure.gravatar.com\/avatar\/6cf0505f452ee753f485014986fab09a434671d2b919ee76fc541025c5876a70?s=96&d=mm&r=g","caption":"Memurun Sesi Haber Merkezi"},"sameAs":["https:\/\/memurunsesi.net"],"url":"https:\/\/memurunsesi.net\/index.php\/author\/uniper\/"}]}},"_links":{"self":[{"href":"https:\/\/memurunsesi.net\/index.php\/wp-json\/wp\/v2\/posts\/10232","targetHints":{"allow":["GET"]}}],"collection":[{"href":"https:\/\/memurunsesi.net\/index.php\/wp-json\/wp\/v2\/posts"}],"about":[{"href":"https:\/\/memurunsesi.net\/index.php\/wp-json\/wp\/v2\/types\/post"}],"author":[{"embeddable":true,"href":"https:\/\/memurunsesi.net\/index.php\/wp-json\/wp\/v2\/users\/1"}],"replies":[{"embeddable":true,"href":"https:\/\/memurunsesi.net\/index.php\/wp-json\/wp\/v2\/comments?post=10232"}],"version-history":[{"count":1,"href":"https:\/\/memurunsesi.net\/index.php\/wp-json\/wp\/v2\/posts\/10232\/revisions"}],"predecessor-version":[{"id":10234,"href":"https:\/\/memurunsesi.net\/index.php\/wp-json\/wp\/v2\/posts\/10232\/revisions\/10234"}],"wp:featuredmedia":[{"embeddable":true,"href":"https:\/\/memurunsesi.net\/index.php\/wp-json\/wp\/v2\/media\/10233"}],"wp:attachment":[{"href":"https:\/\/memurunsesi.net\/index.php\/wp-json\/wp\/v2\/media?parent=10232"}],"wp:term":[{"taxonomy":"category","embeddable":true,"href":"https:\/\/memurunsesi.net\/index.php\/wp-json\/wp\/v2\/categories?post=10232"},{"taxonomy":"post_tag","embeddable":true,"href":"https:\/\/memurunsesi.net\/index.php\/wp-json\/wp\/v2\/tags?post=10232"}],"curies":[{"name":"wp","href":"https:\/\/api.w.org\/{rel}","templated":true}]}}