{"id":10235,"date":"2025-08-10T11:03:03","date_gmt":"2025-08-10T08:03:03","guid":{"rendered":"https:\/\/memurunsesi.net\/?p=10235"},"modified":"2025-08-10T11:03:03","modified_gmt":"2025-08-10T08:03:03","slug":"sinoptaki-orman-yangini-kontrol-altina-alindi-sogutma-calismalari-suruyor","status":"publish","type":"post","link":"https:\/\/memurunsesi.net\/index.php\/2025\/08\/10\/sinoptaki-orman-yangini-kontrol-altina-alindi-sogutma-calismalari-suruyor\/","title":{"rendered":"Sinop&#8217;taki orman yang\u0131n\u0131 kontrol alt\u0131na al\u0131nd\u0131, so\u011futma \u00e7al\u0131\u015fmalar\u0131 s\u00fcr\u00fcyor"},"content":{"rendered":"<p>   Sinop\u2019un Dura\u011fan il\u00e7esi K\u00f6klen k\u00f6y\u00fc yak\u0131nlar\u0131nda \u00e7\u0131kan orman yang\u0131n\u0131, ekiplerin yo\u011fun m\u00fcdahalesi sonucu kontrol alt\u0131na al\u0131nd\u0131. Yang\u0131n b\u00f6lgesinde so\u011futma \u00e7al\u0131\u015fmalar\u0131 devam ediyor.<br \/>\n  Edinilen bilgiye g\u00f6re, d\u00fcn \u00f6\u011fle saatlerinde K\u00f6klen k\u00f6y\u00fc k\u0131rsal\u0131ndaki kayal\u0131k ve sarp arazide hen\u00fcz belirlenemeyen bir nedenle \u00f6rt\u00fc yang\u0131n\u0131 ba\u015flad\u0131. B\u00f6lgedeki zorlu arazi \u015fartlar\u0131 sebebiyle yang\u0131na karadan do\u011frudan m\u00fcdahale edilemedi. Yang\u0131n s\u00f6nd\u00fcrme \u00e7al\u0131\u015fmalar\u0131na havadan 4 adet helikopter destek verirken, karadan ise toplam 60 ara\u00e7 ve 225 personel g\u00f6rev ald\u0131.<br \/>\n  Alevler, r\u00fczg\u00e2r\u0131n etkisiyle zaman zaman yay\u0131lma e\u011filimi g\u00f6sterse de yang\u0131n ekiplerinin koordineli m\u00fccadelesi sonucunda kontrol alt\u0131na al\u0131nd\u0131. So\u011futma \u00e7al\u0131\u015fmalar\u0131 kontroll\u00fc \u015fekilde devam ediyor.<br \/>\n  Yang\u0131n\u0131n ba\u015flad\u0131\u011f\u0131 andan itibaren \u00e7al\u0131\u015fmalar\u0131 yak\u0131ndan takip eden Sinop Valisi Mustafa \u00d6zarslan, Sinop Orman B\u00f6lge M\u00fcd\u00fcrl\u00fc\u011f\u00fc Yang\u0131n Y\u00f6netim Merkezi\u2019ni ziyaret ederek yetkililerden son durum hakk\u0131nda bilgi ald\u0131. Vali \u00d6zarslan, yang\u0131nla m\u00fccadele eden t\u00fcm ekiplere te\u015fekk\u00fcr ederek, &#8220;Ekiplerimizin \u00f6zverili \u00e7al\u0131\u015fmalar\u0131 neticesinde yang\u0131n\u0131n enerjisi ve direnci b\u00fcy\u00fck \u00f6l\u00e7\u00fcde k\u0131r\u0131lm\u0131\u015ft\u0131r. Kontrol alt\u0131na al\u0131nan yang\u0131nda so\u011futma \u00e7al\u0131\u015fmalar\u0131m\u0131z devam etmektedir&#8221; dedi. <\/p>\n<p>10.08.2025                                <\/p>\n","protected":false},"excerpt":{"rendered":"<p>Sinop\u2019un Dura\u011fan il\u00e7esi K\u00f6klen k\u00f6y\u00fc yak\u0131nlar\u0131nda \u00e7\u0131kan orman yang\u0131n\u0131, ekiplerin yo\u011fun m\u00fcdahalesi sonucu kontrol alt\u0131na al\u0131nd\u0131. Yang\u0131n b\u00f6lgesinde so\u011futma \u00e7al\u0131\u015fmalar\u0131 devam ediyor. Edinilen bilgiye g\u00f6re, d\u00fcn \u00f6\u011fle saatlerinde K\u00f6klen k\u00f6y\u00fc k\u0131rsal\u0131ndaki kayal\u0131k ve sarp arazide hen\u00fcz belirlenemeyen bir nedenle \u00f6rt\u00fc yang\u0131n\u0131 ba\u015flad\u0131. B\u00f6lgedeki zorlu arazi \u015fartlar\u0131 sebebiyle yang\u0131na karadan do\u011frudan m\u00fcdahale edilemedi. Yang\u0131n s\u00f6nd\u00fcrme \u00e7al\u0131\u015fmalar\u0131na [&hellip;]<\/p>\n","protected":false},"author":1,"featured_media":10236,"comment_status":"open","ping_status":"open","sticky":false,"template":"","format":"standard","meta":{"footnotes":""},"categories":[1],"tags":[],"class_list":["post-10235","post","type-post","status-publish","format-standard","has-post-thumbnail","hentry","category-genel"],"yoast_head":"<!-- This site is optimized with the Yoast SEO plugin v27.4 - https:\/\/yoast.com\/product\/yoast-seo-wordpress\/ -->\n<title>Sinop&#039;taki orman yang\u0131n\u0131 kontrol alt\u0131na al\u0131nd\u0131, so\u011futma \u00e7al\u0131\u015fmalar\u0131 s\u00fcr\u00fcyor - Memurun Sesi<\/title>\n<meta name=\"robots\" content=\"index, follow, max-snippet:-1, max-image-preview:large, max-video-preview:-1\" \/>\n<link rel=\"canonical\" href=\"https:\/\/memurunsesi.net\/index.php\/2025\/08\/10\/sinoptaki-orman-yangini-kontrol-altina-alindi-sogutma-calismalari-suruyor\/\" \/>\n<meta property=\"og:locale\" content=\"tr_TR\" \/>\n<meta property=\"og:type\" content=\"article\" \/>\n<meta property=\"og:title\" content=\"Sinop&#039;taki orman yang\u0131n\u0131 kontrol alt\u0131na al\u0131nd\u0131, so\u011futma \u00e7al\u0131\u015fmalar\u0131 s\u00fcr\u00fcyor - Memurun Sesi\" \/>\n<meta property=\"og:description\" content=\"Sinop\u2019un Dura\u011fan il\u00e7esi K\u00f6klen k\u00f6y\u00fc yak\u0131nlar\u0131nda \u00e7\u0131kan orman yang\u0131n\u0131, ekiplerin yo\u011fun m\u00fcdahalesi sonucu kontrol alt\u0131na al\u0131nd\u0131. Yang\u0131n b\u00f6lgesinde so\u011futma \u00e7al\u0131\u015fmalar\u0131 devam ediyor. Edinilen bilgiye g\u00f6re, d\u00fcn \u00f6\u011fle saatlerinde K\u00f6klen k\u00f6y\u00fc k\u0131rsal\u0131ndaki kayal\u0131k ve sarp arazide hen\u00fcz belirlenemeyen bir nedenle \u00f6rt\u00fc yang\u0131n\u0131 ba\u015flad\u0131. B\u00f6lgedeki zorlu arazi \u015fartlar\u0131 sebebiyle yang\u0131na karadan do\u011frudan m\u00fcdahale edilemedi. Yang\u0131n s\u00f6nd\u00fcrme \u00e7al\u0131\u015fmalar\u0131na [&hellip;]\" \/>\n<meta property=\"og:url\" content=\"https:\/\/memurunsesi.net\/index.php\/2025\/08\/10\/sinoptaki-orman-yangini-kontrol-altina-alindi-sogutma-calismalari-suruyor\/\" \/>\n<meta property=\"og:site_name\" content=\"Memurun Sesi\" \/>\n<meta property=\"article:publisher\" content=\"https:\/\/www.facebook.com\/unipersen\/?locale=tr_TR\" \/>\n<meta property=\"article:published_time\" content=\"2025-08-10T08:03:03+00:00\" \/>\n<meta property=\"og:image\" content=\"https:\/\/memurunsesi.net\/wp-content\/uploads\/2025\/08\/AW514482_01.jpg\" \/>\n\t<meta property=\"og:image:width\" content=\"2048\" \/>\n\t<meta property=\"og:image:height\" content=\"1152\" \/>\n\t<meta property=\"og:image:type\" content=\"image\/jpeg\" \/>\n<meta name=\"author\" content=\"Memurun Sesi Haber Merkezi\" \/>\n<meta name=\"twitter:card\" content=\"summary_large_image\" \/>\n<meta name=\"twitter:creator\" content=\"@unipersen\" \/>\n<meta name=\"twitter:site\" content=\"@unipersen\" \/>\n<meta name=\"twitter:label1\" content=\"Yazan:\" \/>\n\t<meta name=\"twitter:data1\" content=\"Memurun Sesi Haber Merkezi\" \/>\n\t<meta name=\"twitter:label2\" content=\"Tahmini okuma s\u00fcresi\" \/>\n\t<meta name=\"twitter:data2\" content=\"1 dakika\" \/>\n<script type=\"application\/ld+json\" class=\"yoast-schema-graph\">{\"@context\":\"https:\\\/\\\/schema.org\",\"@graph\":[{\"@type\":\"Article\",\"@id\":\"https:\\\/\\\/memurunsesi.net\\\/index.php\\\/2025\\\/08\\\/10\\\/sinoptaki-orman-yangini-kontrol-altina-alindi-sogutma-calismalari-suruyor\\\/#article\",\"isPartOf\":{\"@id\":\"https:\\\/\\\/memurunsesi.net\\\/index.php\\\/2025\\\/08\\\/10\\\/sinoptaki-orman-yangini-kontrol-altina-alindi-sogutma-calismalari-suruyor\\\/\"},\"author\":{\"name\":\"Memurun Sesi Haber Merkezi\",\"@id\":\"https:\\\/\\\/memurunsesi.net\\\/#\\\/schema\\\/person\\\/f21c2d73b89f6ee1d80b0a1803e38587\"},\"headline\":\"Sinop&#8217;taki orman yang\u0131n\u0131 kontrol alt\u0131na al\u0131nd\u0131, so\u011futma \u00e7al\u0131\u015fmalar\u0131 s\u00fcr\u00fcyor\",\"datePublished\":\"2025-08-10T08:03:03+00:00\",\"mainEntityOfPage\":{\"@id\":\"https:\\\/\\\/memurunsesi.net\\\/index.php\\\/2025\\\/08\\\/10\\\/sinoptaki-orman-yangini-kontrol-altina-alindi-sogutma-calismalari-suruyor\\\/\"},\"wordCount\":246,\"commentCount\":0,\"publisher\":{\"@id\":\"https:\\\/\\\/memurunsesi.net\\\/#organization\"},\"image\":{\"@id\":\"https:\\\/\\\/memurunsesi.net\\\/index.php\\\/2025\\\/08\\\/10\\\/sinoptaki-orman-yangini-kontrol-altina-alindi-sogutma-calismalari-suruyor\\\/#primaryimage\"},\"thumbnailUrl\":\"https:\\\/\\\/memurunsesi.net\\\/wp-content\\\/uploads\\\/2025\\\/08\\\/AW514482_01.jpg\",\"inLanguage\":\"tr\",\"potentialAction\":[{\"@type\":\"CommentAction\",\"name\":\"Comment\",\"target\":[\"https:\\\/\\\/memurunsesi.net\\\/index.php\\\/2025\\\/08\\\/10\\\/sinoptaki-orman-yangini-kontrol-altina-alindi-sogutma-calismalari-suruyor\\\/#respond\"]}]},{\"@type\":\"WebPage\",\"@id\":\"https:\\\/\\\/memurunsesi.net\\\/index.php\\\/2025\\\/08\\\/10\\\/sinoptaki-orman-yangini-kontrol-altina-alindi-sogutma-calismalari-suruyor\\\/\",\"url\":\"https:\\\/\\\/memurunsesi.net\\\/index.php\\\/2025\\\/08\\\/10\\\/sinoptaki-orman-yangini-kontrol-altina-alindi-sogutma-calismalari-suruyor\\\/\",\"name\":\"Sinop'taki orman yang\u0131n\u0131 kontrol alt\u0131na al\u0131nd\u0131, so\u011futma \u00e7al\u0131\u015fmalar\u0131 s\u00fcr\u00fcyor - Memurun Sesi\",\"isPartOf\":{\"@id\":\"https:\\\/\\\/memurunsesi.net\\\/#website\"},\"primaryImageOfPage\":{\"@id\":\"https:\\\/\\\/memurunsesi.net\\\/index.php\\\/2025\\\/08\\\/10\\\/sinoptaki-orman-yangini-kontrol-altina-alindi-sogutma-calismalari-suruyor\\\/#primaryimage\"},\"image\":{\"@id\":\"https:\\\/\\\/memurunsesi.net\\\/index.php\\\/2025\\\/08\\\/10\\\/sinoptaki-orman-yangini-kontrol-altina-alindi-sogutma-calismalari-suruyor\\\/#primaryimage\"},\"thumbnailUrl\":\"https:\\\/\\\/memurunsesi.net\\\/wp-content\\\/uploads\\\/2025\\\/08\\\/AW514482_01.jpg\",\"datePublished\":\"2025-08-10T08:03:03+00:00\",\"breadcrumb\":{\"@id\":\"https:\\\/\\\/memurunsesi.net\\\/index.php\\\/2025\\\/08\\\/10\\\/sinoptaki-orman-yangini-kontrol-altina-alindi-sogutma-calismalari-suruyor\\\/#breadcrumb\"},\"inLanguage\":\"tr\",\"potentialAction\":[{\"@type\":\"ReadAction\",\"target\":[\"https:\\\/\\\/memurunsesi.net\\\/index.php\\\/2025\\\/08\\\/10\\\/sinoptaki-orman-yangini-kontrol-altina-alindi-sogutma-calismalari-suruyor\\\/\"]}]},{\"@type\":\"ImageObject\",\"inLanguage\":\"tr\",\"@id\":\"https:\\\/\\\/memurunsesi.net\\\/index.php\\\/2025\\\/08\\\/10\\\/sinoptaki-orman-yangini-kontrol-altina-alindi-sogutma-calismalari-suruyor\\\/#primaryimage\",\"url\":\"https:\\\/\\\/memurunsesi.net\\\/wp-content\\\/uploads\\\/2025\\\/08\\\/AW514482_01.jpg\",\"contentUrl\":\"https:\\\/\\\/memurunsesi.net\\\/wp-content\\\/uploads\\\/2025\\\/08\\\/AW514482_01.jpg\",\"width\":2048,\"height\":1152,\"caption\":\"S\u0130NOP'UN DURA\u011eAN \u0130L\u00c7ES\u0130 K\u00d6KLEN K\u00d6Y\u00dc YAKINLARINDA \u00c7IKAN ORMAN YANGINI, EK\u0130PLER\u0130N YO\u011eUN M\u00dcDAHALES\u0130 SONUCU KONTROL ALTINA ALINDI. (OSMAN AKSU\\\/S\u0130NOP-\u0130HA) Sinop'un Dura\u011fan il\u00e7esi K\u00f6klen k\u00f6y\u00fc yak\u0131nlar\u0131nda \u00e7\u0131kan orman yang\u0131n\u0131, ekiplerin yo\u011fun m\u00fcdahalesi sonucu kontrol alt\u0131na al\u0131nd\u0131. Yang\u0131n b\u00f6lgesinde so\u011futma \u00e7al\u0131\u015fmalar\u0131 devam ediyor.\"},{\"@type\":\"BreadcrumbList\",\"@id\":\"https:\\\/\\\/memurunsesi.net\\\/index.php\\\/2025\\\/08\\\/10\\\/sinoptaki-orman-yangini-kontrol-altina-alindi-sogutma-calismalari-suruyor\\\/#breadcrumb\",\"itemListElement\":[{\"@type\":\"ListItem\",\"position\":1,\"name\":\"Anasayfa\",\"item\":\"https:\\\/\\\/memurunsesi.net\\\/\"},{\"@type\":\"ListItem\",\"position\":2,\"name\":\"Sinop&#8217;taki orman yang\u0131n\u0131 kontrol alt\u0131na al\u0131nd\u0131, so\u011futma \u00e7al\u0131\u015fmalar\u0131 s\u00fcr\u00fcyor\"}]},{\"@type\":\"WebSite\",\"@id\":\"https:\\\/\\\/memurunsesi.net\\\/#website\",\"url\":\"https:\\\/\\\/memurunsesi.net\\\/\",\"name\":\"Memurun Sesi\",\"description\":\"G\u00fcncel ve Do\u011fru Haber\",\"publisher\":{\"@id\":\"https:\\\/\\\/memurunsesi.net\\\/#organization\"},\"potentialAction\":[{\"@type\":\"SearchAction\",\"target\":{\"@type\":\"EntryPoint\",\"urlTemplate\":\"https:\\\/\\\/memurunsesi.net\\\/?s={search_term_string}\"},\"query-input\":{\"@type\":\"PropertyValueSpecification\",\"valueRequired\":true,\"valueName\":\"search_term_string\"}}],\"inLanguage\":\"tr\"},{\"@type\":\"Organization\",\"@id\":\"https:\\\/\\\/memurunsesi.net\\\/#organization\",\"name\":\"Memurun Sesi\",\"url\":\"https:\\\/\\\/memurunsesi.net\\\/\",\"logo\":{\"@type\":\"ImageObject\",\"inLanguage\":\"tr\",\"@id\":\"https:\\\/\\\/memurunsesi.net\\\/#\\\/schema\\\/logo\\\/image\\\/\",\"url\":\"https:\\\/\\\/memurunsesi.net\\\/wp-content\\\/uploads\\\/2025\\\/11\\\/cropped-MEMURUN-SESI.png\",\"contentUrl\":\"https:\\\/\\\/memurunsesi.net\\\/wp-content\\\/uploads\\\/2025\\\/11\\\/cropped-MEMURUN-SESI.png\",\"width\":238,\"height\":57,\"caption\":\"Memurun Sesi\"},\"image\":{\"@id\":\"https:\\\/\\\/memurunsesi.net\\\/#\\\/schema\\\/logo\\\/image\\\/\"},\"sameAs\":[\"https:\\\/\\\/www.facebook.com\\\/unipersen\\\/?locale=tr_TR\",\"https:\\\/\\\/x.com\\\/unipersen\"]},{\"@type\":\"Person\",\"@id\":\"https:\\\/\\\/memurunsesi.net\\\/#\\\/schema\\\/person\\\/f21c2d73b89f6ee1d80b0a1803e38587\",\"name\":\"Memurun Sesi Haber Merkezi\",\"image\":{\"@type\":\"ImageObject\",\"inLanguage\":\"tr\",\"@id\":\"https:\\\/\\\/secure.gravatar.com\\\/avatar\\\/6cf0505f452ee753f485014986fab09a434671d2b919ee76fc541025c5876a70?s=96&d=mm&r=g\",\"url\":\"https:\\\/\\\/secure.gravatar.com\\\/avatar\\\/6cf0505f452ee753f485014986fab09a434671d2b919ee76fc541025c5876a70?s=96&d=mm&r=g\",\"contentUrl\":\"https:\\\/\\\/secure.gravatar.com\\\/avatar\\\/6cf0505f452ee753f485014986fab09a434671d2b919ee76fc541025c5876a70?s=96&d=mm&r=g\",\"caption\":\"Memurun Sesi Haber Merkezi\"},\"sameAs\":[\"https:\\\/\\\/memurunsesi.net\"],\"url\":\"https:\\\/\\\/memurunsesi.net\\\/index.php\\\/author\\\/uniper\\\/\"}]}<\/script>\n<!-- \/ Yoast SEO plugin. -->","yoast_head_json":{"title":"Sinop'taki orman yang\u0131n\u0131 kontrol alt\u0131na al\u0131nd\u0131, so\u011futma \u00e7al\u0131\u015fmalar\u0131 s\u00fcr\u00fcyor - Memurun Sesi","robots":{"index":"index","follow":"follow","max-snippet":"max-snippet:-1","max-image-preview":"max-image-preview:large","max-video-preview":"max-video-preview:-1"},"canonical":"https:\/\/memurunsesi.net\/index.php\/2025\/08\/10\/sinoptaki-orman-yangini-kontrol-altina-alindi-sogutma-calismalari-suruyor\/","og_locale":"tr_TR","og_type":"article","og_title":"Sinop'taki orman yang\u0131n\u0131 kontrol alt\u0131na al\u0131nd\u0131, so\u011futma \u00e7al\u0131\u015fmalar\u0131 s\u00fcr\u00fcyor - Memurun Sesi","og_description":"Sinop\u2019un Dura\u011fan il\u00e7esi K\u00f6klen k\u00f6y\u00fc yak\u0131nlar\u0131nda \u00e7\u0131kan orman yang\u0131n\u0131, ekiplerin yo\u011fun m\u00fcdahalesi sonucu kontrol alt\u0131na al\u0131nd\u0131. Yang\u0131n b\u00f6lgesinde so\u011futma \u00e7al\u0131\u015fmalar\u0131 devam ediyor. Edinilen bilgiye g\u00f6re, d\u00fcn \u00f6\u011fle saatlerinde K\u00f6klen k\u00f6y\u00fc k\u0131rsal\u0131ndaki kayal\u0131k ve sarp arazide hen\u00fcz belirlenemeyen bir nedenle \u00f6rt\u00fc yang\u0131n\u0131 ba\u015flad\u0131. B\u00f6lgedeki zorlu arazi \u015fartlar\u0131 sebebiyle yang\u0131na karadan do\u011frudan m\u00fcdahale edilemedi. Yang\u0131n s\u00f6nd\u00fcrme \u00e7al\u0131\u015fmalar\u0131na [&hellip;]","og_url":"https:\/\/memurunsesi.net\/index.php\/2025\/08\/10\/sinoptaki-orman-yangini-kontrol-altina-alindi-sogutma-calismalari-suruyor\/","og_site_name":"Memurun Sesi","article_publisher":"https:\/\/www.facebook.com\/unipersen\/?locale=tr_TR","article_published_time":"2025-08-10T08:03:03+00:00","og_image":[{"width":2048,"height":1152,"url":"https:\/\/memurunsesi.net\/wp-content\/uploads\/2025\/08\/AW514482_01.jpg","type":"image\/jpeg"}],"author":"Memurun Sesi Haber Merkezi","twitter_card":"summary_large_image","twitter_creator":"@unipersen","twitter_site":"@unipersen","twitter_misc":{"Yazan:":"Memurun Sesi Haber Merkezi","Tahmini okuma s\u00fcresi":"1 dakika"},"schema":{"@context":"https:\/\/schema.org","@graph":[{"@type":"Article","@id":"https:\/\/memurunsesi.net\/index.php\/2025\/08\/10\/sinoptaki-orman-yangini-kontrol-altina-alindi-sogutma-calismalari-suruyor\/#article","isPartOf":{"@id":"https:\/\/memurunsesi.net\/index.php\/2025\/08\/10\/sinoptaki-orman-yangini-kontrol-altina-alindi-sogutma-calismalari-suruyor\/"},"author":{"name":"Memurun Sesi Haber Merkezi","@id":"https:\/\/memurunsesi.net\/#\/schema\/person\/f21c2d73b89f6ee1d80b0a1803e38587"},"headline":"Sinop&#8217;taki orman yang\u0131n\u0131 kontrol alt\u0131na al\u0131nd\u0131, so\u011futma \u00e7al\u0131\u015fmalar\u0131 s\u00fcr\u00fcyor","datePublished":"2025-08-10T08:03:03+00:00","mainEntityOfPage":{"@id":"https:\/\/memurunsesi.net\/index.php\/2025\/08\/10\/sinoptaki-orman-yangini-kontrol-altina-alindi-sogutma-calismalari-suruyor\/"},"wordCount":246,"commentCount":0,"publisher":{"@id":"https:\/\/memurunsesi.net\/#organization"},"image":{"@id":"https:\/\/memurunsesi.net\/index.php\/2025\/08\/10\/sinoptaki-orman-yangini-kontrol-altina-alindi-sogutma-calismalari-suruyor\/#primaryimage"},"thumbnailUrl":"https:\/\/memurunsesi.net\/wp-content\/uploads\/2025\/08\/AW514482_01.jpg","inLanguage":"tr","potentialAction":[{"@type":"CommentAction","name":"Comment","target":["https:\/\/memurunsesi.net\/index.php\/2025\/08\/10\/sinoptaki-orman-yangini-kontrol-altina-alindi-sogutma-calismalari-suruyor\/#respond"]}]},{"@type":"WebPage","@id":"https:\/\/memurunsesi.net\/index.php\/2025\/08\/10\/sinoptaki-orman-yangini-kontrol-altina-alindi-sogutma-calismalari-suruyor\/","url":"https:\/\/memurunsesi.net\/index.php\/2025\/08\/10\/sinoptaki-orman-yangini-kontrol-altina-alindi-sogutma-calismalari-suruyor\/","name":"Sinop'taki orman yang\u0131n\u0131 kontrol alt\u0131na al\u0131nd\u0131, so\u011futma \u00e7al\u0131\u015fmalar\u0131 s\u00fcr\u00fcyor - Memurun Sesi","isPartOf":{"@id":"https:\/\/memurunsesi.net\/#website"},"primaryImageOfPage":{"@id":"https:\/\/memurunsesi.net\/index.php\/2025\/08\/10\/sinoptaki-orman-yangini-kontrol-altina-alindi-sogutma-calismalari-suruyor\/#primaryimage"},"image":{"@id":"https:\/\/memurunsesi.net\/index.php\/2025\/08\/10\/sinoptaki-orman-yangini-kontrol-altina-alindi-sogutma-calismalari-suruyor\/#primaryimage"},"thumbnailUrl":"https:\/\/memurunsesi.net\/wp-content\/uploads\/2025\/08\/AW514482_01.jpg","datePublished":"2025-08-10T08:03:03+00:00","breadcrumb":{"@id":"https:\/\/memurunsesi.net\/index.php\/2025\/08\/10\/sinoptaki-orman-yangini-kontrol-altina-alindi-sogutma-calismalari-suruyor\/#breadcrumb"},"inLanguage":"tr","potentialAction":[{"@type":"ReadAction","target":["https:\/\/memurunsesi.net\/index.php\/2025\/08\/10\/sinoptaki-orman-yangini-kontrol-altina-alindi-sogutma-calismalari-suruyor\/"]}]},{"@type":"ImageObject","inLanguage":"tr","@id":"https:\/\/memurunsesi.net\/index.php\/2025\/08\/10\/sinoptaki-orman-yangini-kontrol-altina-alindi-sogutma-calismalari-suruyor\/#primaryimage","url":"https:\/\/memurunsesi.net\/wp-content\/uploads\/2025\/08\/AW514482_01.jpg","contentUrl":"https:\/\/memurunsesi.net\/wp-content\/uploads\/2025\/08\/AW514482_01.jpg","width":2048,"height":1152,"caption":"S\u0130NOP'UN DURA\u011eAN \u0130L\u00c7ES\u0130 K\u00d6KLEN K\u00d6Y\u00dc YAKINLARINDA \u00c7IKAN ORMAN YANGINI, EK\u0130PLER\u0130N YO\u011eUN M\u00dcDAHALES\u0130 SONUCU KONTROL ALTINA ALINDI. (OSMAN AKSU\/S\u0130NOP-\u0130HA) Sinop'un Dura\u011fan il\u00e7esi K\u00f6klen k\u00f6y\u00fc yak\u0131nlar\u0131nda \u00e7\u0131kan orman yang\u0131n\u0131, ekiplerin yo\u011fun m\u00fcdahalesi sonucu kontrol alt\u0131na al\u0131nd\u0131. Yang\u0131n b\u00f6lgesinde so\u011futma \u00e7al\u0131\u015fmalar\u0131 devam ediyor."},{"@type":"BreadcrumbList","@id":"https:\/\/memurunsesi.net\/index.php\/2025\/08\/10\/sinoptaki-orman-yangini-kontrol-altina-alindi-sogutma-calismalari-suruyor\/#breadcrumb","itemListElement":[{"@type":"ListItem","position":1,"name":"Anasayfa","item":"https:\/\/memurunsesi.net\/"},{"@type":"ListItem","position":2,"name":"Sinop&#8217;taki orman yang\u0131n\u0131 kontrol alt\u0131na al\u0131nd\u0131, so\u011futma \u00e7al\u0131\u015fmalar\u0131 s\u00fcr\u00fcyor"}]},{"@type":"WebSite","@id":"https:\/\/memurunsesi.net\/#website","url":"https:\/\/memurunsesi.net\/","name":"Memurun Sesi","description":"G\u00fcncel ve Do\u011fru Haber","publisher":{"@id":"https:\/\/memurunsesi.net\/#organization"},"potentialAction":[{"@type":"SearchAction","target":{"@type":"EntryPoint","urlTemplate":"https:\/\/memurunsesi.net\/?s={search_term_string}"},"query-input":{"@type":"PropertyValueSpecification","valueRequired":true,"valueName":"search_term_string"}}],"inLanguage":"tr"},{"@type":"Organization","@id":"https:\/\/memurunsesi.net\/#organization","name":"Memurun Sesi","url":"https:\/\/memurunsesi.net\/","logo":{"@type":"ImageObject","inLanguage":"tr","@id":"https:\/\/memurunsesi.net\/#\/schema\/logo\/image\/","url":"https:\/\/memurunsesi.net\/wp-content\/uploads\/2025\/11\/cropped-MEMURUN-SESI.png","contentUrl":"https:\/\/memurunsesi.net\/wp-content\/uploads\/2025\/11\/cropped-MEMURUN-SESI.png","width":238,"height":57,"caption":"Memurun Sesi"},"image":{"@id":"https:\/\/memurunsesi.net\/#\/schema\/logo\/image\/"},"sameAs":["https:\/\/www.facebook.com\/unipersen\/?locale=tr_TR","https:\/\/x.com\/unipersen"]},{"@type":"Person","@id":"https:\/\/memurunsesi.net\/#\/schema\/person\/f21c2d73b89f6ee1d80b0a1803e38587","name":"Memurun Sesi Haber Merkezi","image":{"@type":"ImageObject","inLanguage":"tr","@id":"https:\/\/secure.gravatar.com\/avatar\/6cf0505f452ee753f485014986fab09a434671d2b919ee76fc541025c5876a70?s=96&d=mm&r=g","url":"https:\/\/secure.gravatar.com\/avatar\/6cf0505f452ee753f485014986fab09a434671d2b919ee76fc541025c5876a70?s=96&d=mm&r=g","contentUrl":"https:\/\/secure.gravatar.com\/avatar\/6cf0505f452ee753f485014986fab09a434671d2b919ee76fc541025c5876a70?s=96&d=mm&r=g","caption":"Memurun Sesi Haber Merkezi"},"sameAs":["https:\/\/memurunsesi.net"],"url":"https:\/\/memurunsesi.net\/index.php\/author\/uniper\/"}]}},"_links":{"self":[{"href":"https:\/\/memurunsesi.net\/index.php\/wp-json\/wp\/v2\/posts\/10235","targetHints":{"allow":["GET"]}}],"collection":[{"href":"https:\/\/memurunsesi.net\/index.php\/wp-json\/wp\/v2\/posts"}],"about":[{"href":"https:\/\/memurunsesi.net\/index.php\/wp-json\/wp\/v2\/types\/post"}],"author":[{"embeddable":true,"href":"https:\/\/memurunsesi.net\/index.php\/wp-json\/wp\/v2\/users\/1"}],"replies":[{"embeddable":true,"href":"https:\/\/memurunsesi.net\/index.php\/wp-json\/wp\/v2\/comments?post=10235"}],"version-history":[{"count":1,"href":"https:\/\/memurunsesi.net\/index.php\/wp-json\/wp\/v2\/posts\/10235\/revisions"}],"predecessor-version":[{"id":10237,"href":"https:\/\/memurunsesi.net\/index.php\/wp-json\/wp\/v2\/posts\/10235\/revisions\/10237"}],"wp:featuredmedia":[{"embeddable":true,"href":"https:\/\/memurunsesi.net\/index.php\/wp-json\/wp\/v2\/media\/10236"}],"wp:attachment":[{"href":"https:\/\/memurunsesi.net\/index.php\/wp-json\/wp\/v2\/media?parent=10235"}],"wp:term":[{"taxonomy":"category","embeddable":true,"href":"https:\/\/memurunsesi.net\/index.php\/wp-json\/wp\/v2\/categories?post=10235"},{"taxonomy":"post_tag","embeddable":true,"href":"https:\/\/memurunsesi.net\/index.php\/wp-json\/wp\/v2\/tags?post=10235"}],"curies":[{"name":"wp","href":"https:\/\/api.w.org\/{rel}","templated":true}]}}