{"id":10243,"date":"2025-08-10T11:18:34","date_gmt":"2025-08-10T08:18:34","guid":{"rendered":"https:\/\/memurunsesi.net\/?p=10243"},"modified":"2025-08-10T11:18:34","modified_gmt":"2025-08-10T08:18:34","slug":"kozanda-kaybolan-orman-iscisi-arama-sonucu-bulundu","status":"publish","type":"post","link":"https:\/\/memurunsesi.net\/index.php\/2025\/08\/10\/kozanda-kaybolan-orman-iscisi-arama-sonucu-bulundu\/","title":{"rendered":"Kozan&#8217;da kaybolan orman i\u015f\u00e7isi arama sonucu bulundu"},"content":{"rendered":"<p>   Adana\u2019n\u0131n Kozan il\u00e7esinde, 8 A\u011fustos\u2019ta \u00e7\u0131kan yang\u0131na m\u00fcdahale ederken kaybolan orman i\u015f\u00e7isi bulundu.<br \/>\n\u0130l\u00e7eye ba\u011fl\u0131 Heniz\u00e7ak\u0131r\u0131 mevkiinde 8 A\u011fustos g\u00fcn\u00fc orman yang\u0131n\u0131 \u00e7\u0131kt\u0131. \u0130hbar \u00fczerine orman ekipleri yang\u0131na m\u00fcdahale etti. Ekip k\u0131sa s\u00fcrede olay yerine gelip, yang\u0131n\u0131 kontrol alt\u0131na ald\u0131. Ekip daha sonra g\u00f6rev yerine d\u00f6nd\u00fc\u011f\u00fcnde Ahmet Kaan Kayhan (24) isimli \u00e7al\u0131\u015fan\u0131n kay\u0131p oldu\u011funu fark etti. Bunun \u00fczerine JAK, J\u00d6AK, Kozan Belediyesi AKOM, Yesevi Arama Kurtarma (YAK) ve Orman \u0130\u015fletme M\u00fcd\u00fcrl\u00fc\u011f\u00fc ekipleri b\u00f6lgede arama yapt\u0131. \u00d6zel e\u011fitimli k\u00f6peklerin de kullan\u0131ld\u0131\u011f\u0131 \u00e7al\u0131\u015fmalarda Kayhan, bu sabah 08.00 sular\u0131nda bulundu. Ambulansla Kozan Devlet Hastanesi\u2019ne kald\u0131r\u0131lan Kayhan\u2019\u0131n sa\u011fl\u0131k durumunun iyi oldu\u011fu, g\u00f6zlem alt\u0131nda tutuldu\u011fu \u00f6\u011frenildi.<br \/>\n  Adana Orman \u0130\u015fletme M\u00fcd\u00fcr\u00fc Tahsin Etli ve Kozan Orman \u0130\u015fletme M\u00fcd\u00fcr\u00fc Mahmut Menzileto\u011flu hastanede Kayhan\u2019\u0131 ziyaret ederek durumu hakk\u0131nda bilgi ald\u0131. <\/p>\n<p>10.08.2025                                 <\/p>\n","protected":false},"excerpt":{"rendered":"<p>Adana\u2019n\u0131n Kozan il\u00e7esinde, 8 A\u011fustos\u2019ta \u00e7\u0131kan yang\u0131na m\u00fcdahale ederken kaybolan orman i\u015f\u00e7isi bulundu. \u0130l\u00e7eye ba\u011fl\u0131 Heniz\u00e7ak\u0131r\u0131 mevkiinde 8 A\u011fustos g\u00fcn\u00fc orman yang\u0131n\u0131 \u00e7\u0131kt\u0131. \u0130hbar \u00fczerine orman ekipleri yang\u0131na m\u00fcdahale etti. Ekip k\u0131sa s\u00fcrede olay yerine gelip, yang\u0131n\u0131 kontrol alt\u0131na ald\u0131. Ekip daha sonra g\u00f6rev yerine d\u00f6nd\u00fc\u011f\u00fcnde Ahmet Kaan Kayhan (24) isimli \u00e7al\u0131\u015fan\u0131n kay\u0131p oldu\u011funu fark [&hellip;]<\/p>\n","protected":false},"author":1,"featured_media":10244,"comment_status":"open","ping_status":"open","sticky":false,"template":"","format":"standard","meta":{"footnotes":""},"categories":[1],"tags":[],"class_list":["post-10243","post","type-post","status-publish","format-standard","has-post-thumbnail","hentry","category-genel"],"yoast_head":"<!-- This site is optimized with the Yoast SEO plugin v27.4 - https:\/\/yoast.com\/product\/yoast-seo-wordpress\/ -->\n<title>Kozan&#039;da kaybolan orman i\u015f\u00e7isi arama sonucu bulundu - Memurun Sesi<\/title>\n<meta name=\"robots\" content=\"index, follow, max-snippet:-1, max-image-preview:large, max-video-preview:-1\" \/>\n<link rel=\"canonical\" href=\"https:\/\/memurunsesi.net\/index.php\/2025\/08\/10\/kozanda-kaybolan-orman-iscisi-arama-sonucu-bulundu\/\" \/>\n<meta property=\"og:locale\" content=\"tr_TR\" \/>\n<meta property=\"og:type\" content=\"article\" \/>\n<meta property=\"og:title\" content=\"Kozan&#039;da kaybolan orman i\u015f\u00e7isi arama sonucu bulundu - Memurun Sesi\" \/>\n<meta property=\"og:description\" content=\"Adana\u2019n\u0131n Kozan il\u00e7esinde, 8 A\u011fustos\u2019ta \u00e7\u0131kan yang\u0131na m\u00fcdahale ederken kaybolan orman i\u015f\u00e7isi bulundu. \u0130l\u00e7eye ba\u011fl\u0131 Heniz\u00e7ak\u0131r\u0131 mevkiinde 8 A\u011fustos g\u00fcn\u00fc orman yang\u0131n\u0131 \u00e7\u0131kt\u0131. \u0130hbar \u00fczerine orman ekipleri yang\u0131na m\u00fcdahale etti. Ekip k\u0131sa s\u00fcrede olay yerine gelip, yang\u0131n\u0131 kontrol alt\u0131na ald\u0131. Ekip daha sonra g\u00f6rev yerine d\u00f6nd\u00fc\u011f\u00fcnde Ahmet Kaan Kayhan (24) isimli \u00e7al\u0131\u015fan\u0131n kay\u0131p oldu\u011funu fark [&hellip;]\" \/>\n<meta property=\"og:url\" content=\"https:\/\/memurunsesi.net\/index.php\/2025\/08\/10\/kozanda-kaybolan-orman-iscisi-arama-sonucu-bulundu\/\" \/>\n<meta property=\"og:site_name\" content=\"Memurun Sesi\" \/>\n<meta property=\"article:publisher\" content=\"https:\/\/www.facebook.com\/unipersen\/?locale=tr_TR\" \/>\n<meta property=\"article:published_time\" content=\"2025-08-10T08:18:34+00:00\" \/>\n<meta property=\"og:image\" content=\"https:\/\/memurunsesi.net\/wp-content\/uploads\/2025\/08\/AW514469_01.jpg\" \/>\n\t<meta property=\"og:image:width\" content=\"1600\" \/>\n\t<meta property=\"og:image:height\" content=\"1200\" \/>\n\t<meta property=\"og:image:type\" content=\"image\/jpeg\" \/>\n<meta name=\"author\" content=\"Memurun Sesi Haber Merkezi\" \/>\n<meta name=\"twitter:card\" content=\"summary_large_image\" \/>\n<meta name=\"twitter:creator\" content=\"@unipersen\" \/>\n<meta name=\"twitter:site\" content=\"@unipersen\" \/>\n<meta name=\"twitter:label1\" content=\"Yazan:\" \/>\n\t<meta name=\"twitter:data1\" content=\"Memurun Sesi Haber Merkezi\" \/>\n<script type=\"application\/ld+json\" class=\"yoast-schema-graph\">{\"@context\":\"https:\\\/\\\/schema.org\",\"@graph\":[{\"@type\":\"Article\",\"@id\":\"https:\\\/\\\/memurunsesi.net\\\/index.php\\\/2025\\\/08\\\/10\\\/kozanda-kaybolan-orman-iscisi-arama-sonucu-bulundu\\\/#article\",\"isPartOf\":{\"@id\":\"https:\\\/\\\/memurunsesi.net\\\/index.php\\\/2025\\\/08\\\/10\\\/kozanda-kaybolan-orman-iscisi-arama-sonucu-bulundu\\\/\"},\"author\":{\"name\":\"Memurun Sesi Haber Merkezi\",\"@id\":\"https:\\\/\\\/memurunsesi.net\\\/#\\\/schema\\\/person\\\/f21c2d73b89f6ee1d80b0a1803e38587\"},\"headline\":\"Kozan&#8217;da kaybolan orman i\u015f\u00e7isi arama sonucu bulundu\",\"datePublished\":\"2025-08-10T08:18:34+00:00\",\"mainEntityOfPage\":{\"@id\":\"https:\\\/\\\/memurunsesi.net\\\/index.php\\\/2025\\\/08\\\/10\\\/kozanda-kaybolan-orman-iscisi-arama-sonucu-bulundu\\\/\"},\"wordCount\":180,\"commentCount\":0,\"publisher\":{\"@id\":\"https:\\\/\\\/memurunsesi.net\\\/#organization\"},\"image\":{\"@id\":\"https:\\\/\\\/memurunsesi.net\\\/index.php\\\/2025\\\/08\\\/10\\\/kozanda-kaybolan-orman-iscisi-arama-sonucu-bulundu\\\/#primaryimage\"},\"thumbnailUrl\":\"https:\\\/\\\/memurunsesi.net\\\/wp-content\\\/uploads\\\/2025\\\/08\\\/AW514469_01.jpg\",\"inLanguage\":\"tr\",\"potentialAction\":[{\"@type\":\"CommentAction\",\"name\":\"Comment\",\"target\":[\"https:\\\/\\\/memurunsesi.net\\\/index.php\\\/2025\\\/08\\\/10\\\/kozanda-kaybolan-orman-iscisi-arama-sonucu-bulundu\\\/#respond\"]}]},{\"@type\":\"WebPage\",\"@id\":\"https:\\\/\\\/memurunsesi.net\\\/index.php\\\/2025\\\/08\\\/10\\\/kozanda-kaybolan-orman-iscisi-arama-sonucu-bulundu\\\/\",\"url\":\"https:\\\/\\\/memurunsesi.net\\\/index.php\\\/2025\\\/08\\\/10\\\/kozanda-kaybolan-orman-iscisi-arama-sonucu-bulundu\\\/\",\"name\":\"Kozan'da kaybolan orman i\u015f\u00e7isi arama sonucu bulundu - Memurun Sesi\",\"isPartOf\":{\"@id\":\"https:\\\/\\\/memurunsesi.net\\\/#website\"},\"primaryImageOfPage\":{\"@id\":\"https:\\\/\\\/memurunsesi.net\\\/index.php\\\/2025\\\/08\\\/10\\\/kozanda-kaybolan-orman-iscisi-arama-sonucu-bulundu\\\/#primaryimage\"},\"image\":{\"@id\":\"https:\\\/\\\/memurunsesi.net\\\/index.php\\\/2025\\\/08\\\/10\\\/kozanda-kaybolan-orman-iscisi-arama-sonucu-bulundu\\\/#primaryimage\"},\"thumbnailUrl\":\"https:\\\/\\\/memurunsesi.net\\\/wp-content\\\/uploads\\\/2025\\\/08\\\/AW514469_01.jpg\",\"datePublished\":\"2025-08-10T08:18:34+00:00\",\"breadcrumb\":{\"@id\":\"https:\\\/\\\/memurunsesi.net\\\/index.php\\\/2025\\\/08\\\/10\\\/kozanda-kaybolan-orman-iscisi-arama-sonucu-bulundu\\\/#breadcrumb\"},\"inLanguage\":\"tr\",\"potentialAction\":[{\"@type\":\"ReadAction\",\"target\":[\"https:\\\/\\\/memurunsesi.net\\\/index.php\\\/2025\\\/08\\\/10\\\/kozanda-kaybolan-orman-iscisi-arama-sonucu-bulundu\\\/\"]}]},{\"@type\":\"ImageObject\",\"inLanguage\":\"tr\",\"@id\":\"https:\\\/\\\/memurunsesi.net\\\/index.php\\\/2025\\\/08\\\/10\\\/kozanda-kaybolan-orman-iscisi-arama-sonucu-bulundu\\\/#primaryimage\",\"url\":\"https:\\\/\\\/memurunsesi.net\\\/wp-content\\\/uploads\\\/2025\\\/08\\\/AW514469_01.jpg\",\"contentUrl\":\"https:\\\/\\\/memurunsesi.net\\\/wp-content\\\/uploads\\\/2025\\\/08\\\/AW514469_01.jpg\",\"width\":1600,\"height\":1200,\"caption\":\"ADANA'NIN KOZAN \u0130L\u00c7ES\u0130NDE, 8 A\u011eUSTOS'TA \u00c7IKAN YANGINA M\u00dcDAHALE EDERKEN KAYBOLAN ORMAN \u0130\u015e\u00c7\u0130S\u0130 BULUNDU. (BER\u0130L SOLMU\u015eG\u00dcL\\\/ADANA-\u0130HA) Adana'n\u0131n Kozan il\u00e7esinde, 8 A\u011fustos'ta \u00e7\u0131kan yang\u0131na m\u00fcdahale ederken kaybolan orman i\u015f\u00e7isi bulundu.\"},{\"@type\":\"BreadcrumbList\",\"@id\":\"https:\\\/\\\/memurunsesi.net\\\/index.php\\\/2025\\\/08\\\/10\\\/kozanda-kaybolan-orman-iscisi-arama-sonucu-bulundu\\\/#breadcrumb\",\"itemListElement\":[{\"@type\":\"ListItem\",\"position\":1,\"name\":\"Anasayfa\",\"item\":\"https:\\\/\\\/memurunsesi.net\\\/\"},{\"@type\":\"ListItem\",\"position\":2,\"name\":\"Kozan&#8217;da kaybolan orman i\u015f\u00e7isi arama sonucu bulundu\"}]},{\"@type\":\"WebSite\",\"@id\":\"https:\\\/\\\/memurunsesi.net\\\/#website\",\"url\":\"https:\\\/\\\/memurunsesi.net\\\/\",\"name\":\"Memurun Sesi\",\"description\":\"G\u00fcncel ve Do\u011fru Haber\",\"publisher\":{\"@id\":\"https:\\\/\\\/memurunsesi.net\\\/#organization\"},\"potentialAction\":[{\"@type\":\"SearchAction\",\"target\":{\"@type\":\"EntryPoint\",\"urlTemplate\":\"https:\\\/\\\/memurunsesi.net\\\/?s={search_term_string}\"},\"query-input\":{\"@type\":\"PropertyValueSpecification\",\"valueRequired\":true,\"valueName\":\"search_term_string\"}}],\"inLanguage\":\"tr\"},{\"@type\":\"Organization\",\"@id\":\"https:\\\/\\\/memurunsesi.net\\\/#organization\",\"name\":\"Memurun Sesi\",\"url\":\"https:\\\/\\\/memurunsesi.net\\\/\",\"logo\":{\"@type\":\"ImageObject\",\"inLanguage\":\"tr\",\"@id\":\"https:\\\/\\\/memurunsesi.net\\\/#\\\/schema\\\/logo\\\/image\\\/\",\"url\":\"https:\\\/\\\/memurunsesi.net\\\/wp-content\\\/uploads\\\/2025\\\/11\\\/cropped-MEMURUN-SESI.png\",\"contentUrl\":\"https:\\\/\\\/memurunsesi.net\\\/wp-content\\\/uploads\\\/2025\\\/11\\\/cropped-MEMURUN-SESI.png\",\"width\":238,\"height\":57,\"caption\":\"Memurun Sesi\"},\"image\":{\"@id\":\"https:\\\/\\\/memurunsesi.net\\\/#\\\/schema\\\/logo\\\/image\\\/\"},\"sameAs\":[\"https:\\\/\\\/www.facebook.com\\\/unipersen\\\/?locale=tr_TR\",\"https:\\\/\\\/x.com\\\/unipersen\"]},{\"@type\":\"Person\",\"@id\":\"https:\\\/\\\/memurunsesi.net\\\/#\\\/schema\\\/person\\\/f21c2d73b89f6ee1d80b0a1803e38587\",\"name\":\"Memurun Sesi Haber Merkezi\",\"image\":{\"@type\":\"ImageObject\",\"inLanguage\":\"tr\",\"@id\":\"https:\\\/\\\/secure.gravatar.com\\\/avatar\\\/6cf0505f452ee753f485014986fab09a434671d2b919ee76fc541025c5876a70?s=96&d=mm&r=g\",\"url\":\"https:\\\/\\\/secure.gravatar.com\\\/avatar\\\/6cf0505f452ee753f485014986fab09a434671d2b919ee76fc541025c5876a70?s=96&d=mm&r=g\",\"contentUrl\":\"https:\\\/\\\/secure.gravatar.com\\\/avatar\\\/6cf0505f452ee753f485014986fab09a434671d2b919ee76fc541025c5876a70?s=96&d=mm&r=g\",\"caption\":\"Memurun Sesi Haber Merkezi\"},\"sameAs\":[\"https:\\\/\\\/memurunsesi.net\"],\"url\":\"https:\\\/\\\/memurunsesi.net\\\/index.php\\\/author\\\/uniper\\\/\"}]}<\/script>\n<!-- \/ Yoast SEO plugin. -->","yoast_head_json":{"title":"Kozan'da kaybolan orman i\u015f\u00e7isi arama sonucu bulundu - Memurun Sesi","robots":{"index":"index","follow":"follow","max-snippet":"max-snippet:-1","max-image-preview":"max-image-preview:large","max-video-preview":"max-video-preview:-1"},"canonical":"https:\/\/memurunsesi.net\/index.php\/2025\/08\/10\/kozanda-kaybolan-orman-iscisi-arama-sonucu-bulundu\/","og_locale":"tr_TR","og_type":"article","og_title":"Kozan'da kaybolan orman i\u015f\u00e7isi arama sonucu bulundu - Memurun Sesi","og_description":"Adana\u2019n\u0131n Kozan il\u00e7esinde, 8 A\u011fustos\u2019ta \u00e7\u0131kan yang\u0131na m\u00fcdahale ederken kaybolan orman i\u015f\u00e7isi bulundu. \u0130l\u00e7eye ba\u011fl\u0131 Heniz\u00e7ak\u0131r\u0131 mevkiinde 8 A\u011fustos g\u00fcn\u00fc orman yang\u0131n\u0131 \u00e7\u0131kt\u0131. \u0130hbar \u00fczerine orman ekipleri yang\u0131na m\u00fcdahale etti. Ekip k\u0131sa s\u00fcrede olay yerine gelip, yang\u0131n\u0131 kontrol alt\u0131na ald\u0131. Ekip daha sonra g\u00f6rev yerine d\u00f6nd\u00fc\u011f\u00fcnde Ahmet Kaan Kayhan (24) isimli \u00e7al\u0131\u015fan\u0131n kay\u0131p oldu\u011funu fark [&hellip;]","og_url":"https:\/\/memurunsesi.net\/index.php\/2025\/08\/10\/kozanda-kaybolan-orman-iscisi-arama-sonucu-bulundu\/","og_site_name":"Memurun Sesi","article_publisher":"https:\/\/www.facebook.com\/unipersen\/?locale=tr_TR","article_published_time":"2025-08-10T08:18:34+00:00","og_image":[{"width":1600,"height":1200,"url":"https:\/\/memurunsesi.net\/wp-content\/uploads\/2025\/08\/AW514469_01.jpg","type":"image\/jpeg"}],"author":"Memurun Sesi Haber Merkezi","twitter_card":"summary_large_image","twitter_creator":"@unipersen","twitter_site":"@unipersen","twitter_misc":{"Yazan:":"Memurun Sesi Haber Merkezi"},"schema":{"@context":"https:\/\/schema.org","@graph":[{"@type":"Article","@id":"https:\/\/memurunsesi.net\/index.php\/2025\/08\/10\/kozanda-kaybolan-orman-iscisi-arama-sonucu-bulundu\/#article","isPartOf":{"@id":"https:\/\/memurunsesi.net\/index.php\/2025\/08\/10\/kozanda-kaybolan-orman-iscisi-arama-sonucu-bulundu\/"},"author":{"name":"Memurun Sesi Haber Merkezi","@id":"https:\/\/memurunsesi.net\/#\/schema\/person\/f21c2d73b89f6ee1d80b0a1803e38587"},"headline":"Kozan&#8217;da kaybolan orman i\u015f\u00e7isi arama sonucu bulundu","datePublished":"2025-08-10T08:18:34+00:00","mainEntityOfPage":{"@id":"https:\/\/memurunsesi.net\/index.php\/2025\/08\/10\/kozanda-kaybolan-orman-iscisi-arama-sonucu-bulundu\/"},"wordCount":180,"commentCount":0,"publisher":{"@id":"https:\/\/memurunsesi.net\/#organization"},"image":{"@id":"https:\/\/memurunsesi.net\/index.php\/2025\/08\/10\/kozanda-kaybolan-orman-iscisi-arama-sonucu-bulundu\/#primaryimage"},"thumbnailUrl":"https:\/\/memurunsesi.net\/wp-content\/uploads\/2025\/08\/AW514469_01.jpg","inLanguage":"tr","potentialAction":[{"@type":"CommentAction","name":"Comment","target":["https:\/\/memurunsesi.net\/index.php\/2025\/08\/10\/kozanda-kaybolan-orman-iscisi-arama-sonucu-bulundu\/#respond"]}]},{"@type":"WebPage","@id":"https:\/\/memurunsesi.net\/index.php\/2025\/08\/10\/kozanda-kaybolan-orman-iscisi-arama-sonucu-bulundu\/","url":"https:\/\/memurunsesi.net\/index.php\/2025\/08\/10\/kozanda-kaybolan-orman-iscisi-arama-sonucu-bulundu\/","name":"Kozan'da kaybolan orman i\u015f\u00e7isi arama sonucu bulundu - Memurun Sesi","isPartOf":{"@id":"https:\/\/memurunsesi.net\/#website"},"primaryImageOfPage":{"@id":"https:\/\/memurunsesi.net\/index.php\/2025\/08\/10\/kozanda-kaybolan-orman-iscisi-arama-sonucu-bulundu\/#primaryimage"},"image":{"@id":"https:\/\/memurunsesi.net\/index.php\/2025\/08\/10\/kozanda-kaybolan-orman-iscisi-arama-sonucu-bulundu\/#primaryimage"},"thumbnailUrl":"https:\/\/memurunsesi.net\/wp-content\/uploads\/2025\/08\/AW514469_01.jpg","datePublished":"2025-08-10T08:18:34+00:00","breadcrumb":{"@id":"https:\/\/memurunsesi.net\/index.php\/2025\/08\/10\/kozanda-kaybolan-orman-iscisi-arama-sonucu-bulundu\/#breadcrumb"},"inLanguage":"tr","potentialAction":[{"@type":"ReadAction","target":["https:\/\/memurunsesi.net\/index.php\/2025\/08\/10\/kozanda-kaybolan-orman-iscisi-arama-sonucu-bulundu\/"]}]},{"@type":"ImageObject","inLanguage":"tr","@id":"https:\/\/memurunsesi.net\/index.php\/2025\/08\/10\/kozanda-kaybolan-orman-iscisi-arama-sonucu-bulundu\/#primaryimage","url":"https:\/\/memurunsesi.net\/wp-content\/uploads\/2025\/08\/AW514469_01.jpg","contentUrl":"https:\/\/memurunsesi.net\/wp-content\/uploads\/2025\/08\/AW514469_01.jpg","width":1600,"height":1200,"caption":"ADANA'NIN KOZAN \u0130L\u00c7ES\u0130NDE, 8 A\u011eUSTOS'TA \u00c7IKAN YANGINA M\u00dcDAHALE EDERKEN KAYBOLAN ORMAN \u0130\u015e\u00c7\u0130S\u0130 BULUNDU. (BER\u0130L SOLMU\u015eG\u00dcL\/ADANA-\u0130HA) Adana'n\u0131n Kozan il\u00e7esinde, 8 A\u011fustos'ta \u00e7\u0131kan yang\u0131na m\u00fcdahale ederken kaybolan orman i\u015f\u00e7isi bulundu."},{"@type":"BreadcrumbList","@id":"https:\/\/memurunsesi.net\/index.php\/2025\/08\/10\/kozanda-kaybolan-orman-iscisi-arama-sonucu-bulundu\/#breadcrumb","itemListElement":[{"@type":"ListItem","position":1,"name":"Anasayfa","item":"https:\/\/memurunsesi.net\/"},{"@type":"ListItem","position":2,"name":"Kozan&#8217;da kaybolan orman i\u015f\u00e7isi arama sonucu bulundu"}]},{"@type":"WebSite","@id":"https:\/\/memurunsesi.net\/#website","url":"https:\/\/memurunsesi.net\/","name":"Memurun Sesi","description":"G\u00fcncel ve Do\u011fru Haber","publisher":{"@id":"https:\/\/memurunsesi.net\/#organization"},"potentialAction":[{"@type":"SearchAction","target":{"@type":"EntryPoint","urlTemplate":"https:\/\/memurunsesi.net\/?s={search_term_string}"},"query-input":{"@type":"PropertyValueSpecification","valueRequired":true,"valueName":"search_term_string"}}],"inLanguage":"tr"},{"@type":"Organization","@id":"https:\/\/memurunsesi.net\/#organization","name":"Memurun Sesi","url":"https:\/\/memurunsesi.net\/","logo":{"@type":"ImageObject","inLanguage":"tr","@id":"https:\/\/memurunsesi.net\/#\/schema\/logo\/image\/","url":"https:\/\/memurunsesi.net\/wp-content\/uploads\/2025\/11\/cropped-MEMURUN-SESI.png","contentUrl":"https:\/\/memurunsesi.net\/wp-content\/uploads\/2025\/11\/cropped-MEMURUN-SESI.png","width":238,"height":57,"caption":"Memurun Sesi"},"image":{"@id":"https:\/\/memurunsesi.net\/#\/schema\/logo\/image\/"},"sameAs":["https:\/\/www.facebook.com\/unipersen\/?locale=tr_TR","https:\/\/x.com\/unipersen"]},{"@type":"Person","@id":"https:\/\/memurunsesi.net\/#\/schema\/person\/f21c2d73b89f6ee1d80b0a1803e38587","name":"Memurun Sesi Haber Merkezi","image":{"@type":"ImageObject","inLanguage":"tr","@id":"https:\/\/secure.gravatar.com\/avatar\/6cf0505f452ee753f485014986fab09a434671d2b919ee76fc541025c5876a70?s=96&d=mm&r=g","url":"https:\/\/secure.gravatar.com\/avatar\/6cf0505f452ee753f485014986fab09a434671d2b919ee76fc541025c5876a70?s=96&d=mm&r=g","contentUrl":"https:\/\/secure.gravatar.com\/avatar\/6cf0505f452ee753f485014986fab09a434671d2b919ee76fc541025c5876a70?s=96&d=mm&r=g","caption":"Memurun Sesi Haber Merkezi"},"sameAs":["https:\/\/memurunsesi.net"],"url":"https:\/\/memurunsesi.net\/index.php\/author\/uniper\/"}]}},"_links":{"self":[{"href":"https:\/\/memurunsesi.net\/index.php\/wp-json\/wp\/v2\/posts\/10243","targetHints":{"allow":["GET"]}}],"collection":[{"href":"https:\/\/memurunsesi.net\/index.php\/wp-json\/wp\/v2\/posts"}],"about":[{"href":"https:\/\/memurunsesi.net\/index.php\/wp-json\/wp\/v2\/types\/post"}],"author":[{"embeddable":true,"href":"https:\/\/memurunsesi.net\/index.php\/wp-json\/wp\/v2\/users\/1"}],"replies":[{"embeddable":true,"href":"https:\/\/memurunsesi.net\/index.php\/wp-json\/wp\/v2\/comments?post=10243"}],"version-history":[{"count":1,"href":"https:\/\/memurunsesi.net\/index.php\/wp-json\/wp\/v2\/posts\/10243\/revisions"}],"predecessor-version":[{"id":10245,"href":"https:\/\/memurunsesi.net\/index.php\/wp-json\/wp\/v2\/posts\/10243\/revisions\/10245"}],"wp:featuredmedia":[{"embeddable":true,"href":"https:\/\/memurunsesi.net\/index.php\/wp-json\/wp\/v2\/media\/10244"}],"wp:attachment":[{"href":"https:\/\/memurunsesi.net\/index.php\/wp-json\/wp\/v2\/media?parent=10243"}],"wp:term":[{"taxonomy":"category","embeddable":true,"href":"https:\/\/memurunsesi.net\/index.php\/wp-json\/wp\/v2\/categories?post=10243"},{"taxonomy":"post_tag","embeddable":true,"href":"https:\/\/memurunsesi.net\/index.php\/wp-json\/wp\/v2\/tags?post=10243"}],"curies":[{"name":"wp","href":"https:\/\/api.w.org\/{rel}","templated":true}]}}