{"id":10246,"date":"2025-08-10T13:07:36","date_gmt":"2025-08-10T10:07:36","guid":{"rendered":"https:\/\/memurunsesi.net\/?p=10246"},"modified":"2025-08-10T13:07:36","modified_gmt":"2025-08-10T10:07:36","slug":"ispartada-cikan-orman-yangini-buyumeden-sonduruldu","status":"publish","type":"post","link":"https:\/\/memurunsesi.net\/index.php\/2025\/08\/10\/ispartada-cikan-orman-yangini-buyumeden-sonduruldu\/","title":{"rendered":"Isparta\u2019da \u00e7\u0131kan orman yang\u0131n\u0131 b\u00fcy\u00fcmeden s\u00f6nd\u00fcr\u00fcld\u00fc"},"content":{"rendered":"<p>  Isparta\u2019n\u0131n E\u011firdir il\u00e7esindeki Kovada G\u00f6l\u00fc yak\u0131nlar\u0131nda \u00e7\u0131kan orman yang\u0131n\u0131, ekiplerin m\u00fcdahalesiyle k\u0131sa s\u00fcrede kontrol alt\u0131na al\u0131nd\u0131.<br \/>\nIsparta\u2019n\u0131n E\u011firdir il\u00e7esinde bulunan Kovada G\u00f6l\u00fc yak\u0131nlar\u0131nda gece saatlerinde orman yang\u0131n\u0131 \u00e7\u0131kt\u0131. \u0130hbar \u00fczerine b\u00f6lgeye sevk edilen itfaiye ve Orman B\u00f6lge M\u00fcd\u00fcrl\u00fc\u011f\u00fc\u2019ne ba\u011fl\u0131 ekipler, karadan yapt\u0131klar\u0131 m\u00fcdahale ile yang\u0131n\u0131n b\u00fcy\u00fcmesini \u00f6nledi. Gece g\u00f6r\u00fc\u015fl\u00fc termal dron ile yang\u0131n organizasyonu yapan ekipler,  taraf\u0131ndan yang\u0131n tamamen kontrol alt\u0131na al\u0131n\u0131rken, so\u011futma \u00e7al\u0131\u015fmalar\u0131n\u0131n s\u00fcrd\u00fc\u011f\u00fc \u00f6\u011frenildi. <\/p>\n<p>10.08.2025                                 <\/p>\n","protected":false},"excerpt":{"rendered":"<p>Isparta\u2019n\u0131n E\u011firdir il\u00e7esindeki Kovada G\u00f6l\u00fc yak\u0131nlar\u0131nda \u00e7\u0131kan orman yang\u0131n\u0131, ekiplerin m\u00fcdahalesiyle k\u0131sa s\u00fcrede kontrol alt\u0131na al\u0131nd\u0131. Isparta\u2019n\u0131n E\u011firdir il\u00e7esinde bulunan Kovada G\u00f6l\u00fc yak\u0131nlar\u0131nda gece saatlerinde orman yang\u0131n\u0131 \u00e7\u0131kt\u0131. \u0130hbar \u00fczerine b\u00f6lgeye sevk edilen itfaiye ve Orman B\u00f6lge M\u00fcd\u00fcrl\u00fc\u011f\u00fc\u2019ne ba\u011fl\u0131 ekipler, karadan yapt\u0131klar\u0131 m\u00fcdahale ile yang\u0131n\u0131n b\u00fcy\u00fcmesini \u00f6nledi. Gece g\u00f6r\u00fc\u015fl\u00fc termal dron ile yang\u0131n organizasyonu yapan [&hellip;]<\/p>\n","protected":false},"author":1,"featured_media":10248,"comment_status":"open","ping_status":"open","sticky":false,"template":"","format":"standard","meta":{"footnotes":""},"categories":[1],"tags":[],"class_list":["post-10246","post","type-post","status-publish","format-standard","has-post-thumbnail","hentry","category-genel"],"yoast_head":"<!-- This site is optimized with the Yoast SEO plugin v27.4 - https:\/\/yoast.com\/product\/yoast-seo-wordpress\/ -->\n<title>Isparta\u2019da \u00e7\u0131kan orman yang\u0131n\u0131 b\u00fcy\u00fcmeden s\u00f6nd\u00fcr\u00fcld\u00fc - Memurun Sesi<\/title>\n<meta name=\"robots\" content=\"index, follow, max-snippet:-1, max-image-preview:large, max-video-preview:-1\" \/>\n<link rel=\"canonical\" href=\"https:\/\/memurunsesi.net\/index.php\/2025\/08\/10\/ispartada-cikan-orman-yangini-buyumeden-sonduruldu\/\" \/>\n<meta property=\"og:locale\" content=\"tr_TR\" \/>\n<meta property=\"og:type\" content=\"article\" \/>\n<meta property=\"og:title\" content=\"Isparta\u2019da \u00e7\u0131kan orman yang\u0131n\u0131 b\u00fcy\u00fcmeden s\u00f6nd\u00fcr\u00fcld\u00fc - Memurun Sesi\" \/>\n<meta property=\"og:description\" content=\"Isparta\u2019n\u0131n E\u011firdir il\u00e7esindeki Kovada G\u00f6l\u00fc yak\u0131nlar\u0131nda \u00e7\u0131kan orman yang\u0131n\u0131, ekiplerin m\u00fcdahalesiyle k\u0131sa s\u00fcrede kontrol alt\u0131na al\u0131nd\u0131. Isparta\u2019n\u0131n E\u011firdir il\u00e7esinde bulunan Kovada G\u00f6l\u00fc yak\u0131nlar\u0131nda gece saatlerinde orman yang\u0131n\u0131 \u00e7\u0131kt\u0131. \u0130hbar \u00fczerine b\u00f6lgeye sevk edilen itfaiye ve Orman B\u00f6lge M\u00fcd\u00fcrl\u00fc\u011f\u00fc\u2019ne ba\u011fl\u0131 ekipler, karadan yapt\u0131klar\u0131 m\u00fcdahale ile yang\u0131n\u0131n b\u00fcy\u00fcmesini \u00f6nledi. Gece g\u00f6r\u00fc\u015fl\u00fc termal dron ile yang\u0131n organizasyonu yapan [&hellip;]\" \/>\n<meta property=\"og:url\" content=\"https:\/\/memurunsesi.net\/index.php\/2025\/08\/10\/ispartada-cikan-orman-yangini-buyumeden-sonduruldu\/\" \/>\n<meta property=\"og:site_name\" content=\"Memurun Sesi\" \/>\n<meta property=\"article:publisher\" content=\"https:\/\/www.facebook.com\/unipersen\/?locale=tr_TR\" \/>\n<meta property=\"article:published_time\" content=\"2025-08-10T10:07:36+00:00\" \/>\n<meta property=\"og:image\" content=\"https:\/\/memurunsesi.net\/wp-content\/uploads\/2025\/08\/AW514562_03.jpg\" \/>\n\t<meta property=\"og:image:width\" content=\"1600\" \/>\n\t<meta property=\"og:image:height\" content=\"739\" \/>\n\t<meta property=\"og:image:type\" content=\"image\/jpeg\" \/>\n<meta name=\"author\" content=\"Memurun Sesi Haber Merkezi\" \/>\n<meta name=\"twitter:card\" content=\"summary_large_image\" \/>\n<meta name=\"twitter:creator\" content=\"@unipersen\" \/>\n<meta name=\"twitter:site\" content=\"@unipersen\" \/>\n<meta name=\"twitter:label1\" content=\"Yazan:\" \/>\n\t<meta name=\"twitter:data1\" content=\"Memurun Sesi Haber Merkezi\" \/>\n\t<meta name=\"twitter:label2\" content=\"Tahmini okuma s\u00fcresi\" \/>\n\t<meta name=\"twitter:data2\" content=\"1 dakika\" \/>\n<script type=\"application\/ld+json\" class=\"yoast-schema-graph\">{\"@context\":\"https:\\\/\\\/schema.org\",\"@graph\":[{\"@type\":\"Article\",\"@id\":\"https:\\\/\\\/memurunsesi.net\\\/index.php\\\/2025\\\/08\\\/10\\\/ispartada-cikan-orman-yangini-buyumeden-sonduruldu\\\/#article\",\"isPartOf\":{\"@id\":\"https:\\\/\\\/memurunsesi.net\\\/index.php\\\/2025\\\/08\\\/10\\\/ispartada-cikan-orman-yangini-buyumeden-sonduruldu\\\/\"},\"author\":{\"name\":\"Memurun Sesi Haber Merkezi\",\"@id\":\"https:\\\/\\\/memurunsesi.net\\\/#\\\/schema\\\/person\\\/f21c2d73b89f6ee1d80b0a1803e38587\"},\"headline\":\"Isparta\u2019da \u00e7\u0131kan orman yang\u0131n\u0131 b\u00fcy\u00fcmeden s\u00f6nd\u00fcr\u00fcld\u00fc\",\"datePublished\":\"2025-08-10T10:07:36+00:00\",\"mainEntityOfPage\":{\"@id\":\"https:\\\/\\\/memurunsesi.net\\\/index.php\\\/2025\\\/08\\\/10\\\/ispartada-cikan-orman-yangini-buyumeden-sonduruldu\\\/\"},\"wordCount\":125,\"commentCount\":0,\"publisher\":{\"@id\":\"https:\\\/\\\/memurunsesi.net\\\/#organization\"},\"image\":{\"@id\":\"https:\\\/\\\/memurunsesi.net\\\/index.php\\\/2025\\\/08\\\/10\\\/ispartada-cikan-orman-yangini-buyumeden-sonduruldu\\\/#primaryimage\"},\"thumbnailUrl\":\"https:\\\/\\\/memurunsesi.net\\\/wp-content\\\/uploads\\\/2025\\\/08\\\/AW514562_03.jpg\",\"inLanguage\":\"tr\",\"potentialAction\":[{\"@type\":\"CommentAction\",\"name\":\"Comment\",\"target\":[\"https:\\\/\\\/memurunsesi.net\\\/index.php\\\/2025\\\/08\\\/10\\\/ispartada-cikan-orman-yangini-buyumeden-sonduruldu\\\/#respond\"]}]},{\"@type\":\"WebPage\",\"@id\":\"https:\\\/\\\/memurunsesi.net\\\/index.php\\\/2025\\\/08\\\/10\\\/ispartada-cikan-orman-yangini-buyumeden-sonduruldu\\\/\",\"url\":\"https:\\\/\\\/memurunsesi.net\\\/index.php\\\/2025\\\/08\\\/10\\\/ispartada-cikan-orman-yangini-buyumeden-sonduruldu\\\/\",\"name\":\"Isparta\u2019da \u00e7\u0131kan orman yang\u0131n\u0131 b\u00fcy\u00fcmeden s\u00f6nd\u00fcr\u00fcld\u00fc - Memurun Sesi\",\"isPartOf\":{\"@id\":\"https:\\\/\\\/memurunsesi.net\\\/#website\"},\"primaryImageOfPage\":{\"@id\":\"https:\\\/\\\/memurunsesi.net\\\/index.php\\\/2025\\\/08\\\/10\\\/ispartada-cikan-orman-yangini-buyumeden-sonduruldu\\\/#primaryimage\"},\"image\":{\"@id\":\"https:\\\/\\\/memurunsesi.net\\\/index.php\\\/2025\\\/08\\\/10\\\/ispartada-cikan-orman-yangini-buyumeden-sonduruldu\\\/#primaryimage\"},\"thumbnailUrl\":\"https:\\\/\\\/memurunsesi.net\\\/wp-content\\\/uploads\\\/2025\\\/08\\\/AW514562_03.jpg\",\"datePublished\":\"2025-08-10T10:07:36+00:00\",\"breadcrumb\":{\"@id\":\"https:\\\/\\\/memurunsesi.net\\\/index.php\\\/2025\\\/08\\\/10\\\/ispartada-cikan-orman-yangini-buyumeden-sonduruldu\\\/#breadcrumb\"},\"inLanguage\":\"tr\",\"potentialAction\":[{\"@type\":\"ReadAction\",\"target\":[\"https:\\\/\\\/memurunsesi.net\\\/index.php\\\/2025\\\/08\\\/10\\\/ispartada-cikan-orman-yangini-buyumeden-sonduruldu\\\/\"]}]},{\"@type\":\"ImageObject\",\"inLanguage\":\"tr\",\"@id\":\"https:\\\/\\\/memurunsesi.net\\\/index.php\\\/2025\\\/08\\\/10\\\/ispartada-cikan-orman-yangini-buyumeden-sonduruldu\\\/#primaryimage\",\"url\":\"https:\\\/\\\/memurunsesi.net\\\/wp-content\\\/uploads\\\/2025\\\/08\\\/AW514562_03.jpg\",\"contentUrl\":\"https:\\\/\\\/memurunsesi.net\\\/wp-content\\\/uploads\\\/2025\\\/08\\\/AW514562_03.jpg\",\"width\":1600,\"height\":739,\"caption\":\"ISPARTA'DA \u00c7IKAN ORMAN YANGINI B\u00dcY\u00dcMEDEN S\u00d6ND\u00dcR\u00dcLD\u00dc (\\\/ISPARTA-\u0130HA) Isparta'n\u0131n E\u011firdir il\u00e7esindeki Kovada G\u00f6l\u00fc yak\u0131nlar\u0131nda \u00e7\u0131kan orman yang\u0131n\u0131, ekiplerin m\u00fcdahalesiyle k\u0131sa s\u00fcrede kontrol alt\u0131na al\u0131nd\u0131.\"},{\"@type\":\"BreadcrumbList\",\"@id\":\"https:\\\/\\\/memurunsesi.net\\\/index.php\\\/2025\\\/08\\\/10\\\/ispartada-cikan-orman-yangini-buyumeden-sonduruldu\\\/#breadcrumb\",\"itemListElement\":[{\"@type\":\"ListItem\",\"position\":1,\"name\":\"Anasayfa\",\"item\":\"https:\\\/\\\/memurunsesi.net\\\/\"},{\"@type\":\"ListItem\",\"position\":2,\"name\":\"Isparta\u2019da \u00e7\u0131kan orman yang\u0131n\u0131 b\u00fcy\u00fcmeden s\u00f6nd\u00fcr\u00fcld\u00fc\"}]},{\"@type\":\"WebSite\",\"@id\":\"https:\\\/\\\/memurunsesi.net\\\/#website\",\"url\":\"https:\\\/\\\/memurunsesi.net\\\/\",\"name\":\"Memurun Sesi\",\"description\":\"G\u00fcncel ve Do\u011fru Haber\",\"publisher\":{\"@id\":\"https:\\\/\\\/memurunsesi.net\\\/#organization\"},\"potentialAction\":[{\"@type\":\"SearchAction\",\"target\":{\"@type\":\"EntryPoint\",\"urlTemplate\":\"https:\\\/\\\/memurunsesi.net\\\/?s={search_term_string}\"},\"query-input\":{\"@type\":\"PropertyValueSpecification\",\"valueRequired\":true,\"valueName\":\"search_term_string\"}}],\"inLanguage\":\"tr\"},{\"@type\":\"Organization\",\"@id\":\"https:\\\/\\\/memurunsesi.net\\\/#organization\",\"name\":\"Memurun Sesi\",\"url\":\"https:\\\/\\\/memurunsesi.net\\\/\",\"logo\":{\"@type\":\"ImageObject\",\"inLanguage\":\"tr\",\"@id\":\"https:\\\/\\\/memurunsesi.net\\\/#\\\/schema\\\/logo\\\/image\\\/\",\"url\":\"https:\\\/\\\/memurunsesi.net\\\/wp-content\\\/uploads\\\/2025\\\/11\\\/cropped-MEMURUN-SESI.png\",\"contentUrl\":\"https:\\\/\\\/memurunsesi.net\\\/wp-content\\\/uploads\\\/2025\\\/11\\\/cropped-MEMURUN-SESI.png\",\"width\":238,\"height\":57,\"caption\":\"Memurun Sesi\"},\"image\":{\"@id\":\"https:\\\/\\\/memurunsesi.net\\\/#\\\/schema\\\/logo\\\/image\\\/\"},\"sameAs\":[\"https:\\\/\\\/www.facebook.com\\\/unipersen\\\/?locale=tr_TR\",\"https:\\\/\\\/x.com\\\/unipersen\"]},{\"@type\":\"Person\",\"@id\":\"https:\\\/\\\/memurunsesi.net\\\/#\\\/schema\\\/person\\\/f21c2d73b89f6ee1d80b0a1803e38587\",\"name\":\"Memurun Sesi Haber Merkezi\",\"image\":{\"@type\":\"ImageObject\",\"inLanguage\":\"tr\",\"@id\":\"https:\\\/\\\/secure.gravatar.com\\\/avatar\\\/6cf0505f452ee753f485014986fab09a434671d2b919ee76fc541025c5876a70?s=96&d=mm&r=g\",\"url\":\"https:\\\/\\\/secure.gravatar.com\\\/avatar\\\/6cf0505f452ee753f485014986fab09a434671d2b919ee76fc541025c5876a70?s=96&d=mm&r=g\",\"contentUrl\":\"https:\\\/\\\/secure.gravatar.com\\\/avatar\\\/6cf0505f452ee753f485014986fab09a434671d2b919ee76fc541025c5876a70?s=96&d=mm&r=g\",\"caption\":\"Memurun Sesi Haber Merkezi\"},\"sameAs\":[\"https:\\\/\\\/memurunsesi.net\"],\"url\":\"https:\\\/\\\/memurunsesi.net\\\/index.php\\\/author\\\/uniper\\\/\"}]}<\/script>\n<!-- \/ Yoast SEO plugin. -->","yoast_head_json":{"title":"Isparta\u2019da \u00e7\u0131kan orman yang\u0131n\u0131 b\u00fcy\u00fcmeden s\u00f6nd\u00fcr\u00fcld\u00fc - Memurun Sesi","robots":{"index":"index","follow":"follow","max-snippet":"max-snippet:-1","max-image-preview":"max-image-preview:large","max-video-preview":"max-video-preview:-1"},"canonical":"https:\/\/memurunsesi.net\/index.php\/2025\/08\/10\/ispartada-cikan-orman-yangini-buyumeden-sonduruldu\/","og_locale":"tr_TR","og_type":"article","og_title":"Isparta\u2019da \u00e7\u0131kan orman yang\u0131n\u0131 b\u00fcy\u00fcmeden s\u00f6nd\u00fcr\u00fcld\u00fc - Memurun Sesi","og_description":"Isparta\u2019n\u0131n E\u011firdir il\u00e7esindeki Kovada G\u00f6l\u00fc yak\u0131nlar\u0131nda \u00e7\u0131kan orman yang\u0131n\u0131, ekiplerin m\u00fcdahalesiyle k\u0131sa s\u00fcrede kontrol alt\u0131na al\u0131nd\u0131. Isparta\u2019n\u0131n E\u011firdir il\u00e7esinde bulunan Kovada G\u00f6l\u00fc yak\u0131nlar\u0131nda gece saatlerinde orman yang\u0131n\u0131 \u00e7\u0131kt\u0131. \u0130hbar \u00fczerine b\u00f6lgeye sevk edilen itfaiye ve Orman B\u00f6lge M\u00fcd\u00fcrl\u00fc\u011f\u00fc\u2019ne ba\u011fl\u0131 ekipler, karadan yapt\u0131klar\u0131 m\u00fcdahale ile yang\u0131n\u0131n b\u00fcy\u00fcmesini \u00f6nledi. Gece g\u00f6r\u00fc\u015fl\u00fc termal dron ile yang\u0131n organizasyonu yapan [&hellip;]","og_url":"https:\/\/memurunsesi.net\/index.php\/2025\/08\/10\/ispartada-cikan-orman-yangini-buyumeden-sonduruldu\/","og_site_name":"Memurun Sesi","article_publisher":"https:\/\/www.facebook.com\/unipersen\/?locale=tr_TR","article_published_time":"2025-08-10T10:07:36+00:00","og_image":[{"width":1600,"height":739,"url":"https:\/\/memurunsesi.net\/wp-content\/uploads\/2025\/08\/AW514562_03.jpg","type":"image\/jpeg"}],"author":"Memurun Sesi Haber Merkezi","twitter_card":"summary_large_image","twitter_creator":"@unipersen","twitter_site":"@unipersen","twitter_misc":{"Yazan:":"Memurun Sesi Haber Merkezi","Tahmini okuma s\u00fcresi":"1 dakika"},"schema":{"@context":"https:\/\/schema.org","@graph":[{"@type":"Article","@id":"https:\/\/memurunsesi.net\/index.php\/2025\/08\/10\/ispartada-cikan-orman-yangini-buyumeden-sonduruldu\/#article","isPartOf":{"@id":"https:\/\/memurunsesi.net\/index.php\/2025\/08\/10\/ispartada-cikan-orman-yangini-buyumeden-sonduruldu\/"},"author":{"name":"Memurun Sesi Haber Merkezi","@id":"https:\/\/memurunsesi.net\/#\/schema\/person\/f21c2d73b89f6ee1d80b0a1803e38587"},"headline":"Isparta\u2019da \u00e7\u0131kan orman yang\u0131n\u0131 b\u00fcy\u00fcmeden s\u00f6nd\u00fcr\u00fcld\u00fc","datePublished":"2025-08-10T10:07:36+00:00","mainEntityOfPage":{"@id":"https:\/\/memurunsesi.net\/index.php\/2025\/08\/10\/ispartada-cikan-orman-yangini-buyumeden-sonduruldu\/"},"wordCount":125,"commentCount":0,"publisher":{"@id":"https:\/\/memurunsesi.net\/#organization"},"image":{"@id":"https:\/\/memurunsesi.net\/index.php\/2025\/08\/10\/ispartada-cikan-orman-yangini-buyumeden-sonduruldu\/#primaryimage"},"thumbnailUrl":"https:\/\/memurunsesi.net\/wp-content\/uploads\/2025\/08\/AW514562_03.jpg","inLanguage":"tr","potentialAction":[{"@type":"CommentAction","name":"Comment","target":["https:\/\/memurunsesi.net\/index.php\/2025\/08\/10\/ispartada-cikan-orman-yangini-buyumeden-sonduruldu\/#respond"]}]},{"@type":"WebPage","@id":"https:\/\/memurunsesi.net\/index.php\/2025\/08\/10\/ispartada-cikan-orman-yangini-buyumeden-sonduruldu\/","url":"https:\/\/memurunsesi.net\/index.php\/2025\/08\/10\/ispartada-cikan-orman-yangini-buyumeden-sonduruldu\/","name":"Isparta\u2019da \u00e7\u0131kan orman yang\u0131n\u0131 b\u00fcy\u00fcmeden s\u00f6nd\u00fcr\u00fcld\u00fc - Memurun Sesi","isPartOf":{"@id":"https:\/\/memurunsesi.net\/#website"},"primaryImageOfPage":{"@id":"https:\/\/memurunsesi.net\/index.php\/2025\/08\/10\/ispartada-cikan-orman-yangini-buyumeden-sonduruldu\/#primaryimage"},"image":{"@id":"https:\/\/memurunsesi.net\/index.php\/2025\/08\/10\/ispartada-cikan-orman-yangini-buyumeden-sonduruldu\/#primaryimage"},"thumbnailUrl":"https:\/\/memurunsesi.net\/wp-content\/uploads\/2025\/08\/AW514562_03.jpg","datePublished":"2025-08-10T10:07:36+00:00","breadcrumb":{"@id":"https:\/\/memurunsesi.net\/index.php\/2025\/08\/10\/ispartada-cikan-orman-yangini-buyumeden-sonduruldu\/#breadcrumb"},"inLanguage":"tr","potentialAction":[{"@type":"ReadAction","target":["https:\/\/memurunsesi.net\/index.php\/2025\/08\/10\/ispartada-cikan-orman-yangini-buyumeden-sonduruldu\/"]}]},{"@type":"ImageObject","inLanguage":"tr","@id":"https:\/\/memurunsesi.net\/index.php\/2025\/08\/10\/ispartada-cikan-orman-yangini-buyumeden-sonduruldu\/#primaryimage","url":"https:\/\/memurunsesi.net\/wp-content\/uploads\/2025\/08\/AW514562_03.jpg","contentUrl":"https:\/\/memurunsesi.net\/wp-content\/uploads\/2025\/08\/AW514562_03.jpg","width":1600,"height":739,"caption":"ISPARTA'DA \u00c7IKAN ORMAN YANGINI B\u00dcY\u00dcMEDEN S\u00d6ND\u00dcR\u00dcLD\u00dc (\/ISPARTA-\u0130HA) Isparta'n\u0131n E\u011firdir il\u00e7esindeki Kovada G\u00f6l\u00fc yak\u0131nlar\u0131nda \u00e7\u0131kan orman yang\u0131n\u0131, ekiplerin m\u00fcdahalesiyle k\u0131sa s\u00fcrede kontrol alt\u0131na al\u0131nd\u0131."},{"@type":"BreadcrumbList","@id":"https:\/\/memurunsesi.net\/index.php\/2025\/08\/10\/ispartada-cikan-orman-yangini-buyumeden-sonduruldu\/#breadcrumb","itemListElement":[{"@type":"ListItem","position":1,"name":"Anasayfa","item":"https:\/\/memurunsesi.net\/"},{"@type":"ListItem","position":2,"name":"Isparta\u2019da \u00e7\u0131kan orman yang\u0131n\u0131 b\u00fcy\u00fcmeden s\u00f6nd\u00fcr\u00fcld\u00fc"}]},{"@type":"WebSite","@id":"https:\/\/memurunsesi.net\/#website","url":"https:\/\/memurunsesi.net\/","name":"Memurun Sesi","description":"G\u00fcncel ve Do\u011fru Haber","publisher":{"@id":"https:\/\/memurunsesi.net\/#organization"},"potentialAction":[{"@type":"SearchAction","target":{"@type":"EntryPoint","urlTemplate":"https:\/\/memurunsesi.net\/?s={search_term_string}"},"query-input":{"@type":"PropertyValueSpecification","valueRequired":true,"valueName":"search_term_string"}}],"inLanguage":"tr"},{"@type":"Organization","@id":"https:\/\/memurunsesi.net\/#organization","name":"Memurun Sesi","url":"https:\/\/memurunsesi.net\/","logo":{"@type":"ImageObject","inLanguage":"tr","@id":"https:\/\/memurunsesi.net\/#\/schema\/logo\/image\/","url":"https:\/\/memurunsesi.net\/wp-content\/uploads\/2025\/11\/cropped-MEMURUN-SESI.png","contentUrl":"https:\/\/memurunsesi.net\/wp-content\/uploads\/2025\/11\/cropped-MEMURUN-SESI.png","width":238,"height":57,"caption":"Memurun Sesi"},"image":{"@id":"https:\/\/memurunsesi.net\/#\/schema\/logo\/image\/"},"sameAs":["https:\/\/www.facebook.com\/unipersen\/?locale=tr_TR","https:\/\/x.com\/unipersen"]},{"@type":"Person","@id":"https:\/\/memurunsesi.net\/#\/schema\/person\/f21c2d73b89f6ee1d80b0a1803e38587","name":"Memurun Sesi Haber Merkezi","image":{"@type":"ImageObject","inLanguage":"tr","@id":"https:\/\/secure.gravatar.com\/avatar\/6cf0505f452ee753f485014986fab09a434671d2b919ee76fc541025c5876a70?s=96&d=mm&r=g","url":"https:\/\/secure.gravatar.com\/avatar\/6cf0505f452ee753f485014986fab09a434671d2b919ee76fc541025c5876a70?s=96&d=mm&r=g","contentUrl":"https:\/\/secure.gravatar.com\/avatar\/6cf0505f452ee753f485014986fab09a434671d2b919ee76fc541025c5876a70?s=96&d=mm&r=g","caption":"Memurun Sesi Haber Merkezi"},"sameAs":["https:\/\/memurunsesi.net"],"url":"https:\/\/memurunsesi.net\/index.php\/author\/uniper\/"}]}},"_links":{"self":[{"href":"https:\/\/memurunsesi.net\/index.php\/wp-json\/wp\/v2\/posts\/10246","targetHints":{"allow":["GET"]}}],"collection":[{"href":"https:\/\/memurunsesi.net\/index.php\/wp-json\/wp\/v2\/posts"}],"about":[{"href":"https:\/\/memurunsesi.net\/index.php\/wp-json\/wp\/v2\/types\/post"}],"author":[{"embeddable":true,"href":"https:\/\/memurunsesi.net\/index.php\/wp-json\/wp\/v2\/users\/1"}],"replies":[{"embeddable":true,"href":"https:\/\/memurunsesi.net\/index.php\/wp-json\/wp\/v2\/comments?post=10246"}],"version-history":[{"count":1,"href":"https:\/\/memurunsesi.net\/index.php\/wp-json\/wp\/v2\/posts\/10246\/revisions"}],"predecessor-version":[{"id":10249,"href":"https:\/\/memurunsesi.net\/index.php\/wp-json\/wp\/v2\/posts\/10246\/revisions\/10249"}],"wp:featuredmedia":[{"embeddable":true,"href":"https:\/\/memurunsesi.net\/index.php\/wp-json\/wp\/v2\/media\/10248"}],"wp:attachment":[{"href":"https:\/\/memurunsesi.net\/index.php\/wp-json\/wp\/v2\/media?parent=10246"}],"wp:term":[{"taxonomy":"category","embeddable":true,"href":"https:\/\/memurunsesi.net\/index.php\/wp-json\/wp\/v2\/categories?post=10246"},{"taxonomy":"post_tag","embeddable":true,"href":"https:\/\/memurunsesi.net\/index.php\/wp-json\/wp\/v2\/tags?post=10246"}],"curies":[{"name":"wp","href":"https:\/\/api.w.org\/{rel}","templated":true}]}}