{"id":10256,"date":"2025-08-11T08:34:02","date_gmt":"2025-08-11T05:34:02","guid":{"rendered":"https:\/\/memurunsesi.net\/?p=10256"},"modified":"2025-08-11T08:34:02","modified_gmt":"2025-08-11T05:34:02","slug":"sindirgi-depreminde-coken-bina-sabahin-ilk-isiklari-ile-havadan-goruntulendi","status":"publish","type":"post","link":"https:\/\/memurunsesi.net\/index.php\/2025\/08\/11\/sindirgi-depreminde-coken-bina-sabahin-ilk-isiklari-ile-havadan-goruntulendi\/","title":{"rendered":"S\u0131nd\u0131rg\u0131 depreminde \u00e7\u00f6ken bina sabah\u0131n ilk \u0131\u015f\u0131klar\u0131 ile havadan g\u00f6r\u00fcnt\u00fclendi"},"content":{"rendered":"<p>  Bal\u0131kesir&#8217;in S\u0131nd\u0131rg\u0131 il\u00e7esinde ya\u015fanan 6.1 b\u00fcy\u00fckl\u00fc\u011f\u00fcndeki deprem nedeniyle y\u0131k\u0131lan bina sabah\u0131n ilk \u0131\u015f\u0131klar\u0131yla birlikte dron ile havadan g\u00f6r\u00fcnt\u00fclendi.<br \/>\nEnkaz alt\u0131nda kalan 4 vatanda\u015f ekipler taraf\u0131ndan kurtar\u0131l\u0131rken, 2 ki\u015fi ise kendi imk\u00e2nlar\u0131yla \u00e7\u0131kt\u0131. Kurtar\u0131lan 81 ya\u015f\u0131ndaki bir vatanda\u015f, yap\u0131lan t\u00fcm m\u00fcdahalelere ra\u011fmen hayat\u0131n\u0131 kaybetti. Gece boyunca s\u00fcren \u00e7al\u0131\u015fmalar\u0131n ard\u0131ndan sabah\u0131n ilk \u0131\u015f\u0131klar\u0131 ile y\u0131k\u0131lan bina havadan dron ile g\u00f6r\u00fcnt\u00fclendi. <\/p>\n<p>11.08.2025                                <\/p>\n","protected":false},"excerpt":{"rendered":"<p>Bal\u0131kesir&#8217;in S\u0131nd\u0131rg\u0131 il\u00e7esinde ya\u015fanan 6.1 b\u00fcy\u00fckl\u00fc\u011f\u00fcndeki deprem nedeniyle y\u0131k\u0131lan bina sabah\u0131n ilk \u0131\u015f\u0131klar\u0131yla birlikte dron ile havadan g\u00f6r\u00fcnt\u00fclendi. Enkaz alt\u0131nda kalan 4 vatanda\u015f ekipler taraf\u0131ndan kurtar\u0131l\u0131rken, 2 ki\u015fi ise kendi imk\u00e2nlar\u0131yla \u00e7\u0131kt\u0131. Kurtar\u0131lan 81 ya\u015f\u0131ndaki bir vatanda\u015f, yap\u0131lan t\u00fcm m\u00fcdahalelere ra\u011fmen hayat\u0131n\u0131 kaybetti. Gece boyunca s\u00fcren \u00e7al\u0131\u015fmalar\u0131n ard\u0131ndan sabah\u0131n ilk \u0131\u015f\u0131klar\u0131 ile y\u0131k\u0131lan bina havadan [&hellip;]<\/p>\n","protected":false},"author":1,"featured_media":10257,"comment_status":"open","ping_status":"open","sticky":false,"template":"","format":"standard","meta":{"footnotes":""},"categories":[45],"tags":[],"class_list":["post-10256","post","type-post","status-publish","format-standard","has-post-thumbnail","hentry","category-gundem"],"yoast_head":"<!-- This site is optimized with the Yoast SEO plugin v27.4 - https:\/\/yoast.com\/product\/yoast-seo-wordpress\/ -->\n<title>S\u0131nd\u0131rg\u0131 depreminde \u00e7\u00f6ken bina sabah\u0131n ilk \u0131\u015f\u0131klar\u0131 ile havadan g\u00f6r\u00fcnt\u00fclendi - Memurun Sesi<\/title>\n<meta name=\"robots\" content=\"index, follow, max-snippet:-1, max-image-preview:large, max-video-preview:-1\" \/>\n<link rel=\"canonical\" href=\"https:\/\/memurunsesi.net\/index.php\/2025\/08\/11\/sindirgi-depreminde-coken-bina-sabahin-ilk-isiklari-ile-havadan-goruntulendi\/\" \/>\n<meta property=\"og:locale\" content=\"tr_TR\" \/>\n<meta property=\"og:type\" content=\"article\" \/>\n<meta property=\"og:title\" content=\"S\u0131nd\u0131rg\u0131 depreminde \u00e7\u00f6ken bina sabah\u0131n ilk \u0131\u015f\u0131klar\u0131 ile havadan g\u00f6r\u00fcnt\u00fclendi - Memurun Sesi\" \/>\n<meta property=\"og:description\" content=\"Bal\u0131kesir&#8217;in S\u0131nd\u0131rg\u0131 il\u00e7esinde ya\u015fanan 6.1 b\u00fcy\u00fckl\u00fc\u011f\u00fcndeki deprem nedeniyle y\u0131k\u0131lan bina sabah\u0131n ilk \u0131\u015f\u0131klar\u0131yla birlikte dron ile havadan g\u00f6r\u00fcnt\u00fclendi. Enkaz alt\u0131nda kalan 4 vatanda\u015f ekipler taraf\u0131ndan kurtar\u0131l\u0131rken, 2 ki\u015fi ise kendi imk\u00e2nlar\u0131yla \u00e7\u0131kt\u0131. Kurtar\u0131lan 81 ya\u015f\u0131ndaki bir vatanda\u015f, yap\u0131lan t\u00fcm m\u00fcdahalelere ra\u011fmen hayat\u0131n\u0131 kaybetti. Gece boyunca s\u00fcren \u00e7al\u0131\u015fmalar\u0131n ard\u0131ndan sabah\u0131n ilk \u0131\u015f\u0131klar\u0131 ile y\u0131k\u0131lan bina havadan [&hellip;]\" \/>\n<meta property=\"og:url\" content=\"https:\/\/memurunsesi.net\/index.php\/2025\/08\/11\/sindirgi-depreminde-coken-bina-sabahin-ilk-isiklari-ile-havadan-goruntulendi\/\" \/>\n<meta property=\"og:site_name\" content=\"Memurun Sesi\" \/>\n<meta property=\"article:publisher\" content=\"https:\/\/www.facebook.com\/unipersen\/?locale=tr_TR\" \/>\n<meta property=\"article:published_time\" content=\"2025-08-11T05:34:02+00:00\" \/>\n<meta property=\"og:image\" content=\"https:\/\/memurunsesi.net\/wp-content\/uploads\/2025\/08\/AW514903_01-scaled.jpg\" \/>\n\t<meta property=\"og:image:width\" content=\"2560\" \/>\n\t<meta property=\"og:image:height\" content=\"1440\" \/>\n\t<meta property=\"og:image:type\" content=\"image\/jpeg\" \/>\n<meta name=\"author\" content=\"Memurun Sesi Haber Merkezi\" \/>\n<meta name=\"twitter:card\" content=\"summary_large_image\" \/>\n<meta name=\"twitter:creator\" content=\"@unipersen\" \/>\n<meta name=\"twitter:site\" content=\"@unipersen\" \/>\n<meta name=\"twitter:label1\" content=\"Yazan:\" \/>\n\t<meta name=\"twitter:data1\" content=\"Memurun Sesi Haber Merkezi\" \/>\n\t<meta name=\"twitter:label2\" content=\"Tahmini okuma s\u00fcresi\" \/>\n\t<meta name=\"twitter:data2\" content=\"1 dakika\" \/>\n<script type=\"application\/ld+json\" class=\"yoast-schema-graph\">{\"@context\":\"https:\\\/\\\/schema.org\",\"@graph\":[{\"@type\":\"Article\",\"@id\":\"https:\\\/\\\/memurunsesi.net\\\/index.php\\\/2025\\\/08\\\/11\\\/sindirgi-depreminde-coken-bina-sabahin-ilk-isiklari-ile-havadan-goruntulendi\\\/#article\",\"isPartOf\":{\"@id\":\"https:\\\/\\\/memurunsesi.net\\\/index.php\\\/2025\\\/08\\\/11\\\/sindirgi-depreminde-coken-bina-sabahin-ilk-isiklari-ile-havadan-goruntulendi\\\/\"},\"author\":{\"name\":\"Memurun Sesi Haber Merkezi\",\"@id\":\"https:\\\/\\\/memurunsesi.net\\\/#\\\/schema\\\/person\\\/f21c2d73b89f6ee1d80b0a1803e38587\"},\"headline\":\"S\u0131nd\u0131rg\u0131 depreminde \u00e7\u00f6ken bina sabah\u0131n ilk \u0131\u015f\u0131klar\u0131 ile havadan g\u00f6r\u00fcnt\u00fclendi\",\"datePublished\":\"2025-08-11T05:34:02+00:00\",\"mainEntityOfPage\":{\"@id\":\"https:\\\/\\\/memurunsesi.net\\\/index.php\\\/2025\\\/08\\\/11\\\/sindirgi-depreminde-coken-bina-sabahin-ilk-isiklari-ile-havadan-goruntulendi\\\/\"},\"wordCount\":110,\"commentCount\":0,\"publisher\":{\"@id\":\"https:\\\/\\\/memurunsesi.net\\\/#organization\"},\"image\":{\"@id\":\"https:\\\/\\\/memurunsesi.net\\\/index.php\\\/2025\\\/08\\\/11\\\/sindirgi-depreminde-coken-bina-sabahin-ilk-isiklari-ile-havadan-goruntulendi\\\/#primaryimage\"},\"thumbnailUrl\":\"https:\\\/\\\/memurunsesi.net\\\/wp-content\\\/uploads\\\/2025\\\/08\\\/AW514903_01-scaled.jpg\",\"articleSection\":[\"G\u00fcndem\"],\"inLanguage\":\"tr\",\"potentialAction\":[{\"@type\":\"CommentAction\",\"name\":\"Comment\",\"target\":[\"https:\\\/\\\/memurunsesi.net\\\/index.php\\\/2025\\\/08\\\/11\\\/sindirgi-depreminde-coken-bina-sabahin-ilk-isiklari-ile-havadan-goruntulendi\\\/#respond\"]}]},{\"@type\":\"WebPage\",\"@id\":\"https:\\\/\\\/memurunsesi.net\\\/index.php\\\/2025\\\/08\\\/11\\\/sindirgi-depreminde-coken-bina-sabahin-ilk-isiklari-ile-havadan-goruntulendi\\\/\",\"url\":\"https:\\\/\\\/memurunsesi.net\\\/index.php\\\/2025\\\/08\\\/11\\\/sindirgi-depreminde-coken-bina-sabahin-ilk-isiklari-ile-havadan-goruntulendi\\\/\",\"name\":\"S\u0131nd\u0131rg\u0131 depreminde \u00e7\u00f6ken bina sabah\u0131n ilk \u0131\u015f\u0131klar\u0131 ile havadan g\u00f6r\u00fcnt\u00fclendi - Memurun Sesi\",\"isPartOf\":{\"@id\":\"https:\\\/\\\/memurunsesi.net\\\/#website\"},\"primaryImageOfPage\":{\"@id\":\"https:\\\/\\\/memurunsesi.net\\\/index.php\\\/2025\\\/08\\\/11\\\/sindirgi-depreminde-coken-bina-sabahin-ilk-isiklari-ile-havadan-goruntulendi\\\/#primaryimage\"},\"image\":{\"@id\":\"https:\\\/\\\/memurunsesi.net\\\/index.php\\\/2025\\\/08\\\/11\\\/sindirgi-depreminde-coken-bina-sabahin-ilk-isiklari-ile-havadan-goruntulendi\\\/#primaryimage\"},\"thumbnailUrl\":\"https:\\\/\\\/memurunsesi.net\\\/wp-content\\\/uploads\\\/2025\\\/08\\\/AW514903_01-scaled.jpg\",\"datePublished\":\"2025-08-11T05:34:02+00:00\",\"breadcrumb\":{\"@id\":\"https:\\\/\\\/memurunsesi.net\\\/index.php\\\/2025\\\/08\\\/11\\\/sindirgi-depreminde-coken-bina-sabahin-ilk-isiklari-ile-havadan-goruntulendi\\\/#breadcrumb\"},\"inLanguage\":\"tr\",\"potentialAction\":[{\"@type\":\"ReadAction\",\"target\":[\"https:\\\/\\\/memurunsesi.net\\\/index.php\\\/2025\\\/08\\\/11\\\/sindirgi-depreminde-coken-bina-sabahin-ilk-isiklari-ile-havadan-goruntulendi\\\/\"]}]},{\"@type\":\"ImageObject\",\"inLanguage\":\"tr\",\"@id\":\"https:\\\/\\\/memurunsesi.net\\\/index.php\\\/2025\\\/08\\\/11\\\/sindirgi-depreminde-coken-bina-sabahin-ilk-isiklari-ile-havadan-goruntulendi\\\/#primaryimage\",\"url\":\"https:\\\/\\\/memurunsesi.net\\\/wp-content\\\/uploads\\\/2025\\\/08\\\/AW514903_01-scaled.jpg\",\"contentUrl\":\"https:\\\/\\\/memurunsesi.net\\\/wp-content\\\/uploads\\\/2025\\\/08\\\/AW514903_01-scaled.jpg\",\"width\":2560,\"height\":1440,\"caption\":\"BALIKES\u0130R'\u0130N SINDIRGI \u0130L\u00c7ES\u0130NDE YA\u015eANAN 6.1 \u015e\u0130DDET\u0130NDEK\u0130 DEPREM NEDEN\u0130YLE YIKILAN B\u0130NA SABAHIN \u0130LK I\u015eIKLARI \u0130LE B\u0130RL\u0130KTE DRON \u0130LE HAVADAN G\u00d6R\u00dcNT\u00dcLEND\u0130. BALIKES\u0130R'\u0130N SINDIRGI \u0130L\u00c7ES\u0130NDE YA\u015eANAN 6.1 \u015e\u0130DDET\u0130NDEK\u0130 DEPREM NEDEN\u0130YLE YIKILAN B\u0130NA SABAHIN \u0130LK I\u015eIKLARI \u0130LE B\u0130RL\u0130KTE DRON \u0130LE HAVADAN G\u00d6R\u00dcNT\u00dcLEND\u0130. (EMRAH ELMAS - \u0130SMA\u0130L \u00d6ZDEM\u0130R - MURAT SEYMAN\\\/BALIKES\u0130R-\u0130HA) Bal\u0131kesir'in S\u0131nd\u0131rg\u0131 il\u00e7esinde ya\u015fanan 6.1 b\u00fcy\u00fckl\u00fc\u011f\u00fcndeki deprem nedeniyle y\u0131k\u0131lan bina sabah\u0131n ilk \u0131\u015f\u0131klar\u0131yla birlikte dron ile havadan g\u00f6r\u00fcnt\u00fclendi.\"},{\"@type\":\"BreadcrumbList\",\"@id\":\"https:\\\/\\\/memurunsesi.net\\\/index.php\\\/2025\\\/08\\\/11\\\/sindirgi-depreminde-coken-bina-sabahin-ilk-isiklari-ile-havadan-goruntulendi\\\/#breadcrumb\",\"itemListElement\":[{\"@type\":\"ListItem\",\"position\":1,\"name\":\"Anasayfa\",\"item\":\"https:\\\/\\\/memurunsesi.net\\\/\"},{\"@type\":\"ListItem\",\"position\":2,\"name\":\"S\u0131nd\u0131rg\u0131 depreminde \u00e7\u00f6ken bina sabah\u0131n ilk \u0131\u015f\u0131klar\u0131 ile havadan g\u00f6r\u00fcnt\u00fclendi\"}]},{\"@type\":\"WebSite\",\"@id\":\"https:\\\/\\\/memurunsesi.net\\\/#website\",\"url\":\"https:\\\/\\\/memurunsesi.net\\\/\",\"name\":\"Memurun Sesi\",\"description\":\"G\u00fcncel ve Do\u011fru Haber\",\"publisher\":{\"@id\":\"https:\\\/\\\/memurunsesi.net\\\/#organization\"},\"potentialAction\":[{\"@type\":\"SearchAction\",\"target\":{\"@type\":\"EntryPoint\",\"urlTemplate\":\"https:\\\/\\\/memurunsesi.net\\\/?s={search_term_string}\"},\"query-input\":{\"@type\":\"PropertyValueSpecification\",\"valueRequired\":true,\"valueName\":\"search_term_string\"}}],\"inLanguage\":\"tr\"},{\"@type\":\"Organization\",\"@id\":\"https:\\\/\\\/memurunsesi.net\\\/#organization\",\"name\":\"Memurun Sesi\",\"url\":\"https:\\\/\\\/memurunsesi.net\\\/\",\"logo\":{\"@type\":\"ImageObject\",\"inLanguage\":\"tr\",\"@id\":\"https:\\\/\\\/memurunsesi.net\\\/#\\\/schema\\\/logo\\\/image\\\/\",\"url\":\"https:\\\/\\\/memurunsesi.net\\\/wp-content\\\/uploads\\\/2025\\\/11\\\/cropped-MEMURUN-SESI.png\",\"contentUrl\":\"https:\\\/\\\/memurunsesi.net\\\/wp-content\\\/uploads\\\/2025\\\/11\\\/cropped-MEMURUN-SESI.png\",\"width\":238,\"height\":57,\"caption\":\"Memurun Sesi\"},\"image\":{\"@id\":\"https:\\\/\\\/memurunsesi.net\\\/#\\\/schema\\\/logo\\\/image\\\/\"},\"sameAs\":[\"https:\\\/\\\/www.facebook.com\\\/unipersen\\\/?locale=tr_TR\",\"https:\\\/\\\/x.com\\\/unipersen\"]},{\"@type\":\"Person\",\"@id\":\"https:\\\/\\\/memurunsesi.net\\\/#\\\/schema\\\/person\\\/f21c2d73b89f6ee1d80b0a1803e38587\",\"name\":\"Memurun Sesi Haber Merkezi\",\"image\":{\"@type\":\"ImageObject\",\"inLanguage\":\"tr\",\"@id\":\"https:\\\/\\\/secure.gravatar.com\\\/avatar\\\/6cf0505f452ee753f485014986fab09a434671d2b919ee76fc541025c5876a70?s=96&d=mm&r=g\",\"url\":\"https:\\\/\\\/secure.gravatar.com\\\/avatar\\\/6cf0505f452ee753f485014986fab09a434671d2b919ee76fc541025c5876a70?s=96&d=mm&r=g\",\"contentUrl\":\"https:\\\/\\\/secure.gravatar.com\\\/avatar\\\/6cf0505f452ee753f485014986fab09a434671d2b919ee76fc541025c5876a70?s=96&d=mm&r=g\",\"caption\":\"Memurun Sesi Haber Merkezi\"},\"sameAs\":[\"https:\\\/\\\/memurunsesi.net\"],\"url\":\"https:\\\/\\\/memurunsesi.net\\\/index.php\\\/author\\\/uniper\\\/\"}]}<\/script>\n<!-- \/ Yoast SEO plugin. -->","yoast_head_json":{"title":"S\u0131nd\u0131rg\u0131 depreminde \u00e7\u00f6ken bina sabah\u0131n ilk \u0131\u015f\u0131klar\u0131 ile havadan g\u00f6r\u00fcnt\u00fclendi - Memurun Sesi","robots":{"index":"index","follow":"follow","max-snippet":"max-snippet:-1","max-image-preview":"max-image-preview:large","max-video-preview":"max-video-preview:-1"},"canonical":"https:\/\/memurunsesi.net\/index.php\/2025\/08\/11\/sindirgi-depreminde-coken-bina-sabahin-ilk-isiklari-ile-havadan-goruntulendi\/","og_locale":"tr_TR","og_type":"article","og_title":"S\u0131nd\u0131rg\u0131 depreminde \u00e7\u00f6ken bina sabah\u0131n ilk \u0131\u015f\u0131klar\u0131 ile havadan g\u00f6r\u00fcnt\u00fclendi - Memurun Sesi","og_description":"Bal\u0131kesir&#8217;in S\u0131nd\u0131rg\u0131 il\u00e7esinde ya\u015fanan 6.1 b\u00fcy\u00fckl\u00fc\u011f\u00fcndeki deprem nedeniyle y\u0131k\u0131lan bina sabah\u0131n ilk \u0131\u015f\u0131klar\u0131yla birlikte dron ile havadan g\u00f6r\u00fcnt\u00fclendi. Enkaz alt\u0131nda kalan 4 vatanda\u015f ekipler taraf\u0131ndan kurtar\u0131l\u0131rken, 2 ki\u015fi ise kendi imk\u00e2nlar\u0131yla \u00e7\u0131kt\u0131. Kurtar\u0131lan 81 ya\u015f\u0131ndaki bir vatanda\u015f, yap\u0131lan t\u00fcm m\u00fcdahalelere ra\u011fmen hayat\u0131n\u0131 kaybetti. Gece boyunca s\u00fcren \u00e7al\u0131\u015fmalar\u0131n ard\u0131ndan sabah\u0131n ilk \u0131\u015f\u0131klar\u0131 ile y\u0131k\u0131lan bina havadan [&hellip;]","og_url":"https:\/\/memurunsesi.net\/index.php\/2025\/08\/11\/sindirgi-depreminde-coken-bina-sabahin-ilk-isiklari-ile-havadan-goruntulendi\/","og_site_name":"Memurun Sesi","article_publisher":"https:\/\/www.facebook.com\/unipersen\/?locale=tr_TR","article_published_time":"2025-08-11T05:34:02+00:00","og_image":[{"width":2560,"height":1440,"url":"https:\/\/memurunsesi.net\/wp-content\/uploads\/2025\/08\/AW514903_01-scaled.jpg","type":"image\/jpeg"}],"author":"Memurun Sesi Haber Merkezi","twitter_card":"summary_large_image","twitter_creator":"@unipersen","twitter_site":"@unipersen","twitter_misc":{"Yazan:":"Memurun Sesi Haber Merkezi","Tahmini okuma s\u00fcresi":"1 dakika"},"schema":{"@context":"https:\/\/schema.org","@graph":[{"@type":"Article","@id":"https:\/\/memurunsesi.net\/index.php\/2025\/08\/11\/sindirgi-depreminde-coken-bina-sabahin-ilk-isiklari-ile-havadan-goruntulendi\/#article","isPartOf":{"@id":"https:\/\/memurunsesi.net\/index.php\/2025\/08\/11\/sindirgi-depreminde-coken-bina-sabahin-ilk-isiklari-ile-havadan-goruntulendi\/"},"author":{"name":"Memurun Sesi Haber Merkezi","@id":"https:\/\/memurunsesi.net\/#\/schema\/person\/f21c2d73b89f6ee1d80b0a1803e38587"},"headline":"S\u0131nd\u0131rg\u0131 depreminde \u00e7\u00f6ken bina sabah\u0131n ilk \u0131\u015f\u0131klar\u0131 ile havadan g\u00f6r\u00fcnt\u00fclendi","datePublished":"2025-08-11T05:34:02+00:00","mainEntityOfPage":{"@id":"https:\/\/memurunsesi.net\/index.php\/2025\/08\/11\/sindirgi-depreminde-coken-bina-sabahin-ilk-isiklari-ile-havadan-goruntulendi\/"},"wordCount":110,"commentCount":0,"publisher":{"@id":"https:\/\/memurunsesi.net\/#organization"},"image":{"@id":"https:\/\/memurunsesi.net\/index.php\/2025\/08\/11\/sindirgi-depreminde-coken-bina-sabahin-ilk-isiklari-ile-havadan-goruntulendi\/#primaryimage"},"thumbnailUrl":"https:\/\/memurunsesi.net\/wp-content\/uploads\/2025\/08\/AW514903_01-scaled.jpg","articleSection":["G\u00fcndem"],"inLanguage":"tr","potentialAction":[{"@type":"CommentAction","name":"Comment","target":["https:\/\/memurunsesi.net\/index.php\/2025\/08\/11\/sindirgi-depreminde-coken-bina-sabahin-ilk-isiklari-ile-havadan-goruntulendi\/#respond"]}]},{"@type":"WebPage","@id":"https:\/\/memurunsesi.net\/index.php\/2025\/08\/11\/sindirgi-depreminde-coken-bina-sabahin-ilk-isiklari-ile-havadan-goruntulendi\/","url":"https:\/\/memurunsesi.net\/index.php\/2025\/08\/11\/sindirgi-depreminde-coken-bina-sabahin-ilk-isiklari-ile-havadan-goruntulendi\/","name":"S\u0131nd\u0131rg\u0131 depreminde \u00e7\u00f6ken bina sabah\u0131n ilk \u0131\u015f\u0131klar\u0131 ile havadan g\u00f6r\u00fcnt\u00fclendi - Memurun Sesi","isPartOf":{"@id":"https:\/\/memurunsesi.net\/#website"},"primaryImageOfPage":{"@id":"https:\/\/memurunsesi.net\/index.php\/2025\/08\/11\/sindirgi-depreminde-coken-bina-sabahin-ilk-isiklari-ile-havadan-goruntulendi\/#primaryimage"},"image":{"@id":"https:\/\/memurunsesi.net\/index.php\/2025\/08\/11\/sindirgi-depreminde-coken-bina-sabahin-ilk-isiklari-ile-havadan-goruntulendi\/#primaryimage"},"thumbnailUrl":"https:\/\/memurunsesi.net\/wp-content\/uploads\/2025\/08\/AW514903_01-scaled.jpg","datePublished":"2025-08-11T05:34:02+00:00","breadcrumb":{"@id":"https:\/\/memurunsesi.net\/index.php\/2025\/08\/11\/sindirgi-depreminde-coken-bina-sabahin-ilk-isiklari-ile-havadan-goruntulendi\/#breadcrumb"},"inLanguage":"tr","potentialAction":[{"@type":"ReadAction","target":["https:\/\/memurunsesi.net\/index.php\/2025\/08\/11\/sindirgi-depreminde-coken-bina-sabahin-ilk-isiklari-ile-havadan-goruntulendi\/"]}]},{"@type":"ImageObject","inLanguage":"tr","@id":"https:\/\/memurunsesi.net\/index.php\/2025\/08\/11\/sindirgi-depreminde-coken-bina-sabahin-ilk-isiklari-ile-havadan-goruntulendi\/#primaryimage","url":"https:\/\/memurunsesi.net\/wp-content\/uploads\/2025\/08\/AW514903_01-scaled.jpg","contentUrl":"https:\/\/memurunsesi.net\/wp-content\/uploads\/2025\/08\/AW514903_01-scaled.jpg","width":2560,"height":1440,"caption":"BALIKES\u0130R'\u0130N SINDIRGI \u0130L\u00c7ES\u0130NDE YA\u015eANAN 6.1 \u015e\u0130DDET\u0130NDEK\u0130 DEPREM NEDEN\u0130YLE YIKILAN B\u0130NA SABAHIN \u0130LK I\u015eIKLARI \u0130LE B\u0130RL\u0130KTE DRON \u0130LE HAVADAN G\u00d6R\u00dcNT\u00dcLEND\u0130. BALIKES\u0130R'\u0130N SINDIRGI \u0130L\u00c7ES\u0130NDE YA\u015eANAN 6.1 \u015e\u0130DDET\u0130NDEK\u0130 DEPREM NEDEN\u0130YLE YIKILAN B\u0130NA SABAHIN \u0130LK I\u015eIKLARI \u0130LE B\u0130RL\u0130KTE DRON \u0130LE HAVADAN G\u00d6R\u00dcNT\u00dcLEND\u0130. (EMRAH ELMAS - \u0130SMA\u0130L \u00d6ZDEM\u0130R - MURAT SEYMAN\/BALIKES\u0130R-\u0130HA) Bal\u0131kesir'in S\u0131nd\u0131rg\u0131 il\u00e7esinde ya\u015fanan 6.1 b\u00fcy\u00fckl\u00fc\u011f\u00fcndeki deprem nedeniyle y\u0131k\u0131lan bina sabah\u0131n ilk \u0131\u015f\u0131klar\u0131yla birlikte dron ile havadan g\u00f6r\u00fcnt\u00fclendi."},{"@type":"BreadcrumbList","@id":"https:\/\/memurunsesi.net\/index.php\/2025\/08\/11\/sindirgi-depreminde-coken-bina-sabahin-ilk-isiklari-ile-havadan-goruntulendi\/#breadcrumb","itemListElement":[{"@type":"ListItem","position":1,"name":"Anasayfa","item":"https:\/\/memurunsesi.net\/"},{"@type":"ListItem","position":2,"name":"S\u0131nd\u0131rg\u0131 depreminde \u00e7\u00f6ken bina sabah\u0131n ilk \u0131\u015f\u0131klar\u0131 ile havadan g\u00f6r\u00fcnt\u00fclendi"}]},{"@type":"WebSite","@id":"https:\/\/memurunsesi.net\/#website","url":"https:\/\/memurunsesi.net\/","name":"Memurun Sesi","description":"G\u00fcncel ve Do\u011fru Haber","publisher":{"@id":"https:\/\/memurunsesi.net\/#organization"},"potentialAction":[{"@type":"SearchAction","target":{"@type":"EntryPoint","urlTemplate":"https:\/\/memurunsesi.net\/?s={search_term_string}"},"query-input":{"@type":"PropertyValueSpecification","valueRequired":true,"valueName":"search_term_string"}}],"inLanguage":"tr"},{"@type":"Organization","@id":"https:\/\/memurunsesi.net\/#organization","name":"Memurun Sesi","url":"https:\/\/memurunsesi.net\/","logo":{"@type":"ImageObject","inLanguage":"tr","@id":"https:\/\/memurunsesi.net\/#\/schema\/logo\/image\/","url":"https:\/\/memurunsesi.net\/wp-content\/uploads\/2025\/11\/cropped-MEMURUN-SESI.png","contentUrl":"https:\/\/memurunsesi.net\/wp-content\/uploads\/2025\/11\/cropped-MEMURUN-SESI.png","width":238,"height":57,"caption":"Memurun Sesi"},"image":{"@id":"https:\/\/memurunsesi.net\/#\/schema\/logo\/image\/"},"sameAs":["https:\/\/www.facebook.com\/unipersen\/?locale=tr_TR","https:\/\/x.com\/unipersen"]},{"@type":"Person","@id":"https:\/\/memurunsesi.net\/#\/schema\/person\/f21c2d73b89f6ee1d80b0a1803e38587","name":"Memurun Sesi Haber Merkezi","image":{"@type":"ImageObject","inLanguage":"tr","@id":"https:\/\/secure.gravatar.com\/avatar\/6cf0505f452ee753f485014986fab09a434671d2b919ee76fc541025c5876a70?s=96&d=mm&r=g","url":"https:\/\/secure.gravatar.com\/avatar\/6cf0505f452ee753f485014986fab09a434671d2b919ee76fc541025c5876a70?s=96&d=mm&r=g","contentUrl":"https:\/\/secure.gravatar.com\/avatar\/6cf0505f452ee753f485014986fab09a434671d2b919ee76fc541025c5876a70?s=96&d=mm&r=g","caption":"Memurun Sesi Haber Merkezi"},"sameAs":["https:\/\/memurunsesi.net"],"url":"https:\/\/memurunsesi.net\/index.php\/author\/uniper\/"}]}},"_links":{"self":[{"href":"https:\/\/memurunsesi.net\/index.php\/wp-json\/wp\/v2\/posts\/10256","targetHints":{"allow":["GET"]}}],"collection":[{"href":"https:\/\/memurunsesi.net\/index.php\/wp-json\/wp\/v2\/posts"}],"about":[{"href":"https:\/\/memurunsesi.net\/index.php\/wp-json\/wp\/v2\/types\/post"}],"author":[{"embeddable":true,"href":"https:\/\/memurunsesi.net\/index.php\/wp-json\/wp\/v2\/users\/1"}],"replies":[{"embeddable":true,"href":"https:\/\/memurunsesi.net\/index.php\/wp-json\/wp\/v2\/comments?post=10256"}],"version-history":[{"count":1,"href":"https:\/\/memurunsesi.net\/index.php\/wp-json\/wp\/v2\/posts\/10256\/revisions"}],"predecessor-version":[{"id":10258,"href":"https:\/\/memurunsesi.net\/index.php\/wp-json\/wp\/v2\/posts\/10256\/revisions\/10258"}],"wp:featuredmedia":[{"embeddable":true,"href":"https:\/\/memurunsesi.net\/index.php\/wp-json\/wp\/v2\/media\/10257"}],"wp:attachment":[{"href":"https:\/\/memurunsesi.net\/index.php\/wp-json\/wp\/v2\/media?parent=10256"}],"wp:term":[{"taxonomy":"category","embeddable":true,"href":"https:\/\/memurunsesi.net\/index.php\/wp-json\/wp\/v2\/categories?post=10256"},{"taxonomy":"post_tag","embeddable":true,"href":"https:\/\/memurunsesi.net\/index.php\/wp-json\/wp\/v2\/tags?post=10256"}],"curies":[{"name":"wp","href":"https:\/\/api.w.org\/{rel}","templated":true}]}}