{"id":10259,"date":"2025-08-11T08:35:14","date_gmt":"2025-08-11T05:35:14","guid":{"rendered":"https:\/\/memurunsesi.net\/?p=10259"},"modified":"2025-08-11T08:35:14","modified_gmt":"2025-08-11T05:35:14","slug":"afad-baskani-pehlivan-canakkalede-incelemelerde-bulundu","status":"publish","type":"post","link":"https:\/\/memurunsesi.net\/index.php\/2025\/08\/11\/afad-baskani-pehlivan-canakkalede-incelemelerde-bulundu\/","title":{"rendered":"AFAD Ba\u015fkan\u0131 Pehlivan, \u00c7anakkale&#8217;de incelemelerde bulundu"},"content":{"rendered":"<p>   Afet ve Acil Durum Y\u00f6netimi (AFAD) Ba\u015fkan\u0131 Ali Hamza Pehlivan yang\u0131ndan etkilenen \u00c7anakkale&#8217;de incelemelerde bulundu.<br \/>\nAFAD Ba\u015fkan\u0131 Ali Hamza Pehlivan T\u00fcrkiye Afet M\u00fcdahale Plan\u0131 (TAMP) kapsam\u0131nda havadan ve karadan ger\u00e7ekle\u015ftirilen yo\u011fun \u00e7al\u0131\u015fmalar sonucunda kontrol alt\u0131na al\u0131nan yang\u0131n\u0131n etkili oldu\u011fu alanlarda incelemelerde bulundu. Vali Pehlivan yang\u0131ndan etkilenen; Sar\u0131caeli K\u00f6y\u00fc, Radar Tepesi \u00c7anakkale Onsekiz Mart \u00dcniversitesi Kamp\u00fcs\u00fc, Koruhan Ya\u015fl\u0131 Bak\u0131m Evi, \u00c7anakkale Devlet Hastanesi \u00e7evresi, BOTA\u015e G\u00fcney Marmara Tesisleri, Bayrami\u00e7 il\u00e7esinde yang\u0131ndan en \u00e7ok etkilenen Sa\u00e7akl\u0131 k\u00f6y\u00fcn\u00fc ziyaret etti. Yang\u0131ndan etkilenenlere ge\u00e7mi\u015f olsun dileklerini ileten Pehlivan hasar ve zarar tespit \u00e7al\u0131\u015fmalar\u0131 ba\u015fta olmak \u00fczere yerine getirilmekte olan i\u015f ve i\u015flemler hakk\u0131nda vatanda\u015flar\u0131 bilgilendirdi. Vali Pehlivan, acil ihtiya\u00e7lar\u0131n hemen kar\u015f\u0131lanaca\u011f\u0131n\u0131, bunun i\u00e7in \u00c7anakkale Valili\u011fi&#8217;ne \u0130\u00e7i\u015fleri Bakanl\u0131\u011f\u0131 AFAD Ba\u015fkanl\u0131\u011f\u0131 taraf\u0131ndan ilk etapta 3,5 milyon TL \u00f6denek aktar\u0131lm\u0131\u015f oldu\u011funu, genel hayata etkililik karar\u0131 al\u0131nmas\u0131na m\u00fcteakip hasar ve zararlar\u0131n kar\u015f\u0131lanmas\u0131na y\u00f6nelik gerekli ad\u0131mlar\u0131n da hemen at\u0131laca\u011f\u0131n\u0131 ve en k\u0131sa s\u00fcrede ihtiya\u00e7lar\u0131n giderilece\u011fini ifade etti.<br \/>\n  \u00c7anakkale&#8217;de meydana gelen yang\u0131nlar\u0131na; Orman Genel M\u00fcd\u00fcrl\u00fc\u011f\u00fc personeli ba\u015fta olmak \u00fczere, bin 438 personel, 20 hava arac\u0131, 463 kara arac\u0131 yang\u0131nlara kar\u015f\u0131 havadan ve karadan yo\u011fun bir \u015fekilde m\u00fcdahale etti. \u00c7anakkale merkez k\u00f6ylerinde ve Bayrami\u00e7 il\u00e7esi k\u00f6ylerinde yang\u0131ndan etkilenen alanlarda \u00c7evre \u015eehircilik ve \u0130klim De\u011fi\u015fikli\u011fi Bakanl\u0131\u011f\u0131 personeli taraf\u0131ndan yap\u0131lan \u00f6n hasar tespit \u00e7al\u0131\u015fmalar\u0131 kapsam\u0131nda; \u00c7anakkale merkez k\u00f6ylerinde 5 konut, 2 depo ve 1 ah\u0131r, Bayrami\u00e7 il\u00e7esi k\u00f6ylerinde 28 konut, 14 depo ve 7 ah\u0131r olmak \u00fczere toplam, 33 konut, 16 depo ve 8 ah\u0131r\u0131n a\u011f\u0131r hasarl\u0131 oldu\u011fu belirlendi. Yine \u00c7anakkale merkez k\u00f6ylerinde ve Bayrami\u00e7 il\u00e7esi k\u00f6ylerinde yap\u0131lan Tar\u0131m ve Orman Bakanl\u0131\u011f\u0131 personeli taraf\u0131ndan yap\u0131lan \u00f6n tar\u0131msal zarar tespit \u00e7al\u0131\u015fmalar\u0131 kapsam\u0131nda; \u00c7anakkale merkez k\u00f6ylerinde, 150 k\u00fc\u00e7\u00fckba\u015f hayvan ve 114 ar\u0131l\u0131 kovan, Bayrami\u00e7 il\u00e7esi k\u00f6ylerinde, 53 k\u00fc\u00e7\u00fckba\u015f hayvan, 132 ar\u0131l\u0131 kovan olmak \u00fczere toplam 203 k\u00fc\u00e7\u00fckba\u015f hayvan ve 246 ar\u0131l\u0131 kovan\u0131n telef oldu\u011fu belirlendi. Defterdarl\u0131k personeli taraf\u0131ndan ba\u015flat\u0131lan e\u015fya zarar tespit \u00e7al\u0131\u015fmalar\u0131 ise devam ediyor.<br \/>\n  Meydana gelen orman yang\u0131nlar\u0131ndan etkilenen 98 vatanda\u015f\u0131n 96&#8217;s\u0131 taburcu edildi. 2 ki\u015finin ise tedavisine devam ediliyor. T\u00fcrk K\u0131z\u0131lay&#8217;\u0131 taraf\u0131ndan 9 ara\u00e7 195 personel ile ikraml\u0131k, kumanya, i\u00e7ecek ve su da\u011f\u0131t\u0131m faaliyeti ger\u00e7ekle\u015ftirildi. Yang\u0131ndan etkilenen yerle\u015fim birimlerinde g\u00fcvenli b\u00f6lgelere toplam 770 ki\u015fi al\u0131nm\u0131\u015f olup, yang\u0131nlar\u0131n kontrol alt\u0131na al\u0131nmas\u0131n\u0131 m\u00fcteakip evleri hasar g\u00f6rmeyen vatanda\u015flar ise ikamet ettikleri yerle\u015fim yerlerine d\u00f6nd\u00fc.<br \/>\n  Vali Pehlivan&#8217;a, ziyaret ve incelemeleri s\u0131ras\u0131nda \u00c7anakkale Vali Yard\u0131mc\u0131s\u0131 \u00d6mer \u015eahin, Bayrami\u00e7 Kaymakam\u0131 Emrah B\u00fct\u00fcn, AFAD Destek Hizmetleri Daire Ba\u015fkan\u0131 G\u00f6khan \u00c7ebi, AFAD Marmara Afet Risklerini Azaltma Dairesi Ba\u015fkan\u0131 G\u00f6khan Y\u0131lmaz ile AFAD \u0130l M\u00fcd\u00fcr\u00fc Ahmet Ali Artun e\u015flik etti. <\/p>\n<p>11.08.2025                                 <\/p>\n","protected":false},"excerpt":{"rendered":"<p>Afet ve Acil Durum Y\u00f6netimi (AFAD) Ba\u015fkan\u0131 Ali Hamza Pehlivan yang\u0131ndan etkilenen \u00c7anakkale&#8217;de incelemelerde bulundu. AFAD Ba\u015fkan\u0131 Ali Hamza Pehlivan T\u00fcrkiye Afet M\u00fcdahale Plan\u0131 (TAMP) kapsam\u0131nda havadan ve karadan ger\u00e7ekle\u015ftirilen yo\u011fun \u00e7al\u0131\u015fmalar sonucunda kontrol alt\u0131na al\u0131nan yang\u0131n\u0131n etkili oldu\u011fu alanlarda incelemelerde bulundu. Vali Pehlivan yang\u0131ndan etkilenen; Sar\u0131caeli K\u00f6y\u00fc, Radar Tepesi \u00c7anakkale Onsekiz Mart \u00dcniversitesi Kamp\u00fcs\u00fc, [&hellip;]<\/p>\n","protected":false},"author":1,"featured_media":10260,"comment_status":"open","ping_status":"open","sticky":false,"template":"","format":"standard","meta":{"footnotes":""},"categories":[50],"tags":[],"class_list":["post-10259","post","type-post","status-publish","format-standard","has-post-thumbnail","hentry","category-tum-haberler"],"yoast_head":"<!-- This site is optimized with the Yoast SEO plugin v27.4 - https:\/\/yoast.com\/product\/yoast-seo-wordpress\/ -->\n<title>AFAD Ba\u015fkan\u0131 Pehlivan, \u00c7anakkale&#039;de incelemelerde bulundu - Memurun Sesi<\/title>\n<meta name=\"robots\" content=\"index, follow, max-snippet:-1, max-image-preview:large, max-video-preview:-1\" \/>\n<link rel=\"canonical\" href=\"https:\/\/memurunsesi.net\/index.php\/2025\/08\/11\/afad-baskani-pehlivan-canakkalede-incelemelerde-bulundu\/\" \/>\n<meta property=\"og:locale\" content=\"tr_TR\" \/>\n<meta property=\"og:type\" content=\"article\" \/>\n<meta property=\"og:title\" content=\"AFAD Ba\u015fkan\u0131 Pehlivan, \u00c7anakkale&#039;de incelemelerde bulundu - Memurun Sesi\" \/>\n<meta property=\"og:description\" content=\"Afet ve Acil Durum Y\u00f6netimi (AFAD) Ba\u015fkan\u0131 Ali Hamza Pehlivan yang\u0131ndan etkilenen \u00c7anakkale&#8217;de incelemelerde bulundu. AFAD Ba\u015fkan\u0131 Ali Hamza Pehlivan T\u00fcrkiye Afet M\u00fcdahale Plan\u0131 (TAMP) kapsam\u0131nda havadan ve karadan ger\u00e7ekle\u015ftirilen yo\u011fun \u00e7al\u0131\u015fmalar sonucunda kontrol alt\u0131na al\u0131nan yang\u0131n\u0131n etkili oldu\u011fu alanlarda incelemelerde bulundu. Vali Pehlivan yang\u0131ndan etkilenen; Sar\u0131caeli K\u00f6y\u00fc, Radar Tepesi \u00c7anakkale Onsekiz Mart \u00dcniversitesi Kamp\u00fcs\u00fc, [&hellip;]\" \/>\n<meta property=\"og:url\" content=\"https:\/\/memurunsesi.net\/index.php\/2025\/08\/11\/afad-baskani-pehlivan-canakkalede-incelemelerde-bulundu\/\" \/>\n<meta property=\"og:site_name\" content=\"Memurun Sesi\" \/>\n<meta property=\"article:publisher\" content=\"https:\/\/www.facebook.com\/unipersen\/?locale=tr_TR\" \/>\n<meta property=\"article:published_time\" content=\"2025-08-11T05:35:14+00:00\" \/>\n<meta property=\"og:image\" content=\"https:\/\/memurunsesi.net\/wp-content\/uploads\/2025\/08\/AW514901_01.jpg\" \/>\n\t<meta property=\"og:image:width\" content=\"2048\" \/>\n\t<meta property=\"og:image:height\" content=\"1365\" \/>\n\t<meta property=\"og:image:type\" content=\"image\/jpeg\" \/>\n<meta name=\"author\" content=\"Memurun Sesi Haber Merkezi\" \/>\n<meta name=\"twitter:card\" content=\"summary_large_image\" \/>\n<meta name=\"twitter:creator\" content=\"@unipersen\" \/>\n<meta name=\"twitter:site\" content=\"@unipersen\" \/>\n<meta name=\"twitter:label1\" content=\"Yazan:\" \/>\n\t<meta name=\"twitter:data1\" content=\"Memurun Sesi Haber Merkezi\" \/>\n\t<meta name=\"twitter:label2\" content=\"Tahmini okuma s\u00fcresi\" \/>\n\t<meta name=\"twitter:data2\" content=\"1 dakika\" \/>\n<script type=\"application\/ld+json\" class=\"yoast-schema-graph\">{\"@context\":\"https:\\\/\\\/schema.org\",\"@graph\":[{\"@type\":\"Article\",\"@id\":\"https:\\\/\\\/memurunsesi.net\\\/index.php\\\/2025\\\/08\\\/11\\\/afad-baskani-pehlivan-canakkalede-incelemelerde-bulundu\\\/#article\",\"isPartOf\":{\"@id\":\"https:\\\/\\\/memurunsesi.net\\\/index.php\\\/2025\\\/08\\\/11\\\/afad-baskani-pehlivan-canakkalede-incelemelerde-bulundu\\\/\"},\"author\":{\"name\":\"Memurun Sesi Haber Merkezi\",\"@id\":\"https:\\\/\\\/memurunsesi.net\\\/#\\\/schema\\\/person\\\/f21c2d73b89f6ee1d80b0a1803e38587\"},\"headline\":\"AFAD Ba\u015fkan\u0131 Pehlivan, \u00c7anakkale&#8217;de incelemelerde bulundu\",\"datePublished\":\"2025-08-11T05:35:14+00:00\",\"mainEntityOfPage\":{\"@id\":\"https:\\\/\\\/memurunsesi.net\\\/index.php\\\/2025\\\/08\\\/11\\\/afad-baskani-pehlivan-canakkalede-incelemelerde-bulundu\\\/\"},\"wordCount\":548,\"commentCount\":0,\"publisher\":{\"@id\":\"https:\\\/\\\/memurunsesi.net\\\/#organization\"},\"image\":{\"@id\":\"https:\\\/\\\/memurunsesi.net\\\/index.php\\\/2025\\\/08\\\/11\\\/afad-baskani-pehlivan-canakkalede-incelemelerde-bulundu\\\/#primaryimage\"},\"thumbnailUrl\":\"https:\\\/\\\/memurunsesi.net\\\/wp-content\\\/uploads\\\/2025\\\/08\\\/AW514901_01.jpg\",\"articleSection\":[\"T\u00fcm Haberler\"],\"inLanguage\":\"tr\",\"potentialAction\":[{\"@type\":\"CommentAction\",\"name\":\"Comment\",\"target\":[\"https:\\\/\\\/memurunsesi.net\\\/index.php\\\/2025\\\/08\\\/11\\\/afad-baskani-pehlivan-canakkalede-incelemelerde-bulundu\\\/#respond\"]}]},{\"@type\":\"WebPage\",\"@id\":\"https:\\\/\\\/memurunsesi.net\\\/index.php\\\/2025\\\/08\\\/11\\\/afad-baskani-pehlivan-canakkalede-incelemelerde-bulundu\\\/\",\"url\":\"https:\\\/\\\/memurunsesi.net\\\/index.php\\\/2025\\\/08\\\/11\\\/afad-baskani-pehlivan-canakkalede-incelemelerde-bulundu\\\/\",\"name\":\"AFAD Ba\u015fkan\u0131 Pehlivan, \u00c7anakkale'de incelemelerde bulundu - Memurun Sesi\",\"isPartOf\":{\"@id\":\"https:\\\/\\\/memurunsesi.net\\\/#website\"},\"primaryImageOfPage\":{\"@id\":\"https:\\\/\\\/memurunsesi.net\\\/index.php\\\/2025\\\/08\\\/11\\\/afad-baskani-pehlivan-canakkalede-incelemelerde-bulundu\\\/#primaryimage\"},\"image\":{\"@id\":\"https:\\\/\\\/memurunsesi.net\\\/index.php\\\/2025\\\/08\\\/11\\\/afad-baskani-pehlivan-canakkalede-incelemelerde-bulundu\\\/#primaryimage\"},\"thumbnailUrl\":\"https:\\\/\\\/memurunsesi.net\\\/wp-content\\\/uploads\\\/2025\\\/08\\\/AW514901_01.jpg\",\"datePublished\":\"2025-08-11T05:35:14+00:00\",\"breadcrumb\":{\"@id\":\"https:\\\/\\\/memurunsesi.net\\\/index.php\\\/2025\\\/08\\\/11\\\/afad-baskani-pehlivan-canakkalede-incelemelerde-bulundu\\\/#breadcrumb\"},\"inLanguage\":\"tr\",\"potentialAction\":[{\"@type\":\"ReadAction\",\"target\":[\"https:\\\/\\\/memurunsesi.net\\\/index.php\\\/2025\\\/08\\\/11\\\/afad-baskani-pehlivan-canakkalede-incelemelerde-bulundu\\\/\"]}]},{\"@type\":\"ImageObject\",\"inLanguage\":\"tr\",\"@id\":\"https:\\\/\\\/memurunsesi.net\\\/index.php\\\/2025\\\/08\\\/11\\\/afad-baskani-pehlivan-canakkalede-incelemelerde-bulundu\\\/#primaryimage\",\"url\":\"https:\\\/\\\/memurunsesi.net\\\/wp-content\\\/uploads\\\/2025\\\/08\\\/AW514901_01.jpg\",\"contentUrl\":\"https:\\\/\\\/memurunsesi.net\\\/wp-content\\\/uploads\\\/2025\\\/08\\\/AW514901_01.jpg\",\"width\":2048,\"height\":1365,\"caption\":\"AFET VE AC\u0130L DURUM Y\u00d6NET\u0130M\u0130 (AFAD) BA\u015eKANI AL\u0130 HAMZA PEHL\u0130VAN YANGINDAN ETK\u0130LENEN \u00c7ANAKKALE'DE \u0130NCELEMELERDE BULUNDU. (MUSA ENES AKSAKAL\\\/\u00c7ANAKKALE-\u0130HA) Afet ve Acil Durum Y\u00f6netimi (AFAD) Ba\u015fkan\u0131 Ali Hamza Pehlivan yang\u0131ndan etkilenen \u00c7anakkale'de incelemelerde bulundu.\"},{\"@type\":\"BreadcrumbList\",\"@id\":\"https:\\\/\\\/memurunsesi.net\\\/index.php\\\/2025\\\/08\\\/11\\\/afad-baskani-pehlivan-canakkalede-incelemelerde-bulundu\\\/#breadcrumb\",\"itemListElement\":[{\"@type\":\"ListItem\",\"position\":1,\"name\":\"Anasayfa\",\"item\":\"https:\\\/\\\/memurunsesi.net\\\/\"},{\"@type\":\"ListItem\",\"position\":2,\"name\":\"AFAD Ba\u015fkan\u0131 Pehlivan, \u00c7anakkale&#8217;de incelemelerde bulundu\"}]},{\"@type\":\"WebSite\",\"@id\":\"https:\\\/\\\/memurunsesi.net\\\/#website\",\"url\":\"https:\\\/\\\/memurunsesi.net\\\/\",\"name\":\"Memurun Sesi\",\"description\":\"G\u00fcncel ve Do\u011fru Haber\",\"publisher\":{\"@id\":\"https:\\\/\\\/memurunsesi.net\\\/#organization\"},\"potentialAction\":[{\"@type\":\"SearchAction\",\"target\":{\"@type\":\"EntryPoint\",\"urlTemplate\":\"https:\\\/\\\/memurunsesi.net\\\/?s={search_term_string}\"},\"query-input\":{\"@type\":\"PropertyValueSpecification\",\"valueRequired\":true,\"valueName\":\"search_term_string\"}}],\"inLanguage\":\"tr\"},{\"@type\":\"Organization\",\"@id\":\"https:\\\/\\\/memurunsesi.net\\\/#organization\",\"name\":\"Memurun Sesi\",\"url\":\"https:\\\/\\\/memurunsesi.net\\\/\",\"logo\":{\"@type\":\"ImageObject\",\"inLanguage\":\"tr\",\"@id\":\"https:\\\/\\\/memurunsesi.net\\\/#\\\/schema\\\/logo\\\/image\\\/\",\"url\":\"https:\\\/\\\/memurunsesi.net\\\/wp-content\\\/uploads\\\/2025\\\/11\\\/cropped-MEMURUN-SESI.png\",\"contentUrl\":\"https:\\\/\\\/memurunsesi.net\\\/wp-content\\\/uploads\\\/2025\\\/11\\\/cropped-MEMURUN-SESI.png\",\"width\":238,\"height\":57,\"caption\":\"Memurun Sesi\"},\"image\":{\"@id\":\"https:\\\/\\\/memurunsesi.net\\\/#\\\/schema\\\/logo\\\/image\\\/\"},\"sameAs\":[\"https:\\\/\\\/www.facebook.com\\\/unipersen\\\/?locale=tr_TR\",\"https:\\\/\\\/x.com\\\/unipersen\"]},{\"@type\":\"Person\",\"@id\":\"https:\\\/\\\/memurunsesi.net\\\/#\\\/schema\\\/person\\\/f21c2d73b89f6ee1d80b0a1803e38587\",\"name\":\"Memurun Sesi Haber Merkezi\",\"image\":{\"@type\":\"ImageObject\",\"inLanguage\":\"tr\",\"@id\":\"https:\\\/\\\/secure.gravatar.com\\\/avatar\\\/6cf0505f452ee753f485014986fab09a434671d2b919ee76fc541025c5876a70?s=96&d=mm&r=g\",\"url\":\"https:\\\/\\\/secure.gravatar.com\\\/avatar\\\/6cf0505f452ee753f485014986fab09a434671d2b919ee76fc541025c5876a70?s=96&d=mm&r=g\",\"contentUrl\":\"https:\\\/\\\/secure.gravatar.com\\\/avatar\\\/6cf0505f452ee753f485014986fab09a434671d2b919ee76fc541025c5876a70?s=96&d=mm&r=g\",\"caption\":\"Memurun Sesi Haber Merkezi\"},\"sameAs\":[\"https:\\\/\\\/memurunsesi.net\"],\"url\":\"https:\\\/\\\/memurunsesi.net\\\/index.php\\\/author\\\/uniper\\\/\"}]}<\/script>\n<!-- \/ Yoast SEO plugin. -->","yoast_head_json":{"title":"AFAD Ba\u015fkan\u0131 Pehlivan, \u00c7anakkale'de incelemelerde bulundu - Memurun Sesi","robots":{"index":"index","follow":"follow","max-snippet":"max-snippet:-1","max-image-preview":"max-image-preview:large","max-video-preview":"max-video-preview:-1"},"canonical":"https:\/\/memurunsesi.net\/index.php\/2025\/08\/11\/afad-baskani-pehlivan-canakkalede-incelemelerde-bulundu\/","og_locale":"tr_TR","og_type":"article","og_title":"AFAD Ba\u015fkan\u0131 Pehlivan, \u00c7anakkale'de incelemelerde bulundu - Memurun Sesi","og_description":"Afet ve Acil Durum Y\u00f6netimi (AFAD) Ba\u015fkan\u0131 Ali Hamza Pehlivan yang\u0131ndan etkilenen \u00c7anakkale&#8217;de incelemelerde bulundu. AFAD Ba\u015fkan\u0131 Ali Hamza Pehlivan T\u00fcrkiye Afet M\u00fcdahale Plan\u0131 (TAMP) kapsam\u0131nda havadan ve karadan ger\u00e7ekle\u015ftirilen yo\u011fun \u00e7al\u0131\u015fmalar sonucunda kontrol alt\u0131na al\u0131nan yang\u0131n\u0131n etkili oldu\u011fu alanlarda incelemelerde bulundu. Vali Pehlivan yang\u0131ndan etkilenen; Sar\u0131caeli K\u00f6y\u00fc, Radar Tepesi \u00c7anakkale Onsekiz Mart \u00dcniversitesi Kamp\u00fcs\u00fc, [&hellip;]","og_url":"https:\/\/memurunsesi.net\/index.php\/2025\/08\/11\/afad-baskani-pehlivan-canakkalede-incelemelerde-bulundu\/","og_site_name":"Memurun Sesi","article_publisher":"https:\/\/www.facebook.com\/unipersen\/?locale=tr_TR","article_published_time":"2025-08-11T05:35:14+00:00","og_image":[{"width":2048,"height":1365,"url":"https:\/\/memurunsesi.net\/wp-content\/uploads\/2025\/08\/AW514901_01.jpg","type":"image\/jpeg"}],"author":"Memurun Sesi Haber Merkezi","twitter_card":"summary_large_image","twitter_creator":"@unipersen","twitter_site":"@unipersen","twitter_misc":{"Yazan:":"Memurun Sesi Haber Merkezi","Tahmini okuma s\u00fcresi":"1 dakika"},"schema":{"@context":"https:\/\/schema.org","@graph":[{"@type":"Article","@id":"https:\/\/memurunsesi.net\/index.php\/2025\/08\/11\/afad-baskani-pehlivan-canakkalede-incelemelerde-bulundu\/#article","isPartOf":{"@id":"https:\/\/memurunsesi.net\/index.php\/2025\/08\/11\/afad-baskani-pehlivan-canakkalede-incelemelerde-bulundu\/"},"author":{"name":"Memurun Sesi Haber Merkezi","@id":"https:\/\/memurunsesi.net\/#\/schema\/person\/f21c2d73b89f6ee1d80b0a1803e38587"},"headline":"AFAD Ba\u015fkan\u0131 Pehlivan, \u00c7anakkale&#8217;de incelemelerde bulundu","datePublished":"2025-08-11T05:35:14+00:00","mainEntityOfPage":{"@id":"https:\/\/memurunsesi.net\/index.php\/2025\/08\/11\/afad-baskani-pehlivan-canakkalede-incelemelerde-bulundu\/"},"wordCount":548,"commentCount":0,"publisher":{"@id":"https:\/\/memurunsesi.net\/#organization"},"image":{"@id":"https:\/\/memurunsesi.net\/index.php\/2025\/08\/11\/afad-baskani-pehlivan-canakkalede-incelemelerde-bulundu\/#primaryimage"},"thumbnailUrl":"https:\/\/memurunsesi.net\/wp-content\/uploads\/2025\/08\/AW514901_01.jpg","articleSection":["T\u00fcm Haberler"],"inLanguage":"tr","potentialAction":[{"@type":"CommentAction","name":"Comment","target":["https:\/\/memurunsesi.net\/index.php\/2025\/08\/11\/afad-baskani-pehlivan-canakkalede-incelemelerde-bulundu\/#respond"]}]},{"@type":"WebPage","@id":"https:\/\/memurunsesi.net\/index.php\/2025\/08\/11\/afad-baskani-pehlivan-canakkalede-incelemelerde-bulundu\/","url":"https:\/\/memurunsesi.net\/index.php\/2025\/08\/11\/afad-baskani-pehlivan-canakkalede-incelemelerde-bulundu\/","name":"AFAD Ba\u015fkan\u0131 Pehlivan, \u00c7anakkale'de incelemelerde bulundu - Memurun Sesi","isPartOf":{"@id":"https:\/\/memurunsesi.net\/#website"},"primaryImageOfPage":{"@id":"https:\/\/memurunsesi.net\/index.php\/2025\/08\/11\/afad-baskani-pehlivan-canakkalede-incelemelerde-bulundu\/#primaryimage"},"image":{"@id":"https:\/\/memurunsesi.net\/index.php\/2025\/08\/11\/afad-baskani-pehlivan-canakkalede-incelemelerde-bulundu\/#primaryimage"},"thumbnailUrl":"https:\/\/memurunsesi.net\/wp-content\/uploads\/2025\/08\/AW514901_01.jpg","datePublished":"2025-08-11T05:35:14+00:00","breadcrumb":{"@id":"https:\/\/memurunsesi.net\/index.php\/2025\/08\/11\/afad-baskani-pehlivan-canakkalede-incelemelerde-bulundu\/#breadcrumb"},"inLanguage":"tr","potentialAction":[{"@type":"ReadAction","target":["https:\/\/memurunsesi.net\/index.php\/2025\/08\/11\/afad-baskani-pehlivan-canakkalede-incelemelerde-bulundu\/"]}]},{"@type":"ImageObject","inLanguage":"tr","@id":"https:\/\/memurunsesi.net\/index.php\/2025\/08\/11\/afad-baskani-pehlivan-canakkalede-incelemelerde-bulundu\/#primaryimage","url":"https:\/\/memurunsesi.net\/wp-content\/uploads\/2025\/08\/AW514901_01.jpg","contentUrl":"https:\/\/memurunsesi.net\/wp-content\/uploads\/2025\/08\/AW514901_01.jpg","width":2048,"height":1365,"caption":"AFET VE AC\u0130L DURUM Y\u00d6NET\u0130M\u0130 (AFAD) BA\u015eKANI AL\u0130 HAMZA PEHL\u0130VAN YANGINDAN ETK\u0130LENEN \u00c7ANAKKALE'DE \u0130NCELEMELERDE BULUNDU. (MUSA ENES AKSAKAL\/\u00c7ANAKKALE-\u0130HA) Afet ve Acil Durum Y\u00f6netimi (AFAD) Ba\u015fkan\u0131 Ali Hamza Pehlivan yang\u0131ndan etkilenen \u00c7anakkale'de incelemelerde bulundu."},{"@type":"BreadcrumbList","@id":"https:\/\/memurunsesi.net\/index.php\/2025\/08\/11\/afad-baskani-pehlivan-canakkalede-incelemelerde-bulundu\/#breadcrumb","itemListElement":[{"@type":"ListItem","position":1,"name":"Anasayfa","item":"https:\/\/memurunsesi.net\/"},{"@type":"ListItem","position":2,"name":"AFAD Ba\u015fkan\u0131 Pehlivan, \u00c7anakkale&#8217;de incelemelerde bulundu"}]},{"@type":"WebSite","@id":"https:\/\/memurunsesi.net\/#website","url":"https:\/\/memurunsesi.net\/","name":"Memurun Sesi","description":"G\u00fcncel ve Do\u011fru Haber","publisher":{"@id":"https:\/\/memurunsesi.net\/#organization"},"potentialAction":[{"@type":"SearchAction","target":{"@type":"EntryPoint","urlTemplate":"https:\/\/memurunsesi.net\/?s={search_term_string}"},"query-input":{"@type":"PropertyValueSpecification","valueRequired":true,"valueName":"search_term_string"}}],"inLanguage":"tr"},{"@type":"Organization","@id":"https:\/\/memurunsesi.net\/#organization","name":"Memurun Sesi","url":"https:\/\/memurunsesi.net\/","logo":{"@type":"ImageObject","inLanguage":"tr","@id":"https:\/\/memurunsesi.net\/#\/schema\/logo\/image\/","url":"https:\/\/memurunsesi.net\/wp-content\/uploads\/2025\/11\/cropped-MEMURUN-SESI.png","contentUrl":"https:\/\/memurunsesi.net\/wp-content\/uploads\/2025\/11\/cropped-MEMURUN-SESI.png","width":238,"height":57,"caption":"Memurun Sesi"},"image":{"@id":"https:\/\/memurunsesi.net\/#\/schema\/logo\/image\/"},"sameAs":["https:\/\/www.facebook.com\/unipersen\/?locale=tr_TR","https:\/\/x.com\/unipersen"]},{"@type":"Person","@id":"https:\/\/memurunsesi.net\/#\/schema\/person\/f21c2d73b89f6ee1d80b0a1803e38587","name":"Memurun Sesi Haber Merkezi","image":{"@type":"ImageObject","inLanguage":"tr","@id":"https:\/\/secure.gravatar.com\/avatar\/6cf0505f452ee753f485014986fab09a434671d2b919ee76fc541025c5876a70?s=96&d=mm&r=g","url":"https:\/\/secure.gravatar.com\/avatar\/6cf0505f452ee753f485014986fab09a434671d2b919ee76fc541025c5876a70?s=96&d=mm&r=g","contentUrl":"https:\/\/secure.gravatar.com\/avatar\/6cf0505f452ee753f485014986fab09a434671d2b919ee76fc541025c5876a70?s=96&d=mm&r=g","caption":"Memurun Sesi Haber Merkezi"},"sameAs":["https:\/\/memurunsesi.net"],"url":"https:\/\/memurunsesi.net\/index.php\/author\/uniper\/"}]}},"_links":{"self":[{"href":"https:\/\/memurunsesi.net\/index.php\/wp-json\/wp\/v2\/posts\/10259","targetHints":{"allow":["GET"]}}],"collection":[{"href":"https:\/\/memurunsesi.net\/index.php\/wp-json\/wp\/v2\/posts"}],"about":[{"href":"https:\/\/memurunsesi.net\/index.php\/wp-json\/wp\/v2\/types\/post"}],"author":[{"embeddable":true,"href":"https:\/\/memurunsesi.net\/index.php\/wp-json\/wp\/v2\/users\/1"}],"replies":[{"embeddable":true,"href":"https:\/\/memurunsesi.net\/index.php\/wp-json\/wp\/v2\/comments?post=10259"}],"version-history":[{"count":1,"href":"https:\/\/memurunsesi.net\/index.php\/wp-json\/wp\/v2\/posts\/10259\/revisions"}],"predecessor-version":[{"id":10261,"href":"https:\/\/memurunsesi.net\/index.php\/wp-json\/wp\/v2\/posts\/10259\/revisions\/10261"}],"wp:featuredmedia":[{"embeddable":true,"href":"https:\/\/memurunsesi.net\/index.php\/wp-json\/wp\/v2\/media\/10260"}],"wp:attachment":[{"href":"https:\/\/memurunsesi.net\/index.php\/wp-json\/wp\/v2\/media?parent=10259"}],"wp:term":[{"taxonomy":"category","embeddable":true,"href":"https:\/\/memurunsesi.net\/index.php\/wp-json\/wp\/v2\/categories?post=10259"},{"taxonomy":"post_tag","embeddable":true,"href":"https:\/\/memurunsesi.net\/index.php\/wp-json\/wp\/v2\/tags?post=10259"}],"curies":[{"name":"wp","href":"https:\/\/api.w.org\/{rel}","templated":true}]}}