{"id":10265,"date":"2025-08-11T08:37:38","date_gmt":"2025-08-11T05:37:38","guid":{"rendered":"https:\/\/memurunsesi.net\/?p=10265"},"modified":"2025-08-11T08:37:38","modified_gmt":"2025-08-11T05:37:38","slug":"deprem-bolgesinde-vatandaslar-o-anlari-anlatti","status":"publish","type":"post","link":"https:\/\/memurunsesi.net\/index.php\/2025\/08\/11\/deprem-bolgesinde-vatandaslar-o-anlari-anlatti\/","title":{"rendered":"Deprem b\u00f6lgesinde vatanda\u015flar o anlar\u0131 anlatt\u0131"},"content":{"rendered":"<p>  &#8211; S\u0131nd\u0131rg\u0131\u2019ya ba\u011fl\u0131 G\u00f6lc\u00fck Mahallesi&#8217;nde depremin etkisi g\u00f6zler \u00f6n\u00fcne serildi   <\/p>\n<p>   Bal\u0131kesir\u2019in S\u0131nd\u0131rg\u0131 il\u00e7esinde meydana gelen 6,1 b\u00fcy\u00fckl\u00fc\u011f\u00fcndeki depremin ard\u0131ndan il\u00e7e merkezi ile G\u00f6lc\u00fck ve K\u0131z\u0131lg\u00fcl mahallelerinde bir\u00e7ok bina y\u0131k\u0131larak kullan\u0131lamaz hale geldi. Vatanda\u015flar ise geceyi sokakta ge\u00e7iriyor.<br \/>\n  Bal\u0131kesir S\u0131nd\u0131rg\u0131\u2019da saat 19.53\u2019te meydana gelen 6,1 b\u00fcy\u00fckl\u00fc\u011f\u00fcndeki depremin ard\u0131ndan vatanda\u015flar soka\u011fa d\u00f6k\u00fcld\u00fc. Ya\u015fanan depremin ard\u0131ndan gelen art\u00e7\u0131lar devam ederken il\u00e7e merkezi ve k\u00f6ylerde vatanda\u015flar geceyi sokakta ge\u00e7iriyor. S\u0131nd\u0131rg\u0131\u2019ya ba\u011fl\u0131 G\u00f6lc\u00fck ve K\u0131z\u0131lg\u00fcl mahallelerinde baz\u0131 evler y\u0131k\u0131l\u0131rken, K\u0131z\u0131lg\u00fcl&#8217;de caminin minaresi devrildi. Art\u00e7\u0131lar nedeniyle eve giremeyen depremzedeler \u00e7areyi parklarda ve meydanlarda ge\u00e7irmekte buldu.<br \/>\n  Depreme d\u00fc\u011f\u00fcnde yakaland\u0131lar<br \/>\n  Depremin merkez \u00fcss\u00fc olan il\u00e7ede G\u00f6lc\u00fck Mahallesi, depremden en \u00e7ok etkilenen b\u00f6lge oldu. \u00c7ok say\u0131da binan\u0131n y\u0131k\u0131ld\u0131\u011f\u0131 mahallede, depreme d\u00fc\u011f\u00fcn s\u0131ras\u0131nda yakalanan vatanda\u015flar, &#8220;D\u00fc\u011f\u00fcn sonras\u0131 gelini getiriyorduk. Eve 100 metre kalmam\u0131\u015ft\u0131, bir k\u0131yamet koptu. Herkes ara\u00e7lar\u0131ndan indi, deh\u015feti ya\u015fad\u0131k. Baz\u0131 evlerin \u00e7\u00f6kt\u00fc\u011f\u00fcn\u00fc g\u00f6rd\u00fck&#8221; ifadelerini kulland\u0131. <\/p>\n<p>11.08.2025                                 <\/p>\n","protected":false},"excerpt":{"rendered":"<p>&#8211; S\u0131nd\u0131rg\u0131\u2019ya ba\u011fl\u0131 G\u00f6lc\u00fck Mahallesi&#8217;nde depremin etkisi g\u00f6zler \u00f6n\u00fcne serildi Bal\u0131kesir\u2019in S\u0131nd\u0131rg\u0131 il\u00e7esinde meydana gelen 6,1 b\u00fcy\u00fckl\u00fc\u011f\u00fcndeki depremin ard\u0131ndan il\u00e7e merkezi ile G\u00f6lc\u00fck ve K\u0131z\u0131lg\u00fcl mahallelerinde bir\u00e7ok bina y\u0131k\u0131larak kullan\u0131lamaz hale geldi. Vatanda\u015flar ise geceyi sokakta ge\u00e7iriyor. Bal\u0131kesir S\u0131nd\u0131rg\u0131\u2019da saat 19.53\u2019te meydana gelen 6,1 b\u00fcy\u00fckl\u00fc\u011f\u00fcndeki depremin ard\u0131ndan vatanda\u015flar soka\u011fa d\u00f6k\u00fcld\u00fc. Ya\u015fanan depremin ard\u0131ndan gelen art\u00e7\u0131lar [&hellip;]<\/p>\n","protected":false},"author":1,"featured_media":10266,"comment_status":"open","ping_status":"open","sticky":false,"template":"","format":"standard","meta":{"footnotes":""},"categories":[1],"tags":[],"class_list":["post-10265","post","type-post","status-publish","format-standard","has-post-thumbnail","hentry","category-genel"],"yoast_head":"<!-- This site is optimized with the Yoast SEO plugin v27.4 - https:\/\/yoast.com\/product\/yoast-seo-wordpress\/ -->\n<title>Deprem b\u00f6lgesinde vatanda\u015flar o anlar\u0131 anlatt\u0131 - Memurun Sesi<\/title>\n<meta name=\"robots\" content=\"index, follow, max-snippet:-1, max-image-preview:large, max-video-preview:-1\" \/>\n<link rel=\"canonical\" href=\"https:\/\/memurunsesi.net\/index.php\/2025\/08\/11\/deprem-bolgesinde-vatandaslar-o-anlari-anlatti\/\" \/>\n<meta property=\"og:locale\" content=\"tr_TR\" \/>\n<meta property=\"og:type\" content=\"article\" \/>\n<meta property=\"og:title\" content=\"Deprem b\u00f6lgesinde vatanda\u015flar o anlar\u0131 anlatt\u0131 - Memurun Sesi\" \/>\n<meta property=\"og:description\" content=\"&#8211; S\u0131nd\u0131rg\u0131\u2019ya ba\u011fl\u0131 G\u00f6lc\u00fck Mahallesi&#8217;nde depremin etkisi g\u00f6zler \u00f6n\u00fcne serildi Bal\u0131kesir\u2019in S\u0131nd\u0131rg\u0131 il\u00e7esinde meydana gelen 6,1 b\u00fcy\u00fckl\u00fc\u011f\u00fcndeki depremin ard\u0131ndan il\u00e7e merkezi ile G\u00f6lc\u00fck ve K\u0131z\u0131lg\u00fcl mahallelerinde bir\u00e7ok bina y\u0131k\u0131larak kullan\u0131lamaz hale geldi. Vatanda\u015flar ise geceyi sokakta ge\u00e7iriyor. Bal\u0131kesir S\u0131nd\u0131rg\u0131\u2019da saat 19.53\u2019te meydana gelen 6,1 b\u00fcy\u00fckl\u00fc\u011f\u00fcndeki depremin ard\u0131ndan vatanda\u015flar soka\u011fa d\u00f6k\u00fcld\u00fc. Ya\u015fanan depremin ard\u0131ndan gelen art\u00e7\u0131lar [&hellip;]\" \/>\n<meta property=\"og:url\" content=\"https:\/\/memurunsesi.net\/index.php\/2025\/08\/11\/deprem-bolgesinde-vatandaslar-o-anlari-anlatti\/\" \/>\n<meta property=\"og:site_name\" content=\"Memurun Sesi\" \/>\n<meta property=\"article:publisher\" content=\"https:\/\/www.facebook.com\/unipersen\/?locale=tr_TR\" \/>\n<meta property=\"article:published_time\" content=\"2025-08-11T05:37:38+00:00\" \/>\n<meta property=\"og:image\" content=\"https:\/\/memurunsesi.net\/wp-content\/uploads\/2025\/08\/AW514897_02.jpg\" \/>\n\t<meta property=\"og:image:width\" content=\"1600\" \/>\n\t<meta property=\"og:image:height\" content=\"1200\" \/>\n\t<meta property=\"og:image:type\" content=\"image\/jpeg\" \/>\n<meta name=\"author\" content=\"Memurun Sesi Haber Merkezi\" \/>\n<meta name=\"twitter:card\" content=\"summary_large_image\" \/>\n<meta name=\"twitter:creator\" content=\"@unipersen\" \/>\n<meta name=\"twitter:site\" content=\"@unipersen\" \/>\n<meta name=\"twitter:label1\" content=\"Yazan:\" \/>\n\t<meta name=\"twitter:data1\" content=\"Memurun Sesi Haber Merkezi\" \/>\n\t<meta name=\"twitter:label2\" content=\"Tahmini okuma s\u00fcresi\" \/>\n\t<meta name=\"twitter:data2\" content=\"1 dakika\" \/>\n<script type=\"application\/ld+json\" class=\"yoast-schema-graph\">{\"@context\":\"https:\\\/\\\/schema.org\",\"@graph\":[{\"@type\":\"Article\",\"@id\":\"https:\\\/\\\/memurunsesi.net\\\/index.php\\\/2025\\\/08\\\/11\\\/deprem-bolgesinde-vatandaslar-o-anlari-anlatti\\\/#article\",\"isPartOf\":{\"@id\":\"https:\\\/\\\/memurunsesi.net\\\/index.php\\\/2025\\\/08\\\/11\\\/deprem-bolgesinde-vatandaslar-o-anlari-anlatti\\\/\"},\"author\":{\"name\":\"Memurun Sesi Haber Merkezi\",\"@id\":\"https:\\\/\\\/memurunsesi.net\\\/#\\\/schema\\\/person\\\/f21c2d73b89f6ee1d80b0a1803e38587\"},\"headline\":\"Deprem b\u00f6lgesinde vatanda\u015flar o anlar\u0131 anlatt\u0131\",\"datePublished\":\"2025-08-11T05:37:38+00:00\",\"mainEntityOfPage\":{\"@id\":\"https:\\\/\\\/memurunsesi.net\\\/index.php\\\/2025\\\/08\\\/11\\\/deprem-bolgesinde-vatandaslar-o-anlari-anlatti\\\/\"},\"wordCount\":234,\"commentCount\":0,\"publisher\":{\"@id\":\"https:\\\/\\\/memurunsesi.net\\\/#organization\"},\"image\":{\"@id\":\"https:\\\/\\\/memurunsesi.net\\\/index.php\\\/2025\\\/08\\\/11\\\/deprem-bolgesinde-vatandaslar-o-anlari-anlatti\\\/#primaryimage\"},\"thumbnailUrl\":\"https:\\\/\\\/memurunsesi.net\\\/wp-content\\\/uploads\\\/2025\\\/08\\\/AW514897_02.jpg\",\"inLanguage\":\"tr\",\"potentialAction\":[{\"@type\":\"CommentAction\",\"name\":\"Comment\",\"target\":[\"https:\\\/\\\/memurunsesi.net\\\/index.php\\\/2025\\\/08\\\/11\\\/deprem-bolgesinde-vatandaslar-o-anlari-anlatti\\\/#respond\"]}]},{\"@type\":\"WebPage\",\"@id\":\"https:\\\/\\\/memurunsesi.net\\\/index.php\\\/2025\\\/08\\\/11\\\/deprem-bolgesinde-vatandaslar-o-anlari-anlatti\\\/\",\"url\":\"https:\\\/\\\/memurunsesi.net\\\/index.php\\\/2025\\\/08\\\/11\\\/deprem-bolgesinde-vatandaslar-o-anlari-anlatti\\\/\",\"name\":\"Deprem b\u00f6lgesinde vatanda\u015flar o anlar\u0131 anlatt\u0131 - Memurun Sesi\",\"isPartOf\":{\"@id\":\"https:\\\/\\\/memurunsesi.net\\\/#website\"},\"primaryImageOfPage\":{\"@id\":\"https:\\\/\\\/memurunsesi.net\\\/index.php\\\/2025\\\/08\\\/11\\\/deprem-bolgesinde-vatandaslar-o-anlari-anlatti\\\/#primaryimage\"},\"image\":{\"@id\":\"https:\\\/\\\/memurunsesi.net\\\/index.php\\\/2025\\\/08\\\/11\\\/deprem-bolgesinde-vatandaslar-o-anlari-anlatti\\\/#primaryimage\"},\"thumbnailUrl\":\"https:\\\/\\\/memurunsesi.net\\\/wp-content\\\/uploads\\\/2025\\\/08\\\/AW514897_02.jpg\",\"datePublished\":\"2025-08-11T05:37:38+00:00\",\"breadcrumb\":{\"@id\":\"https:\\\/\\\/memurunsesi.net\\\/index.php\\\/2025\\\/08\\\/11\\\/deprem-bolgesinde-vatandaslar-o-anlari-anlatti\\\/#breadcrumb\"},\"inLanguage\":\"tr\",\"potentialAction\":[{\"@type\":\"ReadAction\",\"target\":[\"https:\\\/\\\/memurunsesi.net\\\/index.php\\\/2025\\\/08\\\/11\\\/deprem-bolgesinde-vatandaslar-o-anlari-anlatti\\\/\"]}]},{\"@type\":\"ImageObject\",\"inLanguage\":\"tr\",\"@id\":\"https:\\\/\\\/memurunsesi.net\\\/index.php\\\/2025\\\/08\\\/11\\\/deprem-bolgesinde-vatandaslar-o-anlari-anlatti\\\/#primaryimage\",\"url\":\"https:\\\/\\\/memurunsesi.net\\\/wp-content\\\/uploads\\\/2025\\\/08\\\/AW514897_02.jpg\",\"contentUrl\":\"https:\\\/\\\/memurunsesi.net\\\/wp-content\\\/uploads\\\/2025\\\/08\\\/AW514897_02.jpg\",\"width\":1600,\"height\":1200,\"caption\":\"BALIKES\u0130R'\u0130N SINDIRGI \u0130L\u00c7ES\u0130NDE MEYDANA GELEN 6,1 \u015e\u0130DDET\u0130NDEK\u0130 DEPREM\u0130N ARDINDAN \u0130L\u00c7E MERKEZ\u0130 \u0130LE G\u00d6LC\u00dcK VE KIZILG\u00dcL MAHALLELER\u0130NDE B\u0130R\u00c7OK B\u0130NA YIKILARAK KULLANILAMAZ HALE GELD\u0130. (ABDULLAH BOZKURT - AHMET BURAK \u00d6ZT\u00dcRK - BAHADIR DEM\u0130R\u00c7EV\u0130REN - MURAT SEYMAN\\\/BALIKES\u0130R-\u0130HA) Bal\u0131kesir'in S\u0131nd\u0131rg\u0131 il\u00e7esinde meydana gelen 6,1 b\u00fcy\u00fckl\u00fc\u011f\u00fcndeki depremin ard\u0131ndan il\u00e7e merkezi ile G\u00f6lc\u00fck ve K\u0131z\u0131lg\u00fcl mahallelerinde bir\u00e7ok bina y\u0131k\u0131larak kullan\u0131lamaz hale geldi. Vatanda\u015flar ise geceyi sokakta ge\u00e7iriyor.\"},{\"@type\":\"BreadcrumbList\",\"@id\":\"https:\\\/\\\/memurunsesi.net\\\/index.php\\\/2025\\\/08\\\/11\\\/deprem-bolgesinde-vatandaslar-o-anlari-anlatti\\\/#breadcrumb\",\"itemListElement\":[{\"@type\":\"ListItem\",\"position\":1,\"name\":\"Anasayfa\",\"item\":\"https:\\\/\\\/memurunsesi.net\\\/\"},{\"@type\":\"ListItem\",\"position\":2,\"name\":\"Deprem b\u00f6lgesinde vatanda\u015flar o anlar\u0131 anlatt\u0131\"}]},{\"@type\":\"WebSite\",\"@id\":\"https:\\\/\\\/memurunsesi.net\\\/#website\",\"url\":\"https:\\\/\\\/memurunsesi.net\\\/\",\"name\":\"Memurun Sesi\",\"description\":\"G\u00fcncel ve Do\u011fru Haber\",\"publisher\":{\"@id\":\"https:\\\/\\\/memurunsesi.net\\\/#organization\"},\"potentialAction\":[{\"@type\":\"SearchAction\",\"target\":{\"@type\":\"EntryPoint\",\"urlTemplate\":\"https:\\\/\\\/memurunsesi.net\\\/?s={search_term_string}\"},\"query-input\":{\"@type\":\"PropertyValueSpecification\",\"valueRequired\":true,\"valueName\":\"search_term_string\"}}],\"inLanguage\":\"tr\"},{\"@type\":\"Organization\",\"@id\":\"https:\\\/\\\/memurunsesi.net\\\/#organization\",\"name\":\"Memurun Sesi\",\"url\":\"https:\\\/\\\/memurunsesi.net\\\/\",\"logo\":{\"@type\":\"ImageObject\",\"inLanguage\":\"tr\",\"@id\":\"https:\\\/\\\/memurunsesi.net\\\/#\\\/schema\\\/logo\\\/image\\\/\",\"url\":\"https:\\\/\\\/memurunsesi.net\\\/wp-content\\\/uploads\\\/2025\\\/11\\\/cropped-MEMURUN-SESI.png\",\"contentUrl\":\"https:\\\/\\\/memurunsesi.net\\\/wp-content\\\/uploads\\\/2025\\\/11\\\/cropped-MEMURUN-SESI.png\",\"width\":238,\"height\":57,\"caption\":\"Memurun Sesi\"},\"image\":{\"@id\":\"https:\\\/\\\/memurunsesi.net\\\/#\\\/schema\\\/logo\\\/image\\\/\"},\"sameAs\":[\"https:\\\/\\\/www.facebook.com\\\/unipersen\\\/?locale=tr_TR\",\"https:\\\/\\\/x.com\\\/unipersen\"]},{\"@type\":\"Person\",\"@id\":\"https:\\\/\\\/memurunsesi.net\\\/#\\\/schema\\\/person\\\/f21c2d73b89f6ee1d80b0a1803e38587\",\"name\":\"Memurun Sesi Haber Merkezi\",\"image\":{\"@type\":\"ImageObject\",\"inLanguage\":\"tr\",\"@id\":\"https:\\\/\\\/secure.gravatar.com\\\/avatar\\\/6cf0505f452ee753f485014986fab09a434671d2b919ee76fc541025c5876a70?s=96&d=mm&r=g\",\"url\":\"https:\\\/\\\/secure.gravatar.com\\\/avatar\\\/6cf0505f452ee753f485014986fab09a434671d2b919ee76fc541025c5876a70?s=96&d=mm&r=g\",\"contentUrl\":\"https:\\\/\\\/secure.gravatar.com\\\/avatar\\\/6cf0505f452ee753f485014986fab09a434671d2b919ee76fc541025c5876a70?s=96&d=mm&r=g\",\"caption\":\"Memurun Sesi Haber Merkezi\"},\"sameAs\":[\"https:\\\/\\\/memurunsesi.net\"],\"url\":\"https:\\\/\\\/memurunsesi.net\\\/index.php\\\/author\\\/uniper\\\/\"}]}<\/script>\n<!-- \/ Yoast SEO plugin. -->","yoast_head_json":{"title":"Deprem b\u00f6lgesinde vatanda\u015flar o anlar\u0131 anlatt\u0131 - Memurun Sesi","robots":{"index":"index","follow":"follow","max-snippet":"max-snippet:-1","max-image-preview":"max-image-preview:large","max-video-preview":"max-video-preview:-1"},"canonical":"https:\/\/memurunsesi.net\/index.php\/2025\/08\/11\/deprem-bolgesinde-vatandaslar-o-anlari-anlatti\/","og_locale":"tr_TR","og_type":"article","og_title":"Deprem b\u00f6lgesinde vatanda\u015flar o anlar\u0131 anlatt\u0131 - Memurun Sesi","og_description":"&#8211; S\u0131nd\u0131rg\u0131\u2019ya ba\u011fl\u0131 G\u00f6lc\u00fck Mahallesi&#8217;nde depremin etkisi g\u00f6zler \u00f6n\u00fcne serildi Bal\u0131kesir\u2019in S\u0131nd\u0131rg\u0131 il\u00e7esinde meydana gelen 6,1 b\u00fcy\u00fckl\u00fc\u011f\u00fcndeki depremin ard\u0131ndan il\u00e7e merkezi ile G\u00f6lc\u00fck ve K\u0131z\u0131lg\u00fcl mahallelerinde bir\u00e7ok bina y\u0131k\u0131larak kullan\u0131lamaz hale geldi. Vatanda\u015flar ise geceyi sokakta ge\u00e7iriyor. Bal\u0131kesir S\u0131nd\u0131rg\u0131\u2019da saat 19.53\u2019te meydana gelen 6,1 b\u00fcy\u00fckl\u00fc\u011f\u00fcndeki depremin ard\u0131ndan vatanda\u015flar soka\u011fa d\u00f6k\u00fcld\u00fc. Ya\u015fanan depremin ard\u0131ndan gelen art\u00e7\u0131lar [&hellip;]","og_url":"https:\/\/memurunsesi.net\/index.php\/2025\/08\/11\/deprem-bolgesinde-vatandaslar-o-anlari-anlatti\/","og_site_name":"Memurun Sesi","article_publisher":"https:\/\/www.facebook.com\/unipersen\/?locale=tr_TR","article_published_time":"2025-08-11T05:37:38+00:00","og_image":[{"width":1600,"height":1200,"url":"https:\/\/memurunsesi.net\/wp-content\/uploads\/2025\/08\/AW514897_02.jpg","type":"image\/jpeg"}],"author":"Memurun Sesi Haber Merkezi","twitter_card":"summary_large_image","twitter_creator":"@unipersen","twitter_site":"@unipersen","twitter_misc":{"Yazan:":"Memurun Sesi Haber Merkezi","Tahmini okuma s\u00fcresi":"1 dakika"},"schema":{"@context":"https:\/\/schema.org","@graph":[{"@type":"Article","@id":"https:\/\/memurunsesi.net\/index.php\/2025\/08\/11\/deprem-bolgesinde-vatandaslar-o-anlari-anlatti\/#article","isPartOf":{"@id":"https:\/\/memurunsesi.net\/index.php\/2025\/08\/11\/deprem-bolgesinde-vatandaslar-o-anlari-anlatti\/"},"author":{"name":"Memurun Sesi Haber Merkezi","@id":"https:\/\/memurunsesi.net\/#\/schema\/person\/f21c2d73b89f6ee1d80b0a1803e38587"},"headline":"Deprem b\u00f6lgesinde vatanda\u015flar o anlar\u0131 anlatt\u0131","datePublished":"2025-08-11T05:37:38+00:00","mainEntityOfPage":{"@id":"https:\/\/memurunsesi.net\/index.php\/2025\/08\/11\/deprem-bolgesinde-vatandaslar-o-anlari-anlatti\/"},"wordCount":234,"commentCount":0,"publisher":{"@id":"https:\/\/memurunsesi.net\/#organization"},"image":{"@id":"https:\/\/memurunsesi.net\/index.php\/2025\/08\/11\/deprem-bolgesinde-vatandaslar-o-anlari-anlatti\/#primaryimage"},"thumbnailUrl":"https:\/\/memurunsesi.net\/wp-content\/uploads\/2025\/08\/AW514897_02.jpg","inLanguage":"tr","potentialAction":[{"@type":"CommentAction","name":"Comment","target":["https:\/\/memurunsesi.net\/index.php\/2025\/08\/11\/deprem-bolgesinde-vatandaslar-o-anlari-anlatti\/#respond"]}]},{"@type":"WebPage","@id":"https:\/\/memurunsesi.net\/index.php\/2025\/08\/11\/deprem-bolgesinde-vatandaslar-o-anlari-anlatti\/","url":"https:\/\/memurunsesi.net\/index.php\/2025\/08\/11\/deprem-bolgesinde-vatandaslar-o-anlari-anlatti\/","name":"Deprem b\u00f6lgesinde vatanda\u015flar o anlar\u0131 anlatt\u0131 - Memurun Sesi","isPartOf":{"@id":"https:\/\/memurunsesi.net\/#website"},"primaryImageOfPage":{"@id":"https:\/\/memurunsesi.net\/index.php\/2025\/08\/11\/deprem-bolgesinde-vatandaslar-o-anlari-anlatti\/#primaryimage"},"image":{"@id":"https:\/\/memurunsesi.net\/index.php\/2025\/08\/11\/deprem-bolgesinde-vatandaslar-o-anlari-anlatti\/#primaryimage"},"thumbnailUrl":"https:\/\/memurunsesi.net\/wp-content\/uploads\/2025\/08\/AW514897_02.jpg","datePublished":"2025-08-11T05:37:38+00:00","breadcrumb":{"@id":"https:\/\/memurunsesi.net\/index.php\/2025\/08\/11\/deprem-bolgesinde-vatandaslar-o-anlari-anlatti\/#breadcrumb"},"inLanguage":"tr","potentialAction":[{"@type":"ReadAction","target":["https:\/\/memurunsesi.net\/index.php\/2025\/08\/11\/deprem-bolgesinde-vatandaslar-o-anlari-anlatti\/"]}]},{"@type":"ImageObject","inLanguage":"tr","@id":"https:\/\/memurunsesi.net\/index.php\/2025\/08\/11\/deprem-bolgesinde-vatandaslar-o-anlari-anlatti\/#primaryimage","url":"https:\/\/memurunsesi.net\/wp-content\/uploads\/2025\/08\/AW514897_02.jpg","contentUrl":"https:\/\/memurunsesi.net\/wp-content\/uploads\/2025\/08\/AW514897_02.jpg","width":1600,"height":1200,"caption":"BALIKES\u0130R'\u0130N SINDIRGI \u0130L\u00c7ES\u0130NDE MEYDANA GELEN 6,1 \u015e\u0130DDET\u0130NDEK\u0130 DEPREM\u0130N ARDINDAN \u0130L\u00c7E MERKEZ\u0130 \u0130LE G\u00d6LC\u00dcK VE KIZILG\u00dcL MAHALLELER\u0130NDE B\u0130R\u00c7OK B\u0130NA YIKILARAK KULLANILAMAZ HALE GELD\u0130. (ABDULLAH BOZKURT - AHMET BURAK \u00d6ZT\u00dcRK - BAHADIR DEM\u0130R\u00c7EV\u0130REN - MURAT SEYMAN\/BALIKES\u0130R-\u0130HA) Bal\u0131kesir'in S\u0131nd\u0131rg\u0131 il\u00e7esinde meydana gelen 6,1 b\u00fcy\u00fckl\u00fc\u011f\u00fcndeki depremin ard\u0131ndan il\u00e7e merkezi ile G\u00f6lc\u00fck ve K\u0131z\u0131lg\u00fcl mahallelerinde bir\u00e7ok bina y\u0131k\u0131larak kullan\u0131lamaz hale geldi. Vatanda\u015flar ise geceyi sokakta ge\u00e7iriyor."},{"@type":"BreadcrumbList","@id":"https:\/\/memurunsesi.net\/index.php\/2025\/08\/11\/deprem-bolgesinde-vatandaslar-o-anlari-anlatti\/#breadcrumb","itemListElement":[{"@type":"ListItem","position":1,"name":"Anasayfa","item":"https:\/\/memurunsesi.net\/"},{"@type":"ListItem","position":2,"name":"Deprem b\u00f6lgesinde vatanda\u015flar o anlar\u0131 anlatt\u0131"}]},{"@type":"WebSite","@id":"https:\/\/memurunsesi.net\/#website","url":"https:\/\/memurunsesi.net\/","name":"Memurun Sesi","description":"G\u00fcncel ve Do\u011fru Haber","publisher":{"@id":"https:\/\/memurunsesi.net\/#organization"},"potentialAction":[{"@type":"SearchAction","target":{"@type":"EntryPoint","urlTemplate":"https:\/\/memurunsesi.net\/?s={search_term_string}"},"query-input":{"@type":"PropertyValueSpecification","valueRequired":true,"valueName":"search_term_string"}}],"inLanguage":"tr"},{"@type":"Organization","@id":"https:\/\/memurunsesi.net\/#organization","name":"Memurun Sesi","url":"https:\/\/memurunsesi.net\/","logo":{"@type":"ImageObject","inLanguage":"tr","@id":"https:\/\/memurunsesi.net\/#\/schema\/logo\/image\/","url":"https:\/\/memurunsesi.net\/wp-content\/uploads\/2025\/11\/cropped-MEMURUN-SESI.png","contentUrl":"https:\/\/memurunsesi.net\/wp-content\/uploads\/2025\/11\/cropped-MEMURUN-SESI.png","width":238,"height":57,"caption":"Memurun Sesi"},"image":{"@id":"https:\/\/memurunsesi.net\/#\/schema\/logo\/image\/"},"sameAs":["https:\/\/www.facebook.com\/unipersen\/?locale=tr_TR","https:\/\/x.com\/unipersen"]},{"@type":"Person","@id":"https:\/\/memurunsesi.net\/#\/schema\/person\/f21c2d73b89f6ee1d80b0a1803e38587","name":"Memurun Sesi Haber Merkezi","image":{"@type":"ImageObject","inLanguage":"tr","@id":"https:\/\/secure.gravatar.com\/avatar\/6cf0505f452ee753f485014986fab09a434671d2b919ee76fc541025c5876a70?s=96&d=mm&r=g","url":"https:\/\/secure.gravatar.com\/avatar\/6cf0505f452ee753f485014986fab09a434671d2b919ee76fc541025c5876a70?s=96&d=mm&r=g","contentUrl":"https:\/\/secure.gravatar.com\/avatar\/6cf0505f452ee753f485014986fab09a434671d2b919ee76fc541025c5876a70?s=96&d=mm&r=g","caption":"Memurun Sesi Haber Merkezi"},"sameAs":["https:\/\/memurunsesi.net"],"url":"https:\/\/memurunsesi.net\/index.php\/author\/uniper\/"}]}},"_links":{"self":[{"href":"https:\/\/memurunsesi.net\/index.php\/wp-json\/wp\/v2\/posts\/10265","targetHints":{"allow":["GET"]}}],"collection":[{"href":"https:\/\/memurunsesi.net\/index.php\/wp-json\/wp\/v2\/posts"}],"about":[{"href":"https:\/\/memurunsesi.net\/index.php\/wp-json\/wp\/v2\/types\/post"}],"author":[{"embeddable":true,"href":"https:\/\/memurunsesi.net\/index.php\/wp-json\/wp\/v2\/users\/1"}],"replies":[{"embeddable":true,"href":"https:\/\/memurunsesi.net\/index.php\/wp-json\/wp\/v2\/comments?post=10265"}],"version-history":[{"count":1,"href":"https:\/\/memurunsesi.net\/index.php\/wp-json\/wp\/v2\/posts\/10265\/revisions"}],"predecessor-version":[{"id":10267,"href":"https:\/\/memurunsesi.net\/index.php\/wp-json\/wp\/v2\/posts\/10265\/revisions\/10267"}],"wp:featuredmedia":[{"embeddable":true,"href":"https:\/\/memurunsesi.net\/index.php\/wp-json\/wp\/v2\/media\/10266"}],"wp:attachment":[{"href":"https:\/\/memurunsesi.net\/index.php\/wp-json\/wp\/v2\/media?parent=10265"}],"wp:term":[{"taxonomy":"category","embeddable":true,"href":"https:\/\/memurunsesi.net\/index.php\/wp-json\/wp\/v2\/categories?post=10265"},{"taxonomy":"post_tag","embeddable":true,"href":"https:\/\/memurunsesi.net\/index.php\/wp-json\/wp\/v2\/tags?post=10265"}],"curies":[{"name":"wp","href":"https:\/\/api.w.org\/{rel}","templated":true}]}}