{"id":10268,"date":"2025-08-11T08:39:07","date_gmt":"2025-08-11T05:39:07","guid":{"rendered":"https:\/\/memurunsesi.net\/?p=10268"},"modified":"2025-08-11T08:39:07","modified_gmt":"2025-08-11T05:39:07","slug":"sindirgida-61lik-deprem-sonrasi-sahra-hastanesi-kuruldu-vatandaslar-geceyi-stadyumda-geciriyor","status":"publish","type":"post","link":"https:\/\/memurunsesi.net\/index.php\/2025\/08\/11\/sindirgida-61lik-deprem-sonrasi-sahra-hastanesi-kuruldu-vatandaslar-geceyi-stadyumda-geciriyor\/","title":{"rendered":"S\u0131nd\u0131rg\u0131\u2019da 6,1\u2019lik deprem sonras\u0131 sahra hastanesi kuruldu, vatanda\u015flar geceyi stadyumda ge\u00e7iriyor"},"content":{"rendered":"<p>  &#8211; Depremi ya\u015fayanlar o onlar\u0131 anlatt\u0131lar   <\/p>\n<p>  Bal\u0131kesir\u2019in S\u0131nd\u0131rg\u0131 il\u00e7esinde meydana gelen 6,1 b\u00fcy\u00fckl\u00fc\u011f\u00fcndeki depremin ard\u0131ndan tedbir amac\u0131yla S\u0131nd\u0131rg\u0131 Devlet Hastanesi\u2019ndeki hastalar, Bal\u0131kesir merkezdeki hastanelere nakledildi. Vatanda\u015flar ise geceyi S\u0131nd\u0131rg\u0131 Atat\u00fcrk \u015eehir Stadyumu&#8217;nda ge\u00e7iriyor.<br \/>\n  Edinilen bilgiye g\u00f6re, saat 19.53\u2019te meydana gelen depremin ard\u0131ndan hastane bah\u00e7esine sahra hastanesi \u00e7ad\u0131r\u0131 kuruldu. Kentteki vatanda\u015flara bu \u00e7ad\u0131rlarda acil servis hizmeti verilmeye ba\u015fland\u0131. Sahra hastanesi \u00e7ad\u0131rlar\u0131nda ilk m\u00fcdahalesi yap\u0131lan hastalar, aciliyet durumlar\u0131na g\u00f6re civar illerden gelen 112 ambulanslar\u0131 ile ba\u015fka hastanelere sevk ediliyor.<br \/>\n  \u00d6te yandan evlerinde kalmak istemeyen vatanda\u015flar, geceyi S\u0131nd\u0131rg\u0131 Atat\u00fcrk Stadyumu\u2019nda ge\u00e7irdi. Kimi vatanda\u015flar stadyum i\u00e7inde \u00e7ad\u0131r kurarken, kimileri ise evlerinden getirdikleri battaniye, has\u0131r ve yast\u0131klarla kendilerine yatak yapt\u0131.<br \/>\n  Depremzede Halil Abak, &#8220;Bug\u00fcn ak\u015fam Bal\u0131kesir S\u0131nd\u0131rg\u0131 il\u00e7emizde \u015fiddetli bir deprem meydana geldi. T\u00fcm Bal\u0131kesirli halk\u0131m\u0131za Allah ac\u0131 \u015fifalar\u0131 versin, ge\u00e7mi\u015f olsun diyorum. Deprem esnas\u0131nda evde oturuyorduk. Bir anda yerden vurdu. Ses yapt\u0131, acilen hemen d\u0131\u015far\u0131 \u00e7\u0131kt\u0131k ve korku i\u00e7inde bir an kendimizi kaybettik. Tekrar yava\u015f\u00e7a kendimizi toparlad\u0131k. Ben ger\u00e7ekten \u00e7ok \u00fcz\u00fcl\u00fcyorum. Allah acil \u015fifalar versin yaral\u0131lar\u0131m\u0131za. Bir tane de vefat edenimiz var. Allah rahmet eylesin diyorum. Bu gece bural\u0131y\u0131z. \u0130n\u015fallah yar\u0131n evimize d\u00f6neriz. Bir daha da b\u00f6yle bir \u015fey ya\u015famay\u0131z. Tek \u00fcmidimiz bu.&#8221; dedi.<br \/>\n  Deprem an\u0131nda ya\u015fad\u0131klar\u0131n\u0131 anlatan Hasan Umur, &#8220;Hi\u00e7 ummad\u0131\u011f\u0131m\u0131z bir anda her taraf sallanmaya ba\u015flad\u0131, bardaklar tabaklar her \u015fey yere d\u00f6k\u00fcld\u00fc. \u015eoke olduk birden tabii, bir an evvel bitsin bekledik. Ev g\u00fcvenilir olmad\u0131\u011f\u0131 i\u00e7in bir de y\u0131k\u0131lan binalar\u0131 g\u00f6rd\u00fckten sonra betonlar\u0131n i\u00e7inde durmak bize g\u00f6re sa\u011fl\u0131kl\u0131 de\u011fil.&#8221; diye konu\u015ftu.<br \/>\n  Bir ba\u015fka depremzede Kemal Umut ise, &#8220;Biz oturuyorduk, salland\u0131 bir direkler filan oynad\u0131 o \u015fekilde. Bir de duman gibi bir \u015feyler oldu b\u00f6yle. O \u015fekilde oldu. Burada yatmaya gelenler var. Buraya geldi evleri iyi olmayanlar. Evlerde kal\u0131nm\u0131yor biliyorsunuz depremden dolay\u0131.&#8221; \u0130fadelerini kulland\u0131. <\/p>\n<p>11.08.2025                                 <\/p>\n","protected":false},"excerpt":{"rendered":"<p>&#8211; Depremi ya\u015fayanlar o onlar\u0131 anlatt\u0131lar Bal\u0131kesir\u2019in S\u0131nd\u0131rg\u0131 il\u00e7esinde meydana gelen 6,1 b\u00fcy\u00fckl\u00fc\u011f\u00fcndeki depremin ard\u0131ndan tedbir amac\u0131yla S\u0131nd\u0131rg\u0131 Devlet Hastanesi\u2019ndeki hastalar, Bal\u0131kesir merkezdeki hastanelere nakledildi. Vatanda\u015flar ise geceyi S\u0131nd\u0131rg\u0131 Atat\u00fcrk \u015eehir Stadyumu&#8217;nda ge\u00e7iriyor. Edinilen bilgiye g\u00f6re, saat 19.53\u2019te meydana gelen depremin ard\u0131ndan hastane bah\u00e7esine sahra hastanesi \u00e7ad\u0131r\u0131 kuruldu. Kentteki vatanda\u015flara bu \u00e7ad\u0131rlarda acil servis hizmeti [&hellip;]<\/p>\n","protected":false},"author":1,"featured_media":10269,"comment_status":"open","ping_status":"open","sticky":false,"template":"","format":"standard","meta":{"footnotes":""},"categories":[1],"tags":[],"class_list":["post-10268","post","type-post","status-publish","format-standard","has-post-thumbnail","hentry","category-genel"],"yoast_head":"<!-- This site is optimized with the Yoast SEO plugin v27.4 - https:\/\/yoast.com\/product\/yoast-seo-wordpress\/ -->\n<title>S\u0131nd\u0131rg\u0131\u2019da 6,1\u2019lik deprem sonras\u0131 sahra hastanesi kuruldu, vatanda\u015flar geceyi stadyumda ge\u00e7iriyor - Memurun Sesi<\/title>\n<meta name=\"robots\" content=\"index, follow, max-snippet:-1, max-image-preview:large, max-video-preview:-1\" \/>\n<link rel=\"canonical\" href=\"https:\/\/memurunsesi.net\/index.php\/2025\/08\/11\/sindirgida-61lik-deprem-sonrasi-sahra-hastanesi-kuruldu-vatandaslar-geceyi-stadyumda-geciriyor\/\" \/>\n<meta property=\"og:locale\" content=\"tr_TR\" \/>\n<meta property=\"og:type\" content=\"article\" \/>\n<meta property=\"og:title\" content=\"S\u0131nd\u0131rg\u0131\u2019da 6,1\u2019lik deprem sonras\u0131 sahra hastanesi kuruldu, vatanda\u015flar geceyi stadyumda ge\u00e7iriyor - Memurun Sesi\" \/>\n<meta property=\"og:description\" content=\"&#8211; Depremi ya\u015fayanlar o onlar\u0131 anlatt\u0131lar Bal\u0131kesir\u2019in S\u0131nd\u0131rg\u0131 il\u00e7esinde meydana gelen 6,1 b\u00fcy\u00fckl\u00fc\u011f\u00fcndeki depremin ard\u0131ndan tedbir amac\u0131yla S\u0131nd\u0131rg\u0131 Devlet Hastanesi\u2019ndeki hastalar, Bal\u0131kesir merkezdeki hastanelere nakledildi. Vatanda\u015flar ise geceyi S\u0131nd\u0131rg\u0131 Atat\u00fcrk \u015eehir Stadyumu&#8217;nda ge\u00e7iriyor. Edinilen bilgiye g\u00f6re, saat 19.53\u2019te meydana gelen depremin ard\u0131ndan hastane bah\u00e7esine sahra hastanesi \u00e7ad\u0131r\u0131 kuruldu. Kentteki vatanda\u015flara bu \u00e7ad\u0131rlarda acil servis hizmeti [&hellip;]\" \/>\n<meta property=\"og:url\" content=\"https:\/\/memurunsesi.net\/index.php\/2025\/08\/11\/sindirgida-61lik-deprem-sonrasi-sahra-hastanesi-kuruldu-vatandaslar-geceyi-stadyumda-geciriyor\/\" \/>\n<meta property=\"og:site_name\" content=\"Memurun Sesi\" \/>\n<meta property=\"article:publisher\" content=\"https:\/\/www.facebook.com\/unipersen\/?locale=tr_TR\" \/>\n<meta property=\"article:published_time\" content=\"2025-08-11T05:39:07+00:00\" \/>\n<meta property=\"og:image\" content=\"https:\/\/memurunsesi.net\/wp-content\/uploads\/2025\/08\/AW514892_01-scaled.jpg\" \/>\n\t<meta property=\"og:image:width\" content=\"2560\" \/>\n\t<meta property=\"og:image:height\" content=\"1707\" \/>\n\t<meta property=\"og:image:type\" content=\"image\/jpeg\" \/>\n<meta name=\"author\" content=\"Memurun Sesi Haber Merkezi\" \/>\n<meta name=\"twitter:card\" content=\"summary_large_image\" \/>\n<meta name=\"twitter:creator\" content=\"@unipersen\" \/>\n<meta name=\"twitter:site\" content=\"@unipersen\" \/>\n<meta name=\"twitter:label1\" content=\"Yazan:\" \/>\n\t<meta name=\"twitter:data1\" content=\"Memurun Sesi Haber Merkezi\" \/>\n\t<meta name=\"twitter:label2\" content=\"Tahmini okuma s\u00fcresi\" \/>\n\t<meta name=\"twitter:data2\" content=\"1 dakika\" \/>\n<script type=\"application\/ld+json\" class=\"yoast-schema-graph\">{\"@context\":\"https:\\\/\\\/schema.org\",\"@graph\":[{\"@type\":\"Article\",\"@id\":\"https:\\\/\\\/memurunsesi.net\\\/index.php\\\/2025\\\/08\\\/11\\\/sindirgida-61lik-deprem-sonrasi-sahra-hastanesi-kuruldu-vatandaslar-geceyi-stadyumda-geciriyor\\\/#article\",\"isPartOf\":{\"@id\":\"https:\\\/\\\/memurunsesi.net\\\/index.php\\\/2025\\\/08\\\/11\\\/sindirgida-61lik-deprem-sonrasi-sahra-hastanesi-kuruldu-vatandaslar-geceyi-stadyumda-geciriyor\\\/\"},\"author\":{\"name\":\"Memurun Sesi Haber Merkezi\",\"@id\":\"https:\\\/\\\/memurunsesi.net\\\/#\\\/schema\\\/person\\\/f21c2d73b89f6ee1d80b0a1803e38587\"},\"headline\":\"S\u0131nd\u0131rg\u0131\u2019da 6,1\u2019lik deprem sonras\u0131 sahra hastanesi kuruldu, vatanda\u015flar geceyi stadyumda ge\u00e7iriyor\",\"datePublished\":\"2025-08-11T05:39:07+00:00\",\"mainEntityOfPage\":{\"@id\":\"https:\\\/\\\/memurunsesi.net\\\/index.php\\\/2025\\\/08\\\/11\\\/sindirgida-61lik-deprem-sonrasi-sahra-hastanesi-kuruldu-vatandaslar-geceyi-stadyumda-geciriyor\\\/\"},\"wordCount\":398,\"commentCount\":0,\"publisher\":{\"@id\":\"https:\\\/\\\/memurunsesi.net\\\/#organization\"},\"image\":{\"@id\":\"https:\\\/\\\/memurunsesi.net\\\/index.php\\\/2025\\\/08\\\/11\\\/sindirgida-61lik-deprem-sonrasi-sahra-hastanesi-kuruldu-vatandaslar-geceyi-stadyumda-geciriyor\\\/#primaryimage\"},\"thumbnailUrl\":\"https:\\\/\\\/memurunsesi.net\\\/wp-content\\\/uploads\\\/2025\\\/08\\\/AW514892_01-scaled.jpg\",\"inLanguage\":\"tr\",\"potentialAction\":[{\"@type\":\"CommentAction\",\"name\":\"Comment\",\"target\":[\"https:\\\/\\\/memurunsesi.net\\\/index.php\\\/2025\\\/08\\\/11\\\/sindirgida-61lik-deprem-sonrasi-sahra-hastanesi-kuruldu-vatandaslar-geceyi-stadyumda-geciriyor\\\/#respond\"]}]},{\"@type\":\"WebPage\",\"@id\":\"https:\\\/\\\/memurunsesi.net\\\/index.php\\\/2025\\\/08\\\/11\\\/sindirgida-61lik-deprem-sonrasi-sahra-hastanesi-kuruldu-vatandaslar-geceyi-stadyumda-geciriyor\\\/\",\"url\":\"https:\\\/\\\/memurunsesi.net\\\/index.php\\\/2025\\\/08\\\/11\\\/sindirgida-61lik-deprem-sonrasi-sahra-hastanesi-kuruldu-vatandaslar-geceyi-stadyumda-geciriyor\\\/\",\"name\":\"S\u0131nd\u0131rg\u0131\u2019da 6,1\u2019lik deprem sonras\u0131 sahra hastanesi kuruldu, vatanda\u015flar geceyi stadyumda ge\u00e7iriyor - Memurun Sesi\",\"isPartOf\":{\"@id\":\"https:\\\/\\\/memurunsesi.net\\\/#website\"},\"primaryImageOfPage\":{\"@id\":\"https:\\\/\\\/memurunsesi.net\\\/index.php\\\/2025\\\/08\\\/11\\\/sindirgida-61lik-deprem-sonrasi-sahra-hastanesi-kuruldu-vatandaslar-geceyi-stadyumda-geciriyor\\\/#primaryimage\"},\"image\":{\"@id\":\"https:\\\/\\\/memurunsesi.net\\\/index.php\\\/2025\\\/08\\\/11\\\/sindirgida-61lik-deprem-sonrasi-sahra-hastanesi-kuruldu-vatandaslar-geceyi-stadyumda-geciriyor\\\/#primaryimage\"},\"thumbnailUrl\":\"https:\\\/\\\/memurunsesi.net\\\/wp-content\\\/uploads\\\/2025\\\/08\\\/AW514892_01-scaled.jpg\",\"datePublished\":\"2025-08-11T05:39:07+00:00\",\"breadcrumb\":{\"@id\":\"https:\\\/\\\/memurunsesi.net\\\/index.php\\\/2025\\\/08\\\/11\\\/sindirgida-61lik-deprem-sonrasi-sahra-hastanesi-kuruldu-vatandaslar-geceyi-stadyumda-geciriyor\\\/#breadcrumb\"},\"inLanguage\":\"tr\",\"potentialAction\":[{\"@type\":\"ReadAction\",\"target\":[\"https:\\\/\\\/memurunsesi.net\\\/index.php\\\/2025\\\/08\\\/11\\\/sindirgida-61lik-deprem-sonrasi-sahra-hastanesi-kuruldu-vatandaslar-geceyi-stadyumda-geciriyor\\\/\"]}]},{\"@type\":\"ImageObject\",\"inLanguage\":\"tr\",\"@id\":\"https:\\\/\\\/memurunsesi.net\\\/index.php\\\/2025\\\/08\\\/11\\\/sindirgida-61lik-deprem-sonrasi-sahra-hastanesi-kuruldu-vatandaslar-geceyi-stadyumda-geciriyor\\\/#primaryimage\",\"url\":\"https:\\\/\\\/memurunsesi.net\\\/wp-content\\\/uploads\\\/2025\\\/08\\\/AW514892_01-scaled.jpg\",\"contentUrl\":\"https:\\\/\\\/memurunsesi.net\\\/wp-content\\\/uploads\\\/2025\\\/08\\\/AW514892_01-scaled.jpg\",\"width\":2560,\"height\":1707,\"caption\":\"BALIKES\u0130R'\u0130N SINDIRGI \u0130L\u00c7ES\u0130NDE MEYDANA GELEN 6,1 B\u00dcY\u00dcKL\u00dc\u011e\u00dcNDEK\u0130 DEPREM\u0130N ARDINDAN TEDB\u0130R AMACIYLA SINDIRGI DEVLET HASTANES\u0130'NDEK\u0130 HASTALAR, BALIKES\u0130R MERKEZDEK\u0130 HASTANELERE NAKLED\u0130LD\u0130. VATANDA\u015eLAR \u0130SE GECEY\u0130 SINDIRGI ATAT\u00dcRK \u015eEH\u0130R STADYUMUNDA GE\u00c7\u0130R\u0130YOR. (EMRAH ELMAS - \u0130SMA\u0130L \u00d6ZDEM\u0130R\\\/BALIKES\u0130R-\u0130HA) Bal\u0131kesir'in S\u0131nd\u0131rg\u0131 il\u00e7esinde meydana gelen 6,1 b\u00fcy\u00fckl\u00fc\u011f\u00fcndeki depremin ard\u0131ndan tedbir amac\u0131yla S\u0131nd\u0131rg\u0131 Devlet Hastanesi'ndeki hastalar, Bal\u0131kesir merkezdeki hastanelere nakledildi. Vatanda\u015flar ise geceyi S\u0131nd\u0131rg\u0131 Atat\u00fcrk \u015eehir Stadyumu'nda ge\u00e7iriyor.\"},{\"@type\":\"BreadcrumbList\",\"@id\":\"https:\\\/\\\/memurunsesi.net\\\/index.php\\\/2025\\\/08\\\/11\\\/sindirgida-61lik-deprem-sonrasi-sahra-hastanesi-kuruldu-vatandaslar-geceyi-stadyumda-geciriyor\\\/#breadcrumb\",\"itemListElement\":[{\"@type\":\"ListItem\",\"position\":1,\"name\":\"Anasayfa\",\"item\":\"https:\\\/\\\/memurunsesi.net\\\/\"},{\"@type\":\"ListItem\",\"position\":2,\"name\":\"S\u0131nd\u0131rg\u0131\u2019da 6,1\u2019lik deprem sonras\u0131 sahra hastanesi kuruldu, vatanda\u015flar geceyi stadyumda ge\u00e7iriyor\"}]},{\"@type\":\"WebSite\",\"@id\":\"https:\\\/\\\/memurunsesi.net\\\/#website\",\"url\":\"https:\\\/\\\/memurunsesi.net\\\/\",\"name\":\"Memurun Sesi\",\"description\":\"G\u00fcncel ve Do\u011fru Haber\",\"publisher\":{\"@id\":\"https:\\\/\\\/memurunsesi.net\\\/#organization\"},\"potentialAction\":[{\"@type\":\"SearchAction\",\"target\":{\"@type\":\"EntryPoint\",\"urlTemplate\":\"https:\\\/\\\/memurunsesi.net\\\/?s={search_term_string}\"},\"query-input\":{\"@type\":\"PropertyValueSpecification\",\"valueRequired\":true,\"valueName\":\"search_term_string\"}}],\"inLanguage\":\"tr\"},{\"@type\":\"Organization\",\"@id\":\"https:\\\/\\\/memurunsesi.net\\\/#organization\",\"name\":\"Memurun Sesi\",\"url\":\"https:\\\/\\\/memurunsesi.net\\\/\",\"logo\":{\"@type\":\"ImageObject\",\"inLanguage\":\"tr\",\"@id\":\"https:\\\/\\\/memurunsesi.net\\\/#\\\/schema\\\/logo\\\/image\\\/\",\"url\":\"https:\\\/\\\/memurunsesi.net\\\/wp-content\\\/uploads\\\/2025\\\/11\\\/cropped-MEMURUN-SESI.png\",\"contentUrl\":\"https:\\\/\\\/memurunsesi.net\\\/wp-content\\\/uploads\\\/2025\\\/11\\\/cropped-MEMURUN-SESI.png\",\"width\":238,\"height\":57,\"caption\":\"Memurun Sesi\"},\"image\":{\"@id\":\"https:\\\/\\\/memurunsesi.net\\\/#\\\/schema\\\/logo\\\/image\\\/\"},\"sameAs\":[\"https:\\\/\\\/www.facebook.com\\\/unipersen\\\/?locale=tr_TR\",\"https:\\\/\\\/x.com\\\/unipersen\"]},{\"@type\":\"Person\",\"@id\":\"https:\\\/\\\/memurunsesi.net\\\/#\\\/schema\\\/person\\\/f21c2d73b89f6ee1d80b0a1803e38587\",\"name\":\"Memurun Sesi Haber Merkezi\",\"image\":{\"@type\":\"ImageObject\",\"inLanguage\":\"tr\",\"@id\":\"https:\\\/\\\/secure.gravatar.com\\\/avatar\\\/6cf0505f452ee753f485014986fab09a434671d2b919ee76fc541025c5876a70?s=96&d=mm&r=g\",\"url\":\"https:\\\/\\\/secure.gravatar.com\\\/avatar\\\/6cf0505f452ee753f485014986fab09a434671d2b919ee76fc541025c5876a70?s=96&d=mm&r=g\",\"contentUrl\":\"https:\\\/\\\/secure.gravatar.com\\\/avatar\\\/6cf0505f452ee753f485014986fab09a434671d2b919ee76fc541025c5876a70?s=96&d=mm&r=g\",\"caption\":\"Memurun Sesi Haber Merkezi\"},\"sameAs\":[\"https:\\\/\\\/memurunsesi.net\"],\"url\":\"https:\\\/\\\/memurunsesi.net\\\/index.php\\\/author\\\/uniper\\\/\"}]}<\/script>\n<!-- \/ Yoast SEO plugin. -->","yoast_head_json":{"title":"S\u0131nd\u0131rg\u0131\u2019da 6,1\u2019lik deprem sonras\u0131 sahra hastanesi kuruldu, vatanda\u015flar geceyi stadyumda ge\u00e7iriyor - Memurun Sesi","robots":{"index":"index","follow":"follow","max-snippet":"max-snippet:-1","max-image-preview":"max-image-preview:large","max-video-preview":"max-video-preview:-1"},"canonical":"https:\/\/memurunsesi.net\/index.php\/2025\/08\/11\/sindirgida-61lik-deprem-sonrasi-sahra-hastanesi-kuruldu-vatandaslar-geceyi-stadyumda-geciriyor\/","og_locale":"tr_TR","og_type":"article","og_title":"S\u0131nd\u0131rg\u0131\u2019da 6,1\u2019lik deprem sonras\u0131 sahra hastanesi kuruldu, vatanda\u015flar geceyi stadyumda ge\u00e7iriyor - Memurun Sesi","og_description":"&#8211; Depremi ya\u015fayanlar o onlar\u0131 anlatt\u0131lar Bal\u0131kesir\u2019in S\u0131nd\u0131rg\u0131 il\u00e7esinde meydana gelen 6,1 b\u00fcy\u00fckl\u00fc\u011f\u00fcndeki depremin ard\u0131ndan tedbir amac\u0131yla S\u0131nd\u0131rg\u0131 Devlet Hastanesi\u2019ndeki hastalar, Bal\u0131kesir merkezdeki hastanelere nakledildi. Vatanda\u015flar ise geceyi S\u0131nd\u0131rg\u0131 Atat\u00fcrk \u015eehir Stadyumu&#8217;nda ge\u00e7iriyor. Edinilen bilgiye g\u00f6re, saat 19.53\u2019te meydana gelen depremin ard\u0131ndan hastane bah\u00e7esine sahra hastanesi \u00e7ad\u0131r\u0131 kuruldu. Kentteki vatanda\u015flara bu \u00e7ad\u0131rlarda acil servis hizmeti [&hellip;]","og_url":"https:\/\/memurunsesi.net\/index.php\/2025\/08\/11\/sindirgida-61lik-deprem-sonrasi-sahra-hastanesi-kuruldu-vatandaslar-geceyi-stadyumda-geciriyor\/","og_site_name":"Memurun Sesi","article_publisher":"https:\/\/www.facebook.com\/unipersen\/?locale=tr_TR","article_published_time":"2025-08-11T05:39:07+00:00","og_image":[{"width":2560,"height":1707,"url":"https:\/\/memurunsesi.net\/wp-content\/uploads\/2025\/08\/AW514892_01-scaled.jpg","type":"image\/jpeg"}],"author":"Memurun Sesi Haber Merkezi","twitter_card":"summary_large_image","twitter_creator":"@unipersen","twitter_site":"@unipersen","twitter_misc":{"Yazan:":"Memurun Sesi Haber Merkezi","Tahmini okuma s\u00fcresi":"1 dakika"},"schema":{"@context":"https:\/\/schema.org","@graph":[{"@type":"Article","@id":"https:\/\/memurunsesi.net\/index.php\/2025\/08\/11\/sindirgida-61lik-deprem-sonrasi-sahra-hastanesi-kuruldu-vatandaslar-geceyi-stadyumda-geciriyor\/#article","isPartOf":{"@id":"https:\/\/memurunsesi.net\/index.php\/2025\/08\/11\/sindirgida-61lik-deprem-sonrasi-sahra-hastanesi-kuruldu-vatandaslar-geceyi-stadyumda-geciriyor\/"},"author":{"name":"Memurun Sesi Haber Merkezi","@id":"https:\/\/memurunsesi.net\/#\/schema\/person\/f21c2d73b89f6ee1d80b0a1803e38587"},"headline":"S\u0131nd\u0131rg\u0131\u2019da 6,1\u2019lik deprem sonras\u0131 sahra hastanesi kuruldu, vatanda\u015flar geceyi stadyumda ge\u00e7iriyor","datePublished":"2025-08-11T05:39:07+00:00","mainEntityOfPage":{"@id":"https:\/\/memurunsesi.net\/index.php\/2025\/08\/11\/sindirgida-61lik-deprem-sonrasi-sahra-hastanesi-kuruldu-vatandaslar-geceyi-stadyumda-geciriyor\/"},"wordCount":398,"commentCount":0,"publisher":{"@id":"https:\/\/memurunsesi.net\/#organization"},"image":{"@id":"https:\/\/memurunsesi.net\/index.php\/2025\/08\/11\/sindirgida-61lik-deprem-sonrasi-sahra-hastanesi-kuruldu-vatandaslar-geceyi-stadyumda-geciriyor\/#primaryimage"},"thumbnailUrl":"https:\/\/memurunsesi.net\/wp-content\/uploads\/2025\/08\/AW514892_01-scaled.jpg","inLanguage":"tr","potentialAction":[{"@type":"CommentAction","name":"Comment","target":["https:\/\/memurunsesi.net\/index.php\/2025\/08\/11\/sindirgida-61lik-deprem-sonrasi-sahra-hastanesi-kuruldu-vatandaslar-geceyi-stadyumda-geciriyor\/#respond"]}]},{"@type":"WebPage","@id":"https:\/\/memurunsesi.net\/index.php\/2025\/08\/11\/sindirgida-61lik-deprem-sonrasi-sahra-hastanesi-kuruldu-vatandaslar-geceyi-stadyumda-geciriyor\/","url":"https:\/\/memurunsesi.net\/index.php\/2025\/08\/11\/sindirgida-61lik-deprem-sonrasi-sahra-hastanesi-kuruldu-vatandaslar-geceyi-stadyumda-geciriyor\/","name":"S\u0131nd\u0131rg\u0131\u2019da 6,1\u2019lik deprem sonras\u0131 sahra hastanesi kuruldu, vatanda\u015flar geceyi stadyumda ge\u00e7iriyor - Memurun Sesi","isPartOf":{"@id":"https:\/\/memurunsesi.net\/#website"},"primaryImageOfPage":{"@id":"https:\/\/memurunsesi.net\/index.php\/2025\/08\/11\/sindirgida-61lik-deprem-sonrasi-sahra-hastanesi-kuruldu-vatandaslar-geceyi-stadyumda-geciriyor\/#primaryimage"},"image":{"@id":"https:\/\/memurunsesi.net\/index.php\/2025\/08\/11\/sindirgida-61lik-deprem-sonrasi-sahra-hastanesi-kuruldu-vatandaslar-geceyi-stadyumda-geciriyor\/#primaryimage"},"thumbnailUrl":"https:\/\/memurunsesi.net\/wp-content\/uploads\/2025\/08\/AW514892_01-scaled.jpg","datePublished":"2025-08-11T05:39:07+00:00","breadcrumb":{"@id":"https:\/\/memurunsesi.net\/index.php\/2025\/08\/11\/sindirgida-61lik-deprem-sonrasi-sahra-hastanesi-kuruldu-vatandaslar-geceyi-stadyumda-geciriyor\/#breadcrumb"},"inLanguage":"tr","potentialAction":[{"@type":"ReadAction","target":["https:\/\/memurunsesi.net\/index.php\/2025\/08\/11\/sindirgida-61lik-deprem-sonrasi-sahra-hastanesi-kuruldu-vatandaslar-geceyi-stadyumda-geciriyor\/"]}]},{"@type":"ImageObject","inLanguage":"tr","@id":"https:\/\/memurunsesi.net\/index.php\/2025\/08\/11\/sindirgida-61lik-deprem-sonrasi-sahra-hastanesi-kuruldu-vatandaslar-geceyi-stadyumda-geciriyor\/#primaryimage","url":"https:\/\/memurunsesi.net\/wp-content\/uploads\/2025\/08\/AW514892_01-scaled.jpg","contentUrl":"https:\/\/memurunsesi.net\/wp-content\/uploads\/2025\/08\/AW514892_01-scaled.jpg","width":2560,"height":1707,"caption":"BALIKES\u0130R'\u0130N SINDIRGI \u0130L\u00c7ES\u0130NDE MEYDANA GELEN 6,1 B\u00dcY\u00dcKL\u00dc\u011e\u00dcNDEK\u0130 DEPREM\u0130N ARDINDAN TEDB\u0130R AMACIYLA SINDIRGI DEVLET HASTANES\u0130'NDEK\u0130 HASTALAR, BALIKES\u0130R MERKEZDEK\u0130 HASTANELERE NAKLED\u0130LD\u0130. VATANDA\u015eLAR \u0130SE GECEY\u0130 SINDIRGI ATAT\u00dcRK \u015eEH\u0130R STADYUMUNDA GE\u00c7\u0130R\u0130YOR. (EMRAH ELMAS - \u0130SMA\u0130L \u00d6ZDEM\u0130R\/BALIKES\u0130R-\u0130HA) Bal\u0131kesir'in S\u0131nd\u0131rg\u0131 il\u00e7esinde meydana gelen 6,1 b\u00fcy\u00fckl\u00fc\u011f\u00fcndeki depremin ard\u0131ndan tedbir amac\u0131yla S\u0131nd\u0131rg\u0131 Devlet Hastanesi'ndeki hastalar, Bal\u0131kesir merkezdeki hastanelere nakledildi. Vatanda\u015flar ise geceyi S\u0131nd\u0131rg\u0131 Atat\u00fcrk \u015eehir Stadyumu'nda ge\u00e7iriyor."},{"@type":"BreadcrumbList","@id":"https:\/\/memurunsesi.net\/index.php\/2025\/08\/11\/sindirgida-61lik-deprem-sonrasi-sahra-hastanesi-kuruldu-vatandaslar-geceyi-stadyumda-geciriyor\/#breadcrumb","itemListElement":[{"@type":"ListItem","position":1,"name":"Anasayfa","item":"https:\/\/memurunsesi.net\/"},{"@type":"ListItem","position":2,"name":"S\u0131nd\u0131rg\u0131\u2019da 6,1\u2019lik deprem sonras\u0131 sahra hastanesi kuruldu, vatanda\u015flar geceyi stadyumda ge\u00e7iriyor"}]},{"@type":"WebSite","@id":"https:\/\/memurunsesi.net\/#website","url":"https:\/\/memurunsesi.net\/","name":"Memurun Sesi","description":"G\u00fcncel ve Do\u011fru Haber","publisher":{"@id":"https:\/\/memurunsesi.net\/#organization"},"potentialAction":[{"@type":"SearchAction","target":{"@type":"EntryPoint","urlTemplate":"https:\/\/memurunsesi.net\/?s={search_term_string}"},"query-input":{"@type":"PropertyValueSpecification","valueRequired":true,"valueName":"search_term_string"}}],"inLanguage":"tr"},{"@type":"Organization","@id":"https:\/\/memurunsesi.net\/#organization","name":"Memurun Sesi","url":"https:\/\/memurunsesi.net\/","logo":{"@type":"ImageObject","inLanguage":"tr","@id":"https:\/\/memurunsesi.net\/#\/schema\/logo\/image\/","url":"https:\/\/memurunsesi.net\/wp-content\/uploads\/2025\/11\/cropped-MEMURUN-SESI.png","contentUrl":"https:\/\/memurunsesi.net\/wp-content\/uploads\/2025\/11\/cropped-MEMURUN-SESI.png","width":238,"height":57,"caption":"Memurun Sesi"},"image":{"@id":"https:\/\/memurunsesi.net\/#\/schema\/logo\/image\/"},"sameAs":["https:\/\/www.facebook.com\/unipersen\/?locale=tr_TR","https:\/\/x.com\/unipersen"]},{"@type":"Person","@id":"https:\/\/memurunsesi.net\/#\/schema\/person\/f21c2d73b89f6ee1d80b0a1803e38587","name":"Memurun Sesi Haber Merkezi","image":{"@type":"ImageObject","inLanguage":"tr","@id":"https:\/\/secure.gravatar.com\/avatar\/6cf0505f452ee753f485014986fab09a434671d2b919ee76fc541025c5876a70?s=96&d=mm&r=g","url":"https:\/\/secure.gravatar.com\/avatar\/6cf0505f452ee753f485014986fab09a434671d2b919ee76fc541025c5876a70?s=96&d=mm&r=g","contentUrl":"https:\/\/secure.gravatar.com\/avatar\/6cf0505f452ee753f485014986fab09a434671d2b919ee76fc541025c5876a70?s=96&d=mm&r=g","caption":"Memurun Sesi Haber Merkezi"},"sameAs":["https:\/\/memurunsesi.net"],"url":"https:\/\/memurunsesi.net\/index.php\/author\/uniper\/"}]}},"_links":{"self":[{"href":"https:\/\/memurunsesi.net\/index.php\/wp-json\/wp\/v2\/posts\/10268","targetHints":{"allow":["GET"]}}],"collection":[{"href":"https:\/\/memurunsesi.net\/index.php\/wp-json\/wp\/v2\/posts"}],"about":[{"href":"https:\/\/memurunsesi.net\/index.php\/wp-json\/wp\/v2\/types\/post"}],"author":[{"embeddable":true,"href":"https:\/\/memurunsesi.net\/index.php\/wp-json\/wp\/v2\/users\/1"}],"replies":[{"embeddable":true,"href":"https:\/\/memurunsesi.net\/index.php\/wp-json\/wp\/v2\/comments?post=10268"}],"version-history":[{"count":1,"href":"https:\/\/memurunsesi.net\/index.php\/wp-json\/wp\/v2\/posts\/10268\/revisions"}],"predecessor-version":[{"id":10270,"href":"https:\/\/memurunsesi.net\/index.php\/wp-json\/wp\/v2\/posts\/10268\/revisions\/10270"}],"wp:featuredmedia":[{"embeddable":true,"href":"https:\/\/memurunsesi.net\/index.php\/wp-json\/wp\/v2\/media\/10269"}],"wp:attachment":[{"href":"https:\/\/memurunsesi.net\/index.php\/wp-json\/wp\/v2\/media?parent=10268"}],"wp:term":[{"taxonomy":"category","embeddable":true,"href":"https:\/\/memurunsesi.net\/index.php\/wp-json\/wp\/v2\/categories?post=10268"},{"taxonomy":"post_tag","embeddable":true,"href":"https:\/\/memurunsesi.net\/index.php\/wp-json\/wp\/v2\/tags?post=10268"}],"curies":[{"name":"wp","href":"https:\/\/api.w.org\/{rel}","templated":true}]}}