{"id":10274,"date":"2025-08-11T08:41:58","date_gmt":"2025-08-11T05:41:58","guid":{"rendered":"https:\/\/memurunsesi.net\/?p=10274"},"modified":"2025-08-11T08:41:58","modified_gmt":"2025-08-11T05:41:58","slug":"musta-daglik-alanda-ayagi-kirilan-genc-kurtarildi","status":"publish","type":"post","link":"https:\/\/memurunsesi.net\/index.php\/2025\/08\/11\/musta-daglik-alanda-ayagi-kirilan-genc-kurtarildi\/","title":{"rendered":"Mu\u015f&#8217;ta da\u011fl\u0131k alanda aya\u011f\u0131 k\u0131r\u0131lan gen\u00e7 kurtar\u0131ld\u0131"},"content":{"rendered":"<p>   Mu\u015f&#8217;un Az\u0131kl\u0131 k\u00f6y\u00fc k\u0131rsal\u0131nda aya\u011f\u0131 k\u0131r\u0131lan 25 ya\u015f\u0131ndaki bir ki\u015fi ekiplerinin \u00e7al\u0131\u015fmas\u0131 ile hastaneye ula\u015ft\u0131r\u0131ld\u0131.<br \/>\nMu\u015f&#8217;un Az\u0131kl\u0131 k\u00f6y\u00fc k\u0131rsal\u0131nda, da\u011fl\u0131k arazide d\u00fc\u015fme sonucu sa\u011f aya\u011f\u0131 k\u0131r\u0131lan 25 ya\u015f\u0131ndaki bir vatanda\u015f, UMKE, AFAD ve jandarma ekiplerinin koordineli \u00e7al\u0131\u015fmas\u0131yla kurtar\u0131ld\u0131.<br \/>\n  \u0130hbar \u00fczerine b\u00f6lgeye sevk edilen ekipler, zorlu arazi \u015fartlar\u0131nda y\u00fcr\u00fct\u00fclen operasyonla yaral\u0131ya ula\u015ft\u0131. Olay yerinde yap\u0131lan ilk m\u00fcdahalenin ard\u0131ndan yaral\u0131, 112 acil sa\u011fl\u0131k ekiplerine teslim edilerek Mu\u015f Devlet Hastanesine kald\u0131r\u0131ld\u0131. <\/p>\n<p>11.08.2025                               <\/p>\n","protected":false},"excerpt":{"rendered":"<p>Mu\u015f&#8217;un Az\u0131kl\u0131 k\u00f6y\u00fc k\u0131rsal\u0131nda aya\u011f\u0131 k\u0131r\u0131lan 25 ya\u015f\u0131ndaki bir ki\u015fi ekiplerinin \u00e7al\u0131\u015fmas\u0131 ile hastaneye ula\u015ft\u0131r\u0131ld\u0131. Mu\u015f&#8217;un Az\u0131kl\u0131 k\u00f6y\u00fc k\u0131rsal\u0131nda, da\u011fl\u0131k arazide d\u00fc\u015fme sonucu sa\u011f aya\u011f\u0131 k\u0131r\u0131lan 25 ya\u015f\u0131ndaki bir vatanda\u015f, UMKE, AFAD ve jandarma ekiplerinin koordineli \u00e7al\u0131\u015fmas\u0131yla kurtar\u0131ld\u0131. \u0130hbar \u00fczerine b\u00f6lgeye sevk edilen ekipler, zorlu arazi \u015fartlar\u0131nda y\u00fcr\u00fct\u00fclen operasyonla yaral\u0131ya ula\u015ft\u0131. Olay yerinde yap\u0131lan ilk [&hellip;]<\/p>\n","protected":false},"author":1,"featured_media":10275,"comment_status":"open","ping_status":"open","sticky":false,"template":"","format":"standard","meta":{"footnotes":""},"categories":[1],"tags":[],"class_list":["post-10274","post","type-post","status-publish","format-standard","has-post-thumbnail","hentry","category-genel"],"yoast_head":"<!-- This site is optimized with the Yoast SEO plugin v27.4 - https:\/\/yoast.com\/product\/yoast-seo-wordpress\/ -->\n<title>Mu\u015f&#039;ta da\u011fl\u0131k alanda aya\u011f\u0131 k\u0131r\u0131lan gen\u00e7 kurtar\u0131ld\u0131 - Memurun Sesi<\/title>\n<meta name=\"robots\" content=\"index, follow, max-snippet:-1, max-image-preview:large, max-video-preview:-1\" \/>\n<link rel=\"canonical\" href=\"https:\/\/memurunsesi.net\/index.php\/2025\/08\/11\/musta-daglik-alanda-ayagi-kirilan-genc-kurtarildi\/\" \/>\n<meta property=\"og:locale\" content=\"tr_TR\" \/>\n<meta property=\"og:type\" content=\"article\" \/>\n<meta property=\"og:title\" content=\"Mu\u015f&#039;ta da\u011fl\u0131k alanda aya\u011f\u0131 k\u0131r\u0131lan gen\u00e7 kurtar\u0131ld\u0131 - Memurun Sesi\" \/>\n<meta property=\"og:description\" content=\"Mu\u015f&#8217;un Az\u0131kl\u0131 k\u00f6y\u00fc k\u0131rsal\u0131nda aya\u011f\u0131 k\u0131r\u0131lan 25 ya\u015f\u0131ndaki bir ki\u015fi ekiplerinin \u00e7al\u0131\u015fmas\u0131 ile hastaneye ula\u015ft\u0131r\u0131ld\u0131. Mu\u015f&#8217;un Az\u0131kl\u0131 k\u00f6y\u00fc k\u0131rsal\u0131nda, da\u011fl\u0131k arazide d\u00fc\u015fme sonucu sa\u011f aya\u011f\u0131 k\u0131r\u0131lan 25 ya\u015f\u0131ndaki bir vatanda\u015f, UMKE, AFAD ve jandarma ekiplerinin koordineli \u00e7al\u0131\u015fmas\u0131yla kurtar\u0131ld\u0131. \u0130hbar \u00fczerine b\u00f6lgeye sevk edilen ekipler, zorlu arazi \u015fartlar\u0131nda y\u00fcr\u00fct\u00fclen operasyonla yaral\u0131ya ula\u015ft\u0131. Olay yerinde yap\u0131lan ilk [&hellip;]\" \/>\n<meta property=\"og:url\" content=\"https:\/\/memurunsesi.net\/index.php\/2025\/08\/11\/musta-daglik-alanda-ayagi-kirilan-genc-kurtarildi\/\" \/>\n<meta property=\"og:site_name\" content=\"Memurun Sesi\" \/>\n<meta property=\"article:publisher\" content=\"https:\/\/www.facebook.com\/unipersen\/?locale=tr_TR\" \/>\n<meta property=\"article:published_time\" content=\"2025-08-11T05:41:58+00:00\" \/>\n<meta property=\"og:image\" content=\"https:\/\/memurunsesi.net\/wp-content\/uploads\/2025\/08\/AW514884_02-scaled.jpg\" \/>\n\t<meta property=\"og:image:width\" content=\"1152\" \/>\n\t<meta property=\"og:image:height\" content=\"2560\" \/>\n\t<meta property=\"og:image:type\" content=\"image\/jpeg\" \/>\n<meta name=\"author\" content=\"Memurun Sesi Haber Merkezi\" \/>\n<meta name=\"twitter:card\" content=\"summary_large_image\" \/>\n<meta name=\"twitter:creator\" content=\"@unipersen\" \/>\n<meta name=\"twitter:site\" content=\"@unipersen\" \/>\n<meta name=\"twitter:label1\" content=\"Yazan:\" \/>\n\t<meta name=\"twitter:data1\" content=\"Memurun Sesi Haber Merkezi\" \/>\n\t<meta name=\"twitter:label2\" content=\"Tahmini okuma s\u00fcresi\" \/>\n\t<meta name=\"twitter:data2\" content=\"1 dakika\" \/>\n<script type=\"application\/ld+json\" class=\"yoast-schema-graph\">{\"@context\":\"https:\\\/\\\/schema.org\",\"@graph\":[{\"@type\":\"Article\",\"@id\":\"https:\\\/\\\/memurunsesi.net\\\/index.php\\\/2025\\\/08\\\/11\\\/musta-daglik-alanda-ayagi-kirilan-genc-kurtarildi\\\/#article\",\"isPartOf\":{\"@id\":\"https:\\\/\\\/memurunsesi.net\\\/index.php\\\/2025\\\/08\\\/11\\\/musta-daglik-alanda-ayagi-kirilan-genc-kurtarildi\\\/\"},\"author\":{\"name\":\"Memurun Sesi Haber Merkezi\",\"@id\":\"https:\\\/\\\/memurunsesi.net\\\/#\\\/schema\\\/person\\\/f21c2d73b89f6ee1d80b0a1803e38587\"},\"headline\":\"Mu\u015f&#8217;ta da\u011fl\u0131k alanda aya\u011f\u0131 k\u0131r\u0131lan gen\u00e7 kurtar\u0131ld\u0131\",\"datePublished\":\"2025-08-11T05:41:58+00:00\",\"mainEntityOfPage\":{\"@id\":\"https:\\\/\\\/memurunsesi.net\\\/index.php\\\/2025\\\/08\\\/11\\\/musta-daglik-alanda-ayagi-kirilan-genc-kurtarildi\\\/\"},\"wordCount\":119,\"commentCount\":0,\"publisher\":{\"@id\":\"https:\\\/\\\/memurunsesi.net\\\/#organization\"},\"image\":{\"@id\":\"https:\\\/\\\/memurunsesi.net\\\/index.php\\\/2025\\\/08\\\/11\\\/musta-daglik-alanda-ayagi-kirilan-genc-kurtarildi\\\/#primaryimage\"},\"thumbnailUrl\":\"https:\\\/\\\/memurunsesi.net\\\/wp-content\\\/uploads\\\/2025\\\/08\\\/AW514884_02-scaled.jpg\",\"inLanguage\":\"tr\",\"potentialAction\":[{\"@type\":\"CommentAction\",\"name\":\"Comment\",\"target\":[\"https:\\\/\\\/memurunsesi.net\\\/index.php\\\/2025\\\/08\\\/11\\\/musta-daglik-alanda-ayagi-kirilan-genc-kurtarildi\\\/#respond\"]}]},{\"@type\":\"WebPage\",\"@id\":\"https:\\\/\\\/memurunsesi.net\\\/index.php\\\/2025\\\/08\\\/11\\\/musta-daglik-alanda-ayagi-kirilan-genc-kurtarildi\\\/\",\"url\":\"https:\\\/\\\/memurunsesi.net\\\/index.php\\\/2025\\\/08\\\/11\\\/musta-daglik-alanda-ayagi-kirilan-genc-kurtarildi\\\/\",\"name\":\"Mu\u015f'ta da\u011fl\u0131k alanda aya\u011f\u0131 k\u0131r\u0131lan gen\u00e7 kurtar\u0131ld\u0131 - Memurun Sesi\",\"isPartOf\":{\"@id\":\"https:\\\/\\\/memurunsesi.net\\\/#website\"},\"primaryImageOfPage\":{\"@id\":\"https:\\\/\\\/memurunsesi.net\\\/index.php\\\/2025\\\/08\\\/11\\\/musta-daglik-alanda-ayagi-kirilan-genc-kurtarildi\\\/#primaryimage\"},\"image\":{\"@id\":\"https:\\\/\\\/memurunsesi.net\\\/index.php\\\/2025\\\/08\\\/11\\\/musta-daglik-alanda-ayagi-kirilan-genc-kurtarildi\\\/#primaryimage\"},\"thumbnailUrl\":\"https:\\\/\\\/memurunsesi.net\\\/wp-content\\\/uploads\\\/2025\\\/08\\\/AW514884_02-scaled.jpg\",\"datePublished\":\"2025-08-11T05:41:58+00:00\",\"breadcrumb\":{\"@id\":\"https:\\\/\\\/memurunsesi.net\\\/index.php\\\/2025\\\/08\\\/11\\\/musta-daglik-alanda-ayagi-kirilan-genc-kurtarildi\\\/#breadcrumb\"},\"inLanguage\":\"tr\",\"potentialAction\":[{\"@type\":\"ReadAction\",\"target\":[\"https:\\\/\\\/memurunsesi.net\\\/index.php\\\/2025\\\/08\\\/11\\\/musta-daglik-alanda-ayagi-kirilan-genc-kurtarildi\\\/\"]}]},{\"@type\":\"ImageObject\",\"inLanguage\":\"tr\",\"@id\":\"https:\\\/\\\/memurunsesi.net\\\/index.php\\\/2025\\\/08\\\/11\\\/musta-daglik-alanda-ayagi-kirilan-genc-kurtarildi\\\/#primaryimage\",\"url\":\"https:\\\/\\\/memurunsesi.net\\\/wp-content\\\/uploads\\\/2025\\\/08\\\/AW514884_02-scaled.jpg\",\"contentUrl\":\"https:\\\/\\\/memurunsesi.net\\\/wp-content\\\/uploads\\\/2025\\\/08\\\/AW514884_02-scaled.jpg\",\"width\":1152,\"height\":2560,\"caption\":\"MU\u015e'UN AZIKLI K\u00d6Y\u00dc KIRSALINDA AYA\u011eI KIRILAN 25 YA\u015eINDAK\u0130 B\u0130R K\u0130\u015e\u0130 EK\u0130PLER\u0130N\u0130N \u00c7ALI\u015eMASI \u0130LE HASTANEYE ULA\u015eTIRILDI. (\u0130SHAK G\u00dcNG\u00d6R\\\/MU\u015e-\u0130HA) Mu\u015f'un Az\u0131kl\u0131 k\u00f6y\u00fc k\u0131rsal\u0131nda aya\u011f\u0131 k\u0131r\u0131lan 25 ya\u015f\u0131ndaki bir ki\u015fi ekiplerinin \u00e7al\u0131\u015fmas\u0131 ile hastaneye ula\u015ft\u0131r\u0131ld\u0131.\"},{\"@type\":\"BreadcrumbList\",\"@id\":\"https:\\\/\\\/memurunsesi.net\\\/index.php\\\/2025\\\/08\\\/11\\\/musta-daglik-alanda-ayagi-kirilan-genc-kurtarildi\\\/#breadcrumb\",\"itemListElement\":[{\"@type\":\"ListItem\",\"position\":1,\"name\":\"Anasayfa\",\"item\":\"https:\\\/\\\/memurunsesi.net\\\/\"},{\"@type\":\"ListItem\",\"position\":2,\"name\":\"Mu\u015f&#8217;ta da\u011fl\u0131k alanda aya\u011f\u0131 k\u0131r\u0131lan gen\u00e7 kurtar\u0131ld\u0131\"}]},{\"@type\":\"WebSite\",\"@id\":\"https:\\\/\\\/memurunsesi.net\\\/#website\",\"url\":\"https:\\\/\\\/memurunsesi.net\\\/\",\"name\":\"Memurun Sesi\",\"description\":\"G\u00fcncel ve Do\u011fru Haber\",\"publisher\":{\"@id\":\"https:\\\/\\\/memurunsesi.net\\\/#organization\"},\"potentialAction\":[{\"@type\":\"SearchAction\",\"target\":{\"@type\":\"EntryPoint\",\"urlTemplate\":\"https:\\\/\\\/memurunsesi.net\\\/?s={search_term_string}\"},\"query-input\":{\"@type\":\"PropertyValueSpecification\",\"valueRequired\":true,\"valueName\":\"search_term_string\"}}],\"inLanguage\":\"tr\"},{\"@type\":\"Organization\",\"@id\":\"https:\\\/\\\/memurunsesi.net\\\/#organization\",\"name\":\"Memurun Sesi\",\"url\":\"https:\\\/\\\/memurunsesi.net\\\/\",\"logo\":{\"@type\":\"ImageObject\",\"inLanguage\":\"tr\",\"@id\":\"https:\\\/\\\/memurunsesi.net\\\/#\\\/schema\\\/logo\\\/image\\\/\",\"url\":\"https:\\\/\\\/memurunsesi.net\\\/wp-content\\\/uploads\\\/2025\\\/11\\\/cropped-MEMURUN-SESI.png\",\"contentUrl\":\"https:\\\/\\\/memurunsesi.net\\\/wp-content\\\/uploads\\\/2025\\\/11\\\/cropped-MEMURUN-SESI.png\",\"width\":238,\"height\":57,\"caption\":\"Memurun Sesi\"},\"image\":{\"@id\":\"https:\\\/\\\/memurunsesi.net\\\/#\\\/schema\\\/logo\\\/image\\\/\"},\"sameAs\":[\"https:\\\/\\\/www.facebook.com\\\/unipersen\\\/?locale=tr_TR\",\"https:\\\/\\\/x.com\\\/unipersen\"]},{\"@type\":\"Person\",\"@id\":\"https:\\\/\\\/memurunsesi.net\\\/#\\\/schema\\\/person\\\/f21c2d73b89f6ee1d80b0a1803e38587\",\"name\":\"Memurun Sesi Haber Merkezi\",\"image\":{\"@type\":\"ImageObject\",\"inLanguage\":\"tr\",\"@id\":\"https:\\\/\\\/secure.gravatar.com\\\/avatar\\\/6cf0505f452ee753f485014986fab09a434671d2b919ee76fc541025c5876a70?s=96&d=mm&r=g\",\"url\":\"https:\\\/\\\/secure.gravatar.com\\\/avatar\\\/6cf0505f452ee753f485014986fab09a434671d2b919ee76fc541025c5876a70?s=96&d=mm&r=g\",\"contentUrl\":\"https:\\\/\\\/secure.gravatar.com\\\/avatar\\\/6cf0505f452ee753f485014986fab09a434671d2b919ee76fc541025c5876a70?s=96&d=mm&r=g\",\"caption\":\"Memurun Sesi Haber Merkezi\"},\"sameAs\":[\"https:\\\/\\\/memurunsesi.net\"],\"url\":\"https:\\\/\\\/memurunsesi.net\\\/index.php\\\/author\\\/uniper\\\/\"}]}<\/script>\n<!-- \/ Yoast SEO plugin. -->","yoast_head_json":{"title":"Mu\u015f'ta da\u011fl\u0131k alanda aya\u011f\u0131 k\u0131r\u0131lan gen\u00e7 kurtar\u0131ld\u0131 - Memurun Sesi","robots":{"index":"index","follow":"follow","max-snippet":"max-snippet:-1","max-image-preview":"max-image-preview:large","max-video-preview":"max-video-preview:-1"},"canonical":"https:\/\/memurunsesi.net\/index.php\/2025\/08\/11\/musta-daglik-alanda-ayagi-kirilan-genc-kurtarildi\/","og_locale":"tr_TR","og_type":"article","og_title":"Mu\u015f'ta da\u011fl\u0131k alanda aya\u011f\u0131 k\u0131r\u0131lan gen\u00e7 kurtar\u0131ld\u0131 - Memurun Sesi","og_description":"Mu\u015f&#8217;un Az\u0131kl\u0131 k\u00f6y\u00fc k\u0131rsal\u0131nda aya\u011f\u0131 k\u0131r\u0131lan 25 ya\u015f\u0131ndaki bir ki\u015fi ekiplerinin \u00e7al\u0131\u015fmas\u0131 ile hastaneye ula\u015ft\u0131r\u0131ld\u0131. Mu\u015f&#8217;un Az\u0131kl\u0131 k\u00f6y\u00fc k\u0131rsal\u0131nda, da\u011fl\u0131k arazide d\u00fc\u015fme sonucu sa\u011f aya\u011f\u0131 k\u0131r\u0131lan 25 ya\u015f\u0131ndaki bir vatanda\u015f, UMKE, AFAD ve jandarma ekiplerinin koordineli \u00e7al\u0131\u015fmas\u0131yla kurtar\u0131ld\u0131. \u0130hbar \u00fczerine b\u00f6lgeye sevk edilen ekipler, zorlu arazi \u015fartlar\u0131nda y\u00fcr\u00fct\u00fclen operasyonla yaral\u0131ya ula\u015ft\u0131. Olay yerinde yap\u0131lan ilk [&hellip;]","og_url":"https:\/\/memurunsesi.net\/index.php\/2025\/08\/11\/musta-daglik-alanda-ayagi-kirilan-genc-kurtarildi\/","og_site_name":"Memurun Sesi","article_publisher":"https:\/\/www.facebook.com\/unipersen\/?locale=tr_TR","article_published_time":"2025-08-11T05:41:58+00:00","og_image":[{"width":1152,"height":2560,"url":"https:\/\/memurunsesi.net\/wp-content\/uploads\/2025\/08\/AW514884_02-scaled.jpg","type":"image\/jpeg"}],"author":"Memurun Sesi Haber Merkezi","twitter_card":"summary_large_image","twitter_creator":"@unipersen","twitter_site":"@unipersen","twitter_misc":{"Yazan:":"Memurun Sesi Haber Merkezi","Tahmini okuma s\u00fcresi":"1 dakika"},"schema":{"@context":"https:\/\/schema.org","@graph":[{"@type":"Article","@id":"https:\/\/memurunsesi.net\/index.php\/2025\/08\/11\/musta-daglik-alanda-ayagi-kirilan-genc-kurtarildi\/#article","isPartOf":{"@id":"https:\/\/memurunsesi.net\/index.php\/2025\/08\/11\/musta-daglik-alanda-ayagi-kirilan-genc-kurtarildi\/"},"author":{"name":"Memurun Sesi Haber Merkezi","@id":"https:\/\/memurunsesi.net\/#\/schema\/person\/f21c2d73b89f6ee1d80b0a1803e38587"},"headline":"Mu\u015f&#8217;ta da\u011fl\u0131k alanda aya\u011f\u0131 k\u0131r\u0131lan gen\u00e7 kurtar\u0131ld\u0131","datePublished":"2025-08-11T05:41:58+00:00","mainEntityOfPage":{"@id":"https:\/\/memurunsesi.net\/index.php\/2025\/08\/11\/musta-daglik-alanda-ayagi-kirilan-genc-kurtarildi\/"},"wordCount":119,"commentCount":0,"publisher":{"@id":"https:\/\/memurunsesi.net\/#organization"},"image":{"@id":"https:\/\/memurunsesi.net\/index.php\/2025\/08\/11\/musta-daglik-alanda-ayagi-kirilan-genc-kurtarildi\/#primaryimage"},"thumbnailUrl":"https:\/\/memurunsesi.net\/wp-content\/uploads\/2025\/08\/AW514884_02-scaled.jpg","inLanguage":"tr","potentialAction":[{"@type":"CommentAction","name":"Comment","target":["https:\/\/memurunsesi.net\/index.php\/2025\/08\/11\/musta-daglik-alanda-ayagi-kirilan-genc-kurtarildi\/#respond"]}]},{"@type":"WebPage","@id":"https:\/\/memurunsesi.net\/index.php\/2025\/08\/11\/musta-daglik-alanda-ayagi-kirilan-genc-kurtarildi\/","url":"https:\/\/memurunsesi.net\/index.php\/2025\/08\/11\/musta-daglik-alanda-ayagi-kirilan-genc-kurtarildi\/","name":"Mu\u015f'ta da\u011fl\u0131k alanda aya\u011f\u0131 k\u0131r\u0131lan gen\u00e7 kurtar\u0131ld\u0131 - Memurun Sesi","isPartOf":{"@id":"https:\/\/memurunsesi.net\/#website"},"primaryImageOfPage":{"@id":"https:\/\/memurunsesi.net\/index.php\/2025\/08\/11\/musta-daglik-alanda-ayagi-kirilan-genc-kurtarildi\/#primaryimage"},"image":{"@id":"https:\/\/memurunsesi.net\/index.php\/2025\/08\/11\/musta-daglik-alanda-ayagi-kirilan-genc-kurtarildi\/#primaryimage"},"thumbnailUrl":"https:\/\/memurunsesi.net\/wp-content\/uploads\/2025\/08\/AW514884_02-scaled.jpg","datePublished":"2025-08-11T05:41:58+00:00","breadcrumb":{"@id":"https:\/\/memurunsesi.net\/index.php\/2025\/08\/11\/musta-daglik-alanda-ayagi-kirilan-genc-kurtarildi\/#breadcrumb"},"inLanguage":"tr","potentialAction":[{"@type":"ReadAction","target":["https:\/\/memurunsesi.net\/index.php\/2025\/08\/11\/musta-daglik-alanda-ayagi-kirilan-genc-kurtarildi\/"]}]},{"@type":"ImageObject","inLanguage":"tr","@id":"https:\/\/memurunsesi.net\/index.php\/2025\/08\/11\/musta-daglik-alanda-ayagi-kirilan-genc-kurtarildi\/#primaryimage","url":"https:\/\/memurunsesi.net\/wp-content\/uploads\/2025\/08\/AW514884_02-scaled.jpg","contentUrl":"https:\/\/memurunsesi.net\/wp-content\/uploads\/2025\/08\/AW514884_02-scaled.jpg","width":1152,"height":2560,"caption":"MU\u015e'UN AZIKLI K\u00d6Y\u00dc KIRSALINDA AYA\u011eI KIRILAN 25 YA\u015eINDAK\u0130 B\u0130R K\u0130\u015e\u0130 EK\u0130PLER\u0130N\u0130N \u00c7ALI\u015eMASI \u0130LE HASTANEYE ULA\u015eTIRILDI. (\u0130SHAK G\u00dcNG\u00d6R\/MU\u015e-\u0130HA) Mu\u015f'un Az\u0131kl\u0131 k\u00f6y\u00fc k\u0131rsal\u0131nda aya\u011f\u0131 k\u0131r\u0131lan 25 ya\u015f\u0131ndaki bir ki\u015fi ekiplerinin \u00e7al\u0131\u015fmas\u0131 ile hastaneye ula\u015ft\u0131r\u0131ld\u0131."},{"@type":"BreadcrumbList","@id":"https:\/\/memurunsesi.net\/index.php\/2025\/08\/11\/musta-daglik-alanda-ayagi-kirilan-genc-kurtarildi\/#breadcrumb","itemListElement":[{"@type":"ListItem","position":1,"name":"Anasayfa","item":"https:\/\/memurunsesi.net\/"},{"@type":"ListItem","position":2,"name":"Mu\u015f&#8217;ta da\u011fl\u0131k alanda aya\u011f\u0131 k\u0131r\u0131lan gen\u00e7 kurtar\u0131ld\u0131"}]},{"@type":"WebSite","@id":"https:\/\/memurunsesi.net\/#website","url":"https:\/\/memurunsesi.net\/","name":"Memurun Sesi","description":"G\u00fcncel ve Do\u011fru Haber","publisher":{"@id":"https:\/\/memurunsesi.net\/#organization"},"potentialAction":[{"@type":"SearchAction","target":{"@type":"EntryPoint","urlTemplate":"https:\/\/memurunsesi.net\/?s={search_term_string}"},"query-input":{"@type":"PropertyValueSpecification","valueRequired":true,"valueName":"search_term_string"}}],"inLanguage":"tr"},{"@type":"Organization","@id":"https:\/\/memurunsesi.net\/#organization","name":"Memurun Sesi","url":"https:\/\/memurunsesi.net\/","logo":{"@type":"ImageObject","inLanguage":"tr","@id":"https:\/\/memurunsesi.net\/#\/schema\/logo\/image\/","url":"https:\/\/memurunsesi.net\/wp-content\/uploads\/2025\/11\/cropped-MEMURUN-SESI.png","contentUrl":"https:\/\/memurunsesi.net\/wp-content\/uploads\/2025\/11\/cropped-MEMURUN-SESI.png","width":238,"height":57,"caption":"Memurun Sesi"},"image":{"@id":"https:\/\/memurunsesi.net\/#\/schema\/logo\/image\/"},"sameAs":["https:\/\/www.facebook.com\/unipersen\/?locale=tr_TR","https:\/\/x.com\/unipersen"]},{"@type":"Person","@id":"https:\/\/memurunsesi.net\/#\/schema\/person\/f21c2d73b89f6ee1d80b0a1803e38587","name":"Memurun Sesi Haber Merkezi","image":{"@type":"ImageObject","inLanguage":"tr","@id":"https:\/\/secure.gravatar.com\/avatar\/6cf0505f452ee753f485014986fab09a434671d2b919ee76fc541025c5876a70?s=96&d=mm&r=g","url":"https:\/\/secure.gravatar.com\/avatar\/6cf0505f452ee753f485014986fab09a434671d2b919ee76fc541025c5876a70?s=96&d=mm&r=g","contentUrl":"https:\/\/secure.gravatar.com\/avatar\/6cf0505f452ee753f485014986fab09a434671d2b919ee76fc541025c5876a70?s=96&d=mm&r=g","caption":"Memurun Sesi Haber Merkezi"},"sameAs":["https:\/\/memurunsesi.net"],"url":"https:\/\/memurunsesi.net\/index.php\/author\/uniper\/"}]}},"_links":{"self":[{"href":"https:\/\/memurunsesi.net\/index.php\/wp-json\/wp\/v2\/posts\/10274","targetHints":{"allow":["GET"]}}],"collection":[{"href":"https:\/\/memurunsesi.net\/index.php\/wp-json\/wp\/v2\/posts"}],"about":[{"href":"https:\/\/memurunsesi.net\/index.php\/wp-json\/wp\/v2\/types\/post"}],"author":[{"embeddable":true,"href":"https:\/\/memurunsesi.net\/index.php\/wp-json\/wp\/v2\/users\/1"}],"replies":[{"embeddable":true,"href":"https:\/\/memurunsesi.net\/index.php\/wp-json\/wp\/v2\/comments?post=10274"}],"version-history":[{"count":1,"href":"https:\/\/memurunsesi.net\/index.php\/wp-json\/wp\/v2\/posts\/10274\/revisions"}],"predecessor-version":[{"id":10276,"href":"https:\/\/memurunsesi.net\/index.php\/wp-json\/wp\/v2\/posts\/10274\/revisions\/10276"}],"wp:featuredmedia":[{"embeddable":true,"href":"https:\/\/memurunsesi.net\/index.php\/wp-json\/wp\/v2\/media\/10275"}],"wp:attachment":[{"href":"https:\/\/memurunsesi.net\/index.php\/wp-json\/wp\/v2\/media?parent=10274"}],"wp:term":[{"taxonomy":"category","embeddable":true,"href":"https:\/\/memurunsesi.net\/index.php\/wp-json\/wp\/v2\/categories?post=10274"},{"taxonomy":"post_tag","embeddable":true,"href":"https:\/\/memurunsesi.net\/index.php\/wp-json\/wp\/v2\/tags?post=10274"}],"curies":[{"name":"wp","href":"https:\/\/api.w.org\/{rel}","templated":true}]}}