{"id":10277,"date":"2025-08-11T08:43:13","date_gmt":"2025-08-11T05:43:13","guid":{"rendered":"https:\/\/memurunsesi.net\/?p=10277"},"modified":"2025-08-11T08:43:13","modified_gmt":"2025-08-11T05:43:13","slug":"bakan-yerlikaya-devletimiz-tum-imkanlariyla-vatandaslarimizin-yaninda","status":"publish","type":"post","link":"https:\/\/memurunsesi.net\/index.php\/2025\/08\/11\/bakan-yerlikaya-devletimiz-tum-imkanlariyla-vatandaslarimizin-yaninda\/","title":{"rendered":"Bakan Yerlikaya: Devletimiz t\u00fcm imkanlar\u0131yla vatanda\u015flar\u0131m\u0131z\u0131n yan\u0131nda"},"content":{"rendered":"<p>   \u0130\u00e7i\u015fleri Bakan\u0131 Ali Yerlikaya, &#8220;Bal\u0131kesir\u2019in S\u0131nd\u0131rg\u0131 il\u00e7esinde meydana gelen deprem sonras\u0131 AFAD, jandarma, emniyet, UMKE ve t\u00fcm ilgili kurumlar\u0131m\u0131z sahada g\u00f6revinin ba\u015f\u0131nda. Devletimiz t\u00fcm imkanlar\u0131yla vatanda\u015flar\u0131m\u0131z\u0131n yan\u0131nda&#8221; dedi.<br \/>\n  Bakan Yerlikaya sosyal medya hesab\u0131ndan yapt\u0131\u011f\u0131 payla\u015f\u0131m\u0131nda, &#8220;Bal\u0131kesir\u2019in S\u0131nd\u0131rg\u0131 il\u00e7esinde meydana gelen deprem sonras\u0131 AFAD, jandarma, emniyet, UMKE ve t\u00fcm ilgili kurumlar\u0131m\u0131z sahada g\u00f6revinin ba\u015f\u0131nda. Devletimiz t\u00fcm imkanlar\u0131yla vatanda\u015flar\u0131m\u0131z\u0131n yan\u0131nda. Depremden etkilenen t\u00fcm vatanda\u015flar\u0131m\u0131za ge\u00e7mi\u015f olsun dileklerimi sunuyorum. Hayat\u0131n\u0131 kaybeden 81 ya\u015f\u0131ndaki k\u0131ymetli b\u00fcy\u00fc\u011f\u00fcm\u00fcze Allah\u2019tan rahmet, yaral\u0131lar\u0131m\u0131za acil \u015fifalar diliyorum. Allah \u00fclkemizi ve milletimizi afetlerden korusun&#8221; ifadelerini kulland\u0131. <\/p>\n<p>11.08.2025                                 <\/p>\n","protected":false},"excerpt":{"rendered":"<p>\u0130\u00e7i\u015fleri Bakan\u0131 Ali Yerlikaya, &#8220;Bal\u0131kesir\u2019in S\u0131nd\u0131rg\u0131 il\u00e7esinde meydana gelen deprem sonras\u0131 AFAD, jandarma, emniyet, UMKE ve t\u00fcm ilgili kurumlar\u0131m\u0131z sahada g\u00f6revinin ba\u015f\u0131nda. Devletimiz t\u00fcm imkanlar\u0131yla vatanda\u015flar\u0131m\u0131z\u0131n yan\u0131nda&#8221; dedi. Bakan Yerlikaya sosyal medya hesab\u0131ndan yapt\u0131\u011f\u0131 payla\u015f\u0131m\u0131nda, &#8220;Bal\u0131kesir\u2019in S\u0131nd\u0131rg\u0131 il\u00e7esinde meydana gelen deprem sonras\u0131 AFAD, jandarma, emniyet, UMKE ve t\u00fcm ilgili kurumlar\u0131m\u0131z sahada g\u00f6revinin ba\u015f\u0131nda. Devletimiz t\u00fcm [&hellip;]<\/p>\n","protected":false},"author":1,"featured_media":10278,"comment_status":"open","ping_status":"open","sticky":false,"template":"","format":"standard","meta":{"footnotes":""},"categories":[1],"tags":[],"class_list":["post-10277","post","type-post","status-publish","format-standard","has-post-thumbnail","hentry","category-genel"],"yoast_head":"<!-- This site is optimized with the Yoast SEO plugin v27.4 - https:\/\/yoast.com\/product\/yoast-seo-wordpress\/ -->\n<title>Bakan Yerlikaya: Devletimiz t\u00fcm imkanlar\u0131yla vatanda\u015flar\u0131m\u0131z\u0131n yan\u0131nda - Memurun Sesi<\/title>\n<meta name=\"robots\" content=\"index, follow, max-snippet:-1, max-image-preview:large, max-video-preview:-1\" \/>\n<link rel=\"canonical\" href=\"https:\/\/memurunsesi.net\/index.php\/2025\/08\/11\/bakan-yerlikaya-devletimiz-tum-imkanlariyla-vatandaslarimizin-yaninda\/\" \/>\n<meta property=\"og:locale\" content=\"tr_TR\" \/>\n<meta property=\"og:type\" content=\"article\" \/>\n<meta property=\"og:title\" content=\"Bakan Yerlikaya: Devletimiz t\u00fcm imkanlar\u0131yla vatanda\u015flar\u0131m\u0131z\u0131n yan\u0131nda - Memurun Sesi\" \/>\n<meta property=\"og:description\" content=\"\u0130\u00e7i\u015fleri Bakan\u0131 Ali Yerlikaya, &#8220;Bal\u0131kesir\u2019in S\u0131nd\u0131rg\u0131 il\u00e7esinde meydana gelen deprem sonras\u0131 AFAD, jandarma, emniyet, UMKE ve t\u00fcm ilgili kurumlar\u0131m\u0131z sahada g\u00f6revinin ba\u015f\u0131nda. Devletimiz t\u00fcm imkanlar\u0131yla vatanda\u015flar\u0131m\u0131z\u0131n yan\u0131nda&#8221; dedi. Bakan Yerlikaya sosyal medya hesab\u0131ndan yapt\u0131\u011f\u0131 payla\u015f\u0131m\u0131nda, &#8220;Bal\u0131kesir\u2019in S\u0131nd\u0131rg\u0131 il\u00e7esinde meydana gelen deprem sonras\u0131 AFAD, jandarma, emniyet, UMKE ve t\u00fcm ilgili kurumlar\u0131m\u0131z sahada g\u00f6revinin ba\u015f\u0131nda. Devletimiz t\u00fcm [&hellip;]\" \/>\n<meta property=\"og:url\" content=\"https:\/\/memurunsesi.net\/index.php\/2025\/08\/11\/bakan-yerlikaya-devletimiz-tum-imkanlariyla-vatandaslarimizin-yaninda\/\" \/>\n<meta property=\"og:site_name\" content=\"Memurun Sesi\" \/>\n<meta property=\"article:publisher\" content=\"https:\/\/www.facebook.com\/unipersen\/?locale=tr_TR\" \/>\n<meta property=\"article:published_time\" content=\"2025-08-11T05:43:13+00:00\" \/>\n<meta property=\"og:image\" content=\"https:\/\/memurunsesi.net\/wp-content\/uploads\/2025\/08\/AW514883_01.jpg\" \/>\n\t<meta property=\"og:image:width\" content=\"1183\" \/>\n\t<meta property=\"og:image:height\" content=\"824\" \/>\n\t<meta property=\"og:image:type\" content=\"image\/jpeg\" \/>\n<meta name=\"author\" content=\"Memurun Sesi Haber Merkezi\" \/>\n<meta name=\"twitter:card\" content=\"summary_large_image\" \/>\n<meta name=\"twitter:creator\" content=\"@unipersen\" \/>\n<meta name=\"twitter:site\" content=\"@unipersen\" \/>\n<meta name=\"twitter:label1\" content=\"Yazan:\" \/>\n\t<meta name=\"twitter:data1\" content=\"Memurun Sesi Haber Merkezi\" \/>\n\t<meta name=\"twitter:label2\" content=\"Tahmini okuma s\u00fcresi\" \/>\n\t<meta name=\"twitter:data2\" content=\"1 dakika\" \/>\n<script type=\"application\/ld+json\" class=\"yoast-schema-graph\">{\"@context\":\"https:\\\/\\\/schema.org\",\"@graph\":[{\"@type\":\"Article\",\"@id\":\"https:\\\/\\\/memurunsesi.net\\\/index.php\\\/2025\\\/08\\\/11\\\/bakan-yerlikaya-devletimiz-tum-imkanlariyla-vatandaslarimizin-yaninda\\\/#article\",\"isPartOf\":{\"@id\":\"https:\\\/\\\/memurunsesi.net\\\/index.php\\\/2025\\\/08\\\/11\\\/bakan-yerlikaya-devletimiz-tum-imkanlariyla-vatandaslarimizin-yaninda\\\/\"},\"author\":{\"name\":\"Memurun Sesi Haber Merkezi\",\"@id\":\"https:\\\/\\\/memurunsesi.net\\\/#\\\/schema\\\/person\\\/f21c2d73b89f6ee1d80b0a1803e38587\"},\"headline\":\"Bakan Yerlikaya: Devletimiz t\u00fcm imkanlar\u0131yla vatanda\u015flar\u0131m\u0131z\u0131n yan\u0131nda\",\"datePublished\":\"2025-08-11T05:43:13+00:00\",\"mainEntityOfPage\":{\"@id\":\"https:\\\/\\\/memurunsesi.net\\\/index.php\\\/2025\\\/08\\\/11\\\/bakan-yerlikaya-devletimiz-tum-imkanlariyla-vatandaslarimizin-yaninda\\\/\"},\"wordCount\":152,\"commentCount\":0,\"publisher\":{\"@id\":\"https:\\\/\\\/memurunsesi.net\\\/#organization\"},\"image\":{\"@id\":\"https:\\\/\\\/memurunsesi.net\\\/index.php\\\/2025\\\/08\\\/11\\\/bakan-yerlikaya-devletimiz-tum-imkanlariyla-vatandaslarimizin-yaninda\\\/#primaryimage\"},\"thumbnailUrl\":\"https:\\\/\\\/memurunsesi.net\\\/wp-content\\\/uploads\\\/2025\\\/08\\\/AW514883_01.jpg\",\"inLanguage\":\"tr\",\"potentialAction\":[{\"@type\":\"CommentAction\",\"name\":\"Comment\",\"target\":[\"https:\\\/\\\/memurunsesi.net\\\/index.php\\\/2025\\\/08\\\/11\\\/bakan-yerlikaya-devletimiz-tum-imkanlariyla-vatandaslarimizin-yaninda\\\/#respond\"]}]},{\"@type\":\"WebPage\",\"@id\":\"https:\\\/\\\/memurunsesi.net\\\/index.php\\\/2025\\\/08\\\/11\\\/bakan-yerlikaya-devletimiz-tum-imkanlariyla-vatandaslarimizin-yaninda\\\/\",\"url\":\"https:\\\/\\\/memurunsesi.net\\\/index.php\\\/2025\\\/08\\\/11\\\/bakan-yerlikaya-devletimiz-tum-imkanlariyla-vatandaslarimizin-yaninda\\\/\",\"name\":\"Bakan Yerlikaya: Devletimiz t\u00fcm imkanlar\u0131yla vatanda\u015flar\u0131m\u0131z\u0131n yan\u0131nda - Memurun Sesi\",\"isPartOf\":{\"@id\":\"https:\\\/\\\/memurunsesi.net\\\/#website\"},\"primaryImageOfPage\":{\"@id\":\"https:\\\/\\\/memurunsesi.net\\\/index.php\\\/2025\\\/08\\\/11\\\/bakan-yerlikaya-devletimiz-tum-imkanlariyla-vatandaslarimizin-yaninda\\\/#primaryimage\"},\"image\":{\"@id\":\"https:\\\/\\\/memurunsesi.net\\\/index.php\\\/2025\\\/08\\\/11\\\/bakan-yerlikaya-devletimiz-tum-imkanlariyla-vatandaslarimizin-yaninda\\\/#primaryimage\"},\"thumbnailUrl\":\"https:\\\/\\\/memurunsesi.net\\\/wp-content\\\/uploads\\\/2025\\\/08\\\/AW514883_01.jpg\",\"datePublished\":\"2025-08-11T05:43:13+00:00\",\"breadcrumb\":{\"@id\":\"https:\\\/\\\/memurunsesi.net\\\/index.php\\\/2025\\\/08\\\/11\\\/bakan-yerlikaya-devletimiz-tum-imkanlariyla-vatandaslarimizin-yaninda\\\/#breadcrumb\"},\"inLanguage\":\"tr\",\"potentialAction\":[{\"@type\":\"ReadAction\",\"target\":[\"https:\\\/\\\/memurunsesi.net\\\/index.php\\\/2025\\\/08\\\/11\\\/bakan-yerlikaya-devletimiz-tum-imkanlariyla-vatandaslarimizin-yaninda\\\/\"]}]},{\"@type\":\"ImageObject\",\"inLanguage\":\"tr\",\"@id\":\"https:\\\/\\\/memurunsesi.net\\\/index.php\\\/2025\\\/08\\\/11\\\/bakan-yerlikaya-devletimiz-tum-imkanlariyla-vatandaslarimizin-yaninda\\\/#primaryimage\",\"url\":\"https:\\\/\\\/memurunsesi.net\\\/wp-content\\\/uploads\\\/2025\\\/08\\\/AW514883_01.jpg\",\"contentUrl\":\"https:\\\/\\\/memurunsesi.net\\\/wp-content\\\/uploads\\\/2025\\\/08\\\/AW514883_01.jpg\",\"width\":1183,\"height\":824,\"caption\":\"\u0130\u00c7\u0130\u015eLER\u0130 BAKANI AL\u0130 YERL\u0130KAYA, \\\"BALIKES\u0130R'\u0130N SINDIRGI \u0130L\u00c7ES\u0130NDE MEYDANA GELEN DEPREM SONRASI AFAD, JANDARMA, EMN\u0130YET, UMKE VE T\u00dcM \u0130LG\u0130L\u0130 KURUMLARIMIZ SAHADA G\u00d6REV\u0130N\u0130N BA\u015eINDA. DEVLET\u0130M\u0130Z T\u00dcM \u0130MKANLARIYLA VATANDA\u015eLARIMIZIN YANINDA\\\" DED\u0130 (\u0130HA\\\/ANKARA-\u0130HA) \u0130\u00e7i\u015fleri Bakan\u0131 Ali Yerlikaya, \\\"Bal\u0131kesir'in S\u0131nd\u0131rg\u0131 il\u00e7esinde meydana gelen deprem sonras\u0131 AFAD, jandarma, emniyet, UMKE ve t\u00fcm ilgili kurumlar\u0131m\u0131z sahada g\u00f6revinin ba\u015f\u0131nda. Devletimiz t\u00fcm imkanlar\u0131yla vatanda\u015flar\u0131m\u0131z\u0131n yan\u0131nda\\\" dedi.\"},{\"@type\":\"BreadcrumbList\",\"@id\":\"https:\\\/\\\/memurunsesi.net\\\/index.php\\\/2025\\\/08\\\/11\\\/bakan-yerlikaya-devletimiz-tum-imkanlariyla-vatandaslarimizin-yaninda\\\/#breadcrumb\",\"itemListElement\":[{\"@type\":\"ListItem\",\"position\":1,\"name\":\"Anasayfa\",\"item\":\"https:\\\/\\\/memurunsesi.net\\\/\"},{\"@type\":\"ListItem\",\"position\":2,\"name\":\"Bakan Yerlikaya: Devletimiz t\u00fcm imkanlar\u0131yla vatanda\u015flar\u0131m\u0131z\u0131n yan\u0131nda\"}]},{\"@type\":\"WebSite\",\"@id\":\"https:\\\/\\\/memurunsesi.net\\\/#website\",\"url\":\"https:\\\/\\\/memurunsesi.net\\\/\",\"name\":\"Memurun Sesi\",\"description\":\"G\u00fcncel ve Do\u011fru Haber\",\"publisher\":{\"@id\":\"https:\\\/\\\/memurunsesi.net\\\/#organization\"},\"potentialAction\":[{\"@type\":\"SearchAction\",\"target\":{\"@type\":\"EntryPoint\",\"urlTemplate\":\"https:\\\/\\\/memurunsesi.net\\\/?s={search_term_string}\"},\"query-input\":{\"@type\":\"PropertyValueSpecification\",\"valueRequired\":true,\"valueName\":\"search_term_string\"}}],\"inLanguage\":\"tr\"},{\"@type\":\"Organization\",\"@id\":\"https:\\\/\\\/memurunsesi.net\\\/#organization\",\"name\":\"Memurun Sesi\",\"url\":\"https:\\\/\\\/memurunsesi.net\\\/\",\"logo\":{\"@type\":\"ImageObject\",\"inLanguage\":\"tr\",\"@id\":\"https:\\\/\\\/memurunsesi.net\\\/#\\\/schema\\\/logo\\\/image\\\/\",\"url\":\"https:\\\/\\\/memurunsesi.net\\\/wp-content\\\/uploads\\\/2025\\\/11\\\/cropped-MEMURUN-SESI.png\",\"contentUrl\":\"https:\\\/\\\/memurunsesi.net\\\/wp-content\\\/uploads\\\/2025\\\/11\\\/cropped-MEMURUN-SESI.png\",\"width\":238,\"height\":57,\"caption\":\"Memurun Sesi\"},\"image\":{\"@id\":\"https:\\\/\\\/memurunsesi.net\\\/#\\\/schema\\\/logo\\\/image\\\/\"},\"sameAs\":[\"https:\\\/\\\/www.facebook.com\\\/unipersen\\\/?locale=tr_TR\",\"https:\\\/\\\/x.com\\\/unipersen\"]},{\"@type\":\"Person\",\"@id\":\"https:\\\/\\\/memurunsesi.net\\\/#\\\/schema\\\/person\\\/f21c2d73b89f6ee1d80b0a1803e38587\",\"name\":\"Memurun Sesi Haber Merkezi\",\"image\":{\"@type\":\"ImageObject\",\"inLanguage\":\"tr\",\"@id\":\"https:\\\/\\\/secure.gravatar.com\\\/avatar\\\/6cf0505f452ee753f485014986fab09a434671d2b919ee76fc541025c5876a70?s=96&d=mm&r=g\",\"url\":\"https:\\\/\\\/secure.gravatar.com\\\/avatar\\\/6cf0505f452ee753f485014986fab09a434671d2b919ee76fc541025c5876a70?s=96&d=mm&r=g\",\"contentUrl\":\"https:\\\/\\\/secure.gravatar.com\\\/avatar\\\/6cf0505f452ee753f485014986fab09a434671d2b919ee76fc541025c5876a70?s=96&d=mm&r=g\",\"caption\":\"Memurun Sesi Haber Merkezi\"},\"sameAs\":[\"https:\\\/\\\/memurunsesi.net\"],\"url\":\"https:\\\/\\\/memurunsesi.net\\\/index.php\\\/author\\\/uniper\\\/\"}]}<\/script>\n<!-- \/ Yoast SEO plugin. -->","yoast_head_json":{"title":"Bakan Yerlikaya: Devletimiz t\u00fcm imkanlar\u0131yla vatanda\u015flar\u0131m\u0131z\u0131n yan\u0131nda - Memurun Sesi","robots":{"index":"index","follow":"follow","max-snippet":"max-snippet:-1","max-image-preview":"max-image-preview:large","max-video-preview":"max-video-preview:-1"},"canonical":"https:\/\/memurunsesi.net\/index.php\/2025\/08\/11\/bakan-yerlikaya-devletimiz-tum-imkanlariyla-vatandaslarimizin-yaninda\/","og_locale":"tr_TR","og_type":"article","og_title":"Bakan Yerlikaya: Devletimiz t\u00fcm imkanlar\u0131yla vatanda\u015flar\u0131m\u0131z\u0131n yan\u0131nda - Memurun Sesi","og_description":"\u0130\u00e7i\u015fleri Bakan\u0131 Ali Yerlikaya, &#8220;Bal\u0131kesir\u2019in S\u0131nd\u0131rg\u0131 il\u00e7esinde meydana gelen deprem sonras\u0131 AFAD, jandarma, emniyet, UMKE ve t\u00fcm ilgili kurumlar\u0131m\u0131z sahada g\u00f6revinin ba\u015f\u0131nda. Devletimiz t\u00fcm imkanlar\u0131yla vatanda\u015flar\u0131m\u0131z\u0131n yan\u0131nda&#8221; dedi. Bakan Yerlikaya sosyal medya hesab\u0131ndan yapt\u0131\u011f\u0131 payla\u015f\u0131m\u0131nda, &#8220;Bal\u0131kesir\u2019in S\u0131nd\u0131rg\u0131 il\u00e7esinde meydana gelen deprem sonras\u0131 AFAD, jandarma, emniyet, UMKE ve t\u00fcm ilgili kurumlar\u0131m\u0131z sahada g\u00f6revinin ba\u015f\u0131nda. Devletimiz t\u00fcm [&hellip;]","og_url":"https:\/\/memurunsesi.net\/index.php\/2025\/08\/11\/bakan-yerlikaya-devletimiz-tum-imkanlariyla-vatandaslarimizin-yaninda\/","og_site_name":"Memurun Sesi","article_publisher":"https:\/\/www.facebook.com\/unipersen\/?locale=tr_TR","article_published_time":"2025-08-11T05:43:13+00:00","og_image":[{"width":1183,"height":824,"url":"https:\/\/memurunsesi.net\/wp-content\/uploads\/2025\/08\/AW514883_01.jpg","type":"image\/jpeg"}],"author":"Memurun Sesi Haber Merkezi","twitter_card":"summary_large_image","twitter_creator":"@unipersen","twitter_site":"@unipersen","twitter_misc":{"Yazan:":"Memurun Sesi Haber Merkezi","Tahmini okuma s\u00fcresi":"1 dakika"},"schema":{"@context":"https:\/\/schema.org","@graph":[{"@type":"Article","@id":"https:\/\/memurunsesi.net\/index.php\/2025\/08\/11\/bakan-yerlikaya-devletimiz-tum-imkanlariyla-vatandaslarimizin-yaninda\/#article","isPartOf":{"@id":"https:\/\/memurunsesi.net\/index.php\/2025\/08\/11\/bakan-yerlikaya-devletimiz-tum-imkanlariyla-vatandaslarimizin-yaninda\/"},"author":{"name":"Memurun Sesi Haber Merkezi","@id":"https:\/\/memurunsesi.net\/#\/schema\/person\/f21c2d73b89f6ee1d80b0a1803e38587"},"headline":"Bakan Yerlikaya: Devletimiz t\u00fcm imkanlar\u0131yla vatanda\u015flar\u0131m\u0131z\u0131n yan\u0131nda","datePublished":"2025-08-11T05:43:13+00:00","mainEntityOfPage":{"@id":"https:\/\/memurunsesi.net\/index.php\/2025\/08\/11\/bakan-yerlikaya-devletimiz-tum-imkanlariyla-vatandaslarimizin-yaninda\/"},"wordCount":152,"commentCount":0,"publisher":{"@id":"https:\/\/memurunsesi.net\/#organization"},"image":{"@id":"https:\/\/memurunsesi.net\/index.php\/2025\/08\/11\/bakan-yerlikaya-devletimiz-tum-imkanlariyla-vatandaslarimizin-yaninda\/#primaryimage"},"thumbnailUrl":"https:\/\/memurunsesi.net\/wp-content\/uploads\/2025\/08\/AW514883_01.jpg","inLanguage":"tr","potentialAction":[{"@type":"CommentAction","name":"Comment","target":["https:\/\/memurunsesi.net\/index.php\/2025\/08\/11\/bakan-yerlikaya-devletimiz-tum-imkanlariyla-vatandaslarimizin-yaninda\/#respond"]}]},{"@type":"WebPage","@id":"https:\/\/memurunsesi.net\/index.php\/2025\/08\/11\/bakan-yerlikaya-devletimiz-tum-imkanlariyla-vatandaslarimizin-yaninda\/","url":"https:\/\/memurunsesi.net\/index.php\/2025\/08\/11\/bakan-yerlikaya-devletimiz-tum-imkanlariyla-vatandaslarimizin-yaninda\/","name":"Bakan Yerlikaya: Devletimiz t\u00fcm imkanlar\u0131yla vatanda\u015flar\u0131m\u0131z\u0131n yan\u0131nda - Memurun Sesi","isPartOf":{"@id":"https:\/\/memurunsesi.net\/#website"},"primaryImageOfPage":{"@id":"https:\/\/memurunsesi.net\/index.php\/2025\/08\/11\/bakan-yerlikaya-devletimiz-tum-imkanlariyla-vatandaslarimizin-yaninda\/#primaryimage"},"image":{"@id":"https:\/\/memurunsesi.net\/index.php\/2025\/08\/11\/bakan-yerlikaya-devletimiz-tum-imkanlariyla-vatandaslarimizin-yaninda\/#primaryimage"},"thumbnailUrl":"https:\/\/memurunsesi.net\/wp-content\/uploads\/2025\/08\/AW514883_01.jpg","datePublished":"2025-08-11T05:43:13+00:00","breadcrumb":{"@id":"https:\/\/memurunsesi.net\/index.php\/2025\/08\/11\/bakan-yerlikaya-devletimiz-tum-imkanlariyla-vatandaslarimizin-yaninda\/#breadcrumb"},"inLanguage":"tr","potentialAction":[{"@type":"ReadAction","target":["https:\/\/memurunsesi.net\/index.php\/2025\/08\/11\/bakan-yerlikaya-devletimiz-tum-imkanlariyla-vatandaslarimizin-yaninda\/"]}]},{"@type":"ImageObject","inLanguage":"tr","@id":"https:\/\/memurunsesi.net\/index.php\/2025\/08\/11\/bakan-yerlikaya-devletimiz-tum-imkanlariyla-vatandaslarimizin-yaninda\/#primaryimage","url":"https:\/\/memurunsesi.net\/wp-content\/uploads\/2025\/08\/AW514883_01.jpg","contentUrl":"https:\/\/memurunsesi.net\/wp-content\/uploads\/2025\/08\/AW514883_01.jpg","width":1183,"height":824,"caption":"\u0130\u00c7\u0130\u015eLER\u0130 BAKANI AL\u0130 YERL\u0130KAYA, \"BALIKES\u0130R'\u0130N SINDIRGI \u0130L\u00c7ES\u0130NDE MEYDANA GELEN DEPREM SONRASI AFAD, JANDARMA, EMN\u0130YET, UMKE VE T\u00dcM \u0130LG\u0130L\u0130 KURUMLARIMIZ SAHADA G\u00d6REV\u0130N\u0130N BA\u015eINDA. DEVLET\u0130M\u0130Z T\u00dcM \u0130MKANLARIYLA VATANDA\u015eLARIMIZIN YANINDA\" DED\u0130 (\u0130HA\/ANKARA-\u0130HA) \u0130\u00e7i\u015fleri Bakan\u0131 Ali Yerlikaya, \"Bal\u0131kesir'in S\u0131nd\u0131rg\u0131 il\u00e7esinde meydana gelen deprem sonras\u0131 AFAD, jandarma, emniyet, UMKE ve t\u00fcm ilgili kurumlar\u0131m\u0131z sahada g\u00f6revinin ba\u015f\u0131nda. Devletimiz t\u00fcm imkanlar\u0131yla vatanda\u015flar\u0131m\u0131z\u0131n yan\u0131nda\" dedi."},{"@type":"BreadcrumbList","@id":"https:\/\/memurunsesi.net\/index.php\/2025\/08\/11\/bakan-yerlikaya-devletimiz-tum-imkanlariyla-vatandaslarimizin-yaninda\/#breadcrumb","itemListElement":[{"@type":"ListItem","position":1,"name":"Anasayfa","item":"https:\/\/memurunsesi.net\/"},{"@type":"ListItem","position":2,"name":"Bakan Yerlikaya: Devletimiz t\u00fcm imkanlar\u0131yla vatanda\u015flar\u0131m\u0131z\u0131n yan\u0131nda"}]},{"@type":"WebSite","@id":"https:\/\/memurunsesi.net\/#website","url":"https:\/\/memurunsesi.net\/","name":"Memurun Sesi","description":"G\u00fcncel ve Do\u011fru Haber","publisher":{"@id":"https:\/\/memurunsesi.net\/#organization"},"potentialAction":[{"@type":"SearchAction","target":{"@type":"EntryPoint","urlTemplate":"https:\/\/memurunsesi.net\/?s={search_term_string}"},"query-input":{"@type":"PropertyValueSpecification","valueRequired":true,"valueName":"search_term_string"}}],"inLanguage":"tr"},{"@type":"Organization","@id":"https:\/\/memurunsesi.net\/#organization","name":"Memurun Sesi","url":"https:\/\/memurunsesi.net\/","logo":{"@type":"ImageObject","inLanguage":"tr","@id":"https:\/\/memurunsesi.net\/#\/schema\/logo\/image\/","url":"https:\/\/memurunsesi.net\/wp-content\/uploads\/2025\/11\/cropped-MEMURUN-SESI.png","contentUrl":"https:\/\/memurunsesi.net\/wp-content\/uploads\/2025\/11\/cropped-MEMURUN-SESI.png","width":238,"height":57,"caption":"Memurun Sesi"},"image":{"@id":"https:\/\/memurunsesi.net\/#\/schema\/logo\/image\/"},"sameAs":["https:\/\/www.facebook.com\/unipersen\/?locale=tr_TR","https:\/\/x.com\/unipersen"]},{"@type":"Person","@id":"https:\/\/memurunsesi.net\/#\/schema\/person\/f21c2d73b89f6ee1d80b0a1803e38587","name":"Memurun Sesi Haber Merkezi","image":{"@type":"ImageObject","inLanguage":"tr","@id":"https:\/\/secure.gravatar.com\/avatar\/6cf0505f452ee753f485014986fab09a434671d2b919ee76fc541025c5876a70?s=96&d=mm&r=g","url":"https:\/\/secure.gravatar.com\/avatar\/6cf0505f452ee753f485014986fab09a434671d2b919ee76fc541025c5876a70?s=96&d=mm&r=g","contentUrl":"https:\/\/secure.gravatar.com\/avatar\/6cf0505f452ee753f485014986fab09a434671d2b919ee76fc541025c5876a70?s=96&d=mm&r=g","caption":"Memurun Sesi Haber Merkezi"},"sameAs":["https:\/\/memurunsesi.net"],"url":"https:\/\/memurunsesi.net\/index.php\/author\/uniper\/"}]}},"_links":{"self":[{"href":"https:\/\/memurunsesi.net\/index.php\/wp-json\/wp\/v2\/posts\/10277","targetHints":{"allow":["GET"]}}],"collection":[{"href":"https:\/\/memurunsesi.net\/index.php\/wp-json\/wp\/v2\/posts"}],"about":[{"href":"https:\/\/memurunsesi.net\/index.php\/wp-json\/wp\/v2\/types\/post"}],"author":[{"embeddable":true,"href":"https:\/\/memurunsesi.net\/index.php\/wp-json\/wp\/v2\/users\/1"}],"replies":[{"embeddable":true,"href":"https:\/\/memurunsesi.net\/index.php\/wp-json\/wp\/v2\/comments?post=10277"}],"version-history":[{"count":1,"href":"https:\/\/memurunsesi.net\/index.php\/wp-json\/wp\/v2\/posts\/10277\/revisions"}],"predecessor-version":[{"id":10279,"href":"https:\/\/memurunsesi.net\/index.php\/wp-json\/wp\/v2\/posts\/10277\/revisions\/10279"}],"wp:featuredmedia":[{"embeddable":true,"href":"https:\/\/memurunsesi.net\/index.php\/wp-json\/wp\/v2\/media\/10278"}],"wp:attachment":[{"href":"https:\/\/memurunsesi.net\/index.php\/wp-json\/wp\/v2\/media?parent=10277"}],"wp:term":[{"taxonomy":"category","embeddable":true,"href":"https:\/\/memurunsesi.net\/index.php\/wp-json\/wp\/v2\/categories?post=10277"},{"taxonomy":"post_tag","embeddable":true,"href":"https:\/\/memurunsesi.net\/index.php\/wp-json\/wp\/v2\/tags?post=10277"}],"curies":[{"name":"wp","href":"https:\/\/api.w.org\/{rel}","templated":true}]}}