{"id":10280,"date":"2025-08-11T08:44:54","date_gmt":"2025-08-11T05:44:54","guid":{"rendered":"https:\/\/memurunsesi.net\/?p=10280"},"modified":"2025-08-11T08:44:54","modified_gmt":"2025-08-11T05:44:54","slug":"sanliurfada-silahli-kavga-1-yarali","status":"publish","type":"post","link":"https:\/\/memurunsesi.net\/index.php\/2025\/08\/11\/sanliurfada-silahli-kavga-1-yarali\/","title":{"rendered":"\u015eanl\u0131urfa\u2019da silahl\u0131 kavga: 1 yaral\u0131"},"content":{"rendered":"<p>  \u015eanl\u0131urfa\u2019n\u0131n Birecik il\u00e7esinde \u00e7\u0131kan silahl\u0131 kavgada 1 ki\u015fi yaraland\u0131.<br \/>\nEdinilen bilgiye g\u00f6re kavga, gece ge\u00e7 saatlerde \u015eanl\u0131urfa\u2019n\u0131n Birecik il\u00e7esine ba\u011fl\u0131 Meydan Mahallesi&#8217;nde ya\u015fand\u0131. \u0130ki \u015fah\u0131s aras\u0131nda hen\u00fcz belirlenemeyen bir nedenle kavga \u00e7\u0131kt\u0131. \u0130ddiaya g\u00f6re kavga s\u0131ras\u0131nda D.A. yan\u0131nda bulundurdu\u011fu silahla M.A.\u2019ya ate\u015f a\u00e7t\u0131. Yaralanan \u015fah\u0131s \u00f6zel bir ara\u00e7la Birecik Devlet Hastanesine kald\u0131r\u0131larak tedavi alt\u0131na al\u0131nd\u0131.<br \/>\n  Zanl\u0131, ka\u00e7arak uzakla\u015f\u0131rken olayla ilgili ba\u015flat\u0131lan soru\u015fturma devam ediyor. <\/p>\n<p>11.08.2025                                <\/p>\n","protected":false},"excerpt":{"rendered":"<p>\u015eanl\u0131urfa\u2019n\u0131n Birecik il\u00e7esinde \u00e7\u0131kan silahl\u0131 kavgada 1 ki\u015fi yaraland\u0131. Edinilen bilgiye g\u00f6re kavga, gece ge\u00e7 saatlerde \u015eanl\u0131urfa\u2019n\u0131n Birecik il\u00e7esine ba\u011fl\u0131 Meydan Mahallesi&#8217;nde ya\u015fand\u0131. \u0130ki \u015fah\u0131s aras\u0131nda hen\u00fcz belirlenemeyen bir nedenle kavga \u00e7\u0131kt\u0131. \u0130ddiaya g\u00f6re kavga s\u0131ras\u0131nda D.A. yan\u0131nda bulundurdu\u011fu silahla M.A.\u2019ya ate\u015f a\u00e7t\u0131. Yaralanan \u015fah\u0131s \u00f6zel bir ara\u00e7la Birecik Devlet Hastanesine kald\u0131r\u0131larak tedavi alt\u0131na al\u0131nd\u0131. [&hellip;]<\/p>\n","protected":false},"author":1,"featured_media":10281,"comment_status":"open","ping_status":"open","sticky":false,"template":"","format":"standard","meta":{"footnotes":""},"categories":[1],"tags":[],"class_list":["post-10280","post","type-post","status-publish","format-standard","has-post-thumbnail","hentry","category-genel"],"yoast_head":"<!-- This site is optimized with the Yoast SEO plugin v27.4 - https:\/\/yoast.com\/product\/yoast-seo-wordpress\/ -->\n<title>\u015eanl\u0131urfa\u2019da silahl\u0131 kavga: 1 yaral\u0131 - Memurun Sesi<\/title>\n<meta name=\"robots\" content=\"index, follow, max-snippet:-1, max-image-preview:large, max-video-preview:-1\" \/>\n<link rel=\"canonical\" href=\"https:\/\/memurunsesi.net\/index.php\/2025\/08\/11\/sanliurfada-silahli-kavga-1-yarali\/\" \/>\n<meta property=\"og:locale\" content=\"tr_TR\" \/>\n<meta property=\"og:type\" content=\"article\" \/>\n<meta property=\"og:title\" content=\"\u015eanl\u0131urfa\u2019da silahl\u0131 kavga: 1 yaral\u0131 - Memurun Sesi\" \/>\n<meta property=\"og:description\" content=\"\u015eanl\u0131urfa\u2019n\u0131n Birecik il\u00e7esinde \u00e7\u0131kan silahl\u0131 kavgada 1 ki\u015fi yaraland\u0131. Edinilen bilgiye g\u00f6re kavga, gece ge\u00e7 saatlerde \u015eanl\u0131urfa\u2019n\u0131n Birecik il\u00e7esine ba\u011fl\u0131 Meydan Mahallesi&#8217;nde ya\u015fand\u0131. \u0130ki \u015fah\u0131s aras\u0131nda hen\u00fcz belirlenemeyen bir nedenle kavga \u00e7\u0131kt\u0131. \u0130ddiaya g\u00f6re kavga s\u0131ras\u0131nda D.A. yan\u0131nda bulundurdu\u011fu silahla M.A.\u2019ya ate\u015f a\u00e7t\u0131. Yaralanan \u015fah\u0131s \u00f6zel bir ara\u00e7la Birecik Devlet Hastanesine kald\u0131r\u0131larak tedavi alt\u0131na al\u0131nd\u0131. [&hellip;]\" \/>\n<meta property=\"og:url\" content=\"https:\/\/memurunsesi.net\/index.php\/2025\/08\/11\/sanliurfada-silahli-kavga-1-yarali\/\" \/>\n<meta property=\"og:site_name\" content=\"Memurun Sesi\" \/>\n<meta property=\"article:publisher\" content=\"https:\/\/www.facebook.com\/unipersen\/?locale=tr_TR\" \/>\n<meta property=\"article:published_time\" content=\"2025-08-11T05:44:54+00:00\" \/>\n<meta property=\"og:image\" content=\"https:\/\/memurunsesi.net\/wp-content\/uploads\/2025\/08\/AW514879_01.jpg\" \/>\n\t<meta property=\"og:image:width\" content=\"2048\" \/>\n\t<meta property=\"og:image:height\" content=\"1536\" \/>\n\t<meta property=\"og:image:type\" content=\"image\/jpeg\" \/>\n<meta name=\"author\" content=\"Memurun Sesi Haber Merkezi\" \/>\n<meta name=\"twitter:card\" content=\"summary_large_image\" \/>\n<meta name=\"twitter:creator\" content=\"@unipersen\" \/>\n<meta name=\"twitter:site\" content=\"@unipersen\" \/>\n<meta name=\"twitter:label1\" content=\"Yazan:\" \/>\n\t<meta name=\"twitter:data1\" content=\"Memurun Sesi Haber Merkezi\" \/>\n\t<meta name=\"twitter:label2\" content=\"Tahmini okuma s\u00fcresi\" \/>\n\t<meta name=\"twitter:data2\" content=\"1 dakika\" \/>\n<script type=\"application\/ld+json\" class=\"yoast-schema-graph\">{\"@context\":\"https:\\\/\\\/schema.org\",\"@graph\":[{\"@type\":\"Article\",\"@id\":\"https:\\\/\\\/memurunsesi.net\\\/index.php\\\/2025\\\/08\\\/11\\\/sanliurfada-silahli-kavga-1-yarali\\\/#article\",\"isPartOf\":{\"@id\":\"https:\\\/\\\/memurunsesi.net\\\/index.php\\\/2025\\\/08\\\/11\\\/sanliurfada-silahli-kavga-1-yarali\\\/\"},\"author\":{\"name\":\"Memurun Sesi Haber Merkezi\",\"@id\":\"https:\\\/\\\/memurunsesi.net\\\/#\\\/schema\\\/person\\\/f21c2d73b89f6ee1d80b0a1803e38587\"},\"headline\":\"\u015eanl\u0131urfa\u2019da silahl\u0131 kavga: 1 yaral\u0131\",\"datePublished\":\"2025-08-11T05:44:54+00:00\",\"mainEntityOfPage\":{\"@id\":\"https:\\\/\\\/memurunsesi.net\\\/index.php\\\/2025\\\/08\\\/11\\\/sanliurfada-silahli-kavga-1-yarali\\\/\"},\"wordCount\":105,\"commentCount\":0,\"publisher\":{\"@id\":\"https:\\\/\\\/memurunsesi.net\\\/#organization\"},\"image\":{\"@id\":\"https:\\\/\\\/memurunsesi.net\\\/index.php\\\/2025\\\/08\\\/11\\\/sanliurfada-silahli-kavga-1-yarali\\\/#primaryimage\"},\"thumbnailUrl\":\"https:\\\/\\\/memurunsesi.net\\\/wp-content\\\/uploads\\\/2025\\\/08\\\/AW514879_01.jpg\",\"inLanguage\":\"tr\",\"potentialAction\":[{\"@type\":\"CommentAction\",\"name\":\"Comment\",\"target\":[\"https:\\\/\\\/memurunsesi.net\\\/index.php\\\/2025\\\/08\\\/11\\\/sanliurfada-silahli-kavga-1-yarali\\\/#respond\"]}]},{\"@type\":\"WebPage\",\"@id\":\"https:\\\/\\\/memurunsesi.net\\\/index.php\\\/2025\\\/08\\\/11\\\/sanliurfada-silahli-kavga-1-yarali\\\/\",\"url\":\"https:\\\/\\\/memurunsesi.net\\\/index.php\\\/2025\\\/08\\\/11\\\/sanliurfada-silahli-kavga-1-yarali\\\/\",\"name\":\"\u015eanl\u0131urfa\u2019da silahl\u0131 kavga: 1 yaral\u0131 - Memurun Sesi\",\"isPartOf\":{\"@id\":\"https:\\\/\\\/memurunsesi.net\\\/#website\"},\"primaryImageOfPage\":{\"@id\":\"https:\\\/\\\/memurunsesi.net\\\/index.php\\\/2025\\\/08\\\/11\\\/sanliurfada-silahli-kavga-1-yarali\\\/#primaryimage\"},\"image\":{\"@id\":\"https:\\\/\\\/memurunsesi.net\\\/index.php\\\/2025\\\/08\\\/11\\\/sanliurfada-silahli-kavga-1-yarali\\\/#primaryimage\"},\"thumbnailUrl\":\"https:\\\/\\\/memurunsesi.net\\\/wp-content\\\/uploads\\\/2025\\\/08\\\/AW514879_01.jpg\",\"datePublished\":\"2025-08-11T05:44:54+00:00\",\"breadcrumb\":{\"@id\":\"https:\\\/\\\/memurunsesi.net\\\/index.php\\\/2025\\\/08\\\/11\\\/sanliurfada-silahli-kavga-1-yarali\\\/#breadcrumb\"},\"inLanguage\":\"tr\",\"potentialAction\":[{\"@type\":\"ReadAction\",\"target\":[\"https:\\\/\\\/memurunsesi.net\\\/index.php\\\/2025\\\/08\\\/11\\\/sanliurfada-silahli-kavga-1-yarali\\\/\"]}]},{\"@type\":\"ImageObject\",\"inLanguage\":\"tr\",\"@id\":\"https:\\\/\\\/memurunsesi.net\\\/index.php\\\/2025\\\/08\\\/11\\\/sanliurfada-silahli-kavga-1-yarali\\\/#primaryimage\",\"url\":\"https:\\\/\\\/memurunsesi.net\\\/wp-content\\\/uploads\\\/2025\\\/08\\\/AW514879_01.jpg\",\"contentUrl\":\"https:\\\/\\\/memurunsesi.net\\\/wp-content\\\/uploads\\\/2025\\\/08\\\/AW514879_01.jpg\",\"width\":2048,\"height\":1536,\"caption\":\"\u015eANLIURFA'DA S\u0130LAHLI KAVGA: 1 YARALI (H\u00dcSEY\u0130N BOZKURT\\\/\u015eANLIURFA-\u0130HA) \u015eanl\u0131urfa'n\u0131n Birecik il\u00e7esinde \u00e7\u0131kan silahl\u0131 kavgada 1 ki\u015fi yaraland\u0131.\"},{\"@type\":\"BreadcrumbList\",\"@id\":\"https:\\\/\\\/memurunsesi.net\\\/index.php\\\/2025\\\/08\\\/11\\\/sanliurfada-silahli-kavga-1-yarali\\\/#breadcrumb\",\"itemListElement\":[{\"@type\":\"ListItem\",\"position\":1,\"name\":\"Anasayfa\",\"item\":\"https:\\\/\\\/memurunsesi.net\\\/\"},{\"@type\":\"ListItem\",\"position\":2,\"name\":\"\u015eanl\u0131urfa\u2019da silahl\u0131 kavga: 1 yaral\u0131\"}]},{\"@type\":\"WebSite\",\"@id\":\"https:\\\/\\\/memurunsesi.net\\\/#website\",\"url\":\"https:\\\/\\\/memurunsesi.net\\\/\",\"name\":\"Memurun Sesi\",\"description\":\"G\u00fcncel ve Do\u011fru Haber\",\"publisher\":{\"@id\":\"https:\\\/\\\/memurunsesi.net\\\/#organization\"},\"potentialAction\":[{\"@type\":\"SearchAction\",\"target\":{\"@type\":\"EntryPoint\",\"urlTemplate\":\"https:\\\/\\\/memurunsesi.net\\\/?s={search_term_string}\"},\"query-input\":{\"@type\":\"PropertyValueSpecification\",\"valueRequired\":true,\"valueName\":\"search_term_string\"}}],\"inLanguage\":\"tr\"},{\"@type\":\"Organization\",\"@id\":\"https:\\\/\\\/memurunsesi.net\\\/#organization\",\"name\":\"Memurun Sesi\",\"url\":\"https:\\\/\\\/memurunsesi.net\\\/\",\"logo\":{\"@type\":\"ImageObject\",\"inLanguage\":\"tr\",\"@id\":\"https:\\\/\\\/memurunsesi.net\\\/#\\\/schema\\\/logo\\\/image\\\/\",\"url\":\"https:\\\/\\\/memurunsesi.net\\\/wp-content\\\/uploads\\\/2025\\\/11\\\/cropped-MEMURUN-SESI.png\",\"contentUrl\":\"https:\\\/\\\/memurunsesi.net\\\/wp-content\\\/uploads\\\/2025\\\/11\\\/cropped-MEMURUN-SESI.png\",\"width\":238,\"height\":57,\"caption\":\"Memurun Sesi\"},\"image\":{\"@id\":\"https:\\\/\\\/memurunsesi.net\\\/#\\\/schema\\\/logo\\\/image\\\/\"},\"sameAs\":[\"https:\\\/\\\/www.facebook.com\\\/unipersen\\\/?locale=tr_TR\",\"https:\\\/\\\/x.com\\\/unipersen\"]},{\"@type\":\"Person\",\"@id\":\"https:\\\/\\\/memurunsesi.net\\\/#\\\/schema\\\/person\\\/f21c2d73b89f6ee1d80b0a1803e38587\",\"name\":\"Memurun Sesi Haber Merkezi\",\"image\":{\"@type\":\"ImageObject\",\"inLanguage\":\"tr\",\"@id\":\"https:\\\/\\\/secure.gravatar.com\\\/avatar\\\/6cf0505f452ee753f485014986fab09a434671d2b919ee76fc541025c5876a70?s=96&d=mm&r=g\",\"url\":\"https:\\\/\\\/secure.gravatar.com\\\/avatar\\\/6cf0505f452ee753f485014986fab09a434671d2b919ee76fc541025c5876a70?s=96&d=mm&r=g\",\"contentUrl\":\"https:\\\/\\\/secure.gravatar.com\\\/avatar\\\/6cf0505f452ee753f485014986fab09a434671d2b919ee76fc541025c5876a70?s=96&d=mm&r=g\",\"caption\":\"Memurun Sesi Haber Merkezi\"},\"sameAs\":[\"https:\\\/\\\/memurunsesi.net\"],\"url\":\"https:\\\/\\\/memurunsesi.net\\\/index.php\\\/author\\\/uniper\\\/\"}]}<\/script>\n<!-- \/ Yoast SEO plugin. -->","yoast_head_json":{"title":"\u015eanl\u0131urfa\u2019da silahl\u0131 kavga: 1 yaral\u0131 - Memurun Sesi","robots":{"index":"index","follow":"follow","max-snippet":"max-snippet:-1","max-image-preview":"max-image-preview:large","max-video-preview":"max-video-preview:-1"},"canonical":"https:\/\/memurunsesi.net\/index.php\/2025\/08\/11\/sanliurfada-silahli-kavga-1-yarali\/","og_locale":"tr_TR","og_type":"article","og_title":"\u015eanl\u0131urfa\u2019da silahl\u0131 kavga: 1 yaral\u0131 - Memurun Sesi","og_description":"\u015eanl\u0131urfa\u2019n\u0131n Birecik il\u00e7esinde \u00e7\u0131kan silahl\u0131 kavgada 1 ki\u015fi yaraland\u0131. Edinilen bilgiye g\u00f6re kavga, gece ge\u00e7 saatlerde \u015eanl\u0131urfa\u2019n\u0131n Birecik il\u00e7esine ba\u011fl\u0131 Meydan Mahallesi&#8217;nde ya\u015fand\u0131. \u0130ki \u015fah\u0131s aras\u0131nda hen\u00fcz belirlenemeyen bir nedenle kavga \u00e7\u0131kt\u0131. \u0130ddiaya g\u00f6re kavga s\u0131ras\u0131nda D.A. yan\u0131nda bulundurdu\u011fu silahla M.A.\u2019ya ate\u015f a\u00e7t\u0131. Yaralanan \u015fah\u0131s \u00f6zel bir ara\u00e7la Birecik Devlet Hastanesine kald\u0131r\u0131larak tedavi alt\u0131na al\u0131nd\u0131. [&hellip;]","og_url":"https:\/\/memurunsesi.net\/index.php\/2025\/08\/11\/sanliurfada-silahli-kavga-1-yarali\/","og_site_name":"Memurun Sesi","article_publisher":"https:\/\/www.facebook.com\/unipersen\/?locale=tr_TR","article_published_time":"2025-08-11T05:44:54+00:00","og_image":[{"width":2048,"height":1536,"url":"https:\/\/memurunsesi.net\/wp-content\/uploads\/2025\/08\/AW514879_01.jpg","type":"image\/jpeg"}],"author":"Memurun Sesi Haber Merkezi","twitter_card":"summary_large_image","twitter_creator":"@unipersen","twitter_site":"@unipersen","twitter_misc":{"Yazan:":"Memurun Sesi Haber Merkezi","Tahmini okuma s\u00fcresi":"1 dakika"},"schema":{"@context":"https:\/\/schema.org","@graph":[{"@type":"Article","@id":"https:\/\/memurunsesi.net\/index.php\/2025\/08\/11\/sanliurfada-silahli-kavga-1-yarali\/#article","isPartOf":{"@id":"https:\/\/memurunsesi.net\/index.php\/2025\/08\/11\/sanliurfada-silahli-kavga-1-yarali\/"},"author":{"name":"Memurun Sesi Haber Merkezi","@id":"https:\/\/memurunsesi.net\/#\/schema\/person\/f21c2d73b89f6ee1d80b0a1803e38587"},"headline":"\u015eanl\u0131urfa\u2019da silahl\u0131 kavga: 1 yaral\u0131","datePublished":"2025-08-11T05:44:54+00:00","mainEntityOfPage":{"@id":"https:\/\/memurunsesi.net\/index.php\/2025\/08\/11\/sanliurfada-silahli-kavga-1-yarali\/"},"wordCount":105,"commentCount":0,"publisher":{"@id":"https:\/\/memurunsesi.net\/#organization"},"image":{"@id":"https:\/\/memurunsesi.net\/index.php\/2025\/08\/11\/sanliurfada-silahli-kavga-1-yarali\/#primaryimage"},"thumbnailUrl":"https:\/\/memurunsesi.net\/wp-content\/uploads\/2025\/08\/AW514879_01.jpg","inLanguage":"tr","potentialAction":[{"@type":"CommentAction","name":"Comment","target":["https:\/\/memurunsesi.net\/index.php\/2025\/08\/11\/sanliurfada-silahli-kavga-1-yarali\/#respond"]}]},{"@type":"WebPage","@id":"https:\/\/memurunsesi.net\/index.php\/2025\/08\/11\/sanliurfada-silahli-kavga-1-yarali\/","url":"https:\/\/memurunsesi.net\/index.php\/2025\/08\/11\/sanliurfada-silahli-kavga-1-yarali\/","name":"\u015eanl\u0131urfa\u2019da silahl\u0131 kavga: 1 yaral\u0131 - Memurun Sesi","isPartOf":{"@id":"https:\/\/memurunsesi.net\/#website"},"primaryImageOfPage":{"@id":"https:\/\/memurunsesi.net\/index.php\/2025\/08\/11\/sanliurfada-silahli-kavga-1-yarali\/#primaryimage"},"image":{"@id":"https:\/\/memurunsesi.net\/index.php\/2025\/08\/11\/sanliurfada-silahli-kavga-1-yarali\/#primaryimage"},"thumbnailUrl":"https:\/\/memurunsesi.net\/wp-content\/uploads\/2025\/08\/AW514879_01.jpg","datePublished":"2025-08-11T05:44:54+00:00","breadcrumb":{"@id":"https:\/\/memurunsesi.net\/index.php\/2025\/08\/11\/sanliurfada-silahli-kavga-1-yarali\/#breadcrumb"},"inLanguage":"tr","potentialAction":[{"@type":"ReadAction","target":["https:\/\/memurunsesi.net\/index.php\/2025\/08\/11\/sanliurfada-silahli-kavga-1-yarali\/"]}]},{"@type":"ImageObject","inLanguage":"tr","@id":"https:\/\/memurunsesi.net\/index.php\/2025\/08\/11\/sanliurfada-silahli-kavga-1-yarali\/#primaryimage","url":"https:\/\/memurunsesi.net\/wp-content\/uploads\/2025\/08\/AW514879_01.jpg","contentUrl":"https:\/\/memurunsesi.net\/wp-content\/uploads\/2025\/08\/AW514879_01.jpg","width":2048,"height":1536,"caption":"\u015eANLIURFA'DA S\u0130LAHLI KAVGA: 1 YARALI (H\u00dcSEY\u0130N BOZKURT\/\u015eANLIURFA-\u0130HA) \u015eanl\u0131urfa'n\u0131n Birecik il\u00e7esinde \u00e7\u0131kan silahl\u0131 kavgada 1 ki\u015fi yaraland\u0131."},{"@type":"BreadcrumbList","@id":"https:\/\/memurunsesi.net\/index.php\/2025\/08\/11\/sanliurfada-silahli-kavga-1-yarali\/#breadcrumb","itemListElement":[{"@type":"ListItem","position":1,"name":"Anasayfa","item":"https:\/\/memurunsesi.net\/"},{"@type":"ListItem","position":2,"name":"\u015eanl\u0131urfa\u2019da silahl\u0131 kavga: 1 yaral\u0131"}]},{"@type":"WebSite","@id":"https:\/\/memurunsesi.net\/#website","url":"https:\/\/memurunsesi.net\/","name":"Memurun Sesi","description":"G\u00fcncel ve Do\u011fru Haber","publisher":{"@id":"https:\/\/memurunsesi.net\/#organization"},"potentialAction":[{"@type":"SearchAction","target":{"@type":"EntryPoint","urlTemplate":"https:\/\/memurunsesi.net\/?s={search_term_string}"},"query-input":{"@type":"PropertyValueSpecification","valueRequired":true,"valueName":"search_term_string"}}],"inLanguage":"tr"},{"@type":"Organization","@id":"https:\/\/memurunsesi.net\/#organization","name":"Memurun Sesi","url":"https:\/\/memurunsesi.net\/","logo":{"@type":"ImageObject","inLanguage":"tr","@id":"https:\/\/memurunsesi.net\/#\/schema\/logo\/image\/","url":"https:\/\/memurunsesi.net\/wp-content\/uploads\/2025\/11\/cropped-MEMURUN-SESI.png","contentUrl":"https:\/\/memurunsesi.net\/wp-content\/uploads\/2025\/11\/cropped-MEMURUN-SESI.png","width":238,"height":57,"caption":"Memurun Sesi"},"image":{"@id":"https:\/\/memurunsesi.net\/#\/schema\/logo\/image\/"},"sameAs":["https:\/\/www.facebook.com\/unipersen\/?locale=tr_TR","https:\/\/x.com\/unipersen"]},{"@type":"Person","@id":"https:\/\/memurunsesi.net\/#\/schema\/person\/f21c2d73b89f6ee1d80b0a1803e38587","name":"Memurun Sesi Haber Merkezi","image":{"@type":"ImageObject","inLanguage":"tr","@id":"https:\/\/secure.gravatar.com\/avatar\/6cf0505f452ee753f485014986fab09a434671d2b919ee76fc541025c5876a70?s=96&d=mm&r=g","url":"https:\/\/secure.gravatar.com\/avatar\/6cf0505f452ee753f485014986fab09a434671d2b919ee76fc541025c5876a70?s=96&d=mm&r=g","contentUrl":"https:\/\/secure.gravatar.com\/avatar\/6cf0505f452ee753f485014986fab09a434671d2b919ee76fc541025c5876a70?s=96&d=mm&r=g","caption":"Memurun Sesi Haber Merkezi"},"sameAs":["https:\/\/memurunsesi.net"],"url":"https:\/\/memurunsesi.net\/index.php\/author\/uniper\/"}]}},"_links":{"self":[{"href":"https:\/\/memurunsesi.net\/index.php\/wp-json\/wp\/v2\/posts\/10280","targetHints":{"allow":["GET"]}}],"collection":[{"href":"https:\/\/memurunsesi.net\/index.php\/wp-json\/wp\/v2\/posts"}],"about":[{"href":"https:\/\/memurunsesi.net\/index.php\/wp-json\/wp\/v2\/types\/post"}],"author":[{"embeddable":true,"href":"https:\/\/memurunsesi.net\/index.php\/wp-json\/wp\/v2\/users\/1"}],"replies":[{"embeddable":true,"href":"https:\/\/memurunsesi.net\/index.php\/wp-json\/wp\/v2\/comments?post=10280"}],"version-history":[{"count":1,"href":"https:\/\/memurunsesi.net\/index.php\/wp-json\/wp\/v2\/posts\/10280\/revisions"}],"predecessor-version":[{"id":10282,"href":"https:\/\/memurunsesi.net\/index.php\/wp-json\/wp\/v2\/posts\/10280\/revisions\/10282"}],"wp:featuredmedia":[{"embeddable":true,"href":"https:\/\/memurunsesi.net\/index.php\/wp-json\/wp\/v2\/media\/10281"}],"wp:attachment":[{"href":"https:\/\/memurunsesi.net\/index.php\/wp-json\/wp\/v2\/media?parent=10280"}],"wp:term":[{"taxonomy":"category","embeddable":true,"href":"https:\/\/memurunsesi.net\/index.php\/wp-json\/wp\/v2\/categories?post=10280"},{"taxonomy":"post_tag","embeddable":true,"href":"https:\/\/memurunsesi.net\/index.php\/wp-json\/wp\/v2\/tags?post=10280"}],"curies":[{"name":"wp","href":"https:\/\/api.w.org\/{rel}","templated":true}]}}