{"id":10286,"date":"2025-08-11T08:47:40","date_gmt":"2025-08-11T05:47:40","guid":{"rendered":"https:\/\/memurunsesi.net\/?p=10286"},"modified":"2025-08-11T08:47:40","modified_gmt":"2025-08-11T05:47:40","slug":"orduda-denizde-kaybolan-tarim-iscisi-araniyor","status":"publish","type":"post","link":"https:\/\/memurunsesi.net\/index.php\/2025\/08\/11\/orduda-denizde-kaybolan-tarim-iscisi-araniyor\/","title":{"rendered":"Ordu&#8217;da denizde kaybolan tar\u0131m i\u015f\u00e7isi aran\u0131yor"},"content":{"rendered":"<p>  Ordu&#8217;da serinlemek i\u00e7in girdi\u011fi denizde kaybolan mevsimlik tar\u0131m i\u015f\u00e7isi i\u00e7in arama \u00e7al\u0131\u015fmalar\u0131 ba\u015flat\u0131ld\u0131. Saatin ilerlemesi ile sonland\u0131r\u0131lan \u00e7al\u0131\u015fmalar sabah devam edecek.<br \/>\n  Olay, G\u00fclyal\u0131 il\u00e7esinde saat 19.30 s\u0131ralar\u0131nda meydana geldi. Edinilen bilgiye g\u00f6re, Batman ilinden Ordu&#8217;nun G\u00fclyal\u0131 il\u00e7esine f\u0131nd\u0131k hasad\u0131 i\u00e7in gelen mevsimlik tar\u0131m i\u015f\u00e7ileri Mazlum Y. (23) ve Yusuf K., f\u0131nd\u0131k hasad\u0131 sonras\u0131 serinlemek i\u00e7in denize girmenin yasak oldu\u011fu b\u00f6lgede y\u00fczmeye ba\u015flad\u0131. 2 i\u015f\u00e7i, bir s\u00fcre sonra dalgalar\u0131n etkisi ile g\u00f6zden kayboldu. Vatanda\u015flar\u0131n ihbar\u0131 \u00fczerine b\u00f6lgeye polis, jandarma, itfaiye, sa\u011fl\u0131k ve Sahil G\u00fcvenlik Komutanl\u0131\u011f\u0131 ekipleri sevk edildi. Bir s\u00fcre sonra Mazlum K. b\u00f6lgedeki vatanda\u015flar\u0131n da deste\u011fi ile sudan \u00e7\u0131kart\u0131ld\u0131 ve olay yerindeki ilk m\u00fcdahalesinin ard\u0131ndan ambulans ile hastaneye sevk edildi.<br \/>\n  Suda kaybolan Mazlum Y.&#8217;yi bulmak i\u00e7in ekipler \u00e7al\u0131\u015fma ba\u015flatt\u0131. Sahil G\u00fcvenlik Komutanl\u0131\u011f\u0131, polis ve itfaiye ekiplerinin dalg\u0131\u00e7 ve tekneler yard\u0131m\u0131yla y\u00fcr\u00fctt\u00fc\u011f\u00fc \u00e7al\u0131\u015fmalara b\u00f6lgedeki bal\u0131k\u00e7\u0131lar da a\u011f atarak destek verdi. Yakla\u015f\u0131k 4,5 saat s\u00fcren arama \u00e7al\u0131\u015fmalar\u0131, havan\u0131n kararmas\u0131 ve suyun tehlikeli olmas\u0131 nedeniyle gece yar\u0131s\u0131 sonland\u0131r\u0131ld\u0131.<br \/>\n  \u00c7al\u0131\u015fmalar\u0131n sabah saatlerinde yeniden devam edece\u011fi \u00f6\u011frenildi. <\/p>\n<p>11.08.2025                                 <\/p>\n","protected":false},"excerpt":{"rendered":"<p>Ordu&#8217;da serinlemek i\u00e7in girdi\u011fi denizde kaybolan mevsimlik tar\u0131m i\u015f\u00e7isi i\u00e7in arama \u00e7al\u0131\u015fmalar\u0131 ba\u015flat\u0131ld\u0131. Saatin ilerlemesi ile sonland\u0131r\u0131lan \u00e7al\u0131\u015fmalar sabah devam edecek. Olay, G\u00fclyal\u0131 il\u00e7esinde saat 19.30 s\u0131ralar\u0131nda meydana geldi. Edinilen bilgiye g\u00f6re, Batman ilinden Ordu&#8217;nun G\u00fclyal\u0131 il\u00e7esine f\u0131nd\u0131k hasad\u0131 i\u00e7in gelen mevsimlik tar\u0131m i\u015f\u00e7ileri Mazlum Y. (23) ve Yusuf K., f\u0131nd\u0131k hasad\u0131 sonras\u0131 serinlemek i\u00e7in [&hellip;]<\/p>\n","protected":false},"author":1,"featured_media":10287,"comment_status":"open","ping_status":"open","sticky":false,"template":"","format":"standard","meta":{"footnotes":""},"categories":[1],"tags":[],"class_list":["post-10286","post","type-post","status-publish","format-standard","has-post-thumbnail","hentry","category-genel"],"yoast_head":"<!-- This site is optimized with the Yoast SEO plugin v27.4 - https:\/\/yoast.com\/product\/yoast-seo-wordpress\/ -->\n<title>Ordu&#039;da denizde kaybolan tar\u0131m i\u015f\u00e7isi aran\u0131yor - Memurun Sesi<\/title>\n<meta name=\"robots\" content=\"index, follow, max-snippet:-1, max-image-preview:large, max-video-preview:-1\" \/>\n<link rel=\"canonical\" href=\"https:\/\/memurunsesi.net\/index.php\/2025\/08\/11\/orduda-denizde-kaybolan-tarim-iscisi-araniyor\/\" \/>\n<meta property=\"og:locale\" content=\"tr_TR\" \/>\n<meta property=\"og:type\" content=\"article\" \/>\n<meta property=\"og:title\" content=\"Ordu&#039;da denizde kaybolan tar\u0131m i\u015f\u00e7isi aran\u0131yor - Memurun Sesi\" \/>\n<meta property=\"og:description\" content=\"Ordu&#8217;da serinlemek i\u00e7in girdi\u011fi denizde kaybolan mevsimlik tar\u0131m i\u015f\u00e7isi i\u00e7in arama \u00e7al\u0131\u015fmalar\u0131 ba\u015flat\u0131ld\u0131. Saatin ilerlemesi ile sonland\u0131r\u0131lan \u00e7al\u0131\u015fmalar sabah devam edecek. Olay, G\u00fclyal\u0131 il\u00e7esinde saat 19.30 s\u0131ralar\u0131nda meydana geldi. Edinilen bilgiye g\u00f6re, Batman ilinden Ordu&#8217;nun G\u00fclyal\u0131 il\u00e7esine f\u0131nd\u0131k hasad\u0131 i\u00e7in gelen mevsimlik tar\u0131m i\u015f\u00e7ileri Mazlum Y. (23) ve Yusuf K., f\u0131nd\u0131k hasad\u0131 sonras\u0131 serinlemek i\u00e7in [&hellip;]\" \/>\n<meta property=\"og:url\" content=\"https:\/\/memurunsesi.net\/index.php\/2025\/08\/11\/orduda-denizde-kaybolan-tarim-iscisi-araniyor\/\" \/>\n<meta property=\"og:site_name\" content=\"Memurun Sesi\" \/>\n<meta property=\"article:publisher\" content=\"https:\/\/www.facebook.com\/unipersen\/?locale=tr_TR\" \/>\n<meta property=\"article:published_time\" content=\"2025-08-11T05:47:40+00:00\" \/>\n<meta property=\"og:image\" content=\"https:\/\/memurunsesi.net\/wp-content\/uploads\/2025\/08\/AW514870_01-scaled.jpg\" \/>\n\t<meta property=\"og:image:width\" content=\"2560\" \/>\n\t<meta property=\"og:image:height\" content=\"1707\" \/>\n\t<meta property=\"og:image:type\" content=\"image\/jpeg\" \/>\n<meta name=\"author\" content=\"Memurun Sesi Haber Merkezi\" \/>\n<meta name=\"twitter:card\" content=\"summary_large_image\" \/>\n<meta name=\"twitter:creator\" content=\"@unipersen\" \/>\n<meta name=\"twitter:site\" content=\"@unipersen\" \/>\n<meta name=\"twitter:label1\" content=\"Yazan:\" \/>\n\t<meta name=\"twitter:data1\" content=\"Memurun Sesi Haber Merkezi\" \/>\n\t<meta name=\"twitter:label2\" content=\"Tahmini okuma s\u00fcresi\" \/>\n\t<meta name=\"twitter:data2\" content=\"1 dakika\" \/>\n<script type=\"application\/ld+json\" class=\"yoast-schema-graph\">{\"@context\":\"https:\\\/\\\/schema.org\",\"@graph\":[{\"@type\":\"Article\",\"@id\":\"https:\\\/\\\/memurunsesi.net\\\/index.php\\\/2025\\\/08\\\/11\\\/orduda-denizde-kaybolan-tarim-iscisi-araniyor\\\/#article\",\"isPartOf\":{\"@id\":\"https:\\\/\\\/memurunsesi.net\\\/index.php\\\/2025\\\/08\\\/11\\\/orduda-denizde-kaybolan-tarim-iscisi-araniyor\\\/\"},\"author\":{\"name\":\"Memurun Sesi Haber Merkezi\",\"@id\":\"https:\\\/\\\/memurunsesi.net\\\/#\\\/schema\\\/person\\\/f21c2d73b89f6ee1d80b0a1803e38587\"},\"headline\":\"Ordu&#8217;da denizde kaybolan tar\u0131m i\u015f\u00e7isi aran\u0131yor\",\"datePublished\":\"2025-08-11T05:47:40+00:00\",\"mainEntityOfPage\":{\"@id\":\"https:\\\/\\\/memurunsesi.net\\\/index.php\\\/2025\\\/08\\\/11\\\/orduda-denizde-kaybolan-tarim-iscisi-araniyor\\\/\"},\"wordCount\":241,\"commentCount\":0,\"publisher\":{\"@id\":\"https:\\\/\\\/memurunsesi.net\\\/#organization\"},\"image\":{\"@id\":\"https:\\\/\\\/memurunsesi.net\\\/index.php\\\/2025\\\/08\\\/11\\\/orduda-denizde-kaybolan-tarim-iscisi-araniyor\\\/#primaryimage\"},\"thumbnailUrl\":\"https:\\\/\\\/memurunsesi.net\\\/wp-content\\\/uploads\\\/2025\\\/08\\\/AW514870_01-scaled.jpg\",\"inLanguage\":\"tr\",\"potentialAction\":[{\"@type\":\"CommentAction\",\"name\":\"Comment\",\"target\":[\"https:\\\/\\\/memurunsesi.net\\\/index.php\\\/2025\\\/08\\\/11\\\/orduda-denizde-kaybolan-tarim-iscisi-araniyor\\\/#respond\"]}]},{\"@type\":\"WebPage\",\"@id\":\"https:\\\/\\\/memurunsesi.net\\\/index.php\\\/2025\\\/08\\\/11\\\/orduda-denizde-kaybolan-tarim-iscisi-araniyor\\\/\",\"url\":\"https:\\\/\\\/memurunsesi.net\\\/index.php\\\/2025\\\/08\\\/11\\\/orduda-denizde-kaybolan-tarim-iscisi-araniyor\\\/\",\"name\":\"Ordu'da denizde kaybolan tar\u0131m i\u015f\u00e7isi aran\u0131yor - Memurun Sesi\",\"isPartOf\":{\"@id\":\"https:\\\/\\\/memurunsesi.net\\\/#website\"},\"primaryImageOfPage\":{\"@id\":\"https:\\\/\\\/memurunsesi.net\\\/index.php\\\/2025\\\/08\\\/11\\\/orduda-denizde-kaybolan-tarim-iscisi-araniyor\\\/#primaryimage\"},\"image\":{\"@id\":\"https:\\\/\\\/memurunsesi.net\\\/index.php\\\/2025\\\/08\\\/11\\\/orduda-denizde-kaybolan-tarim-iscisi-araniyor\\\/#primaryimage\"},\"thumbnailUrl\":\"https:\\\/\\\/memurunsesi.net\\\/wp-content\\\/uploads\\\/2025\\\/08\\\/AW514870_01-scaled.jpg\",\"datePublished\":\"2025-08-11T05:47:40+00:00\",\"breadcrumb\":{\"@id\":\"https:\\\/\\\/memurunsesi.net\\\/index.php\\\/2025\\\/08\\\/11\\\/orduda-denizde-kaybolan-tarim-iscisi-araniyor\\\/#breadcrumb\"},\"inLanguage\":\"tr\",\"potentialAction\":[{\"@type\":\"ReadAction\",\"target\":[\"https:\\\/\\\/memurunsesi.net\\\/index.php\\\/2025\\\/08\\\/11\\\/orduda-denizde-kaybolan-tarim-iscisi-araniyor\\\/\"]}]},{\"@type\":\"ImageObject\",\"inLanguage\":\"tr\",\"@id\":\"https:\\\/\\\/memurunsesi.net\\\/index.php\\\/2025\\\/08\\\/11\\\/orduda-denizde-kaybolan-tarim-iscisi-araniyor\\\/#primaryimage\",\"url\":\"https:\\\/\\\/memurunsesi.net\\\/wp-content\\\/uploads\\\/2025\\\/08\\\/AW514870_01-scaled.jpg\",\"contentUrl\":\"https:\\\/\\\/memurunsesi.net\\\/wp-content\\\/uploads\\\/2025\\\/08\\\/AW514870_01-scaled.jpg\",\"width\":2560,\"height\":1707,\"caption\":\"ORDU'DA SER\u0130NLEMEK \u0130\u00c7\u0130N G\u0130RD\u0130\u011e\u0130 DEN\u0130ZDE KAYBOLAN MEVS\u0130ML\u0130K TARIM \u0130\u015e\u00c7\u0130S\u0130 \u0130\u00c7\u0130N ARAMA \u00c7ALI\u015eMALARI BA\u015eLATILDI. (SEL\u0130M KU\u015eCU\\\/ORDU-\u0130HA) Ordu'da serinlemek i\u00e7in girdi\u011fi denizde kaybolan mevsimlik tar\u0131m i\u015f\u00e7isi i\u00e7in arama \u00e7al\u0131\u015fmalar\u0131 ba\u015flat\u0131ld\u0131. Saatin ilerlemesi ile sonland\u0131r\u0131lan \u00e7al\u0131\u015fmalar sabah devam edecek.\"},{\"@type\":\"BreadcrumbList\",\"@id\":\"https:\\\/\\\/memurunsesi.net\\\/index.php\\\/2025\\\/08\\\/11\\\/orduda-denizde-kaybolan-tarim-iscisi-araniyor\\\/#breadcrumb\",\"itemListElement\":[{\"@type\":\"ListItem\",\"position\":1,\"name\":\"Anasayfa\",\"item\":\"https:\\\/\\\/memurunsesi.net\\\/\"},{\"@type\":\"ListItem\",\"position\":2,\"name\":\"Ordu&#8217;da denizde kaybolan tar\u0131m i\u015f\u00e7isi aran\u0131yor\"}]},{\"@type\":\"WebSite\",\"@id\":\"https:\\\/\\\/memurunsesi.net\\\/#website\",\"url\":\"https:\\\/\\\/memurunsesi.net\\\/\",\"name\":\"Memurun Sesi\",\"description\":\"G\u00fcncel ve Do\u011fru Haber\",\"publisher\":{\"@id\":\"https:\\\/\\\/memurunsesi.net\\\/#organization\"},\"potentialAction\":[{\"@type\":\"SearchAction\",\"target\":{\"@type\":\"EntryPoint\",\"urlTemplate\":\"https:\\\/\\\/memurunsesi.net\\\/?s={search_term_string}\"},\"query-input\":{\"@type\":\"PropertyValueSpecification\",\"valueRequired\":true,\"valueName\":\"search_term_string\"}}],\"inLanguage\":\"tr\"},{\"@type\":\"Organization\",\"@id\":\"https:\\\/\\\/memurunsesi.net\\\/#organization\",\"name\":\"Memurun Sesi\",\"url\":\"https:\\\/\\\/memurunsesi.net\\\/\",\"logo\":{\"@type\":\"ImageObject\",\"inLanguage\":\"tr\",\"@id\":\"https:\\\/\\\/memurunsesi.net\\\/#\\\/schema\\\/logo\\\/image\\\/\",\"url\":\"https:\\\/\\\/memurunsesi.net\\\/wp-content\\\/uploads\\\/2025\\\/11\\\/cropped-MEMURUN-SESI.png\",\"contentUrl\":\"https:\\\/\\\/memurunsesi.net\\\/wp-content\\\/uploads\\\/2025\\\/11\\\/cropped-MEMURUN-SESI.png\",\"width\":238,\"height\":57,\"caption\":\"Memurun Sesi\"},\"image\":{\"@id\":\"https:\\\/\\\/memurunsesi.net\\\/#\\\/schema\\\/logo\\\/image\\\/\"},\"sameAs\":[\"https:\\\/\\\/www.facebook.com\\\/unipersen\\\/?locale=tr_TR\",\"https:\\\/\\\/x.com\\\/unipersen\"]},{\"@type\":\"Person\",\"@id\":\"https:\\\/\\\/memurunsesi.net\\\/#\\\/schema\\\/person\\\/f21c2d73b89f6ee1d80b0a1803e38587\",\"name\":\"Memurun Sesi Haber Merkezi\",\"image\":{\"@type\":\"ImageObject\",\"inLanguage\":\"tr\",\"@id\":\"https:\\\/\\\/secure.gravatar.com\\\/avatar\\\/6cf0505f452ee753f485014986fab09a434671d2b919ee76fc541025c5876a70?s=96&d=mm&r=g\",\"url\":\"https:\\\/\\\/secure.gravatar.com\\\/avatar\\\/6cf0505f452ee753f485014986fab09a434671d2b919ee76fc541025c5876a70?s=96&d=mm&r=g\",\"contentUrl\":\"https:\\\/\\\/secure.gravatar.com\\\/avatar\\\/6cf0505f452ee753f485014986fab09a434671d2b919ee76fc541025c5876a70?s=96&d=mm&r=g\",\"caption\":\"Memurun Sesi Haber Merkezi\"},\"sameAs\":[\"https:\\\/\\\/memurunsesi.net\"],\"url\":\"https:\\\/\\\/memurunsesi.net\\\/index.php\\\/author\\\/uniper\\\/\"}]}<\/script>\n<!-- \/ Yoast SEO plugin. -->","yoast_head_json":{"title":"Ordu'da denizde kaybolan tar\u0131m i\u015f\u00e7isi aran\u0131yor - Memurun Sesi","robots":{"index":"index","follow":"follow","max-snippet":"max-snippet:-1","max-image-preview":"max-image-preview:large","max-video-preview":"max-video-preview:-1"},"canonical":"https:\/\/memurunsesi.net\/index.php\/2025\/08\/11\/orduda-denizde-kaybolan-tarim-iscisi-araniyor\/","og_locale":"tr_TR","og_type":"article","og_title":"Ordu'da denizde kaybolan tar\u0131m i\u015f\u00e7isi aran\u0131yor - Memurun Sesi","og_description":"Ordu&#8217;da serinlemek i\u00e7in girdi\u011fi denizde kaybolan mevsimlik tar\u0131m i\u015f\u00e7isi i\u00e7in arama \u00e7al\u0131\u015fmalar\u0131 ba\u015flat\u0131ld\u0131. Saatin ilerlemesi ile sonland\u0131r\u0131lan \u00e7al\u0131\u015fmalar sabah devam edecek. Olay, G\u00fclyal\u0131 il\u00e7esinde saat 19.30 s\u0131ralar\u0131nda meydana geldi. Edinilen bilgiye g\u00f6re, Batman ilinden Ordu&#8217;nun G\u00fclyal\u0131 il\u00e7esine f\u0131nd\u0131k hasad\u0131 i\u00e7in gelen mevsimlik tar\u0131m i\u015f\u00e7ileri Mazlum Y. (23) ve Yusuf K., f\u0131nd\u0131k hasad\u0131 sonras\u0131 serinlemek i\u00e7in [&hellip;]","og_url":"https:\/\/memurunsesi.net\/index.php\/2025\/08\/11\/orduda-denizde-kaybolan-tarim-iscisi-araniyor\/","og_site_name":"Memurun Sesi","article_publisher":"https:\/\/www.facebook.com\/unipersen\/?locale=tr_TR","article_published_time":"2025-08-11T05:47:40+00:00","og_image":[{"width":2560,"height":1707,"url":"https:\/\/memurunsesi.net\/wp-content\/uploads\/2025\/08\/AW514870_01-scaled.jpg","type":"image\/jpeg"}],"author":"Memurun Sesi Haber Merkezi","twitter_card":"summary_large_image","twitter_creator":"@unipersen","twitter_site":"@unipersen","twitter_misc":{"Yazan:":"Memurun Sesi Haber Merkezi","Tahmini okuma s\u00fcresi":"1 dakika"},"schema":{"@context":"https:\/\/schema.org","@graph":[{"@type":"Article","@id":"https:\/\/memurunsesi.net\/index.php\/2025\/08\/11\/orduda-denizde-kaybolan-tarim-iscisi-araniyor\/#article","isPartOf":{"@id":"https:\/\/memurunsesi.net\/index.php\/2025\/08\/11\/orduda-denizde-kaybolan-tarim-iscisi-araniyor\/"},"author":{"name":"Memurun Sesi Haber Merkezi","@id":"https:\/\/memurunsesi.net\/#\/schema\/person\/f21c2d73b89f6ee1d80b0a1803e38587"},"headline":"Ordu&#8217;da denizde kaybolan tar\u0131m i\u015f\u00e7isi aran\u0131yor","datePublished":"2025-08-11T05:47:40+00:00","mainEntityOfPage":{"@id":"https:\/\/memurunsesi.net\/index.php\/2025\/08\/11\/orduda-denizde-kaybolan-tarim-iscisi-araniyor\/"},"wordCount":241,"commentCount":0,"publisher":{"@id":"https:\/\/memurunsesi.net\/#organization"},"image":{"@id":"https:\/\/memurunsesi.net\/index.php\/2025\/08\/11\/orduda-denizde-kaybolan-tarim-iscisi-araniyor\/#primaryimage"},"thumbnailUrl":"https:\/\/memurunsesi.net\/wp-content\/uploads\/2025\/08\/AW514870_01-scaled.jpg","inLanguage":"tr","potentialAction":[{"@type":"CommentAction","name":"Comment","target":["https:\/\/memurunsesi.net\/index.php\/2025\/08\/11\/orduda-denizde-kaybolan-tarim-iscisi-araniyor\/#respond"]}]},{"@type":"WebPage","@id":"https:\/\/memurunsesi.net\/index.php\/2025\/08\/11\/orduda-denizde-kaybolan-tarim-iscisi-araniyor\/","url":"https:\/\/memurunsesi.net\/index.php\/2025\/08\/11\/orduda-denizde-kaybolan-tarim-iscisi-araniyor\/","name":"Ordu'da denizde kaybolan tar\u0131m i\u015f\u00e7isi aran\u0131yor - Memurun Sesi","isPartOf":{"@id":"https:\/\/memurunsesi.net\/#website"},"primaryImageOfPage":{"@id":"https:\/\/memurunsesi.net\/index.php\/2025\/08\/11\/orduda-denizde-kaybolan-tarim-iscisi-araniyor\/#primaryimage"},"image":{"@id":"https:\/\/memurunsesi.net\/index.php\/2025\/08\/11\/orduda-denizde-kaybolan-tarim-iscisi-araniyor\/#primaryimage"},"thumbnailUrl":"https:\/\/memurunsesi.net\/wp-content\/uploads\/2025\/08\/AW514870_01-scaled.jpg","datePublished":"2025-08-11T05:47:40+00:00","breadcrumb":{"@id":"https:\/\/memurunsesi.net\/index.php\/2025\/08\/11\/orduda-denizde-kaybolan-tarim-iscisi-araniyor\/#breadcrumb"},"inLanguage":"tr","potentialAction":[{"@type":"ReadAction","target":["https:\/\/memurunsesi.net\/index.php\/2025\/08\/11\/orduda-denizde-kaybolan-tarim-iscisi-araniyor\/"]}]},{"@type":"ImageObject","inLanguage":"tr","@id":"https:\/\/memurunsesi.net\/index.php\/2025\/08\/11\/orduda-denizde-kaybolan-tarim-iscisi-araniyor\/#primaryimage","url":"https:\/\/memurunsesi.net\/wp-content\/uploads\/2025\/08\/AW514870_01-scaled.jpg","contentUrl":"https:\/\/memurunsesi.net\/wp-content\/uploads\/2025\/08\/AW514870_01-scaled.jpg","width":2560,"height":1707,"caption":"ORDU'DA SER\u0130NLEMEK \u0130\u00c7\u0130N G\u0130RD\u0130\u011e\u0130 DEN\u0130ZDE KAYBOLAN MEVS\u0130ML\u0130K TARIM \u0130\u015e\u00c7\u0130S\u0130 \u0130\u00c7\u0130N ARAMA \u00c7ALI\u015eMALARI BA\u015eLATILDI. (SEL\u0130M KU\u015eCU\/ORDU-\u0130HA) Ordu'da serinlemek i\u00e7in girdi\u011fi denizde kaybolan mevsimlik tar\u0131m i\u015f\u00e7isi i\u00e7in arama \u00e7al\u0131\u015fmalar\u0131 ba\u015flat\u0131ld\u0131. Saatin ilerlemesi ile sonland\u0131r\u0131lan \u00e7al\u0131\u015fmalar sabah devam edecek."},{"@type":"BreadcrumbList","@id":"https:\/\/memurunsesi.net\/index.php\/2025\/08\/11\/orduda-denizde-kaybolan-tarim-iscisi-araniyor\/#breadcrumb","itemListElement":[{"@type":"ListItem","position":1,"name":"Anasayfa","item":"https:\/\/memurunsesi.net\/"},{"@type":"ListItem","position":2,"name":"Ordu&#8217;da denizde kaybolan tar\u0131m i\u015f\u00e7isi aran\u0131yor"}]},{"@type":"WebSite","@id":"https:\/\/memurunsesi.net\/#website","url":"https:\/\/memurunsesi.net\/","name":"Memurun Sesi","description":"G\u00fcncel ve Do\u011fru Haber","publisher":{"@id":"https:\/\/memurunsesi.net\/#organization"},"potentialAction":[{"@type":"SearchAction","target":{"@type":"EntryPoint","urlTemplate":"https:\/\/memurunsesi.net\/?s={search_term_string}"},"query-input":{"@type":"PropertyValueSpecification","valueRequired":true,"valueName":"search_term_string"}}],"inLanguage":"tr"},{"@type":"Organization","@id":"https:\/\/memurunsesi.net\/#organization","name":"Memurun Sesi","url":"https:\/\/memurunsesi.net\/","logo":{"@type":"ImageObject","inLanguage":"tr","@id":"https:\/\/memurunsesi.net\/#\/schema\/logo\/image\/","url":"https:\/\/memurunsesi.net\/wp-content\/uploads\/2025\/11\/cropped-MEMURUN-SESI.png","contentUrl":"https:\/\/memurunsesi.net\/wp-content\/uploads\/2025\/11\/cropped-MEMURUN-SESI.png","width":238,"height":57,"caption":"Memurun Sesi"},"image":{"@id":"https:\/\/memurunsesi.net\/#\/schema\/logo\/image\/"},"sameAs":["https:\/\/www.facebook.com\/unipersen\/?locale=tr_TR","https:\/\/x.com\/unipersen"]},{"@type":"Person","@id":"https:\/\/memurunsesi.net\/#\/schema\/person\/f21c2d73b89f6ee1d80b0a1803e38587","name":"Memurun Sesi Haber Merkezi","image":{"@type":"ImageObject","inLanguage":"tr","@id":"https:\/\/secure.gravatar.com\/avatar\/6cf0505f452ee753f485014986fab09a434671d2b919ee76fc541025c5876a70?s=96&d=mm&r=g","url":"https:\/\/secure.gravatar.com\/avatar\/6cf0505f452ee753f485014986fab09a434671d2b919ee76fc541025c5876a70?s=96&d=mm&r=g","contentUrl":"https:\/\/secure.gravatar.com\/avatar\/6cf0505f452ee753f485014986fab09a434671d2b919ee76fc541025c5876a70?s=96&d=mm&r=g","caption":"Memurun Sesi Haber Merkezi"},"sameAs":["https:\/\/memurunsesi.net"],"url":"https:\/\/memurunsesi.net\/index.php\/author\/uniper\/"}]}},"_links":{"self":[{"href":"https:\/\/memurunsesi.net\/index.php\/wp-json\/wp\/v2\/posts\/10286","targetHints":{"allow":["GET"]}}],"collection":[{"href":"https:\/\/memurunsesi.net\/index.php\/wp-json\/wp\/v2\/posts"}],"about":[{"href":"https:\/\/memurunsesi.net\/index.php\/wp-json\/wp\/v2\/types\/post"}],"author":[{"embeddable":true,"href":"https:\/\/memurunsesi.net\/index.php\/wp-json\/wp\/v2\/users\/1"}],"replies":[{"embeddable":true,"href":"https:\/\/memurunsesi.net\/index.php\/wp-json\/wp\/v2\/comments?post=10286"}],"version-history":[{"count":1,"href":"https:\/\/memurunsesi.net\/index.php\/wp-json\/wp\/v2\/posts\/10286\/revisions"}],"predecessor-version":[{"id":10288,"href":"https:\/\/memurunsesi.net\/index.php\/wp-json\/wp\/v2\/posts\/10286\/revisions\/10288"}],"wp:featuredmedia":[{"embeddable":true,"href":"https:\/\/memurunsesi.net\/index.php\/wp-json\/wp\/v2\/media\/10287"}],"wp:attachment":[{"href":"https:\/\/memurunsesi.net\/index.php\/wp-json\/wp\/v2\/media?parent=10286"}],"wp:term":[{"taxonomy":"category","embeddable":true,"href":"https:\/\/memurunsesi.net\/index.php\/wp-json\/wp\/v2\/categories?post=10286"},{"taxonomy":"post_tag","embeddable":true,"href":"https:\/\/memurunsesi.net\/index.php\/wp-json\/wp\/v2\/tags?post=10286"}],"curies":[{"name":"wp","href":"https:\/\/api.w.org\/{rel}","templated":true}]}}