{"id":10289,"date":"2025-08-11T08:49:06","date_gmt":"2025-08-11T05:49:06","guid":{"rendered":"https:\/\/memurunsesi.net\/?p=10289"},"modified":"2025-08-11T08:49:06","modified_gmt":"2025-08-11T05:49:06","slug":"ankarada-iki-grup-arasinda-bicakli-kavga-3-yarali","status":"publish","type":"post","link":"https:\/\/memurunsesi.net\/index.php\/2025\/08\/11\/ankarada-iki-grup-arasinda-bicakli-kavga-3-yarali\/","title":{"rendered":"Ankara&#8217;da iki grup aras\u0131nda b\u0131\u00e7akl\u0131 kavga: 3 yaral\u0131"},"content":{"rendered":"<p>  Ankara&#8217;n\u0131n Sincan il\u00e7esinde iki grup aras\u0131nda b\u0131\u00e7akl\u0131 kavga \u00e7\u0131kt\u0131. Kavgada b\u0131\u00e7aklanan \u00fc\u00e7 ki\u015fi yaraland\u0131.<br \/>\nOlay, Sincan Park&#8217;ta meydana geldi. Edinilen bilgilere g\u00f6re, hen\u00fcz belirlenemeyen bir nedenden \u00f6t\u00fcr\u00fc iki grup aras\u0131nda b\u0131\u00e7akl\u0131 kavga \u00e7\u0131kt\u0131. Kavga esnas\u0131nda \u00fc\u00e7 ki\u015fi b\u0131\u00e7aklanarak yaraland\u0131. Kavgay\u0131 g\u00f6ren vatanda\u015flar durumu, sa\u011fl\u0131k ve polis ekiplerine bildirdi. Yaralanan \u015fah\u0131slar olay yerindeki ilk m\u00fcdahalenin ard\u0131ndan, hastaneye kald\u0131r\u0131ld\u0131. Kavga polis ekipleri taraf\u0131ndan sonland\u0131r\u0131l\u0131rken, olaya ili\u015fkin inceleme ba\u015flat\u0131ld\u0131. <\/p>\n<p>11.08.2025                                 <\/p>\n","protected":false},"excerpt":{"rendered":"<p>Ankara&#8217;n\u0131n Sincan il\u00e7esinde iki grup aras\u0131nda b\u0131\u00e7akl\u0131 kavga \u00e7\u0131kt\u0131. Kavgada b\u0131\u00e7aklanan \u00fc\u00e7 ki\u015fi yaraland\u0131. Olay, Sincan Park&#8217;ta meydana geldi. Edinilen bilgilere g\u00f6re, hen\u00fcz belirlenemeyen bir nedenden \u00f6t\u00fcr\u00fc iki grup aras\u0131nda b\u0131\u00e7akl\u0131 kavga \u00e7\u0131kt\u0131. Kavga esnas\u0131nda \u00fc\u00e7 ki\u015fi b\u0131\u00e7aklanarak yaraland\u0131. Kavgay\u0131 g\u00f6ren vatanda\u015flar durumu, sa\u011fl\u0131k ve polis ekiplerine bildirdi. Yaralanan \u015fah\u0131slar olay yerindeki ilk m\u00fcdahalenin ard\u0131ndan, [&hellip;]<\/p>\n","protected":false},"author":1,"featured_media":10290,"comment_status":"open","ping_status":"open","sticky":false,"template":"","format":"standard","meta":{"footnotes":""},"categories":[1],"tags":[],"class_list":["post-10289","post","type-post","status-publish","format-standard","has-post-thumbnail","hentry","category-genel"],"yoast_head":"<!-- This site is optimized with the Yoast SEO plugin v27.4 - https:\/\/yoast.com\/product\/yoast-seo-wordpress\/ -->\n<title>Ankara&#039;da iki grup aras\u0131nda b\u0131\u00e7akl\u0131 kavga: 3 yaral\u0131 - Memurun Sesi<\/title>\n<meta name=\"robots\" content=\"index, follow, max-snippet:-1, max-image-preview:large, max-video-preview:-1\" \/>\n<link rel=\"canonical\" href=\"https:\/\/memurunsesi.net\/index.php\/2025\/08\/11\/ankarada-iki-grup-arasinda-bicakli-kavga-3-yarali\/\" \/>\n<meta property=\"og:locale\" content=\"tr_TR\" \/>\n<meta property=\"og:type\" content=\"article\" \/>\n<meta property=\"og:title\" content=\"Ankara&#039;da iki grup aras\u0131nda b\u0131\u00e7akl\u0131 kavga: 3 yaral\u0131 - Memurun Sesi\" \/>\n<meta property=\"og:description\" content=\"Ankara&#8217;n\u0131n Sincan il\u00e7esinde iki grup aras\u0131nda b\u0131\u00e7akl\u0131 kavga \u00e7\u0131kt\u0131. Kavgada b\u0131\u00e7aklanan \u00fc\u00e7 ki\u015fi yaraland\u0131. Olay, Sincan Park&#8217;ta meydana geldi. Edinilen bilgilere g\u00f6re, hen\u00fcz belirlenemeyen bir nedenden \u00f6t\u00fcr\u00fc iki grup aras\u0131nda b\u0131\u00e7akl\u0131 kavga \u00e7\u0131kt\u0131. Kavga esnas\u0131nda \u00fc\u00e7 ki\u015fi b\u0131\u00e7aklanarak yaraland\u0131. Kavgay\u0131 g\u00f6ren vatanda\u015flar durumu, sa\u011fl\u0131k ve polis ekiplerine bildirdi. Yaralanan \u015fah\u0131slar olay yerindeki ilk m\u00fcdahalenin ard\u0131ndan, [&hellip;]\" \/>\n<meta property=\"og:url\" content=\"https:\/\/memurunsesi.net\/index.php\/2025\/08\/11\/ankarada-iki-grup-arasinda-bicakli-kavga-3-yarali\/\" \/>\n<meta property=\"og:site_name\" content=\"Memurun Sesi\" \/>\n<meta property=\"article:publisher\" content=\"https:\/\/www.facebook.com\/unipersen\/?locale=tr_TR\" \/>\n<meta property=\"article:published_time\" content=\"2025-08-11T05:49:06+00:00\" \/>\n<meta property=\"og:image\" content=\"https:\/\/memurunsesi.net\/wp-content\/uploads\/2025\/08\/AW514868_04.jpg\" \/>\n\t<meta property=\"og:image:width\" content=\"2048\" \/>\n\t<meta property=\"og:image:height\" content=\"1536\" \/>\n\t<meta property=\"og:image:type\" content=\"image\/jpeg\" \/>\n<meta name=\"author\" content=\"Memurun Sesi Haber Merkezi\" \/>\n<meta name=\"twitter:card\" content=\"summary_large_image\" \/>\n<meta name=\"twitter:creator\" content=\"@unipersen\" \/>\n<meta name=\"twitter:site\" content=\"@unipersen\" \/>\n<meta name=\"twitter:label1\" content=\"Yazan:\" \/>\n\t<meta name=\"twitter:data1\" content=\"Memurun Sesi Haber Merkezi\" \/>\n\t<meta name=\"twitter:label2\" content=\"Tahmini okuma s\u00fcresi\" \/>\n\t<meta name=\"twitter:data2\" content=\"1 dakika\" \/>\n<script type=\"application\/ld+json\" class=\"yoast-schema-graph\">{\"@context\":\"https:\\\/\\\/schema.org\",\"@graph\":[{\"@type\":\"Article\",\"@id\":\"https:\\\/\\\/memurunsesi.net\\\/index.php\\\/2025\\\/08\\\/11\\\/ankarada-iki-grup-arasinda-bicakli-kavga-3-yarali\\\/#article\",\"isPartOf\":{\"@id\":\"https:\\\/\\\/memurunsesi.net\\\/index.php\\\/2025\\\/08\\\/11\\\/ankarada-iki-grup-arasinda-bicakli-kavga-3-yarali\\\/\"},\"author\":{\"name\":\"Memurun Sesi Haber Merkezi\",\"@id\":\"https:\\\/\\\/memurunsesi.net\\\/#\\\/schema\\\/person\\\/f21c2d73b89f6ee1d80b0a1803e38587\"},\"headline\":\"Ankara&#8217;da iki grup aras\u0131nda b\u0131\u00e7akl\u0131 kavga: 3 yaral\u0131\",\"datePublished\":\"2025-08-11T05:49:06+00:00\",\"mainEntityOfPage\":{\"@id\":\"https:\\\/\\\/memurunsesi.net\\\/index.php\\\/2025\\\/08\\\/11\\\/ankarada-iki-grup-arasinda-bicakli-kavga-3-yarali\\\/\"},\"wordCount\":106,\"commentCount\":0,\"publisher\":{\"@id\":\"https:\\\/\\\/memurunsesi.net\\\/#organization\"},\"image\":{\"@id\":\"https:\\\/\\\/memurunsesi.net\\\/index.php\\\/2025\\\/08\\\/11\\\/ankarada-iki-grup-arasinda-bicakli-kavga-3-yarali\\\/#primaryimage\"},\"thumbnailUrl\":\"https:\\\/\\\/memurunsesi.net\\\/wp-content\\\/uploads\\\/2025\\\/08\\\/AW514868_04.jpg\",\"inLanguage\":\"tr\",\"potentialAction\":[{\"@type\":\"CommentAction\",\"name\":\"Comment\",\"target\":[\"https:\\\/\\\/memurunsesi.net\\\/index.php\\\/2025\\\/08\\\/11\\\/ankarada-iki-grup-arasinda-bicakli-kavga-3-yarali\\\/#respond\"]}]},{\"@type\":\"WebPage\",\"@id\":\"https:\\\/\\\/memurunsesi.net\\\/index.php\\\/2025\\\/08\\\/11\\\/ankarada-iki-grup-arasinda-bicakli-kavga-3-yarali\\\/\",\"url\":\"https:\\\/\\\/memurunsesi.net\\\/index.php\\\/2025\\\/08\\\/11\\\/ankarada-iki-grup-arasinda-bicakli-kavga-3-yarali\\\/\",\"name\":\"Ankara'da iki grup aras\u0131nda b\u0131\u00e7akl\u0131 kavga: 3 yaral\u0131 - Memurun Sesi\",\"isPartOf\":{\"@id\":\"https:\\\/\\\/memurunsesi.net\\\/#website\"},\"primaryImageOfPage\":{\"@id\":\"https:\\\/\\\/memurunsesi.net\\\/index.php\\\/2025\\\/08\\\/11\\\/ankarada-iki-grup-arasinda-bicakli-kavga-3-yarali\\\/#primaryimage\"},\"image\":{\"@id\":\"https:\\\/\\\/memurunsesi.net\\\/index.php\\\/2025\\\/08\\\/11\\\/ankarada-iki-grup-arasinda-bicakli-kavga-3-yarali\\\/#primaryimage\"},\"thumbnailUrl\":\"https:\\\/\\\/memurunsesi.net\\\/wp-content\\\/uploads\\\/2025\\\/08\\\/AW514868_04.jpg\",\"datePublished\":\"2025-08-11T05:49:06+00:00\",\"breadcrumb\":{\"@id\":\"https:\\\/\\\/memurunsesi.net\\\/index.php\\\/2025\\\/08\\\/11\\\/ankarada-iki-grup-arasinda-bicakli-kavga-3-yarali\\\/#breadcrumb\"},\"inLanguage\":\"tr\",\"potentialAction\":[{\"@type\":\"ReadAction\",\"target\":[\"https:\\\/\\\/memurunsesi.net\\\/index.php\\\/2025\\\/08\\\/11\\\/ankarada-iki-grup-arasinda-bicakli-kavga-3-yarali\\\/\"]}]},{\"@type\":\"ImageObject\",\"inLanguage\":\"tr\",\"@id\":\"https:\\\/\\\/memurunsesi.net\\\/index.php\\\/2025\\\/08\\\/11\\\/ankarada-iki-grup-arasinda-bicakli-kavga-3-yarali\\\/#primaryimage\",\"url\":\"https:\\\/\\\/memurunsesi.net\\\/wp-content\\\/uploads\\\/2025\\\/08\\\/AW514868_04.jpg\",\"contentUrl\":\"https:\\\/\\\/memurunsesi.net\\\/wp-content\\\/uploads\\\/2025\\\/08\\\/AW514868_04.jpg\",\"width\":2048,\"height\":1536,\"caption\":\"ANKARA'NIN S\u0130NCAN \u0130L\u00c7ES\u0130NDE \u0130K\u0130 GRUP ARASINDA BI\u00c7AKLI KAVGA \u00c7IKTI. KAVGADA BI\u00c7AKLANAN \u0130K\u0130 K\u0130\u015e\u0130 YARALANDI. (G\u00d6K\u015eEN EFE\\\/ANKARA-\u0130HA) Ankara'n\u0131n Sincan il\u00e7esinde iki grup aras\u0131nda b\u0131\u00e7akl\u0131 kavga \u00e7\u0131kt\u0131. Kavgada b\u0131\u00e7aklanan iki ki\u015fi yaraland\u0131.\"},{\"@type\":\"BreadcrumbList\",\"@id\":\"https:\\\/\\\/memurunsesi.net\\\/index.php\\\/2025\\\/08\\\/11\\\/ankarada-iki-grup-arasinda-bicakli-kavga-3-yarali\\\/#breadcrumb\",\"itemListElement\":[{\"@type\":\"ListItem\",\"position\":1,\"name\":\"Anasayfa\",\"item\":\"https:\\\/\\\/memurunsesi.net\\\/\"},{\"@type\":\"ListItem\",\"position\":2,\"name\":\"Ankara&#8217;da iki grup aras\u0131nda b\u0131\u00e7akl\u0131 kavga: 3 yaral\u0131\"}]},{\"@type\":\"WebSite\",\"@id\":\"https:\\\/\\\/memurunsesi.net\\\/#website\",\"url\":\"https:\\\/\\\/memurunsesi.net\\\/\",\"name\":\"Memurun Sesi\",\"description\":\"G\u00fcncel ve Do\u011fru Haber\",\"publisher\":{\"@id\":\"https:\\\/\\\/memurunsesi.net\\\/#organization\"},\"potentialAction\":[{\"@type\":\"SearchAction\",\"target\":{\"@type\":\"EntryPoint\",\"urlTemplate\":\"https:\\\/\\\/memurunsesi.net\\\/?s={search_term_string}\"},\"query-input\":{\"@type\":\"PropertyValueSpecification\",\"valueRequired\":true,\"valueName\":\"search_term_string\"}}],\"inLanguage\":\"tr\"},{\"@type\":\"Organization\",\"@id\":\"https:\\\/\\\/memurunsesi.net\\\/#organization\",\"name\":\"Memurun Sesi\",\"url\":\"https:\\\/\\\/memurunsesi.net\\\/\",\"logo\":{\"@type\":\"ImageObject\",\"inLanguage\":\"tr\",\"@id\":\"https:\\\/\\\/memurunsesi.net\\\/#\\\/schema\\\/logo\\\/image\\\/\",\"url\":\"https:\\\/\\\/memurunsesi.net\\\/wp-content\\\/uploads\\\/2025\\\/11\\\/cropped-MEMURUN-SESI.png\",\"contentUrl\":\"https:\\\/\\\/memurunsesi.net\\\/wp-content\\\/uploads\\\/2025\\\/11\\\/cropped-MEMURUN-SESI.png\",\"width\":238,\"height\":57,\"caption\":\"Memurun Sesi\"},\"image\":{\"@id\":\"https:\\\/\\\/memurunsesi.net\\\/#\\\/schema\\\/logo\\\/image\\\/\"},\"sameAs\":[\"https:\\\/\\\/www.facebook.com\\\/unipersen\\\/?locale=tr_TR\",\"https:\\\/\\\/x.com\\\/unipersen\"]},{\"@type\":\"Person\",\"@id\":\"https:\\\/\\\/memurunsesi.net\\\/#\\\/schema\\\/person\\\/f21c2d73b89f6ee1d80b0a1803e38587\",\"name\":\"Memurun Sesi Haber Merkezi\",\"image\":{\"@type\":\"ImageObject\",\"inLanguage\":\"tr\",\"@id\":\"https:\\\/\\\/secure.gravatar.com\\\/avatar\\\/6cf0505f452ee753f485014986fab09a434671d2b919ee76fc541025c5876a70?s=96&d=mm&r=g\",\"url\":\"https:\\\/\\\/secure.gravatar.com\\\/avatar\\\/6cf0505f452ee753f485014986fab09a434671d2b919ee76fc541025c5876a70?s=96&d=mm&r=g\",\"contentUrl\":\"https:\\\/\\\/secure.gravatar.com\\\/avatar\\\/6cf0505f452ee753f485014986fab09a434671d2b919ee76fc541025c5876a70?s=96&d=mm&r=g\",\"caption\":\"Memurun Sesi Haber Merkezi\"},\"sameAs\":[\"https:\\\/\\\/memurunsesi.net\"],\"url\":\"https:\\\/\\\/memurunsesi.net\\\/index.php\\\/author\\\/uniper\\\/\"}]}<\/script>\n<!-- \/ Yoast SEO plugin. -->","yoast_head_json":{"title":"Ankara'da iki grup aras\u0131nda b\u0131\u00e7akl\u0131 kavga: 3 yaral\u0131 - Memurun Sesi","robots":{"index":"index","follow":"follow","max-snippet":"max-snippet:-1","max-image-preview":"max-image-preview:large","max-video-preview":"max-video-preview:-1"},"canonical":"https:\/\/memurunsesi.net\/index.php\/2025\/08\/11\/ankarada-iki-grup-arasinda-bicakli-kavga-3-yarali\/","og_locale":"tr_TR","og_type":"article","og_title":"Ankara'da iki grup aras\u0131nda b\u0131\u00e7akl\u0131 kavga: 3 yaral\u0131 - Memurun Sesi","og_description":"Ankara&#8217;n\u0131n Sincan il\u00e7esinde iki grup aras\u0131nda b\u0131\u00e7akl\u0131 kavga \u00e7\u0131kt\u0131. Kavgada b\u0131\u00e7aklanan \u00fc\u00e7 ki\u015fi yaraland\u0131. Olay, Sincan Park&#8217;ta meydana geldi. Edinilen bilgilere g\u00f6re, hen\u00fcz belirlenemeyen bir nedenden \u00f6t\u00fcr\u00fc iki grup aras\u0131nda b\u0131\u00e7akl\u0131 kavga \u00e7\u0131kt\u0131. Kavga esnas\u0131nda \u00fc\u00e7 ki\u015fi b\u0131\u00e7aklanarak yaraland\u0131. Kavgay\u0131 g\u00f6ren vatanda\u015flar durumu, sa\u011fl\u0131k ve polis ekiplerine bildirdi. Yaralanan \u015fah\u0131slar olay yerindeki ilk m\u00fcdahalenin ard\u0131ndan, [&hellip;]","og_url":"https:\/\/memurunsesi.net\/index.php\/2025\/08\/11\/ankarada-iki-grup-arasinda-bicakli-kavga-3-yarali\/","og_site_name":"Memurun Sesi","article_publisher":"https:\/\/www.facebook.com\/unipersen\/?locale=tr_TR","article_published_time":"2025-08-11T05:49:06+00:00","og_image":[{"width":2048,"height":1536,"url":"https:\/\/memurunsesi.net\/wp-content\/uploads\/2025\/08\/AW514868_04.jpg","type":"image\/jpeg"}],"author":"Memurun Sesi Haber Merkezi","twitter_card":"summary_large_image","twitter_creator":"@unipersen","twitter_site":"@unipersen","twitter_misc":{"Yazan:":"Memurun Sesi Haber Merkezi","Tahmini okuma s\u00fcresi":"1 dakika"},"schema":{"@context":"https:\/\/schema.org","@graph":[{"@type":"Article","@id":"https:\/\/memurunsesi.net\/index.php\/2025\/08\/11\/ankarada-iki-grup-arasinda-bicakli-kavga-3-yarali\/#article","isPartOf":{"@id":"https:\/\/memurunsesi.net\/index.php\/2025\/08\/11\/ankarada-iki-grup-arasinda-bicakli-kavga-3-yarali\/"},"author":{"name":"Memurun Sesi Haber Merkezi","@id":"https:\/\/memurunsesi.net\/#\/schema\/person\/f21c2d73b89f6ee1d80b0a1803e38587"},"headline":"Ankara&#8217;da iki grup aras\u0131nda b\u0131\u00e7akl\u0131 kavga: 3 yaral\u0131","datePublished":"2025-08-11T05:49:06+00:00","mainEntityOfPage":{"@id":"https:\/\/memurunsesi.net\/index.php\/2025\/08\/11\/ankarada-iki-grup-arasinda-bicakli-kavga-3-yarali\/"},"wordCount":106,"commentCount":0,"publisher":{"@id":"https:\/\/memurunsesi.net\/#organization"},"image":{"@id":"https:\/\/memurunsesi.net\/index.php\/2025\/08\/11\/ankarada-iki-grup-arasinda-bicakli-kavga-3-yarali\/#primaryimage"},"thumbnailUrl":"https:\/\/memurunsesi.net\/wp-content\/uploads\/2025\/08\/AW514868_04.jpg","inLanguage":"tr","potentialAction":[{"@type":"CommentAction","name":"Comment","target":["https:\/\/memurunsesi.net\/index.php\/2025\/08\/11\/ankarada-iki-grup-arasinda-bicakli-kavga-3-yarali\/#respond"]}]},{"@type":"WebPage","@id":"https:\/\/memurunsesi.net\/index.php\/2025\/08\/11\/ankarada-iki-grup-arasinda-bicakli-kavga-3-yarali\/","url":"https:\/\/memurunsesi.net\/index.php\/2025\/08\/11\/ankarada-iki-grup-arasinda-bicakli-kavga-3-yarali\/","name":"Ankara'da iki grup aras\u0131nda b\u0131\u00e7akl\u0131 kavga: 3 yaral\u0131 - Memurun Sesi","isPartOf":{"@id":"https:\/\/memurunsesi.net\/#website"},"primaryImageOfPage":{"@id":"https:\/\/memurunsesi.net\/index.php\/2025\/08\/11\/ankarada-iki-grup-arasinda-bicakli-kavga-3-yarali\/#primaryimage"},"image":{"@id":"https:\/\/memurunsesi.net\/index.php\/2025\/08\/11\/ankarada-iki-grup-arasinda-bicakli-kavga-3-yarali\/#primaryimage"},"thumbnailUrl":"https:\/\/memurunsesi.net\/wp-content\/uploads\/2025\/08\/AW514868_04.jpg","datePublished":"2025-08-11T05:49:06+00:00","breadcrumb":{"@id":"https:\/\/memurunsesi.net\/index.php\/2025\/08\/11\/ankarada-iki-grup-arasinda-bicakli-kavga-3-yarali\/#breadcrumb"},"inLanguage":"tr","potentialAction":[{"@type":"ReadAction","target":["https:\/\/memurunsesi.net\/index.php\/2025\/08\/11\/ankarada-iki-grup-arasinda-bicakli-kavga-3-yarali\/"]}]},{"@type":"ImageObject","inLanguage":"tr","@id":"https:\/\/memurunsesi.net\/index.php\/2025\/08\/11\/ankarada-iki-grup-arasinda-bicakli-kavga-3-yarali\/#primaryimage","url":"https:\/\/memurunsesi.net\/wp-content\/uploads\/2025\/08\/AW514868_04.jpg","contentUrl":"https:\/\/memurunsesi.net\/wp-content\/uploads\/2025\/08\/AW514868_04.jpg","width":2048,"height":1536,"caption":"ANKARA'NIN S\u0130NCAN \u0130L\u00c7ES\u0130NDE \u0130K\u0130 GRUP ARASINDA BI\u00c7AKLI KAVGA \u00c7IKTI. KAVGADA BI\u00c7AKLANAN \u0130K\u0130 K\u0130\u015e\u0130 YARALANDI. (G\u00d6K\u015eEN EFE\/ANKARA-\u0130HA) Ankara'n\u0131n Sincan il\u00e7esinde iki grup aras\u0131nda b\u0131\u00e7akl\u0131 kavga \u00e7\u0131kt\u0131. Kavgada b\u0131\u00e7aklanan iki ki\u015fi yaraland\u0131."},{"@type":"BreadcrumbList","@id":"https:\/\/memurunsesi.net\/index.php\/2025\/08\/11\/ankarada-iki-grup-arasinda-bicakli-kavga-3-yarali\/#breadcrumb","itemListElement":[{"@type":"ListItem","position":1,"name":"Anasayfa","item":"https:\/\/memurunsesi.net\/"},{"@type":"ListItem","position":2,"name":"Ankara&#8217;da iki grup aras\u0131nda b\u0131\u00e7akl\u0131 kavga: 3 yaral\u0131"}]},{"@type":"WebSite","@id":"https:\/\/memurunsesi.net\/#website","url":"https:\/\/memurunsesi.net\/","name":"Memurun Sesi","description":"G\u00fcncel ve Do\u011fru Haber","publisher":{"@id":"https:\/\/memurunsesi.net\/#organization"},"potentialAction":[{"@type":"SearchAction","target":{"@type":"EntryPoint","urlTemplate":"https:\/\/memurunsesi.net\/?s={search_term_string}"},"query-input":{"@type":"PropertyValueSpecification","valueRequired":true,"valueName":"search_term_string"}}],"inLanguage":"tr"},{"@type":"Organization","@id":"https:\/\/memurunsesi.net\/#organization","name":"Memurun Sesi","url":"https:\/\/memurunsesi.net\/","logo":{"@type":"ImageObject","inLanguage":"tr","@id":"https:\/\/memurunsesi.net\/#\/schema\/logo\/image\/","url":"https:\/\/memurunsesi.net\/wp-content\/uploads\/2025\/11\/cropped-MEMURUN-SESI.png","contentUrl":"https:\/\/memurunsesi.net\/wp-content\/uploads\/2025\/11\/cropped-MEMURUN-SESI.png","width":238,"height":57,"caption":"Memurun Sesi"},"image":{"@id":"https:\/\/memurunsesi.net\/#\/schema\/logo\/image\/"},"sameAs":["https:\/\/www.facebook.com\/unipersen\/?locale=tr_TR","https:\/\/x.com\/unipersen"]},{"@type":"Person","@id":"https:\/\/memurunsesi.net\/#\/schema\/person\/f21c2d73b89f6ee1d80b0a1803e38587","name":"Memurun Sesi Haber Merkezi","image":{"@type":"ImageObject","inLanguage":"tr","@id":"https:\/\/secure.gravatar.com\/avatar\/6cf0505f452ee753f485014986fab09a434671d2b919ee76fc541025c5876a70?s=96&d=mm&r=g","url":"https:\/\/secure.gravatar.com\/avatar\/6cf0505f452ee753f485014986fab09a434671d2b919ee76fc541025c5876a70?s=96&d=mm&r=g","contentUrl":"https:\/\/secure.gravatar.com\/avatar\/6cf0505f452ee753f485014986fab09a434671d2b919ee76fc541025c5876a70?s=96&d=mm&r=g","caption":"Memurun Sesi Haber Merkezi"},"sameAs":["https:\/\/memurunsesi.net"],"url":"https:\/\/memurunsesi.net\/index.php\/author\/uniper\/"}]}},"_links":{"self":[{"href":"https:\/\/memurunsesi.net\/index.php\/wp-json\/wp\/v2\/posts\/10289","targetHints":{"allow":["GET"]}}],"collection":[{"href":"https:\/\/memurunsesi.net\/index.php\/wp-json\/wp\/v2\/posts"}],"about":[{"href":"https:\/\/memurunsesi.net\/index.php\/wp-json\/wp\/v2\/types\/post"}],"author":[{"embeddable":true,"href":"https:\/\/memurunsesi.net\/index.php\/wp-json\/wp\/v2\/users\/1"}],"replies":[{"embeddable":true,"href":"https:\/\/memurunsesi.net\/index.php\/wp-json\/wp\/v2\/comments?post=10289"}],"version-history":[{"count":1,"href":"https:\/\/memurunsesi.net\/index.php\/wp-json\/wp\/v2\/posts\/10289\/revisions"}],"predecessor-version":[{"id":10291,"href":"https:\/\/memurunsesi.net\/index.php\/wp-json\/wp\/v2\/posts\/10289\/revisions\/10291"}],"wp:featuredmedia":[{"embeddable":true,"href":"https:\/\/memurunsesi.net\/index.php\/wp-json\/wp\/v2\/media\/10290"}],"wp:attachment":[{"href":"https:\/\/memurunsesi.net\/index.php\/wp-json\/wp\/v2\/media?parent=10289"}],"wp:term":[{"taxonomy":"category","embeddable":true,"href":"https:\/\/memurunsesi.net\/index.php\/wp-json\/wp\/v2\/categories?post=10289"},{"taxonomy":"post_tag","embeddable":true,"href":"https:\/\/memurunsesi.net\/index.php\/wp-json\/wp\/v2\/tags?post=10289"}],"curies":[{"name":"wp","href":"https:\/\/api.w.org\/{rel}","templated":true}]}}