{"id":10565,"date":"2025-08-17T19:38:32","date_gmt":"2025-08-17T16:38:32","guid":{"rendered":"https:\/\/memurunsesi.net\/?p=10565"},"modified":"2025-08-17T19:40:50","modified_gmt":"2025-08-17T16:40:50","slug":"viraji-alamayan-kamyonet-takla-atti-2-yarali","status":"publish","type":"post","link":"https:\/\/memurunsesi.net\/index.php\/2025\/08\/17\/viraji-alamayan-kamyonet-takla-atti-2-yarali\/","title":{"rendered":"Viraj\u0131 alamayan kamyonet takla att\u0131: 2 yaral\u0131"},"content":{"rendered":"<p>   Aksaray&#8217;da viraj\u0131 alamayan kamyonet, kontrolden \u00e7\u0131karak takla att\u0131. Kazada s\u00fcr\u00fcc\u00fc ve o\u011flu yaraland\u0131.<br \/>\nKaza, G\u00fcla\u011fa\u00e7 il\u00e7esi yolu Kire\u00e7lik mevkiinde ya\u015fand\u0131. Edinilen bilgiye g\u00f6re, Aksaray istikametine seyreden Ekrem A. (40) idaresindeki 68 AFB 599 plakal\u0131 kamyonet, s\u00fcr\u00fcc\u00fcn\u00fcn viraja h\u0131zl\u0131 girmesi sonucu kontrolden \u00e7\u0131kt\u0131. \u015earampole takla atan kamyonet hurdaya d\u00f6nerken, kazay\u0131 g\u00f6ren di\u011fer s\u00fcr\u00fcc\u00fcler durumu 112 Acil \u00c7a\u011fr\u0131 Merkezine bildirdi. \u0130hbar \u00fczerine olay yerine polis ve sa\u011fl\u0131k ekipleri sevk edildi. Sa\u011fl\u0131k ekiplerinin ilk m\u00fcdahalesinin ard\u0131ndan yaral\u0131 baba ve o\u011flu, Aksaray E\u011fitim ve Ara\u015ft\u0131rma Hastanesine kald\u0131r\u0131ld\u0131. Tedavi alt\u0131na al\u0131nan yaral\u0131lar\u0131n sa\u011fl\u0131k durumlar\u0131n\u0131n iyi oldu\u011fu \u00f6\u011frenilirken, polis kazayla ilgili inceleme ba\u015flatt\u0131. <\/p>\n<p>17.08.2025                                 <\/p>\n","protected":false},"excerpt":{"rendered":"<p>Aksaray&#8217;da viraj\u0131 alamayan kamyonet, kontrolden \u00e7\u0131karak takla att\u0131. Kazada s\u00fcr\u00fcc\u00fc ve o\u011flu yaraland\u0131. Kaza, G\u00fcla\u011fa\u00e7 il\u00e7esi yolu Kire\u00e7lik mevkiinde ya\u015fand\u0131. Edinilen bilgiye g\u00f6re, Aksaray istikametine seyreden Ekrem A. (40) idaresindeki 68 AFB 599 plakal\u0131 kamyonet, s\u00fcr\u00fcc\u00fcn\u00fcn viraja h\u0131zl\u0131 girmesi sonucu kontrolden \u00e7\u0131kt\u0131. \u015earampole takla atan kamyonet hurdaya d\u00f6nerken, kazay\u0131 g\u00f6ren di\u011fer s\u00fcr\u00fcc\u00fcler durumu 112 Acil [&hellip;]<\/p>\n","protected":false},"author":1,"featured_media":10570,"comment_status":"open","ping_status":"open","sticky":false,"template":"","format":"standard","meta":{"footnotes":""},"categories":[50],"tags":[],"class_list":["post-10565","post","type-post","status-publish","format-standard","has-post-thumbnail","hentry","category-tum-haberler"],"yoast_head":"<!-- This site is optimized with the Yoast SEO plugin v27.4 - https:\/\/yoast.com\/product\/yoast-seo-wordpress\/ -->\n<title>Viraj\u0131 alamayan kamyonet takla att\u0131: 2 yaral\u0131 - Memurun Sesi<\/title>\n<meta name=\"robots\" content=\"index, follow, max-snippet:-1, max-image-preview:large, max-video-preview:-1\" \/>\n<link rel=\"canonical\" href=\"https:\/\/memurunsesi.net\/index.php\/2025\/08\/17\/viraji-alamayan-kamyonet-takla-atti-2-yarali\/\" \/>\n<meta property=\"og:locale\" content=\"tr_TR\" \/>\n<meta property=\"og:type\" content=\"article\" \/>\n<meta property=\"og:title\" content=\"Viraj\u0131 alamayan kamyonet takla att\u0131: 2 yaral\u0131 - Memurun Sesi\" \/>\n<meta property=\"og:description\" content=\"Aksaray&#8217;da viraj\u0131 alamayan kamyonet, kontrolden \u00e7\u0131karak takla att\u0131. Kazada s\u00fcr\u00fcc\u00fc ve o\u011flu yaraland\u0131. Kaza, G\u00fcla\u011fa\u00e7 il\u00e7esi yolu Kire\u00e7lik mevkiinde ya\u015fand\u0131. Edinilen bilgiye g\u00f6re, Aksaray istikametine seyreden Ekrem A. (40) idaresindeki 68 AFB 599 plakal\u0131 kamyonet, s\u00fcr\u00fcc\u00fcn\u00fcn viraja h\u0131zl\u0131 girmesi sonucu kontrolden \u00e7\u0131kt\u0131. \u015earampole takla atan kamyonet hurdaya d\u00f6nerken, kazay\u0131 g\u00f6ren di\u011fer s\u00fcr\u00fcc\u00fcler durumu 112 Acil [&hellip;]\" \/>\n<meta property=\"og:url\" content=\"https:\/\/memurunsesi.net\/index.php\/2025\/08\/17\/viraji-alamayan-kamyonet-takla-atti-2-yarali\/\" \/>\n<meta property=\"og:site_name\" content=\"Memurun Sesi\" \/>\n<meta property=\"article:publisher\" content=\"https:\/\/www.facebook.com\/unipersen\/?locale=tr_TR\" \/>\n<meta property=\"article:published_time\" content=\"2025-08-17T16:38:32+00:00\" \/>\n<meta property=\"article:modified_time\" content=\"2025-08-17T16:40:50+00:00\" \/>\n<meta property=\"og:image\" content=\"https:\/\/memurunsesi.net\/wp-content\/uploads\/2025\/08\/AW519463_01.jpg\" \/>\n\t<meta property=\"og:image:width\" content=\"1849\" \/>\n\t<meta property=\"og:image:height\" content=\"1160\" \/>\n\t<meta property=\"og:image:type\" content=\"image\/jpeg\" \/>\n<meta name=\"author\" content=\"Memurun Sesi Haber Merkezi\" \/>\n<meta name=\"twitter:card\" content=\"summary_large_image\" \/>\n<meta name=\"twitter:creator\" content=\"@unipersen\" \/>\n<meta name=\"twitter:site\" content=\"@unipersen\" \/>\n<meta name=\"twitter:label1\" content=\"Yazan:\" \/>\n\t<meta name=\"twitter:data1\" content=\"Memurun Sesi Haber Merkezi\" \/>\n\t<meta name=\"twitter:label2\" content=\"Tahmini okuma s\u00fcresi\" \/>\n\t<meta name=\"twitter:data2\" content=\"1 dakika\" \/>\n<script type=\"application\/ld+json\" class=\"yoast-schema-graph\">{\"@context\":\"https:\\\/\\\/schema.org\",\"@graph\":[{\"@type\":\"Article\",\"@id\":\"https:\\\/\\\/memurunsesi.net\\\/index.php\\\/2025\\\/08\\\/17\\\/viraji-alamayan-kamyonet-takla-atti-2-yarali\\\/#article\",\"isPartOf\":{\"@id\":\"https:\\\/\\\/memurunsesi.net\\\/index.php\\\/2025\\\/08\\\/17\\\/viraji-alamayan-kamyonet-takla-atti-2-yarali\\\/\"},\"author\":{\"name\":\"Memurun Sesi Haber Merkezi\",\"@id\":\"https:\\\/\\\/memurunsesi.net\\\/#\\\/schema\\\/person\\\/f21c2d73b89f6ee1d80b0a1803e38587\"},\"headline\":\"Viraj\u0131 alamayan kamyonet takla att\u0131: 2 yaral\u0131\",\"datePublished\":\"2025-08-17T16:38:32+00:00\",\"dateModified\":\"2025-08-17T16:40:50+00:00\",\"mainEntityOfPage\":{\"@id\":\"https:\\\/\\\/memurunsesi.net\\\/index.php\\\/2025\\\/08\\\/17\\\/viraji-alamayan-kamyonet-takla-atti-2-yarali\\\/\"},\"wordCount\":143,\"commentCount\":0,\"publisher\":{\"@id\":\"https:\\\/\\\/memurunsesi.net\\\/#organization\"},\"image\":{\"@id\":\"https:\\\/\\\/memurunsesi.net\\\/index.php\\\/2025\\\/08\\\/17\\\/viraji-alamayan-kamyonet-takla-atti-2-yarali\\\/#primaryimage\"},\"thumbnailUrl\":\"https:\\\/\\\/memurunsesi.net\\\/wp-content\\\/uploads\\\/2025\\\/08\\\/AW519463_01.jpg\",\"articleSection\":[\"T\u00fcm Haberler\"],\"inLanguage\":\"tr\",\"potentialAction\":[{\"@type\":\"CommentAction\",\"name\":\"Comment\",\"target\":[\"https:\\\/\\\/memurunsesi.net\\\/index.php\\\/2025\\\/08\\\/17\\\/viraji-alamayan-kamyonet-takla-atti-2-yarali\\\/#respond\"]}]},{\"@type\":\"WebPage\",\"@id\":\"https:\\\/\\\/memurunsesi.net\\\/index.php\\\/2025\\\/08\\\/17\\\/viraji-alamayan-kamyonet-takla-atti-2-yarali\\\/\",\"url\":\"https:\\\/\\\/memurunsesi.net\\\/index.php\\\/2025\\\/08\\\/17\\\/viraji-alamayan-kamyonet-takla-atti-2-yarali\\\/\",\"name\":\"Viraj\u0131 alamayan kamyonet takla att\u0131: 2 yaral\u0131 - Memurun Sesi\",\"isPartOf\":{\"@id\":\"https:\\\/\\\/memurunsesi.net\\\/#website\"},\"primaryImageOfPage\":{\"@id\":\"https:\\\/\\\/memurunsesi.net\\\/index.php\\\/2025\\\/08\\\/17\\\/viraji-alamayan-kamyonet-takla-atti-2-yarali\\\/#primaryimage\"},\"image\":{\"@id\":\"https:\\\/\\\/memurunsesi.net\\\/index.php\\\/2025\\\/08\\\/17\\\/viraji-alamayan-kamyonet-takla-atti-2-yarali\\\/#primaryimage\"},\"thumbnailUrl\":\"https:\\\/\\\/memurunsesi.net\\\/wp-content\\\/uploads\\\/2025\\\/08\\\/AW519463_01.jpg\",\"datePublished\":\"2025-08-17T16:38:32+00:00\",\"dateModified\":\"2025-08-17T16:40:50+00:00\",\"breadcrumb\":{\"@id\":\"https:\\\/\\\/memurunsesi.net\\\/index.php\\\/2025\\\/08\\\/17\\\/viraji-alamayan-kamyonet-takla-atti-2-yarali\\\/#breadcrumb\"},\"inLanguage\":\"tr\",\"potentialAction\":[{\"@type\":\"ReadAction\",\"target\":[\"https:\\\/\\\/memurunsesi.net\\\/index.php\\\/2025\\\/08\\\/17\\\/viraji-alamayan-kamyonet-takla-atti-2-yarali\\\/\"]}]},{\"@type\":\"ImageObject\",\"inLanguage\":\"tr\",\"@id\":\"https:\\\/\\\/memurunsesi.net\\\/index.php\\\/2025\\\/08\\\/17\\\/viraji-alamayan-kamyonet-takla-atti-2-yarali\\\/#primaryimage\",\"url\":\"https:\\\/\\\/memurunsesi.net\\\/wp-content\\\/uploads\\\/2025\\\/08\\\/AW519463_01.jpg\",\"contentUrl\":\"https:\\\/\\\/memurunsesi.net\\\/wp-content\\\/uploads\\\/2025\\\/08\\\/AW519463_01.jpg\",\"width\":1849,\"height\":1160,\"caption\":\"AKSARAY'DA V\u0130RAJI ALAMAYAN KAMYONET KONTROLDEN \u00c7IKARAK \u015eARAMPOLE TAKLA ATTI. KAZADA ARA\u00c7 S\u00dcR\u00dcC\u00dcS\u00dc VE O\u011eLU OLMAK \u00dcZERE 2 K\u0130\u015e\u0130 YARALANDI. (FURKAN KARATAY - YAS\u0130N CAN\\\/AKSARAY-\u0130HA) Aksaray'da viraj\u0131 alamayan kamyonet, kontrolden \u00e7\u0131karak takla att\u0131. Kazada s\u00fcr\u00fcc\u00fc ve o\u011flu yaraland\u0131.\"},{\"@type\":\"BreadcrumbList\",\"@id\":\"https:\\\/\\\/memurunsesi.net\\\/index.php\\\/2025\\\/08\\\/17\\\/viraji-alamayan-kamyonet-takla-atti-2-yarali\\\/#breadcrumb\",\"itemListElement\":[{\"@type\":\"ListItem\",\"position\":1,\"name\":\"Anasayfa\",\"item\":\"https:\\\/\\\/memurunsesi.net\\\/\"},{\"@type\":\"ListItem\",\"position\":2,\"name\":\"Viraj\u0131 alamayan kamyonet takla att\u0131: 2 yaral\u0131\"}]},{\"@type\":\"WebSite\",\"@id\":\"https:\\\/\\\/memurunsesi.net\\\/#website\",\"url\":\"https:\\\/\\\/memurunsesi.net\\\/\",\"name\":\"Memurun Sesi\",\"description\":\"G\u00fcncel ve Do\u011fru Haber\",\"publisher\":{\"@id\":\"https:\\\/\\\/memurunsesi.net\\\/#organization\"},\"potentialAction\":[{\"@type\":\"SearchAction\",\"target\":{\"@type\":\"EntryPoint\",\"urlTemplate\":\"https:\\\/\\\/memurunsesi.net\\\/?s={search_term_string}\"},\"query-input\":{\"@type\":\"PropertyValueSpecification\",\"valueRequired\":true,\"valueName\":\"search_term_string\"}}],\"inLanguage\":\"tr\"},{\"@type\":\"Organization\",\"@id\":\"https:\\\/\\\/memurunsesi.net\\\/#organization\",\"name\":\"Memurun Sesi\",\"url\":\"https:\\\/\\\/memurunsesi.net\\\/\",\"logo\":{\"@type\":\"ImageObject\",\"inLanguage\":\"tr\",\"@id\":\"https:\\\/\\\/memurunsesi.net\\\/#\\\/schema\\\/logo\\\/image\\\/\",\"url\":\"https:\\\/\\\/memurunsesi.net\\\/wp-content\\\/uploads\\\/2025\\\/11\\\/cropped-MEMURUN-SESI.png\",\"contentUrl\":\"https:\\\/\\\/memurunsesi.net\\\/wp-content\\\/uploads\\\/2025\\\/11\\\/cropped-MEMURUN-SESI.png\",\"width\":238,\"height\":57,\"caption\":\"Memurun Sesi\"},\"image\":{\"@id\":\"https:\\\/\\\/memurunsesi.net\\\/#\\\/schema\\\/logo\\\/image\\\/\"},\"sameAs\":[\"https:\\\/\\\/www.facebook.com\\\/unipersen\\\/?locale=tr_TR\",\"https:\\\/\\\/x.com\\\/unipersen\"]},{\"@type\":\"Person\",\"@id\":\"https:\\\/\\\/memurunsesi.net\\\/#\\\/schema\\\/person\\\/f21c2d73b89f6ee1d80b0a1803e38587\",\"name\":\"Memurun Sesi Haber Merkezi\",\"image\":{\"@type\":\"ImageObject\",\"inLanguage\":\"tr\",\"@id\":\"https:\\\/\\\/secure.gravatar.com\\\/avatar\\\/6cf0505f452ee753f485014986fab09a434671d2b919ee76fc541025c5876a70?s=96&d=mm&r=g\",\"url\":\"https:\\\/\\\/secure.gravatar.com\\\/avatar\\\/6cf0505f452ee753f485014986fab09a434671d2b919ee76fc541025c5876a70?s=96&d=mm&r=g\",\"contentUrl\":\"https:\\\/\\\/secure.gravatar.com\\\/avatar\\\/6cf0505f452ee753f485014986fab09a434671d2b919ee76fc541025c5876a70?s=96&d=mm&r=g\",\"caption\":\"Memurun Sesi Haber Merkezi\"},\"sameAs\":[\"https:\\\/\\\/memurunsesi.net\"],\"url\":\"https:\\\/\\\/memurunsesi.net\\\/index.php\\\/author\\\/uniper\\\/\"}]}<\/script>\n<!-- \/ Yoast SEO plugin. -->","yoast_head_json":{"title":"Viraj\u0131 alamayan kamyonet takla att\u0131: 2 yaral\u0131 - Memurun Sesi","robots":{"index":"index","follow":"follow","max-snippet":"max-snippet:-1","max-image-preview":"max-image-preview:large","max-video-preview":"max-video-preview:-1"},"canonical":"https:\/\/memurunsesi.net\/index.php\/2025\/08\/17\/viraji-alamayan-kamyonet-takla-atti-2-yarali\/","og_locale":"tr_TR","og_type":"article","og_title":"Viraj\u0131 alamayan kamyonet takla att\u0131: 2 yaral\u0131 - Memurun Sesi","og_description":"Aksaray&#8217;da viraj\u0131 alamayan kamyonet, kontrolden \u00e7\u0131karak takla att\u0131. Kazada s\u00fcr\u00fcc\u00fc ve o\u011flu yaraland\u0131. Kaza, G\u00fcla\u011fa\u00e7 il\u00e7esi yolu Kire\u00e7lik mevkiinde ya\u015fand\u0131. Edinilen bilgiye g\u00f6re, Aksaray istikametine seyreden Ekrem A. (40) idaresindeki 68 AFB 599 plakal\u0131 kamyonet, s\u00fcr\u00fcc\u00fcn\u00fcn viraja h\u0131zl\u0131 girmesi sonucu kontrolden \u00e7\u0131kt\u0131. \u015earampole takla atan kamyonet hurdaya d\u00f6nerken, kazay\u0131 g\u00f6ren di\u011fer s\u00fcr\u00fcc\u00fcler durumu 112 Acil [&hellip;]","og_url":"https:\/\/memurunsesi.net\/index.php\/2025\/08\/17\/viraji-alamayan-kamyonet-takla-atti-2-yarali\/","og_site_name":"Memurun Sesi","article_publisher":"https:\/\/www.facebook.com\/unipersen\/?locale=tr_TR","article_published_time":"2025-08-17T16:38:32+00:00","article_modified_time":"2025-08-17T16:40:50+00:00","og_image":[{"width":1849,"height":1160,"url":"https:\/\/memurunsesi.net\/wp-content\/uploads\/2025\/08\/AW519463_01.jpg","type":"image\/jpeg"}],"author":"Memurun Sesi Haber Merkezi","twitter_card":"summary_large_image","twitter_creator":"@unipersen","twitter_site":"@unipersen","twitter_misc":{"Yazan:":"Memurun Sesi Haber Merkezi","Tahmini okuma s\u00fcresi":"1 dakika"},"schema":{"@context":"https:\/\/schema.org","@graph":[{"@type":"Article","@id":"https:\/\/memurunsesi.net\/index.php\/2025\/08\/17\/viraji-alamayan-kamyonet-takla-atti-2-yarali\/#article","isPartOf":{"@id":"https:\/\/memurunsesi.net\/index.php\/2025\/08\/17\/viraji-alamayan-kamyonet-takla-atti-2-yarali\/"},"author":{"name":"Memurun Sesi Haber Merkezi","@id":"https:\/\/memurunsesi.net\/#\/schema\/person\/f21c2d73b89f6ee1d80b0a1803e38587"},"headline":"Viraj\u0131 alamayan kamyonet takla att\u0131: 2 yaral\u0131","datePublished":"2025-08-17T16:38:32+00:00","dateModified":"2025-08-17T16:40:50+00:00","mainEntityOfPage":{"@id":"https:\/\/memurunsesi.net\/index.php\/2025\/08\/17\/viraji-alamayan-kamyonet-takla-atti-2-yarali\/"},"wordCount":143,"commentCount":0,"publisher":{"@id":"https:\/\/memurunsesi.net\/#organization"},"image":{"@id":"https:\/\/memurunsesi.net\/index.php\/2025\/08\/17\/viraji-alamayan-kamyonet-takla-atti-2-yarali\/#primaryimage"},"thumbnailUrl":"https:\/\/memurunsesi.net\/wp-content\/uploads\/2025\/08\/AW519463_01.jpg","articleSection":["T\u00fcm Haberler"],"inLanguage":"tr","potentialAction":[{"@type":"CommentAction","name":"Comment","target":["https:\/\/memurunsesi.net\/index.php\/2025\/08\/17\/viraji-alamayan-kamyonet-takla-atti-2-yarali\/#respond"]}]},{"@type":"WebPage","@id":"https:\/\/memurunsesi.net\/index.php\/2025\/08\/17\/viraji-alamayan-kamyonet-takla-atti-2-yarali\/","url":"https:\/\/memurunsesi.net\/index.php\/2025\/08\/17\/viraji-alamayan-kamyonet-takla-atti-2-yarali\/","name":"Viraj\u0131 alamayan kamyonet takla att\u0131: 2 yaral\u0131 - Memurun Sesi","isPartOf":{"@id":"https:\/\/memurunsesi.net\/#website"},"primaryImageOfPage":{"@id":"https:\/\/memurunsesi.net\/index.php\/2025\/08\/17\/viraji-alamayan-kamyonet-takla-atti-2-yarali\/#primaryimage"},"image":{"@id":"https:\/\/memurunsesi.net\/index.php\/2025\/08\/17\/viraji-alamayan-kamyonet-takla-atti-2-yarali\/#primaryimage"},"thumbnailUrl":"https:\/\/memurunsesi.net\/wp-content\/uploads\/2025\/08\/AW519463_01.jpg","datePublished":"2025-08-17T16:38:32+00:00","dateModified":"2025-08-17T16:40:50+00:00","breadcrumb":{"@id":"https:\/\/memurunsesi.net\/index.php\/2025\/08\/17\/viraji-alamayan-kamyonet-takla-atti-2-yarali\/#breadcrumb"},"inLanguage":"tr","potentialAction":[{"@type":"ReadAction","target":["https:\/\/memurunsesi.net\/index.php\/2025\/08\/17\/viraji-alamayan-kamyonet-takla-atti-2-yarali\/"]}]},{"@type":"ImageObject","inLanguage":"tr","@id":"https:\/\/memurunsesi.net\/index.php\/2025\/08\/17\/viraji-alamayan-kamyonet-takla-atti-2-yarali\/#primaryimage","url":"https:\/\/memurunsesi.net\/wp-content\/uploads\/2025\/08\/AW519463_01.jpg","contentUrl":"https:\/\/memurunsesi.net\/wp-content\/uploads\/2025\/08\/AW519463_01.jpg","width":1849,"height":1160,"caption":"AKSARAY'DA V\u0130RAJI ALAMAYAN KAMYONET KONTROLDEN \u00c7IKARAK \u015eARAMPOLE TAKLA ATTI. KAZADA ARA\u00c7 S\u00dcR\u00dcC\u00dcS\u00dc VE O\u011eLU OLMAK \u00dcZERE 2 K\u0130\u015e\u0130 YARALANDI. (FURKAN KARATAY - YAS\u0130N CAN\/AKSARAY-\u0130HA) Aksaray'da viraj\u0131 alamayan kamyonet, kontrolden \u00e7\u0131karak takla att\u0131. Kazada s\u00fcr\u00fcc\u00fc ve o\u011flu yaraland\u0131."},{"@type":"BreadcrumbList","@id":"https:\/\/memurunsesi.net\/index.php\/2025\/08\/17\/viraji-alamayan-kamyonet-takla-atti-2-yarali\/#breadcrumb","itemListElement":[{"@type":"ListItem","position":1,"name":"Anasayfa","item":"https:\/\/memurunsesi.net\/"},{"@type":"ListItem","position":2,"name":"Viraj\u0131 alamayan kamyonet takla att\u0131: 2 yaral\u0131"}]},{"@type":"WebSite","@id":"https:\/\/memurunsesi.net\/#website","url":"https:\/\/memurunsesi.net\/","name":"Memurun Sesi","description":"G\u00fcncel ve Do\u011fru Haber","publisher":{"@id":"https:\/\/memurunsesi.net\/#organization"},"potentialAction":[{"@type":"SearchAction","target":{"@type":"EntryPoint","urlTemplate":"https:\/\/memurunsesi.net\/?s={search_term_string}"},"query-input":{"@type":"PropertyValueSpecification","valueRequired":true,"valueName":"search_term_string"}}],"inLanguage":"tr"},{"@type":"Organization","@id":"https:\/\/memurunsesi.net\/#organization","name":"Memurun Sesi","url":"https:\/\/memurunsesi.net\/","logo":{"@type":"ImageObject","inLanguage":"tr","@id":"https:\/\/memurunsesi.net\/#\/schema\/logo\/image\/","url":"https:\/\/memurunsesi.net\/wp-content\/uploads\/2025\/11\/cropped-MEMURUN-SESI.png","contentUrl":"https:\/\/memurunsesi.net\/wp-content\/uploads\/2025\/11\/cropped-MEMURUN-SESI.png","width":238,"height":57,"caption":"Memurun Sesi"},"image":{"@id":"https:\/\/memurunsesi.net\/#\/schema\/logo\/image\/"},"sameAs":["https:\/\/www.facebook.com\/unipersen\/?locale=tr_TR","https:\/\/x.com\/unipersen"]},{"@type":"Person","@id":"https:\/\/memurunsesi.net\/#\/schema\/person\/f21c2d73b89f6ee1d80b0a1803e38587","name":"Memurun Sesi Haber Merkezi","image":{"@type":"ImageObject","inLanguage":"tr","@id":"https:\/\/secure.gravatar.com\/avatar\/6cf0505f452ee753f485014986fab09a434671d2b919ee76fc541025c5876a70?s=96&d=mm&r=g","url":"https:\/\/secure.gravatar.com\/avatar\/6cf0505f452ee753f485014986fab09a434671d2b919ee76fc541025c5876a70?s=96&d=mm&r=g","contentUrl":"https:\/\/secure.gravatar.com\/avatar\/6cf0505f452ee753f485014986fab09a434671d2b919ee76fc541025c5876a70?s=96&d=mm&r=g","caption":"Memurun Sesi Haber Merkezi"},"sameAs":["https:\/\/memurunsesi.net"],"url":"https:\/\/memurunsesi.net\/index.php\/author\/uniper\/"}]}},"_links":{"self":[{"href":"https:\/\/memurunsesi.net\/index.php\/wp-json\/wp\/v2\/posts\/10565","targetHints":{"allow":["GET"]}}],"collection":[{"href":"https:\/\/memurunsesi.net\/index.php\/wp-json\/wp\/v2\/posts"}],"about":[{"href":"https:\/\/memurunsesi.net\/index.php\/wp-json\/wp\/v2\/types\/post"}],"author":[{"embeddable":true,"href":"https:\/\/memurunsesi.net\/index.php\/wp-json\/wp\/v2\/users\/1"}],"replies":[{"embeddable":true,"href":"https:\/\/memurunsesi.net\/index.php\/wp-json\/wp\/v2\/comments?post=10565"}],"version-history":[{"count":1,"href":"https:\/\/memurunsesi.net\/index.php\/wp-json\/wp\/v2\/posts\/10565\/revisions"}],"predecessor-version":[{"id":10566,"href":"https:\/\/memurunsesi.net\/index.php\/wp-json\/wp\/v2\/posts\/10565\/revisions\/10566"}],"wp:featuredmedia":[{"embeddable":true,"href":"https:\/\/memurunsesi.net\/index.php\/wp-json\/wp\/v2\/media\/10570"}],"wp:attachment":[{"href":"https:\/\/memurunsesi.net\/index.php\/wp-json\/wp\/v2\/media?parent=10565"}],"wp:term":[{"taxonomy":"category","embeddable":true,"href":"https:\/\/memurunsesi.net\/index.php\/wp-json\/wp\/v2\/categories?post=10565"},{"taxonomy":"post_tag","embeddable":true,"href":"https:\/\/memurunsesi.net\/index.php\/wp-json\/wp\/v2\/tags?post=10565"}],"curies":[{"name":"wp","href":"https:\/\/api.w.org\/{rel}","templated":true}]}}