{"id":10757,"date":"2025-08-21T10:37:43","date_gmt":"2025-08-21T07:37:43","guid":{"rendered":"https:\/\/memurunsesi.net\/?p=10757"},"modified":"2025-08-21T10:37:43","modified_gmt":"2025-08-21T07:37:43","slug":"karamanda-otomobilin-beton-mikserine-carptigi-kaza-kamerada-1-yarali","status":"publish","type":"post","link":"https:\/\/memurunsesi.net\/index.php\/2025\/08\/21\/karamanda-otomobilin-beton-mikserine-carptigi-kaza-kamerada-1-yarali\/","title":{"rendered":"Karaman&#8217;da otomobilin beton mikserine \u00e7arpt\u0131\u011f\u0131 kaza kamerada: 1 yaral\u0131"},"content":{"rendered":"<p>   Karaman\u2019da otomobilin beton mikserine arkadan \u00e7arpt\u0131\u011f\u0131 kazada 1 ki\u015fi yaralan\u0131rken, kaza an\u0131 bir i\u015f yerinin g\u00fcvenlik kameras\u0131na yans\u0131d\u0131.<br \/>\nKaza, Hamidiye Mahallesi Ahi Evran Bulvar\u0131 \u00fczerinde meydana geldi. Edinilen bilgiye g\u00f6re, T.\u00c7. idaresindeki 70 ACL 359 plakal\u0131 otomobil, sa\u011fa d\u00f6n\u00fc\u015f yapmak i\u00e7in sinyal veren R.\u015e. y\u00f6netimindeki 70 BK 074 plakal\u0131 beton mikserine arkadan \u00e7arpt\u0131. Beton mikserinin arkas\u0131ndaki demire \u00e7arpan otomobil bir s\u00fcre sonra geri manevra yaparak kald\u0131r\u0131ma \u00e7\u0131kt\u0131. O anlar ise bir i\u015f yerinin g\u00fcvenlik kameras\u0131na anbean yans\u0131d\u0131. Kazada otomobilde bulunan N.T.(2) isimli \u00e7ocuk hafif \u015fekilde yaraland\u0131. \u0130hbar \u00fczerine kaza yerine sa\u011fl\u0131k ve polis ekipleri sevk edildi. Yaral\u0131 \u00e7ocuk tedbir ama\u00e7l\u0131 ambulansla Karaman E\u011fitim ve Ara\u015ft\u0131rma Hastanesi\u2019ne kald\u0131r\u0131larak tedavi alt\u0131na al\u0131nd\u0131.<br \/>\n  Kazayla ilgili tahkikat ba\u015flat\u0131ld\u0131. <\/p>\n<p>21.08.2025                             <\/p>\n","protected":false},"excerpt":{"rendered":"<p>Karaman\u2019da otomobilin beton mikserine arkadan \u00e7arpt\u0131\u011f\u0131 kazada 1 ki\u015fi yaralan\u0131rken, kaza an\u0131 bir i\u015f yerinin g\u00fcvenlik kameras\u0131na yans\u0131d\u0131. Kaza, Hamidiye Mahallesi Ahi Evran Bulvar\u0131 \u00fczerinde meydana geldi. Edinilen bilgiye g\u00f6re, T.\u00c7. idaresindeki 70 ACL 359 plakal\u0131 otomobil, sa\u011fa d\u00f6n\u00fc\u015f yapmak i\u00e7in sinyal veren R.\u015e. y\u00f6netimindeki 70 BK 074 plakal\u0131 beton mikserine arkadan \u00e7arpt\u0131. Beton mikserinin [&hellip;]<\/p>\n","protected":false},"author":1,"featured_media":10758,"comment_status":"open","ping_status":"open","sticky":false,"template":"","format":"standard","meta":{"footnotes":""},"categories":[1],"tags":[],"class_list":["post-10757","post","type-post","status-publish","format-standard","has-post-thumbnail","hentry","category-genel"],"yoast_head":"<!-- This site is optimized with the Yoast SEO plugin v27.4 - https:\/\/yoast.com\/product\/yoast-seo-wordpress\/ -->\n<title>Karaman&#039;da otomobilin beton mikserine \u00e7arpt\u0131\u011f\u0131 kaza kamerada: 1 yaral\u0131 - Memurun Sesi<\/title>\n<meta name=\"robots\" content=\"index, follow, max-snippet:-1, max-image-preview:large, max-video-preview:-1\" \/>\n<link rel=\"canonical\" href=\"https:\/\/memurunsesi.net\/index.php\/2025\/08\/21\/karamanda-otomobilin-beton-mikserine-carptigi-kaza-kamerada-1-yarali\/\" \/>\n<meta property=\"og:locale\" content=\"tr_TR\" \/>\n<meta property=\"og:type\" content=\"article\" \/>\n<meta property=\"og:title\" content=\"Karaman&#039;da otomobilin beton mikserine \u00e7arpt\u0131\u011f\u0131 kaza kamerada: 1 yaral\u0131 - Memurun Sesi\" \/>\n<meta property=\"og:description\" content=\"Karaman\u2019da otomobilin beton mikserine arkadan \u00e7arpt\u0131\u011f\u0131 kazada 1 ki\u015fi yaralan\u0131rken, kaza an\u0131 bir i\u015f yerinin g\u00fcvenlik kameras\u0131na yans\u0131d\u0131. Kaza, Hamidiye Mahallesi Ahi Evran Bulvar\u0131 \u00fczerinde meydana geldi. Edinilen bilgiye g\u00f6re, T.\u00c7. idaresindeki 70 ACL 359 plakal\u0131 otomobil, sa\u011fa d\u00f6n\u00fc\u015f yapmak i\u00e7in sinyal veren R.\u015e. y\u00f6netimindeki 70 BK 074 plakal\u0131 beton mikserine arkadan \u00e7arpt\u0131. Beton mikserinin [&hellip;]\" \/>\n<meta property=\"og:url\" content=\"https:\/\/memurunsesi.net\/index.php\/2025\/08\/21\/karamanda-otomobilin-beton-mikserine-carptigi-kaza-kamerada-1-yarali\/\" \/>\n<meta property=\"og:site_name\" content=\"Memurun Sesi\" \/>\n<meta property=\"article:publisher\" content=\"https:\/\/www.facebook.com\/unipersen\/?locale=tr_TR\" \/>\n<meta property=\"article:published_time\" content=\"2025-08-21T07:37:43+00:00\" \/>\n<meta property=\"og:image\" content=\"https:\/\/memurunsesi.net\/wp-content\/uploads\/2025\/08\/AW521749_01.jpg\" \/>\n\t<meta property=\"og:image:width\" content=\"1600\" \/>\n\t<meta property=\"og:image:height\" content=\"900\" \/>\n\t<meta property=\"og:image:type\" content=\"image\/jpeg\" \/>\n<meta name=\"author\" content=\"Memurun Sesi Haber Merkezi\" \/>\n<meta name=\"twitter:card\" content=\"summary_large_image\" \/>\n<meta name=\"twitter:creator\" content=\"@unipersen\" \/>\n<meta name=\"twitter:site\" content=\"@unipersen\" \/>\n<meta name=\"twitter:label1\" content=\"Yazan:\" \/>\n\t<meta name=\"twitter:data1\" content=\"Memurun Sesi Haber Merkezi\" \/>\n\t<meta name=\"twitter:label2\" content=\"Tahmini okuma s\u00fcresi\" \/>\n\t<meta name=\"twitter:data2\" content=\"1 dakika\" \/>\n<script type=\"application\/ld+json\" class=\"yoast-schema-graph\">{\"@context\":\"https:\\\/\\\/schema.org\",\"@graph\":[{\"@type\":\"Article\",\"@id\":\"https:\\\/\\\/memurunsesi.net\\\/index.php\\\/2025\\\/08\\\/21\\\/karamanda-otomobilin-beton-mikserine-carptigi-kaza-kamerada-1-yarali\\\/#article\",\"isPartOf\":{\"@id\":\"https:\\\/\\\/memurunsesi.net\\\/index.php\\\/2025\\\/08\\\/21\\\/karamanda-otomobilin-beton-mikserine-carptigi-kaza-kamerada-1-yarali\\\/\"},\"author\":{\"name\":\"Memurun Sesi Haber Merkezi\",\"@id\":\"https:\\\/\\\/memurunsesi.net\\\/#\\\/schema\\\/person\\\/f21c2d73b89f6ee1d80b0a1803e38587\"},\"headline\":\"Karaman&#8217;da otomobilin beton mikserine \u00e7arpt\u0131\u011f\u0131 kaza kamerada: 1 yaral\u0131\",\"datePublished\":\"2025-08-21T07:37:43+00:00\",\"mainEntityOfPage\":{\"@id\":\"https:\\\/\\\/memurunsesi.net\\\/index.php\\\/2025\\\/08\\\/21\\\/karamanda-otomobilin-beton-mikserine-carptigi-kaza-kamerada-1-yarali\\\/\"},\"wordCount\":150,\"commentCount\":0,\"publisher\":{\"@id\":\"https:\\\/\\\/memurunsesi.net\\\/#organization\"},\"image\":{\"@id\":\"https:\\\/\\\/memurunsesi.net\\\/index.php\\\/2025\\\/08\\\/21\\\/karamanda-otomobilin-beton-mikserine-carptigi-kaza-kamerada-1-yarali\\\/#primaryimage\"},\"thumbnailUrl\":\"https:\\\/\\\/memurunsesi.net\\\/wp-content\\\/uploads\\\/2025\\\/08\\\/AW521749_01.jpg\",\"inLanguage\":\"tr\",\"potentialAction\":[{\"@type\":\"CommentAction\",\"name\":\"Comment\",\"target\":[\"https:\\\/\\\/memurunsesi.net\\\/index.php\\\/2025\\\/08\\\/21\\\/karamanda-otomobilin-beton-mikserine-carptigi-kaza-kamerada-1-yarali\\\/#respond\"]}]},{\"@type\":\"WebPage\",\"@id\":\"https:\\\/\\\/memurunsesi.net\\\/index.php\\\/2025\\\/08\\\/21\\\/karamanda-otomobilin-beton-mikserine-carptigi-kaza-kamerada-1-yarali\\\/\",\"url\":\"https:\\\/\\\/memurunsesi.net\\\/index.php\\\/2025\\\/08\\\/21\\\/karamanda-otomobilin-beton-mikserine-carptigi-kaza-kamerada-1-yarali\\\/\",\"name\":\"Karaman'da otomobilin beton mikserine \u00e7arpt\u0131\u011f\u0131 kaza kamerada: 1 yaral\u0131 - Memurun Sesi\",\"isPartOf\":{\"@id\":\"https:\\\/\\\/memurunsesi.net\\\/#website\"},\"primaryImageOfPage\":{\"@id\":\"https:\\\/\\\/memurunsesi.net\\\/index.php\\\/2025\\\/08\\\/21\\\/karamanda-otomobilin-beton-mikserine-carptigi-kaza-kamerada-1-yarali\\\/#primaryimage\"},\"image\":{\"@id\":\"https:\\\/\\\/memurunsesi.net\\\/index.php\\\/2025\\\/08\\\/21\\\/karamanda-otomobilin-beton-mikserine-carptigi-kaza-kamerada-1-yarali\\\/#primaryimage\"},\"thumbnailUrl\":\"https:\\\/\\\/memurunsesi.net\\\/wp-content\\\/uploads\\\/2025\\\/08\\\/AW521749_01.jpg\",\"datePublished\":\"2025-08-21T07:37:43+00:00\",\"breadcrumb\":{\"@id\":\"https:\\\/\\\/memurunsesi.net\\\/index.php\\\/2025\\\/08\\\/21\\\/karamanda-otomobilin-beton-mikserine-carptigi-kaza-kamerada-1-yarali\\\/#breadcrumb\"},\"inLanguage\":\"tr\",\"potentialAction\":[{\"@type\":\"ReadAction\",\"target\":[\"https:\\\/\\\/memurunsesi.net\\\/index.php\\\/2025\\\/08\\\/21\\\/karamanda-otomobilin-beton-mikserine-carptigi-kaza-kamerada-1-yarali\\\/\"]}]},{\"@type\":\"ImageObject\",\"inLanguage\":\"tr\",\"@id\":\"https:\\\/\\\/memurunsesi.net\\\/index.php\\\/2025\\\/08\\\/21\\\/karamanda-otomobilin-beton-mikserine-carptigi-kaza-kamerada-1-yarali\\\/#primaryimage\",\"url\":\"https:\\\/\\\/memurunsesi.net\\\/wp-content\\\/uploads\\\/2025\\\/08\\\/AW521749_01.jpg\",\"contentUrl\":\"https:\\\/\\\/memurunsesi.net\\\/wp-content\\\/uploads\\\/2025\\\/08\\\/AW521749_01.jpg\",\"width\":1600,\"height\":900,\"caption\":\"KARAMAN'DA OTOMOB\u0130L\u0130N BETON M\u0130KSER\u0130NE ARKADAN \u00c7ARPTI\u011eI KAZADA 1 K\u0130\u015e\u0130 YARALANDI. (MEHMET AK\u0130F ORHAN\\\/KARAMAN-\u0130HA) Karaman'da otomobilin beton mikserine arkadan \u00e7arpt\u0131\u011f\u0131 kazada 1 ki\u015fi yaralan\u0131rken, kaza an\u0131 bir i\u015f yerinin g\u00fcvenlik kameras\u0131na yans\u0131d\u0131.\"},{\"@type\":\"BreadcrumbList\",\"@id\":\"https:\\\/\\\/memurunsesi.net\\\/index.php\\\/2025\\\/08\\\/21\\\/karamanda-otomobilin-beton-mikserine-carptigi-kaza-kamerada-1-yarali\\\/#breadcrumb\",\"itemListElement\":[{\"@type\":\"ListItem\",\"position\":1,\"name\":\"Anasayfa\",\"item\":\"https:\\\/\\\/memurunsesi.net\\\/\"},{\"@type\":\"ListItem\",\"position\":2,\"name\":\"Karaman&#8217;da otomobilin beton mikserine \u00e7arpt\u0131\u011f\u0131 kaza kamerada: 1 yaral\u0131\"}]},{\"@type\":\"WebSite\",\"@id\":\"https:\\\/\\\/memurunsesi.net\\\/#website\",\"url\":\"https:\\\/\\\/memurunsesi.net\\\/\",\"name\":\"Memurun Sesi\",\"description\":\"G\u00fcncel ve Do\u011fru Haber\",\"publisher\":{\"@id\":\"https:\\\/\\\/memurunsesi.net\\\/#organization\"},\"potentialAction\":[{\"@type\":\"SearchAction\",\"target\":{\"@type\":\"EntryPoint\",\"urlTemplate\":\"https:\\\/\\\/memurunsesi.net\\\/?s={search_term_string}\"},\"query-input\":{\"@type\":\"PropertyValueSpecification\",\"valueRequired\":true,\"valueName\":\"search_term_string\"}}],\"inLanguage\":\"tr\"},{\"@type\":\"Organization\",\"@id\":\"https:\\\/\\\/memurunsesi.net\\\/#organization\",\"name\":\"Memurun Sesi\",\"url\":\"https:\\\/\\\/memurunsesi.net\\\/\",\"logo\":{\"@type\":\"ImageObject\",\"inLanguage\":\"tr\",\"@id\":\"https:\\\/\\\/memurunsesi.net\\\/#\\\/schema\\\/logo\\\/image\\\/\",\"url\":\"https:\\\/\\\/memurunsesi.net\\\/wp-content\\\/uploads\\\/2025\\\/11\\\/cropped-MEMURUN-SESI.png\",\"contentUrl\":\"https:\\\/\\\/memurunsesi.net\\\/wp-content\\\/uploads\\\/2025\\\/11\\\/cropped-MEMURUN-SESI.png\",\"width\":238,\"height\":57,\"caption\":\"Memurun Sesi\"},\"image\":{\"@id\":\"https:\\\/\\\/memurunsesi.net\\\/#\\\/schema\\\/logo\\\/image\\\/\"},\"sameAs\":[\"https:\\\/\\\/www.facebook.com\\\/unipersen\\\/?locale=tr_TR\",\"https:\\\/\\\/x.com\\\/unipersen\"]},{\"@type\":\"Person\",\"@id\":\"https:\\\/\\\/memurunsesi.net\\\/#\\\/schema\\\/person\\\/f21c2d73b89f6ee1d80b0a1803e38587\",\"name\":\"Memurun Sesi Haber Merkezi\",\"image\":{\"@type\":\"ImageObject\",\"inLanguage\":\"tr\",\"@id\":\"https:\\\/\\\/secure.gravatar.com\\\/avatar\\\/6cf0505f452ee753f485014986fab09a434671d2b919ee76fc541025c5876a70?s=96&d=mm&r=g\",\"url\":\"https:\\\/\\\/secure.gravatar.com\\\/avatar\\\/6cf0505f452ee753f485014986fab09a434671d2b919ee76fc541025c5876a70?s=96&d=mm&r=g\",\"contentUrl\":\"https:\\\/\\\/secure.gravatar.com\\\/avatar\\\/6cf0505f452ee753f485014986fab09a434671d2b919ee76fc541025c5876a70?s=96&d=mm&r=g\",\"caption\":\"Memurun Sesi Haber Merkezi\"},\"sameAs\":[\"https:\\\/\\\/memurunsesi.net\"],\"url\":\"https:\\\/\\\/memurunsesi.net\\\/index.php\\\/author\\\/uniper\\\/\"}]}<\/script>\n<!-- \/ Yoast SEO plugin. -->","yoast_head_json":{"title":"Karaman'da otomobilin beton mikserine \u00e7arpt\u0131\u011f\u0131 kaza kamerada: 1 yaral\u0131 - Memurun Sesi","robots":{"index":"index","follow":"follow","max-snippet":"max-snippet:-1","max-image-preview":"max-image-preview:large","max-video-preview":"max-video-preview:-1"},"canonical":"https:\/\/memurunsesi.net\/index.php\/2025\/08\/21\/karamanda-otomobilin-beton-mikserine-carptigi-kaza-kamerada-1-yarali\/","og_locale":"tr_TR","og_type":"article","og_title":"Karaman'da otomobilin beton mikserine \u00e7arpt\u0131\u011f\u0131 kaza kamerada: 1 yaral\u0131 - Memurun Sesi","og_description":"Karaman\u2019da otomobilin beton mikserine arkadan \u00e7arpt\u0131\u011f\u0131 kazada 1 ki\u015fi yaralan\u0131rken, kaza an\u0131 bir i\u015f yerinin g\u00fcvenlik kameras\u0131na yans\u0131d\u0131. Kaza, Hamidiye Mahallesi Ahi Evran Bulvar\u0131 \u00fczerinde meydana geldi. Edinilen bilgiye g\u00f6re, T.\u00c7. idaresindeki 70 ACL 359 plakal\u0131 otomobil, sa\u011fa d\u00f6n\u00fc\u015f yapmak i\u00e7in sinyal veren R.\u015e. y\u00f6netimindeki 70 BK 074 plakal\u0131 beton mikserine arkadan \u00e7arpt\u0131. Beton mikserinin [&hellip;]","og_url":"https:\/\/memurunsesi.net\/index.php\/2025\/08\/21\/karamanda-otomobilin-beton-mikserine-carptigi-kaza-kamerada-1-yarali\/","og_site_name":"Memurun Sesi","article_publisher":"https:\/\/www.facebook.com\/unipersen\/?locale=tr_TR","article_published_time":"2025-08-21T07:37:43+00:00","og_image":[{"width":1600,"height":900,"url":"https:\/\/memurunsesi.net\/wp-content\/uploads\/2025\/08\/AW521749_01.jpg","type":"image\/jpeg"}],"author":"Memurun Sesi Haber Merkezi","twitter_card":"summary_large_image","twitter_creator":"@unipersen","twitter_site":"@unipersen","twitter_misc":{"Yazan:":"Memurun Sesi Haber Merkezi","Tahmini okuma s\u00fcresi":"1 dakika"},"schema":{"@context":"https:\/\/schema.org","@graph":[{"@type":"Article","@id":"https:\/\/memurunsesi.net\/index.php\/2025\/08\/21\/karamanda-otomobilin-beton-mikserine-carptigi-kaza-kamerada-1-yarali\/#article","isPartOf":{"@id":"https:\/\/memurunsesi.net\/index.php\/2025\/08\/21\/karamanda-otomobilin-beton-mikserine-carptigi-kaza-kamerada-1-yarali\/"},"author":{"name":"Memurun Sesi Haber Merkezi","@id":"https:\/\/memurunsesi.net\/#\/schema\/person\/f21c2d73b89f6ee1d80b0a1803e38587"},"headline":"Karaman&#8217;da otomobilin beton mikserine \u00e7arpt\u0131\u011f\u0131 kaza kamerada: 1 yaral\u0131","datePublished":"2025-08-21T07:37:43+00:00","mainEntityOfPage":{"@id":"https:\/\/memurunsesi.net\/index.php\/2025\/08\/21\/karamanda-otomobilin-beton-mikserine-carptigi-kaza-kamerada-1-yarali\/"},"wordCount":150,"commentCount":0,"publisher":{"@id":"https:\/\/memurunsesi.net\/#organization"},"image":{"@id":"https:\/\/memurunsesi.net\/index.php\/2025\/08\/21\/karamanda-otomobilin-beton-mikserine-carptigi-kaza-kamerada-1-yarali\/#primaryimage"},"thumbnailUrl":"https:\/\/memurunsesi.net\/wp-content\/uploads\/2025\/08\/AW521749_01.jpg","inLanguage":"tr","potentialAction":[{"@type":"CommentAction","name":"Comment","target":["https:\/\/memurunsesi.net\/index.php\/2025\/08\/21\/karamanda-otomobilin-beton-mikserine-carptigi-kaza-kamerada-1-yarali\/#respond"]}]},{"@type":"WebPage","@id":"https:\/\/memurunsesi.net\/index.php\/2025\/08\/21\/karamanda-otomobilin-beton-mikserine-carptigi-kaza-kamerada-1-yarali\/","url":"https:\/\/memurunsesi.net\/index.php\/2025\/08\/21\/karamanda-otomobilin-beton-mikserine-carptigi-kaza-kamerada-1-yarali\/","name":"Karaman'da otomobilin beton mikserine \u00e7arpt\u0131\u011f\u0131 kaza kamerada: 1 yaral\u0131 - Memurun Sesi","isPartOf":{"@id":"https:\/\/memurunsesi.net\/#website"},"primaryImageOfPage":{"@id":"https:\/\/memurunsesi.net\/index.php\/2025\/08\/21\/karamanda-otomobilin-beton-mikserine-carptigi-kaza-kamerada-1-yarali\/#primaryimage"},"image":{"@id":"https:\/\/memurunsesi.net\/index.php\/2025\/08\/21\/karamanda-otomobilin-beton-mikserine-carptigi-kaza-kamerada-1-yarali\/#primaryimage"},"thumbnailUrl":"https:\/\/memurunsesi.net\/wp-content\/uploads\/2025\/08\/AW521749_01.jpg","datePublished":"2025-08-21T07:37:43+00:00","breadcrumb":{"@id":"https:\/\/memurunsesi.net\/index.php\/2025\/08\/21\/karamanda-otomobilin-beton-mikserine-carptigi-kaza-kamerada-1-yarali\/#breadcrumb"},"inLanguage":"tr","potentialAction":[{"@type":"ReadAction","target":["https:\/\/memurunsesi.net\/index.php\/2025\/08\/21\/karamanda-otomobilin-beton-mikserine-carptigi-kaza-kamerada-1-yarali\/"]}]},{"@type":"ImageObject","inLanguage":"tr","@id":"https:\/\/memurunsesi.net\/index.php\/2025\/08\/21\/karamanda-otomobilin-beton-mikserine-carptigi-kaza-kamerada-1-yarali\/#primaryimage","url":"https:\/\/memurunsesi.net\/wp-content\/uploads\/2025\/08\/AW521749_01.jpg","contentUrl":"https:\/\/memurunsesi.net\/wp-content\/uploads\/2025\/08\/AW521749_01.jpg","width":1600,"height":900,"caption":"KARAMAN'DA OTOMOB\u0130L\u0130N BETON M\u0130KSER\u0130NE ARKADAN \u00c7ARPTI\u011eI KAZADA 1 K\u0130\u015e\u0130 YARALANDI. (MEHMET AK\u0130F ORHAN\/KARAMAN-\u0130HA) Karaman'da otomobilin beton mikserine arkadan \u00e7arpt\u0131\u011f\u0131 kazada 1 ki\u015fi yaralan\u0131rken, kaza an\u0131 bir i\u015f yerinin g\u00fcvenlik kameras\u0131na yans\u0131d\u0131."},{"@type":"BreadcrumbList","@id":"https:\/\/memurunsesi.net\/index.php\/2025\/08\/21\/karamanda-otomobilin-beton-mikserine-carptigi-kaza-kamerada-1-yarali\/#breadcrumb","itemListElement":[{"@type":"ListItem","position":1,"name":"Anasayfa","item":"https:\/\/memurunsesi.net\/"},{"@type":"ListItem","position":2,"name":"Karaman&#8217;da otomobilin beton mikserine \u00e7arpt\u0131\u011f\u0131 kaza kamerada: 1 yaral\u0131"}]},{"@type":"WebSite","@id":"https:\/\/memurunsesi.net\/#website","url":"https:\/\/memurunsesi.net\/","name":"Memurun Sesi","description":"G\u00fcncel ve Do\u011fru Haber","publisher":{"@id":"https:\/\/memurunsesi.net\/#organization"},"potentialAction":[{"@type":"SearchAction","target":{"@type":"EntryPoint","urlTemplate":"https:\/\/memurunsesi.net\/?s={search_term_string}"},"query-input":{"@type":"PropertyValueSpecification","valueRequired":true,"valueName":"search_term_string"}}],"inLanguage":"tr"},{"@type":"Organization","@id":"https:\/\/memurunsesi.net\/#organization","name":"Memurun Sesi","url":"https:\/\/memurunsesi.net\/","logo":{"@type":"ImageObject","inLanguage":"tr","@id":"https:\/\/memurunsesi.net\/#\/schema\/logo\/image\/","url":"https:\/\/memurunsesi.net\/wp-content\/uploads\/2025\/11\/cropped-MEMURUN-SESI.png","contentUrl":"https:\/\/memurunsesi.net\/wp-content\/uploads\/2025\/11\/cropped-MEMURUN-SESI.png","width":238,"height":57,"caption":"Memurun Sesi"},"image":{"@id":"https:\/\/memurunsesi.net\/#\/schema\/logo\/image\/"},"sameAs":["https:\/\/www.facebook.com\/unipersen\/?locale=tr_TR","https:\/\/x.com\/unipersen"]},{"@type":"Person","@id":"https:\/\/memurunsesi.net\/#\/schema\/person\/f21c2d73b89f6ee1d80b0a1803e38587","name":"Memurun Sesi Haber Merkezi","image":{"@type":"ImageObject","inLanguage":"tr","@id":"https:\/\/secure.gravatar.com\/avatar\/6cf0505f452ee753f485014986fab09a434671d2b919ee76fc541025c5876a70?s=96&d=mm&r=g","url":"https:\/\/secure.gravatar.com\/avatar\/6cf0505f452ee753f485014986fab09a434671d2b919ee76fc541025c5876a70?s=96&d=mm&r=g","contentUrl":"https:\/\/secure.gravatar.com\/avatar\/6cf0505f452ee753f485014986fab09a434671d2b919ee76fc541025c5876a70?s=96&d=mm&r=g","caption":"Memurun Sesi Haber Merkezi"},"sameAs":["https:\/\/memurunsesi.net"],"url":"https:\/\/memurunsesi.net\/index.php\/author\/uniper\/"}]}},"_links":{"self":[{"href":"https:\/\/memurunsesi.net\/index.php\/wp-json\/wp\/v2\/posts\/10757","targetHints":{"allow":["GET"]}}],"collection":[{"href":"https:\/\/memurunsesi.net\/index.php\/wp-json\/wp\/v2\/posts"}],"about":[{"href":"https:\/\/memurunsesi.net\/index.php\/wp-json\/wp\/v2\/types\/post"}],"author":[{"embeddable":true,"href":"https:\/\/memurunsesi.net\/index.php\/wp-json\/wp\/v2\/users\/1"}],"replies":[{"embeddable":true,"href":"https:\/\/memurunsesi.net\/index.php\/wp-json\/wp\/v2\/comments?post=10757"}],"version-history":[{"count":1,"href":"https:\/\/memurunsesi.net\/index.php\/wp-json\/wp\/v2\/posts\/10757\/revisions"}],"predecessor-version":[{"id":10759,"href":"https:\/\/memurunsesi.net\/index.php\/wp-json\/wp\/v2\/posts\/10757\/revisions\/10759"}],"wp:featuredmedia":[{"embeddable":true,"href":"https:\/\/memurunsesi.net\/index.php\/wp-json\/wp\/v2\/media\/10758"}],"wp:attachment":[{"href":"https:\/\/memurunsesi.net\/index.php\/wp-json\/wp\/v2\/media?parent=10757"}],"wp:term":[{"taxonomy":"category","embeddable":true,"href":"https:\/\/memurunsesi.net\/index.php\/wp-json\/wp\/v2\/categories?post=10757"},{"taxonomy":"post_tag","embeddable":true,"href":"https:\/\/memurunsesi.net\/index.php\/wp-json\/wp\/v2\/tags?post=10757"}],"curies":[{"name":"wp","href":"https:\/\/api.w.org\/{rel}","templated":true}]}}