{"id":10772,"date":"2025-08-21T11:09:19","date_gmt":"2025-08-21T08:09:19","guid":{"rendered":"https:\/\/memurunsesi.net\/?p=10772"},"modified":"2025-08-21T11:09:19","modified_gmt":"2025-08-21T08:09:19","slug":"antalyada-otomobil-daglik-alana-carparak-ters-dondu-2-yarali","status":"publish","type":"post","link":"https:\/\/memurunsesi.net\/index.php\/2025\/08\/21\/antalyada-otomobil-daglik-alana-carparak-ters-dondu-2-yarali\/","title":{"rendered":"Antalya&#8217;da otomobil da\u011fl\u0131k alana \u00e7arparak ters d\u00f6nd\u00fc: 2 yaral\u0131"},"content":{"rendered":"<p>   Antalya&#8217;n\u0131n Ka\u015f il\u00e7esinde s\u00fcr\u00fcc\u00fcs\u00fcn\u00fcn direksiyon hakimiyetini kaybetti\u011fi ara\u00e7 da\u011fl\u0131k alana \u00e7arparak ters d\u00f6nd\u00fc. Kazada 2 ki\u015fi yaraland\u0131.<br \/>\nKaza, Ka\u015f il\u00e7esi A\u011fullu Mahallesi&#8217;nde ya\u015fand\u0131. Edinilen bilgiye g\u00f6re, Mehmet D. idaresindeki 15 PE 221 plakal\u0131 otomobil, O\u011frulca mevkisinde s\u00fcr\u00fcc\u00fcn\u00fcn direksiyon hakimiyetini kaybetmesi sonucu, yolun sa\u011f\u0131nda bulunan da\u011fl\u0131k alana \u00e7arparak \u015farampolde ters d\u00f6nd\u00fc.<br \/>\n  \u0130hbar \u00fczerine kaza yerine itfaiye, sa\u011fl\u0131k ve polis ekipleri sevk edildi. \u0130lk m\u00fcdahalesi olay yerinde yap\u0131lan yaral\u0131lar s\u00fcr\u00fcc\u00fc Mehmet D. ve yolcu konumunda olan Sevim D. sa\u011fl\u0131k ekipleri taraf\u0131ndan ambulanslarla Ka\u015f Devlet Hastanesi&#8217;ne kald\u0131r\u0131ld\u0131. <\/p>\n<p>21.08.2025                                 <\/p>\n","protected":false},"excerpt":{"rendered":"<p>Antalya&#8217;n\u0131n Ka\u015f il\u00e7esinde s\u00fcr\u00fcc\u00fcs\u00fcn\u00fcn direksiyon hakimiyetini kaybetti\u011fi ara\u00e7 da\u011fl\u0131k alana \u00e7arparak ters d\u00f6nd\u00fc. Kazada 2 ki\u015fi yaraland\u0131. Kaza, Ka\u015f il\u00e7esi A\u011fullu Mahallesi&#8217;nde ya\u015fand\u0131. Edinilen bilgiye g\u00f6re, Mehmet D. idaresindeki 15 PE 221 plakal\u0131 otomobil, O\u011frulca mevkisinde s\u00fcr\u00fcc\u00fcn\u00fcn direksiyon hakimiyetini kaybetmesi sonucu, yolun sa\u011f\u0131nda bulunan da\u011fl\u0131k alana \u00e7arparak \u015farampolde ters d\u00f6nd\u00fc. \u0130hbar \u00fczerine kaza yerine itfaiye, [&hellip;]<\/p>\n","protected":false},"author":1,"featured_media":10773,"comment_status":"open","ping_status":"open","sticky":false,"template":"","format":"standard","meta":{"footnotes":""},"categories":[1],"tags":[],"class_list":["post-10772","post","type-post","status-publish","format-standard","has-post-thumbnail","hentry","category-genel"],"yoast_head":"<!-- This site is optimized with the Yoast SEO plugin v27.4 - https:\/\/yoast.com\/product\/yoast-seo-wordpress\/ -->\n<title>Antalya&#039;da otomobil da\u011fl\u0131k alana \u00e7arparak ters d\u00f6nd\u00fc: 2 yaral\u0131 - Memurun Sesi<\/title>\n<meta name=\"robots\" content=\"index, follow, max-snippet:-1, max-image-preview:large, max-video-preview:-1\" \/>\n<link rel=\"canonical\" href=\"https:\/\/memurunsesi.net\/index.php\/2025\/08\/21\/antalyada-otomobil-daglik-alana-carparak-ters-dondu-2-yarali\/\" \/>\n<meta property=\"og:locale\" content=\"tr_TR\" \/>\n<meta property=\"og:type\" content=\"article\" \/>\n<meta property=\"og:title\" content=\"Antalya&#039;da otomobil da\u011fl\u0131k alana \u00e7arparak ters d\u00f6nd\u00fc: 2 yaral\u0131 - Memurun Sesi\" \/>\n<meta property=\"og:description\" content=\"Antalya&#8217;n\u0131n Ka\u015f il\u00e7esinde s\u00fcr\u00fcc\u00fcs\u00fcn\u00fcn direksiyon hakimiyetini kaybetti\u011fi ara\u00e7 da\u011fl\u0131k alana \u00e7arparak ters d\u00f6nd\u00fc. Kazada 2 ki\u015fi yaraland\u0131. Kaza, Ka\u015f il\u00e7esi A\u011fullu Mahallesi&#8217;nde ya\u015fand\u0131. Edinilen bilgiye g\u00f6re, Mehmet D. idaresindeki 15 PE 221 plakal\u0131 otomobil, O\u011frulca mevkisinde s\u00fcr\u00fcc\u00fcn\u00fcn direksiyon hakimiyetini kaybetmesi sonucu, yolun sa\u011f\u0131nda bulunan da\u011fl\u0131k alana \u00e7arparak \u015farampolde ters d\u00f6nd\u00fc. \u0130hbar \u00fczerine kaza yerine itfaiye, [&hellip;]\" \/>\n<meta property=\"og:url\" content=\"https:\/\/memurunsesi.net\/index.php\/2025\/08\/21\/antalyada-otomobil-daglik-alana-carparak-ters-dondu-2-yarali\/\" \/>\n<meta property=\"og:site_name\" content=\"Memurun Sesi\" \/>\n<meta property=\"article:publisher\" content=\"https:\/\/www.facebook.com\/unipersen\/?locale=tr_TR\" \/>\n<meta property=\"article:published_time\" content=\"2025-08-21T08:09:19+00:00\" \/>\n<meta property=\"og:image\" content=\"https:\/\/memurunsesi.net\/wp-content\/uploads\/2025\/08\/AW521773_01.jpg\" \/>\n\t<meta property=\"og:image:width\" content=\"954\" \/>\n\t<meta property=\"og:image:height\" content=\"601\" \/>\n\t<meta property=\"og:image:type\" content=\"image\/jpeg\" \/>\n<meta name=\"author\" content=\"Memurun Sesi Haber Merkezi\" \/>\n<meta name=\"twitter:card\" content=\"summary_large_image\" \/>\n<meta name=\"twitter:creator\" content=\"@unipersen\" \/>\n<meta name=\"twitter:site\" content=\"@unipersen\" \/>\n<meta name=\"twitter:label1\" content=\"Yazan:\" \/>\n\t<meta name=\"twitter:data1\" content=\"Memurun Sesi Haber Merkezi\" \/>\n\t<meta name=\"twitter:label2\" content=\"Tahmini okuma s\u00fcresi\" \/>\n\t<meta name=\"twitter:data2\" content=\"1 dakika\" \/>\n<script type=\"application\/ld+json\" class=\"yoast-schema-graph\">{\"@context\":\"https:\\\/\\\/schema.org\",\"@graph\":[{\"@type\":\"Article\",\"@id\":\"https:\\\/\\\/memurunsesi.net\\\/index.php\\\/2025\\\/08\\\/21\\\/antalyada-otomobil-daglik-alana-carparak-ters-dondu-2-yarali\\\/#article\",\"isPartOf\":{\"@id\":\"https:\\\/\\\/memurunsesi.net\\\/index.php\\\/2025\\\/08\\\/21\\\/antalyada-otomobil-daglik-alana-carparak-ters-dondu-2-yarali\\\/\"},\"author\":{\"name\":\"Memurun Sesi Haber Merkezi\",\"@id\":\"https:\\\/\\\/memurunsesi.net\\\/#\\\/schema\\\/person\\\/f21c2d73b89f6ee1d80b0a1803e38587\"},\"headline\":\"Antalya&#8217;da otomobil da\u011fl\u0131k alana \u00e7arparak ters d\u00f6nd\u00fc: 2 yaral\u0131\",\"datePublished\":\"2025-08-21T08:09:19+00:00\",\"mainEntityOfPage\":{\"@id\":\"https:\\\/\\\/memurunsesi.net\\\/index.php\\\/2025\\\/08\\\/21\\\/antalyada-otomobil-daglik-alana-carparak-ters-dondu-2-yarali\\\/\"},\"wordCount\":133,\"commentCount\":0,\"publisher\":{\"@id\":\"https:\\\/\\\/memurunsesi.net\\\/#organization\"},\"image\":{\"@id\":\"https:\\\/\\\/memurunsesi.net\\\/index.php\\\/2025\\\/08\\\/21\\\/antalyada-otomobil-daglik-alana-carparak-ters-dondu-2-yarali\\\/#primaryimage\"},\"thumbnailUrl\":\"https:\\\/\\\/memurunsesi.net\\\/wp-content\\\/uploads\\\/2025\\\/08\\\/AW521773_01.jpg\",\"inLanguage\":\"tr\",\"potentialAction\":[{\"@type\":\"CommentAction\",\"name\":\"Comment\",\"target\":[\"https:\\\/\\\/memurunsesi.net\\\/index.php\\\/2025\\\/08\\\/21\\\/antalyada-otomobil-daglik-alana-carparak-ters-dondu-2-yarali\\\/#respond\"]}]},{\"@type\":\"WebPage\",\"@id\":\"https:\\\/\\\/memurunsesi.net\\\/index.php\\\/2025\\\/08\\\/21\\\/antalyada-otomobil-daglik-alana-carparak-ters-dondu-2-yarali\\\/\",\"url\":\"https:\\\/\\\/memurunsesi.net\\\/index.php\\\/2025\\\/08\\\/21\\\/antalyada-otomobil-daglik-alana-carparak-ters-dondu-2-yarali\\\/\",\"name\":\"Antalya'da otomobil da\u011fl\u0131k alana \u00e7arparak ters d\u00f6nd\u00fc: 2 yaral\u0131 - Memurun Sesi\",\"isPartOf\":{\"@id\":\"https:\\\/\\\/memurunsesi.net\\\/#website\"},\"primaryImageOfPage\":{\"@id\":\"https:\\\/\\\/memurunsesi.net\\\/index.php\\\/2025\\\/08\\\/21\\\/antalyada-otomobil-daglik-alana-carparak-ters-dondu-2-yarali\\\/#primaryimage\"},\"image\":{\"@id\":\"https:\\\/\\\/memurunsesi.net\\\/index.php\\\/2025\\\/08\\\/21\\\/antalyada-otomobil-daglik-alana-carparak-ters-dondu-2-yarali\\\/#primaryimage\"},\"thumbnailUrl\":\"https:\\\/\\\/memurunsesi.net\\\/wp-content\\\/uploads\\\/2025\\\/08\\\/AW521773_01.jpg\",\"datePublished\":\"2025-08-21T08:09:19+00:00\",\"breadcrumb\":{\"@id\":\"https:\\\/\\\/memurunsesi.net\\\/index.php\\\/2025\\\/08\\\/21\\\/antalyada-otomobil-daglik-alana-carparak-ters-dondu-2-yarali\\\/#breadcrumb\"},\"inLanguage\":\"tr\",\"potentialAction\":[{\"@type\":\"ReadAction\",\"target\":[\"https:\\\/\\\/memurunsesi.net\\\/index.php\\\/2025\\\/08\\\/21\\\/antalyada-otomobil-daglik-alana-carparak-ters-dondu-2-yarali\\\/\"]}]},{\"@type\":\"ImageObject\",\"inLanguage\":\"tr\",\"@id\":\"https:\\\/\\\/memurunsesi.net\\\/index.php\\\/2025\\\/08\\\/21\\\/antalyada-otomobil-daglik-alana-carparak-ters-dondu-2-yarali\\\/#primaryimage\",\"url\":\"https:\\\/\\\/memurunsesi.net\\\/wp-content\\\/uploads\\\/2025\\\/08\\\/AW521773_01.jpg\",\"contentUrl\":\"https:\\\/\\\/memurunsesi.net\\\/wp-content\\\/uploads\\\/2025\\\/08\\\/AW521773_01.jpg\",\"width\":954,\"height\":601,\"caption\":\"ANTALYA'NIN KA\u015e \u0130L\u00c7ES\u0130NDE D\u0130REKS\u0130YON HAK\u0130M\u0130YET\u0130N\u0130 KAYBEDEN ARA\u00c7 DA\u011eLIK ALANA \u00c7ARPARAK TERS D\u00d6ND\u00dc. KAZADA \u0130K\u0130 K\u0130\u015e\u0130 YARALANDI. (D\u0130LRUBA DEM\u0130RC\u0130\\\/ANTALYA-\u0130HA) Antalya'n\u0131n Ka\u015f il\u00e7esinde s\u00fcr\u00fcc\u00fcs\u00fcn\u00fcn direksiyon hakimiyetini kaybetti\u011fi ara\u00e7 da\u011fl\u0131k alana \u00e7arparak ters d\u00f6nd\u00fc. Kazada 2 ki\u015fi yaraland\u0131.\"},{\"@type\":\"BreadcrumbList\",\"@id\":\"https:\\\/\\\/memurunsesi.net\\\/index.php\\\/2025\\\/08\\\/21\\\/antalyada-otomobil-daglik-alana-carparak-ters-dondu-2-yarali\\\/#breadcrumb\",\"itemListElement\":[{\"@type\":\"ListItem\",\"position\":1,\"name\":\"Anasayfa\",\"item\":\"https:\\\/\\\/memurunsesi.net\\\/\"},{\"@type\":\"ListItem\",\"position\":2,\"name\":\"Antalya&#8217;da otomobil da\u011fl\u0131k alana \u00e7arparak ters d\u00f6nd\u00fc: 2 yaral\u0131\"}]},{\"@type\":\"WebSite\",\"@id\":\"https:\\\/\\\/memurunsesi.net\\\/#website\",\"url\":\"https:\\\/\\\/memurunsesi.net\\\/\",\"name\":\"Memurun Sesi\",\"description\":\"G\u00fcncel ve Do\u011fru Haber\",\"publisher\":{\"@id\":\"https:\\\/\\\/memurunsesi.net\\\/#organization\"},\"potentialAction\":[{\"@type\":\"SearchAction\",\"target\":{\"@type\":\"EntryPoint\",\"urlTemplate\":\"https:\\\/\\\/memurunsesi.net\\\/?s={search_term_string}\"},\"query-input\":{\"@type\":\"PropertyValueSpecification\",\"valueRequired\":true,\"valueName\":\"search_term_string\"}}],\"inLanguage\":\"tr\"},{\"@type\":\"Organization\",\"@id\":\"https:\\\/\\\/memurunsesi.net\\\/#organization\",\"name\":\"Memurun Sesi\",\"url\":\"https:\\\/\\\/memurunsesi.net\\\/\",\"logo\":{\"@type\":\"ImageObject\",\"inLanguage\":\"tr\",\"@id\":\"https:\\\/\\\/memurunsesi.net\\\/#\\\/schema\\\/logo\\\/image\\\/\",\"url\":\"https:\\\/\\\/memurunsesi.net\\\/wp-content\\\/uploads\\\/2025\\\/11\\\/cropped-MEMURUN-SESI.png\",\"contentUrl\":\"https:\\\/\\\/memurunsesi.net\\\/wp-content\\\/uploads\\\/2025\\\/11\\\/cropped-MEMURUN-SESI.png\",\"width\":238,\"height\":57,\"caption\":\"Memurun Sesi\"},\"image\":{\"@id\":\"https:\\\/\\\/memurunsesi.net\\\/#\\\/schema\\\/logo\\\/image\\\/\"},\"sameAs\":[\"https:\\\/\\\/www.facebook.com\\\/unipersen\\\/?locale=tr_TR\",\"https:\\\/\\\/x.com\\\/unipersen\"]},{\"@type\":\"Person\",\"@id\":\"https:\\\/\\\/memurunsesi.net\\\/#\\\/schema\\\/person\\\/f21c2d73b89f6ee1d80b0a1803e38587\",\"name\":\"Memurun Sesi Haber Merkezi\",\"image\":{\"@type\":\"ImageObject\",\"inLanguage\":\"tr\",\"@id\":\"https:\\\/\\\/secure.gravatar.com\\\/avatar\\\/6cf0505f452ee753f485014986fab09a434671d2b919ee76fc541025c5876a70?s=96&d=mm&r=g\",\"url\":\"https:\\\/\\\/secure.gravatar.com\\\/avatar\\\/6cf0505f452ee753f485014986fab09a434671d2b919ee76fc541025c5876a70?s=96&d=mm&r=g\",\"contentUrl\":\"https:\\\/\\\/secure.gravatar.com\\\/avatar\\\/6cf0505f452ee753f485014986fab09a434671d2b919ee76fc541025c5876a70?s=96&d=mm&r=g\",\"caption\":\"Memurun Sesi Haber Merkezi\"},\"sameAs\":[\"https:\\\/\\\/memurunsesi.net\"],\"url\":\"https:\\\/\\\/memurunsesi.net\\\/index.php\\\/author\\\/uniper\\\/\"}]}<\/script>\n<!-- \/ Yoast SEO plugin. -->","yoast_head_json":{"title":"Antalya'da otomobil da\u011fl\u0131k alana \u00e7arparak ters d\u00f6nd\u00fc: 2 yaral\u0131 - Memurun Sesi","robots":{"index":"index","follow":"follow","max-snippet":"max-snippet:-1","max-image-preview":"max-image-preview:large","max-video-preview":"max-video-preview:-1"},"canonical":"https:\/\/memurunsesi.net\/index.php\/2025\/08\/21\/antalyada-otomobil-daglik-alana-carparak-ters-dondu-2-yarali\/","og_locale":"tr_TR","og_type":"article","og_title":"Antalya'da otomobil da\u011fl\u0131k alana \u00e7arparak ters d\u00f6nd\u00fc: 2 yaral\u0131 - Memurun Sesi","og_description":"Antalya&#8217;n\u0131n Ka\u015f il\u00e7esinde s\u00fcr\u00fcc\u00fcs\u00fcn\u00fcn direksiyon hakimiyetini kaybetti\u011fi ara\u00e7 da\u011fl\u0131k alana \u00e7arparak ters d\u00f6nd\u00fc. Kazada 2 ki\u015fi yaraland\u0131. Kaza, Ka\u015f il\u00e7esi A\u011fullu Mahallesi&#8217;nde ya\u015fand\u0131. Edinilen bilgiye g\u00f6re, Mehmet D. idaresindeki 15 PE 221 plakal\u0131 otomobil, O\u011frulca mevkisinde s\u00fcr\u00fcc\u00fcn\u00fcn direksiyon hakimiyetini kaybetmesi sonucu, yolun sa\u011f\u0131nda bulunan da\u011fl\u0131k alana \u00e7arparak \u015farampolde ters d\u00f6nd\u00fc. \u0130hbar \u00fczerine kaza yerine itfaiye, [&hellip;]","og_url":"https:\/\/memurunsesi.net\/index.php\/2025\/08\/21\/antalyada-otomobil-daglik-alana-carparak-ters-dondu-2-yarali\/","og_site_name":"Memurun Sesi","article_publisher":"https:\/\/www.facebook.com\/unipersen\/?locale=tr_TR","article_published_time":"2025-08-21T08:09:19+00:00","og_image":[{"width":954,"height":601,"url":"https:\/\/memurunsesi.net\/wp-content\/uploads\/2025\/08\/AW521773_01.jpg","type":"image\/jpeg"}],"author":"Memurun Sesi Haber Merkezi","twitter_card":"summary_large_image","twitter_creator":"@unipersen","twitter_site":"@unipersen","twitter_misc":{"Yazan:":"Memurun Sesi Haber Merkezi","Tahmini okuma s\u00fcresi":"1 dakika"},"schema":{"@context":"https:\/\/schema.org","@graph":[{"@type":"Article","@id":"https:\/\/memurunsesi.net\/index.php\/2025\/08\/21\/antalyada-otomobil-daglik-alana-carparak-ters-dondu-2-yarali\/#article","isPartOf":{"@id":"https:\/\/memurunsesi.net\/index.php\/2025\/08\/21\/antalyada-otomobil-daglik-alana-carparak-ters-dondu-2-yarali\/"},"author":{"name":"Memurun Sesi Haber Merkezi","@id":"https:\/\/memurunsesi.net\/#\/schema\/person\/f21c2d73b89f6ee1d80b0a1803e38587"},"headline":"Antalya&#8217;da otomobil da\u011fl\u0131k alana \u00e7arparak ters d\u00f6nd\u00fc: 2 yaral\u0131","datePublished":"2025-08-21T08:09:19+00:00","mainEntityOfPage":{"@id":"https:\/\/memurunsesi.net\/index.php\/2025\/08\/21\/antalyada-otomobil-daglik-alana-carparak-ters-dondu-2-yarali\/"},"wordCount":133,"commentCount":0,"publisher":{"@id":"https:\/\/memurunsesi.net\/#organization"},"image":{"@id":"https:\/\/memurunsesi.net\/index.php\/2025\/08\/21\/antalyada-otomobil-daglik-alana-carparak-ters-dondu-2-yarali\/#primaryimage"},"thumbnailUrl":"https:\/\/memurunsesi.net\/wp-content\/uploads\/2025\/08\/AW521773_01.jpg","inLanguage":"tr","potentialAction":[{"@type":"CommentAction","name":"Comment","target":["https:\/\/memurunsesi.net\/index.php\/2025\/08\/21\/antalyada-otomobil-daglik-alana-carparak-ters-dondu-2-yarali\/#respond"]}]},{"@type":"WebPage","@id":"https:\/\/memurunsesi.net\/index.php\/2025\/08\/21\/antalyada-otomobil-daglik-alana-carparak-ters-dondu-2-yarali\/","url":"https:\/\/memurunsesi.net\/index.php\/2025\/08\/21\/antalyada-otomobil-daglik-alana-carparak-ters-dondu-2-yarali\/","name":"Antalya'da otomobil da\u011fl\u0131k alana \u00e7arparak ters d\u00f6nd\u00fc: 2 yaral\u0131 - Memurun Sesi","isPartOf":{"@id":"https:\/\/memurunsesi.net\/#website"},"primaryImageOfPage":{"@id":"https:\/\/memurunsesi.net\/index.php\/2025\/08\/21\/antalyada-otomobil-daglik-alana-carparak-ters-dondu-2-yarali\/#primaryimage"},"image":{"@id":"https:\/\/memurunsesi.net\/index.php\/2025\/08\/21\/antalyada-otomobil-daglik-alana-carparak-ters-dondu-2-yarali\/#primaryimage"},"thumbnailUrl":"https:\/\/memurunsesi.net\/wp-content\/uploads\/2025\/08\/AW521773_01.jpg","datePublished":"2025-08-21T08:09:19+00:00","breadcrumb":{"@id":"https:\/\/memurunsesi.net\/index.php\/2025\/08\/21\/antalyada-otomobil-daglik-alana-carparak-ters-dondu-2-yarali\/#breadcrumb"},"inLanguage":"tr","potentialAction":[{"@type":"ReadAction","target":["https:\/\/memurunsesi.net\/index.php\/2025\/08\/21\/antalyada-otomobil-daglik-alana-carparak-ters-dondu-2-yarali\/"]}]},{"@type":"ImageObject","inLanguage":"tr","@id":"https:\/\/memurunsesi.net\/index.php\/2025\/08\/21\/antalyada-otomobil-daglik-alana-carparak-ters-dondu-2-yarali\/#primaryimage","url":"https:\/\/memurunsesi.net\/wp-content\/uploads\/2025\/08\/AW521773_01.jpg","contentUrl":"https:\/\/memurunsesi.net\/wp-content\/uploads\/2025\/08\/AW521773_01.jpg","width":954,"height":601,"caption":"ANTALYA'NIN KA\u015e \u0130L\u00c7ES\u0130NDE D\u0130REKS\u0130YON HAK\u0130M\u0130YET\u0130N\u0130 KAYBEDEN ARA\u00c7 DA\u011eLIK ALANA \u00c7ARPARAK TERS D\u00d6ND\u00dc. KAZADA \u0130K\u0130 K\u0130\u015e\u0130 YARALANDI. (D\u0130LRUBA DEM\u0130RC\u0130\/ANTALYA-\u0130HA) Antalya'n\u0131n Ka\u015f il\u00e7esinde s\u00fcr\u00fcc\u00fcs\u00fcn\u00fcn direksiyon hakimiyetini kaybetti\u011fi ara\u00e7 da\u011fl\u0131k alana \u00e7arparak ters d\u00f6nd\u00fc. Kazada 2 ki\u015fi yaraland\u0131."},{"@type":"BreadcrumbList","@id":"https:\/\/memurunsesi.net\/index.php\/2025\/08\/21\/antalyada-otomobil-daglik-alana-carparak-ters-dondu-2-yarali\/#breadcrumb","itemListElement":[{"@type":"ListItem","position":1,"name":"Anasayfa","item":"https:\/\/memurunsesi.net\/"},{"@type":"ListItem","position":2,"name":"Antalya&#8217;da otomobil da\u011fl\u0131k alana \u00e7arparak ters d\u00f6nd\u00fc: 2 yaral\u0131"}]},{"@type":"WebSite","@id":"https:\/\/memurunsesi.net\/#website","url":"https:\/\/memurunsesi.net\/","name":"Memurun Sesi","description":"G\u00fcncel ve Do\u011fru Haber","publisher":{"@id":"https:\/\/memurunsesi.net\/#organization"},"potentialAction":[{"@type":"SearchAction","target":{"@type":"EntryPoint","urlTemplate":"https:\/\/memurunsesi.net\/?s={search_term_string}"},"query-input":{"@type":"PropertyValueSpecification","valueRequired":true,"valueName":"search_term_string"}}],"inLanguage":"tr"},{"@type":"Organization","@id":"https:\/\/memurunsesi.net\/#organization","name":"Memurun Sesi","url":"https:\/\/memurunsesi.net\/","logo":{"@type":"ImageObject","inLanguage":"tr","@id":"https:\/\/memurunsesi.net\/#\/schema\/logo\/image\/","url":"https:\/\/memurunsesi.net\/wp-content\/uploads\/2025\/11\/cropped-MEMURUN-SESI.png","contentUrl":"https:\/\/memurunsesi.net\/wp-content\/uploads\/2025\/11\/cropped-MEMURUN-SESI.png","width":238,"height":57,"caption":"Memurun Sesi"},"image":{"@id":"https:\/\/memurunsesi.net\/#\/schema\/logo\/image\/"},"sameAs":["https:\/\/www.facebook.com\/unipersen\/?locale=tr_TR","https:\/\/x.com\/unipersen"]},{"@type":"Person","@id":"https:\/\/memurunsesi.net\/#\/schema\/person\/f21c2d73b89f6ee1d80b0a1803e38587","name":"Memurun Sesi Haber Merkezi","image":{"@type":"ImageObject","inLanguage":"tr","@id":"https:\/\/secure.gravatar.com\/avatar\/6cf0505f452ee753f485014986fab09a434671d2b919ee76fc541025c5876a70?s=96&d=mm&r=g","url":"https:\/\/secure.gravatar.com\/avatar\/6cf0505f452ee753f485014986fab09a434671d2b919ee76fc541025c5876a70?s=96&d=mm&r=g","contentUrl":"https:\/\/secure.gravatar.com\/avatar\/6cf0505f452ee753f485014986fab09a434671d2b919ee76fc541025c5876a70?s=96&d=mm&r=g","caption":"Memurun Sesi Haber Merkezi"},"sameAs":["https:\/\/memurunsesi.net"],"url":"https:\/\/memurunsesi.net\/index.php\/author\/uniper\/"}]}},"_links":{"self":[{"href":"https:\/\/memurunsesi.net\/index.php\/wp-json\/wp\/v2\/posts\/10772","targetHints":{"allow":["GET"]}}],"collection":[{"href":"https:\/\/memurunsesi.net\/index.php\/wp-json\/wp\/v2\/posts"}],"about":[{"href":"https:\/\/memurunsesi.net\/index.php\/wp-json\/wp\/v2\/types\/post"}],"author":[{"embeddable":true,"href":"https:\/\/memurunsesi.net\/index.php\/wp-json\/wp\/v2\/users\/1"}],"replies":[{"embeddable":true,"href":"https:\/\/memurunsesi.net\/index.php\/wp-json\/wp\/v2\/comments?post=10772"}],"version-history":[{"count":1,"href":"https:\/\/memurunsesi.net\/index.php\/wp-json\/wp\/v2\/posts\/10772\/revisions"}],"predecessor-version":[{"id":10774,"href":"https:\/\/memurunsesi.net\/index.php\/wp-json\/wp\/v2\/posts\/10772\/revisions\/10774"}],"wp:featuredmedia":[{"embeddable":true,"href":"https:\/\/memurunsesi.net\/index.php\/wp-json\/wp\/v2\/media\/10773"}],"wp:attachment":[{"href":"https:\/\/memurunsesi.net\/index.php\/wp-json\/wp\/v2\/media?parent=10772"}],"wp:term":[{"taxonomy":"category","embeddable":true,"href":"https:\/\/memurunsesi.net\/index.php\/wp-json\/wp\/v2\/categories?post=10772"},{"taxonomy":"post_tag","embeddable":true,"href":"https:\/\/memurunsesi.net\/index.php\/wp-json\/wp\/v2\/tags?post=10772"}],"curies":[{"name":"wp","href":"https:\/\/api.w.org\/{rel}","templated":true}]}}