{"id":10968,"date":"2025-08-26T09:20:06","date_gmt":"2025-08-26T06:20:06","guid":{"rendered":"https:\/\/memurunsesi.net\/?p=10968"},"modified":"2025-08-26T09:20:06","modified_gmt":"2025-08-26T06:20:06","slug":"uzmani-acikladi-bu-depremler-devam-edecek","status":"publish","type":"post","link":"https:\/\/memurunsesi.net\/index.php\/2025\/08\/26\/uzmani-acikladi-bu-depremler-devam-edecek\/","title":{"rendered":"Uzman\u0131 a\u00e7\u0131klad\u0131: &#8220;Bu depremler devam edecek&#8221;"},"content":{"rendered":"<p>  &#8211; Jeoloji M\u00fchendisi Aysun Aykan, Bal\u0131kesir depremlerini de\u011ferlendirdi   <\/p>\n<p>   Bal\u0131kesir&#8217;de meydana gelen art\u00e7\u0131 depremleri de\u011ferlendiren Jeoloji M\u00fchendisi Aysun Aykan, 6.1 b\u00fcy\u00fckl\u00fc\u011f\u00fcndeki depremin ard\u0131ndan art\u00e7\u0131lar\u0131n normal oldu\u011funu s\u00f6yleyerek, &#8220;Bal\u0131kesir&#8217;de bu art\u00e7\u0131lar uzun s\u00fcre devam edecek&#8221; dedi.<br \/>\n  Kendi ya\u015fad\u0131\u011f\u0131 b\u00f6lge olan Bal\u0131kesir&#8217;de 10 A\u011fustos&#8217;ta meydana gelen 6.1 b\u00fcy\u00fckl\u00fc\u011f\u00fcndeki deprem sonras\u0131 ya\u015fanan binlerce art\u00e7\u0131 sars\u0131nt\u0131y\u0131 de\u011ferlendiren Jeoloji M\u00fchendisi Aysun Aykan, deprem aktivitesinin do\u011fuya do\u011fru kaymakta oldu\u011funu s\u00f6yleyerek Gelenbe Fay\u0131&#8217;n\u0131n da k\u00fc\u00e7\u00fck \u00f6l\u00e7ekte depremler \u00fcretmeye ba\u015flad\u0131\u011f\u0131n\u0131 s\u00f6yledi. Aykan, &#8220;Bal\u0131kesir&#8217;in S\u0131nd\u0131rg\u0131 il\u00e7esinde meydana gelen depremler vatanda\u015flarda tedirginli\u011fe neden oldu. 4 ve 5.1 b\u00fcy\u00fckl\u00fcklerinde art\u00e7\u0131 depremlerin olmas\u0131 normal. Daha \u00e7ok deprem f\u0131rt\u0131nas\u0131na benziyor. Bu b\u00fcy\u00fckl\u00fcklerde depremler, uzun bir s\u00fcre daha devam edecektir. Depremler, S\u0131nd\u0131rg\u0131 Fay\u0131&#8217;n\u0131n oldu\u011fu bir b\u00f6lgede devam ediyor. S\u0131nd\u0131rg\u0131 Fay\u0131&#8217;n\u0131n  bat\u0131 k\u0131sm\u0131nda, kuzey g\u00fcney do\u011frultulu, Gelenbe Fay\u0131 var. Gelenbe Fay\u0131&#8217;nda 2019&#8217;da kuzey ucunda 5 b\u00fcy\u00fckl\u00fc\u011f\u00fcnde deprem meydana gelmi\u015fti ve uzun s\u00fcre art\u00e7\u0131lar devam etmi\u015fti. \u015eu anki deprem aktivitesinin do\u011fuya do\u011fru ilerlemi\u015f oldu\u011funu g\u00f6r\u00fcyoruz. Belli zamanlarda bir deprem f\u0131rt\u0131nas\u0131 \u015feklinde geli\u015fiyor. Depremlerin hemen yak\u0131n\u0131ndaki faya transferi sonucunda, Gelenbe Fay\u0131&#8217;nda da k\u00fc\u00e7\u00fck \u00f6l\u00e7ekte depremler meydana geliyor. Depremlerin transferi devam ederse Bal\u0131kesir&#8217;de yeni depremler geli\u015febilir&#8221; ifadelerine yer verdi. <\/p>\n<p>  &#8220;Binan\u0131z\u0131 kontrol ettirin&#8221;<br \/>\n  Aykan, b\u00f6lgedeki binalar\u0131n kontrol edilmesi gerekti\u011fini ifade ederek s\u00f6zlerini \u015f\u00f6yle tamamlad\u0131:<br \/>\n  &#8220;S\u0131nd\u0131rg\u0131&#8217;da uzun bir s\u00fcre depremler devam edecektir. Dolay\u0131s\u0131yla 4 b\u00fcy\u00fckl\u00fc\u011f\u00fcn\u00fcn \u00fczerindeki depremlerde, hasar g\u00f6ren binalar\u0131n, yap\u0131sal hasarlar\u0131n kontrol edilmesi gerekmektedir. Genellikle bu t\u00fcr deprem f\u0131rt\u0131nalar\u0131 b\u00fcy\u00fck bir y\u0131k\u0131ma yol a\u00e7maz, fakat depremler uzun bir s\u00fcre devam edebilir, bu y\u00fczden evlerde olu\u015fan yap\u0131sal hasarlar\u0131n kontrol ettirilmesi gerekir. Vatanda\u015flar\u0131m\u0131z\u0131n bu y\u00f6nde \u00f6nlem almalar\u0131 ve art\u00e7\u0131 sars\u0131nt\u0131lara kar\u015f\u0131 bilin\u00e7li olmalar\u0131 ve dikkatli olmalar\u0131 gerekir.&#8221;  <\/p>\n<p>26.08.2025                               <\/p>\n","protected":false},"excerpt":{"rendered":"<p>&#8211; Jeoloji M\u00fchendisi Aysun Aykan, Bal\u0131kesir depremlerini de\u011ferlendirdi Bal\u0131kesir&#8217;de meydana gelen art\u00e7\u0131 depremleri de\u011ferlendiren Jeoloji M\u00fchendisi Aysun Aykan, 6.1 b\u00fcy\u00fckl\u00fc\u011f\u00fcndeki depremin ard\u0131ndan art\u00e7\u0131lar\u0131n normal oldu\u011funu s\u00f6yleyerek, &#8220;Bal\u0131kesir&#8217;de bu art\u00e7\u0131lar uzun s\u00fcre devam edecek&#8221; dedi. Kendi ya\u015fad\u0131\u011f\u0131 b\u00f6lge olan Bal\u0131kesir&#8217;de 10 A\u011fustos&#8217;ta meydana gelen 6.1 b\u00fcy\u00fckl\u00fc\u011f\u00fcndeki deprem sonras\u0131 ya\u015fanan binlerce art\u00e7\u0131 sars\u0131nt\u0131y\u0131 de\u011ferlendiren Jeoloji M\u00fchendisi Aysun [&hellip;]<\/p>\n","protected":false},"author":1,"featured_media":10969,"comment_status":"open","ping_status":"open","sticky":false,"template":"","format":"standard","meta":{"footnotes":""},"categories":[45],"tags":[],"class_list":["post-10968","post","type-post","status-publish","format-standard","has-post-thumbnail","hentry","category-gundem"],"yoast_head":"<!-- This site is optimized with the Yoast SEO plugin v27.4 - https:\/\/yoast.com\/product\/yoast-seo-wordpress\/ -->\n<title>Uzman\u0131 a\u00e7\u0131klad\u0131: &quot;Bu depremler devam edecek&quot; - Memurun Sesi<\/title>\n<meta name=\"robots\" content=\"index, follow, max-snippet:-1, max-image-preview:large, max-video-preview:-1\" \/>\n<link rel=\"canonical\" href=\"https:\/\/memurunsesi.net\/index.php\/2025\/08\/26\/uzmani-acikladi-bu-depremler-devam-edecek\/\" \/>\n<meta property=\"og:locale\" content=\"tr_TR\" \/>\n<meta property=\"og:type\" content=\"article\" \/>\n<meta property=\"og:title\" content=\"Uzman\u0131 a\u00e7\u0131klad\u0131: &quot;Bu depremler devam edecek&quot; - Memurun Sesi\" \/>\n<meta property=\"og:description\" content=\"&#8211; Jeoloji M\u00fchendisi Aysun Aykan, Bal\u0131kesir depremlerini de\u011ferlendirdi Bal\u0131kesir&#8217;de meydana gelen art\u00e7\u0131 depremleri de\u011ferlendiren Jeoloji M\u00fchendisi Aysun Aykan, 6.1 b\u00fcy\u00fckl\u00fc\u011f\u00fcndeki depremin ard\u0131ndan art\u00e7\u0131lar\u0131n normal oldu\u011funu s\u00f6yleyerek, &#8220;Bal\u0131kesir&#8217;de bu art\u00e7\u0131lar uzun s\u00fcre devam edecek&#8221; dedi. Kendi ya\u015fad\u0131\u011f\u0131 b\u00f6lge olan Bal\u0131kesir&#8217;de 10 A\u011fustos&#8217;ta meydana gelen 6.1 b\u00fcy\u00fckl\u00fc\u011f\u00fcndeki deprem sonras\u0131 ya\u015fanan binlerce art\u00e7\u0131 sars\u0131nt\u0131y\u0131 de\u011ferlendiren Jeoloji M\u00fchendisi Aysun [&hellip;]\" \/>\n<meta property=\"og:url\" content=\"https:\/\/memurunsesi.net\/index.php\/2025\/08\/26\/uzmani-acikladi-bu-depremler-devam-edecek\/\" \/>\n<meta property=\"og:site_name\" content=\"Memurun Sesi\" \/>\n<meta property=\"article:publisher\" content=\"https:\/\/www.facebook.com\/unipersen\/?locale=tr_TR\" \/>\n<meta property=\"article:published_time\" content=\"2025-08-26T06:20:06+00:00\" \/>\n<meta property=\"og:image\" content=\"https:\/\/memurunsesi.net\/wp-content\/uploads\/2025\/08\/AW524787_01.jpg\" \/>\n\t<meta property=\"og:image:width\" content=\"1571\" \/>\n\t<meta property=\"og:image:height\" content=\"1600\" \/>\n\t<meta property=\"og:image:type\" content=\"image\/jpeg\" \/>\n<meta name=\"author\" content=\"Memurun Sesi Haber Merkezi\" \/>\n<meta name=\"twitter:card\" content=\"summary_large_image\" \/>\n<meta name=\"twitter:creator\" content=\"@unipersen\" \/>\n<meta name=\"twitter:site\" content=\"@unipersen\" \/>\n<meta name=\"twitter:label1\" content=\"Yazan:\" \/>\n\t<meta name=\"twitter:data1\" content=\"Memurun Sesi Haber Merkezi\" \/>\n\t<meta name=\"twitter:label2\" content=\"Tahmini okuma s\u00fcresi\" \/>\n\t<meta name=\"twitter:data2\" content=\"1 dakika\" \/>\n<script type=\"application\/ld+json\" class=\"yoast-schema-graph\">{\"@context\":\"https:\\\/\\\/schema.org\",\"@graph\":[{\"@type\":\"Article\",\"@id\":\"https:\\\/\\\/memurunsesi.net\\\/index.php\\\/2025\\\/08\\\/26\\\/uzmani-acikladi-bu-depremler-devam-edecek\\\/#article\",\"isPartOf\":{\"@id\":\"https:\\\/\\\/memurunsesi.net\\\/index.php\\\/2025\\\/08\\\/26\\\/uzmani-acikladi-bu-depremler-devam-edecek\\\/\"},\"author\":{\"name\":\"Memurun Sesi Haber Merkezi\",\"@id\":\"https:\\\/\\\/memurunsesi.net\\\/#\\\/schema\\\/person\\\/f21c2d73b89f6ee1d80b0a1803e38587\"},\"headline\":\"Uzman\u0131 a\u00e7\u0131klad\u0131: &#8220;Bu depremler devam edecek&#8221;\",\"datePublished\":\"2025-08-26T06:20:06+00:00\",\"mainEntityOfPage\":{\"@id\":\"https:\\\/\\\/memurunsesi.net\\\/index.php\\\/2025\\\/08\\\/26\\\/uzmani-acikladi-bu-depremler-devam-edecek\\\/\"},\"wordCount\":394,\"commentCount\":0,\"publisher\":{\"@id\":\"https:\\\/\\\/memurunsesi.net\\\/#organization\"},\"image\":{\"@id\":\"https:\\\/\\\/memurunsesi.net\\\/index.php\\\/2025\\\/08\\\/26\\\/uzmani-acikladi-bu-depremler-devam-edecek\\\/#primaryimage\"},\"thumbnailUrl\":\"https:\\\/\\\/memurunsesi.net\\\/wp-content\\\/uploads\\\/2025\\\/08\\\/AW524787_01.jpg\",\"articleSection\":[\"G\u00fcndem\"],\"inLanguage\":\"tr\",\"potentialAction\":[{\"@type\":\"CommentAction\",\"name\":\"Comment\",\"target\":[\"https:\\\/\\\/memurunsesi.net\\\/index.php\\\/2025\\\/08\\\/26\\\/uzmani-acikladi-bu-depremler-devam-edecek\\\/#respond\"]}]},{\"@type\":\"WebPage\",\"@id\":\"https:\\\/\\\/memurunsesi.net\\\/index.php\\\/2025\\\/08\\\/26\\\/uzmani-acikladi-bu-depremler-devam-edecek\\\/\",\"url\":\"https:\\\/\\\/memurunsesi.net\\\/index.php\\\/2025\\\/08\\\/26\\\/uzmani-acikladi-bu-depremler-devam-edecek\\\/\",\"name\":\"Uzman\u0131 a\u00e7\u0131klad\u0131: \\\"Bu depremler devam edecek\\\" - Memurun Sesi\",\"isPartOf\":{\"@id\":\"https:\\\/\\\/memurunsesi.net\\\/#website\"},\"primaryImageOfPage\":{\"@id\":\"https:\\\/\\\/memurunsesi.net\\\/index.php\\\/2025\\\/08\\\/26\\\/uzmani-acikladi-bu-depremler-devam-edecek\\\/#primaryimage\"},\"image\":{\"@id\":\"https:\\\/\\\/memurunsesi.net\\\/index.php\\\/2025\\\/08\\\/26\\\/uzmani-acikladi-bu-depremler-devam-edecek\\\/#primaryimage\"},\"thumbnailUrl\":\"https:\\\/\\\/memurunsesi.net\\\/wp-content\\\/uploads\\\/2025\\\/08\\\/AW524787_01.jpg\",\"datePublished\":\"2025-08-26T06:20:06+00:00\",\"breadcrumb\":{\"@id\":\"https:\\\/\\\/memurunsesi.net\\\/index.php\\\/2025\\\/08\\\/26\\\/uzmani-acikladi-bu-depremler-devam-edecek\\\/#breadcrumb\"},\"inLanguage\":\"tr\",\"potentialAction\":[{\"@type\":\"ReadAction\",\"target\":[\"https:\\\/\\\/memurunsesi.net\\\/index.php\\\/2025\\\/08\\\/26\\\/uzmani-acikladi-bu-depremler-devam-edecek\\\/\"]}]},{\"@type\":\"ImageObject\",\"inLanguage\":\"tr\",\"@id\":\"https:\\\/\\\/memurunsesi.net\\\/index.php\\\/2025\\\/08\\\/26\\\/uzmani-acikladi-bu-depremler-devam-edecek\\\/#primaryimage\",\"url\":\"https:\\\/\\\/memurunsesi.net\\\/wp-content\\\/uploads\\\/2025\\\/08\\\/AW524787_01.jpg\",\"contentUrl\":\"https:\\\/\\\/memurunsesi.net\\\/wp-content\\\/uploads\\\/2025\\\/08\\\/AW524787_01.jpg\",\"width\":1571,\"height\":1600},{\"@type\":\"BreadcrumbList\",\"@id\":\"https:\\\/\\\/memurunsesi.net\\\/index.php\\\/2025\\\/08\\\/26\\\/uzmani-acikladi-bu-depremler-devam-edecek\\\/#breadcrumb\",\"itemListElement\":[{\"@type\":\"ListItem\",\"position\":1,\"name\":\"Anasayfa\",\"item\":\"https:\\\/\\\/memurunsesi.net\\\/\"},{\"@type\":\"ListItem\",\"position\":2,\"name\":\"Uzman\u0131 a\u00e7\u0131klad\u0131: &#8220;Bu depremler devam edecek&#8221;\"}]},{\"@type\":\"WebSite\",\"@id\":\"https:\\\/\\\/memurunsesi.net\\\/#website\",\"url\":\"https:\\\/\\\/memurunsesi.net\\\/\",\"name\":\"Memurun Sesi\",\"description\":\"G\u00fcncel ve Do\u011fru Haber\",\"publisher\":{\"@id\":\"https:\\\/\\\/memurunsesi.net\\\/#organization\"},\"potentialAction\":[{\"@type\":\"SearchAction\",\"target\":{\"@type\":\"EntryPoint\",\"urlTemplate\":\"https:\\\/\\\/memurunsesi.net\\\/?s={search_term_string}\"},\"query-input\":{\"@type\":\"PropertyValueSpecification\",\"valueRequired\":true,\"valueName\":\"search_term_string\"}}],\"inLanguage\":\"tr\"},{\"@type\":\"Organization\",\"@id\":\"https:\\\/\\\/memurunsesi.net\\\/#organization\",\"name\":\"Memurun Sesi\",\"url\":\"https:\\\/\\\/memurunsesi.net\\\/\",\"logo\":{\"@type\":\"ImageObject\",\"inLanguage\":\"tr\",\"@id\":\"https:\\\/\\\/memurunsesi.net\\\/#\\\/schema\\\/logo\\\/image\\\/\",\"url\":\"https:\\\/\\\/memurunsesi.net\\\/wp-content\\\/uploads\\\/2025\\\/11\\\/cropped-MEMURUN-SESI.png\",\"contentUrl\":\"https:\\\/\\\/memurunsesi.net\\\/wp-content\\\/uploads\\\/2025\\\/11\\\/cropped-MEMURUN-SESI.png\",\"width\":238,\"height\":57,\"caption\":\"Memurun Sesi\"},\"image\":{\"@id\":\"https:\\\/\\\/memurunsesi.net\\\/#\\\/schema\\\/logo\\\/image\\\/\"},\"sameAs\":[\"https:\\\/\\\/www.facebook.com\\\/unipersen\\\/?locale=tr_TR\",\"https:\\\/\\\/x.com\\\/unipersen\"]},{\"@type\":\"Person\",\"@id\":\"https:\\\/\\\/memurunsesi.net\\\/#\\\/schema\\\/person\\\/f21c2d73b89f6ee1d80b0a1803e38587\",\"name\":\"Memurun Sesi Haber Merkezi\",\"image\":{\"@type\":\"ImageObject\",\"inLanguage\":\"tr\",\"@id\":\"https:\\\/\\\/secure.gravatar.com\\\/avatar\\\/6cf0505f452ee753f485014986fab09a434671d2b919ee76fc541025c5876a70?s=96&d=mm&r=g\",\"url\":\"https:\\\/\\\/secure.gravatar.com\\\/avatar\\\/6cf0505f452ee753f485014986fab09a434671d2b919ee76fc541025c5876a70?s=96&d=mm&r=g\",\"contentUrl\":\"https:\\\/\\\/secure.gravatar.com\\\/avatar\\\/6cf0505f452ee753f485014986fab09a434671d2b919ee76fc541025c5876a70?s=96&d=mm&r=g\",\"caption\":\"Memurun Sesi Haber Merkezi\"},\"sameAs\":[\"https:\\\/\\\/memurunsesi.net\"],\"url\":\"https:\\\/\\\/memurunsesi.net\\\/index.php\\\/author\\\/uniper\\\/\"}]}<\/script>\n<!-- \/ Yoast SEO plugin. -->","yoast_head_json":{"title":"Uzman\u0131 a\u00e7\u0131klad\u0131: \"Bu depremler devam edecek\" - Memurun Sesi","robots":{"index":"index","follow":"follow","max-snippet":"max-snippet:-1","max-image-preview":"max-image-preview:large","max-video-preview":"max-video-preview:-1"},"canonical":"https:\/\/memurunsesi.net\/index.php\/2025\/08\/26\/uzmani-acikladi-bu-depremler-devam-edecek\/","og_locale":"tr_TR","og_type":"article","og_title":"Uzman\u0131 a\u00e7\u0131klad\u0131: \"Bu depremler devam edecek\" - Memurun Sesi","og_description":"&#8211; Jeoloji M\u00fchendisi Aysun Aykan, Bal\u0131kesir depremlerini de\u011ferlendirdi Bal\u0131kesir&#8217;de meydana gelen art\u00e7\u0131 depremleri de\u011ferlendiren Jeoloji M\u00fchendisi Aysun Aykan, 6.1 b\u00fcy\u00fckl\u00fc\u011f\u00fcndeki depremin ard\u0131ndan art\u00e7\u0131lar\u0131n normal oldu\u011funu s\u00f6yleyerek, &#8220;Bal\u0131kesir&#8217;de bu art\u00e7\u0131lar uzun s\u00fcre devam edecek&#8221; dedi. Kendi ya\u015fad\u0131\u011f\u0131 b\u00f6lge olan Bal\u0131kesir&#8217;de 10 A\u011fustos&#8217;ta meydana gelen 6.1 b\u00fcy\u00fckl\u00fc\u011f\u00fcndeki deprem sonras\u0131 ya\u015fanan binlerce art\u00e7\u0131 sars\u0131nt\u0131y\u0131 de\u011ferlendiren Jeoloji M\u00fchendisi Aysun [&hellip;]","og_url":"https:\/\/memurunsesi.net\/index.php\/2025\/08\/26\/uzmani-acikladi-bu-depremler-devam-edecek\/","og_site_name":"Memurun Sesi","article_publisher":"https:\/\/www.facebook.com\/unipersen\/?locale=tr_TR","article_published_time":"2025-08-26T06:20:06+00:00","og_image":[{"width":1571,"height":1600,"url":"https:\/\/memurunsesi.net\/wp-content\/uploads\/2025\/08\/AW524787_01.jpg","type":"image\/jpeg"}],"author":"Memurun Sesi Haber Merkezi","twitter_card":"summary_large_image","twitter_creator":"@unipersen","twitter_site":"@unipersen","twitter_misc":{"Yazan:":"Memurun Sesi Haber Merkezi","Tahmini okuma s\u00fcresi":"1 dakika"},"schema":{"@context":"https:\/\/schema.org","@graph":[{"@type":"Article","@id":"https:\/\/memurunsesi.net\/index.php\/2025\/08\/26\/uzmani-acikladi-bu-depremler-devam-edecek\/#article","isPartOf":{"@id":"https:\/\/memurunsesi.net\/index.php\/2025\/08\/26\/uzmani-acikladi-bu-depremler-devam-edecek\/"},"author":{"name":"Memurun Sesi Haber Merkezi","@id":"https:\/\/memurunsesi.net\/#\/schema\/person\/f21c2d73b89f6ee1d80b0a1803e38587"},"headline":"Uzman\u0131 a\u00e7\u0131klad\u0131: &#8220;Bu depremler devam edecek&#8221;","datePublished":"2025-08-26T06:20:06+00:00","mainEntityOfPage":{"@id":"https:\/\/memurunsesi.net\/index.php\/2025\/08\/26\/uzmani-acikladi-bu-depremler-devam-edecek\/"},"wordCount":394,"commentCount":0,"publisher":{"@id":"https:\/\/memurunsesi.net\/#organization"},"image":{"@id":"https:\/\/memurunsesi.net\/index.php\/2025\/08\/26\/uzmani-acikladi-bu-depremler-devam-edecek\/#primaryimage"},"thumbnailUrl":"https:\/\/memurunsesi.net\/wp-content\/uploads\/2025\/08\/AW524787_01.jpg","articleSection":["G\u00fcndem"],"inLanguage":"tr","potentialAction":[{"@type":"CommentAction","name":"Comment","target":["https:\/\/memurunsesi.net\/index.php\/2025\/08\/26\/uzmani-acikladi-bu-depremler-devam-edecek\/#respond"]}]},{"@type":"WebPage","@id":"https:\/\/memurunsesi.net\/index.php\/2025\/08\/26\/uzmani-acikladi-bu-depremler-devam-edecek\/","url":"https:\/\/memurunsesi.net\/index.php\/2025\/08\/26\/uzmani-acikladi-bu-depremler-devam-edecek\/","name":"Uzman\u0131 a\u00e7\u0131klad\u0131: \"Bu depremler devam edecek\" - Memurun Sesi","isPartOf":{"@id":"https:\/\/memurunsesi.net\/#website"},"primaryImageOfPage":{"@id":"https:\/\/memurunsesi.net\/index.php\/2025\/08\/26\/uzmani-acikladi-bu-depremler-devam-edecek\/#primaryimage"},"image":{"@id":"https:\/\/memurunsesi.net\/index.php\/2025\/08\/26\/uzmani-acikladi-bu-depremler-devam-edecek\/#primaryimage"},"thumbnailUrl":"https:\/\/memurunsesi.net\/wp-content\/uploads\/2025\/08\/AW524787_01.jpg","datePublished":"2025-08-26T06:20:06+00:00","breadcrumb":{"@id":"https:\/\/memurunsesi.net\/index.php\/2025\/08\/26\/uzmani-acikladi-bu-depremler-devam-edecek\/#breadcrumb"},"inLanguage":"tr","potentialAction":[{"@type":"ReadAction","target":["https:\/\/memurunsesi.net\/index.php\/2025\/08\/26\/uzmani-acikladi-bu-depremler-devam-edecek\/"]}]},{"@type":"ImageObject","inLanguage":"tr","@id":"https:\/\/memurunsesi.net\/index.php\/2025\/08\/26\/uzmani-acikladi-bu-depremler-devam-edecek\/#primaryimage","url":"https:\/\/memurunsesi.net\/wp-content\/uploads\/2025\/08\/AW524787_01.jpg","contentUrl":"https:\/\/memurunsesi.net\/wp-content\/uploads\/2025\/08\/AW524787_01.jpg","width":1571,"height":1600},{"@type":"BreadcrumbList","@id":"https:\/\/memurunsesi.net\/index.php\/2025\/08\/26\/uzmani-acikladi-bu-depremler-devam-edecek\/#breadcrumb","itemListElement":[{"@type":"ListItem","position":1,"name":"Anasayfa","item":"https:\/\/memurunsesi.net\/"},{"@type":"ListItem","position":2,"name":"Uzman\u0131 a\u00e7\u0131klad\u0131: &#8220;Bu depremler devam edecek&#8221;"}]},{"@type":"WebSite","@id":"https:\/\/memurunsesi.net\/#website","url":"https:\/\/memurunsesi.net\/","name":"Memurun Sesi","description":"G\u00fcncel ve Do\u011fru Haber","publisher":{"@id":"https:\/\/memurunsesi.net\/#organization"},"potentialAction":[{"@type":"SearchAction","target":{"@type":"EntryPoint","urlTemplate":"https:\/\/memurunsesi.net\/?s={search_term_string}"},"query-input":{"@type":"PropertyValueSpecification","valueRequired":true,"valueName":"search_term_string"}}],"inLanguage":"tr"},{"@type":"Organization","@id":"https:\/\/memurunsesi.net\/#organization","name":"Memurun Sesi","url":"https:\/\/memurunsesi.net\/","logo":{"@type":"ImageObject","inLanguage":"tr","@id":"https:\/\/memurunsesi.net\/#\/schema\/logo\/image\/","url":"https:\/\/memurunsesi.net\/wp-content\/uploads\/2025\/11\/cropped-MEMURUN-SESI.png","contentUrl":"https:\/\/memurunsesi.net\/wp-content\/uploads\/2025\/11\/cropped-MEMURUN-SESI.png","width":238,"height":57,"caption":"Memurun Sesi"},"image":{"@id":"https:\/\/memurunsesi.net\/#\/schema\/logo\/image\/"},"sameAs":["https:\/\/www.facebook.com\/unipersen\/?locale=tr_TR","https:\/\/x.com\/unipersen"]},{"@type":"Person","@id":"https:\/\/memurunsesi.net\/#\/schema\/person\/f21c2d73b89f6ee1d80b0a1803e38587","name":"Memurun Sesi Haber Merkezi","image":{"@type":"ImageObject","inLanguage":"tr","@id":"https:\/\/secure.gravatar.com\/avatar\/6cf0505f452ee753f485014986fab09a434671d2b919ee76fc541025c5876a70?s=96&d=mm&r=g","url":"https:\/\/secure.gravatar.com\/avatar\/6cf0505f452ee753f485014986fab09a434671d2b919ee76fc541025c5876a70?s=96&d=mm&r=g","contentUrl":"https:\/\/secure.gravatar.com\/avatar\/6cf0505f452ee753f485014986fab09a434671d2b919ee76fc541025c5876a70?s=96&d=mm&r=g","caption":"Memurun Sesi Haber Merkezi"},"sameAs":["https:\/\/memurunsesi.net"],"url":"https:\/\/memurunsesi.net\/index.php\/author\/uniper\/"}]}},"_links":{"self":[{"href":"https:\/\/memurunsesi.net\/index.php\/wp-json\/wp\/v2\/posts\/10968","targetHints":{"allow":["GET"]}}],"collection":[{"href":"https:\/\/memurunsesi.net\/index.php\/wp-json\/wp\/v2\/posts"}],"about":[{"href":"https:\/\/memurunsesi.net\/index.php\/wp-json\/wp\/v2\/types\/post"}],"author":[{"embeddable":true,"href":"https:\/\/memurunsesi.net\/index.php\/wp-json\/wp\/v2\/users\/1"}],"replies":[{"embeddable":true,"href":"https:\/\/memurunsesi.net\/index.php\/wp-json\/wp\/v2\/comments?post=10968"}],"version-history":[{"count":1,"href":"https:\/\/memurunsesi.net\/index.php\/wp-json\/wp\/v2\/posts\/10968\/revisions"}],"predecessor-version":[{"id":10970,"href":"https:\/\/memurunsesi.net\/index.php\/wp-json\/wp\/v2\/posts\/10968\/revisions\/10970"}],"wp:featuredmedia":[{"embeddable":true,"href":"https:\/\/memurunsesi.net\/index.php\/wp-json\/wp\/v2\/media\/10969"}],"wp:attachment":[{"href":"https:\/\/memurunsesi.net\/index.php\/wp-json\/wp\/v2\/media?parent=10968"}],"wp:term":[{"taxonomy":"category","embeddable":true,"href":"https:\/\/memurunsesi.net\/index.php\/wp-json\/wp\/v2\/categories?post=10968"},{"taxonomy":"post_tag","embeddable":true,"href":"https:\/\/memurunsesi.net\/index.php\/wp-json\/wp\/v2\/tags?post=10968"}],"curies":[{"name":"wp","href":"https:\/\/api.w.org\/{rel}","templated":true}]}}