{"id":11005,"date":"2025-08-27T10:23:14","date_gmt":"2025-08-27T07:23:14","guid":{"rendered":"https:\/\/memurunsesi.net\/?p=11005"},"modified":"2025-08-27T10:23:14","modified_gmt":"2025-08-27T07:23:14","slug":"mersinde-patron-kayip-isciler-magdur-iddiasi","status":"publish","type":"post","link":"https:\/\/memurunsesi.net\/index.php\/2025\/08\/27\/mersinde-patron-kayip-isciler-magdur-iddiasi\/","title":{"rendered":"Mersin&#8217;de patron kay\u0131p, i\u015f\u00e7iler ma\u011fdur iddias\u0131"},"content":{"rendered":"<p>  &#8211; Faaliyet g\u00f6steren bir tekstil at\u00f6lyesinin sahibinin, \u00e7al\u0131\u015fanlar\u0131n maa\u015flar\u0131n\u0131 \u00f6demeden kay\u0131plara kar\u0131\u015ft\u0131\u011f\u0131 iddia edilirken, ma\u011fdurlar ya\u015fananlar\u0131 anlatt\u0131  <\/p>\n<p>  Mersin&#8217;de faaliyet g\u00f6steren bir tekstil at\u00f6lyesinin sahibinin, \u00e7al\u0131\u015fanlar\u0131n\u0131n maa\u015flar\u0131n\u0131 \u00f6demeden kay\u0131plara kar\u0131\u015ft\u0131\u011f\u0131 iddia edildi. Yakla\u015f\u0131k 120 i\u015f\u00e7inin oldu\u011fu belirtilen at\u00f6lyede \u00e7al\u0131\u015fanlar, 3 ayd\u0131r \u00fccret alamad\u0131klar\u0131n\u0131 s\u00f6yleyerek ma\u011fduriyetlerini dile getirdi.<br \/>\n  Merkez Akdeniz il\u00e7esi Serbest B\u00f6lge&#8217;de faaliyet g\u00f6steren tekstil at\u00f6lyesinin sahipleri M.A.\u00d6. ile e\u015fi H.\u00d6.&#8217;n\u00fcn, iddiaya g\u00f6re i\u015f\u00e7ilerin maa\u015flar\u0131n\u0131 ve tazminatlar\u0131n\u0131 \u00f6demeden gece yar\u0131s\u0131 tekstil at\u00f6lyesindeki makineleri alarak ortadan kayboldu\u011fu \u00f6ne s\u00fcr\u00fcld\u00fc. At\u00f6lyede \u00e7al\u0131\u015fan i\u015f\u00e7ilere ma\u011fdur olduklar\u0131n\u0131 belirterek yard\u0131m istedi. <\/p>\n<p>  &#8220;Patronumuz ka\u00e7\u0131p gitti&#8221;<br \/>\n  At\u00f6lyede \u00e7al\u0131\u015fan ve ma\u011fdur oldu\u011funu belirten i\u015f\u00e7ilerden Hakan Karg\u00f6z, patronlar\u0131n bir s\u00fcredir para vermeyerek oyalad\u0131klar\u0131n\u0131, bir s\u00fcre sonra da ortadan kaybolduklar\u0131n\u0131 s\u00f6yledi. Karag\u00f6z, &#8220;Patronumuz ka\u00e7\u0131p gitti. Ondan \u00f6ncesinde bize batmayaca\u011f\u0131na dair s\u00f6z verdi. &#8216;Param var, batmayaca\u011f\u0131m, i\u015fim var&#8217; diye. Bizi kand\u0131rd\u0131. &#8216;Paran\u0131z\u0131 \u00e7ek halinde bize verdiler, bozduram\u0131yorum&#8217; diyerek iki ay bizi oyalad\u0131. Son i\u015fimizi diktikten sonra patronumuz bir gece at\u00f6lyeyi kapat\u0131p ka\u00e7t\u0131. Ortalardan kayboldu. \u0130nsanlar\u0131 belirli bir tarihe a\u00e7\u0131klama yapaca\u011f\u0131m diye kand\u0131r\u0131p evini de bo\u015falt\u0131p ka\u00e7t\u0131. Ortada ma\u011fdur kald\u0131k, param\u0131z yok, hi\u00e7bir muhatap bulam\u0131yoruz&#8221; \u015feklinde konu\u015ftu. <\/p>\n<p>  &#8220;Gece gelip at\u00f6lyeyi bo\u015faltm\u0131\u015flar&#8221;<br \/>\n  Karg\u00f6z, \u00e7al\u0131\u015fan i\u015f\u00e7ilerin hi\u00e7birinin maa\u015flar\u0131n\u0131 ve tazminatlar\u0131n\u0131 alamad\u0131\u011f\u0131n\u0131 ifade ederek, &#8220;Kiminin 2 bu\u00e7uk sene, kiminin 5, 6, 7, 8 senesi olan insanlar da var. Hi\u00e7biri haklar\u0131n\u0131 alamad\u0131. Ne y\u0131ll\u0131k izinlerini, ne tazminatlar\u0131n\u0131, ne maa\u015flar\u0131n\u0131 hepsi i\u00e7eride. Patronumuza hi\u00e7bir \u015fekilde ula\u015fam\u0131yoruz. Bir gecede bo\u015falt\u0131p gitti. Gece saat iki, \u00fc\u00e7 aras\u0131nda gelip at\u00f6lyeyi bo\u015faltm\u0131\u015flar. Bu civarlarda b\u00fcy\u00fck ihtimalle bir depoya ta\u015f\u0131m\u0131\u015flar mallar\u0131. Mallar sat\u0131l\u0131rsa yine de param\u0131z \u00f6denir ama \u00f6demek istemiyor. Ka\u00e7\u0131p gitmeyi tercih ediyor&#8221; dedi. <\/p>\n<p>  &#8220;Hi\u00e7bir \u015fekilde ula\u015fam\u0131yoruz, bize \u00f6deme yapm\u0131yor&#8221;<br \/>\n  At\u00f6lyede yakla\u015f\u0131k 120 ki\u015finin \u00e7al\u0131\u015ft\u0131\u011f\u0131n\u0131 vurgulayan Karg\u00f6z, &#8220;Hepsi ma\u011fdur durumda. 15 ki\u015finin \u00e7\u0131k\u0131\u015f\u0131n\u0131 \u00f6nceden verdi. Gerisi ortada kald\u0131. Ne i\u015fsizlik maa\u015f\u0131 alabiliyorlar ne de ba\u015fka bir yerde i\u015fe ba\u015flayabiliyorlar \u00e7\u00fcnk\u00fc aktif sigortalar\u0131 burada devam ediyor. Bir iflas durumu da yok. Adam tamamen paray\u0131 al\u0131p ka\u00e7t\u0131. Bizim maa\u015flar\u0131m\u0131z\u0131n \u00fcst\u00fcne yatt\u0131. Hi\u00e7bir \u015fekilde ula\u015fam\u0131yoruz, bize \u00f6deme yapm\u0131yor&#8221; ifadelerini kulland\u0131.<br \/>\n  Patronlar\u0131n\u0131n at\u00f6lyedeki makine ve malzemeleri bir gece gelip ald\u0131klar\u0131n\u0131 da belirten Karg\u00f6z, malzemeleri kiralad\u0131klar\u0131 ufak bir depoda saklad\u0131klar\u0131n\u0131 ileri s\u00fcrd\u00fc.<br \/>\n  Yetkililerden yard\u0131m \u00e7a\u011fr\u0131s\u0131nda bulunan Karg\u00f6z, &#8220;E\u011fer devlet yetkilileri bize yard\u0131mc\u0131 olursa biz o ka\u00e7an mallar\u0131 kamera g\u00f6r\u00fcnt\u00fcleriyle bulmak istiyoruz. Onlar\u0131n sat\u0131l\u0131p ma\u011fduriyetimizin giderilmesini istiyoruz&#8221; diye konu\u015ftu. <\/p>\n<p>  &#8220;3 ayd\u0131r zor durumday\u0131z&#8221;<br \/>\n  Personel L\u00fctfiye Akp\u0131nar ise 3 ayd\u0131r ma\u011fdur olduklar\u0131n\u0131 ifade ederek, &#8220;\u00dc\u00e7 ayd\u0131r maa\u015flar\u0131 veremediler bize. Ay\u0131n 30&#8217;u, 20&#8217;si, 15&#8217;i deyip bizi ertelediler. Her g\u00fcn burada azar i\u015fiterek \u00e7al\u0131\u015ft\u0131k, hakaret yiyerek \u00e7al\u0131\u015ft\u0131k. Yeri geldi\u011fimizde hakk\u0131m\u0131z\u0131 istedik. Hakk\u0131m\u0131z yok. Al\u0131p ka\u00e7m\u0131\u015flar. Biz dilenmiyoruz. Hakk\u0131m\u0131z olan\u0131 istiyoruz. Bu kadar ki\u015finin \u00e7oluk \u00e7ocu\u011fu var, kiraday\u0131z. \u00dc\u00e7 ayd\u0131r zor durumday\u0131z. Telefonlar\u0131m\u0131za cevap vermiyorlar&#8221; diyerek ya\u015fananlar\u0131 anlatt\u0131.<br \/>\n  \u00d6te yandan, at\u00f6lye sahibiyle irtibat kurulmaya \u00e7al\u0131\u015f\u0131lmas\u0131na ra\u011fmen kendisine ula\u015f\u0131lamad\u0131. <\/p>\n<p>27.08.2025                             <\/p>\n","protected":false},"excerpt":{"rendered":"<p>&#8211; Faaliyet g\u00f6steren bir tekstil at\u00f6lyesinin sahibinin, \u00e7al\u0131\u015fanlar\u0131n maa\u015flar\u0131n\u0131 \u00f6demeden kay\u0131plara kar\u0131\u015ft\u0131\u011f\u0131 iddia edilirken, ma\u011fdurlar ya\u015fananlar\u0131 anlatt\u0131 Mersin&#8217;de faaliyet g\u00f6steren bir tekstil at\u00f6lyesinin sahibinin, \u00e7al\u0131\u015fanlar\u0131n\u0131n maa\u015flar\u0131n\u0131 \u00f6demeden kay\u0131plara kar\u0131\u015ft\u0131\u011f\u0131 iddia edildi. Yakla\u015f\u0131k 120 i\u015f\u00e7inin oldu\u011fu belirtilen at\u00f6lyede \u00e7al\u0131\u015fanlar, 3 ayd\u0131r \u00fccret alamad\u0131klar\u0131n\u0131 s\u00f6yleyerek ma\u011fduriyetlerini dile getirdi. Merkez Akdeniz il\u00e7esi Serbest B\u00f6lge&#8217;de faaliyet g\u00f6steren tekstil at\u00f6lyesinin [&hellip;]<\/p>\n","protected":false},"author":1,"featured_media":11006,"comment_status":"open","ping_status":"open","sticky":false,"template":"","format":"standard","meta":{"footnotes":""},"categories":[50],"tags":[],"class_list":["post-11005","post","type-post","status-publish","format-standard","has-post-thumbnail","hentry","category-tum-haberler"],"yoast_head":"<!-- This site is optimized with the Yoast SEO plugin v27.4 - https:\/\/yoast.com\/product\/yoast-seo-wordpress\/ -->\n<title>Mersin&#039;de patron kay\u0131p, i\u015f\u00e7iler ma\u011fdur iddias\u0131 - Memurun Sesi<\/title>\n<meta name=\"robots\" content=\"index, follow, max-snippet:-1, max-image-preview:large, max-video-preview:-1\" \/>\n<link rel=\"canonical\" href=\"https:\/\/memurunsesi.net\/index.php\/2025\/08\/27\/mersinde-patron-kayip-isciler-magdur-iddiasi\/\" \/>\n<meta property=\"og:locale\" content=\"tr_TR\" \/>\n<meta property=\"og:type\" content=\"article\" \/>\n<meta property=\"og:title\" content=\"Mersin&#039;de patron kay\u0131p, i\u015f\u00e7iler ma\u011fdur iddias\u0131 - Memurun Sesi\" \/>\n<meta property=\"og:description\" content=\"&#8211; Faaliyet g\u00f6steren bir tekstil at\u00f6lyesinin sahibinin, \u00e7al\u0131\u015fanlar\u0131n maa\u015flar\u0131n\u0131 \u00f6demeden kay\u0131plara kar\u0131\u015ft\u0131\u011f\u0131 iddia edilirken, ma\u011fdurlar ya\u015fananlar\u0131 anlatt\u0131 Mersin&#8217;de faaliyet g\u00f6steren bir tekstil at\u00f6lyesinin sahibinin, \u00e7al\u0131\u015fanlar\u0131n\u0131n maa\u015flar\u0131n\u0131 \u00f6demeden kay\u0131plara kar\u0131\u015ft\u0131\u011f\u0131 iddia edildi. Yakla\u015f\u0131k 120 i\u015f\u00e7inin oldu\u011fu belirtilen at\u00f6lyede \u00e7al\u0131\u015fanlar, 3 ayd\u0131r \u00fccret alamad\u0131klar\u0131n\u0131 s\u00f6yleyerek ma\u011fduriyetlerini dile getirdi. Merkez Akdeniz il\u00e7esi Serbest B\u00f6lge&#8217;de faaliyet g\u00f6steren tekstil at\u00f6lyesinin [&hellip;]\" \/>\n<meta property=\"og:url\" content=\"https:\/\/memurunsesi.net\/index.php\/2025\/08\/27\/mersinde-patron-kayip-isciler-magdur-iddiasi\/\" \/>\n<meta property=\"og:site_name\" content=\"Memurun Sesi\" \/>\n<meta property=\"article:publisher\" content=\"https:\/\/www.facebook.com\/unipersen\/?locale=tr_TR\" \/>\n<meta property=\"article:published_time\" content=\"2025-08-27T07:23:14+00:00\" \/>\n<meta property=\"og:image\" content=\"https:\/\/memurunsesi.net\/wp-content\/uploads\/2025\/08\/AW525505_01-scaled.jpg\" \/>\n\t<meta property=\"og:image:width\" content=\"2560\" \/>\n\t<meta property=\"og:image:height\" content=\"1654\" \/>\n\t<meta property=\"og:image:type\" content=\"image\/jpeg\" \/>\n<meta name=\"author\" content=\"Memurun Sesi Haber Merkezi\" \/>\n<meta name=\"twitter:card\" content=\"summary_large_image\" \/>\n<meta name=\"twitter:creator\" content=\"@unipersen\" \/>\n<meta name=\"twitter:site\" content=\"@unipersen\" \/>\n<meta name=\"twitter:label1\" content=\"Yazan:\" \/>\n\t<meta name=\"twitter:data1\" content=\"Memurun Sesi Haber Merkezi\" \/>\n\t<meta name=\"twitter:label2\" content=\"Tahmini okuma s\u00fcresi\" \/>\n\t<meta name=\"twitter:data2\" content=\"1 dakika\" \/>\n<script type=\"application\/ld+json\" class=\"yoast-schema-graph\">{\"@context\":\"https:\\\/\\\/schema.org\",\"@graph\":[{\"@type\":\"Article\",\"@id\":\"https:\\\/\\\/memurunsesi.net\\\/index.php\\\/2025\\\/08\\\/27\\\/mersinde-patron-kayip-isciler-magdur-iddiasi\\\/#article\",\"isPartOf\":{\"@id\":\"https:\\\/\\\/memurunsesi.net\\\/index.php\\\/2025\\\/08\\\/27\\\/mersinde-patron-kayip-isciler-magdur-iddiasi\\\/\"},\"author\":{\"name\":\"Memurun Sesi Haber Merkezi\",\"@id\":\"https:\\\/\\\/memurunsesi.net\\\/#\\\/schema\\\/person\\\/f21c2d73b89f6ee1d80b0a1803e38587\"},\"headline\":\"Mersin&#8217;de patron kay\u0131p, i\u015f\u00e7iler ma\u011fdur iddias\u0131\",\"datePublished\":\"2025-08-27T07:23:14+00:00\",\"mainEntityOfPage\":{\"@id\":\"https:\\\/\\\/memurunsesi.net\\\/index.php\\\/2025\\\/08\\\/27\\\/mersinde-patron-kayip-isciler-magdur-iddiasi\\\/\"},\"wordCount\":657,\"commentCount\":0,\"publisher\":{\"@id\":\"https:\\\/\\\/memurunsesi.net\\\/#organization\"},\"image\":{\"@id\":\"https:\\\/\\\/memurunsesi.net\\\/index.php\\\/2025\\\/08\\\/27\\\/mersinde-patron-kayip-isciler-magdur-iddiasi\\\/#primaryimage\"},\"thumbnailUrl\":\"https:\\\/\\\/memurunsesi.net\\\/wp-content\\\/uploads\\\/2025\\\/08\\\/AW525505_01-scaled.jpg\",\"articleSection\":[\"T\u00fcm Haberler\"],\"inLanguage\":\"tr\",\"potentialAction\":[{\"@type\":\"CommentAction\",\"name\":\"Comment\",\"target\":[\"https:\\\/\\\/memurunsesi.net\\\/index.php\\\/2025\\\/08\\\/27\\\/mersinde-patron-kayip-isciler-magdur-iddiasi\\\/#respond\"]}]},{\"@type\":\"WebPage\",\"@id\":\"https:\\\/\\\/memurunsesi.net\\\/index.php\\\/2025\\\/08\\\/27\\\/mersinde-patron-kayip-isciler-magdur-iddiasi\\\/\",\"url\":\"https:\\\/\\\/memurunsesi.net\\\/index.php\\\/2025\\\/08\\\/27\\\/mersinde-patron-kayip-isciler-magdur-iddiasi\\\/\",\"name\":\"Mersin'de patron kay\u0131p, i\u015f\u00e7iler ma\u011fdur iddias\u0131 - Memurun Sesi\",\"isPartOf\":{\"@id\":\"https:\\\/\\\/memurunsesi.net\\\/#website\"},\"primaryImageOfPage\":{\"@id\":\"https:\\\/\\\/memurunsesi.net\\\/index.php\\\/2025\\\/08\\\/27\\\/mersinde-patron-kayip-isciler-magdur-iddiasi\\\/#primaryimage\"},\"image\":{\"@id\":\"https:\\\/\\\/memurunsesi.net\\\/index.php\\\/2025\\\/08\\\/27\\\/mersinde-patron-kayip-isciler-magdur-iddiasi\\\/#primaryimage\"},\"thumbnailUrl\":\"https:\\\/\\\/memurunsesi.net\\\/wp-content\\\/uploads\\\/2025\\\/08\\\/AW525505_01-scaled.jpg\",\"datePublished\":\"2025-08-27T07:23:14+00:00\",\"breadcrumb\":{\"@id\":\"https:\\\/\\\/memurunsesi.net\\\/index.php\\\/2025\\\/08\\\/27\\\/mersinde-patron-kayip-isciler-magdur-iddiasi\\\/#breadcrumb\"},\"inLanguage\":\"tr\",\"potentialAction\":[{\"@type\":\"ReadAction\",\"target\":[\"https:\\\/\\\/memurunsesi.net\\\/index.php\\\/2025\\\/08\\\/27\\\/mersinde-patron-kayip-isciler-magdur-iddiasi\\\/\"]}]},{\"@type\":\"ImageObject\",\"inLanguage\":\"tr\",\"@id\":\"https:\\\/\\\/memurunsesi.net\\\/index.php\\\/2025\\\/08\\\/27\\\/mersinde-patron-kayip-isciler-magdur-iddiasi\\\/#primaryimage\",\"url\":\"https:\\\/\\\/memurunsesi.net\\\/wp-content\\\/uploads\\\/2025\\\/08\\\/AW525505_01-scaled.jpg\",\"contentUrl\":\"https:\\\/\\\/memurunsesi.net\\\/wp-content\\\/uploads\\\/2025\\\/08\\\/AW525505_01-scaled.jpg\",\"width\":2560,\"height\":1654,\"caption\":\"MERS\u0130N SERBEST B\u00d6LGE'DE FAAL\u0130YET G\u00d6STEREN B\u0130R TEKST\u0130L AT\u00d6LYES\u0130N\u0130N SAH\u0130B\u0130, \u00c7ALI\u015eANLARIN MAA\u015eLARINI \u00d6DEMEDEN KAYIPLARA KARI\u015eTI. (FEVZ\u0130 DEM\u0130RCAN\\\/MERS\u0130N-\u0130HA) Mersin'de faaliyet g\u00f6steren bir tekstil at\u00f6lyesinin sahibinin, \u00e7al\u0131\u015fanlar\u0131n\u0131n maa\u015flar\u0131n\u0131 \u00f6demeden kay\u0131plara kar\u0131\u015ft\u0131\u011f\u0131 iddia edildi. Yakla\u015f\u0131k 120 i\u015f\u00e7inin oldu\u011fu belirtilen at\u00f6lyede \u00e7al\u0131\u015fanlar, 3 ayd\u0131r \u00fccret alamad\u0131klar\u0131n\u0131 s\u00f6yleyerek ma\u011fduriyetlerini dile getirdi.\"},{\"@type\":\"BreadcrumbList\",\"@id\":\"https:\\\/\\\/memurunsesi.net\\\/index.php\\\/2025\\\/08\\\/27\\\/mersinde-patron-kayip-isciler-magdur-iddiasi\\\/#breadcrumb\",\"itemListElement\":[{\"@type\":\"ListItem\",\"position\":1,\"name\":\"Anasayfa\",\"item\":\"https:\\\/\\\/memurunsesi.net\\\/\"},{\"@type\":\"ListItem\",\"position\":2,\"name\":\"Mersin&#8217;de patron kay\u0131p, i\u015f\u00e7iler ma\u011fdur iddias\u0131\"}]},{\"@type\":\"WebSite\",\"@id\":\"https:\\\/\\\/memurunsesi.net\\\/#website\",\"url\":\"https:\\\/\\\/memurunsesi.net\\\/\",\"name\":\"Memurun Sesi\",\"description\":\"G\u00fcncel ve Do\u011fru Haber\",\"publisher\":{\"@id\":\"https:\\\/\\\/memurunsesi.net\\\/#organization\"},\"potentialAction\":[{\"@type\":\"SearchAction\",\"target\":{\"@type\":\"EntryPoint\",\"urlTemplate\":\"https:\\\/\\\/memurunsesi.net\\\/?s={search_term_string}\"},\"query-input\":{\"@type\":\"PropertyValueSpecification\",\"valueRequired\":true,\"valueName\":\"search_term_string\"}}],\"inLanguage\":\"tr\"},{\"@type\":\"Organization\",\"@id\":\"https:\\\/\\\/memurunsesi.net\\\/#organization\",\"name\":\"Memurun Sesi\",\"url\":\"https:\\\/\\\/memurunsesi.net\\\/\",\"logo\":{\"@type\":\"ImageObject\",\"inLanguage\":\"tr\",\"@id\":\"https:\\\/\\\/memurunsesi.net\\\/#\\\/schema\\\/logo\\\/image\\\/\",\"url\":\"https:\\\/\\\/memurunsesi.net\\\/wp-content\\\/uploads\\\/2025\\\/11\\\/cropped-MEMURUN-SESI.png\",\"contentUrl\":\"https:\\\/\\\/memurunsesi.net\\\/wp-content\\\/uploads\\\/2025\\\/11\\\/cropped-MEMURUN-SESI.png\",\"width\":238,\"height\":57,\"caption\":\"Memurun Sesi\"},\"image\":{\"@id\":\"https:\\\/\\\/memurunsesi.net\\\/#\\\/schema\\\/logo\\\/image\\\/\"},\"sameAs\":[\"https:\\\/\\\/www.facebook.com\\\/unipersen\\\/?locale=tr_TR\",\"https:\\\/\\\/x.com\\\/unipersen\"]},{\"@type\":\"Person\",\"@id\":\"https:\\\/\\\/memurunsesi.net\\\/#\\\/schema\\\/person\\\/f21c2d73b89f6ee1d80b0a1803e38587\",\"name\":\"Memurun Sesi Haber Merkezi\",\"image\":{\"@type\":\"ImageObject\",\"inLanguage\":\"tr\",\"@id\":\"https:\\\/\\\/secure.gravatar.com\\\/avatar\\\/6cf0505f452ee753f485014986fab09a434671d2b919ee76fc541025c5876a70?s=96&d=mm&r=g\",\"url\":\"https:\\\/\\\/secure.gravatar.com\\\/avatar\\\/6cf0505f452ee753f485014986fab09a434671d2b919ee76fc541025c5876a70?s=96&d=mm&r=g\",\"contentUrl\":\"https:\\\/\\\/secure.gravatar.com\\\/avatar\\\/6cf0505f452ee753f485014986fab09a434671d2b919ee76fc541025c5876a70?s=96&d=mm&r=g\",\"caption\":\"Memurun Sesi Haber Merkezi\"},\"sameAs\":[\"https:\\\/\\\/memurunsesi.net\"],\"url\":\"https:\\\/\\\/memurunsesi.net\\\/index.php\\\/author\\\/uniper\\\/\"}]}<\/script>\n<!-- \/ Yoast SEO plugin. -->","yoast_head_json":{"title":"Mersin'de patron kay\u0131p, i\u015f\u00e7iler ma\u011fdur iddias\u0131 - Memurun Sesi","robots":{"index":"index","follow":"follow","max-snippet":"max-snippet:-1","max-image-preview":"max-image-preview:large","max-video-preview":"max-video-preview:-1"},"canonical":"https:\/\/memurunsesi.net\/index.php\/2025\/08\/27\/mersinde-patron-kayip-isciler-magdur-iddiasi\/","og_locale":"tr_TR","og_type":"article","og_title":"Mersin'de patron kay\u0131p, i\u015f\u00e7iler ma\u011fdur iddias\u0131 - Memurun Sesi","og_description":"&#8211; Faaliyet g\u00f6steren bir tekstil at\u00f6lyesinin sahibinin, \u00e7al\u0131\u015fanlar\u0131n maa\u015flar\u0131n\u0131 \u00f6demeden kay\u0131plara kar\u0131\u015ft\u0131\u011f\u0131 iddia edilirken, ma\u011fdurlar ya\u015fananlar\u0131 anlatt\u0131 Mersin&#8217;de faaliyet g\u00f6steren bir tekstil at\u00f6lyesinin sahibinin, \u00e7al\u0131\u015fanlar\u0131n\u0131n maa\u015flar\u0131n\u0131 \u00f6demeden kay\u0131plara kar\u0131\u015ft\u0131\u011f\u0131 iddia edildi. Yakla\u015f\u0131k 120 i\u015f\u00e7inin oldu\u011fu belirtilen at\u00f6lyede \u00e7al\u0131\u015fanlar, 3 ayd\u0131r \u00fccret alamad\u0131klar\u0131n\u0131 s\u00f6yleyerek ma\u011fduriyetlerini dile getirdi. Merkez Akdeniz il\u00e7esi Serbest B\u00f6lge&#8217;de faaliyet g\u00f6steren tekstil at\u00f6lyesinin [&hellip;]","og_url":"https:\/\/memurunsesi.net\/index.php\/2025\/08\/27\/mersinde-patron-kayip-isciler-magdur-iddiasi\/","og_site_name":"Memurun Sesi","article_publisher":"https:\/\/www.facebook.com\/unipersen\/?locale=tr_TR","article_published_time":"2025-08-27T07:23:14+00:00","og_image":[{"width":2560,"height":1654,"url":"https:\/\/memurunsesi.net\/wp-content\/uploads\/2025\/08\/AW525505_01-scaled.jpg","type":"image\/jpeg"}],"author":"Memurun Sesi Haber Merkezi","twitter_card":"summary_large_image","twitter_creator":"@unipersen","twitter_site":"@unipersen","twitter_misc":{"Yazan:":"Memurun Sesi Haber Merkezi","Tahmini okuma s\u00fcresi":"1 dakika"},"schema":{"@context":"https:\/\/schema.org","@graph":[{"@type":"Article","@id":"https:\/\/memurunsesi.net\/index.php\/2025\/08\/27\/mersinde-patron-kayip-isciler-magdur-iddiasi\/#article","isPartOf":{"@id":"https:\/\/memurunsesi.net\/index.php\/2025\/08\/27\/mersinde-patron-kayip-isciler-magdur-iddiasi\/"},"author":{"name":"Memurun Sesi Haber Merkezi","@id":"https:\/\/memurunsesi.net\/#\/schema\/person\/f21c2d73b89f6ee1d80b0a1803e38587"},"headline":"Mersin&#8217;de patron kay\u0131p, i\u015f\u00e7iler ma\u011fdur iddias\u0131","datePublished":"2025-08-27T07:23:14+00:00","mainEntityOfPage":{"@id":"https:\/\/memurunsesi.net\/index.php\/2025\/08\/27\/mersinde-patron-kayip-isciler-magdur-iddiasi\/"},"wordCount":657,"commentCount":0,"publisher":{"@id":"https:\/\/memurunsesi.net\/#organization"},"image":{"@id":"https:\/\/memurunsesi.net\/index.php\/2025\/08\/27\/mersinde-patron-kayip-isciler-magdur-iddiasi\/#primaryimage"},"thumbnailUrl":"https:\/\/memurunsesi.net\/wp-content\/uploads\/2025\/08\/AW525505_01-scaled.jpg","articleSection":["T\u00fcm Haberler"],"inLanguage":"tr","potentialAction":[{"@type":"CommentAction","name":"Comment","target":["https:\/\/memurunsesi.net\/index.php\/2025\/08\/27\/mersinde-patron-kayip-isciler-magdur-iddiasi\/#respond"]}]},{"@type":"WebPage","@id":"https:\/\/memurunsesi.net\/index.php\/2025\/08\/27\/mersinde-patron-kayip-isciler-magdur-iddiasi\/","url":"https:\/\/memurunsesi.net\/index.php\/2025\/08\/27\/mersinde-patron-kayip-isciler-magdur-iddiasi\/","name":"Mersin'de patron kay\u0131p, i\u015f\u00e7iler ma\u011fdur iddias\u0131 - Memurun Sesi","isPartOf":{"@id":"https:\/\/memurunsesi.net\/#website"},"primaryImageOfPage":{"@id":"https:\/\/memurunsesi.net\/index.php\/2025\/08\/27\/mersinde-patron-kayip-isciler-magdur-iddiasi\/#primaryimage"},"image":{"@id":"https:\/\/memurunsesi.net\/index.php\/2025\/08\/27\/mersinde-patron-kayip-isciler-magdur-iddiasi\/#primaryimage"},"thumbnailUrl":"https:\/\/memurunsesi.net\/wp-content\/uploads\/2025\/08\/AW525505_01-scaled.jpg","datePublished":"2025-08-27T07:23:14+00:00","breadcrumb":{"@id":"https:\/\/memurunsesi.net\/index.php\/2025\/08\/27\/mersinde-patron-kayip-isciler-magdur-iddiasi\/#breadcrumb"},"inLanguage":"tr","potentialAction":[{"@type":"ReadAction","target":["https:\/\/memurunsesi.net\/index.php\/2025\/08\/27\/mersinde-patron-kayip-isciler-magdur-iddiasi\/"]}]},{"@type":"ImageObject","inLanguage":"tr","@id":"https:\/\/memurunsesi.net\/index.php\/2025\/08\/27\/mersinde-patron-kayip-isciler-magdur-iddiasi\/#primaryimage","url":"https:\/\/memurunsesi.net\/wp-content\/uploads\/2025\/08\/AW525505_01-scaled.jpg","contentUrl":"https:\/\/memurunsesi.net\/wp-content\/uploads\/2025\/08\/AW525505_01-scaled.jpg","width":2560,"height":1654,"caption":"MERS\u0130N SERBEST B\u00d6LGE'DE FAAL\u0130YET G\u00d6STEREN B\u0130R TEKST\u0130L AT\u00d6LYES\u0130N\u0130N SAH\u0130B\u0130, \u00c7ALI\u015eANLARIN MAA\u015eLARINI \u00d6DEMEDEN KAYIPLARA KARI\u015eTI. (FEVZ\u0130 DEM\u0130RCAN\/MERS\u0130N-\u0130HA) Mersin'de faaliyet g\u00f6steren bir tekstil at\u00f6lyesinin sahibinin, \u00e7al\u0131\u015fanlar\u0131n\u0131n maa\u015flar\u0131n\u0131 \u00f6demeden kay\u0131plara kar\u0131\u015ft\u0131\u011f\u0131 iddia edildi. Yakla\u015f\u0131k 120 i\u015f\u00e7inin oldu\u011fu belirtilen at\u00f6lyede \u00e7al\u0131\u015fanlar, 3 ayd\u0131r \u00fccret alamad\u0131klar\u0131n\u0131 s\u00f6yleyerek ma\u011fduriyetlerini dile getirdi."},{"@type":"BreadcrumbList","@id":"https:\/\/memurunsesi.net\/index.php\/2025\/08\/27\/mersinde-patron-kayip-isciler-magdur-iddiasi\/#breadcrumb","itemListElement":[{"@type":"ListItem","position":1,"name":"Anasayfa","item":"https:\/\/memurunsesi.net\/"},{"@type":"ListItem","position":2,"name":"Mersin&#8217;de patron kay\u0131p, i\u015f\u00e7iler ma\u011fdur iddias\u0131"}]},{"@type":"WebSite","@id":"https:\/\/memurunsesi.net\/#website","url":"https:\/\/memurunsesi.net\/","name":"Memurun Sesi","description":"G\u00fcncel ve Do\u011fru Haber","publisher":{"@id":"https:\/\/memurunsesi.net\/#organization"},"potentialAction":[{"@type":"SearchAction","target":{"@type":"EntryPoint","urlTemplate":"https:\/\/memurunsesi.net\/?s={search_term_string}"},"query-input":{"@type":"PropertyValueSpecification","valueRequired":true,"valueName":"search_term_string"}}],"inLanguage":"tr"},{"@type":"Organization","@id":"https:\/\/memurunsesi.net\/#organization","name":"Memurun Sesi","url":"https:\/\/memurunsesi.net\/","logo":{"@type":"ImageObject","inLanguage":"tr","@id":"https:\/\/memurunsesi.net\/#\/schema\/logo\/image\/","url":"https:\/\/memurunsesi.net\/wp-content\/uploads\/2025\/11\/cropped-MEMURUN-SESI.png","contentUrl":"https:\/\/memurunsesi.net\/wp-content\/uploads\/2025\/11\/cropped-MEMURUN-SESI.png","width":238,"height":57,"caption":"Memurun Sesi"},"image":{"@id":"https:\/\/memurunsesi.net\/#\/schema\/logo\/image\/"},"sameAs":["https:\/\/www.facebook.com\/unipersen\/?locale=tr_TR","https:\/\/x.com\/unipersen"]},{"@type":"Person","@id":"https:\/\/memurunsesi.net\/#\/schema\/person\/f21c2d73b89f6ee1d80b0a1803e38587","name":"Memurun Sesi Haber Merkezi","image":{"@type":"ImageObject","inLanguage":"tr","@id":"https:\/\/secure.gravatar.com\/avatar\/6cf0505f452ee753f485014986fab09a434671d2b919ee76fc541025c5876a70?s=96&d=mm&r=g","url":"https:\/\/secure.gravatar.com\/avatar\/6cf0505f452ee753f485014986fab09a434671d2b919ee76fc541025c5876a70?s=96&d=mm&r=g","contentUrl":"https:\/\/secure.gravatar.com\/avatar\/6cf0505f452ee753f485014986fab09a434671d2b919ee76fc541025c5876a70?s=96&d=mm&r=g","caption":"Memurun Sesi Haber Merkezi"},"sameAs":["https:\/\/memurunsesi.net"],"url":"https:\/\/memurunsesi.net\/index.php\/author\/uniper\/"}]}},"_links":{"self":[{"href":"https:\/\/memurunsesi.net\/index.php\/wp-json\/wp\/v2\/posts\/11005","targetHints":{"allow":["GET"]}}],"collection":[{"href":"https:\/\/memurunsesi.net\/index.php\/wp-json\/wp\/v2\/posts"}],"about":[{"href":"https:\/\/memurunsesi.net\/index.php\/wp-json\/wp\/v2\/types\/post"}],"author":[{"embeddable":true,"href":"https:\/\/memurunsesi.net\/index.php\/wp-json\/wp\/v2\/users\/1"}],"replies":[{"embeddable":true,"href":"https:\/\/memurunsesi.net\/index.php\/wp-json\/wp\/v2\/comments?post=11005"}],"version-history":[{"count":1,"href":"https:\/\/memurunsesi.net\/index.php\/wp-json\/wp\/v2\/posts\/11005\/revisions"}],"predecessor-version":[{"id":11007,"href":"https:\/\/memurunsesi.net\/index.php\/wp-json\/wp\/v2\/posts\/11005\/revisions\/11007"}],"wp:featuredmedia":[{"embeddable":true,"href":"https:\/\/memurunsesi.net\/index.php\/wp-json\/wp\/v2\/media\/11006"}],"wp:attachment":[{"href":"https:\/\/memurunsesi.net\/index.php\/wp-json\/wp\/v2\/media?parent=11005"}],"wp:term":[{"taxonomy":"category","embeddable":true,"href":"https:\/\/memurunsesi.net\/index.php\/wp-json\/wp\/v2\/categories?post=11005"},{"taxonomy":"post_tag","embeddable":true,"href":"https:\/\/memurunsesi.net\/index.php\/wp-json\/wp\/v2\/tags?post=11005"}],"curies":[{"name":"wp","href":"https:\/\/api.w.org\/{rel}","templated":true}]}}