{"id":11042,"date":"2025-08-29T10:33:45","date_gmt":"2025-08-29T07:33:45","guid":{"rendered":"https:\/\/memurunsesi.net\/?p=11042"},"modified":"2025-08-29T10:33:45","modified_gmt":"2025-08-29T07:33:45","slug":"avrupanin-guvenlik-kaygilarina-turk-cozumleri","status":"publish","type":"post","link":"https:\/\/memurunsesi.net\/index.php\/2025\/08\/29\/avrupanin-guvenlik-kaygilarina-turk-cozumleri\/","title":{"rendered":"Avrupa&#8217;n\u0131n g\u00fcvenlik kayg\u0131lar\u0131na T\u00fcrk \u00e7\u00f6z\u00fcmleri"},"content":{"rendered":"<p>  Samsun Yurt Savunma (SYS Grup), NATO ve Avrupa \u00fclkelerinin g\u00fcvenlik ihtiya\u00e7lar\u0131n\u0131n ve savunma harcamalar\u0131n\u0131n artt\u0131\u011f\u0131 bir d\u00f6nemde g\u00fcvenilir ve y\u00fcksek teknolojiye dayal\u0131 \u00e7\u00f6z\u00fcmlerle Polonya&#8217;da d\u00fczenlenecek Do\u011fu Avrupa&#8217;n\u0131n en b\u00fcy\u00fck savunma sanayi fuar\u0131 MSPO 2025&#8217;e kat\u0131lacak.<br \/>\n  T\u00fcrk savunma sanayiinin lider oyuncular\u0131ndan SYS Grup, g\u00fcncel tehditlere yan\u0131t veren y\u00fcksek teknolojiye dayal\u0131 g\u00fcvenlik \u00e7\u00f6z\u00fcmleriyle uluslararas\u0131 arenada boy g\u00f6stermeye devam ediyor. SYS Grup, b\u00fcnyesindeki lokomotif \u015firketler CANiK, UNIROBOTICS ve AEI Systems global savunma sanayiinde son d\u00f6nemde etkinli\u011fi giderek artan ve Do\u011fu Avrupa&#8217;n\u0131n en b\u00fcy\u00fck savunma fuar\u0131 olan Polonya&#8217;daki MSPO 2025&#8217;te yerini alacak. Kielce kentinde 2-5 Eyl\u00fcl tarihlerinde ger\u00e7ekle\u015ftirilecek fuar, NATO \u00fcyesi \u00fclkeler ba\u015fta olmak \u00fczere Avrupa, Asya ve ABD&#8217;den bir\u00e7ok savunma \u015firketini, profesyoneli ve karar vericiyi bulu\u015fturacak.<br \/>\n  Polonya, NATO&#8217;nun do\u011fu kanad\u0131ndaki kritik konumuyla stratejik bir \u00f6nem ta\u015f\u0131yor. Rusya-Ukrayna sava\u015f\u0131 sonras\u0131 NATO&#8217;nun do\u011fu s\u0131n\u0131r\u0131n\u0131n g\u00fc\u00e7lendirilmesi s\u00fcrecinde Polonya&#8217;n\u0131n artan savunma yat\u0131r\u0131mlar\u0131 fuar\u0131 son y\u0131llarda daha da \u00f6nemli hale getirdi. <\/p>\n<p>  Polonya, son y\u0131llarda savunma harcamalar\u0131nda Avrupa&#8217;n\u0131n en h\u0131zl\u0131 b\u00fcy\u00fcyen \u00fclkelerinden biri olarak \u00f6ne \u00e7\u0131k\u0131yor. 2024 y\u0131l\u0131nda 38 milyar dolar olan savunma b\u00fct\u00e7esi, 2025&#8217;te 48,7 milyar dolar\u0131na \u00e7\u0131kt\u0131. Polonya, gayri safi yurt i\u00e7i has\u0131las\u0131n\u0131n y\u00fczde 4,7&#8217;sini savunma i\u00e7in ay\u0131r\u0131yor. NATO standartlar\u0131n\u0131n olduk\u00e7a \u00fczerinde olan bu rakam, Polonya&#8217;y\u0131, SYS Grup i\u00e7in kritik bir pazar haline getiriyor.<br \/>\n  SYS Grup, hem NATO i\u00e7indeki rol\u00fc hem de artan savunma b\u00fct\u00e7esiyle Polonya&#8217;y\u0131 \u00f6ncelikli pazarlar\u0131ndan biri olarak konumland\u0131r\u0131yor. Bu nedenle de SYS Grup, b\u00fcnyesindeki CANiK, UNIROBOTICS, AEI Systems ve MECANiK ile fuara g\u00fc\u00e7l\u00fc bir kat\u0131l\u0131m sa\u011flayacak.<br \/>\n  SYS Grup, orta kalibre top sistemleri ve uzaktan komutal\u0131 silah sistemleri (UKSS) alan\u0131nda d\u00fcnya \u00e7ap\u0131nda g\u00fc\u00e7l\u00fc bir \u00fcretici konumunda bulunuyor. Ayr\u0131ca d\u00fcnyan\u0131n en b\u00fcy\u00fck 12.7&#215;99 mm a\u011f\u0131r makineli t\u00fcfek \u00fcreticisi olarak dikkati \u00e7ekiyor. Grup, yaln\u0131zca silah sistemleri de\u011fil; entegrasyon \u00e7\u00f6z\u00fcmleri, at\u0131\u015f kontrol teknolojileri ve platform uyumlu \u00e7\u00f6z\u00fcmleri de sunarak, m\u00fc\u015fterilerine u\u00e7tan uca sistemler sa\u011flama kapasitesine sahip bulunuyor.<br \/>\n  SYS Grup, son d\u00f6nemde b\u00fcy\u00fck ilgi g\u00f6ren 30&#215;113 mm orta kalibre top konseptini MSPO 2025&#8217;e de ta\u015f\u0131yacak. Bu konseptin en \u00f6nemli par\u00e7as\u0131 olan VENOM LR, d\u00fc\u015f\u00fck geri tepme \u00f6zelli\u011fi, ayarlanabilir at\u0131m h\u0131z\u0131, hafif ve kompakt tasar\u0131m ile fuar\u0131n en dikkat \u00e7eken \u00fcr\u00fcnleri aras\u0131nda yer al\u0131yor. VENOM LR, \u00f6zellikle modern z\u0131rhl\u0131 ara\u00e7, deniz ve hava platformlar\u0131 i\u00e7in \u00fcst\u00fcn entegrasyon kabiliyetiyle \u00f6ne \u00e7\u0131k\u0131yor.<br \/>\n  SYS Grup&#8217;un MSPO&#8217;daki varl\u0131\u011f\u0131, yaln\u0131zca B2G (business-to-government) savunma i\u015f birlikleriyle s\u0131n\u0131rl\u0131 kalmayacak. Grup, ayn\u0131 zamanda sivil pazar sat\u0131\u015flar\u0131nda da etkinli\u011fini art\u0131rmay\u0131 hedefliyor. CANiK markas\u0131 alt\u0131nda geli\u015ftirilen sportif at\u0131c\u0131l\u0131k ve profesyonel kullan\u0131m tabancalar\u0131 da fuarda yerini alacak. <\/p>\n<p>  SYS Grup &#8211; CANiK Genel M\u00fcd\u00fcr\u00fc Cahit Utku Aral, MSPO&#8217;daki kat\u0131l\u0131m\u0131 \u015f\u00f6yle de\u011ferlendirdi:<br \/>\n  &#8220;Polonya, sahip oldu\u011fu stratejik konum, NATO i\u00e7indeki rol\u00fc ve h\u0131zla artan savunma yat\u0131r\u0131mlar\u0131yla ba\u015fta CANiK ve ba\u011fl\u0131 oldu\u011fu SYS Grup \u015firketleri  i\u00e7in \u00f6ncelikli bir pazard\u0131r. MSPO fuar\u0131nda hem orta kalibre \u00e7\u00f6z\u00fcmlerimiz hem de d\u00fcnyan\u0131n en b\u00fcy\u00fck \u00fcretim kapasitesine sahip 12.7&#215;99 mm a\u011f\u0131r makineli t\u00fcfeklerimiz ile g\u00fcc\u00fcm\u00fcz\u00fc sergilemekten gurur duyuyoruz. SYS Grup olarak, yaln\u0131zca silah sistemlerini de\u011fil, ayn\u0131 zamanda bu sistemlerin entegrasyonunu ve at\u0131\u015f kontrol \u00e7\u00f6z\u00fcmlerini de sunabilen d\u00fcnyadaki ender \u015firketlerden biriyiz. Bu nedenle, Polonya&#8217;da b\u00fcy\u00fcyen savunma yat\u0131r\u0131mlar\u0131yla birlikte, b\u00f6lgede daha da etkin bir rol \u00fcstlenmeye haz\u0131r\u0131z. G\u00fcncel tehditlere kar\u015f\u0131 g\u00fcven veren teknolojilerle Polonya, Avrupa ve NATO \u00fclkelerinde yeni sorumluklar \u00fcstlenmek i\u00e7in MSPO&#8217;da yo\u011fun bir g\u00fcndemimiz olacak. Bu fuarda T\u00fcrk savunma sanayiini en iyi \u015fekilde temsil edip, yeni i\u015f birlikleriyle ayr\u0131laca\u011f\u0131z.&#8221; <\/p>\n<p>29.08.2025                         <\/p>\n","protected":false},"excerpt":{"rendered":"<p>Samsun Yurt Savunma (SYS Grup), NATO ve Avrupa \u00fclkelerinin g\u00fcvenlik ihtiya\u00e7lar\u0131n\u0131n ve savunma harcamalar\u0131n\u0131n artt\u0131\u011f\u0131 bir d\u00f6nemde g\u00fcvenilir ve y\u00fcksek teknolojiye dayal\u0131 \u00e7\u00f6z\u00fcmlerle Polonya&#8217;da d\u00fczenlenecek Do\u011fu Avrupa&#8217;n\u0131n en b\u00fcy\u00fck savunma sanayi fuar\u0131 MSPO 2025&#8217;e kat\u0131lacak. T\u00fcrk savunma sanayiinin lider oyuncular\u0131ndan SYS Grup, g\u00fcncel tehditlere yan\u0131t veren y\u00fcksek teknolojiye dayal\u0131 g\u00fcvenlik \u00e7\u00f6z\u00fcmleriyle uluslararas\u0131 arenada boy g\u00f6stermeye [&hellip;]<\/p>\n","protected":false},"author":1,"featured_media":11043,"comment_status":"open","ping_status":"open","sticky":false,"template":"","format":"standard","meta":{"footnotes":""},"categories":[50],"tags":[],"class_list":["post-11042","post","type-post","status-publish","format-standard","has-post-thumbnail","hentry","category-tum-haberler"],"yoast_head":"<!-- This site is optimized with the Yoast SEO plugin v27.4 - https:\/\/yoast.com\/product\/yoast-seo-wordpress\/ -->\n<title>Avrupa&#039;n\u0131n g\u00fcvenlik kayg\u0131lar\u0131na T\u00fcrk \u00e7\u00f6z\u00fcmleri - Memurun Sesi<\/title>\n<meta name=\"robots\" content=\"index, follow, max-snippet:-1, max-image-preview:large, max-video-preview:-1\" \/>\n<link rel=\"canonical\" href=\"https:\/\/memurunsesi.net\/index.php\/2025\/08\/29\/avrupanin-guvenlik-kaygilarina-turk-cozumleri\/\" \/>\n<meta property=\"og:locale\" content=\"tr_TR\" \/>\n<meta property=\"og:type\" content=\"article\" \/>\n<meta property=\"og:title\" content=\"Avrupa&#039;n\u0131n g\u00fcvenlik kayg\u0131lar\u0131na T\u00fcrk \u00e7\u00f6z\u00fcmleri - Memurun Sesi\" \/>\n<meta property=\"og:description\" content=\"Samsun Yurt Savunma (SYS Grup), NATO ve Avrupa \u00fclkelerinin g\u00fcvenlik ihtiya\u00e7lar\u0131n\u0131n ve savunma harcamalar\u0131n\u0131n artt\u0131\u011f\u0131 bir d\u00f6nemde g\u00fcvenilir ve y\u00fcksek teknolojiye dayal\u0131 \u00e7\u00f6z\u00fcmlerle Polonya&#8217;da d\u00fczenlenecek Do\u011fu Avrupa&#8217;n\u0131n en b\u00fcy\u00fck savunma sanayi fuar\u0131 MSPO 2025&#8217;e kat\u0131lacak. T\u00fcrk savunma sanayiinin lider oyuncular\u0131ndan SYS Grup, g\u00fcncel tehditlere yan\u0131t veren y\u00fcksek teknolojiye dayal\u0131 g\u00fcvenlik \u00e7\u00f6z\u00fcmleriyle uluslararas\u0131 arenada boy g\u00f6stermeye [&hellip;]\" \/>\n<meta property=\"og:url\" content=\"https:\/\/memurunsesi.net\/index.php\/2025\/08\/29\/avrupanin-guvenlik-kaygilarina-turk-cozumleri\/\" \/>\n<meta property=\"og:site_name\" content=\"Memurun Sesi\" \/>\n<meta property=\"article:publisher\" content=\"https:\/\/www.facebook.com\/unipersen\/?locale=tr_TR\" \/>\n<meta property=\"article:published_time\" content=\"2025-08-29T07:33:45+00:00\" \/>\n<meta property=\"og:image\" content=\"https:\/\/memurunsesi.net\/wp-content\/uploads\/2025\/08\/AW527005_01.jpg\" \/>\n\t<meta property=\"og:image:width\" content=\"1600\" \/>\n\t<meta property=\"og:image:height\" content=\"1600\" \/>\n\t<meta property=\"og:image:type\" content=\"image\/jpeg\" \/>\n<meta name=\"author\" content=\"Memurun Sesi Haber Merkezi\" \/>\n<meta name=\"twitter:card\" content=\"summary_large_image\" \/>\n<meta name=\"twitter:creator\" content=\"@unipersen\" \/>\n<meta name=\"twitter:site\" content=\"@unipersen\" \/>\n<meta name=\"twitter:label1\" content=\"Yazan:\" \/>\n\t<meta name=\"twitter:data1\" content=\"Memurun Sesi Haber Merkezi\" \/>\n\t<meta name=\"twitter:label2\" content=\"Tahmini okuma s\u00fcresi\" \/>\n\t<meta name=\"twitter:data2\" content=\"1 dakika\" \/>\n<script type=\"application\/ld+json\" class=\"yoast-schema-graph\">{\"@context\":\"https:\\\/\\\/schema.org\",\"@graph\":[{\"@type\":\"Article\",\"@id\":\"https:\\\/\\\/memurunsesi.net\\\/index.php\\\/2025\\\/08\\\/29\\\/avrupanin-guvenlik-kaygilarina-turk-cozumleri\\\/#article\",\"isPartOf\":{\"@id\":\"https:\\\/\\\/memurunsesi.net\\\/index.php\\\/2025\\\/08\\\/29\\\/avrupanin-guvenlik-kaygilarina-turk-cozumleri\\\/\"},\"author\":{\"name\":\"Memurun Sesi Haber Merkezi\",\"@id\":\"https:\\\/\\\/memurunsesi.net\\\/#\\\/schema\\\/person\\\/f21c2d73b89f6ee1d80b0a1803e38587\"},\"headline\":\"Avrupa&#8217;n\u0131n g\u00fcvenlik kayg\u0131lar\u0131na T\u00fcrk \u00e7\u00f6z\u00fcmleri\",\"datePublished\":\"2025-08-29T07:33:45+00:00\",\"mainEntityOfPage\":{\"@id\":\"https:\\\/\\\/memurunsesi.net\\\/index.php\\\/2025\\\/08\\\/29\\\/avrupanin-guvenlik-kaygilarina-turk-cozumleri\\\/\"},\"wordCount\":728,\"commentCount\":0,\"publisher\":{\"@id\":\"https:\\\/\\\/memurunsesi.net\\\/#organization\"},\"image\":{\"@id\":\"https:\\\/\\\/memurunsesi.net\\\/index.php\\\/2025\\\/08\\\/29\\\/avrupanin-guvenlik-kaygilarina-turk-cozumleri\\\/#primaryimage\"},\"thumbnailUrl\":\"https:\\\/\\\/memurunsesi.net\\\/wp-content\\\/uploads\\\/2025\\\/08\\\/AW527005_01.jpg\",\"articleSection\":[\"T\u00fcm Haberler\"],\"inLanguage\":\"tr\",\"potentialAction\":[{\"@type\":\"CommentAction\",\"name\":\"Comment\",\"target\":[\"https:\\\/\\\/memurunsesi.net\\\/index.php\\\/2025\\\/08\\\/29\\\/avrupanin-guvenlik-kaygilarina-turk-cozumleri\\\/#respond\"]}]},{\"@type\":\"WebPage\",\"@id\":\"https:\\\/\\\/memurunsesi.net\\\/index.php\\\/2025\\\/08\\\/29\\\/avrupanin-guvenlik-kaygilarina-turk-cozumleri\\\/\",\"url\":\"https:\\\/\\\/memurunsesi.net\\\/index.php\\\/2025\\\/08\\\/29\\\/avrupanin-guvenlik-kaygilarina-turk-cozumleri\\\/\",\"name\":\"Avrupa'n\u0131n g\u00fcvenlik kayg\u0131lar\u0131na T\u00fcrk \u00e7\u00f6z\u00fcmleri - Memurun Sesi\",\"isPartOf\":{\"@id\":\"https:\\\/\\\/memurunsesi.net\\\/#website\"},\"primaryImageOfPage\":{\"@id\":\"https:\\\/\\\/memurunsesi.net\\\/index.php\\\/2025\\\/08\\\/29\\\/avrupanin-guvenlik-kaygilarina-turk-cozumleri\\\/#primaryimage\"},\"image\":{\"@id\":\"https:\\\/\\\/memurunsesi.net\\\/index.php\\\/2025\\\/08\\\/29\\\/avrupanin-guvenlik-kaygilarina-turk-cozumleri\\\/#primaryimage\"},\"thumbnailUrl\":\"https:\\\/\\\/memurunsesi.net\\\/wp-content\\\/uploads\\\/2025\\\/08\\\/AW527005_01.jpg\",\"datePublished\":\"2025-08-29T07:33:45+00:00\",\"breadcrumb\":{\"@id\":\"https:\\\/\\\/memurunsesi.net\\\/index.php\\\/2025\\\/08\\\/29\\\/avrupanin-guvenlik-kaygilarina-turk-cozumleri\\\/#breadcrumb\"},\"inLanguage\":\"tr\",\"potentialAction\":[{\"@type\":\"ReadAction\",\"target\":[\"https:\\\/\\\/memurunsesi.net\\\/index.php\\\/2025\\\/08\\\/29\\\/avrupanin-guvenlik-kaygilarina-turk-cozumleri\\\/\"]}]},{\"@type\":\"ImageObject\",\"inLanguage\":\"tr\",\"@id\":\"https:\\\/\\\/memurunsesi.net\\\/index.php\\\/2025\\\/08\\\/29\\\/avrupanin-guvenlik-kaygilarina-turk-cozumleri\\\/#primaryimage\",\"url\":\"https:\\\/\\\/memurunsesi.net\\\/wp-content\\\/uploads\\\/2025\\\/08\\\/AW527005_01.jpg\",\"contentUrl\":\"https:\\\/\\\/memurunsesi.net\\\/wp-content\\\/uploads\\\/2025\\\/08\\\/AW527005_01.jpg\",\"width\":1600,\"height\":1600,\"caption\":\"TRAKON 30 (\u0130HA\\\/\u0130STANBUL-\u0130HA) Samsun Yurt Savunma (SYS Grup), NATO ve Avrupa \u00fclkelerinin g\u00fcvenlik ihtiya\u00e7lar\u0131n\u0131n ve savunma harcamalar\u0131n\u0131n artt\u0131\u011f\u0131 bir d\u00f6nemde g\u00fcvenilir ve y\u00fcksek teknolojiye dayal\u0131 \u00e7\u00f6z\u00fcmlerle Polonya'da d\u00fczenlenecek Do\u011fu Avrupa'n\u0131n en b\u00fcy\u00fck savunma sanayi fuar\u0131 MSPO 2025'e kat\u0131lacak.\"},{\"@type\":\"BreadcrumbList\",\"@id\":\"https:\\\/\\\/memurunsesi.net\\\/index.php\\\/2025\\\/08\\\/29\\\/avrupanin-guvenlik-kaygilarina-turk-cozumleri\\\/#breadcrumb\",\"itemListElement\":[{\"@type\":\"ListItem\",\"position\":1,\"name\":\"Anasayfa\",\"item\":\"https:\\\/\\\/memurunsesi.net\\\/\"},{\"@type\":\"ListItem\",\"position\":2,\"name\":\"Avrupa&#8217;n\u0131n g\u00fcvenlik kayg\u0131lar\u0131na T\u00fcrk \u00e7\u00f6z\u00fcmleri\"}]},{\"@type\":\"WebSite\",\"@id\":\"https:\\\/\\\/memurunsesi.net\\\/#website\",\"url\":\"https:\\\/\\\/memurunsesi.net\\\/\",\"name\":\"Memurun Sesi\",\"description\":\"G\u00fcncel ve Do\u011fru Haber\",\"publisher\":{\"@id\":\"https:\\\/\\\/memurunsesi.net\\\/#organization\"},\"potentialAction\":[{\"@type\":\"SearchAction\",\"target\":{\"@type\":\"EntryPoint\",\"urlTemplate\":\"https:\\\/\\\/memurunsesi.net\\\/?s={search_term_string}\"},\"query-input\":{\"@type\":\"PropertyValueSpecification\",\"valueRequired\":true,\"valueName\":\"search_term_string\"}}],\"inLanguage\":\"tr\"},{\"@type\":\"Organization\",\"@id\":\"https:\\\/\\\/memurunsesi.net\\\/#organization\",\"name\":\"Memurun Sesi\",\"url\":\"https:\\\/\\\/memurunsesi.net\\\/\",\"logo\":{\"@type\":\"ImageObject\",\"inLanguage\":\"tr\",\"@id\":\"https:\\\/\\\/memurunsesi.net\\\/#\\\/schema\\\/logo\\\/image\\\/\",\"url\":\"https:\\\/\\\/memurunsesi.net\\\/wp-content\\\/uploads\\\/2025\\\/11\\\/cropped-MEMURUN-SESI.png\",\"contentUrl\":\"https:\\\/\\\/memurunsesi.net\\\/wp-content\\\/uploads\\\/2025\\\/11\\\/cropped-MEMURUN-SESI.png\",\"width\":238,\"height\":57,\"caption\":\"Memurun Sesi\"},\"image\":{\"@id\":\"https:\\\/\\\/memurunsesi.net\\\/#\\\/schema\\\/logo\\\/image\\\/\"},\"sameAs\":[\"https:\\\/\\\/www.facebook.com\\\/unipersen\\\/?locale=tr_TR\",\"https:\\\/\\\/x.com\\\/unipersen\"]},{\"@type\":\"Person\",\"@id\":\"https:\\\/\\\/memurunsesi.net\\\/#\\\/schema\\\/person\\\/f21c2d73b89f6ee1d80b0a1803e38587\",\"name\":\"Memurun Sesi Haber Merkezi\",\"image\":{\"@type\":\"ImageObject\",\"inLanguage\":\"tr\",\"@id\":\"https:\\\/\\\/secure.gravatar.com\\\/avatar\\\/6cf0505f452ee753f485014986fab09a434671d2b919ee76fc541025c5876a70?s=96&d=mm&r=g\",\"url\":\"https:\\\/\\\/secure.gravatar.com\\\/avatar\\\/6cf0505f452ee753f485014986fab09a434671d2b919ee76fc541025c5876a70?s=96&d=mm&r=g\",\"contentUrl\":\"https:\\\/\\\/secure.gravatar.com\\\/avatar\\\/6cf0505f452ee753f485014986fab09a434671d2b919ee76fc541025c5876a70?s=96&d=mm&r=g\",\"caption\":\"Memurun Sesi Haber Merkezi\"},\"sameAs\":[\"https:\\\/\\\/memurunsesi.net\"],\"url\":\"https:\\\/\\\/memurunsesi.net\\\/index.php\\\/author\\\/uniper\\\/\"}]}<\/script>\n<!-- \/ Yoast SEO plugin. -->","yoast_head_json":{"title":"Avrupa'n\u0131n g\u00fcvenlik kayg\u0131lar\u0131na T\u00fcrk \u00e7\u00f6z\u00fcmleri - Memurun Sesi","robots":{"index":"index","follow":"follow","max-snippet":"max-snippet:-1","max-image-preview":"max-image-preview:large","max-video-preview":"max-video-preview:-1"},"canonical":"https:\/\/memurunsesi.net\/index.php\/2025\/08\/29\/avrupanin-guvenlik-kaygilarina-turk-cozumleri\/","og_locale":"tr_TR","og_type":"article","og_title":"Avrupa'n\u0131n g\u00fcvenlik kayg\u0131lar\u0131na T\u00fcrk \u00e7\u00f6z\u00fcmleri - Memurun Sesi","og_description":"Samsun Yurt Savunma (SYS Grup), NATO ve Avrupa \u00fclkelerinin g\u00fcvenlik ihtiya\u00e7lar\u0131n\u0131n ve savunma harcamalar\u0131n\u0131n artt\u0131\u011f\u0131 bir d\u00f6nemde g\u00fcvenilir ve y\u00fcksek teknolojiye dayal\u0131 \u00e7\u00f6z\u00fcmlerle Polonya&#8217;da d\u00fczenlenecek Do\u011fu Avrupa&#8217;n\u0131n en b\u00fcy\u00fck savunma sanayi fuar\u0131 MSPO 2025&#8217;e kat\u0131lacak. T\u00fcrk savunma sanayiinin lider oyuncular\u0131ndan SYS Grup, g\u00fcncel tehditlere yan\u0131t veren y\u00fcksek teknolojiye dayal\u0131 g\u00fcvenlik \u00e7\u00f6z\u00fcmleriyle uluslararas\u0131 arenada boy g\u00f6stermeye [&hellip;]","og_url":"https:\/\/memurunsesi.net\/index.php\/2025\/08\/29\/avrupanin-guvenlik-kaygilarina-turk-cozumleri\/","og_site_name":"Memurun Sesi","article_publisher":"https:\/\/www.facebook.com\/unipersen\/?locale=tr_TR","article_published_time":"2025-08-29T07:33:45+00:00","og_image":[{"width":1600,"height":1600,"url":"https:\/\/memurunsesi.net\/wp-content\/uploads\/2025\/08\/AW527005_01.jpg","type":"image\/jpeg"}],"author":"Memurun Sesi Haber Merkezi","twitter_card":"summary_large_image","twitter_creator":"@unipersen","twitter_site":"@unipersen","twitter_misc":{"Yazan:":"Memurun Sesi Haber Merkezi","Tahmini okuma s\u00fcresi":"1 dakika"},"schema":{"@context":"https:\/\/schema.org","@graph":[{"@type":"Article","@id":"https:\/\/memurunsesi.net\/index.php\/2025\/08\/29\/avrupanin-guvenlik-kaygilarina-turk-cozumleri\/#article","isPartOf":{"@id":"https:\/\/memurunsesi.net\/index.php\/2025\/08\/29\/avrupanin-guvenlik-kaygilarina-turk-cozumleri\/"},"author":{"name":"Memurun Sesi Haber Merkezi","@id":"https:\/\/memurunsesi.net\/#\/schema\/person\/f21c2d73b89f6ee1d80b0a1803e38587"},"headline":"Avrupa&#8217;n\u0131n g\u00fcvenlik kayg\u0131lar\u0131na T\u00fcrk \u00e7\u00f6z\u00fcmleri","datePublished":"2025-08-29T07:33:45+00:00","mainEntityOfPage":{"@id":"https:\/\/memurunsesi.net\/index.php\/2025\/08\/29\/avrupanin-guvenlik-kaygilarina-turk-cozumleri\/"},"wordCount":728,"commentCount":0,"publisher":{"@id":"https:\/\/memurunsesi.net\/#organization"},"image":{"@id":"https:\/\/memurunsesi.net\/index.php\/2025\/08\/29\/avrupanin-guvenlik-kaygilarina-turk-cozumleri\/#primaryimage"},"thumbnailUrl":"https:\/\/memurunsesi.net\/wp-content\/uploads\/2025\/08\/AW527005_01.jpg","articleSection":["T\u00fcm Haberler"],"inLanguage":"tr","potentialAction":[{"@type":"CommentAction","name":"Comment","target":["https:\/\/memurunsesi.net\/index.php\/2025\/08\/29\/avrupanin-guvenlik-kaygilarina-turk-cozumleri\/#respond"]}]},{"@type":"WebPage","@id":"https:\/\/memurunsesi.net\/index.php\/2025\/08\/29\/avrupanin-guvenlik-kaygilarina-turk-cozumleri\/","url":"https:\/\/memurunsesi.net\/index.php\/2025\/08\/29\/avrupanin-guvenlik-kaygilarina-turk-cozumleri\/","name":"Avrupa'n\u0131n g\u00fcvenlik kayg\u0131lar\u0131na T\u00fcrk \u00e7\u00f6z\u00fcmleri - Memurun Sesi","isPartOf":{"@id":"https:\/\/memurunsesi.net\/#website"},"primaryImageOfPage":{"@id":"https:\/\/memurunsesi.net\/index.php\/2025\/08\/29\/avrupanin-guvenlik-kaygilarina-turk-cozumleri\/#primaryimage"},"image":{"@id":"https:\/\/memurunsesi.net\/index.php\/2025\/08\/29\/avrupanin-guvenlik-kaygilarina-turk-cozumleri\/#primaryimage"},"thumbnailUrl":"https:\/\/memurunsesi.net\/wp-content\/uploads\/2025\/08\/AW527005_01.jpg","datePublished":"2025-08-29T07:33:45+00:00","breadcrumb":{"@id":"https:\/\/memurunsesi.net\/index.php\/2025\/08\/29\/avrupanin-guvenlik-kaygilarina-turk-cozumleri\/#breadcrumb"},"inLanguage":"tr","potentialAction":[{"@type":"ReadAction","target":["https:\/\/memurunsesi.net\/index.php\/2025\/08\/29\/avrupanin-guvenlik-kaygilarina-turk-cozumleri\/"]}]},{"@type":"ImageObject","inLanguage":"tr","@id":"https:\/\/memurunsesi.net\/index.php\/2025\/08\/29\/avrupanin-guvenlik-kaygilarina-turk-cozumleri\/#primaryimage","url":"https:\/\/memurunsesi.net\/wp-content\/uploads\/2025\/08\/AW527005_01.jpg","contentUrl":"https:\/\/memurunsesi.net\/wp-content\/uploads\/2025\/08\/AW527005_01.jpg","width":1600,"height":1600,"caption":"TRAKON 30 (\u0130HA\/\u0130STANBUL-\u0130HA) Samsun Yurt Savunma (SYS Grup), NATO ve Avrupa \u00fclkelerinin g\u00fcvenlik ihtiya\u00e7lar\u0131n\u0131n ve savunma harcamalar\u0131n\u0131n artt\u0131\u011f\u0131 bir d\u00f6nemde g\u00fcvenilir ve y\u00fcksek teknolojiye dayal\u0131 \u00e7\u00f6z\u00fcmlerle Polonya'da d\u00fczenlenecek Do\u011fu Avrupa'n\u0131n en b\u00fcy\u00fck savunma sanayi fuar\u0131 MSPO 2025'e kat\u0131lacak."},{"@type":"BreadcrumbList","@id":"https:\/\/memurunsesi.net\/index.php\/2025\/08\/29\/avrupanin-guvenlik-kaygilarina-turk-cozumleri\/#breadcrumb","itemListElement":[{"@type":"ListItem","position":1,"name":"Anasayfa","item":"https:\/\/memurunsesi.net\/"},{"@type":"ListItem","position":2,"name":"Avrupa&#8217;n\u0131n g\u00fcvenlik kayg\u0131lar\u0131na T\u00fcrk \u00e7\u00f6z\u00fcmleri"}]},{"@type":"WebSite","@id":"https:\/\/memurunsesi.net\/#website","url":"https:\/\/memurunsesi.net\/","name":"Memurun Sesi","description":"G\u00fcncel ve Do\u011fru Haber","publisher":{"@id":"https:\/\/memurunsesi.net\/#organization"},"potentialAction":[{"@type":"SearchAction","target":{"@type":"EntryPoint","urlTemplate":"https:\/\/memurunsesi.net\/?s={search_term_string}"},"query-input":{"@type":"PropertyValueSpecification","valueRequired":true,"valueName":"search_term_string"}}],"inLanguage":"tr"},{"@type":"Organization","@id":"https:\/\/memurunsesi.net\/#organization","name":"Memurun Sesi","url":"https:\/\/memurunsesi.net\/","logo":{"@type":"ImageObject","inLanguage":"tr","@id":"https:\/\/memurunsesi.net\/#\/schema\/logo\/image\/","url":"https:\/\/memurunsesi.net\/wp-content\/uploads\/2025\/11\/cropped-MEMURUN-SESI.png","contentUrl":"https:\/\/memurunsesi.net\/wp-content\/uploads\/2025\/11\/cropped-MEMURUN-SESI.png","width":238,"height":57,"caption":"Memurun Sesi"},"image":{"@id":"https:\/\/memurunsesi.net\/#\/schema\/logo\/image\/"},"sameAs":["https:\/\/www.facebook.com\/unipersen\/?locale=tr_TR","https:\/\/x.com\/unipersen"]},{"@type":"Person","@id":"https:\/\/memurunsesi.net\/#\/schema\/person\/f21c2d73b89f6ee1d80b0a1803e38587","name":"Memurun Sesi Haber Merkezi","image":{"@type":"ImageObject","inLanguage":"tr","@id":"https:\/\/secure.gravatar.com\/avatar\/6cf0505f452ee753f485014986fab09a434671d2b919ee76fc541025c5876a70?s=96&d=mm&r=g","url":"https:\/\/secure.gravatar.com\/avatar\/6cf0505f452ee753f485014986fab09a434671d2b919ee76fc541025c5876a70?s=96&d=mm&r=g","contentUrl":"https:\/\/secure.gravatar.com\/avatar\/6cf0505f452ee753f485014986fab09a434671d2b919ee76fc541025c5876a70?s=96&d=mm&r=g","caption":"Memurun Sesi Haber Merkezi"},"sameAs":["https:\/\/memurunsesi.net"],"url":"https:\/\/memurunsesi.net\/index.php\/author\/uniper\/"}]}},"_links":{"self":[{"href":"https:\/\/memurunsesi.net\/index.php\/wp-json\/wp\/v2\/posts\/11042","targetHints":{"allow":["GET"]}}],"collection":[{"href":"https:\/\/memurunsesi.net\/index.php\/wp-json\/wp\/v2\/posts"}],"about":[{"href":"https:\/\/memurunsesi.net\/index.php\/wp-json\/wp\/v2\/types\/post"}],"author":[{"embeddable":true,"href":"https:\/\/memurunsesi.net\/index.php\/wp-json\/wp\/v2\/users\/1"}],"replies":[{"embeddable":true,"href":"https:\/\/memurunsesi.net\/index.php\/wp-json\/wp\/v2\/comments?post=11042"}],"version-history":[{"count":1,"href":"https:\/\/memurunsesi.net\/index.php\/wp-json\/wp\/v2\/posts\/11042\/revisions"}],"predecessor-version":[{"id":11044,"href":"https:\/\/memurunsesi.net\/index.php\/wp-json\/wp\/v2\/posts\/11042\/revisions\/11044"}],"wp:featuredmedia":[{"embeddable":true,"href":"https:\/\/memurunsesi.net\/index.php\/wp-json\/wp\/v2\/media\/11043"}],"wp:attachment":[{"href":"https:\/\/memurunsesi.net\/index.php\/wp-json\/wp\/v2\/media?parent=11042"}],"wp:term":[{"taxonomy":"category","embeddable":true,"href":"https:\/\/memurunsesi.net\/index.php\/wp-json\/wp\/v2\/categories?post=11042"},{"taxonomy":"post_tag","embeddable":true,"href":"https:\/\/memurunsesi.net\/index.php\/wp-json\/wp\/v2\/tags?post=11042"}],"curies":[{"name":"wp","href":"https:\/\/api.w.org\/{rel}","templated":true}]}}