{"id":11116,"date":"2025-08-30T09:47:01","date_gmt":"2025-08-30T06:47:01","guid":{"rendered":"https:\/\/memurunsesi.net\/?p=11116"},"modified":"2025-08-30T09:47:01","modified_gmt":"2025-08-30T06:47:01","slug":"taksim-meydaninda-30-agustos-zafer-bayrami-toreni","status":"publish","type":"post","link":"https:\/\/memurunsesi.net\/index.php\/2025\/08\/30\/taksim-meydaninda-30-agustos-zafer-bayrami-toreni\/","title":{"rendered":"Taksim Meydan\u0131\u2019nda 30 A\u011fustos Zafer Bayram\u0131 t\u00f6reni"},"content":{"rendered":"<p>   30 A\u011fustos Zafer Bayram\u0131\u2019n\u0131n 103\u2019\u00fcnc\u00fc y\u0131l d\u00f6n\u00fcm\u00fcnde Taksim Meydan\u0131\u2019nda bulunan Cumhuriyet An\u0131t\u0131\u2019na \u00e7elenk b\u0131rak\u0131ld\u0131.<br \/>\n  30 A\u011fustos Zafer Bayram\u0131\u2019n\u0131n 103\u2019\u00fcnc\u00fc y\u0131l d\u00f6n\u00fcm\u00fc kutlamalar\u0131 \u00e7er\u00e7evesinde \u0130stanbul Valili\u011fi, 1. Ordu Komutanl\u0131\u011f\u0131 ve \u0130stanbul B\u00fcy\u00fck\u015fehir Belediyesi taraf\u0131ndan Taksim Meydan\u0131\u2019nda bulunan Cumhuriyet An\u0131t\u0131\u2019na \u00e7elenk b\u0131rak\u0131ld\u0131. T\u00f6rene \u0130stanbul Valisi Davut G\u00fcl, \u0130stanbul B\u00fcy\u00fck\u015fehir Belediye Ba\u015fkanvekili Nuri Aslan, 1.Ordu Komutan\u0131 Orgeneral Bahtiyar Ersay, pek \u00e7ok askeri personel ve vatanda\u015f kat\u0131ld\u0131. \u0130stanbul Valisi Davut G\u00fcl\u2019\u00fcn Cumhuriyet An\u0131t\u0131\u2019na \u00e7elenk b\u0131rakmas\u0131yla ba\u015flayan t\u00f6ren, 1.Ordu Komutanl\u0131\u011f\u0131 ve \u0130stanbul B\u00fcy\u00fck\u015fehir Belediyesi \u00e7elenklerinin b\u0131rak\u0131lmas\u0131yla devam etti. Zafer Bayram\u0131 kutlamalar\u0131 \u00e7er\u00e7evesinde d\u00fczenlenen t\u00f6ren, \u0130stiklal Mar\u015f\u0131\u2019n\u0131n okunmas\u0131 ve sayg\u0131 duru\u015funda bulunulmas\u0131yla sona erdi. <\/p>\n<p>30.08.2025                                <\/p>\n","protected":false},"excerpt":{"rendered":"<p>30 A\u011fustos Zafer Bayram\u0131\u2019n\u0131n 103\u2019\u00fcnc\u00fc y\u0131l d\u00f6n\u00fcm\u00fcnde Taksim Meydan\u0131\u2019nda bulunan Cumhuriyet An\u0131t\u0131\u2019na \u00e7elenk b\u0131rak\u0131ld\u0131. 30 A\u011fustos Zafer Bayram\u0131\u2019n\u0131n 103\u2019\u00fcnc\u00fc y\u0131l d\u00f6n\u00fcm\u00fc kutlamalar\u0131 \u00e7er\u00e7evesinde \u0130stanbul Valili\u011fi, 1. Ordu Komutanl\u0131\u011f\u0131 ve \u0130stanbul B\u00fcy\u00fck\u015fehir Belediyesi taraf\u0131ndan Taksim Meydan\u0131\u2019nda bulunan Cumhuriyet An\u0131t\u0131\u2019na \u00e7elenk b\u0131rak\u0131ld\u0131. T\u00f6rene \u0130stanbul Valisi Davut G\u00fcl, \u0130stanbul B\u00fcy\u00fck\u015fehir Belediye Ba\u015fkanvekili Nuri Aslan, 1.Ordu Komutan\u0131 Orgeneral Bahtiyar [&hellip;]<\/p>\n","protected":false},"author":1,"featured_media":11117,"comment_status":"open","ping_status":"open","sticky":false,"template":"","format":"standard","meta":{"footnotes":""},"categories":[1],"tags":[],"class_list":["post-11116","post","type-post","status-publish","format-standard","has-post-thumbnail","hentry","category-genel"],"yoast_head":"<!-- This site is optimized with the Yoast SEO plugin v27.4 - https:\/\/yoast.com\/product\/yoast-seo-wordpress\/ -->\n<title>Taksim Meydan\u0131\u2019nda 30 A\u011fustos Zafer Bayram\u0131 t\u00f6reni - Memurun Sesi<\/title>\n<meta name=\"robots\" content=\"index, follow, max-snippet:-1, max-image-preview:large, max-video-preview:-1\" \/>\n<link rel=\"canonical\" href=\"https:\/\/memurunsesi.net\/index.php\/2025\/08\/30\/taksim-meydaninda-30-agustos-zafer-bayrami-toreni\/\" \/>\n<meta property=\"og:locale\" content=\"tr_TR\" \/>\n<meta property=\"og:type\" content=\"article\" \/>\n<meta property=\"og:title\" content=\"Taksim Meydan\u0131\u2019nda 30 A\u011fustos Zafer Bayram\u0131 t\u00f6reni - Memurun Sesi\" \/>\n<meta property=\"og:description\" content=\"30 A\u011fustos Zafer Bayram\u0131\u2019n\u0131n 103\u2019\u00fcnc\u00fc y\u0131l d\u00f6n\u00fcm\u00fcnde Taksim Meydan\u0131\u2019nda bulunan Cumhuriyet An\u0131t\u0131\u2019na \u00e7elenk b\u0131rak\u0131ld\u0131. 30 A\u011fustos Zafer Bayram\u0131\u2019n\u0131n 103\u2019\u00fcnc\u00fc y\u0131l d\u00f6n\u00fcm\u00fc kutlamalar\u0131 \u00e7er\u00e7evesinde \u0130stanbul Valili\u011fi, 1. Ordu Komutanl\u0131\u011f\u0131 ve \u0130stanbul B\u00fcy\u00fck\u015fehir Belediyesi taraf\u0131ndan Taksim Meydan\u0131\u2019nda bulunan Cumhuriyet An\u0131t\u0131\u2019na \u00e7elenk b\u0131rak\u0131ld\u0131. T\u00f6rene \u0130stanbul Valisi Davut G\u00fcl, \u0130stanbul B\u00fcy\u00fck\u015fehir Belediye Ba\u015fkanvekili Nuri Aslan, 1.Ordu Komutan\u0131 Orgeneral Bahtiyar [&hellip;]\" \/>\n<meta property=\"og:url\" content=\"https:\/\/memurunsesi.net\/index.php\/2025\/08\/30\/taksim-meydaninda-30-agustos-zafer-bayrami-toreni\/\" \/>\n<meta property=\"og:site_name\" content=\"Memurun Sesi\" \/>\n<meta property=\"article:publisher\" content=\"https:\/\/www.facebook.com\/unipersen\/?locale=tr_TR\" \/>\n<meta property=\"article:published_time\" content=\"2025-08-30T06:47:01+00:00\" \/>\n<meta property=\"og:image\" content=\"https:\/\/memurunsesi.net\/wp-content\/uploads\/2025\/08\/AW527686_01.jpg\" \/>\n\t<meta property=\"og:image:width\" content=\"2048\" \/>\n\t<meta property=\"og:image:height\" content=\"1198\" \/>\n\t<meta property=\"og:image:type\" content=\"image\/jpeg\" \/>\n<meta name=\"author\" content=\"Memurun Sesi Haber Merkezi\" \/>\n<meta name=\"twitter:card\" content=\"summary_large_image\" \/>\n<meta name=\"twitter:creator\" content=\"@unipersen\" \/>\n<meta name=\"twitter:site\" content=\"@unipersen\" \/>\n<meta name=\"twitter:label1\" content=\"Yazan:\" \/>\n\t<meta name=\"twitter:data1\" content=\"Memurun Sesi Haber Merkezi\" \/>\n\t<meta name=\"twitter:label2\" content=\"Tahmini okuma s\u00fcresi\" \/>\n\t<meta name=\"twitter:data2\" content=\"1 dakika\" \/>\n<script type=\"application\/ld+json\" class=\"yoast-schema-graph\">{\"@context\":\"https:\\\/\\\/schema.org\",\"@graph\":[{\"@type\":\"Article\",\"@id\":\"https:\\\/\\\/memurunsesi.net\\\/index.php\\\/2025\\\/08\\\/30\\\/taksim-meydaninda-30-agustos-zafer-bayrami-toreni\\\/#article\",\"isPartOf\":{\"@id\":\"https:\\\/\\\/memurunsesi.net\\\/index.php\\\/2025\\\/08\\\/30\\\/taksim-meydaninda-30-agustos-zafer-bayrami-toreni\\\/\"},\"author\":{\"name\":\"Memurun Sesi Haber Merkezi\",\"@id\":\"https:\\\/\\\/memurunsesi.net\\\/#\\\/schema\\\/person\\\/f21c2d73b89f6ee1d80b0a1803e38587\"},\"headline\":\"Taksim Meydan\u0131\u2019nda 30 A\u011fustos Zafer Bayram\u0131 t\u00f6reni\",\"datePublished\":\"2025-08-30T06:47:01+00:00\",\"mainEntityOfPage\":{\"@id\":\"https:\\\/\\\/memurunsesi.net\\\/index.php\\\/2025\\\/08\\\/30\\\/taksim-meydaninda-30-agustos-zafer-bayrami-toreni\\\/\"},\"wordCount\":161,\"commentCount\":0,\"publisher\":{\"@id\":\"https:\\\/\\\/memurunsesi.net\\\/#organization\"},\"image\":{\"@id\":\"https:\\\/\\\/memurunsesi.net\\\/index.php\\\/2025\\\/08\\\/30\\\/taksim-meydaninda-30-agustos-zafer-bayrami-toreni\\\/#primaryimage\"},\"thumbnailUrl\":\"https:\\\/\\\/memurunsesi.net\\\/wp-content\\\/uploads\\\/2025\\\/08\\\/AW527686_01.jpg\",\"inLanguage\":\"tr\",\"potentialAction\":[{\"@type\":\"CommentAction\",\"name\":\"Comment\",\"target\":[\"https:\\\/\\\/memurunsesi.net\\\/index.php\\\/2025\\\/08\\\/30\\\/taksim-meydaninda-30-agustos-zafer-bayrami-toreni\\\/#respond\"]}]},{\"@type\":\"WebPage\",\"@id\":\"https:\\\/\\\/memurunsesi.net\\\/index.php\\\/2025\\\/08\\\/30\\\/taksim-meydaninda-30-agustos-zafer-bayrami-toreni\\\/\",\"url\":\"https:\\\/\\\/memurunsesi.net\\\/index.php\\\/2025\\\/08\\\/30\\\/taksim-meydaninda-30-agustos-zafer-bayrami-toreni\\\/\",\"name\":\"Taksim Meydan\u0131\u2019nda 30 A\u011fustos Zafer Bayram\u0131 t\u00f6reni - Memurun Sesi\",\"isPartOf\":{\"@id\":\"https:\\\/\\\/memurunsesi.net\\\/#website\"},\"primaryImageOfPage\":{\"@id\":\"https:\\\/\\\/memurunsesi.net\\\/index.php\\\/2025\\\/08\\\/30\\\/taksim-meydaninda-30-agustos-zafer-bayrami-toreni\\\/#primaryimage\"},\"image\":{\"@id\":\"https:\\\/\\\/memurunsesi.net\\\/index.php\\\/2025\\\/08\\\/30\\\/taksim-meydaninda-30-agustos-zafer-bayrami-toreni\\\/#primaryimage\"},\"thumbnailUrl\":\"https:\\\/\\\/memurunsesi.net\\\/wp-content\\\/uploads\\\/2025\\\/08\\\/AW527686_01.jpg\",\"datePublished\":\"2025-08-30T06:47:01+00:00\",\"breadcrumb\":{\"@id\":\"https:\\\/\\\/memurunsesi.net\\\/index.php\\\/2025\\\/08\\\/30\\\/taksim-meydaninda-30-agustos-zafer-bayrami-toreni\\\/#breadcrumb\"},\"inLanguage\":\"tr\",\"potentialAction\":[{\"@type\":\"ReadAction\",\"target\":[\"https:\\\/\\\/memurunsesi.net\\\/index.php\\\/2025\\\/08\\\/30\\\/taksim-meydaninda-30-agustos-zafer-bayrami-toreni\\\/\"]}]},{\"@type\":\"ImageObject\",\"inLanguage\":\"tr\",\"@id\":\"https:\\\/\\\/memurunsesi.net\\\/index.php\\\/2025\\\/08\\\/30\\\/taksim-meydaninda-30-agustos-zafer-bayrami-toreni\\\/#primaryimage\",\"url\":\"https:\\\/\\\/memurunsesi.net\\\/wp-content\\\/uploads\\\/2025\\\/08\\\/AW527686_01.jpg\",\"contentUrl\":\"https:\\\/\\\/memurunsesi.net\\\/wp-content\\\/uploads\\\/2025\\\/08\\\/AW527686_01.jpg\",\"width\":2048,\"height\":1198,\"caption\":\"\u00c7ELENK SUNULMASI (MURAT HOROZ\\\/\u0130STANBUL-\u0130HA) 30 A\u011fustos Zafer Bayram\u0131'n\u0131n 103'\u00fcnc\u00fc y\u0131l d\u00f6n\u00fcm\u00fcnde Taksim Meydan\u0131'nda bulunan Cumhuriyet An\u0131t\u0131'na \u00e7elenk b\u0131rak\u0131ld\u0131.\"},{\"@type\":\"BreadcrumbList\",\"@id\":\"https:\\\/\\\/memurunsesi.net\\\/index.php\\\/2025\\\/08\\\/30\\\/taksim-meydaninda-30-agustos-zafer-bayrami-toreni\\\/#breadcrumb\",\"itemListElement\":[{\"@type\":\"ListItem\",\"position\":1,\"name\":\"Anasayfa\",\"item\":\"https:\\\/\\\/memurunsesi.net\\\/\"},{\"@type\":\"ListItem\",\"position\":2,\"name\":\"Taksim Meydan\u0131\u2019nda 30 A\u011fustos Zafer Bayram\u0131 t\u00f6reni\"}]},{\"@type\":\"WebSite\",\"@id\":\"https:\\\/\\\/memurunsesi.net\\\/#website\",\"url\":\"https:\\\/\\\/memurunsesi.net\\\/\",\"name\":\"Memurun Sesi\",\"description\":\"G\u00fcncel ve Do\u011fru Haber\",\"publisher\":{\"@id\":\"https:\\\/\\\/memurunsesi.net\\\/#organization\"},\"potentialAction\":[{\"@type\":\"SearchAction\",\"target\":{\"@type\":\"EntryPoint\",\"urlTemplate\":\"https:\\\/\\\/memurunsesi.net\\\/?s={search_term_string}\"},\"query-input\":{\"@type\":\"PropertyValueSpecification\",\"valueRequired\":true,\"valueName\":\"search_term_string\"}}],\"inLanguage\":\"tr\"},{\"@type\":\"Organization\",\"@id\":\"https:\\\/\\\/memurunsesi.net\\\/#organization\",\"name\":\"Memurun Sesi\",\"url\":\"https:\\\/\\\/memurunsesi.net\\\/\",\"logo\":{\"@type\":\"ImageObject\",\"inLanguage\":\"tr\",\"@id\":\"https:\\\/\\\/memurunsesi.net\\\/#\\\/schema\\\/logo\\\/image\\\/\",\"url\":\"https:\\\/\\\/memurunsesi.net\\\/wp-content\\\/uploads\\\/2025\\\/11\\\/cropped-MEMURUN-SESI.png\",\"contentUrl\":\"https:\\\/\\\/memurunsesi.net\\\/wp-content\\\/uploads\\\/2025\\\/11\\\/cropped-MEMURUN-SESI.png\",\"width\":238,\"height\":57,\"caption\":\"Memurun Sesi\"},\"image\":{\"@id\":\"https:\\\/\\\/memurunsesi.net\\\/#\\\/schema\\\/logo\\\/image\\\/\"},\"sameAs\":[\"https:\\\/\\\/www.facebook.com\\\/unipersen\\\/?locale=tr_TR\",\"https:\\\/\\\/x.com\\\/unipersen\"]},{\"@type\":\"Person\",\"@id\":\"https:\\\/\\\/memurunsesi.net\\\/#\\\/schema\\\/person\\\/f21c2d73b89f6ee1d80b0a1803e38587\",\"name\":\"Memurun Sesi Haber Merkezi\",\"image\":{\"@type\":\"ImageObject\",\"inLanguage\":\"tr\",\"@id\":\"https:\\\/\\\/secure.gravatar.com\\\/avatar\\\/6cf0505f452ee753f485014986fab09a434671d2b919ee76fc541025c5876a70?s=96&d=mm&r=g\",\"url\":\"https:\\\/\\\/secure.gravatar.com\\\/avatar\\\/6cf0505f452ee753f485014986fab09a434671d2b919ee76fc541025c5876a70?s=96&d=mm&r=g\",\"contentUrl\":\"https:\\\/\\\/secure.gravatar.com\\\/avatar\\\/6cf0505f452ee753f485014986fab09a434671d2b919ee76fc541025c5876a70?s=96&d=mm&r=g\",\"caption\":\"Memurun Sesi Haber Merkezi\"},\"sameAs\":[\"https:\\\/\\\/memurunsesi.net\"],\"url\":\"https:\\\/\\\/memurunsesi.net\\\/index.php\\\/author\\\/uniper\\\/\"}]}<\/script>\n<!-- \/ Yoast SEO plugin. -->","yoast_head_json":{"title":"Taksim Meydan\u0131\u2019nda 30 A\u011fustos Zafer Bayram\u0131 t\u00f6reni - Memurun Sesi","robots":{"index":"index","follow":"follow","max-snippet":"max-snippet:-1","max-image-preview":"max-image-preview:large","max-video-preview":"max-video-preview:-1"},"canonical":"https:\/\/memurunsesi.net\/index.php\/2025\/08\/30\/taksim-meydaninda-30-agustos-zafer-bayrami-toreni\/","og_locale":"tr_TR","og_type":"article","og_title":"Taksim Meydan\u0131\u2019nda 30 A\u011fustos Zafer Bayram\u0131 t\u00f6reni - Memurun Sesi","og_description":"30 A\u011fustos Zafer Bayram\u0131\u2019n\u0131n 103\u2019\u00fcnc\u00fc y\u0131l d\u00f6n\u00fcm\u00fcnde Taksim Meydan\u0131\u2019nda bulunan Cumhuriyet An\u0131t\u0131\u2019na \u00e7elenk b\u0131rak\u0131ld\u0131. 30 A\u011fustos Zafer Bayram\u0131\u2019n\u0131n 103\u2019\u00fcnc\u00fc y\u0131l d\u00f6n\u00fcm\u00fc kutlamalar\u0131 \u00e7er\u00e7evesinde \u0130stanbul Valili\u011fi, 1. Ordu Komutanl\u0131\u011f\u0131 ve \u0130stanbul B\u00fcy\u00fck\u015fehir Belediyesi taraf\u0131ndan Taksim Meydan\u0131\u2019nda bulunan Cumhuriyet An\u0131t\u0131\u2019na \u00e7elenk b\u0131rak\u0131ld\u0131. T\u00f6rene \u0130stanbul Valisi Davut G\u00fcl, \u0130stanbul B\u00fcy\u00fck\u015fehir Belediye Ba\u015fkanvekili Nuri Aslan, 1.Ordu Komutan\u0131 Orgeneral Bahtiyar [&hellip;]","og_url":"https:\/\/memurunsesi.net\/index.php\/2025\/08\/30\/taksim-meydaninda-30-agustos-zafer-bayrami-toreni\/","og_site_name":"Memurun Sesi","article_publisher":"https:\/\/www.facebook.com\/unipersen\/?locale=tr_TR","article_published_time":"2025-08-30T06:47:01+00:00","og_image":[{"width":2048,"height":1198,"url":"https:\/\/memurunsesi.net\/wp-content\/uploads\/2025\/08\/AW527686_01.jpg","type":"image\/jpeg"}],"author":"Memurun Sesi Haber Merkezi","twitter_card":"summary_large_image","twitter_creator":"@unipersen","twitter_site":"@unipersen","twitter_misc":{"Yazan:":"Memurun Sesi Haber Merkezi","Tahmini okuma s\u00fcresi":"1 dakika"},"schema":{"@context":"https:\/\/schema.org","@graph":[{"@type":"Article","@id":"https:\/\/memurunsesi.net\/index.php\/2025\/08\/30\/taksim-meydaninda-30-agustos-zafer-bayrami-toreni\/#article","isPartOf":{"@id":"https:\/\/memurunsesi.net\/index.php\/2025\/08\/30\/taksim-meydaninda-30-agustos-zafer-bayrami-toreni\/"},"author":{"name":"Memurun Sesi Haber Merkezi","@id":"https:\/\/memurunsesi.net\/#\/schema\/person\/f21c2d73b89f6ee1d80b0a1803e38587"},"headline":"Taksim Meydan\u0131\u2019nda 30 A\u011fustos Zafer Bayram\u0131 t\u00f6reni","datePublished":"2025-08-30T06:47:01+00:00","mainEntityOfPage":{"@id":"https:\/\/memurunsesi.net\/index.php\/2025\/08\/30\/taksim-meydaninda-30-agustos-zafer-bayrami-toreni\/"},"wordCount":161,"commentCount":0,"publisher":{"@id":"https:\/\/memurunsesi.net\/#organization"},"image":{"@id":"https:\/\/memurunsesi.net\/index.php\/2025\/08\/30\/taksim-meydaninda-30-agustos-zafer-bayrami-toreni\/#primaryimage"},"thumbnailUrl":"https:\/\/memurunsesi.net\/wp-content\/uploads\/2025\/08\/AW527686_01.jpg","inLanguage":"tr","potentialAction":[{"@type":"CommentAction","name":"Comment","target":["https:\/\/memurunsesi.net\/index.php\/2025\/08\/30\/taksim-meydaninda-30-agustos-zafer-bayrami-toreni\/#respond"]}]},{"@type":"WebPage","@id":"https:\/\/memurunsesi.net\/index.php\/2025\/08\/30\/taksim-meydaninda-30-agustos-zafer-bayrami-toreni\/","url":"https:\/\/memurunsesi.net\/index.php\/2025\/08\/30\/taksim-meydaninda-30-agustos-zafer-bayrami-toreni\/","name":"Taksim Meydan\u0131\u2019nda 30 A\u011fustos Zafer Bayram\u0131 t\u00f6reni - Memurun Sesi","isPartOf":{"@id":"https:\/\/memurunsesi.net\/#website"},"primaryImageOfPage":{"@id":"https:\/\/memurunsesi.net\/index.php\/2025\/08\/30\/taksim-meydaninda-30-agustos-zafer-bayrami-toreni\/#primaryimage"},"image":{"@id":"https:\/\/memurunsesi.net\/index.php\/2025\/08\/30\/taksim-meydaninda-30-agustos-zafer-bayrami-toreni\/#primaryimage"},"thumbnailUrl":"https:\/\/memurunsesi.net\/wp-content\/uploads\/2025\/08\/AW527686_01.jpg","datePublished":"2025-08-30T06:47:01+00:00","breadcrumb":{"@id":"https:\/\/memurunsesi.net\/index.php\/2025\/08\/30\/taksim-meydaninda-30-agustos-zafer-bayrami-toreni\/#breadcrumb"},"inLanguage":"tr","potentialAction":[{"@type":"ReadAction","target":["https:\/\/memurunsesi.net\/index.php\/2025\/08\/30\/taksim-meydaninda-30-agustos-zafer-bayrami-toreni\/"]}]},{"@type":"ImageObject","inLanguage":"tr","@id":"https:\/\/memurunsesi.net\/index.php\/2025\/08\/30\/taksim-meydaninda-30-agustos-zafer-bayrami-toreni\/#primaryimage","url":"https:\/\/memurunsesi.net\/wp-content\/uploads\/2025\/08\/AW527686_01.jpg","contentUrl":"https:\/\/memurunsesi.net\/wp-content\/uploads\/2025\/08\/AW527686_01.jpg","width":2048,"height":1198,"caption":"\u00c7ELENK SUNULMASI (MURAT HOROZ\/\u0130STANBUL-\u0130HA) 30 A\u011fustos Zafer Bayram\u0131'n\u0131n 103'\u00fcnc\u00fc y\u0131l d\u00f6n\u00fcm\u00fcnde Taksim Meydan\u0131'nda bulunan Cumhuriyet An\u0131t\u0131'na \u00e7elenk b\u0131rak\u0131ld\u0131."},{"@type":"BreadcrumbList","@id":"https:\/\/memurunsesi.net\/index.php\/2025\/08\/30\/taksim-meydaninda-30-agustos-zafer-bayrami-toreni\/#breadcrumb","itemListElement":[{"@type":"ListItem","position":1,"name":"Anasayfa","item":"https:\/\/memurunsesi.net\/"},{"@type":"ListItem","position":2,"name":"Taksim Meydan\u0131\u2019nda 30 A\u011fustos Zafer Bayram\u0131 t\u00f6reni"}]},{"@type":"WebSite","@id":"https:\/\/memurunsesi.net\/#website","url":"https:\/\/memurunsesi.net\/","name":"Memurun Sesi","description":"G\u00fcncel ve Do\u011fru Haber","publisher":{"@id":"https:\/\/memurunsesi.net\/#organization"},"potentialAction":[{"@type":"SearchAction","target":{"@type":"EntryPoint","urlTemplate":"https:\/\/memurunsesi.net\/?s={search_term_string}"},"query-input":{"@type":"PropertyValueSpecification","valueRequired":true,"valueName":"search_term_string"}}],"inLanguage":"tr"},{"@type":"Organization","@id":"https:\/\/memurunsesi.net\/#organization","name":"Memurun Sesi","url":"https:\/\/memurunsesi.net\/","logo":{"@type":"ImageObject","inLanguage":"tr","@id":"https:\/\/memurunsesi.net\/#\/schema\/logo\/image\/","url":"https:\/\/memurunsesi.net\/wp-content\/uploads\/2025\/11\/cropped-MEMURUN-SESI.png","contentUrl":"https:\/\/memurunsesi.net\/wp-content\/uploads\/2025\/11\/cropped-MEMURUN-SESI.png","width":238,"height":57,"caption":"Memurun Sesi"},"image":{"@id":"https:\/\/memurunsesi.net\/#\/schema\/logo\/image\/"},"sameAs":["https:\/\/www.facebook.com\/unipersen\/?locale=tr_TR","https:\/\/x.com\/unipersen"]},{"@type":"Person","@id":"https:\/\/memurunsesi.net\/#\/schema\/person\/f21c2d73b89f6ee1d80b0a1803e38587","name":"Memurun Sesi Haber Merkezi","image":{"@type":"ImageObject","inLanguage":"tr","@id":"https:\/\/secure.gravatar.com\/avatar\/6cf0505f452ee753f485014986fab09a434671d2b919ee76fc541025c5876a70?s=96&d=mm&r=g","url":"https:\/\/secure.gravatar.com\/avatar\/6cf0505f452ee753f485014986fab09a434671d2b919ee76fc541025c5876a70?s=96&d=mm&r=g","contentUrl":"https:\/\/secure.gravatar.com\/avatar\/6cf0505f452ee753f485014986fab09a434671d2b919ee76fc541025c5876a70?s=96&d=mm&r=g","caption":"Memurun Sesi Haber Merkezi"},"sameAs":["https:\/\/memurunsesi.net"],"url":"https:\/\/memurunsesi.net\/index.php\/author\/uniper\/"}]}},"_links":{"self":[{"href":"https:\/\/memurunsesi.net\/index.php\/wp-json\/wp\/v2\/posts\/11116","targetHints":{"allow":["GET"]}}],"collection":[{"href":"https:\/\/memurunsesi.net\/index.php\/wp-json\/wp\/v2\/posts"}],"about":[{"href":"https:\/\/memurunsesi.net\/index.php\/wp-json\/wp\/v2\/types\/post"}],"author":[{"embeddable":true,"href":"https:\/\/memurunsesi.net\/index.php\/wp-json\/wp\/v2\/users\/1"}],"replies":[{"embeddable":true,"href":"https:\/\/memurunsesi.net\/index.php\/wp-json\/wp\/v2\/comments?post=11116"}],"version-history":[{"count":1,"href":"https:\/\/memurunsesi.net\/index.php\/wp-json\/wp\/v2\/posts\/11116\/revisions"}],"predecessor-version":[{"id":11118,"href":"https:\/\/memurunsesi.net\/index.php\/wp-json\/wp\/v2\/posts\/11116\/revisions\/11118"}],"wp:featuredmedia":[{"embeddable":true,"href":"https:\/\/memurunsesi.net\/index.php\/wp-json\/wp\/v2\/media\/11117"}],"wp:attachment":[{"href":"https:\/\/memurunsesi.net\/index.php\/wp-json\/wp\/v2\/media?parent=11116"}],"wp:term":[{"taxonomy":"category","embeddable":true,"href":"https:\/\/memurunsesi.net\/index.php\/wp-json\/wp\/v2\/categories?post=11116"},{"taxonomy":"post_tag","embeddable":true,"href":"https:\/\/memurunsesi.net\/index.php\/wp-json\/wp\/v2\/tags?post=11116"}],"curies":[{"name":"wp","href":"https:\/\/api.w.org\/{rel}","templated":true}]}}