{"id":11201,"date":"2025-09-01T20:01:35","date_gmt":"2025-09-01T17:01:35","guid":{"rendered":"https:\/\/memurunsesi.net\/?p=11201"},"modified":"2025-09-01T20:01:35","modified_gmt":"2025-09-01T17:01:35","slug":"karabukteki-yanginla-ilgili-5-kisi-gozaltina-alindi","status":"publish","type":"post","link":"https:\/\/memurunsesi.net\/index.php\/2025\/09\/01\/karabukteki-yanginla-ilgili-5-kisi-gozaltina-alindi\/","title":{"rendered":"Karab\u00fck&#8217;teki yang\u0131nla ilgili 5 ki\u015fi g\u00f6zalt\u0131na al\u0131nd\u0131"},"content":{"rendered":"<p>  Karab\u00fck&#8217;\u00fcn Eflani il\u00e7esine ba\u011fl\u0131 Sarayc\u0131k k\u00f6y\u00fcnde \u00e7\u0131kan orman yang\u0131n\u0131yla ilgili kesim i\u015flerinde \u00e7al\u0131\u015fan 5 Afganistan uyruklu \u015fah\u0131s g\u00f6zalt\u0131na al\u0131nd\u0131.<br \/>\n  Edinilen bilgiye g\u00f6re, d\u00fcn \u00f6\u011flen saatlerinde Eflani il\u00e7esi Sarayc\u0131k k\u00f6y\u00fc Bozarmut Mahallesi mevkisinde ormanl\u0131k alanda \u00e7\u0131kan yang\u0131n\u0131 s\u00f6nd\u00fcrme \u00e7al\u0131\u015fmalar\u0131 devam ediyor. Yang\u0131n\u0131n \u00e7\u0131k\u0131\u015f nedeniyle ilgili yap\u0131lan soru\u015fturmada, orman i\u00e7erisinde bulunan kesim sahas\u0131nda orman i\u015fi yapan Afganistan uyruklu N\u0131metullah S., Asadullah S., Ta\u00e7 Muhammed M., \u0130badullah M., Sheer Muhammed A.&#8217;n\u0131n bar\u0131nma ama\u00e7l\u0131 kald\u0131klar\u0131 \u00e7ad\u0131ra \u00f6\u011fle saatlerinde yemek yemek i\u00e7in geldikleri, tekrar orman kesim sahas\u0131nda \u00e7al\u0131\u015fmaya gittikleri, ard\u0131ndan yemek yedikleri \u00e7ad\u0131r\u0131n tutu\u015fmas\u0131yla yang\u0131n\u0131n \u00e7\u0131kt\u0131\u011f\u0131 de\u011ferlendirildi.<br \/>\n  Kesim i\u015f\u00e7isi olarak \u00e7al\u0131\u015fan 5 Afgan uyruklu \u015fah\u0131s jandarma ekipleri taraf\u0131ndan g\u00f6zalt\u0131na al\u0131nd\u0131. Jandarmada i\u015flemleri tamamlanan zanl\u0131lar Safranbolu Adliyesine sevk edildi. <\/p>\n<p>1.09.2025                                 <\/p>\n","protected":false},"excerpt":{"rendered":"<p>Karab\u00fck&#8217;\u00fcn Eflani il\u00e7esine ba\u011fl\u0131 Sarayc\u0131k k\u00f6y\u00fcnde \u00e7\u0131kan orman yang\u0131n\u0131yla ilgili kesim i\u015flerinde \u00e7al\u0131\u015fan 5 Afganistan uyruklu \u015fah\u0131s g\u00f6zalt\u0131na al\u0131nd\u0131. Edinilen bilgiye g\u00f6re, d\u00fcn \u00f6\u011flen saatlerinde Eflani il\u00e7esi Sarayc\u0131k k\u00f6y\u00fc Bozarmut Mahallesi mevkisinde ormanl\u0131k alanda \u00e7\u0131kan yang\u0131n\u0131 s\u00f6nd\u00fcrme \u00e7al\u0131\u015fmalar\u0131 devam ediyor. Yang\u0131n\u0131n \u00e7\u0131k\u0131\u015f nedeniyle ilgili yap\u0131lan soru\u015fturmada, orman i\u00e7erisinde bulunan kesim sahas\u0131nda orman i\u015fi yapan Afganistan [&hellip;]<\/p>\n","protected":false},"author":1,"featured_media":11202,"comment_status":"open","ping_status":"open","sticky":false,"template":"","format":"standard","meta":{"footnotes":""},"categories":[1],"tags":[],"class_list":["post-11201","post","type-post","status-publish","format-standard","has-post-thumbnail","hentry","category-genel"],"yoast_head":"<!-- This site is optimized with the Yoast SEO plugin v27.4 - https:\/\/yoast.com\/product\/yoast-seo-wordpress\/ -->\n<title>Karab\u00fck&#039;teki yang\u0131nla ilgili 5 ki\u015fi g\u00f6zalt\u0131na al\u0131nd\u0131 - Memurun Sesi<\/title>\n<meta name=\"robots\" content=\"index, follow, max-snippet:-1, max-image-preview:large, max-video-preview:-1\" \/>\n<link rel=\"canonical\" href=\"https:\/\/memurunsesi.net\/index.php\/2025\/09\/01\/karabukteki-yanginla-ilgili-5-kisi-gozaltina-alindi\/\" \/>\n<meta property=\"og:locale\" content=\"tr_TR\" \/>\n<meta property=\"og:type\" content=\"article\" \/>\n<meta property=\"og:title\" content=\"Karab\u00fck&#039;teki yang\u0131nla ilgili 5 ki\u015fi g\u00f6zalt\u0131na al\u0131nd\u0131 - Memurun Sesi\" \/>\n<meta property=\"og:description\" content=\"Karab\u00fck&#8217;\u00fcn Eflani il\u00e7esine ba\u011fl\u0131 Sarayc\u0131k k\u00f6y\u00fcnde \u00e7\u0131kan orman yang\u0131n\u0131yla ilgili kesim i\u015flerinde \u00e7al\u0131\u015fan 5 Afganistan uyruklu \u015fah\u0131s g\u00f6zalt\u0131na al\u0131nd\u0131. Edinilen bilgiye g\u00f6re, d\u00fcn \u00f6\u011flen saatlerinde Eflani il\u00e7esi Sarayc\u0131k k\u00f6y\u00fc Bozarmut Mahallesi mevkisinde ormanl\u0131k alanda \u00e7\u0131kan yang\u0131n\u0131 s\u00f6nd\u00fcrme \u00e7al\u0131\u015fmalar\u0131 devam ediyor. Yang\u0131n\u0131n \u00e7\u0131k\u0131\u015f nedeniyle ilgili yap\u0131lan soru\u015fturmada, orman i\u00e7erisinde bulunan kesim sahas\u0131nda orman i\u015fi yapan Afganistan [&hellip;]\" \/>\n<meta property=\"og:url\" content=\"https:\/\/memurunsesi.net\/index.php\/2025\/09\/01\/karabukteki-yanginla-ilgili-5-kisi-gozaltina-alindi\/\" \/>\n<meta property=\"og:site_name\" content=\"Memurun Sesi\" \/>\n<meta property=\"article:publisher\" content=\"https:\/\/www.facebook.com\/unipersen\/?locale=tr_TR\" \/>\n<meta property=\"article:published_time\" content=\"2025-09-01T17:01:35+00:00\" \/>\n<meta property=\"og:image\" content=\"https:\/\/memurunsesi.net\/wp-content\/uploads\/2025\/09\/AW529413_01.jpg\" \/>\n\t<meta property=\"og:image:width\" content=\"1290\" \/>\n\t<meta property=\"og:image:height\" content=\"707\" \/>\n\t<meta property=\"og:image:type\" content=\"image\/jpeg\" \/>\n<meta name=\"author\" content=\"Memurun Sesi Haber Merkezi\" \/>\n<meta name=\"twitter:card\" content=\"summary_large_image\" \/>\n<meta name=\"twitter:creator\" content=\"@unipersen\" \/>\n<meta name=\"twitter:site\" content=\"@unipersen\" \/>\n<meta name=\"twitter:label1\" content=\"Yazan:\" \/>\n\t<meta name=\"twitter:data1\" content=\"Memurun Sesi Haber Merkezi\" \/>\n\t<meta name=\"twitter:label2\" content=\"Tahmini okuma s\u00fcresi\" \/>\n\t<meta name=\"twitter:data2\" content=\"1 dakika\" \/>\n<script type=\"application\/ld+json\" class=\"yoast-schema-graph\">{\"@context\":\"https:\\\/\\\/schema.org\",\"@graph\":[{\"@type\":\"Article\",\"@id\":\"https:\\\/\\\/memurunsesi.net\\\/index.php\\\/2025\\\/09\\\/01\\\/karabukteki-yanginla-ilgili-5-kisi-gozaltina-alindi\\\/#article\",\"isPartOf\":{\"@id\":\"https:\\\/\\\/memurunsesi.net\\\/index.php\\\/2025\\\/09\\\/01\\\/karabukteki-yanginla-ilgili-5-kisi-gozaltina-alindi\\\/\"},\"author\":{\"name\":\"Memurun Sesi Haber Merkezi\",\"@id\":\"https:\\\/\\\/memurunsesi.net\\\/#\\\/schema\\\/person\\\/f21c2d73b89f6ee1d80b0a1803e38587\"},\"headline\":\"Karab\u00fck&#8217;teki yang\u0131nla ilgili 5 ki\u015fi g\u00f6zalt\u0131na al\u0131nd\u0131\",\"datePublished\":\"2025-09-01T17:01:35+00:00\",\"mainEntityOfPage\":{\"@id\":\"https:\\\/\\\/memurunsesi.net\\\/index.php\\\/2025\\\/09\\\/01\\\/karabukteki-yanginla-ilgili-5-kisi-gozaltina-alindi\\\/\"},\"wordCount\":183,\"commentCount\":0,\"publisher\":{\"@id\":\"https:\\\/\\\/memurunsesi.net\\\/#organization\"},\"image\":{\"@id\":\"https:\\\/\\\/memurunsesi.net\\\/index.php\\\/2025\\\/09\\\/01\\\/karabukteki-yanginla-ilgili-5-kisi-gozaltina-alindi\\\/#primaryimage\"},\"thumbnailUrl\":\"https:\\\/\\\/memurunsesi.net\\\/wp-content\\\/uploads\\\/2025\\\/09\\\/AW529413_01.jpg\",\"inLanguage\":\"tr\",\"potentialAction\":[{\"@type\":\"CommentAction\",\"name\":\"Comment\",\"target\":[\"https:\\\/\\\/memurunsesi.net\\\/index.php\\\/2025\\\/09\\\/01\\\/karabukteki-yanginla-ilgili-5-kisi-gozaltina-alindi\\\/#respond\"]}]},{\"@type\":\"WebPage\",\"@id\":\"https:\\\/\\\/memurunsesi.net\\\/index.php\\\/2025\\\/09\\\/01\\\/karabukteki-yanginla-ilgili-5-kisi-gozaltina-alindi\\\/\",\"url\":\"https:\\\/\\\/memurunsesi.net\\\/index.php\\\/2025\\\/09\\\/01\\\/karabukteki-yanginla-ilgili-5-kisi-gozaltina-alindi\\\/\",\"name\":\"Karab\u00fck'teki yang\u0131nla ilgili 5 ki\u015fi g\u00f6zalt\u0131na al\u0131nd\u0131 - Memurun Sesi\",\"isPartOf\":{\"@id\":\"https:\\\/\\\/memurunsesi.net\\\/#website\"},\"primaryImageOfPage\":{\"@id\":\"https:\\\/\\\/memurunsesi.net\\\/index.php\\\/2025\\\/09\\\/01\\\/karabukteki-yanginla-ilgili-5-kisi-gozaltina-alindi\\\/#primaryimage\"},\"image\":{\"@id\":\"https:\\\/\\\/memurunsesi.net\\\/index.php\\\/2025\\\/09\\\/01\\\/karabukteki-yanginla-ilgili-5-kisi-gozaltina-alindi\\\/#primaryimage\"},\"thumbnailUrl\":\"https:\\\/\\\/memurunsesi.net\\\/wp-content\\\/uploads\\\/2025\\\/09\\\/AW529413_01.jpg\",\"datePublished\":\"2025-09-01T17:01:35+00:00\",\"breadcrumb\":{\"@id\":\"https:\\\/\\\/memurunsesi.net\\\/index.php\\\/2025\\\/09\\\/01\\\/karabukteki-yanginla-ilgili-5-kisi-gozaltina-alindi\\\/#breadcrumb\"},\"inLanguage\":\"tr\",\"potentialAction\":[{\"@type\":\"ReadAction\",\"target\":[\"https:\\\/\\\/memurunsesi.net\\\/index.php\\\/2025\\\/09\\\/01\\\/karabukteki-yanginla-ilgili-5-kisi-gozaltina-alindi\\\/\"]}]},{\"@type\":\"ImageObject\",\"inLanguage\":\"tr\",\"@id\":\"https:\\\/\\\/memurunsesi.net\\\/index.php\\\/2025\\\/09\\\/01\\\/karabukteki-yanginla-ilgili-5-kisi-gozaltina-alindi\\\/#primaryimage\",\"url\":\"https:\\\/\\\/memurunsesi.net\\\/wp-content\\\/uploads\\\/2025\\\/09\\\/AW529413_01.jpg\",\"contentUrl\":\"https:\\\/\\\/memurunsesi.net\\\/wp-content\\\/uploads\\\/2025\\\/09\\\/AW529413_01.jpg\",\"width\":1290,\"height\":707,\"caption\":\"KARAB\u00dcK'\u00dcN EFLAN\u0130 \u0130L\u00c7ES\u0130NE BA\u011eLI SARAYCIK K\u00d6Y\u00dc BOZARMUT MAHALLES\u0130'NDE MEYDANA GELEN ORMAN YANGINIYLA \u0130LG\u0130L\u0130 KES\u0130M \u0130\u015eLER\u0130NDE \u00c7ALI\u015eAN 5 AFGAN\u0130STAN UYRUKLU \u015eAHIS G\u00d6ZALTINA ALINDI. (ERS\u0130N TURAN\\\/KARAB\u00dcK-\u0130HA) Karab\u00fck'\u00fcn Eflani il\u00e7esine ba\u011fl\u0131 Sarayc\u0131k k\u00f6y\u00fcnde \u00e7\u0131kan orman yang\u0131n\u0131yla ilgili kesim i\u015flerinde \u00e7al\u0131\u015fan 5 Afganistan uyruklu \u015fah\u0131s g\u00f6zalt\u0131na al\u0131nd\u0131.\"},{\"@type\":\"BreadcrumbList\",\"@id\":\"https:\\\/\\\/memurunsesi.net\\\/index.php\\\/2025\\\/09\\\/01\\\/karabukteki-yanginla-ilgili-5-kisi-gozaltina-alindi\\\/#breadcrumb\",\"itemListElement\":[{\"@type\":\"ListItem\",\"position\":1,\"name\":\"Anasayfa\",\"item\":\"https:\\\/\\\/memurunsesi.net\\\/\"},{\"@type\":\"ListItem\",\"position\":2,\"name\":\"Karab\u00fck&#8217;teki yang\u0131nla ilgili 5 ki\u015fi g\u00f6zalt\u0131na al\u0131nd\u0131\"}]},{\"@type\":\"WebSite\",\"@id\":\"https:\\\/\\\/memurunsesi.net\\\/#website\",\"url\":\"https:\\\/\\\/memurunsesi.net\\\/\",\"name\":\"Memurun Sesi\",\"description\":\"G\u00fcncel ve Do\u011fru Haber\",\"publisher\":{\"@id\":\"https:\\\/\\\/memurunsesi.net\\\/#organization\"},\"potentialAction\":[{\"@type\":\"SearchAction\",\"target\":{\"@type\":\"EntryPoint\",\"urlTemplate\":\"https:\\\/\\\/memurunsesi.net\\\/?s={search_term_string}\"},\"query-input\":{\"@type\":\"PropertyValueSpecification\",\"valueRequired\":true,\"valueName\":\"search_term_string\"}}],\"inLanguage\":\"tr\"},{\"@type\":\"Organization\",\"@id\":\"https:\\\/\\\/memurunsesi.net\\\/#organization\",\"name\":\"Memurun Sesi\",\"url\":\"https:\\\/\\\/memurunsesi.net\\\/\",\"logo\":{\"@type\":\"ImageObject\",\"inLanguage\":\"tr\",\"@id\":\"https:\\\/\\\/memurunsesi.net\\\/#\\\/schema\\\/logo\\\/image\\\/\",\"url\":\"https:\\\/\\\/memurunsesi.net\\\/wp-content\\\/uploads\\\/2025\\\/11\\\/cropped-MEMURUN-SESI.png\",\"contentUrl\":\"https:\\\/\\\/memurunsesi.net\\\/wp-content\\\/uploads\\\/2025\\\/11\\\/cropped-MEMURUN-SESI.png\",\"width\":238,\"height\":57,\"caption\":\"Memurun Sesi\"},\"image\":{\"@id\":\"https:\\\/\\\/memurunsesi.net\\\/#\\\/schema\\\/logo\\\/image\\\/\"},\"sameAs\":[\"https:\\\/\\\/www.facebook.com\\\/unipersen\\\/?locale=tr_TR\",\"https:\\\/\\\/x.com\\\/unipersen\"]},{\"@type\":\"Person\",\"@id\":\"https:\\\/\\\/memurunsesi.net\\\/#\\\/schema\\\/person\\\/f21c2d73b89f6ee1d80b0a1803e38587\",\"name\":\"Memurun Sesi Haber Merkezi\",\"image\":{\"@type\":\"ImageObject\",\"inLanguage\":\"tr\",\"@id\":\"https:\\\/\\\/secure.gravatar.com\\\/avatar\\\/6cf0505f452ee753f485014986fab09a434671d2b919ee76fc541025c5876a70?s=96&d=mm&r=g\",\"url\":\"https:\\\/\\\/secure.gravatar.com\\\/avatar\\\/6cf0505f452ee753f485014986fab09a434671d2b919ee76fc541025c5876a70?s=96&d=mm&r=g\",\"contentUrl\":\"https:\\\/\\\/secure.gravatar.com\\\/avatar\\\/6cf0505f452ee753f485014986fab09a434671d2b919ee76fc541025c5876a70?s=96&d=mm&r=g\",\"caption\":\"Memurun Sesi Haber Merkezi\"},\"sameAs\":[\"https:\\\/\\\/memurunsesi.net\"],\"url\":\"https:\\\/\\\/memurunsesi.net\\\/index.php\\\/author\\\/uniper\\\/\"}]}<\/script>\n<!-- \/ Yoast SEO plugin. -->","yoast_head_json":{"title":"Karab\u00fck'teki yang\u0131nla ilgili 5 ki\u015fi g\u00f6zalt\u0131na al\u0131nd\u0131 - Memurun Sesi","robots":{"index":"index","follow":"follow","max-snippet":"max-snippet:-1","max-image-preview":"max-image-preview:large","max-video-preview":"max-video-preview:-1"},"canonical":"https:\/\/memurunsesi.net\/index.php\/2025\/09\/01\/karabukteki-yanginla-ilgili-5-kisi-gozaltina-alindi\/","og_locale":"tr_TR","og_type":"article","og_title":"Karab\u00fck'teki yang\u0131nla ilgili 5 ki\u015fi g\u00f6zalt\u0131na al\u0131nd\u0131 - Memurun Sesi","og_description":"Karab\u00fck&#8217;\u00fcn Eflani il\u00e7esine ba\u011fl\u0131 Sarayc\u0131k k\u00f6y\u00fcnde \u00e7\u0131kan orman yang\u0131n\u0131yla ilgili kesim i\u015flerinde \u00e7al\u0131\u015fan 5 Afganistan uyruklu \u015fah\u0131s g\u00f6zalt\u0131na al\u0131nd\u0131. Edinilen bilgiye g\u00f6re, d\u00fcn \u00f6\u011flen saatlerinde Eflani il\u00e7esi Sarayc\u0131k k\u00f6y\u00fc Bozarmut Mahallesi mevkisinde ormanl\u0131k alanda \u00e7\u0131kan yang\u0131n\u0131 s\u00f6nd\u00fcrme \u00e7al\u0131\u015fmalar\u0131 devam ediyor. Yang\u0131n\u0131n \u00e7\u0131k\u0131\u015f nedeniyle ilgili yap\u0131lan soru\u015fturmada, orman i\u00e7erisinde bulunan kesim sahas\u0131nda orman i\u015fi yapan Afganistan [&hellip;]","og_url":"https:\/\/memurunsesi.net\/index.php\/2025\/09\/01\/karabukteki-yanginla-ilgili-5-kisi-gozaltina-alindi\/","og_site_name":"Memurun Sesi","article_publisher":"https:\/\/www.facebook.com\/unipersen\/?locale=tr_TR","article_published_time":"2025-09-01T17:01:35+00:00","og_image":[{"width":1290,"height":707,"url":"https:\/\/memurunsesi.net\/wp-content\/uploads\/2025\/09\/AW529413_01.jpg","type":"image\/jpeg"}],"author":"Memurun Sesi Haber Merkezi","twitter_card":"summary_large_image","twitter_creator":"@unipersen","twitter_site":"@unipersen","twitter_misc":{"Yazan:":"Memurun Sesi Haber Merkezi","Tahmini okuma s\u00fcresi":"1 dakika"},"schema":{"@context":"https:\/\/schema.org","@graph":[{"@type":"Article","@id":"https:\/\/memurunsesi.net\/index.php\/2025\/09\/01\/karabukteki-yanginla-ilgili-5-kisi-gozaltina-alindi\/#article","isPartOf":{"@id":"https:\/\/memurunsesi.net\/index.php\/2025\/09\/01\/karabukteki-yanginla-ilgili-5-kisi-gozaltina-alindi\/"},"author":{"name":"Memurun Sesi Haber Merkezi","@id":"https:\/\/memurunsesi.net\/#\/schema\/person\/f21c2d73b89f6ee1d80b0a1803e38587"},"headline":"Karab\u00fck&#8217;teki yang\u0131nla ilgili 5 ki\u015fi g\u00f6zalt\u0131na al\u0131nd\u0131","datePublished":"2025-09-01T17:01:35+00:00","mainEntityOfPage":{"@id":"https:\/\/memurunsesi.net\/index.php\/2025\/09\/01\/karabukteki-yanginla-ilgili-5-kisi-gozaltina-alindi\/"},"wordCount":183,"commentCount":0,"publisher":{"@id":"https:\/\/memurunsesi.net\/#organization"},"image":{"@id":"https:\/\/memurunsesi.net\/index.php\/2025\/09\/01\/karabukteki-yanginla-ilgili-5-kisi-gozaltina-alindi\/#primaryimage"},"thumbnailUrl":"https:\/\/memurunsesi.net\/wp-content\/uploads\/2025\/09\/AW529413_01.jpg","inLanguage":"tr","potentialAction":[{"@type":"CommentAction","name":"Comment","target":["https:\/\/memurunsesi.net\/index.php\/2025\/09\/01\/karabukteki-yanginla-ilgili-5-kisi-gozaltina-alindi\/#respond"]}]},{"@type":"WebPage","@id":"https:\/\/memurunsesi.net\/index.php\/2025\/09\/01\/karabukteki-yanginla-ilgili-5-kisi-gozaltina-alindi\/","url":"https:\/\/memurunsesi.net\/index.php\/2025\/09\/01\/karabukteki-yanginla-ilgili-5-kisi-gozaltina-alindi\/","name":"Karab\u00fck'teki yang\u0131nla ilgili 5 ki\u015fi g\u00f6zalt\u0131na al\u0131nd\u0131 - Memurun Sesi","isPartOf":{"@id":"https:\/\/memurunsesi.net\/#website"},"primaryImageOfPage":{"@id":"https:\/\/memurunsesi.net\/index.php\/2025\/09\/01\/karabukteki-yanginla-ilgili-5-kisi-gozaltina-alindi\/#primaryimage"},"image":{"@id":"https:\/\/memurunsesi.net\/index.php\/2025\/09\/01\/karabukteki-yanginla-ilgili-5-kisi-gozaltina-alindi\/#primaryimage"},"thumbnailUrl":"https:\/\/memurunsesi.net\/wp-content\/uploads\/2025\/09\/AW529413_01.jpg","datePublished":"2025-09-01T17:01:35+00:00","breadcrumb":{"@id":"https:\/\/memurunsesi.net\/index.php\/2025\/09\/01\/karabukteki-yanginla-ilgili-5-kisi-gozaltina-alindi\/#breadcrumb"},"inLanguage":"tr","potentialAction":[{"@type":"ReadAction","target":["https:\/\/memurunsesi.net\/index.php\/2025\/09\/01\/karabukteki-yanginla-ilgili-5-kisi-gozaltina-alindi\/"]}]},{"@type":"ImageObject","inLanguage":"tr","@id":"https:\/\/memurunsesi.net\/index.php\/2025\/09\/01\/karabukteki-yanginla-ilgili-5-kisi-gozaltina-alindi\/#primaryimage","url":"https:\/\/memurunsesi.net\/wp-content\/uploads\/2025\/09\/AW529413_01.jpg","contentUrl":"https:\/\/memurunsesi.net\/wp-content\/uploads\/2025\/09\/AW529413_01.jpg","width":1290,"height":707,"caption":"KARAB\u00dcK'\u00dcN EFLAN\u0130 \u0130L\u00c7ES\u0130NE BA\u011eLI SARAYCIK K\u00d6Y\u00dc BOZARMUT MAHALLES\u0130'NDE MEYDANA GELEN ORMAN YANGINIYLA \u0130LG\u0130L\u0130 KES\u0130M \u0130\u015eLER\u0130NDE \u00c7ALI\u015eAN 5 AFGAN\u0130STAN UYRUKLU \u015eAHIS G\u00d6ZALTINA ALINDI. (ERS\u0130N TURAN\/KARAB\u00dcK-\u0130HA) Karab\u00fck'\u00fcn Eflani il\u00e7esine ba\u011fl\u0131 Sarayc\u0131k k\u00f6y\u00fcnde \u00e7\u0131kan orman yang\u0131n\u0131yla ilgili kesim i\u015flerinde \u00e7al\u0131\u015fan 5 Afganistan uyruklu \u015fah\u0131s g\u00f6zalt\u0131na al\u0131nd\u0131."},{"@type":"BreadcrumbList","@id":"https:\/\/memurunsesi.net\/index.php\/2025\/09\/01\/karabukteki-yanginla-ilgili-5-kisi-gozaltina-alindi\/#breadcrumb","itemListElement":[{"@type":"ListItem","position":1,"name":"Anasayfa","item":"https:\/\/memurunsesi.net\/"},{"@type":"ListItem","position":2,"name":"Karab\u00fck&#8217;teki yang\u0131nla ilgili 5 ki\u015fi g\u00f6zalt\u0131na al\u0131nd\u0131"}]},{"@type":"WebSite","@id":"https:\/\/memurunsesi.net\/#website","url":"https:\/\/memurunsesi.net\/","name":"Memurun Sesi","description":"G\u00fcncel ve Do\u011fru Haber","publisher":{"@id":"https:\/\/memurunsesi.net\/#organization"},"potentialAction":[{"@type":"SearchAction","target":{"@type":"EntryPoint","urlTemplate":"https:\/\/memurunsesi.net\/?s={search_term_string}"},"query-input":{"@type":"PropertyValueSpecification","valueRequired":true,"valueName":"search_term_string"}}],"inLanguage":"tr"},{"@type":"Organization","@id":"https:\/\/memurunsesi.net\/#organization","name":"Memurun Sesi","url":"https:\/\/memurunsesi.net\/","logo":{"@type":"ImageObject","inLanguage":"tr","@id":"https:\/\/memurunsesi.net\/#\/schema\/logo\/image\/","url":"https:\/\/memurunsesi.net\/wp-content\/uploads\/2025\/11\/cropped-MEMURUN-SESI.png","contentUrl":"https:\/\/memurunsesi.net\/wp-content\/uploads\/2025\/11\/cropped-MEMURUN-SESI.png","width":238,"height":57,"caption":"Memurun Sesi"},"image":{"@id":"https:\/\/memurunsesi.net\/#\/schema\/logo\/image\/"},"sameAs":["https:\/\/www.facebook.com\/unipersen\/?locale=tr_TR","https:\/\/x.com\/unipersen"]},{"@type":"Person","@id":"https:\/\/memurunsesi.net\/#\/schema\/person\/f21c2d73b89f6ee1d80b0a1803e38587","name":"Memurun Sesi Haber Merkezi","image":{"@type":"ImageObject","inLanguage":"tr","@id":"https:\/\/secure.gravatar.com\/avatar\/6cf0505f452ee753f485014986fab09a434671d2b919ee76fc541025c5876a70?s=96&d=mm&r=g","url":"https:\/\/secure.gravatar.com\/avatar\/6cf0505f452ee753f485014986fab09a434671d2b919ee76fc541025c5876a70?s=96&d=mm&r=g","contentUrl":"https:\/\/secure.gravatar.com\/avatar\/6cf0505f452ee753f485014986fab09a434671d2b919ee76fc541025c5876a70?s=96&d=mm&r=g","caption":"Memurun Sesi Haber Merkezi"},"sameAs":["https:\/\/memurunsesi.net"],"url":"https:\/\/memurunsesi.net\/index.php\/author\/uniper\/"}]}},"_links":{"self":[{"href":"https:\/\/memurunsesi.net\/index.php\/wp-json\/wp\/v2\/posts\/11201","targetHints":{"allow":["GET"]}}],"collection":[{"href":"https:\/\/memurunsesi.net\/index.php\/wp-json\/wp\/v2\/posts"}],"about":[{"href":"https:\/\/memurunsesi.net\/index.php\/wp-json\/wp\/v2\/types\/post"}],"author":[{"embeddable":true,"href":"https:\/\/memurunsesi.net\/index.php\/wp-json\/wp\/v2\/users\/1"}],"replies":[{"embeddable":true,"href":"https:\/\/memurunsesi.net\/index.php\/wp-json\/wp\/v2\/comments?post=11201"}],"version-history":[{"count":1,"href":"https:\/\/memurunsesi.net\/index.php\/wp-json\/wp\/v2\/posts\/11201\/revisions"}],"predecessor-version":[{"id":11203,"href":"https:\/\/memurunsesi.net\/index.php\/wp-json\/wp\/v2\/posts\/11201\/revisions\/11203"}],"wp:featuredmedia":[{"embeddable":true,"href":"https:\/\/memurunsesi.net\/index.php\/wp-json\/wp\/v2\/media\/11202"}],"wp:attachment":[{"href":"https:\/\/memurunsesi.net\/index.php\/wp-json\/wp\/v2\/media?parent=11201"}],"wp:term":[{"taxonomy":"category","embeddable":true,"href":"https:\/\/memurunsesi.net\/index.php\/wp-json\/wp\/v2\/categories?post=11201"},{"taxonomy":"post_tag","embeddable":true,"href":"https:\/\/memurunsesi.net\/index.php\/wp-json\/wp\/v2\/tags?post=11201"}],"curies":[{"name":"wp","href":"https:\/\/api.w.org\/{rel}","templated":true}]}}