{"id":11204,"date":"2025-09-01T20:24:53","date_gmt":"2025-09-01T17:24:53","guid":{"rendered":"https:\/\/memurunsesi.net\/?p=11204"},"modified":"2025-09-01T20:24:53","modified_gmt":"2025-09-01T17:24:53","slug":"yozgatta-yangin-bir-ev-ve-20-donum-alan-kule-dondu","status":"publish","type":"post","link":"https:\/\/memurunsesi.net\/index.php\/2025\/09\/01\/yozgatta-yangin-bir-ev-ve-20-donum-alan-kule-dondu\/","title":{"rendered":"Yozgat\u2019ta yang\u0131n: Bir ev ve 20 d\u00f6n\u00fcm alan k\u00fcle d\u00f6nd\u00fc"},"content":{"rendered":"<p>    Yozgat merkeze ba\u011fl\u0131 Fak\u0131beyli k\u00f6y\u00fcnde \u00e7\u0131kan yang\u0131nda bir ev ve 20 d\u00f6n\u00fcm a\u011fa\u00e7l\u0131k alan yand\u0131.<br \/>\nYozgat merkeze ba\u011fl\u0131 Fak\u0131beyli k\u00f6y\u00fcnde hen\u00fcz bilinmeyen bir nedenle \u00e7\u0131kan yang\u0131nda ba\u011f evi ve 20 d\u00f6n\u00fcm a\u011fa\u00e7l\u0131k alan k\u00fcl oldu. \u00c7evredekilerin ihbar\u0131 \u00fczerine Yozgat Belediyesi itfaiye ekipleri 4 araz\u00f6z, 1 k\u0131lavuz ve 15 personel ile yang\u0131na m\u00fcdahale etti.<br \/>\n  Yang\u0131n k\u00f6ydeki evlere s\u0131\u00e7ramadan tamamen s\u00f6nd\u00fcr\u00fcld\u00fc. Olayla ilgili inceleme ba\u015flat\u0131ld\u0131. <\/p>\n<p>1.09.2025                                   <\/p>\n","protected":false},"excerpt":{"rendered":"<p>Yozgat merkeze ba\u011fl\u0131 Fak\u0131beyli k\u00f6y\u00fcnde \u00e7\u0131kan yang\u0131nda bir ev ve 20 d\u00f6n\u00fcm a\u011fa\u00e7l\u0131k alan yand\u0131. Yozgat merkeze ba\u011fl\u0131 Fak\u0131beyli k\u00f6y\u00fcnde hen\u00fcz bilinmeyen bir nedenle \u00e7\u0131kan yang\u0131nda ba\u011f evi ve 20 d\u00f6n\u00fcm a\u011fa\u00e7l\u0131k alan k\u00fcl oldu. \u00c7evredekilerin ihbar\u0131 \u00fczerine Yozgat Belediyesi itfaiye ekipleri 4 araz\u00f6z, 1 k\u0131lavuz ve 15 personel ile yang\u0131na m\u00fcdahale etti. Yang\u0131n k\u00f6ydeki [&hellip;]<\/p>\n","protected":false},"author":1,"featured_media":11205,"comment_status":"open","ping_status":"open","sticky":false,"template":"","format":"standard","meta":{"footnotes":""},"categories":[1],"tags":[],"class_list":["post-11204","post","type-post","status-publish","format-standard","has-post-thumbnail","hentry","category-genel"],"yoast_head":"<!-- This site is optimized with the Yoast SEO plugin v27.4 - https:\/\/yoast.com\/product\/yoast-seo-wordpress\/ -->\n<title>Yozgat\u2019ta yang\u0131n: Bir ev ve 20 d\u00f6n\u00fcm alan k\u00fcle d\u00f6nd\u00fc - Memurun Sesi<\/title>\n<meta name=\"robots\" content=\"index, follow, max-snippet:-1, max-image-preview:large, max-video-preview:-1\" \/>\n<link rel=\"canonical\" href=\"https:\/\/memurunsesi.net\/index.php\/2025\/09\/01\/yozgatta-yangin-bir-ev-ve-20-donum-alan-kule-dondu\/\" \/>\n<meta property=\"og:locale\" content=\"tr_TR\" \/>\n<meta property=\"og:type\" content=\"article\" \/>\n<meta property=\"og:title\" content=\"Yozgat\u2019ta yang\u0131n: Bir ev ve 20 d\u00f6n\u00fcm alan k\u00fcle d\u00f6nd\u00fc - Memurun Sesi\" \/>\n<meta property=\"og:description\" content=\"Yozgat merkeze ba\u011fl\u0131 Fak\u0131beyli k\u00f6y\u00fcnde \u00e7\u0131kan yang\u0131nda bir ev ve 20 d\u00f6n\u00fcm a\u011fa\u00e7l\u0131k alan yand\u0131. Yozgat merkeze ba\u011fl\u0131 Fak\u0131beyli k\u00f6y\u00fcnde hen\u00fcz bilinmeyen bir nedenle \u00e7\u0131kan yang\u0131nda ba\u011f evi ve 20 d\u00f6n\u00fcm a\u011fa\u00e7l\u0131k alan k\u00fcl oldu. \u00c7evredekilerin ihbar\u0131 \u00fczerine Yozgat Belediyesi itfaiye ekipleri 4 araz\u00f6z, 1 k\u0131lavuz ve 15 personel ile yang\u0131na m\u00fcdahale etti. Yang\u0131n k\u00f6ydeki [&hellip;]\" \/>\n<meta property=\"og:url\" content=\"https:\/\/memurunsesi.net\/index.php\/2025\/09\/01\/yozgatta-yangin-bir-ev-ve-20-donum-alan-kule-dondu\/\" \/>\n<meta property=\"og:site_name\" content=\"Memurun Sesi\" \/>\n<meta property=\"article:publisher\" content=\"https:\/\/www.facebook.com\/unipersen\/?locale=tr_TR\" \/>\n<meta property=\"article:published_time\" content=\"2025-09-01T17:24:53+00:00\" \/>\n<meta property=\"og:image\" content=\"https:\/\/memurunsesi.net\/wp-content\/uploads\/2025\/09\/AW529419_01.jpg\" \/>\n\t<meta property=\"og:image:width\" content=\"2048\" \/>\n\t<meta property=\"og:image:height\" content=\"1536\" \/>\n\t<meta property=\"og:image:type\" content=\"image\/jpeg\" \/>\n<meta name=\"author\" content=\"Memurun Sesi Haber Merkezi\" \/>\n<meta name=\"twitter:card\" content=\"summary_large_image\" \/>\n<meta name=\"twitter:creator\" content=\"@unipersen\" \/>\n<meta name=\"twitter:site\" content=\"@unipersen\" \/>\n<meta name=\"twitter:label1\" content=\"Yazan:\" \/>\n\t<meta name=\"twitter:data1\" content=\"Memurun Sesi Haber Merkezi\" \/>\n\t<meta name=\"twitter:label2\" content=\"Tahmini okuma s\u00fcresi\" \/>\n\t<meta name=\"twitter:data2\" content=\"1 dakika\" \/>\n<script type=\"application\/ld+json\" class=\"yoast-schema-graph\">{\"@context\":\"https:\\\/\\\/schema.org\",\"@graph\":[{\"@type\":\"Article\",\"@id\":\"https:\\\/\\\/memurunsesi.net\\\/index.php\\\/2025\\\/09\\\/01\\\/yozgatta-yangin-bir-ev-ve-20-donum-alan-kule-dondu\\\/#article\",\"isPartOf\":{\"@id\":\"https:\\\/\\\/memurunsesi.net\\\/index.php\\\/2025\\\/09\\\/01\\\/yozgatta-yangin-bir-ev-ve-20-donum-alan-kule-dondu\\\/\"},\"author\":{\"name\":\"Memurun Sesi Haber Merkezi\",\"@id\":\"https:\\\/\\\/memurunsesi.net\\\/#\\\/schema\\\/person\\\/f21c2d73b89f6ee1d80b0a1803e38587\"},\"headline\":\"Yozgat\u2019ta yang\u0131n: Bir ev ve 20 d\u00f6n\u00fcm alan k\u00fcle d\u00f6nd\u00fc\",\"datePublished\":\"2025-09-01T17:24:53+00:00\",\"mainEntityOfPage\":{\"@id\":\"https:\\\/\\\/memurunsesi.net\\\/index.php\\\/2025\\\/09\\\/01\\\/yozgatta-yangin-bir-ev-ve-20-donum-alan-kule-dondu\\\/\"},\"wordCount\":107,\"commentCount\":0,\"publisher\":{\"@id\":\"https:\\\/\\\/memurunsesi.net\\\/#organization\"},\"image\":{\"@id\":\"https:\\\/\\\/memurunsesi.net\\\/index.php\\\/2025\\\/09\\\/01\\\/yozgatta-yangin-bir-ev-ve-20-donum-alan-kule-dondu\\\/#primaryimage\"},\"thumbnailUrl\":\"https:\\\/\\\/memurunsesi.net\\\/wp-content\\\/uploads\\\/2025\\\/09\\\/AW529419_01.jpg\",\"inLanguage\":\"tr\",\"potentialAction\":[{\"@type\":\"CommentAction\",\"name\":\"Comment\",\"target\":[\"https:\\\/\\\/memurunsesi.net\\\/index.php\\\/2025\\\/09\\\/01\\\/yozgatta-yangin-bir-ev-ve-20-donum-alan-kule-dondu\\\/#respond\"]}]},{\"@type\":\"WebPage\",\"@id\":\"https:\\\/\\\/memurunsesi.net\\\/index.php\\\/2025\\\/09\\\/01\\\/yozgatta-yangin-bir-ev-ve-20-donum-alan-kule-dondu\\\/\",\"url\":\"https:\\\/\\\/memurunsesi.net\\\/index.php\\\/2025\\\/09\\\/01\\\/yozgatta-yangin-bir-ev-ve-20-donum-alan-kule-dondu\\\/\",\"name\":\"Yozgat\u2019ta yang\u0131n: Bir ev ve 20 d\u00f6n\u00fcm alan k\u00fcle d\u00f6nd\u00fc - Memurun Sesi\",\"isPartOf\":{\"@id\":\"https:\\\/\\\/memurunsesi.net\\\/#website\"},\"primaryImageOfPage\":{\"@id\":\"https:\\\/\\\/memurunsesi.net\\\/index.php\\\/2025\\\/09\\\/01\\\/yozgatta-yangin-bir-ev-ve-20-donum-alan-kule-dondu\\\/#primaryimage\"},\"image\":{\"@id\":\"https:\\\/\\\/memurunsesi.net\\\/index.php\\\/2025\\\/09\\\/01\\\/yozgatta-yangin-bir-ev-ve-20-donum-alan-kule-dondu\\\/#primaryimage\"},\"thumbnailUrl\":\"https:\\\/\\\/memurunsesi.net\\\/wp-content\\\/uploads\\\/2025\\\/09\\\/AW529419_01.jpg\",\"datePublished\":\"2025-09-01T17:24:53+00:00\",\"breadcrumb\":{\"@id\":\"https:\\\/\\\/memurunsesi.net\\\/index.php\\\/2025\\\/09\\\/01\\\/yozgatta-yangin-bir-ev-ve-20-donum-alan-kule-dondu\\\/#breadcrumb\"},\"inLanguage\":\"tr\",\"potentialAction\":[{\"@type\":\"ReadAction\",\"target\":[\"https:\\\/\\\/memurunsesi.net\\\/index.php\\\/2025\\\/09\\\/01\\\/yozgatta-yangin-bir-ev-ve-20-donum-alan-kule-dondu\\\/\"]}]},{\"@type\":\"ImageObject\",\"inLanguage\":\"tr\",\"@id\":\"https:\\\/\\\/memurunsesi.net\\\/index.php\\\/2025\\\/09\\\/01\\\/yozgatta-yangin-bir-ev-ve-20-donum-alan-kule-dondu\\\/#primaryimage\",\"url\":\"https:\\\/\\\/memurunsesi.net\\\/wp-content\\\/uploads\\\/2025\\\/09\\\/AW529419_01.jpg\",\"contentUrl\":\"https:\\\/\\\/memurunsesi.net\\\/wp-content\\\/uploads\\\/2025\\\/09\\\/AW529419_01.jpg\",\"width\":2048,\"height\":1536,\"caption\":\"YOZGAT'TA YA\u015eANAN YANGINDA EV VE A\u011eA\u00c7LIK ALAN YANDI. - (EMEL Y\u0130\u011e\u0130T\\\/YOZGAT-\u0130HA) Yozgat merkeze ba\u011fl\u0131 Fak\u0131beyli k\u00f6y\u00fcnde \u00e7\u0131kan yang\u0131nda bir ev ve 20 d\u00f6n\u00fcm a\u011fa\u00e7l\u0131k alan yand\u0131.\"},{\"@type\":\"BreadcrumbList\",\"@id\":\"https:\\\/\\\/memurunsesi.net\\\/index.php\\\/2025\\\/09\\\/01\\\/yozgatta-yangin-bir-ev-ve-20-donum-alan-kule-dondu\\\/#breadcrumb\",\"itemListElement\":[{\"@type\":\"ListItem\",\"position\":1,\"name\":\"Anasayfa\",\"item\":\"https:\\\/\\\/memurunsesi.net\\\/\"},{\"@type\":\"ListItem\",\"position\":2,\"name\":\"Yozgat\u2019ta yang\u0131n: Bir ev ve 20 d\u00f6n\u00fcm alan k\u00fcle d\u00f6nd\u00fc\"}]},{\"@type\":\"WebSite\",\"@id\":\"https:\\\/\\\/memurunsesi.net\\\/#website\",\"url\":\"https:\\\/\\\/memurunsesi.net\\\/\",\"name\":\"Memurun Sesi\",\"description\":\"G\u00fcncel ve Do\u011fru Haber\",\"publisher\":{\"@id\":\"https:\\\/\\\/memurunsesi.net\\\/#organization\"},\"potentialAction\":[{\"@type\":\"SearchAction\",\"target\":{\"@type\":\"EntryPoint\",\"urlTemplate\":\"https:\\\/\\\/memurunsesi.net\\\/?s={search_term_string}\"},\"query-input\":{\"@type\":\"PropertyValueSpecification\",\"valueRequired\":true,\"valueName\":\"search_term_string\"}}],\"inLanguage\":\"tr\"},{\"@type\":\"Organization\",\"@id\":\"https:\\\/\\\/memurunsesi.net\\\/#organization\",\"name\":\"Memurun Sesi\",\"url\":\"https:\\\/\\\/memurunsesi.net\\\/\",\"logo\":{\"@type\":\"ImageObject\",\"inLanguage\":\"tr\",\"@id\":\"https:\\\/\\\/memurunsesi.net\\\/#\\\/schema\\\/logo\\\/image\\\/\",\"url\":\"https:\\\/\\\/memurunsesi.net\\\/wp-content\\\/uploads\\\/2025\\\/11\\\/cropped-MEMURUN-SESI.png\",\"contentUrl\":\"https:\\\/\\\/memurunsesi.net\\\/wp-content\\\/uploads\\\/2025\\\/11\\\/cropped-MEMURUN-SESI.png\",\"width\":238,\"height\":57,\"caption\":\"Memurun Sesi\"},\"image\":{\"@id\":\"https:\\\/\\\/memurunsesi.net\\\/#\\\/schema\\\/logo\\\/image\\\/\"},\"sameAs\":[\"https:\\\/\\\/www.facebook.com\\\/unipersen\\\/?locale=tr_TR\",\"https:\\\/\\\/x.com\\\/unipersen\"]},{\"@type\":\"Person\",\"@id\":\"https:\\\/\\\/memurunsesi.net\\\/#\\\/schema\\\/person\\\/f21c2d73b89f6ee1d80b0a1803e38587\",\"name\":\"Memurun Sesi Haber Merkezi\",\"image\":{\"@type\":\"ImageObject\",\"inLanguage\":\"tr\",\"@id\":\"https:\\\/\\\/secure.gravatar.com\\\/avatar\\\/6cf0505f452ee753f485014986fab09a434671d2b919ee76fc541025c5876a70?s=96&d=mm&r=g\",\"url\":\"https:\\\/\\\/secure.gravatar.com\\\/avatar\\\/6cf0505f452ee753f485014986fab09a434671d2b919ee76fc541025c5876a70?s=96&d=mm&r=g\",\"contentUrl\":\"https:\\\/\\\/secure.gravatar.com\\\/avatar\\\/6cf0505f452ee753f485014986fab09a434671d2b919ee76fc541025c5876a70?s=96&d=mm&r=g\",\"caption\":\"Memurun Sesi Haber Merkezi\"},\"sameAs\":[\"https:\\\/\\\/memurunsesi.net\"],\"url\":\"https:\\\/\\\/memurunsesi.net\\\/index.php\\\/author\\\/uniper\\\/\"}]}<\/script>\n<!-- \/ Yoast SEO plugin. -->","yoast_head_json":{"title":"Yozgat\u2019ta yang\u0131n: Bir ev ve 20 d\u00f6n\u00fcm alan k\u00fcle d\u00f6nd\u00fc - Memurun Sesi","robots":{"index":"index","follow":"follow","max-snippet":"max-snippet:-1","max-image-preview":"max-image-preview:large","max-video-preview":"max-video-preview:-1"},"canonical":"https:\/\/memurunsesi.net\/index.php\/2025\/09\/01\/yozgatta-yangin-bir-ev-ve-20-donum-alan-kule-dondu\/","og_locale":"tr_TR","og_type":"article","og_title":"Yozgat\u2019ta yang\u0131n: Bir ev ve 20 d\u00f6n\u00fcm alan k\u00fcle d\u00f6nd\u00fc - Memurun Sesi","og_description":"Yozgat merkeze ba\u011fl\u0131 Fak\u0131beyli k\u00f6y\u00fcnde \u00e7\u0131kan yang\u0131nda bir ev ve 20 d\u00f6n\u00fcm a\u011fa\u00e7l\u0131k alan yand\u0131. Yozgat merkeze ba\u011fl\u0131 Fak\u0131beyli k\u00f6y\u00fcnde hen\u00fcz bilinmeyen bir nedenle \u00e7\u0131kan yang\u0131nda ba\u011f evi ve 20 d\u00f6n\u00fcm a\u011fa\u00e7l\u0131k alan k\u00fcl oldu. \u00c7evredekilerin ihbar\u0131 \u00fczerine Yozgat Belediyesi itfaiye ekipleri 4 araz\u00f6z, 1 k\u0131lavuz ve 15 personel ile yang\u0131na m\u00fcdahale etti. Yang\u0131n k\u00f6ydeki [&hellip;]","og_url":"https:\/\/memurunsesi.net\/index.php\/2025\/09\/01\/yozgatta-yangin-bir-ev-ve-20-donum-alan-kule-dondu\/","og_site_name":"Memurun Sesi","article_publisher":"https:\/\/www.facebook.com\/unipersen\/?locale=tr_TR","article_published_time":"2025-09-01T17:24:53+00:00","og_image":[{"width":2048,"height":1536,"url":"https:\/\/memurunsesi.net\/wp-content\/uploads\/2025\/09\/AW529419_01.jpg","type":"image\/jpeg"}],"author":"Memurun Sesi Haber Merkezi","twitter_card":"summary_large_image","twitter_creator":"@unipersen","twitter_site":"@unipersen","twitter_misc":{"Yazan:":"Memurun Sesi Haber Merkezi","Tahmini okuma s\u00fcresi":"1 dakika"},"schema":{"@context":"https:\/\/schema.org","@graph":[{"@type":"Article","@id":"https:\/\/memurunsesi.net\/index.php\/2025\/09\/01\/yozgatta-yangin-bir-ev-ve-20-donum-alan-kule-dondu\/#article","isPartOf":{"@id":"https:\/\/memurunsesi.net\/index.php\/2025\/09\/01\/yozgatta-yangin-bir-ev-ve-20-donum-alan-kule-dondu\/"},"author":{"name":"Memurun Sesi Haber Merkezi","@id":"https:\/\/memurunsesi.net\/#\/schema\/person\/f21c2d73b89f6ee1d80b0a1803e38587"},"headline":"Yozgat\u2019ta yang\u0131n: Bir ev ve 20 d\u00f6n\u00fcm alan k\u00fcle d\u00f6nd\u00fc","datePublished":"2025-09-01T17:24:53+00:00","mainEntityOfPage":{"@id":"https:\/\/memurunsesi.net\/index.php\/2025\/09\/01\/yozgatta-yangin-bir-ev-ve-20-donum-alan-kule-dondu\/"},"wordCount":107,"commentCount":0,"publisher":{"@id":"https:\/\/memurunsesi.net\/#organization"},"image":{"@id":"https:\/\/memurunsesi.net\/index.php\/2025\/09\/01\/yozgatta-yangin-bir-ev-ve-20-donum-alan-kule-dondu\/#primaryimage"},"thumbnailUrl":"https:\/\/memurunsesi.net\/wp-content\/uploads\/2025\/09\/AW529419_01.jpg","inLanguage":"tr","potentialAction":[{"@type":"CommentAction","name":"Comment","target":["https:\/\/memurunsesi.net\/index.php\/2025\/09\/01\/yozgatta-yangin-bir-ev-ve-20-donum-alan-kule-dondu\/#respond"]}]},{"@type":"WebPage","@id":"https:\/\/memurunsesi.net\/index.php\/2025\/09\/01\/yozgatta-yangin-bir-ev-ve-20-donum-alan-kule-dondu\/","url":"https:\/\/memurunsesi.net\/index.php\/2025\/09\/01\/yozgatta-yangin-bir-ev-ve-20-donum-alan-kule-dondu\/","name":"Yozgat\u2019ta yang\u0131n: Bir ev ve 20 d\u00f6n\u00fcm alan k\u00fcle d\u00f6nd\u00fc - Memurun Sesi","isPartOf":{"@id":"https:\/\/memurunsesi.net\/#website"},"primaryImageOfPage":{"@id":"https:\/\/memurunsesi.net\/index.php\/2025\/09\/01\/yozgatta-yangin-bir-ev-ve-20-donum-alan-kule-dondu\/#primaryimage"},"image":{"@id":"https:\/\/memurunsesi.net\/index.php\/2025\/09\/01\/yozgatta-yangin-bir-ev-ve-20-donum-alan-kule-dondu\/#primaryimage"},"thumbnailUrl":"https:\/\/memurunsesi.net\/wp-content\/uploads\/2025\/09\/AW529419_01.jpg","datePublished":"2025-09-01T17:24:53+00:00","breadcrumb":{"@id":"https:\/\/memurunsesi.net\/index.php\/2025\/09\/01\/yozgatta-yangin-bir-ev-ve-20-donum-alan-kule-dondu\/#breadcrumb"},"inLanguage":"tr","potentialAction":[{"@type":"ReadAction","target":["https:\/\/memurunsesi.net\/index.php\/2025\/09\/01\/yozgatta-yangin-bir-ev-ve-20-donum-alan-kule-dondu\/"]}]},{"@type":"ImageObject","inLanguage":"tr","@id":"https:\/\/memurunsesi.net\/index.php\/2025\/09\/01\/yozgatta-yangin-bir-ev-ve-20-donum-alan-kule-dondu\/#primaryimage","url":"https:\/\/memurunsesi.net\/wp-content\/uploads\/2025\/09\/AW529419_01.jpg","contentUrl":"https:\/\/memurunsesi.net\/wp-content\/uploads\/2025\/09\/AW529419_01.jpg","width":2048,"height":1536,"caption":"YOZGAT'TA YA\u015eANAN YANGINDA EV VE A\u011eA\u00c7LIK ALAN YANDI. - (EMEL Y\u0130\u011e\u0130T\/YOZGAT-\u0130HA) Yozgat merkeze ba\u011fl\u0131 Fak\u0131beyli k\u00f6y\u00fcnde \u00e7\u0131kan yang\u0131nda bir ev ve 20 d\u00f6n\u00fcm a\u011fa\u00e7l\u0131k alan yand\u0131."},{"@type":"BreadcrumbList","@id":"https:\/\/memurunsesi.net\/index.php\/2025\/09\/01\/yozgatta-yangin-bir-ev-ve-20-donum-alan-kule-dondu\/#breadcrumb","itemListElement":[{"@type":"ListItem","position":1,"name":"Anasayfa","item":"https:\/\/memurunsesi.net\/"},{"@type":"ListItem","position":2,"name":"Yozgat\u2019ta yang\u0131n: Bir ev ve 20 d\u00f6n\u00fcm alan k\u00fcle d\u00f6nd\u00fc"}]},{"@type":"WebSite","@id":"https:\/\/memurunsesi.net\/#website","url":"https:\/\/memurunsesi.net\/","name":"Memurun Sesi","description":"G\u00fcncel ve Do\u011fru Haber","publisher":{"@id":"https:\/\/memurunsesi.net\/#organization"},"potentialAction":[{"@type":"SearchAction","target":{"@type":"EntryPoint","urlTemplate":"https:\/\/memurunsesi.net\/?s={search_term_string}"},"query-input":{"@type":"PropertyValueSpecification","valueRequired":true,"valueName":"search_term_string"}}],"inLanguage":"tr"},{"@type":"Organization","@id":"https:\/\/memurunsesi.net\/#organization","name":"Memurun Sesi","url":"https:\/\/memurunsesi.net\/","logo":{"@type":"ImageObject","inLanguage":"tr","@id":"https:\/\/memurunsesi.net\/#\/schema\/logo\/image\/","url":"https:\/\/memurunsesi.net\/wp-content\/uploads\/2025\/11\/cropped-MEMURUN-SESI.png","contentUrl":"https:\/\/memurunsesi.net\/wp-content\/uploads\/2025\/11\/cropped-MEMURUN-SESI.png","width":238,"height":57,"caption":"Memurun Sesi"},"image":{"@id":"https:\/\/memurunsesi.net\/#\/schema\/logo\/image\/"},"sameAs":["https:\/\/www.facebook.com\/unipersen\/?locale=tr_TR","https:\/\/x.com\/unipersen"]},{"@type":"Person","@id":"https:\/\/memurunsesi.net\/#\/schema\/person\/f21c2d73b89f6ee1d80b0a1803e38587","name":"Memurun Sesi Haber Merkezi","image":{"@type":"ImageObject","inLanguage":"tr","@id":"https:\/\/secure.gravatar.com\/avatar\/6cf0505f452ee753f485014986fab09a434671d2b919ee76fc541025c5876a70?s=96&d=mm&r=g","url":"https:\/\/secure.gravatar.com\/avatar\/6cf0505f452ee753f485014986fab09a434671d2b919ee76fc541025c5876a70?s=96&d=mm&r=g","contentUrl":"https:\/\/secure.gravatar.com\/avatar\/6cf0505f452ee753f485014986fab09a434671d2b919ee76fc541025c5876a70?s=96&d=mm&r=g","caption":"Memurun Sesi Haber Merkezi"},"sameAs":["https:\/\/memurunsesi.net"],"url":"https:\/\/memurunsesi.net\/index.php\/author\/uniper\/"}]}},"_links":{"self":[{"href":"https:\/\/memurunsesi.net\/index.php\/wp-json\/wp\/v2\/posts\/11204","targetHints":{"allow":["GET"]}}],"collection":[{"href":"https:\/\/memurunsesi.net\/index.php\/wp-json\/wp\/v2\/posts"}],"about":[{"href":"https:\/\/memurunsesi.net\/index.php\/wp-json\/wp\/v2\/types\/post"}],"author":[{"embeddable":true,"href":"https:\/\/memurunsesi.net\/index.php\/wp-json\/wp\/v2\/users\/1"}],"replies":[{"embeddable":true,"href":"https:\/\/memurunsesi.net\/index.php\/wp-json\/wp\/v2\/comments?post=11204"}],"version-history":[{"count":1,"href":"https:\/\/memurunsesi.net\/index.php\/wp-json\/wp\/v2\/posts\/11204\/revisions"}],"predecessor-version":[{"id":11206,"href":"https:\/\/memurunsesi.net\/index.php\/wp-json\/wp\/v2\/posts\/11204\/revisions\/11206"}],"wp:featuredmedia":[{"embeddable":true,"href":"https:\/\/memurunsesi.net\/index.php\/wp-json\/wp\/v2\/media\/11205"}],"wp:attachment":[{"href":"https:\/\/memurunsesi.net\/index.php\/wp-json\/wp\/v2\/media?parent=11204"}],"wp:term":[{"taxonomy":"category","embeddable":true,"href":"https:\/\/memurunsesi.net\/index.php\/wp-json\/wp\/v2\/categories?post=11204"},{"taxonomy":"post_tag","embeddable":true,"href":"https:\/\/memurunsesi.net\/index.php\/wp-json\/wp\/v2\/tags?post=11204"}],"curies":[{"name":"wp","href":"https:\/\/api.w.org\/{rel}","templated":true}]}}