{"id":11207,"date":"2025-09-01T20:50:10","date_gmt":"2025-09-01T17:50:10","guid":{"rendered":"https:\/\/memurunsesi.net\/?p=11207"},"modified":"2025-09-01T20:50:10","modified_gmt":"2025-09-01T17:50:10","slug":"marco-asensio-resmen-fenerbahcede","status":"publish","type":"post","link":"https:\/\/memurunsesi.net\/index.php\/2025\/09\/01\/marco-asensio-resmen-fenerbahcede\/","title":{"rendered":"Marco Asensio, resmen Fenerbah\u00e7e&#8217;de"},"content":{"rendered":"<p>  &#8211; Asensio, 21 numaral\u0131 formay\u0131 giyecek  <\/p>\n<p>  Fenerbah\u00e7e, \u0130spanyol futbolcu Marco Asensio ile 3+1 y\u0131ll\u0131k s\u00f6zle\u015fme imzalad\u0131.<br \/>\nFenerbah\u00e7e, 2025-2026 sezonu kadro planlamas\u0131 kapsam\u0131nda h\u00fccuma takviye yapt\u0131. Sar\u0131-lacivertliler, \u0130spanyol futbolcu Marco Asensio\u2019nun transferi i\u00e7in Fransa\u2019n\u0131n Paris Saint-Germain tak\u0131m\u0131 ile anla\u015fmaya vard\u0131. 29 ya\u015f\u0131ndaki tecr\u00fcbeli oyuncu, kendisini 3+1 y\u0131ll\u0131\u011f\u0131na sar\u0131-lacivertli renklere ba\u011flayan s\u00f6zle\u015fmeye imza att\u0131. <\/p>\n<p>  Marco Asensio: &#8220;Taraftarlar\u0131m\u0131z\u0131n \u00f6n\u00fcnde oynamak i\u00e7in sab\u0131rs\u0131zlan\u0131yorum&#8221;<br \/>\n  Fenerbah\u00e7e&#8217;ye transferi ger\u00e7ekle\u015fti\u011fi i\u00e7in \u00e7ok mutlu oldu\u011funu ifade eden Marco Asensio, &#8220;Burada oldu\u011fum i\u00e7in \u00e7ok mutluyum. Bu stadyumda taraftarlar\u0131m\u0131z\u0131n \u00f6n\u00fcnde oynamak i\u00e7in sab\u0131rs\u0131zlan\u0131yorum. Bana burada harika bir atmosfer oldu\u011funu s\u00f6ylediler. Bir an \u00f6nce tak\u0131ma kat\u0131l\u0131p tak\u0131m arkada\u015flar\u0131mla antrenman yapmak istiyorum. \u00d6ncelikle bana g\u00f6stermi\u015f olduklar\u0131 ilgi i\u00e7in \u00e7ok te\u015fekk\u00fcr ederim. Taraftarlar\u0131m\u0131zdan bir s\u00fcr\u00fc mesaj ald\u0131m. Hep birlikte b\u00fcy\u00fck ba\u015far\u0131lar elde ederek onlar\u0131n g\u00f6stermi\u015f oldu\u011fu bu sevginin kar\u015f\u0131l\u0131\u011f\u0131n\u0131 vermeyi umuyorum&#8221; dedi. <\/p>\n<p>  Devin \u00d6zek: &#8220;Bu \u00f6zel oyuncuyu kul\u00fcb\u00fcm\u00fcze kazand\u0131rd\u0131\u011f\u0131m\u0131z i\u00e7in \u00e7ok mutluyuz&#8221;<br \/>\n  Futbol Direkt\u00f6r\u00fc Devin \u00d6zek ise, &#8220;Marco, ilk konu\u015fmam\u0131zdan itibaren Fenerbah\u00e7e\u2019de oynamaya can at\u0131yordu. Teknik becerileri, oyun zekas\u0131 ve \u015fampiyonluk tecr\u00fcbesiyle tak\u0131m\u0131m\u0131za \u00e7ok \u015fey katacak. Bu \u00f6zel oyuncuyu kul\u00fcb\u00fcm\u00fcze kazand\u0131rd\u0131\u011f\u0131m\u0131z i\u00e7in \u00e7ok mutluyuz&#8221; ifadelerini kulland\u0131.<br \/>\n  Marco Asensio, Fenerbah\u00e7e&#8217;de 21 numaral\u0131 formay\u0131 giyecek. <\/p>\n<p>1.09.2025                                   <\/p>\n","protected":false},"excerpt":{"rendered":"<p>&#8211; Asensio, 21 numaral\u0131 formay\u0131 giyecek Fenerbah\u00e7e, \u0130spanyol futbolcu Marco Asensio ile 3+1 y\u0131ll\u0131k s\u00f6zle\u015fme imzalad\u0131. Fenerbah\u00e7e, 2025-2026 sezonu kadro planlamas\u0131 kapsam\u0131nda h\u00fccuma takviye yapt\u0131. Sar\u0131-lacivertliler, \u0130spanyol futbolcu Marco Asensio\u2019nun transferi i\u00e7in Fransa\u2019n\u0131n Paris Saint-Germain tak\u0131m\u0131 ile anla\u015fmaya vard\u0131. 29 ya\u015f\u0131ndaki tecr\u00fcbeli oyuncu, kendisini 3+1 y\u0131ll\u0131\u011f\u0131na sar\u0131-lacivertli renklere ba\u011flayan s\u00f6zle\u015fmeye imza att\u0131. Marco Asensio: &#8220;Taraftarlar\u0131m\u0131z\u0131n [&hellip;]<\/p>\n","protected":false},"author":1,"featured_media":11208,"comment_status":"open","ping_status":"open","sticky":false,"template":"","format":"standard","meta":{"footnotes":""},"categories":[57],"tags":[],"class_list":["post-11207","post","type-post","status-publish","format-standard","has-post-thumbnail","hentry","category-spor"],"yoast_head":"<!-- This site is optimized with the Yoast SEO plugin v27.4 - https:\/\/yoast.com\/product\/yoast-seo-wordpress\/ -->\n<title>Marco Asensio, resmen Fenerbah\u00e7e&#039;de - Memurun Sesi<\/title>\n<meta name=\"robots\" content=\"index, follow, max-snippet:-1, max-image-preview:large, max-video-preview:-1\" \/>\n<link rel=\"canonical\" href=\"https:\/\/memurunsesi.net\/index.php\/2025\/09\/01\/marco-asensio-resmen-fenerbahcede\/\" \/>\n<meta property=\"og:locale\" content=\"tr_TR\" \/>\n<meta property=\"og:type\" content=\"article\" \/>\n<meta property=\"og:title\" content=\"Marco Asensio, resmen Fenerbah\u00e7e&#039;de - Memurun Sesi\" \/>\n<meta property=\"og:description\" content=\"&#8211; Asensio, 21 numaral\u0131 formay\u0131 giyecek Fenerbah\u00e7e, \u0130spanyol futbolcu Marco Asensio ile 3+1 y\u0131ll\u0131k s\u00f6zle\u015fme imzalad\u0131. Fenerbah\u00e7e, 2025-2026 sezonu kadro planlamas\u0131 kapsam\u0131nda h\u00fccuma takviye yapt\u0131. Sar\u0131-lacivertliler, \u0130spanyol futbolcu Marco Asensio\u2019nun transferi i\u00e7in Fransa\u2019n\u0131n Paris Saint-Germain tak\u0131m\u0131 ile anla\u015fmaya vard\u0131. 29 ya\u015f\u0131ndaki tecr\u00fcbeli oyuncu, kendisini 3+1 y\u0131ll\u0131\u011f\u0131na sar\u0131-lacivertli renklere ba\u011flayan s\u00f6zle\u015fmeye imza att\u0131. Marco Asensio: &#8220;Taraftarlar\u0131m\u0131z\u0131n [&hellip;]\" \/>\n<meta property=\"og:url\" content=\"https:\/\/memurunsesi.net\/index.php\/2025\/09\/01\/marco-asensio-resmen-fenerbahcede\/\" \/>\n<meta property=\"og:site_name\" content=\"Memurun Sesi\" \/>\n<meta property=\"article:publisher\" content=\"https:\/\/www.facebook.com\/unipersen\/?locale=tr_TR\" \/>\n<meta property=\"article:published_time\" content=\"2025-09-01T17:50:10+00:00\" \/>\n<meta property=\"og:image\" content=\"https:\/\/memurunsesi.net\/wp-content\/uploads\/2025\/09\/AW529430_01-scaled.jpg\" \/>\n\t<meta property=\"og:image:width\" content=\"2560\" \/>\n\t<meta property=\"og:image:height\" content=\"1706\" \/>\n\t<meta property=\"og:image:type\" content=\"image\/jpeg\" \/>\n<meta name=\"author\" content=\"Memurun Sesi Haber Merkezi\" \/>\n<meta name=\"twitter:card\" content=\"summary_large_image\" \/>\n<meta name=\"twitter:creator\" content=\"@unipersen\" \/>\n<meta name=\"twitter:site\" content=\"@unipersen\" \/>\n<meta name=\"twitter:label1\" content=\"Yazan:\" \/>\n\t<meta name=\"twitter:data1\" content=\"Memurun Sesi Haber Merkezi\" \/>\n<script type=\"application\/ld+json\" class=\"yoast-schema-graph\">{\"@context\":\"https:\\\/\\\/schema.org\",\"@graph\":[{\"@type\":\"Article\",\"@id\":\"https:\\\/\\\/memurunsesi.net\\\/index.php\\\/2025\\\/09\\\/01\\\/marco-asensio-resmen-fenerbahcede\\\/#article\",\"isPartOf\":{\"@id\":\"https:\\\/\\\/memurunsesi.net\\\/index.php\\\/2025\\\/09\\\/01\\\/marco-asensio-resmen-fenerbahcede\\\/\"},\"author\":{\"name\":\"Memurun Sesi Haber Merkezi\",\"@id\":\"https:\\\/\\\/memurunsesi.net\\\/#\\\/schema\\\/person\\\/f21c2d73b89f6ee1d80b0a1803e38587\"},\"headline\":\"Marco Asensio, resmen Fenerbah\u00e7e&#8217;de\",\"datePublished\":\"2025-09-01T17:50:10+00:00\",\"mainEntityOfPage\":{\"@id\":\"https:\\\/\\\/memurunsesi.net\\\/index.php\\\/2025\\\/09\\\/01\\\/marco-asensio-resmen-fenerbahcede\\\/\"},\"wordCount\":279,\"commentCount\":0,\"publisher\":{\"@id\":\"https:\\\/\\\/memurunsesi.net\\\/#organization\"},\"image\":{\"@id\":\"https:\\\/\\\/memurunsesi.net\\\/index.php\\\/2025\\\/09\\\/01\\\/marco-asensio-resmen-fenerbahcede\\\/#primaryimage\"},\"thumbnailUrl\":\"https:\\\/\\\/memurunsesi.net\\\/wp-content\\\/uploads\\\/2025\\\/09\\\/AW529430_01-scaled.jpg\",\"articleSection\":[\"Spor\"],\"inLanguage\":\"tr\",\"potentialAction\":[{\"@type\":\"CommentAction\",\"name\":\"Comment\",\"target\":[\"https:\\\/\\\/memurunsesi.net\\\/index.php\\\/2025\\\/09\\\/01\\\/marco-asensio-resmen-fenerbahcede\\\/#respond\"]}]},{\"@type\":\"WebPage\",\"@id\":\"https:\\\/\\\/memurunsesi.net\\\/index.php\\\/2025\\\/09\\\/01\\\/marco-asensio-resmen-fenerbahcede\\\/\",\"url\":\"https:\\\/\\\/memurunsesi.net\\\/index.php\\\/2025\\\/09\\\/01\\\/marco-asensio-resmen-fenerbahcede\\\/\",\"name\":\"Marco Asensio, resmen Fenerbah\u00e7e'de - Memurun Sesi\",\"isPartOf\":{\"@id\":\"https:\\\/\\\/memurunsesi.net\\\/#website\"},\"primaryImageOfPage\":{\"@id\":\"https:\\\/\\\/memurunsesi.net\\\/index.php\\\/2025\\\/09\\\/01\\\/marco-asensio-resmen-fenerbahcede\\\/#primaryimage\"},\"image\":{\"@id\":\"https:\\\/\\\/memurunsesi.net\\\/index.php\\\/2025\\\/09\\\/01\\\/marco-asensio-resmen-fenerbahcede\\\/#primaryimage\"},\"thumbnailUrl\":\"https:\\\/\\\/memurunsesi.net\\\/wp-content\\\/uploads\\\/2025\\\/09\\\/AW529430_01-scaled.jpg\",\"datePublished\":\"2025-09-01T17:50:10+00:00\",\"breadcrumb\":{\"@id\":\"https:\\\/\\\/memurunsesi.net\\\/index.php\\\/2025\\\/09\\\/01\\\/marco-asensio-resmen-fenerbahcede\\\/#breadcrumb\"},\"inLanguage\":\"tr\",\"potentialAction\":[{\"@type\":\"ReadAction\",\"target\":[\"https:\\\/\\\/memurunsesi.net\\\/index.php\\\/2025\\\/09\\\/01\\\/marco-asensio-resmen-fenerbahcede\\\/\"]}]},{\"@type\":\"ImageObject\",\"inLanguage\":\"tr\",\"@id\":\"https:\\\/\\\/memurunsesi.net\\\/index.php\\\/2025\\\/09\\\/01\\\/marco-asensio-resmen-fenerbahcede\\\/#primaryimage\",\"url\":\"https:\\\/\\\/memurunsesi.net\\\/wp-content\\\/uploads\\\/2025\\\/09\\\/AW529430_01-scaled.jpg\",\"contentUrl\":\"https:\\\/\\\/memurunsesi.net\\\/wp-content\\\/uploads\\\/2025\\\/09\\\/AW529430_01-scaled.jpg\",\"width\":2560,\"height\":1706,\"caption\":\"FENERBAH\u00c7E, \u0130SPANYOL FUTBOLCU MARCO ASENS\u0130O \u0130LE 3+1 YILLIK S\u00d6ZLE\u015eME \u0130MZALADI. (\u0130HA\\\/\u0130STANBUL-\u0130HA) Fenerbah\u00e7e, \u0130spanyol futbolcu Marco Asensio ile 3+1 y\u0131ll\u0131k s\u00f6zle\u015fme imzalad\u0131.\"},{\"@type\":\"BreadcrumbList\",\"@id\":\"https:\\\/\\\/memurunsesi.net\\\/index.php\\\/2025\\\/09\\\/01\\\/marco-asensio-resmen-fenerbahcede\\\/#breadcrumb\",\"itemListElement\":[{\"@type\":\"ListItem\",\"position\":1,\"name\":\"Anasayfa\",\"item\":\"https:\\\/\\\/memurunsesi.net\\\/\"},{\"@type\":\"ListItem\",\"position\":2,\"name\":\"Marco Asensio, resmen Fenerbah\u00e7e&#8217;de\"}]},{\"@type\":\"WebSite\",\"@id\":\"https:\\\/\\\/memurunsesi.net\\\/#website\",\"url\":\"https:\\\/\\\/memurunsesi.net\\\/\",\"name\":\"Memurun Sesi\",\"description\":\"G\u00fcncel ve Do\u011fru Haber\",\"publisher\":{\"@id\":\"https:\\\/\\\/memurunsesi.net\\\/#organization\"},\"potentialAction\":[{\"@type\":\"SearchAction\",\"target\":{\"@type\":\"EntryPoint\",\"urlTemplate\":\"https:\\\/\\\/memurunsesi.net\\\/?s={search_term_string}\"},\"query-input\":{\"@type\":\"PropertyValueSpecification\",\"valueRequired\":true,\"valueName\":\"search_term_string\"}}],\"inLanguage\":\"tr\"},{\"@type\":\"Organization\",\"@id\":\"https:\\\/\\\/memurunsesi.net\\\/#organization\",\"name\":\"Memurun Sesi\",\"url\":\"https:\\\/\\\/memurunsesi.net\\\/\",\"logo\":{\"@type\":\"ImageObject\",\"inLanguage\":\"tr\",\"@id\":\"https:\\\/\\\/memurunsesi.net\\\/#\\\/schema\\\/logo\\\/image\\\/\",\"url\":\"https:\\\/\\\/memurunsesi.net\\\/wp-content\\\/uploads\\\/2025\\\/11\\\/cropped-MEMURUN-SESI.png\",\"contentUrl\":\"https:\\\/\\\/memurunsesi.net\\\/wp-content\\\/uploads\\\/2025\\\/11\\\/cropped-MEMURUN-SESI.png\",\"width\":238,\"height\":57,\"caption\":\"Memurun Sesi\"},\"image\":{\"@id\":\"https:\\\/\\\/memurunsesi.net\\\/#\\\/schema\\\/logo\\\/image\\\/\"},\"sameAs\":[\"https:\\\/\\\/www.facebook.com\\\/unipersen\\\/?locale=tr_TR\",\"https:\\\/\\\/x.com\\\/unipersen\"]},{\"@type\":\"Person\",\"@id\":\"https:\\\/\\\/memurunsesi.net\\\/#\\\/schema\\\/person\\\/f21c2d73b89f6ee1d80b0a1803e38587\",\"name\":\"Memurun Sesi Haber Merkezi\",\"image\":{\"@type\":\"ImageObject\",\"inLanguage\":\"tr\",\"@id\":\"https:\\\/\\\/secure.gravatar.com\\\/avatar\\\/6cf0505f452ee753f485014986fab09a434671d2b919ee76fc541025c5876a70?s=96&d=mm&r=g\",\"url\":\"https:\\\/\\\/secure.gravatar.com\\\/avatar\\\/6cf0505f452ee753f485014986fab09a434671d2b919ee76fc541025c5876a70?s=96&d=mm&r=g\",\"contentUrl\":\"https:\\\/\\\/secure.gravatar.com\\\/avatar\\\/6cf0505f452ee753f485014986fab09a434671d2b919ee76fc541025c5876a70?s=96&d=mm&r=g\",\"caption\":\"Memurun Sesi Haber Merkezi\"},\"sameAs\":[\"https:\\\/\\\/memurunsesi.net\"],\"url\":\"https:\\\/\\\/memurunsesi.net\\\/index.php\\\/author\\\/uniper\\\/\"}]}<\/script>\n<!-- \/ Yoast SEO plugin. -->","yoast_head_json":{"title":"Marco Asensio, resmen Fenerbah\u00e7e'de - Memurun Sesi","robots":{"index":"index","follow":"follow","max-snippet":"max-snippet:-1","max-image-preview":"max-image-preview:large","max-video-preview":"max-video-preview:-1"},"canonical":"https:\/\/memurunsesi.net\/index.php\/2025\/09\/01\/marco-asensio-resmen-fenerbahcede\/","og_locale":"tr_TR","og_type":"article","og_title":"Marco Asensio, resmen Fenerbah\u00e7e'de - Memurun Sesi","og_description":"&#8211; Asensio, 21 numaral\u0131 formay\u0131 giyecek Fenerbah\u00e7e, \u0130spanyol futbolcu Marco Asensio ile 3+1 y\u0131ll\u0131k s\u00f6zle\u015fme imzalad\u0131. Fenerbah\u00e7e, 2025-2026 sezonu kadro planlamas\u0131 kapsam\u0131nda h\u00fccuma takviye yapt\u0131. Sar\u0131-lacivertliler, \u0130spanyol futbolcu Marco Asensio\u2019nun transferi i\u00e7in Fransa\u2019n\u0131n Paris Saint-Germain tak\u0131m\u0131 ile anla\u015fmaya vard\u0131. 29 ya\u015f\u0131ndaki tecr\u00fcbeli oyuncu, kendisini 3+1 y\u0131ll\u0131\u011f\u0131na sar\u0131-lacivertli renklere ba\u011flayan s\u00f6zle\u015fmeye imza att\u0131. Marco Asensio: &#8220;Taraftarlar\u0131m\u0131z\u0131n [&hellip;]","og_url":"https:\/\/memurunsesi.net\/index.php\/2025\/09\/01\/marco-asensio-resmen-fenerbahcede\/","og_site_name":"Memurun Sesi","article_publisher":"https:\/\/www.facebook.com\/unipersen\/?locale=tr_TR","article_published_time":"2025-09-01T17:50:10+00:00","og_image":[{"width":2560,"height":1706,"url":"https:\/\/memurunsesi.net\/wp-content\/uploads\/2025\/09\/AW529430_01-scaled.jpg","type":"image\/jpeg"}],"author":"Memurun Sesi Haber Merkezi","twitter_card":"summary_large_image","twitter_creator":"@unipersen","twitter_site":"@unipersen","twitter_misc":{"Yazan:":"Memurun Sesi Haber Merkezi"},"schema":{"@context":"https:\/\/schema.org","@graph":[{"@type":"Article","@id":"https:\/\/memurunsesi.net\/index.php\/2025\/09\/01\/marco-asensio-resmen-fenerbahcede\/#article","isPartOf":{"@id":"https:\/\/memurunsesi.net\/index.php\/2025\/09\/01\/marco-asensio-resmen-fenerbahcede\/"},"author":{"name":"Memurun Sesi Haber Merkezi","@id":"https:\/\/memurunsesi.net\/#\/schema\/person\/f21c2d73b89f6ee1d80b0a1803e38587"},"headline":"Marco Asensio, resmen Fenerbah\u00e7e&#8217;de","datePublished":"2025-09-01T17:50:10+00:00","mainEntityOfPage":{"@id":"https:\/\/memurunsesi.net\/index.php\/2025\/09\/01\/marco-asensio-resmen-fenerbahcede\/"},"wordCount":279,"commentCount":0,"publisher":{"@id":"https:\/\/memurunsesi.net\/#organization"},"image":{"@id":"https:\/\/memurunsesi.net\/index.php\/2025\/09\/01\/marco-asensio-resmen-fenerbahcede\/#primaryimage"},"thumbnailUrl":"https:\/\/memurunsesi.net\/wp-content\/uploads\/2025\/09\/AW529430_01-scaled.jpg","articleSection":["Spor"],"inLanguage":"tr","potentialAction":[{"@type":"CommentAction","name":"Comment","target":["https:\/\/memurunsesi.net\/index.php\/2025\/09\/01\/marco-asensio-resmen-fenerbahcede\/#respond"]}]},{"@type":"WebPage","@id":"https:\/\/memurunsesi.net\/index.php\/2025\/09\/01\/marco-asensio-resmen-fenerbahcede\/","url":"https:\/\/memurunsesi.net\/index.php\/2025\/09\/01\/marco-asensio-resmen-fenerbahcede\/","name":"Marco Asensio, resmen Fenerbah\u00e7e'de - Memurun Sesi","isPartOf":{"@id":"https:\/\/memurunsesi.net\/#website"},"primaryImageOfPage":{"@id":"https:\/\/memurunsesi.net\/index.php\/2025\/09\/01\/marco-asensio-resmen-fenerbahcede\/#primaryimage"},"image":{"@id":"https:\/\/memurunsesi.net\/index.php\/2025\/09\/01\/marco-asensio-resmen-fenerbahcede\/#primaryimage"},"thumbnailUrl":"https:\/\/memurunsesi.net\/wp-content\/uploads\/2025\/09\/AW529430_01-scaled.jpg","datePublished":"2025-09-01T17:50:10+00:00","breadcrumb":{"@id":"https:\/\/memurunsesi.net\/index.php\/2025\/09\/01\/marco-asensio-resmen-fenerbahcede\/#breadcrumb"},"inLanguage":"tr","potentialAction":[{"@type":"ReadAction","target":["https:\/\/memurunsesi.net\/index.php\/2025\/09\/01\/marco-asensio-resmen-fenerbahcede\/"]}]},{"@type":"ImageObject","inLanguage":"tr","@id":"https:\/\/memurunsesi.net\/index.php\/2025\/09\/01\/marco-asensio-resmen-fenerbahcede\/#primaryimage","url":"https:\/\/memurunsesi.net\/wp-content\/uploads\/2025\/09\/AW529430_01-scaled.jpg","contentUrl":"https:\/\/memurunsesi.net\/wp-content\/uploads\/2025\/09\/AW529430_01-scaled.jpg","width":2560,"height":1706,"caption":"FENERBAH\u00c7E, \u0130SPANYOL FUTBOLCU MARCO ASENS\u0130O \u0130LE 3+1 YILLIK S\u00d6ZLE\u015eME \u0130MZALADI. (\u0130HA\/\u0130STANBUL-\u0130HA) Fenerbah\u00e7e, \u0130spanyol futbolcu Marco Asensio ile 3+1 y\u0131ll\u0131k s\u00f6zle\u015fme imzalad\u0131."},{"@type":"BreadcrumbList","@id":"https:\/\/memurunsesi.net\/index.php\/2025\/09\/01\/marco-asensio-resmen-fenerbahcede\/#breadcrumb","itemListElement":[{"@type":"ListItem","position":1,"name":"Anasayfa","item":"https:\/\/memurunsesi.net\/"},{"@type":"ListItem","position":2,"name":"Marco Asensio, resmen Fenerbah\u00e7e&#8217;de"}]},{"@type":"WebSite","@id":"https:\/\/memurunsesi.net\/#website","url":"https:\/\/memurunsesi.net\/","name":"Memurun Sesi","description":"G\u00fcncel ve Do\u011fru Haber","publisher":{"@id":"https:\/\/memurunsesi.net\/#organization"},"potentialAction":[{"@type":"SearchAction","target":{"@type":"EntryPoint","urlTemplate":"https:\/\/memurunsesi.net\/?s={search_term_string}"},"query-input":{"@type":"PropertyValueSpecification","valueRequired":true,"valueName":"search_term_string"}}],"inLanguage":"tr"},{"@type":"Organization","@id":"https:\/\/memurunsesi.net\/#organization","name":"Memurun Sesi","url":"https:\/\/memurunsesi.net\/","logo":{"@type":"ImageObject","inLanguage":"tr","@id":"https:\/\/memurunsesi.net\/#\/schema\/logo\/image\/","url":"https:\/\/memurunsesi.net\/wp-content\/uploads\/2025\/11\/cropped-MEMURUN-SESI.png","contentUrl":"https:\/\/memurunsesi.net\/wp-content\/uploads\/2025\/11\/cropped-MEMURUN-SESI.png","width":238,"height":57,"caption":"Memurun Sesi"},"image":{"@id":"https:\/\/memurunsesi.net\/#\/schema\/logo\/image\/"},"sameAs":["https:\/\/www.facebook.com\/unipersen\/?locale=tr_TR","https:\/\/x.com\/unipersen"]},{"@type":"Person","@id":"https:\/\/memurunsesi.net\/#\/schema\/person\/f21c2d73b89f6ee1d80b0a1803e38587","name":"Memurun Sesi Haber Merkezi","image":{"@type":"ImageObject","inLanguage":"tr","@id":"https:\/\/secure.gravatar.com\/avatar\/6cf0505f452ee753f485014986fab09a434671d2b919ee76fc541025c5876a70?s=96&d=mm&r=g","url":"https:\/\/secure.gravatar.com\/avatar\/6cf0505f452ee753f485014986fab09a434671d2b919ee76fc541025c5876a70?s=96&d=mm&r=g","contentUrl":"https:\/\/secure.gravatar.com\/avatar\/6cf0505f452ee753f485014986fab09a434671d2b919ee76fc541025c5876a70?s=96&d=mm&r=g","caption":"Memurun Sesi Haber Merkezi"},"sameAs":["https:\/\/memurunsesi.net"],"url":"https:\/\/memurunsesi.net\/index.php\/author\/uniper\/"}]}},"_links":{"self":[{"href":"https:\/\/memurunsesi.net\/index.php\/wp-json\/wp\/v2\/posts\/11207","targetHints":{"allow":["GET"]}}],"collection":[{"href":"https:\/\/memurunsesi.net\/index.php\/wp-json\/wp\/v2\/posts"}],"about":[{"href":"https:\/\/memurunsesi.net\/index.php\/wp-json\/wp\/v2\/types\/post"}],"author":[{"embeddable":true,"href":"https:\/\/memurunsesi.net\/index.php\/wp-json\/wp\/v2\/users\/1"}],"replies":[{"embeddable":true,"href":"https:\/\/memurunsesi.net\/index.php\/wp-json\/wp\/v2\/comments?post=11207"}],"version-history":[{"count":1,"href":"https:\/\/memurunsesi.net\/index.php\/wp-json\/wp\/v2\/posts\/11207\/revisions"}],"predecessor-version":[{"id":11209,"href":"https:\/\/memurunsesi.net\/index.php\/wp-json\/wp\/v2\/posts\/11207\/revisions\/11209"}],"wp:featuredmedia":[{"embeddable":true,"href":"https:\/\/memurunsesi.net\/index.php\/wp-json\/wp\/v2\/media\/11208"}],"wp:attachment":[{"href":"https:\/\/memurunsesi.net\/index.php\/wp-json\/wp\/v2\/media?parent=11207"}],"wp:term":[{"taxonomy":"category","embeddable":true,"href":"https:\/\/memurunsesi.net\/index.php\/wp-json\/wp\/v2\/categories?post=11207"},{"taxonomy":"post_tag","embeddable":true,"href":"https:\/\/memurunsesi.net\/index.php\/wp-json\/wp\/v2\/tags?post=11207"}],"curies":[{"name":"wp","href":"https:\/\/api.w.org\/{rel}","templated":true}]}}