{"id":11210,"date":"2025-09-01T21:19:37","date_gmt":"2025-09-01T18:19:37","guid":{"rendered":"https:\/\/memurunsesi.net\/?p=11210"},"modified":"2025-09-01T21:19:37","modified_gmt":"2025-09-01T18:19:37","slug":"karnindan-bicaklanan-taksi-soforu-agir-yaralandi","status":"publish","type":"post","link":"https:\/\/memurunsesi.net\/index.php\/2025\/09\/01\/karnindan-bicaklanan-taksi-soforu-agir-yaralandi\/","title":{"rendered":"Karn\u0131ndan b\u0131\u00e7aklanan taksi \u015fof\u00f6r\u00fc a\u011f\u0131r yaraland\u0131"},"content":{"rendered":"<p>  &#8211; Kayseri&#8217;de husumetlisini b\u0131\u00e7akla a\u011f\u0131r yaralayan zanl\u0131n\u0131n rahat tav\u0131rlar\u0131 pes dedirtti   <\/p>\n<p>  Kayseri&#8217;nin Kocasinan il\u00e7esinde husumetlisi taraf\u0131ndan karn\u0131ndan b\u0131\u00e7aklanan taksi \u015fof\u00f6r\u00fc a\u011f\u0131r yaralan\u0131rken, \u015f\u00fcphelinin rahat tav\u0131rlar\u0131 pes dedirtti.<br \/>\n  Edinilen bilgiye g\u00f6re, il\u00e7eye ba\u011fl\u0131 Do\u011fu Terminali K\u00fcmeevleri&#8217;nde meydana gelen olayda; daha \u00f6nceden aralar\u0131nda husumet bulunan M.D. ile H.\u015e. aras\u0131nda hen\u00fcz bilinmeyen bir sebepten tart\u0131\u015fma \u00e7\u0131kt\u0131. Tart\u0131\u015fman\u0131n b\u00fcy\u00fcyerek kavgaya d\u00f6n\u00fc\u015fmesi \u00fczerine H.\u015e. yan\u0131nda bulunan b\u0131\u00e7akla M.D.&#8217;yi karn\u0131ndan b\u0131\u00e7aklad\u0131. \u0130hbar \u00fczerine b\u00f6lgeye polis ve sa\u011fl\u0131k ekipleri sevk edildi\u00e7 Polis ekipleri \u00e7evrede g\u00fcvenlik \u00f6nlemi al\u0131rken, sa\u011fl\u0131k ekipleri de a\u011f\u0131r yaralanan M.D.&#8217;yi olay yerindeki ilk m\u00fcdahalenin ard\u0131ndan ambulansla hastaneye kald\u0131rd\u0131. Ekipler \u015f\u00fcpheli H.\u015e.&#8217;yi yakalamak i\u00e7in \u00e7al\u0131\u015fma ba\u015flatt\u0131.<br \/>\n  \u00d6te yandan, H.\u015e.&#8217;nin olay \u00f6ncesi rahat tav\u0131rlar\u0131 g\u00fcvenlik kameras\u0131na yans\u0131d\u0131. \u015e\u00fcphelinin kameraya yans\u0131yan foto\u011fraf\u0131nda b\u0131\u00e7ak elinde gezdi\u011fi g\u00f6r\u00fcld\u00fc. Olayla ilgili soru\u015fturma ba\u015flat\u0131ld\u0131.<br \/>\n  Olay\u0131 anlatan Muhammed \u00c7oban, &#8220;Kalabal\u0131\u011f\u0131 g\u00f6r\u00fcnce olay yerine gittik. Taksici a\u011fabeyin b\u0131\u00e7akland\u0131\u011f\u0131n\u0131 g\u00f6rd\u00fck. Eline ta\u015f al\u0131p adama atmaya \u00e7al\u0131\u015ft\u0131\u011f\u0131nda yere y\u0131k\u0131ld\u0131\u011f\u0131n\u0131 s\u00f6ylediler. Su vermeye \u00e7al\u0131\u015ft\u0131k. Bildi\u011fimiz sa\u011fl\u0131k y\u00f6ntemlerini uygulamaya \u00e7al\u0131\u015ft\u0131k. Uyan\u0131k tutmaya \u00e7al\u0131\u015ft\u0131k. Kan akan yeri kapatt\u0131k. Nabz\u0131na bakt\u0131k ama d\u00fc\u015f\u00fcyordu. Ambulans gelip g\u00f6t\u00fcrd\u00fc&#8221; dedi.  <\/p>\n<p>1.09.2025                                   <\/p>\n","protected":false},"excerpt":{"rendered":"<p>&#8211; Kayseri&#8217;de husumetlisini b\u0131\u00e7akla a\u011f\u0131r yaralayan zanl\u0131n\u0131n rahat tav\u0131rlar\u0131 pes dedirtti Kayseri&#8217;nin Kocasinan il\u00e7esinde husumetlisi taraf\u0131ndan karn\u0131ndan b\u0131\u00e7aklanan taksi \u015fof\u00f6r\u00fc a\u011f\u0131r yaralan\u0131rken, \u015f\u00fcphelinin rahat tav\u0131rlar\u0131 pes dedirtti. Edinilen bilgiye g\u00f6re, il\u00e7eye ba\u011fl\u0131 Do\u011fu Terminali K\u00fcmeevleri&#8217;nde meydana gelen olayda; daha \u00f6nceden aralar\u0131nda husumet bulunan M.D. ile H.\u015e. aras\u0131nda hen\u00fcz bilinmeyen bir sebepten tart\u0131\u015fma \u00e7\u0131kt\u0131. Tart\u0131\u015fman\u0131n b\u00fcy\u00fcyerek [&hellip;]<\/p>\n","protected":false},"author":1,"featured_media":11211,"comment_status":"open","ping_status":"open","sticky":false,"template":"","format":"standard","meta":{"footnotes":""},"categories":[1],"tags":[],"class_list":["post-11210","post","type-post","status-publish","format-standard","has-post-thumbnail","hentry","category-genel"],"yoast_head":"<!-- This site is optimized with the Yoast SEO plugin v27.4 - https:\/\/yoast.com\/product\/yoast-seo-wordpress\/ -->\n<title>Karn\u0131ndan b\u0131\u00e7aklanan taksi \u015fof\u00f6r\u00fc a\u011f\u0131r yaraland\u0131 - Memurun Sesi<\/title>\n<meta name=\"robots\" content=\"index, follow, max-snippet:-1, max-image-preview:large, max-video-preview:-1\" \/>\n<link rel=\"canonical\" href=\"https:\/\/memurunsesi.net\/index.php\/2025\/09\/01\/karnindan-bicaklanan-taksi-soforu-agir-yaralandi\/\" \/>\n<meta property=\"og:locale\" content=\"tr_TR\" \/>\n<meta property=\"og:type\" content=\"article\" \/>\n<meta property=\"og:title\" content=\"Karn\u0131ndan b\u0131\u00e7aklanan taksi \u015fof\u00f6r\u00fc a\u011f\u0131r yaraland\u0131 - Memurun Sesi\" \/>\n<meta property=\"og:description\" content=\"&#8211; Kayseri&#8217;de husumetlisini b\u0131\u00e7akla a\u011f\u0131r yaralayan zanl\u0131n\u0131n rahat tav\u0131rlar\u0131 pes dedirtti Kayseri&#8217;nin Kocasinan il\u00e7esinde husumetlisi taraf\u0131ndan karn\u0131ndan b\u0131\u00e7aklanan taksi \u015fof\u00f6r\u00fc a\u011f\u0131r yaralan\u0131rken, \u015f\u00fcphelinin rahat tav\u0131rlar\u0131 pes dedirtti. Edinilen bilgiye g\u00f6re, il\u00e7eye ba\u011fl\u0131 Do\u011fu Terminali K\u00fcmeevleri&#8217;nde meydana gelen olayda; daha \u00f6nceden aralar\u0131nda husumet bulunan M.D. ile H.\u015e. aras\u0131nda hen\u00fcz bilinmeyen bir sebepten tart\u0131\u015fma \u00e7\u0131kt\u0131. Tart\u0131\u015fman\u0131n b\u00fcy\u00fcyerek [&hellip;]\" \/>\n<meta property=\"og:url\" content=\"https:\/\/memurunsesi.net\/index.php\/2025\/09\/01\/karnindan-bicaklanan-taksi-soforu-agir-yaralandi\/\" \/>\n<meta property=\"og:site_name\" content=\"Memurun Sesi\" \/>\n<meta property=\"article:publisher\" content=\"https:\/\/www.facebook.com\/unipersen\/?locale=tr_TR\" \/>\n<meta property=\"article:published_time\" content=\"2025-09-01T18:19:37+00:00\" \/>\n<meta property=\"og:image\" content=\"https:\/\/memurunsesi.net\/wp-content\/uploads\/2025\/09\/AW529432_01.jpg\" \/>\n\t<meta property=\"og:image:width\" content=\"1600\" \/>\n\t<meta property=\"og:image:height\" content=\"900\" \/>\n\t<meta property=\"og:image:type\" content=\"image\/jpeg\" \/>\n<meta name=\"author\" content=\"Memurun Sesi Haber Merkezi\" \/>\n<meta name=\"twitter:card\" content=\"summary_large_image\" \/>\n<meta name=\"twitter:creator\" content=\"@unipersen\" \/>\n<meta name=\"twitter:site\" content=\"@unipersen\" \/>\n<meta name=\"twitter:label1\" content=\"Yazan:\" \/>\n\t<meta name=\"twitter:data1\" content=\"Memurun Sesi Haber Merkezi\" \/>\n\t<meta name=\"twitter:label2\" content=\"Tahmini okuma s\u00fcresi\" \/>\n\t<meta name=\"twitter:data2\" content=\"1 dakika\" \/>\n<script type=\"application\/ld+json\" class=\"yoast-schema-graph\">{\"@context\":\"https:\\\/\\\/schema.org\",\"@graph\":[{\"@type\":\"Article\",\"@id\":\"https:\\\/\\\/memurunsesi.net\\\/index.php\\\/2025\\\/09\\\/01\\\/karnindan-bicaklanan-taksi-soforu-agir-yaralandi\\\/#article\",\"isPartOf\":{\"@id\":\"https:\\\/\\\/memurunsesi.net\\\/index.php\\\/2025\\\/09\\\/01\\\/karnindan-bicaklanan-taksi-soforu-agir-yaralandi\\\/\"},\"author\":{\"name\":\"Memurun Sesi Haber Merkezi\",\"@id\":\"https:\\\/\\\/memurunsesi.net\\\/#\\\/schema\\\/person\\\/f21c2d73b89f6ee1d80b0a1803e38587\"},\"headline\":\"Karn\u0131ndan b\u0131\u00e7aklanan taksi \u015fof\u00f6r\u00fc a\u011f\u0131r yaraland\u0131\",\"datePublished\":\"2025-09-01T18:19:37+00:00\",\"mainEntityOfPage\":{\"@id\":\"https:\\\/\\\/memurunsesi.net\\\/index.php\\\/2025\\\/09\\\/01\\\/karnindan-bicaklanan-taksi-soforu-agir-yaralandi\\\/\"},\"wordCount\":279,\"commentCount\":0,\"publisher\":{\"@id\":\"https:\\\/\\\/memurunsesi.net\\\/#organization\"},\"image\":{\"@id\":\"https:\\\/\\\/memurunsesi.net\\\/index.php\\\/2025\\\/09\\\/01\\\/karnindan-bicaklanan-taksi-soforu-agir-yaralandi\\\/#primaryimage\"},\"thumbnailUrl\":\"https:\\\/\\\/memurunsesi.net\\\/wp-content\\\/uploads\\\/2025\\\/09\\\/AW529432_01.jpg\",\"inLanguage\":\"tr\",\"potentialAction\":[{\"@type\":\"CommentAction\",\"name\":\"Comment\",\"target\":[\"https:\\\/\\\/memurunsesi.net\\\/index.php\\\/2025\\\/09\\\/01\\\/karnindan-bicaklanan-taksi-soforu-agir-yaralandi\\\/#respond\"]}]},{\"@type\":\"WebPage\",\"@id\":\"https:\\\/\\\/memurunsesi.net\\\/index.php\\\/2025\\\/09\\\/01\\\/karnindan-bicaklanan-taksi-soforu-agir-yaralandi\\\/\",\"url\":\"https:\\\/\\\/memurunsesi.net\\\/index.php\\\/2025\\\/09\\\/01\\\/karnindan-bicaklanan-taksi-soforu-agir-yaralandi\\\/\",\"name\":\"Karn\u0131ndan b\u0131\u00e7aklanan taksi \u015fof\u00f6r\u00fc a\u011f\u0131r yaraland\u0131 - Memurun Sesi\",\"isPartOf\":{\"@id\":\"https:\\\/\\\/memurunsesi.net\\\/#website\"},\"primaryImageOfPage\":{\"@id\":\"https:\\\/\\\/memurunsesi.net\\\/index.php\\\/2025\\\/09\\\/01\\\/karnindan-bicaklanan-taksi-soforu-agir-yaralandi\\\/#primaryimage\"},\"image\":{\"@id\":\"https:\\\/\\\/memurunsesi.net\\\/index.php\\\/2025\\\/09\\\/01\\\/karnindan-bicaklanan-taksi-soforu-agir-yaralandi\\\/#primaryimage\"},\"thumbnailUrl\":\"https:\\\/\\\/memurunsesi.net\\\/wp-content\\\/uploads\\\/2025\\\/09\\\/AW529432_01.jpg\",\"datePublished\":\"2025-09-01T18:19:37+00:00\",\"breadcrumb\":{\"@id\":\"https:\\\/\\\/memurunsesi.net\\\/index.php\\\/2025\\\/09\\\/01\\\/karnindan-bicaklanan-taksi-soforu-agir-yaralandi\\\/#breadcrumb\"},\"inLanguage\":\"tr\",\"potentialAction\":[{\"@type\":\"ReadAction\",\"target\":[\"https:\\\/\\\/memurunsesi.net\\\/index.php\\\/2025\\\/09\\\/01\\\/karnindan-bicaklanan-taksi-soforu-agir-yaralandi\\\/\"]}]},{\"@type\":\"ImageObject\",\"inLanguage\":\"tr\",\"@id\":\"https:\\\/\\\/memurunsesi.net\\\/index.php\\\/2025\\\/09\\\/01\\\/karnindan-bicaklanan-taksi-soforu-agir-yaralandi\\\/#primaryimage\",\"url\":\"https:\\\/\\\/memurunsesi.net\\\/wp-content\\\/uploads\\\/2025\\\/09\\\/AW529432_01.jpg\",\"contentUrl\":\"https:\\\/\\\/memurunsesi.net\\\/wp-content\\\/uploads\\\/2025\\\/09\\\/AW529432_01.jpg\",\"width\":1600,\"height\":900,\"caption\":\"KAYSER\u0130'N\u0130N KOCAS\u0130NAN \u0130L\u00c7ES\u0130NDE HUSUMETL\u0130S\u0130 TARAFINDAN KARNINDAN BI\u00c7AKLANAN TAKS\u0130 \u015eOF\u00d6R\u00dc A\u011eIR YARALANIRKEN, \u015e\u00dcPHEL\u0130N\u0130N RAHAT TAVIRLARI PES DED\u0130RTT\u0130. (M\u00dcKREM\u0130N KAYA\\\/KAYSER\u0130-\u0130HA) Kayseri'nin Kocasinan il\u00e7esinde husumetlisi taraf\u0131ndan karn\u0131ndan b\u0131\u00e7aklanan taksi \u015fof\u00f6r\u00fc a\u011f\u0131r yaralan\u0131rken, \u015f\u00fcphelinin rahat tav\u0131rlar\u0131 pes dedirtti.\"},{\"@type\":\"BreadcrumbList\",\"@id\":\"https:\\\/\\\/memurunsesi.net\\\/index.php\\\/2025\\\/09\\\/01\\\/karnindan-bicaklanan-taksi-soforu-agir-yaralandi\\\/#breadcrumb\",\"itemListElement\":[{\"@type\":\"ListItem\",\"position\":1,\"name\":\"Anasayfa\",\"item\":\"https:\\\/\\\/memurunsesi.net\\\/\"},{\"@type\":\"ListItem\",\"position\":2,\"name\":\"Karn\u0131ndan b\u0131\u00e7aklanan taksi \u015fof\u00f6r\u00fc a\u011f\u0131r yaraland\u0131\"}]},{\"@type\":\"WebSite\",\"@id\":\"https:\\\/\\\/memurunsesi.net\\\/#website\",\"url\":\"https:\\\/\\\/memurunsesi.net\\\/\",\"name\":\"Memurun Sesi\",\"description\":\"G\u00fcncel ve Do\u011fru Haber\",\"publisher\":{\"@id\":\"https:\\\/\\\/memurunsesi.net\\\/#organization\"},\"potentialAction\":[{\"@type\":\"SearchAction\",\"target\":{\"@type\":\"EntryPoint\",\"urlTemplate\":\"https:\\\/\\\/memurunsesi.net\\\/?s={search_term_string}\"},\"query-input\":{\"@type\":\"PropertyValueSpecification\",\"valueRequired\":true,\"valueName\":\"search_term_string\"}}],\"inLanguage\":\"tr\"},{\"@type\":\"Organization\",\"@id\":\"https:\\\/\\\/memurunsesi.net\\\/#organization\",\"name\":\"Memurun Sesi\",\"url\":\"https:\\\/\\\/memurunsesi.net\\\/\",\"logo\":{\"@type\":\"ImageObject\",\"inLanguage\":\"tr\",\"@id\":\"https:\\\/\\\/memurunsesi.net\\\/#\\\/schema\\\/logo\\\/image\\\/\",\"url\":\"https:\\\/\\\/memurunsesi.net\\\/wp-content\\\/uploads\\\/2025\\\/11\\\/cropped-MEMURUN-SESI.png\",\"contentUrl\":\"https:\\\/\\\/memurunsesi.net\\\/wp-content\\\/uploads\\\/2025\\\/11\\\/cropped-MEMURUN-SESI.png\",\"width\":238,\"height\":57,\"caption\":\"Memurun Sesi\"},\"image\":{\"@id\":\"https:\\\/\\\/memurunsesi.net\\\/#\\\/schema\\\/logo\\\/image\\\/\"},\"sameAs\":[\"https:\\\/\\\/www.facebook.com\\\/unipersen\\\/?locale=tr_TR\",\"https:\\\/\\\/x.com\\\/unipersen\"]},{\"@type\":\"Person\",\"@id\":\"https:\\\/\\\/memurunsesi.net\\\/#\\\/schema\\\/person\\\/f21c2d73b89f6ee1d80b0a1803e38587\",\"name\":\"Memurun Sesi Haber Merkezi\",\"image\":{\"@type\":\"ImageObject\",\"inLanguage\":\"tr\",\"@id\":\"https:\\\/\\\/secure.gravatar.com\\\/avatar\\\/6cf0505f452ee753f485014986fab09a434671d2b919ee76fc541025c5876a70?s=96&d=mm&r=g\",\"url\":\"https:\\\/\\\/secure.gravatar.com\\\/avatar\\\/6cf0505f452ee753f485014986fab09a434671d2b919ee76fc541025c5876a70?s=96&d=mm&r=g\",\"contentUrl\":\"https:\\\/\\\/secure.gravatar.com\\\/avatar\\\/6cf0505f452ee753f485014986fab09a434671d2b919ee76fc541025c5876a70?s=96&d=mm&r=g\",\"caption\":\"Memurun Sesi Haber Merkezi\"},\"sameAs\":[\"https:\\\/\\\/memurunsesi.net\"],\"url\":\"https:\\\/\\\/memurunsesi.net\\\/index.php\\\/author\\\/uniper\\\/\"}]}<\/script>\n<!-- \/ Yoast SEO plugin. -->","yoast_head_json":{"title":"Karn\u0131ndan b\u0131\u00e7aklanan taksi \u015fof\u00f6r\u00fc a\u011f\u0131r yaraland\u0131 - Memurun Sesi","robots":{"index":"index","follow":"follow","max-snippet":"max-snippet:-1","max-image-preview":"max-image-preview:large","max-video-preview":"max-video-preview:-1"},"canonical":"https:\/\/memurunsesi.net\/index.php\/2025\/09\/01\/karnindan-bicaklanan-taksi-soforu-agir-yaralandi\/","og_locale":"tr_TR","og_type":"article","og_title":"Karn\u0131ndan b\u0131\u00e7aklanan taksi \u015fof\u00f6r\u00fc a\u011f\u0131r yaraland\u0131 - Memurun Sesi","og_description":"&#8211; Kayseri&#8217;de husumetlisini b\u0131\u00e7akla a\u011f\u0131r yaralayan zanl\u0131n\u0131n rahat tav\u0131rlar\u0131 pes dedirtti Kayseri&#8217;nin Kocasinan il\u00e7esinde husumetlisi taraf\u0131ndan karn\u0131ndan b\u0131\u00e7aklanan taksi \u015fof\u00f6r\u00fc a\u011f\u0131r yaralan\u0131rken, \u015f\u00fcphelinin rahat tav\u0131rlar\u0131 pes dedirtti. Edinilen bilgiye g\u00f6re, il\u00e7eye ba\u011fl\u0131 Do\u011fu Terminali K\u00fcmeevleri&#8217;nde meydana gelen olayda; daha \u00f6nceden aralar\u0131nda husumet bulunan M.D. ile H.\u015e. aras\u0131nda hen\u00fcz bilinmeyen bir sebepten tart\u0131\u015fma \u00e7\u0131kt\u0131. Tart\u0131\u015fman\u0131n b\u00fcy\u00fcyerek [&hellip;]","og_url":"https:\/\/memurunsesi.net\/index.php\/2025\/09\/01\/karnindan-bicaklanan-taksi-soforu-agir-yaralandi\/","og_site_name":"Memurun Sesi","article_publisher":"https:\/\/www.facebook.com\/unipersen\/?locale=tr_TR","article_published_time":"2025-09-01T18:19:37+00:00","og_image":[{"width":1600,"height":900,"url":"https:\/\/memurunsesi.net\/wp-content\/uploads\/2025\/09\/AW529432_01.jpg","type":"image\/jpeg"}],"author":"Memurun Sesi Haber Merkezi","twitter_card":"summary_large_image","twitter_creator":"@unipersen","twitter_site":"@unipersen","twitter_misc":{"Yazan:":"Memurun Sesi Haber Merkezi","Tahmini okuma s\u00fcresi":"1 dakika"},"schema":{"@context":"https:\/\/schema.org","@graph":[{"@type":"Article","@id":"https:\/\/memurunsesi.net\/index.php\/2025\/09\/01\/karnindan-bicaklanan-taksi-soforu-agir-yaralandi\/#article","isPartOf":{"@id":"https:\/\/memurunsesi.net\/index.php\/2025\/09\/01\/karnindan-bicaklanan-taksi-soforu-agir-yaralandi\/"},"author":{"name":"Memurun Sesi Haber Merkezi","@id":"https:\/\/memurunsesi.net\/#\/schema\/person\/f21c2d73b89f6ee1d80b0a1803e38587"},"headline":"Karn\u0131ndan b\u0131\u00e7aklanan taksi \u015fof\u00f6r\u00fc a\u011f\u0131r yaraland\u0131","datePublished":"2025-09-01T18:19:37+00:00","mainEntityOfPage":{"@id":"https:\/\/memurunsesi.net\/index.php\/2025\/09\/01\/karnindan-bicaklanan-taksi-soforu-agir-yaralandi\/"},"wordCount":279,"commentCount":0,"publisher":{"@id":"https:\/\/memurunsesi.net\/#organization"},"image":{"@id":"https:\/\/memurunsesi.net\/index.php\/2025\/09\/01\/karnindan-bicaklanan-taksi-soforu-agir-yaralandi\/#primaryimage"},"thumbnailUrl":"https:\/\/memurunsesi.net\/wp-content\/uploads\/2025\/09\/AW529432_01.jpg","inLanguage":"tr","potentialAction":[{"@type":"CommentAction","name":"Comment","target":["https:\/\/memurunsesi.net\/index.php\/2025\/09\/01\/karnindan-bicaklanan-taksi-soforu-agir-yaralandi\/#respond"]}]},{"@type":"WebPage","@id":"https:\/\/memurunsesi.net\/index.php\/2025\/09\/01\/karnindan-bicaklanan-taksi-soforu-agir-yaralandi\/","url":"https:\/\/memurunsesi.net\/index.php\/2025\/09\/01\/karnindan-bicaklanan-taksi-soforu-agir-yaralandi\/","name":"Karn\u0131ndan b\u0131\u00e7aklanan taksi \u015fof\u00f6r\u00fc a\u011f\u0131r yaraland\u0131 - Memurun Sesi","isPartOf":{"@id":"https:\/\/memurunsesi.net\/#website"},"primaryImageOfPage":{"@id":"https:\/\/memurunsesi.net\/index.php\/2025\/09\/01\/karnindan-bicaklanan-taksi-soforu-agir-yaralandi\/#primaryimage"},"image":{"@id":"https:\/\/memurunsesi.net\/index.php\/2025\/09\/01\/karnindan-bicaklanan-taksi-soforu-agir-yaralandi\/#primaryimage"},"thumbnailUrl":"https:\/\/memurunsesi.net\/wp-content\/uploads\/2025\/09\/AW529432_01.jpg","datePublished":"2025-09-01T18:19:37+00:00","breadcrumb":{"@id":"https:\/\/memurunsesi.net\/index.php\/2025\/09\/01\/karnindan-bicaklanan-taksi-soforu-agir-yaralandi\/#breadcrumb"},"inLanguage":"tr","potentialAction":[{"@type":"ReadAction","target":["https:\/\/memurunsesi.net\/index.php\/2025\/09\/01\/karnindan-bicaklanan-taksi-soforu-agir-yaralandi\/"]}]},{"@type":"ImageObject","inLanguage":"tr","@id":"https:\/\/memurunsesi.net\/index.php\/2025\/09\/01\/karnindan-bicaklanan-taksi-soforu-agir-yaralandi\/#primaryimage","url":"https:\/\/memurunsesi.net\/wp-content\/uploads\/2025\/09\/AW529432_01.jpg","contentUrl":"https:\/\/memurunsesi.net\/wp-content\/uploads\/2025\/09\/AW529432_01.jpg","width":1600,"height":900,"caption":"KAYSER\u0130'N\u0130N KOCAS\u0130NAN \u0130L\u00c7ES\u0130NDE HUSUMETL\u0130S\u0130 TARAFINDAN KARNINDAN BI\u00c7AKLANAN TAKS\u0130 \u015eOF\u00d6R\u00dc A\u011eIR YARALANIRKEN, \u015e\u00dcPHEL\u0130N\u0130N RAHAT TAVIRLARI PES DED\u0130RTT\u0130. (M\u00dcKREM\u0130N KAYA\/KAYSER\u0130-\u0130HA) Kayseri'nin Kocasinan il\u00e7esinde husumetlisi taraf\u0131ndan karn\u0131ndan b\u0131\u00e7aklanan taksi \u015fof\u00f6r\u00fc a\u011f\u0131r yaralan\u0131rken, \u015f\u00fcphelinin rahat tav\u0131rlar\u0131 pes dedirtti."},{"@type":"BreadcrumbList","@id":"https:\/\/memurunsesi.net\/index.php\/2025\/09\/01\/karnindan-bicaklanan-taksi-soforu-agir-yaralandi\/#breadcrumb","itemListElement":[{"@type":"ListItem","position":1,"name":"Anasayfa","item":"https:\/\/memurunsesi.net\/"},{"@type":"ListItem","position":2,"name":"Karn\u0131ndan b\u0131\u00e7aklanan taksi \u015fof\u00f6r\u00fc a\u011f\u0131r yaraland\u0131"}]},{"@type":"WebSite","@id":"https:\/\/memurunsesi.net\/#website","url":"https:\/\/memurunsesi.net\/","name":"Memurun Sesi","description":"G\u00fcncel ve Do\u011fru Haber","publisher":{"@id":"https:\/\/memurunsesi.net\/#organization"},"potentialAction":[{"@type":"SearchAction","target":{"@type":"EntryPoint","urlTemplate":"https:\/\/memurunsesi.net\/?s={search_term_string}"},"query-input":{"@type":"PropertyValueSpecification","valueRequired":true,"valueName":"search_term_string"}}],"inLanguage":"tr"},{"@type":"Organization","@id":"https:\/\/memurunsesi.net\/#organization","name":"Memurun Sesi","url":"https:\/\/memurunsesi.net\/","logo":{"@type":"ImageObject","inLanguage":"tr","@id":"https:\/\/memurunsesi.net\/#\/schema\/logo\/image\/","url":"https:\/\/memurunsesi.net\/wp-content\/uploads\/2025\/11\/cropped-MEMURUN-SESI.png","contentUrl":"https:\/\/memurunsesi.net\/wp-content\/uploads\/2025\/11\/cropped-MEMURUN-SESI.png","width":238,"height":57,"caption":"Memurun Sesi"},"image":{"@id":"https:\/\/memurunsesi.net\/#\/schema\/logo\/image\/"},"sameAs":["https:\/\/www.facebook.com\/unipersen\/?locale=tr_TR","https:\/\/x.com\/unipersen"]},{"@type":"Person","@id":"https:\/\/memurunsesi.net\/#\/schema\/person\/f21c2d73b89f6ee1d80b0a1803e38587","name":"Memurun Sesi Haber Merkezi","image":{"@type":"ImageObject","inLanguage":"tr","@id":"https:\/\/secure.gravatar.com\/avatar\/6cf0505f452ee753f485014986fab09a434671d2b919ee76fc541025c5876a70?s=96&d=mm&r=g","url":"https:\/\/secure.gravatar.com\/avatar\/6cf0505f452ee753f485014986fab09a434671d2b919ee76fc541025c5876a70?s=96&d=mm&r=g","contentUrl":"https:\/\/secure.gravatar.com\/avatar\/6cf0505f452ee753f485014986fab09a434671d2b919ee76fc541025c5876a70?s=96&d=mm&r=g","caption":"Memurun Sesi Haber Merkezi"},"sameAs":["https:\/\/memurunsesi.net"],"url":"https:\/\/memurunsesi.net\/index.php\/author\/uniper\/"}]}},"_links":{"self":[{"href":"https:\/\/memurunsesi.net\/index.php\/wp-json\/wp\/v2\/posts\/11210","targetHints":{"allow":["GET"]}}],"collection":[{"href":"https:\/\/memurunsesi.net\/index.php\/wp-json\/wp\/v2\/posts"}],"about":[{"href":"https:\/\/memurunsesi.net\/index.php\/wp-json\/wp\/v2\/types\/post"}],"author":[{"embeddable":true,"href":"https:\/\/memurunsesi.net\/index.php\/wp-json\/wp\/v2\/users\/1"}],"replies":[{"embeddable":true,"href":"https:\/\/memurunsesi.net\/index.php\/wp-json\/wp\/v2\/comments?post=11210"}],"version-history":[{"count":1,"href":"https:\/\/memurunsesi.net\/index.php\/wp-json\/wp\/v2\/posts\/11210\/revisions"}],"predecessor-version":[{"id":11212,"href":"https:\/\/memurunsesi.net\/index.php\/wp-json\/wp\/v2\/posts\/11210\/revisions\/11212"}],"wp:featuredmedia":[{"embeddable":true,"href":"https:\/\/memurunsesi.net\/index.php\/wp-json\/wp\/v2\/media\/11211"}],"wp:attachment":[{"href":"https:\/\/memurunsesi.net\/index.php\/wp-json\/wp\/v2\/media?parent=11210"}],"wp:term":[{"taxonomy":"category","embeddable":true,"href":"https:\/\/memurunsesi.net\/index.php\/wp-json\/wp\/v2\/categories?post=11210"},{"taxonomy":"post_tag","embeddable":true,"href":"https:\/\/memurunsesi.net\/index.php\/wp-json\/wp\/v2\/tags?post=11210"}],"curies":[{"name":"wp","href":"https:\/\/api.w.org\/{rel}","templated":true}]}}