{"id":11274,"date":"2025-09-03T09:08:21","date_gmt":"2025-09-03T06:08:21","guid":{"rendered":"https:\/\/memurunsesi.net\/?p=11274"},"modified":"2025-09-03T09:08:21","modified_gmt":"2025-09-03T06:08:21","slug":"siirtin-kurtalan-ilcesinde-zincirleme-kaza-1-yarali","status":"publish","type":"post","link":"https:\/\/memurunsesi.net\/index.php\/2025\/09\/03\/siirtin-kurtalan-ilcesinde-zincirleme-kaza-1-yarali\/","title":{"rendered":"Siirt\u2019in Kurtalan il\u00e7esinde zincirleme kaza: 1 yaral\u0131"},"content":{"rendered":"<p>   Siirt\u2019in Kurtalan il\u00e7esinde iki otomobil ve park halindeki bir arac\u0131n kar\u0131\u015ft\u0131\u011f\u0131 trafik kazas\u0131nda 1 ki\u015fi yaraland\u0131.<br \/>\nEdinilen bilgilere g\u00f6re, kaza Kurtalan il\u00e7esi Recep Tayyip Erdo\u011fan bulvar\u0131nda meydana geldi. 10 VR 280 plakal\u0131 otomobil, s\u00fcr\u00fcc\u00fcs\u00fcn\u00fcn direksiyon hakimiyetini kaybetmesi sonucu 06 AL 6071 plakal\u0131 otomobile \u00e7arpt\u0131. \u00c7arpman\u0131n etkisiyle 06 AL 6071 plakal\u0131 ara\u00e7 takla atarken, park halindeki 15 ET 344 plakal\u0131 otomobil de hasar g\u00f6rd\u00fc.<br \/>\nKazada 1 ki\u015fi hafif \u015fekilde yaraland\u0131. \u0130hbar \u00fczerine olay yerine sa\u011fl\u0131k ve polis ekipleri sevk edildi. Yaral\u0131, ambulansla Kurtalan Devlet Hastanesi\u2019ne kald\u0131r\u0131ld\u0131.<br \/>\nKazayla ilgili inceleme ba\u015flat\u0131ld\u0131. <\/p>\n<p>3.09.2025                                <\/p>\n","protected":false},"excerpt":{"rendered":"<p>Siirt\u2019in Kurtalan il\u00e7esinde iki otomobil ve park halindeki bir arac\u0131n kar\u0131\u015ft\u0131\u011f\u0131 trafik kazas\u0131nda 1 ki\u015fi yaraland\u0131. Edinilen bilgilere g\u00f6re, kaza Kurtalan il\u00e7esi Recep Tayyip Erdo\u011fan bulvar\u0131nda meydana geldi. 10 VR 280 plakal\u0131 otomobil, s\u00fcr\u00fcc\u00fcs\u00fcn\u00fcn direksiyon hakimiyetini kaybetmesi sonucu 06 AL 6071 plakal\u0131 otomobile \u00e7arpt\u0131. \u00c7arpman\u0131n etkisiyle 06 AL 6071 plakal\u0131 ara\u00e7 takla atarken, park halindeki [&hellip;]<\/p>\n","protected":false},"author":1,"featured_media":11275,"comment_status":"open","ping_status":"open","sticky":false,"template":"","format":"standard","meta":{"footnotes":""},"categories":[1],"tags":[],"class_list":["post-11274","post","type-post","status-publish","format-standard","has-post-thumbnail","hentry","category-genel"],"yoast_head":"<!-- This site is optimized with the Yoast SEO plugin v27.4 - https:\/\/yoast.com\/product\/yoast-seo-wordpress\/ -->\n<title>Siirt\u2019in Kurtalan il\u00e7esinde zincirleme kaza: 1 yaral\u0131 - Memurun Sesi<\/title>\n<meta name=\"robots\" content=\"index, follow, max-snippet:-1, max-image-preview:large, max-video-preview:-1\" \/>\n<link rel=\"canonical\" href=\"https:\/\/memurunsesi.net\/index.php\/2025\/09\/03\/siirtin-kurtalan-ilcesinde-zincirleme-kaza-1-yarali\/\" \/>\n<meta property=\"og:locale\" content=\"tr_TR\" \/>\n<meta property=\"og:type\" content=\"article\" \/>\n<meta property=\"og:title\" content=\"Siirt\u2019in Kurtalan il\u00e7esinde zincirleme kaza: 1 yaral\u0131 - Memurun Sesi\" \/>\n<meta property=\"og:description\" content=\"Siirt\u2019in Kurtalan il\u00e7esinde iki otomobil ve park halindeki bir arac\u0131n kar\u0131\u015ft\u0131\u011f\u0131 trafik kazas\u0131nda 1 ki\u015fi yaraland\u0131. Edinilen bilgilere g\u00f6re, kaza Kurtalan il\u00e7esi Recep Tayyip Erdo\u011fan bulvar\u0131nda meydana geldi. 10 VR 280 plakal\u0131 otomobil, s\u00fcr\u00fcc\u00fcs\u00fcn\u00fcn direksiyon hakimiyetini kaybetmesi sonucu 06 AL 6071 plakal\u0131 otomobile \u00e7arpt\u0131. \u00c7arpman\u0131n etkisiyle 06 AL 6071 plakal\u0131 ara\u00e7 takla atarken, park halindeki [&hellip;]\" \/>\n<meta property=\"og:url\" content=\"https:\/\/memurunsesi.net\/index.php\/2025\/09\/03\/siirtin-kurtalan-ilcesinde-zincirleme-kaza-1-yarali\/\" \/>\n<meta property=\"og:site_name\" content=\"Memurun Sesi\" \/>\n<meta property=\"article:publisher\" content=\"https:\/\/www.facebook.com\/unipersen\/?locale=tr_TR\" \/>\n<meta property=\"article:published_time\" content=\"2025-09-03T06:08:21+00:00\" \/>\n<meta property=\"og:image\" content=\"https:\/\/memurunsesi.net\/wp-content\/uploads\/2025\/09\/AW530278_02.jpg\" \/>\n\t<meta property=\"og:image:width\" content=\"1599\" \/>\n\t<meta property=\"og:image:height\" content=\"899\" \/>\n\t<meta property=\"og:image:type\" content=\"image\/jpeg\" \/>\n<meta name=\"author\" content=\"Memurun Sesi Haber Merkezi\" \/>\n<meta name=\"twitter:card\" content=\"summary_large_image\" \/>\n<meta name=\"twitter:creator\" content=\"@unipersen\" \/>\n<meta name=\"twitter:site\" content=\"@unipersen\" \/>\n<meta name=\"twitter:label1\" content=\"Yazan:\" \/>\n\t<meta name=\"twitter:data1\" content=\"Memurun Sesi Haber Merkezi\" \/>\n\t<meta name=\"twitter:label2\" content=\"Tahmini okuma s\u00fcresi\" \/>\n\t<meta name=\"twitter:data2\" content=\"1 dakika\" \/>\n<script type=\"application\/ld+json\" class=\"yoast-schema-graph\">{\"@context\":\"https:\\\/\\\/schema.org\",\"@graph\":[{\"@type\":\"Article\",\"@id\":\"https:\\\/\\\/memurunsesi.net\\\/index.php\\\/2025\\\/09\\\/03\\\/siirtin-kurtalan-ilcesinde-zincirleme-kaza-1-yarali\\\/#article\",\"isPartOf\":{\"@id\":\"https:\\\/\\\/memurunsesi.net\\\/index.php\\\/2025\\\/09\\\/03\\\/siirtin-kurtalan-ilcesinde-zincirleme-kaza-1-yarali\\\/\"},\"author\":{\"name\":\"Memurun Sesi Haber Merkezi\",\"@id\":\"https:\\\/\\\/memurunsesi.net\\\/#\\\/schema\\\/person\\\/f21c2d73b89f6ee1d80b0a1803e38587\"},\"headline\":\"Siirt\u2019in Kurtalan il\u00e7esinde zincirleme kaza: 1 yaral\u0131\",\"datePublished\":\"2025-09-03T06:08:21+00:00\",\"mainEntityOfPage\":{\"@id\":\"https:\\\/\\\/memurunsesi.net\\\/index.php\\\/2025\\\/09\\\/03\\\/siirtin-kurtalan-ilcesinde-zincirleme-kaza-1-yarali\\\/\"},\"wordCount\":112,\"commentCount\":0,\"publisher\":{\"@id\":\"https:\\\/\\\/memurunsesi.net\\\/#organization\"},\"image\":{\"@id\":\"https:\\\/\\\/memurunsesi.net\\\/index.php\\\/2025\\\/09\\\/03\\\/siirtin-kurtalan-ilcesinde-zincirleme-kaza-1-yarali\\\/#primaryimage\"},\"thumbnailUrl\":\"https:\\\/\\\/memurunsesi.net\\\/wp-content\\\/uploads\\\/2025\\\/09\\\/AW530278_02.jpg\",\"inLanguage\":\"tr\",\"potentialAction\":[{\"@type\":\"CommentAction\",\"name\":\"Comment\",\"target\":[\"https:\\\/\\\/memurunsesi.net\\\/index.php\\\/2025\\\/09\\\/03\\\/siirtin-kurtalan-ilcesinde-zincirleme-kaza-1-yarali\\\/#respond\"]}]},{\"@type\":\"WebPage\",\"@id\":\"https:\\\/\\\/memurunsesi.net\\\/index.php\\\/2025\\\/09\\\/03\\\/siirtin-kurtalan-ilcesinde-zincirleme-kaza-1-yarali\\\/\",\"url\":\"https:\\\/\\\/memurunsesi.net\\\/index.php\\\/2025\\\/09\\\/03\\\/siirtin-kurtalan-ilcesinde-zincirleme-kaza-1-yarali\\\/\",\"name\":\"Siirt\u2019in Kurtalan il\u00e7esinde zincirleme kaza: 1 yaral\u0131 - Memurun Sesi\",\"isPartOf\":{\"@id\":\"https:\\\/\\\/memurunsesi.net\\\/#website\"},\"primaryImageOfPage\":{\"@id\":\"https:\\\/\\\/memurunsesi.net\\\/index.php\\\/2025\\\/09\\\/03\\\/siirtin-kurtalan-ilcesinde-zincirleme-kaza-1-yarali\\\/#primaryimage\"},\"image\":{\"@id\":\"https:\\\/\\\/memurunsesi.net\\\/index.php\\\/2025\\\/09\\\/03\\\/siirtin-kurtalan-ilcesinde-zincirleme-kaza-1-yarali\\\/#primaryimage\"},\"thumbnailUrl\":\"https:\\\/\\\/memurunsesi.net\\\/wp-content\\\/uploads\\\/2025\\\/09\\\/AW530278_02.jpg\",\"datePublished\":\"2025-09-03T06:08:21+00:00\",\"breadcrumb\":{\"@id\":\"https:\\\/\\\/memurunsesi.net\\\/index.php\\\/2025\\\/09\\\/03\\\/siirtin-kurtalan-ilcesinde-zincirleme-kaza-1-yarali\\\/#breadcrumb\"},\"inLanguage\":\"tr\",\"potentialAction\":[{\"@type\":\"ReadAction\",\"target\":[\"https:\\\/\\\/memurunsesi.net\\\/index.php\\\/2025\\\/09\\\/03\\\/siirtin-kurtalan-ilcesinde-zincirleme-kaza-1-yarali\\\/\"]}]},{\"@type\":\"ImageObject\",\"inLanguage\":\"tr\",\"@id\":\"https:\\\/\\\/memurunsesi.net\\\/index.php\\\/2025\\\/09\\\/03\\\/siirtin-kurtalan-ilcesinde-zincirleme-kaza-1-yarali\\\/#primaryimage\",\"url\":\"https:\\\/\\\/memurunsesi.net\\\/wp-content\\\/uploads\\\/2025\\\/09\\\/AW530278_02.jpg\",\"contentUrl\":\"https:\\\/\\\/memurunsesi.net\\\/wp-content\\\/uploads\\\/2025\\\/09\\\/AW530278_02.jpg\",\"width\":1599,\"height\":899,\"caption\":\"S\u0130\u0130RT'\u0130N KURTALAN \u0130L\u00c7ES\u0130NDE Z\u0130NC\u0130RLEME KAZA: 1 YARALI (\u00dcM\u0130T D\u0130LEK\\\/S\u0130\u0130RT-\u0130HA) Siirt'in Kurtalan il\u00e7esinde iki otomobil ve park halindeki bir arac\u0131n kar\u0131\u015ft\u0131\u011f\u0131 trafik kazas\u0131nda 1 ki\u015fi yaraland\u0131.\"},{\"@type\":\"BreadcrumbList\",\"@id\":\"https:\\\/\\\/memurunsesi.net\\\/index.php\\\/2025\\\/09\\\/03\\\/siirtin-kurtalan-ilcesinde-zincirleme-kaza-1-yarali\\\/#breadcrumb\",\"itemListElement\":[{\"@type\":\"ListItem\",\"position\":1,\"name\":\"Anasayfa\",\"item\":\"https:\\\/\\\/memurunsesi.net\\\/\"},{\"@type\":\"ListItem\",\"position\":2,\"name\":\"Siirt\u2019in Kurtalan il\u00e7esinde zincirleme kaza: 1 yaral\u0131\"}]},{\"@type\":\"WebSite\",\"@id\":\"https:\\\/\\\/memurunsesi.net\\\/#website\",\"url\":\"https:\\\/\\\/memurunsesi.net\\\/\",\"name\":\"Memurun Sesi\",\"description\":\"G\u00fcncel ve Do\u011fru Haber\",\"publisher\":{\"@id\":\"https:\\\/\\\/memurunsesi.net\\\/#organization\"},\"potentialAction\":[{\"@type\":\"SearchAction\",\"target\":{\"@type\":\"EntryPoint\",\"urlTemplate\":\"https:\\\/\\\/memurunsesi.net\\\/?s={search_term_string}\"},\"query-input\":{\"@type\":\"PropertyValueSpecification\",\"valueRequired\":true,\"valueName\":\"search_term_string\"}}],\"inLanguage\":\"tr\"},{\"@type\":\"Organization\",\"@id\":\"https:\\\/\\\/memurunsesi.net\\\/#organization\",\"name\":\"Memurun Sesi\",\"url\":\"https:\\\/\\\/memurunsesi.net\\\/\",\"logo\":{\"@type\":\"ImageObject\",\"inLanguage\":\"tr\",\"@id\":\"https:\\\/\\\/memurunsesi.net\\\/#\\\/schema\\\/logo\\\/image\\\/\",\"url\":\"https:\\\/\\\/memurunsesi.net\\\/wp-content\\\/uploads\\\/2025\\\/11\\\/cropped-MEMURUN-SESI.png\",\"contentUrl\":\"https:\\\/\\\/memurunsesi.net\\\/wp-content\\\/uploads\\\/2025\\\/11\\\/cropped-MEMURUN-SESI.png\",\"width\":238,\"height\":57,\"caption\":\"Memurun Sesi\"},\"image\":{\"@id\":\"https:\\\/\\\/memurunsesi.net\\\/#\\\/schema\\\/logo\\\/image\\\/\"},\"sameAs\":[\"https:\\\/\\\/www.facebook.com\\\/unipersen\\\/?locale=tr_TR\",\"https:\\\/\\\/x.com\\\/unipersen\"]},{\"@type\":\"Person\",\"@id\":\"https:\\\/\\\/memurunsesi.net\\\/#\\\/schema\\\/person\\\/f21c2d73b89f6ee1d80b0a1803e38587\",\"name\":\"Memurun Sesi Haber Merkezi\",\"image\":{\"@type\":\"ImageObject\",\"inLanguage\":\"tr\",\"@id\":\"https:\\\/\\\/secure.gravatar.com\\\/avatar\\\/6cf0505f452ee753f485014986fab09a434671d2b919ee76fc541025c5876a70?s=96&d=mm&r=g\",\"url\":\"https:\\\/\\\/secure.gravatar.com\\\/avatar\\\/6cf0505f452ee753f485014986fab09a434671d2b919ee76fc541025c5876a70?s=96&d=mm&r=g\",\"contentUrl\":\"https:\\\/\\\/secure.gravatar.com\\\/avatar\\\/6cf0505f452ee753f485014986fab09a434671d2b919ee76fc541025c5876a70?s=96&d=mm&r=g\",\"caption\":\"Memurun Sesi Haber Merkezi\"},\"sameAs\":[\"https:\\\/\\\/memurunsesi.net\"],\"url\":\"https:\\\/\\\/memurunsesi.net\\\/index.php\\\/author\\\/uniper\\\/\"}]}<\/script>\n<!-- \/ Yoast SEO plugin. -->","yoast_head_json":{"title":"Siirt\u2019in Kurtalan il\u00e7esinde zincirleme kaza: 1 yaral\u0131 - Memurun Sesi","robots":{"index":"index","follow":"follow","max-snippet":"max-snippet:-1","max-image-preview":"max-image-preview:large","max-video-preview":"max-video-preview:-1"},"canonical":"https:\/\/memurunsesi.net\/index.php\/2025\/09\/03\/siirtin-kurtalan-ilcesinde-zincirleme-kaza-1-yarali\/","og_locale":"tr_TR","og_type":"article","og_title":"Siirt\u2019in Kurtalan il\u00e7esinde zincirleme kaza: 1 yaral\u0131 - Memurun Sesi","og_description":"Siirt\u2019in Kurtalan il\u00e7esinde iki otomobil ve park halindeki bir arac\u0131n kar\u0131\u015ft\u0131\u011f\u0131 trafik kazas\u0131nda 1 ki\u015fi yaraland\u0131. Edinilen bilgilere g\u00f6re, kaza Kurtalan il\u00e7esi Recep Tayyip Erdo\u011fan bulvar\u0131nda meydana geldi. 10 VR 280 plakal\u0131 otomobil, s\u00fcr\u00fcc\u00fcs\u00fcn\u00fcn direksiyon hakimiyetini kaybetmesi sonucu 06 AL 6071 plakal\u0131 otomobile \u00e7arpt\u0131. \u00c7arpman\u0131n etkisiyle 06 AL 6071 plakal\u0131 ara\u00e7 takla atarken, park halindeki [&hellip;]","og_url":"https:\/\/memurunsesi.net\/index.php\/2025\/09\/03\/siirtin-kurtalan-ilcesinde-zincirleme-kaza-1-yarali\/","og_site_name":"Memurun Sesi","article_publisher":"https:\/\/www.facebook.com\/unipersen\/?locale=tr_TR","article_published_time":"2025-09-03T06:08:21+00:00","og_image":[{"width":1599,"height":899,"url":"https:\/\/memurunsesi.net\/wp-content\/uploads\/2025\/09\/AW530278_02.jpg","type":"image\/jpeg"}],"author":"Memurun Sesi Haber Merkezi","twitter_card":"summary_large_image","twitter_creator":"@unipersen","twitter_site":"@unipersen","twitter_misc":{"Yazan:":"Memurun Sesi Haber Merkezi","Tahmini okuma s\u00fcresi":"1 dakika"},"schema":{"@context":"https:\/\/schema.org","@graph":[{"@type":"Article","@id":"https:\/\/memurunsesi.net\/index.php\/2025\/09\/03\/siirtin-kurtalan-ilcesinde-zincirleme-kaza-1-yarali\/#article","isPartOf":{"@id":"https:\/\/memurunsesi.net\/index.php\/2025\/09\/03\/siirtin-kurtalan-ilcesinde-zincirleme-kaza-1-yarali\/"},"author":{"name":"Memurun Sesi Haber Merkezi","@id":"https:\/\/memurunsesi.net\/#\/schema\/person\/f21c2d73b89f6ee1d80b0a1803e38587"},"headline":"Siirt\u2019in Kurtalan il\u00e7esinde zincirleme kaza: 1 yaral\u0131","datePublished":"2025-09-03T06:08:21+00:00","mainEntityOfPage":{"@id":"https:\/\/memurunsesi.net\/index.php\/2025\/09\/03\/siirtin-kurtalan-ilcesinde-zincirleme-kaza-1-yarali\/"},"wordCount":112,"commentCount":0,"publisher":{"@id":"https:\/\/memurunsesi.net\/#organization"},"image":{"@id":"https:\/\/memurunsesi.net\/index.php\/2025\/09\/03\/siirtin-kurtalan-ilcesinde-zincirleme-kaza-1-yarali\/#primaryimage"},"thumbnailUrl":"https:\/\/memurunsesi.net\/wp-content\/uploads\/2025\/09\/AW530278_02.jpg","inLanguage":"tr","potentialAction":[{"@type":"CommentAction","name":"Comment","target":["https:\/\/memurunsesi.net\/index.php\/2025\/09\/03\/siirtin-kurtalan-ilcesinde-zincirleme-kaza-1-yarali\/#respond"]}]},{"@type":"WebPage","@id":"https:\/\/memurunsesi.net\/index.php\/2025\/09\/03\/siirtin-kurtalan-ilcesinde-zincirleme-kaza-1-yarali\/","url":"https:\/\/memurunsesi.net\/index.php\/2025\/09\/03\/siirtin-kurtalan-ilcesinde-zincirleme-kaza-1-yarali\/","name":"Siirt\u2019in Kurtalan il\u00e7esinde zincirleme kaza: 1 yaral\u0131 - Memurun Sesi","isPartOf":{"@id":"https:\/\/memurunsesi.net\/#website"},"primaryImageOfPage":{"@id":"https:\/\/memurunsesi.net\/index.php\/2025\/09\/03\/siirtin-kurtalan-ilcesinde-zincirleme-kaza-1-yarali\/#primaryimage"},"image":{"@id":"https:\/\/memurunsesi.net\/index.php\/2025\/09\/03\/siirtin-kurtalan-ilcesinde-zincirleme-kaza-1-yarali\/#primaryimage"},"thumbnailUrl":"https:\/\/memurunsesi.net\/wp-content\/uploads\/2025\/09\/AW530278_02.jpg","datePublished":"2025-09-03T06:08:21+00:00","breadcrumb":{"@id":"https:\/\/memurunsesi.net\/index.php\/2025\/09\/03\/siirtin-kurtalan-ilcesinde-zincirleme-kaza-1-yarali\/#breadcrumb"},"inLanguage":"tr","potentialAction":[{"@type":"ReadAction","target":["https:\/\/memurunsesi.net\/index.php\/2025\/09\/03\/siirtin-kurtalan-ilcesinde-zincirleme-kaza-1-yarali\/"]}]},{"@type":"ImageObject","inLanguage":"tr","@id":"https:\/\/memurunsesi.net\/index.php\/2025\/09\/03\/siirtin-kurtalan-ilcesinde-zincirleme-kaza-1-yarali\/#primaryimage","url":"https:\/\/memurunsesi.net\/wp-content\/uploads\/2025\/09\/AW530278_02.jpg","contentUrl":"https:\/\/memurunsesi.net\/wp-content\/uploads\/2025\/09\/AW530278_02.jpg","width":1599,"height":899,"caption":"S\u0130\u0130RT'\u0130N KURTALAN \u0130L\u00c7ES\u0130NDE Z\u0130NC\u0130RLEME KAZA: 1 YARALI (\u00dcM\u0130T D\u0130LEK\/S\u0130\u0130RT-\u0130HA) Siirt'in Kurtalan il\u00e7esinde iki otomobil ve park halindeki bir arac\u0131n kar\u0131\u015ft\u0131\u011f\u0131 trafik kazas\u0131nda 1 ki\u015fi yaraland\u0131."},{"@type":"BreadcrumbList","@id":"https:\/\/memurunsesi.net\/index.php\/2025\/09\/03\/siirtin-kurtalan-ilcesinde-zincirleme-kaza-1-yarali\/#breadcrumb","itemListElement":[{"@type":"ListItem","position":1,"name":"Anasayfa","item":"https:\/\/memurunsesi.net\/"},{"@type":"ListItem","position":2,"name":"Siirt\u2019in Kurtalan il\u00e7esinde zincirleme kaza: 1 yaral\u0131"}]},{"@type":"WebSite","@id":"https:\/\/memurunsesi.net\/#website","url":"https:\/\/memurunsesi.net\/","name":"Memurun Sesi","description":"G\u00fcncel ve Do\u011fru Haber","publisher":{"@id":"https:\/\/memurunsesi.net\/#organization"},"potentialAction":[{"@type":"SearchAction","target":{"@type":"EntryPoint","urlTemplate":"https:\/\/memurunsesi.net\/?s={search_term_string}"},"query-input":{"@type":"PropertyValueSpecification","valueRequired":true,"valueName":"search_term_string"}}],"inLanguage":"tr"},{"@type":"Organization","@id":"https:\/\/memurunsesi.net\/#organization","name":"Memurun Sesi","url":"https:\/\/memurunsesi.net\/","logo":{"@type":"ImageObject","inLanguage":"tr","@id":"https:\/\/memurunsesi.net\/#\/schema\/logo\/image\/","url":"https:\/\/memurunsesi.net\/wp-content\/uploads\/2025\/11\/cropped-MEMURUN-SESI.png","contentUrl":"https:\/\/memurunsesi.net\/wp-content\/uploads\/2025\/11\/cropped-MEMURUN-SESI.png","width":238,"height":57,"caption":"Memurun Sesi"},"image":{"@id":"https:\/\/memurunsesi.net\/#\/schema\/logo\/image\/"},"sameAs":["https:\/\/www.facebook.com\/unipersen\/?locale=tr_TR","https:\/\/x.com\/unipersen"]},{"@type":"Person","@id":"https:\/\/memurunsesi.net\/#\/schema\/person\/f21c2d73b89f6ee1d80b0a1803e38587","name":"Memurun Sesi Haber Merkezi","image":{"@type":"ImageObject","inLanguage":"tr","@id":"https:\/\/secure.gravatar.com\/avatar\/6cf0505f452ee753f485014986fab09a434671d2b919ee76fc541025c5876a70?s=96&d=mm&r=g","url":"https:\/\/secure.gravatar.com\/avatar\/6cf0505f452ee753f485014986fab09a434671d2b919ee76fc541025c5876a70?s=96&d=mm&r=g","contentUrl":"https:\/\/secure.gravatar.com\/avatar\/6cf0505f452ee753f485014986fab09a434671d2b919ee76fc541025c5876a70?s=96&d=mm&r=g","caption":"Memurun Sesi Haber Merkezi"},"sameAs":["https:\/\/memurunsesi.net"],"url":"https:\/\/memurunsesi.net\/index.php\/author\/uniper\/"}]}},"_links":{"self":[{"href":"https:\/\/memurunsesi.net\/index.php\/wp-json\/wp\/v2\/posts\/11274","targetHints":{"allow":["GET"]}}],"collection":[{"href":"https:\/\/memurunsesi.net\/index.php\/wp-json\/wp\/v2\/posts"}],"about":[{"href":"https:\/\/memurunsesi.net\/index.php\/wp-json\/wp\/v2\/types\/post"}],"author":[{"embeddable":true,"href":"https:\/\/memurunsesi.net\/index.php\/wp-json\/wp\/v2\/users\/1"}],"replies":[{"embeddable":true,"href":"https:\/\/memurunsesi.net\/index.php\/wp-json\/wp\/v2\/comments?post=11274"}],"version-history":[{"count":1,"href":"https:\/\/memurunsesi.net\/index.php\/wp-json\/wp\/v2\/posts\/11274\/revisions"}],"predecessor-version":[{"id":11276,"href":"https:\/\/memurunsesi.net\/index.php\/wp-json\/wp\/v2\/posts\/11274\/revisions\/11276"}],"wp:featuredmedia":[{"embeddable":true,"href":"https:\/\/memurunsesi.net\/index.php\/wp-json\/wp\/v2\/media\/11275"}],"wp:attachment":[{"href":"https:\/\/memurunsesi.net\/index.php\/wp-json\/wp\/v2\/media?parent=11274"}],"wp:term":[{"taxonomy":"category","embeddable":true,"href":"https:\/\/memurunsesi.net\/index.php\/wp-json\/wp\/v2\/categories?post=11274"},{"taxonomy":"post_tag","embeddable":true,"href":"https:\/\/memurunsesi.net\/index.php\/wp-json\/wp\/v2\/tags?post=11274"}],"curies":[{"name":"wp","href":"https:\/\/api.w.org\/{rel}","templated":true}]}}