{"id":11277,"date":"2025-09-03T11:59:01","date_gmt":"2025-09-03T08:59:01","guid":{"rendered":"https:\/\/memurunsesi.net\/?p=11277"},"modified":"2025-09-03T11:59:01","modified_gmt":"2025-09-03T08:59:01","slug":"gaziantepte-5-metreden-sarampole-ucan-otomobilin-surucusu-yaralandi","status":"publish","type":"post","link":"https:\/\/memurunsesi.net\/index.php\/2025\/09\/03\/gaziantepte-5-metreden-sarampole-ucan-otomobilin-surucusu-yaralandi\/","title":{"rendered":"Gaziantep&#8217;te 5 metreden \u015farampole u\u00e7an otomobilin s\u00fcr\u00fcc\u00fcs\u00fc yaraland\u0131"},"content":{"rendered":"<p> Gaziantep&#8217;te meydana gelen kazada kald\u0131r\u0131m\u0131 ve demir bariyerleri a\u015farak 5 metrelik \u015farampole u\u00e7an otomobilin s\u00fcr\u00fcc\u00fcs\u00fc yaraland\u0131.<br \/>\n  Kaza, \u015eehitkamil il\u00e7esi \u0130pekyolu Sani Konuko\u011flu Bulvar\u0131 Zeugma Mozaik M\u00fczesi istikametinde meydana geldi. \u0130ddiaya g\u00f6re, s\u00fcr\u00fcc\u00fcs\u00fc \u00f6\u011frenilemeyen 27 ABB 964 plakal\u0131 otomobil, seyir halindeyken kontrolden \u00e7\u0131k\u0131p kald\u0131r\u0131m\u0131 ve demir bariyerleri a\u015farak 5 metrelik \u015farampole u\u00e7tu. Ters d\u00f6nerek duran ara\u00e7ta s\u00fcr\u00fcc\u00fc yaraland\u0131. \u0130hbar \u00fczerine olay yerine polis, sa\u011fl\u0131k ve itfaiye ekipleri sevk edildi. Yaral\u0131 s\u00fcr\u00fcc\u00fc, olay yerine gelen sa\u011fl\u0131k ekiplerince yap\u0131lan ilk m\u00fcdahalenin ard\u0131ndan \u015eehitkamil Devlet Hastanesi&#8217;ne kald\u0131r\u0131ld\u0131.<br \/>\n  Kaza ile ilgili inceleme ba\u015flat\u0131ld\u0131. <\/p>\n<p>3.09.2025                                  <\/p>\n","protected":false},"excerpt":{"rendered":"<p>Gaziantep&#8217;te meydana gelen kazada kald\u0131r\u0131m\u0131 ve demir bariyerleri a\u015farak 5 metrelik \u015farampole u\u00e7an otomobilin s\u00fcr\u00fcc\u00fcs\u00fc yaraland\u0131. Kaza, \u015eehitkamil il\u00e7esi \u0130pekyolu Sani Konuko\u011flu Bulvar\u0131 Zeugma Mozaik M\u00fczesi istikametinde meydana geldi. \u0130ddiaya g\u00f6re, s\u00fcr\u00fcc\u00fcs\u00fc \u00f6\u011frenilemeyen 27 ABB 964 plakal\u0131 otomobil, seyir halindeyken kontrolden \u00e7\u0131k\u0131p kald\u0131r\u0131m\u0131 ve demir bariyerleri a\u015farak 5 metrelik \u015farampole u\u00e7tu. Ters d\u00f6nerek duran ara\u00e7ta [&hellip;]<\/p>\n","protected":false},"author":1,"featured_media":11278,"comment_status":"open","ping_status":"open","sticky":false,"template":"","format":"standard","meta":{"footnotes":""},"categories":[1],"tags":[],"class_list":["post-11277","post","type-post","status-publish","format-standard","has-post-thumbnail","hentry","category-genel"],"yoast_head":"<!-- This site is optimized with the Yoast SEO plugin v27.4 - https:\/\/yoast.com\/product\/yoast-seo-wordpress\/ -->\n<title>Gaziantep&#039;te 5 metreden \u015farampole u\u00e7an otomobilin s\u00fcr\u00fcc\u00fcs\u00fc yaraland\u0131 - Memurun Sesi<\/title>\n<meta name=\"robots\" content=\"index, follow, max-snippet:-1, max-image-preview:large, max-video-preview:-1\" \/>\n<link rel=\"canonical\" href=\"https:\/\/memurunsesi.net\/index.php\/2025\/09\/03\/gaziantepte-5-metreden-sarampole-ucan-otomobilin-surucusu-yaralandi\/\" \/>\n<meta property=\"og:locale\" content=\"tr_TR\" \/>\n<meta property=\"og:type\" content=\"article\" \/>\n<meta property=\"og:title\" content=\"Gaziantep&#039;te 5 metreden \u015farampole u\u00e7an otomobilin s\u00fcr\u00fcc\u00fcs\u00fc yaraland\u0131 - Memurun Sesi\" \/>\n<meta property=\"og:description\" content=\"Gaziantep&#8217;te meydana gelen kazada kald\u0131r\u0131m\u0131 ve demir bariyerleri a\u015farak 5 metrelik \u015farampole u\u00e7an otomobilin s\u00fcr\u00fcc\u00fcs\u00fc yaraland\u0131. Kaza, \u015eehitkamil il\u00e7esi \u0130pekyolu Sani Konuko\u011flu Bulvar\u0131 Zeugma Mozaik M\u00fczesi istikametinde meydana geldi. \u0130ddiaya g\u00f6re, s\u00fcr\u00fcc\u00fcs\u00fc \u00f6\u011frenilemeyen 27 ABB 964 plakal\u0131 otomobil, seyir halindeyken kontrolden \u00e7\u0131k\u0131p kald\u0131r\u0131m\u0131 ve demir bariyerleri a\u015farak 5 metrelik \u015farampole u\u00e7tu. Ters d\u00f6nerek duran ara\u00e7ta [&hellip;]\" \/>\n<meta property=\"og:url\" content=\"https:\/\/memurunsesi.net\/index.php\/2025\/09\/03\/gaziantepte-5-metreden-sarampole-ucan-otomobilin-surucusu-yaralandi\/\" \/>\n<meta property=\"og:site_name\" content=\"Memurun Sesi\" \/>\n<meta property=\"article:publisher\" content=\"https:\/\/www.facebook.com\/unipersen\/?locale=tr_TR\" \/>\n<meta property=\"article:published_time\" content=\"2025-09-03T08:59:01+00:00\" \/>\n<meta property=\"og:image\" content=\"https:\/\/memurunsesi.net\/wp-content\/uploads\/2025\/09\/AW530508_01.jpg\" \/>\n\t<meta property=\"og:image:width\" content=\"1600\" \/>\n\t<meta property=\"og:image:height\" content=\"900\" \/>\n\t<meta property=\"og:image:type\" content=\"image\/jpeg\" \/>\n<meta name=\"author\" content=\"Memurun Sesi Haber Merkezi\" \/>\n<meta name=\"twitter:card\" content=\"summary_large_image\" \/>\n<meta name=\"twitter:creator\" content=\"@unipersen\" \/>\n<meta name=\"twitter:site\" content=\"@unipersen\" \/>\n<meta name=\"twitter:label1\" content=\"Yazan:\" \/>\n\t<meta name=\"twitter:data1\" content=\"Memurun Sesi Haber Merkezi\" \/>\n\t<meta name=\"twitter:label2\" content=\"Tahmini okuma s\u00fcresi\" \/>\n\t<meta name=\"twitter:data2\" content=\"1 dakika\" \/>\n<script type=\"application\/ld+json\" class=\"yoast-schema-graph\">{\"@context\":\"https:\\\/\\\/schema.org\",\"@graph\":[{\"@type\":\"Article\",\"@id\":\"https:\\\/\\\/memurunsesi.net\\\/index.php\\\/2025\\\/09\\\/03\\\/gaziantepte-5-metreden-sarampole-ucan-otomobilin-surucusu-yaralandi\\\/#article\",\"isPartOf\":{\"@id\":\"https:\\\/\\\/memurunsesi.net\\\/index.php\\\/2025\\\/09\\\/03\\\/gaziantepte-5-metreden-sarampole-ucan-otomobilin-surucusu-yaralandi\\\/\"},\"author\":{\"name\":\"Memurun Sesi Haber Merkezi\",\"@id\":\"https:\\\/\\\/memurunsesi.net\\\/#\\\/schema\\\/person\\\/f21c2d73b89f6ee1d80b0a1803e38587\"},\"headline\":\"Gaziantep&#8217;te 5 metreden \u015farampole u\u00e7an otomobilin s\u00fcr\u00fcc\u00fcs\u00fc yaraland\u0131\",\"datePublished\":\"2025-09-03T08:59:01+00:00\",\"mainEntityOfPage\":{\"@id\":\"https:\\\/\\\/memurunsesi.net\\\/index.php\\\/2025\\\/09\\\/03\\\/gaziantepte-5-metreden-sarampole-ucan-otomobilin-surucusu-yaralandi\\\/\"},\"wordCount\":134,\"commentCount\":0,\"publisher\":{\"@id\":\"https:\\\/\\\/memurunsesi.net\\\/#organization\"},\"image\":{\"@id\":\"https:\\\/\\\/memurunsesi.net\\\/index.php\\\/2025\\\/09\\\/03\\\/gaziantepte-5-metreden-sarampole-ucan-otomobilin-surucusu-yaralandi\\\/#primaryimage\"},\"thumbnailUrl\":\"https:\\\/\\\/memurunsesi.net\\\/wp-content\\\/uploads\\\/2025\\\/09\\\/AW530508_01.jpg\",\"inLanguage\":\"tr\",\"potentialAction\":[{\"@type\":\"CommentAction\",\"name\":\"Comment\",\"target\":[\"https:\\\/\\\/memurunsesi.net\\\/index.php\\\/2025\\\/09\\\/03\\\/gaziantepte-5-metreden-sarampole-ucan-otomobilin-surucusu-yaralandi\\\/#respond\"]}]},{\"@type\":\"WebPage\",\"@id\":\"https:\\\/\\\/memurunsesi.net\\\/index.php\\\/2025\\\/09\\\/03\\\/gaziantepte-5-metreden-sarampole-ucan-otomobilin-surucusu-yaralandi\\\/\",\"url\":\"https:\\\/\\\/memurunsesi.net\\\/index.php\\\/2025\\\/09\\\/03\\\/gaziantepte-5-metreden-sarampole-ucan-otomobilin-surucusu-yaralandi\\\/\",\"name\":\"Gaziantep'te 5 metreden \u015farampole u\u00e7an otomobilin s\u00fcr\u00fcc\u00fcs\u00fc yaraland\u0131 - Memurun Sesi\",\"isPartOf\":{\"@id\":\"https:\\\/\\\/memurunsesi.net\\\/#website\"},\"primaryImageOfPage\":{\"@id\":\"https:\\\/\\\/memurunsesi.net\\\/index.php\\\/2025\\\/09\\\/03\\\/gaziantepte-5-metreden-sarampole-ucan-otomobilin-surucusu-yaralandi\\\/#primaryimage\"},\"image\":{\"@id\":\"https:\\\/\\\/memurunsesi.net\\\/index.php\\\/2025\\\/09\\\/03\\\/gaziantepte-5-metreden-sarampole-ucan-otomobilin-surucusu-yaralandi\\\/#primaryimage\"},\"thumbnailUrl\":\"https:\\\/\\\/memurunsesi.net\\\/wp-content\\\/uploads\\\/2025\\\/09\\\/AW530508_01.jpg\",\"datePublished\":\"2025-09-03T08:59:01+00:00\",\"breadcrumb\":{\"@id\":\"https:\\\/\\\/memurunsesi.net\\\/index.php\\\/2025\\\/09\\\/03\\\/gaziantepte-5-metreden-sarampole-ucan-otomobilin-surucusu-yaralandi\\\/#breadcrumb\"},\"inLanguage\":\"tr\",\"potentialAction\":[{\"@type\":\"ReadAction\",\"target\":[\"https:\\\/\\\/memurunsesi.net\\\/index.php\\\/2025\\\/09\\\/03\\\/gaziantepte-5-metreden-sarampole-ucan-otomobilin-surucusu-yaralandi\\\/\"]}]},{\"@type\":\"ImageObject\",\"inLanguage\":\"tr\",\"@id\":\"https:\\\/\\\/memurunsesi.net\\\/index.php\\\/2025\\\/09\\\/03\\\/gaziantepte-5-metreden-sarampole-ucan-otomobilin-surucusu-yaralandi\\\/#primaryimage\",\"url\":\"https:\\\/\\\/memurunsesi.net\\\/wp-content\\\/uploads\\\/2025\\\/09\\\/AW530508_01.jpg\",\"contentUrl\":\"https:\\\/\\\/memurunsesi.net\\\/wp-content\\\/uploads\\\/2025\\\/09\\\/AW530508_01.jpg\",\"width\":1600,\"height\":900,\"caption\":\"GAZ\u0130ANTEP'TE D\u0130REKS\u0130YON HAK\u0130M\u0130YET\u0130 KAYBOLDUKTAN SONRA KONTROLDEN \u00c7IKAN OTOMOB\u0130L, KALDIRIMI VE DEM\u0130R BAR\u0130YERLER\u0130 A\u015eARAK 5 METREL\u0130K \u015eARAMPOLE U\u00c7TU. KAZADA OTOMOB\u0130L S\u00dcR\u00dcC\u00dcS\u00dc YARALANDI. (SA\u0130D VAKKAS YA\u011eCI\\\/GAZ\u0130ANTEP-\u0130HA) Gaziantep'te meydana gelen kazada kald\u0131r\u0131m\u0131 ve demir bariyerleri a\u015farak 5 metrelik \u015farampole u\u00e7an otomobilin s\u00fcr\u00fcc\u00fcs\u00fc yaraland\u0131.\"},{\"@type\":\"BreadcrumbList\",\"@id\":\"https:\\\/\\\/memurunsesi.net\\\/index.php\\\/2025\\\/09\\\/03\\\/gaziantepte-5-metreden-sarampole-ucan-otomobilin-surucusu-yaralandi\\\/#breadcrumb\",\"itemListElement\":[{\"@type\":\"ListItem\",\"position\":1,\"name\":\"Anasayfa\",\"item\":\"https:\\\/\\\/memurunsesi.net\\\/\"},{\"@type\":\"ListItem\",\"position\":2,\"name\":\"Gaziantep&#8217;te 5 metreden \u015farampole u\u00e7an otomobilin s\u00fcr\u00fcc\u00fcs\u00fc yaraland\u0131\"}]},{\"@type\":\"WebSite\",\"@id\":\"https:\\\/\\\/memurunsesi.net\\\/#website\",\"url\":\"https:\\\/\\\/memurunsesi.net\\\/\",\"name\":\"Memurun Sesi\",\"description\":\"G\u00fcncel ve Do\u011fru Haber\",\"publisher\":{\"@id\":\"https:\\\/\\\/memurunsesi.net\\\/#organization\"},\"potentialAction\":[{\"@type\":\"SearchAction\",\"target\":{\"@type\":\"EntryPoint\",\"urlTemplate\":\"https:\\\/\\\/memurunsesi.net\\\/?s={search_term_string}\"},\"query-input\":{\"@type\":\"PropertyValueSpecification\",\"valueRequired\":true,\"valueName\":\"search_term_string\"}}],\"inLanguage\":\"tr\"},{\"@type\":\"Organization\",\"@id\":\"https:\\\/\\\/memurunsesi.net\\\/#organization\",\"name\":\"Memurun Sesi\",\"url\":\"https:\\\/\\\/memurunsesi.net\\\/\",\"logo\":{\"@type\":\"ImageObject\",\"inLanguage\":\"tr\",\"@id\":\"https:\\\/\\\/memurunsesi.net\\\/#\\\/schema\\\/logo\\\/image\\\/\",\"url\":\"https:\\\/\\\/memurunsesi.net\\\/wp-content\\\/uploads\\\/2025\\\/11\\\/cropped-MEMURUN-SESI.png\",\"contentUrl\":\"https:\\\/\\\/memurunsesi.net\\\/wp-content\\\/uploads\\\/2025\\\/11\\\/cropped-MEMURUN-SESI.png\",\"width\":238,\"height\":57,\"caption\":\"Memurun Sesi\"},\"image\":{\"@id\":\"https:\\\/\\\/memurunsesi.net\\\/#\\\/schema\\\/logo\\\/image\\\/\"},\"sameAs\":[\"https:\\\/\\\/www.facebook.com\\\/unipersen\\\/?locale=tr_TR\",\"https:\\\/\\\/x.com\\\/unipersen\"]},{\"@type\":\"Person\",\"@id\":\"https:\\\/\\\/memurunsesi.net\\\/#\\\/schema\\\/person\\\/f21c2d73b89f6ee1d80b0a1803e38587\",\"name\":\"Memurun Sesi Haber Merkezi\",\"image\":{\"@type\":\"ImageObject\",\"inLanguage\":\"tr\",\"@id\":\"https:\\\/\\\/secure.gravatar.com\\\/avatar\\\/6cf0505f452ee753f485014986fab09a434671d2b919ee76fc541025c5876a70?s=96&d=mm&r=g\",\"url\":\"https:\\\/\\\/secure.gravatar.com\\\/avatar\\\/6cf0505f452ee753f485014986fab09a434671d2b919ee76fc541025c5876a70?s=96&d=mm&r=g\",\"contentUrl\":\"https:\\\/\\\/secure.gravatar.com\\\/avatar\\\/6cf0505f452ee753f485014986fab09a434671d2b919ee76fc541025c5876a70?s=96&d=mm&r=g\",\"caption\":\"Memurun Sesi Haber Merkezi\"},\"sameAs\":[\"https:\\\/\\\/memurunsesi.net\"],\"url\":\"https:\\\/\\\/memurunsesi.net\\\/index.php\\\/author\\\/uniper\\\/\"}]}<\/script>\n<!-- \/ Yoast SEO plugin. -->","yoast_head_json":{"title":"Gaziantep'te 5 metreden \u015farampole u\u00e7an otomobilin s\u00fcr\u00fcc\u00fcs\u00fc yaraland\u0131 - Memurun Sesi","robots":{"index":"index","follow":"follow","max-snippet":"max-snippet:-1","max-image-preview":"max-image-preview:large","max-video-preview":"max-video-preview:-1"},"canonical":"https:\/\/memurunsesi.net\/index.php\/2025\/09\/03\/gaziantepte-5-metreden-sarampole-ucan-otomobilin-surucusu-yaralandi\/","og_locale":"tr_TR","og_type":"article","og_title":"Gaziantep'te 5 metreden \u015farampole u\u00e7an otomobilin s\u00fcr\u00fcc\u00fcs\u00fc yaraland\u0131 - Memurun Sesi","og_description":"Gaziantep&#8217;te meydana gelen kazada kald\u0131r\u0131m\u0131 ve demir bariyerleri a\u015farak 5 metrelik \u015farampole u\u00e7an otomobilin s\u00fcr\u00fcc\u00fcs\u00fc yaraland\u0131. Kaza, \u015eehitkamil il\u00e7esi \u0130pekyolu Sani Konuko\u011flu Bulvar\u0131 Zeugma Mozaik M\u00fczesi istikametinde meydana geldi. \u0130ddiaya g\u00f6re, s\u00fcr\u00fcc\u00fcs\u00fc \u00f6\u011frenilemeyen 27 ABB 964 plakal\u0131 otomobil, seyir halindeyken kontrolden \u00e7\u0131k\u0131p kald\u0131r\u0131m\u0131 ve demir bariyerleri a\u015farak 5 metrelik \u015farampole u\u00e7tu. Ters d\u00f6nerek duran ara\u00e7ta [&hellip;]","og_url":"https:\/\/memurunsesi.net\/index.php\/2025\/09\/03\/gaziantepte-5-metreden-sarampole-ucan-otomobilin-surucusu-yaralandi\/","og_site_name":"Memurun Sesi","article_publisher":"https:\/\/www.facebook.com\/unipersen\/?locale=tr_TR","article_published_time":"2025-09-03T08:59:01+00:00","og_image":[{"width":1600,"height":900,"url":"https:\/\/memurunsesi.net\/wp-content\/uploads\/2025\/09\/AW530508_01.jpg","type":"image\/jpeg"}],"author":"Memurun Sesi Haber Merkezi","twitter_card":"summary_large_image","twitter_creator":"@unipersen","twitter_site":"@unipersen","twitter_misc":{"Yazan:":"Memurun Sesi Haber Merkezi","Tahmini okuma s\u00fcresi":"1 dakika"},"schema":{"@context":"https:\/\/schema.org","@graph":[{"@type":"Article","@id":"https:\/\/memurunsesi.net\/index.php\/2025\/09\/03\/gaziantepte-5-metreden-sarampole-ucan-otomobilin-surucusu-yaralandi\/#article","isPartOf":{"@id":"https:\/\/memurunsesi.net\/index.php\/2025\/09\/03\/gaziantepte-5-metreden-sarampole-ucan-otomobilin-surucusu-yaralandi\/"},"author":{"name":"Memurun Sesi Haber Merkezi","@id":"https:\/\/memurunsesi.net\/#\/schema\/person\/f21c2d73b89f6ee1d80b0a1803e38587"},"headline":"Gaziantep&#8217;te 5 metreden \u015farampole u\u00e7an otomobilin s\u00fcr\u00fcc\u00fcs\u00fc yaraland\u0131","datePublished":"2025-09-03T08:59:01+00:00","mainEntityOfPage":{"@id":"https:\/\/memurunsesi.net\/index.php\/2025\/09\/03\/gaziantepte-5-metreden-sarampole-ucan-otomobilin-surucusu-yaralandi\/"},"wordCount":134,"commentCount":0,"publisher":{"@id":"https:\/\/memurunsesi.net\/#organization"},"image":{"@id":"https:\/\/memurunsesi.net\/index.php\/2025\/09\/03\/gaziantepte-5-metreden-sarampole-ucan-otomobilin-surucusu-yaralandi\/#primaryimage"},"thumbnailUrl":"https:\/\/memurunsesi.net\/wp-content\/uploads\/2025\/09\/AW530508_01.jpg","inLanguage":"tr","potentialAction":[{"@type":"CommentAction","name":"Comment","target":["https:\/\/memurunsesi.net\/index.php\/2025\/09\/03\/gaziantepte-5-metreden-sarampole-ucan-otomobilin-surucusu-yaralandi\/#respond"]}]},{"@type":"WebPage","@id":"https:\/\/memurunsesi.net\/index.php\/2025\/09\/03\/gaziantepte-5-metreden-sarampole-ucan-otomobilin-surucusu-yaralandi\/","url":"https:\/\/memurunsesi.net\/index.php\/2025\/09\/03\/gaziantepte-5-metreden-sarampole-ucan-otomobilin-surucusu-yaralandi\/","name":"Gaziantep'te 5 metreden \u015farampole u\u00e7an otomobilin s\u00fcr\u00fcc\u00fcs\u00fc yaraland\u0131 - Memurun Sesi","isPartOf":{"@id":"https:\/\/memurunsesi.net\/#website"},"primaryImageOfPage":{"@id":"https:\/\/memurunsesi.net\/index.php\/2025\/09\/03\/gaziantepte-5-metreden-sarampole-ucan-otomobilin-surucusu-yaralandi\/#primaryimage"},"image":{"@id":"https:\/\/memurunsesi.net\/index.php\/2025\/09\/03\/gaziantepte-5-metreden-sarampole-ucan-otomobilin-surucusu-yaralandi\/#primaryimage"},"thumbnailUrl":"https:\/\/memurunsesi.net\/wp-content\/uploads\/2025\/09\/AW530508_01.jpg","datePublished":"2025-09-03T08:59:01+00:00","breadcrumb":{"@id":"https:\/\/memurunsesi.net\/index.php\/2025\/09\/03\/gaziantepte-5-metreden-sarampole-ucan-otomobilin-surucusu-yaralandi\/#breadcrumb"},"inLanguage":"tr","potentialAction":[{"@type":"ReadAction","target":["https:\/\/memurunsesi.net\/index.php\/2025\/09\/03\/gaziantepte-5-metreden-sarampole-ucan-otomobilin-surucusu-yaralandi\/"]}]},{"@type":"ImageObject","inLanguage":"tr","@id":"https:\/\/memurunsesi.net\/index.php\/2025\/09\/03\/gaziantepte-5-metreden-sarampole-ucan-otomobilin-surucusu-yaralandi\/#primaryimage","url":"https:\/\/memurunsesi.net\/wp-content\/uploads\/2025\/09\/AW530508_01.jpg","contentUrl":"https:\/\/memurunsesi.net\/wp-content\/uploads\/2025\/09\/AW530508_01.jpg","width":1600,"height":900,"caption":"GAZ\u0130ANTEP'TE D\u0130REKS\u0130YON HAK\u0130M\u0130YET\u0130 KAYBOLDUKTAN SONRA KONTROLDEN \u00c7IKAN OTOMOB\u0130L, KALDIRIMI VE DEM\u0130R BAR\u0130YERLER\u0130 A\u015eARAK 5 METREL\u0130K \u015eARAMPOLE U\u00c7TU. KAZADA OTOMOB\u0130L S\u00dcR\u00dcC\u00dcS\u00dc YARALANDI. (SA\u0130D VAKKAS YA\u011eCI\/GAZ\u0130ANTEP-\u0130HA) Gaziantep'te meydana gelen kazada kald\u0131r\u0131m\u0131 ve demir bariyerleri a\u015farak 5 metrelik \u015farampole u\u00e7an otomobilin s\u00fcr\u00fcc\u00fcs\u00fc yaraland\u0131."},{"@type":"BreadcrumbList","@id":"https:\/\/memurunsesi.net\/index.php\/2025\/09\/03\/gaziantepte-5-metreden-sarampole-ucan-otomobilin-surucusu-yaralandi\/#breadcrumb","itemListElement":[{"@type":"ListItem","position":1,"name":"Anasayfa","item":"https:\/\/memurunsesi.net\/"},{"@type":"ListItem","position":2,"name":"Gaziantep&#8217;te 5 metreden \u015farampole u\u00e7an otomobilin s\u00fcr\u00fcc\u00fcs\u00fc yaraland\u0131"}]},{"@type":"WebSite","@id":"https:\/\/memurunsesi.net\/#website","url":"https:\/\/memurunsesi.net\/","name":"Memurun Sesi","description":"G\u00fcncel ve Do\u011fru Haber","publisher":{"@id":"https:\/\/memurunsesi.net\/#organization"},"potentialAction":[{"@type":"SearchAction","target":{"@type":"EntryPoint","urlTemplate":"https:\/\/memurunsesi.net\/?s={search_term_string}"},"query-input":{"@type":"PropertyValueSpecification","valueRequired":true,"valueName":"search_term_string"}}],"inLanguage":"tr"},{"@type":"Organization","@id":"https:\/\/memurunsesi.net\/#organization","name":"Memurun Sesi","url":"https:\/\/memurunsesi.net\/","logo":{"@type":"ImageObject","inLanguage":"tr","@id":"https:\/\/memurunsesi.net\/#\/schema\/logo\/image\/","url":"https:\/\/memurunsesi.net\/wp-content\/uploads\/2025\/11\/cropped-MEMURUN-SESI.png","contentUrl":"https:\/\/memurunsesi.net\/wp-content\/uploads\/2025\/11\/cropped-MEMURUN-SESI.png","width":238,"height":57,"caption":"Memurun Sesi"},"image":{"@id":"https:\/\/memurunsesi.net\/#\/schema\/logo\/image\/"},"sameAs":["https:\/\/www.facebook.com\/unipersen\/?locale=tr_TR","https:\/\/x.com\/unipersen"]},{"@type":"Person","@id":"https:\/\/memurunsesi.net\/#\/schema\/person\/f21c2d73b89f6ee1d80b0a1803e38587","name":"Memurun Sesi Haber Merkezi","image":{"@type":"ImageObject","inLanguage":"tr","@id":"https:\/\/secure.gravatar.com\/avatar\/6cf0505f452ee753f485014986fab09a434671d2b919ee76fc541025c5876a70?s=96&d=mm&r=g","url":"https:\/\/secure.gravatar.com\/avatar\/6cf0505f452ee753f485014986fab09a434671d2b919ee76fc541025c5876a70?s=96&d=mm&r=g","contentUrl":"https:\/\/secure.gravatar.com\/avatar\/6cf0505f452ee753f485014986fab09a434671d2b919ee76fc541025c5876a70?s=96&d=mm&r=g","caption":"Memurun Sesi Haber Merkezi"},"sameAs":["https:\/\/memurunsesi.net"],"url":"https:\/\/memurunsesi.net\/index.php\/author\/uniper\/"}]}},"_links":{"self":[{"href":"https:\/\/memurunsesi.net\/index.php\/wp-json\/wp\/v2\/posts\/11277","targetHints":{"allow":["GET"]}}],"collection":[{"href":"https:\/\/memurunsesi.net\/index.php\/wp-json\/wp\/v2\/posts"}],"about":[{"href":"https:\/\/memurunsesi.net\/index.php\/wp-json\/wp\/v2\/types\/post"}],"author":[{"embeddable":true,"href":"https:\/\/memurunsesi.net\/index.php\/wp-json\/wp\/v2\/users\/1"}],"replies":[{"embeddable":true,"href":"https:\/\/memurunsesi.net\/index.php\/wp-json\/wp\/v2\/comments?post=11277"}],"version-history":[{"count":1,"href":"https:\/\/memurunsesi.net\/index.php\/wp-json\/wp\/v2\/posts\/11277\/revisions"}],"predecessor-version":[{"id":11279,"href":"https:\/\/memurunsesi.net\/index.php\/wp-json\/wp\/v2\/posts\/11277\/revisions\/11279"}],"wp:featuredmedia":[{"embeddable":true,"href":"https:\/\/memurunsesi.net\/index.php\/wp-json\/wp\/v2\/media\/11278"}],"wp:attachment":[{"href":"https:\/\/memurunsesi.net\/index.php\/wp-json\/wp\/v2\/media?parent=11277"}],"wp:term":[{"taxonomy":"category","embeddable":true,"href":"https:\/\/memurunsesi.net\/index.php\/wp-json\/wp\/v2\/categories?post=11277"},{"taxonomy":"post_tag","embeddable":true,"href":"https:\/\/memurunsesi.net\/index.php\/wp-json\/wp\/v2\/tags?post=11277"}],"curies":[{"name":"wp","href":"https:\/\/api.w.org\/{rel}","templated":true}]}}