{"id":11280,"date":"2025-09-03T12:00:51","date_gmt":"2025-09-03T09:00:51","guid":{"rendered":"https:\/\/memurunsesi.net\/?p=11280"},"modified":"2025-09-03T12:00:51","modified_gmt":"2025-09-03T09:00:51","slug":"maltepede-olumle-burun-buruna-yolculuk-kamerada","status":"publish","type":"post","link":"https:\/\/memurunsesi.net\/index.php\/2025\/09\/03\/maltepede-olumle-burun-buruna-yolculuk-kamerada\/","title":{"rendered":"Maltepe&#8217;de \u00f6l\u00fcmle burun buruna yolculuk kamerada"},"content":{"rendered":"<p>     Maltepe\u2019de t\u00fcnel i\u00e7erisinde ters \u015feritte ilerleyen motosiklet s\u00fcr\u00fcc\u00fcs\u00fcn\u00fcn tehlikeli yolculu\u011fu cep telefonu kameras\u0131na yans\u0131d\u0131. <\/p>\n<p>  Olay, Maltepe Cumhuriyet Meydan\u0131 t\u00fcnelinde sabah saatlerinde meydana geldi. T\u00fcnel i\u00e7erisine giren motosiklet s\u00fcr\u00fcc\u00fcs\u00fc, ters y\u00f6nde ilerledi. Trafi\u011fi hi\u00e7e sayarak kar\u015f\u0131 y\u00f6nden gelen ara\u00e7lar\u0131n \u015feridinde seyreden s\u00fcr\u00fcc\u00fc, t\u00fcnel i\u00e7inde kendi yolundaym\u0131\u015f gibi ilerleyerek hem kendi can\u0131n\u0131 hem de di\u011fer s\u00fcr\u00fcc\u00fclerin hayat\u0131n\u0131 tehlikeye att\u0131. O anlar ba\u015fka bir s\u00fcr\u00fcc\u00fcn\u00fcn cep telefonu kameras\u0131na yans\u0131d\u0131. G\u00f6r\u00fcnt\u00fclerde motosikletlinin ara\u00e7lar\u0131n \u00fczerine do\u011fru gelmesine ra\u011fmen yoluna devam etti\u011fi, s\u00fcr\u00fcc\u00fclerin ise muhtemel kazay\u0131 \u00f6nlemek i\u00e7in yava\u015flad\u0131\u011f\u0131 g\u00f6r\u00fcl\u00fcyor. <\/p>\n<p>3.09.2025                          <\/p>\n","protected":false},"excerpt":{"rendered":"<p>Maltepe\u2019de t\u00fcnel i\u00e7erisinde ters \u015feritte ilerleyen motosiklet s\u00fcr\u00fcc\u00fcs\u00fcn\u00fcn tehlikeli yolculu\u011fu cep telefonu kameras\u0131na yans\u0131d\u0131. Olay, Maltepe Cumhuriyet Meydan\u0131 t\u00fcnelinde sabah saatlerinde meydana geldi. T\u00fcnel i\u00e7erisine giren motosiklet s\u00fcr\u00fcc\u00fcs\u00fc, ters y\u00f6nde ilerledi. Trafi\u011fi hi\u00e7e sayarak kar\u015f\u0131 y\u00f6nden gelen ara\u00e7lar\u0131n \u015feridinde seyreden s\u00fcr\u00fcc\u00fc, t\u00fcnel i\u00e7inde kendi yolundaym\u0131\u015f gibi ilerleyerek hem kendi can\u0131n\u0131 hem de di\u011fer s\u00fcr\u00fcc\u00fclerin hayat\u0131n\u0131 [&hellip;]<\/p>\n","protected":false},"author":1,"featured_media":11281,"comment_status":"open","ping_status":"open","sticky":false,"template":"","format":"standard","meta":{"footnotes":""},"categories":[1],"tags":[],"class_list":["post-11280","post","type-post","status-publish","format-standard","has-post-thumbnail","hentry","category-genel"],"yoast_head":"<!-- This site is optimized with the Yoast SEO plugin v27.4 - https:\/\/yoast.com\/product\/yoast-seo-wordpress\/ -->\n<title>Maltepe&#039;de \u00f6l\u00fcmle burun buruna yolculuk kamerada - Memurun Sesi<\/title>\n<meta name=\"robots\" content=\"index, follow, max-snippet:-1, max-image-preview:large, max-video-preview:-1\" \/>\n<link rel=\"canonical\" href=\"https:\/\/memurunsesi.net\/index.php\/2025\/09\/03\/maltepede-olumle-burun-buruna-yolculuk-kamerada\/\" \/>\n<meta property=\"og:locale\" content=\"tr_TR\" \/>\n<meta property=\"og:type\" content=\"article\" \/>\n<meta property=\"og:title\" content=\"Maltepe&#039;de \u00f6l\u00fcmle burun buruna yolculuk kamerada - Memurun Sesi\" \/>\n<meta property=\"og:description\" content=\"Maltepe\u2019de t\u00fcnel i\u00e7erisinde ters \u015feritte ilerleyen motosiklet s\u00fcr\u00fcc\u00fcs\u00fcn\u00fcn tehlikeli yolculu\u011fu cep telefonu kameras\u0131na yans\u0131d\u0131. Olay, Maltepe Cumhuriyet Meydan\u0131 t\u00fcnelinde sabah saatlerinde meydana geldi. T\u00fcnel i\u00e7erisine giren motosiklet s\u00fcr\u00fcc\u00fcs\u00fc, ters y\u00f6nde ilerledi. Trafi\u011fi hi\u00e7e sayarak kar\u015f\u0131 y\u00f6nden gelen ara\u00e7lar\u0131n \u015feridinde seyreden s\u00fcr\u00fcc\u00fc, t\u00fcnel i\u00e7inde kendi yolundaym\u0131\u015f gibi ilerleyerek hem kendi can\u0131n\u0131 hem de di\u011fer s\u00fcr\u00fcc\u00fclerin hayat\u0131n\u0131 [&hellip;]\" \/>\n<meta property=\"og:url\" content=\"https:\/\/memurunsesi.net\/index.php\/2025\/09\/03\/maltepede-olumle-burun-buruna-yolculuk-kamerada\/\" \/>\n<meta property=\"og:site_name\" content=\"Memurun Sesi\" \/>\n<meta property=\"article:publisher\" content=\"https:\/\/www.facebook.com\/unipersen\/?locale=tr_TR\" \/>\n<meta property=\"article:published_time\" content=\"2025-09-03T09:00:51+00:00\" \/>\n<meta property=\"og:image\" content=\"https:\/\/memurunsesi.net\/wp-content\/uploads\/2025\/09\/AW530506_02.jpg\" \/>\n\t<meta property=\"og:image:width\" content=\"1078\" \/>\n\t<meta property=\"og:image:height\" content=\"1803\" \/>\n\t<meta property=\"og:image:type\" content=\"image\/jpeg\" \/>\n<meta name=\"author\" content=\"Memurun Sesi Haber Merkezi\" \/>\n<meta name=\"twitter:card\" content=\"summary_large_image\" \/>\n<meta name=\"twitter:creator\" content=\"@unipersen\" \/>\n<meta name=\"twitter:site\" content=\"@unipersen\" \/>\n<meta name=\"twitter:label1\" content=\"Yazan:\" \/>\n\t<meta name=\"twitter:data1\" content=\"Memurun Sesi Haber Merkezi\" \/>\n\t<meta name=\"twitter:label2\" content=\"Tahmini okuma s\u00fcresi\" \/>\n\t<meta name=\"twitter:data2\" content=\"1 dakika\" \/>\n<script type=\"application\/ld+json\" class=\"yoast-schema-graph\">{\"@context\":\"https:\\\/\\\/schema.org\",\"@graph\":[{\"@type\":\"Article\",\"@id\":\"https:\\\/\\\/memurunsesi.net\\\/index.php\\\/2025\\\/09\\\/03\\\/maltepede-olumle-burun-buruna-yolculuk-kamerada\\\/#article\",\"isPartOf\":{\"@id\":\"https:\\\/\\\/memurunsesi.net\\\/index.php\\\/2025\\\/09\\\/03\\\/maltepede-olumle-burun-buruna-yolculuk-kamerada\\\/\"},\"author\":{\"name\":\"Memurun Sesi Haber Merkezi\",\"@id\":\"https:\\\/\\\/memurunsesi.net\\\/#\\\/schema\\\/person\\\/f21c2d73b89f6ee1d80b0a1803e38587\"},\"headline\":\"Maltepe&#8217;de \u00f6l\u00fcmle burun buruna yolculuk kamerada\",\"datePublished\":\"2025-09-03T09:00:51+00:00\",\"mainEntityOfPage\":{\"@id\":\"https:\\\/\\\/memurunsesi.net\\\/index.php\\\/2025\\\/09\\\/03\\\/maltepede-olumle-burun-buruna-yolculuk-kamerada\\\/\"},\"wordCount\":148,\"commentCount\":0,\"publisher\":{\"@id\":\"https:\\\/\\\/memurunsesi.net\\\/#organization\"},\"image\":{\"@id\":\"https:\\\/\\\/memurunsesi.net\\\/index.php\\\/2025\\\/09\\\/03\\\/maltepede-olumle-burun-buruna-yolculuk-kamerada\\\/#primaryimage\"},\"thumbnailUrl\":\"https:\\\/\\\/memurunsesi.net\\\/wp-content\\\/uploads\\\/2025\\\/09\\\/AW530506_02.jpg\",\"inLanguage\":\"tr\",\"potentialAction\":[{\"@type\":\"CommentAction\",\"name\":\"Comment\",\"target\":[\"https:\\\/\\\/memurunsesi.net\\\/index.php\\\/2025\\\/09\\\/03\\\/maltepede-olumle-burun-buruna-yolculuk-kamerada\\\/#respond\"]}]},{\"@type\":\"WebPage\",\"@id\":\"https:\\\/\\\/memurunsesi.net\\\/index.php\\\/2025\\\/09\\\/03\\\/maltepede-olumle-burun-buruna-yolculuk-kamerada\\\/\",\"url\":\"https:\\\/\\\/memurunsesi.net\\\/index.php\\\/2025\\\/09\\\/03\\\/maltepede-olumle-burun-buruna-yolculuk-kamerada\\\/\",\"name\":\"Maltepe'de \u00f6l\u00fcmle burun buruna yolculuk kamerada - Memurun Sesi\",\"isPartOf\":{\"@id\":\"https:\\\/\\\/memurunsesi.net\\\/#website\"},\"primaryImageOfPage\":{\"@id\":\"https:\\\/\\\/memurunsesi.net\\\/index.php\\\/2025\\\/09\\\/03\\\/maltepede-olumle-burun-buruna-yolculuk-kamerada\\\/#primaryimage\"},\"image\":{\"@id\":\"https:\\\/\\\/memurunsesi.net\\\/index.php\\\/2025\\\/09\\\/03\\\/maltepede-olumle-burun-buruna-yolculuk-kamerada\\\/#primaryimage\"},\"thumbnailUrl\":\"https:\\\/\\\/memurunsesi.net\\\/wp-content\\\/uploads\\\/2025\\\/09\\\/AW530506_02.jpg\",\"datePublished\":\"2025-09-03T09:00:51+00:00\",\"breadcrumb\":{\"@id\":\"https:\\\/\\\/memurunsesi.net\\\/index.php\\\/2025\\\/09\\\/03\\\/maltepede-olumle-burun-buruna-yolculuk-kamerada\\\/#breadcrumb\"},\"inLanguage\":\"tr\",\"potentialAction\":[{\"@type\":\"ReadAction\",\"target\":[\"https:\\\/\\\/memurunsesi.net\\\/index.php\\\/2025\\\/09\\\/03\\\/maltepede-olumle-burun-buruna-yolculuk-kamerada\\\/\"]}]},{\"@type\":\"ImageObject\",\"inLanguage\":\"tr\",\"@id\":\"https:\\\/\\\/memurunsesi.net\\\/index.php\\\/2025\\\/09\\\/03\\\/maltepede-olumle-burun-buruna-yolculuk-kamerada\\\/#primaryimage\",\"url\":\"https:\\\/\\\/memurunsesi.net\\\/wp-content\\\/uploads\\\/2025\\\/09\\\/AW530506_02.jpg\",\"contentUrl\":\"https:\\\/\\\/memurunsesi.net\\\/wp-content\\\/uploads\\\/2025\\\/09\\\/AW530506_02.jpg\",\"width\":1078,\"height\":1803,\"caption\":\"MALTEPE'DE \u00d6L\u00dcMLE BURUN BURUNA YOLCULUK KAMERADA (VAH\u0130T ALDI\\\/\u0130STANBUL-\u0130HA) Maltepe'de t\u00fcnel i\u00e7erisinde ters \u015feritte ilerleyen motosiklet s\u00fcr\u00fcc\u00fcs\u00fcn\u00fcn tehlikeli yolculu\u011fu cep telefonu kameras\u0131na yans\u0131d\u0131.\"},{\"@type\":\"BreadcrumbList\",\"@id\":\"https:\\\/\\\/memurunsesi.net\\\/index.php\\\/2025\\\/09\\\/03\\\/maltepede-olumle-burun-buruna-yolculuk-kamerada\\\/#breadcrumb\",\"itemListElement\":[{\"@type\":\"ListItem\",\"position\":1,\"name\":\"Anasayfa\",\"item\":\"https:\\\/\\\/memurunsesi.net\\\/\"},{\"@type\":\"ListItem\",\"position\":2,\"name\":\"Maltepe&#8217;de \u00f6l\u00fcmle burun buruna yolculuk kamerada\"}]},{\"@type\":\"WebSite\",\"@id\":\"https:\\\/\\\/memurunsesi.net\\\/#website\",\"url\":\"https:\\\/\\\/memurunsesi.net\\\/\",\"name\":\"Memurun Sesi\",\"description\":\"G\u00fcncel ve Do\u011fru Haber\",\"publisher\":{\"@id\":\"https:\\\/\\\/memurunsesi.net\\\/#organization\"},\"potentialAction\":[{\"@type\":\"SearchAction\",\"target\":{\"@type\":\"EntryPoint\",\"urlTemplate\":\"https:\\\/\\\/memurunsesi.net\\\/?s={search_term_string}\"},\"query-input\":{\"@type\":\"PropertyValueSpecification\",\"valueRequired\":true,\"valueName\":\"search_term_string\"}}],\"inLanguage\":\"tr\"},{\"@type\":\"Organization\",\"@id\":\"https:\\\/\\\/memurunsesi.net\\\/#organization\",\"name\":\"Memurun Sesi\",\"url\":\"https:\\\/\\\/memurunsesi.net\\\/\",\"logo\":{\"@type\":\"ImageObject\",\"inLanguage\":\"tr\",\"@id\":\"https:\\\/\\\/memurunsesi.net\\\/#\\\/schema\\\/logo\\\/image\\\/\",\"url\":\"https:\\\/\\\/memurunsesi.net\\\/wp-content\\\/uploads\\\/2025\\\/11\\\/cropped-MEMURUN-SESI.png\",\"contentUrl\":\"https:\\\/\\\/memurunsesi.net\\\/wp-content\\\/uploads\\\/2025\\\/11\\\/cropped-MEMURUN-SESI.png\",\"width\":238,\"height\":57,\"caption\":\"Memurun Sesi\"},\"image\":{\"@id\":\"https:\\\/\\\/memurunsesi.net\\\/#\\\/schema\\\/logo\\\/image\\\/\"},\"sameAs\":[\"https:\\\/\\\/www.facebook.com\\\/unipersen\\\/?locale=tr_TR\",\"https:\\\/\\\/x.com\\\/unipersen\"]},{\"@type\":\"Person\",\"@id\":\"https:\\\/\\\/memurunsesi.net\\\/#\\\/schema\\\/person\\\/f21c2d73b89f6ee1d80b0a1803e38587\",\"name\":\"Memurun Sesi Haber Merkezi\",\"image\":{\"@type\":\"ImageObject\",\"inLanguage\":\"tr\",\"@id\":\"https:\\\/\\\/secure.gravatar.com\\\/avatar\\\/6cf0505f452ee753f485014986fab09a434671d2b919ee76fc541025c5876a70?s=96&d=mm&r=g\",\"url\":\"https:\\\/\\\/secure.gravatar.com\\\/avatar\\\/6cf0505f452ee753f485014986fab09a434671d2b919ee76fc541025c5876a70?s=96&d=mm&r=g\",\"contentUrl\":\"https:\\\/\\\/secure.gravatar.com\\\/avatar\\\/6cf0505f452ee753f485014986fab09a434671d2b919ee76fc541025c5876a70?s=96&d=mm&r=g\",\"caption\":\"Memurun Sesi Haber Merkezi\"},\"sameAs\":[\"https:\\\/\\\/memurunsesi.net\"],\"url\":\"https:\\\/\\\/memurunsesi.net\\\/index.php\\\/author\\\/uniper\\\/\"}]}<\/script>\n<!-- \/ Yoast SEO plugin. -->","yoast_head_json":{"title":"Maltepe'de \u00f6l\u00fcmle burun buruna yolculuk kamerada - Memurun Sesi","robots":{"index":"index","follow":"follow","max-snippet":"max-snippet:-1","max-image-preview":"max-image-preview:large","max-video-preview":"max-video-preview:-1"},"canonical":"https:\/\/memurunsesi.net\/index.php\/2025\/09\/03\/maltepede-olumle-burun-buruna-yolculuk-kamerada\/","og_locale":"tr_TR","og_type":"article","og_title":"Maltepe'de \u00f6l\u00fcmle burun buruna yolculuk kamerada - Memurun Sesi","og_description":"Maltepe\u2019de t\u00fcnel i\u00e7erisinde ters \u015feritte ilerleyen motosiklet s\u00fcr\u00fcc\u00fcs\u00fcn\u00fcn tehlikeli yolculu\u011fu cep telefonu kameras\u0131na yans\u0131d\u0131. Olay, Maltepe Cumhuriyet Meydan\u0131 t\u00fcnelinde sabah saatlerinde meydana geldi. T\u00fcnel i\u00e7erisine giren motosiklet s\u00fcr\u00fcc\u00fcs\u00fc, ters y\u00f6nde ilerledi. Trafi\u011fi hi\u00e7e sayarak kar\u015f\u0131 y\u00f6nden gelen ara\u00e7lar\u0131n \u015feridinde seyreden s\u00fcr\u00fcc\u00fc, t\u00fcnel i\u00e7inde kendi yolundaym\u0131\u015f gibi ilerleyerek hem kendi can\u0131n\u0131 hem de di\u011fer s\u00fcr\u00fcc\u00fclerin hayat\u0131n\u0131 [&hellip;]","og_url":"https:\/\/memurunsesi.net\/index.php\/2025\/09\/03\/maltepede-olumle-burun-buruna-yolculuk-kamerada\/","og_site_name":"Memurun Sesi","article_publisher":"https:\/\/www.facebook.com\/unipersen\/?locale=tr_TR","article_published_time":"2025-09-03T09:00:51+00:00","og_image":[{"width":1078,"height":1803,"url":"https:\/\/memurunsesi.net\/wp-content\/uploads\/2025\/09\/AW530506_02.jpg","type":"image\/jpeg"}],"author":"Memurun Sesi Haber Merkezi","twitter_card":"summary_large_image","twitter_creator":"@unipersen","twitter_site":"@unipersen","twitter_misc":{"Yazan:":"Memurun Sesi Haber Merkezi","Tahmini okuma s\u00fcresi":"1 dakika"},"schema":{"@context":"https:\/\/schema.org","@graph":[{"@type":"Article","@id":"https:\/\/memurunsesi.net\/index.php\/2025\/09\/03\/maltepede-olumle-burun-buruna-yolculuk-kamerada\/#article","isPartOf":{"@id":"https:\/\/memurunsesi.net\/index.php\/2025\/09\/03\/maltepede-olumle-burun-buruna-yolculuk-kamerada\/"},"author":{"name":"Memurun Sesi Haber Merkezi","@id":"https:\/\/memurunsesi.net\/#\/schema\/person\/f21c2d73b89f6ee1d80b0a1803e38587"},"headline":"Maltepe&#8217;de \u00f6l\u00fcmle burun buruna yolculuk kamerada","datePublished":"2025-09-03T09:00:51+00:00","mainEntityOfPage":{"@id":"https:\/\/memurunsesi.net\/index.php\/2025\/09\/03\/maltepede-olumle-burun-buruna-yolculuk-kamerada\/"},"wordCount":148,"commentCount":0,"publisher":{"@id":"https:\/\/memurunsesi.net\/#organization"},"image":{"@id":"https:\/\/memurunsesi.net\/index.php\/2025\/09\/03\/maltepede-olumle-burun-buruna-yolculuk-kamerada\/#primaryimage"},"thumbnailUrl":"https:\/\/memurunsesi.net\/wp-content\/uploads\/2025\/09\/AW530506_02.jpg","inLanguage":"tr","potentialAction":[{"@type":"CommentAction","name":"Comment","target":["https:\/\/memurunsesi.net\/index.php\/2025\/09\/03\/maltepede-olumle-burun-buruna-yolculuk-kamerada\/#respond"]}]},{"@type":"WebPage","@id":"https:\/\/memurunsesi.net\/index.php\/2025\/09\/03\/maltepede-olumle-burun-buruna-yolculuk-kamerada\/","url":"https:\/\/memurunsesi.net\/index.php\/2025\/09\/03\/maltepede-olumle-burun-buruna-yolculuk-kamerada\/","name":"Maltepe'de \u00f6l\u00fcmle burun buruna yolculuk kamerada - Memurun Sesi","isPartOf":{"@id":"https:\/\/memurunsesi.net\/#website"},"primaryImageOfPage":{"@id":"https:\/\/memurunsesi.net\/index.php\/2025\/09\/03\/maltepede-olumle-burun-buruna-yolculuk-kamerada\/#primaryimage"},"image":{"@id":"https:\/\/memurunsesi.net\/index.php\/2025\/09\/03\/maltepede-olumle-burun-buruna-yolculuk-kamerada\/#primaryimage"},"thumbnailUrl":"https:\/\/memurunsesi.net\/wp-content\/uploads\/2025\/09\/AW530506_02.jpg","datePublished":"2025-09-03T09:00:51+00:00","breadcrumb":{"@id":"https:\/\/memurunsesi.net\/index.php\/2025\/09\/03\/maltepede-olumle-burun-buruna-yolculuk-kamerada\/#breadcrumb"},"inLanguage":"tr","potentialAction":[{"@type":"ReadAction","target":["https:\/\/memurunsesi.net\/index.php\/2025\/09\/03\/maltepede-olumle-burun-buruna-yolculuk-kamerada\/"]}]},{"@type":"ImageObject","inLanguage":"tr","@id":"https:\/\/memurunsesi.net\/index.php\/2025\/09\/03\/maltepede-olumle-burun-buruna-yolculuk-kamerada\/#primaryimage","url":"https:\/\/memurunsesi.net\/wp-content\/uploads\/2025\/09\/AW530506_02.jpg","contentUrl":"https:\/\/memurunsesi.net\/wp-content\/uploads\/2025\/09\/AW530506_02.jpg","width":1078,"height":1803,"caption":"MALTEPE'DE \u00d6L\u00dcMLE BURUN BURUNA YOLCULUK KAMERADA (VAH\u0130T ALDI\/\u0130STANBUL-\u0130HA) Maltepe'de t\u00fcnel i\u00e7erisinde ters \u015feritte ilerleyen motosiklet s\u00fcr\u00fcc\u00fcs\u00fcn\u00fcn tehlikeli yolculu\u011fu cep telefonu kameras\u0131na yans\u0131d\u0131."},{"@type":"BreadcrumbList","@id":"https:\/\/memurunsesi.net\/index.php\/2025\/09\/03\/maltepede-olumle-burun-buruna-yolculuk-kamerada\/#breadcrumb","itemListElement":[{"@type":"ListItem","position":1,"name":"Anasayfa","item":"https:\/\/memurunsesi.net\/"},{"@type":"ListItem","position":2,"name":"Maltepe&#8217;de \u00f6l\u00fcmle burun buruna yolculuk kamerada"}]},{"@type":"WebSite","@id":"https:\/\/memurunsesi.net\/#website","url":"https:\/\/memurunsesi.net\/","name":"Memurun Sesi","description":"G\u00fcncel ve Do\u011fru Haber","publisher":{"@id":"https:\/\/memurunsesi.net\/#organization"},"potentialAction":[{"@type":"SearchAction","target":{"@type":"EntryPoint","urlTemplate":"https:\/\/memurunsesi.net\/?s={search_term_string}"},"query-input":{"@type":"PropertyValueSpecification","valueRequired":true,"valueName":"search_term_string"}}],"inLanguage":"tr"},{"@type":"Organization","@id":"https:\/\/memurunsesi.net\/#organization","name":"Memurun Sesi","url":"https:\/\/memurunsesi.net\/","logo":{"@type":"ImageObject","inLanguage":"tr","@id":"https:\/\/memurunsesi.net\/#\/schema\/logo\/image\/","url":"https:\/\/memurunsesi.net\/wp-content\/uploads\/2025\/11\/cropped-MEMURUN-SESI.png","contentUrl":"https:\/\/memurunsesi.net\/wp-content\/uploads\/2025\/11\/cropped-MEMURUN-SESI.png","width":238,"height":57,"caption":"Memurun Sesi"},"image":{"@id":"https:\/\/memurunsesi.net\/#\/schema\/logo\/image\/"},"sameAs":["https:\/\/www.facebook.com\/unipersen\/?locale=tr_TR","https:\/\/x.com\/unipersen"]},{"@type":"Person","@id":"https:\/\/memurunsesi.net\/#\/schema\/person\/f21c2d73b89f6ee1d80b0a1803e38587","name":"Memurun Sesi Haber Merkezi","image":{"@type":"ImageObject","inLanguage":"tr","@id":"https:\/\/secure.gravatar.com\/avatar\/6cf0505f452ee753f485014986fab09a434671d2b919ee76fc541025c5876a70?s=96&d=mm&r=g","url":"https:\/\/secure.gravatar.com\/avatar\/6cf0505f452ee753f485014986fab09a434671d2b919ee76fc541025c5876a70?s=96&d=mm&r=g","contentUrl":"https:\/\/secure.gravatar.com\/avatar\/6cf0505f452ee753f485014986fab09a434671d2b919ee76fc541025c5876a70?s=96&d=mm&r=g","caption":"Memurun Sesi Haber Merkezi"},"sameAs":["https:\/\/memurunsesi.net"],"url":"https:\/\/memurunsesi.net\/index.php\/author\/uniper\/"}]}},"_links":{"self":[{"href":"https:\/\/memurunsesi.net\/index.php\/wp-json\/wp\/v2\/posts\/11280","targetHints":{"allow":["GET"]}}],"collection":[{"href":"https:\/\/memurunsesi.net\/index.php\/wp-json\/wp\/v2\/posts"}],"about":[{"href":"https:\/\/memurunsesi.net\/index.php\/wp-json\/wp\/v2\/types\/post"}],"author":[{"embeddable":true,"href":"https:\/\/memurunsesi.net\/index.php\/wp-json\/wp\/v2\/users\/1"}],"replies":[{"embeddable":true,"href":"https:\/\/memurunsesi.net\/index.php\/wp-json\/wp\/v2\/comments?post=11280"}],"version-history":[{"count":1,"href":"https:\/\/memurunsesi.net\/index.php\/wp-json\/wp\/v2\/posts\/11280\/revisions"}],"predecessor-version":[{"id":11282,"href":"https:\/\/memurunsesi.net\/index.php\/wp-json\/wp\/v2\/posts\/11280\/revisions\/11282"}],"wp:featuredmedia":[{"embeddable":true,"href":"https:\/\/memurunsesi.net\/index.php\/wp-json\/wp\/v2\/media\/11281"}],"wp:attachment":[{"href":"https:\/\/memurunsesi.net\/index.php\/wp-json\/wp\/v2\/media?parent=11280"}],"wp:term":[{"taxonomy":"category","embeddable":true,"href":"https:\/\/memurunsesi.net\/index.php\/wp-json\/wp\/v2\/categories?post=11280"},{"taxonomy":"post_tag","embeddable":true,"href":"https:\/\/memurunsesi.net\/index.php\/wp-json\/wp\/v2\/tags?post=11280"}],"curies":[{"name":"wp","href":"https:\/\/api.w.org\/{rel}","templated":true}]}}