{"id":11398,"date":"2025-09-07T20:26:31","date_gmt":"2025-09-07T17:26:31","guid":{"rendered":"https:\/\/memurunsesi.net\/?p=11398"},"modified":"2025-09-07T20:26:31","modified_gmt":"2025-09-07T17:26:31","slug":"semdinlide-ormanlik-alanda-korkutan-yangin","status":"publish","type":"post","link":"https:\/\/memurunsesi.net\/index.php\/2025\/09\/07\/semdinlide-ormanlik-alanda-korkutan-yangin\/","title":{"rendered":"\u015eemdinli\u2019de ormanl\u0131k alanda korkutan yang\u0131n"},"content":{"rendered":"<p>   Hakkari\u2019nin \u015eemdinli il\u00e7esinde ormanl\u0131k alanda \u00e7\u0131kan yang\u0131n korkuya neden olurken, ekiplerin yang\u0131na m\u00fcdahalesi s\u00fcr\u00fcyor.<br \/>\n  Edinilen bilgilere g\u00f6re, Derya k\u00f6y\u00fcne yak\u0131n ormanl\u0131k alanda yang\u0131n \u00e7\u0131kt\u0131. R\u00fczgar\u0131n etkisiyle yang\u0131n b\u00fcy\u00fcrken, vatanda\u015flar alevlere ilk m\u00fcdahaleyi yapt\u0131. Zorlu arazi \u015fartlar\u0131 nedeniyle yetersiz kalan vatanda\u015flar\u0131n ihbar\u0131 \u00fczerine b\u00f6lgeye ekipler sevk edildi. Ekiplerin yang\u0131n\u0131 s\u00f6nd\u00fcrme \u00e7al\u0131\u015fmalar\u0131 devam ediyor. <\/p>\n<p>7.09.2025                                  <\/p>\n","protected":false},"excerpt":{"rendered":"<p>Hakkari\u2019nin \u015eemdinli il\u00e7esinde ormanl\u0131k alanda \u00e7\u0131kan yang\u0131n korkuya neden olurken, ekiplerin yang\u0131na m\u00fcdahalesi s\u00fcr\u00fcyor. Edinilen bilgilere g\u00f6re, Derya k\u00f6y\u00fcne yak\u0131n ormanl\u0131k alanda yang\u0131n \u00e7\u0131kt\u0131. R\u00fczgar\u0131n etkisiyle yang\u0131n b\u00fcy\u00fcrken, vatanda\u015flar alevlere ilk m\u00fcdahaleyi yapt\u0131. Zorlu arazi \u015fartlar\u0131 nedeniyle yetersiz kalan vatanda\u015flar\u0131n ihbar\u0131 \u00fczerine b\u00f6lgeye ekipler sevk edildi. Ekiplerin yang\u0131n\u0131 s\u00f6nd\u00fcrme \u00e7al\u0131\u015fmalar\u0131 devam ediyor. 7.09.2025<\/p>\n","protected":false},"author":1,"featured_media":11399,"comment_status":"open","ping_status":"open","sticky":false,"template":"","format":"standard","meta":{"footnotes":""},"categories":[50],"tags":[],"class_list":["post-11398","post","type-post","status-publish","format-standard","has-post-thumbnail","hentry","category-tum-haberler"],"yoast_head":"<!-- This site is optimized with the Yoast SEO plugin v27.4 - https:\/\/yoast.com\/product\/yoast-seo-wordpress\/ -->\n<title>\u015eemdinli\u2019de ormanl\u0131k alanda korkutan yang\u0131n - Memurun Sesi<\/title>\n<meta name=\"robots\" content=\"index, follow, max-snippet:-1, max-image-preview:large, max-video-preview:-1\" \/>\n<link rel=\"canonical\" href=\"https:\/\/memurunsesi.net\/index.php\/2025\/09\/07\/semdinlide-ormanlik-alanda-korkutan-yangin\/\" \/>\n<meta property=\"og:locale\" content=\"tr_TR\" \/>\n<meta property=\"og:type\" content=\"article\" \/>\n<meta property=\"og:title\" content=\"\u015eemdinli\u2019de ormanl\u0131k alanda korkutan yang\u0131n - Memurun Sesi\" \/>\n<meta property=\"og:description\" content=\"Hakkari\u2019nin \u015eemdinli il\u00e7esinde ormanl\u0131k alanda \u00e7\u0131kan yang\u0131n korkuya neden olurken, ekiplerin yang\u0131na m\u00fcdahalesi s\u00fcr\u00fcyor. Edinilen bilgilere g\u00f6re, Derya k\u00f6y\u00fcne yak\u0131n ormanl\u0131k alanda yang\u0131n \u00e7\u0131kt\u0131. R\u00fczgar\u0131n etkisiyle yang\u0131n b\u00fcy\u00fcrken, vatanda\u015flar alevlere ilk m\u00fcdahaleyi yapt\u0131. Zorlu arazi \u015fartlar\u0131 nedeniyle yetersiz kalan vatanda\u015flar\u0131n ihbar\u0131 \u00fczerine b\u00f6lgeye ekipler sevk edildi. Ekiplerin yang\u0131n\u0131 s\u00f6nd\u00fcrme \u00e7al\u0131\u015fmalar\u0131 devam ediyor. 7.09.2025\" \/>\n<meta property=\"og:url\" content=\"https:\/\/memurunsesi.net\/index.php\/2025\/09\/07\/semdinlide-ormanlik-alanda-korkutan-yangin\/\" \/>\n<meta property=\"og:site_name\" content=\"Memurun Sesi\" \/>\n<meta property=\"article:publisher\" content=\"https:\/\/www.facebook.com\/unipersen\/?locale=tr_TR\" \/>\n<meta property=\"article:published_time\" content=\"2025-09-07T17:26:31+00:00\" \/>\n<meta property=\"og:image\" content=\"https:\/\/memurunsesi.net\/wp-content\/uploads\/2025\/09\/AW533331_01.jpg\" \/>\n\t<meta property=\"og:image:width\" content=\"1290\" \/>\n\t<meta property=\"og:image:height\" content=\"1017\" \/>\n\t<meta property=\"og:image:type\" content=\"image\/jpeg\" \/>\n<meta name=\"author\" content=\"Memurun Sesi Haber Merkezi\" \/>\n<meta name=\"twitter:card\" content=\"summary_large_image\" \/>\n<meta name=\"twitter:creator\" content=\"@unipersen\" \/>\n<meta name=\"twitter:site\" content=\"@unipersen\" \/>\n<meta name=\"twitter:label1\" content=\"Yazan:\" \/>\n\t<meta name=\"twitter:data1\" content=\"Memurun Sesi Haber Merkezi\" \/>\n\t<meta name=\"twitter:label2\" content=\"Tahmini okuma s\u00fcresi\" \/>\n\t<meta name=\"twitter:data2\" content=\"1 dakika\" \/>\n<script type=\"application\/ld+json\" class=\"yoast-schema-graph\">{\"@context\":\"https:\\\/\\\/schema.org\",\"@graph\":[{\"@type\":\"Article\",\"@id\":\"https:\\\/\\\/memurunsesi.net\\\/index.php\\\/2025\\\/09\\\/07\\\/semdinlide-ormanlik-alanda-korkutan-yangin\\\/#article\",\"isPartOf\":{\"@id\":\"https:\\\/\\\/memurunsesi.net\\\/index.php\\\/2025\\\/09\\\/07\\\/semdinlide-ormanlik-alanda-korkutan-yangin\\\/\"},\"author\":{\"name\":\"Memurun Sesi Haber Merkezi\",\"@id\":\"https:\\\/\\\/memurunsesi.net\\\/#\\\/schema\\\/person\\\/f21c2d73b89f6ee1d80b0a1803e38587\"},\"headline\":\"\u015eemdinli\u2019de ormanl\u0131k alanda korkutan yang\u0131n\",\"datePublished\":\"2025-09-07T17:26:31+00:00\",\"mainEntityOfPage\":{\"@id\":\"https:\\\/\\\/memurunsesi.net\\\/index.php\\\/2025\\\/09\\\/07\\\/semdinlide-ormanlik-alanda-korkutan-yangin\\\/\"},\"wordCount\":88,\"commentCount\":0,\"publisher\":{\"@id\":\"https:\\\/\\\/memurunsesi.net\\\/#organization\"},\"image\":{\"@id\":\"https:\\\/\\\/memurunsesi.net\\\/index.php\\\/2025\\\/09\\\/07\\\/semdinlide-ormanlik-alanda-korkutan-yangin\\\/#primaryimage\"},\"thumbnailUrl\":\"https:\\\/\\\/memurunsesi.net\\\/wp-content\\\/uploads\\\/2025\\\/09\\\/AW533331_01.jpg\",\"articleSection\":[\"T\u00fcm Haberler\"],\"inLanguage\":\"tr\",\"potentialAction\":[{\"@type\":\"CommentAction\",\"name\":\"Comment\",\"target\":[\"https:\\\/\\\/memurunsesi.net\\\/index.php\\\/2025\\\/09\\\/07\\\/semdinlide-ormanlik-alanda-korkutan-yangin\\\/#respond\"]}]},{\"@type\":\"WebPage\",\"@id\":\"https:\\\/\\\/memurunsesi.net\\\/index.php\\\/2025\\\/09\\\/07\\\/semdinlide-ormanlik-alanda-korkutan-yangin\\\/\",\"url\":\"https:\\\/\\\/memurunsesi.net\\\/index.php\\\/2025\\\/09\\\/07\\\/semdinlide-ormanlik-alanda-korkutan-yangin\\\/\",\"name\":\"\u015eemdinli\u2019de ormanl\u0131k alanda korkutan yang\u0131n - Memurun Sesi\",\"isPartOf\":{\"@id\":\"https:\\\/\\\/memurunsesi.net\\\/#website\"},\"primaryImageOfPage\":{\"@id\":\"https:\\\/\\\/memurunsesi.net\\\/index.php\\\/2025\\\/09\\\/07\\\/semdinlide-ormanlik-alanda-korkutan-yangin\\\/#primaryimage\"},\"image\":{\"@id\":\"https:\\\/\\\/memurunsesi.net\\\/index.php\\\/2025\\\/09\\\/07\\\/semdinlide-ormanlik-alanda-korkutan-yangin\\\/#primaryimage\"},\"thumbnailUrl\":\"https:\\\/\\\/memurunsesi.net\\\/wp-content\\\/uploads\\\/2025\\\/09\\\/AW533331_01.jpg\",\"datePublished\":\"2025-09-07T17:26:31+00:00\",\"breadcrumb\":{\"@id\":\"https:\\\/\\\/memurunsesi.net\\\/index.php\\\/2025\\\/09\\\/07\\\/semdinlide-ormanlik-alanda-korkutan-yangin\\\/#breadcrumb\"},\"inLanguage\":\"tr\",\"potentialAction\":[{\"@type\":\"ReadAction\",\"target\":[\"https:\\\/\\\/memurunsesi.net\\\/index.php\\\/2025\\\/09\\\/07\\\/semdinlide-ormanlik-alanda-korkutan-yangin\\\/\"]}]},{\"@type\":\"ImageObject\",\"inLanguage\":\"tr\",\"@id\":\"https:\\\/\\\/memurunsesi.net\\\/index.php\\\/2025\\\/09\\\/07\\\/semdinlide-ormanlik-alanda-korkutan-yangin\\\/#primaryimage\",\"url\":\"https:\\\/\\\/memurunsesi.net\\\/wp-content\\\/uploads\\\/2025\\\/09\\\/AW533331_01.jpg\",\"contentUrl\":\"https:\\\/\\\/memurunsesi.net\\\/wp-content\\\/uploads\\\/2025\\\/09\\\/AW533331_01.jpg\",\"width\":1290,\"height\":1017,\"caption\":\"HAKKAR\u0130'N\u0130N \u015eEMD\u0130NL\u0130 \u0130L\u00c7ES\u0130NDE ORMANLIK ALANDA \u00c7IKAN YANGIN KORKUYA NEDEN OLURKEN, VATANDA\u015eLAR AC\u0130L YARDIM \u0130STED\u0130: \\\"YANGIN YERLE\u015e\u0130M YER\u0130NE YAKLA\u015eIYOR BEL\u0130RTT\u0130LER. (MET\u0130N TEK\\\/HAKKAR\u0130-\u0130HA) Hakkari'nin \u015eemdinli il\u00e7esinde ormanl\u0131k alanda \u00e7\u0131kan yang\u0131n korkuya neden olurken, ekiplerin yang\u0131na m\u00fcdahalesi s\u00fcr\u00fcyor.\"},{\"@type\":\"BreadcrumbList\",\"@id\":\"https:\\\/\\\/memurunsesi.net\\\/index.php\\\/2025\\\/09\\\/07\\\/semdinlide-ormanlik-alanda-korkutan-yangin\\\/#breadcrumb\",\"itemListElement\":[{\"@type\":\"ListItem\",\"position\":1,\"name\":\"Anasayfa\",\"item\":\"https:\\\/\\\/memurunsesi.net\\\/\"},{\"@type\":\"ListItem\",\"position\":2,\"name\":\"\u015eemdinli\u2019de ormanl\u0131k alanda korkutan yang\u0131n\"}]},{\"@type\":\"WebSite\",\"@id\":\"https:\\\/\\\/memurunsesi.net\\\/#website\",\"url\":\"https:\\\/\\\/memurunsesi.net\\\/\",\"name\":\"Memurun Sesi\",\"description\":\"G\u00fcncel ve Do\u011fru Haber\",\"publisher\":{\"@id\":\"https:\\\/\\\/memurunsesi.net\\\/#organization\"},\"potentialAction\":[{\"@type\":\"SearchAction\",\"target\":{\"@type\":\"EntryPoint\",\"urlTemplate\":\"https:\\\/\\\/memurunsesi.net\\\/?s={search_term_string}\"},\"query-input\":{\"@type\":\"PropertyValueSpecification\",\"valueRequired\":true,\"valueName\":\"search_term_string\"}}],\"inLanguage\":\"tr\"},{\"@type\":\"Organization\",\"@id\":\"https:\\\/\\\/memurunsesi.net\\\/#organization\",\"name\":\"Memurun Sesi\",\"url\":\"https:\\\/\\\/memurunsesi.net\\\/\",\"logo\":{\"@type\":\"ImageObject\",\"inLanguage\":\"tr\",\"@id\":\"https:\\\/\\\/memurunsesi.net\\\/#\\\/schema\\\/logo\\\/image\\\/\",\"url\":\"https:\\\/\\\/memurunsesi.net\\\/wp-content\\\/uploads\\\/2025\\\/11\\\/cropped-MEMURUN-SESI.png\",\"contentUrl\":\"https:\\\/\\\/memurunsesi.net\\\/wp-content\\\/uploads\\\/2025\\\/11\\\/cropped-MEMURUN-SESI.png\",\"width\":238,\"height\":57,\"caption\":\"Memurun Sesi\"},\"image\":{\"@id\":\"https:\\\/\\\/memurunsesi.net\\\/#\\\/schema\\\/logo\\\/image\\\/\"},\"sameAs\":[\"https:\\\/\\\/www.facebook.com\\\/unipersen\\\/?locale=tr_TR\",\"https:\\\/\\\/x.com\\\/unipersen\"]},{\"@type\":\"Person\",\"@id\":\"https:\\\/\\\/memurunsesi.net\\\/#\\\/schema\\\/person\\\/f21c2d73b89f6ee1d80b0a1803e38587\",\"name\":\"Memurun Sesi Haber Merkezi\",\"image\":{\"@type\":\"ImageObject\",\"inLanguage\":\"tr\",\"@id\":\"https:\\\/\\\/secure.gravatar.com\\\/avatar\\\/6cf0505f452ee753f485014986fab09a434671d2b919ee76fc541025c5876a70?s=96&d=mm&r=g\",\"url\":\"https:\\\/\\\/secure.gravatar.com\\\/avatar\\\/6cf0505f452ee753f485014986fab09a434671d2b919ee76fc541025c5876a70?s=96&d=mm&r=g\",\"contentUrl\":\"https:\\\/\\\/secure.gravatar.com\\\/avatar\\\/6cf0505f452ee753f485014986fab09a434671d2b919ee76fc541025c5876a70?s=96&d=mm&r=g\",\"caption\":\"Memurun Sesi Haber Merkezi\"},\"sameAs\":[\"https:\\\/\\\/memurunsesi.net\"],\"url\":\"https:\\\/\\\/memurunsesi.net\\\/index.php\\\/author\\\/uniper\\\/\"}]}<\/script>\n<!-- \/ Yoast SEO plugin. -->","yoast_head_json":{"title":"\u015eemdinli\u2019de ormanl\u0131k alanda korkutan yang\u0131n - Memurun Sesi","robots":{"index":"index","follow":"follow","max-snippet":"max-snippet:-1","max-image-preview":"max-image-preview:large","max-video-preview":"max-video-preview:-1"},"canonical":"https:\/\/memurunsesi.net\/index.php\/2025\/09\/07\/semdinlide-ormanlik-alanda-korkutan-yangin\/","og_locale":"tr_TR","og_type":"article","og_title":"\u015eemdinli\u2019de ormanl\u0131k alanda korkutan yang\u0131n - Memurun Sesi","og_description":"Hakkari\u2019nin \u015eemdinli il\u00e7esinde ormanl\u0131k alanda \u00e7\u0131kan yang\u0131n korkuya neden olurken, ekiplerin yang\u0131na m\u00fcdahalesi s\u00fcr\u00fcyor. Edinilen bilgilere g\u00f6re, Derya k\u00f6y\u00fcne yak\u0131n ormanl\u0131k alanda yang\u0131n \u00e7\u0131kt\u0131. R\u00fczgar\u0131n etkisiyle yang\u0131n b\u00fcy\u00fcrken, vatanda\u015flar alevlere ilk m\u00fcdahaleyi yapt\u0131. Zorlu arazi \u015fartlar\u0131 nedeniyle yetersiz kalan vatanda\u015flar\u0131n ihbar\u0131 \u00fczerine b\u00f6lgeye ekipler sevk edildi. Ekiplerin yang\u0131n\u0131 s\u00f6nd\u00fcrme \u00e7al\u0131\u015fmalar\u0131 devam ediyor. 7.09.2025","og_url":"https:\/\/memurunsesi.net\/index.php\/2025\/09\/07\/semdinlide-ormanlik-alanda-korkutan-yangin\/","og_site_name":"Memurun Sesi","article_publisher":"https:\/\/www.facebook.com\/unipersen\/?locale=tr_TR","article_published_time":"2025-09-07T17:26:31+00:00","og_image":[{"width":1290,"height":1017,"url":"https:\/\/memurunsesi.net\/wp-content\/uploads\/2025\/09\/AW533331_01.jpg","type":"image\/jpeg"}],"author":"Memurun Sesi Haber Merkezi","twitter_card":"summary_large_image","twitter_creator":"@unipersen","twitter_site":"@unipersen","twitter_misc":{"Yazan:":"Memurun Sesi Haber Merkezi","Tahmini okuma s\u00fcresi":"1 dakika"},"schema":{"@context":"https:\/\/schema.org","@graph":[{"@type":"Article","@id":"https:\/\/memurunsesi.net\/index.php\/2025\/09\/07\/semdinlide-ormanlik-alanda-korkutan-yangin\/#article","isPartOf":{"@id":"https:\/\/memurunsesi.net\/index.php\/2025\/09\/07\/semdinlide-ormanlik-alanda-korkutan-yangin\/"},"author":{"name":"Memurun Sesi Haber Merkezi","@id":"https:\/\/memurunsesi.net\/#\/schema\/person\/f21c2d73b89f6ee1d80b0a1803e38587"},"headline":"\u015eemdinli\u2019de ormanl\u0131k alanda korkutan yang\u0131n","datePublished":"2025-09-07T17:26:31+00:00","mainEntityOfPage":{"@id":"https:\/\/memurunsesi.net\/index.php\/2025\/09\/07\/semdinlide-ormanlik-alanda-korkutan-yangin\/"},"wordCount":88,"commentCount":0,"publisher":{"@id":"https:\/\/memurunsesi.net\/#organization"},"image":{"@id":"https:\/\/memurunsesi.net\/index.php\/2025\/09\/07\/semdinlide-ormanlik-alanda-korkutan-yangin\/#primaryimage"},"thumbnailUrl":"https:\/\/memurunsesi.net\/wp-content\/uploads\/2025\/09\/AW533331_01.jpg","articleSection":["T\u00fcm Haberler"],"inLanguage":"tr","potentialAction":[{"@type":"CommentAction","name":"Comment","target":["https:\/\/memurunsesi.net\/index.php\/2025\/09\/07\/semdinlide-ormanlik-alanda-korkutan-yangin\/#respond"]}]},{"@type":"WebPage","@id":"https:\/\/memurunsesi.net\/index.php\/2025\/09\/07\/semdinlide-ormanlik-alanda-korkutan-yangin\/","url":"https:\/\/memurunsesi.net\/index.php\/2025\/09\/07\/semdinlide-ormanlik-alanda-korkutan-yangin\/","name":"\u015eemdinli\u2019de ormanl\u0131k alanda korkutan yang\u0131n - Memurun Sesi","isPartOf":{"@id":"https:\/\/memurunsesi.net\/#website"},"primaryImageOfPage":{"@id":"https:\/\/memurunsesi.net\/index.php\/2025\/09\/07\/semdinlide-ormanlik-alanda-korkutan-yangin\/#primaryimage"},"image":{"@id":"https:\/\/memurunsesi.net\/index.php\/2025\/09\/07\/semdinlide-ormanlik-alanda-korkutan-yangin\/#primaryimage"},"thumbnailUrl":"https:\/\/memurunsesi.net\/wp-content\/uploads\/2025\/09\/AW533331_01.jpg","datePublished":"2025-09-07T17:26:31+00:00","breadcrumb":{"@id":"https:\/\/memurunsesi.net\/index.php\/2025\/09\/07\/semdinlide-ormanlik-alanda-korkutan-yangin\/#breadcrumb"},"inLanguage":"tr","potentialAction":[{"@type":"ReadAction","target":["https:\/\/memurunsesi.net\/index.php\/2025\/09\/07\/semdinlide-ormanlik-alanda-korkutan-yangin\/"]}]},{"@type":"ImageObject","inLanguage":"tr","@id":"https:\/\/memurunsesi.net\/index.php\/2025\/09\/07\/semdinlide-ormanlik-alanda-korkutan-yangin\/#primaryimage","url":"https:\/\/memurunsesi.net\/wp-content\/uploads\/2025\/09\/AW533331_01.jpg","contentUrl":"https:\/\/memurunsesi.net\/wp-content\/uploads\/2025\/09\/AW533331_01.jpg","width":1290,"height":1017,"caption":"HAKKAR\u0130'N\u0130N \u015eEMD\u0130NL\u0130 \u0130L\u00c7ES\u0130NDE ORMANLIK ALANDA \u00c7IKAN YANGIN KORKUYA NEDEN OLURKEN, VATANDA\u015eLAR AC\u0130L YARDIM \u0130STED\u0130: \"YANGIN YERLE\u015e\u0130M YER\u0130NE YAKLA\u015eIYOR BEL\u0130RTT\u0130LER. (MET\u0130N TEK\/HAKKAR\u0130-\u0130HA) Hakkari'nin \u015eemdinli il\u00e7esinde ormanl\u0131k alanda \u00e7\u0131kan yang\u0131n korkuya neden olurken, ekiplerin yang\u0131na m\u00fcdahalesi s\u00fcr\u00fcyor."},{"@type":"BreadcrumbList","@id":"https:\/\/memurunsesi.net\/index.php\/2025\/09\/07\/semdinlide-ormanlik-alanda-korkutan-yangin\/#breadcrumb","itemListElement":[{"@type":"ListItem","position":1,"name":"Anasayfa","item":"https:\/\/memurunsesi.net\/"},{"@type":"ListItem","position":2,"name":"\u015eemdinli\u2019de ormanl\u0131k alanda korkutan yang\u0131n"}]},{"@type":"WebSite","@id":"https:\/\/memurunsesi.net\/#website","url":"https:\/\/memurunsesi.net\/","name":"Memurun Sesi","description":"G\u00fcncel ve Do\u011fru Haber","publisher":{"@id":"https:\/\/memurunsesi.net\/#organization"},"potentialAction":[{"@type":"SearchAction","target":{"@type":"EntryPoint","urlTemplate":"https:\/\/memurunsesi.net\/?s={search_term_string}"},"query-input":{"@type":"PropertyValueSpecification","valueRequired":true,"valueName":"search_term_string"}}],"inLanguage":"tr"},{"@type":"Organization","@id":"https:\/\/memurunsesi.net\/#organization","name":"Memurun Sesi","url":"https:\/\/memurunsesi.net\/","logo":{"@type":"ImageObject","inLanguage":"tr","@id":"https:\/\/memurunsesi.net\/#\/schema\/logo\/image\/","url":"https:\/\/memurunsesi.net\/wp-content\/uploads\/2025\/11\/cropped-MEMURUN-SESI.png","contentUrl":"https:\/\/memurunsesi.net\/wp-content\/uploads\/2025\/11\/cropped-MEMURUN-SESI.png","width":238,"height":57,"caption":"Memurun Sesi"},"image":{"@id":"https:\/\/memurunsesi.net\/#\/schema\/logo\/image\/"},"sameAs":["https:\/\/www.facebook.com\/unipersen\/?locale=tr_TR","https:\/\/x.com\/unipersen"]},{"@type":"Person","@id":"https:\/\/memurunsesi.net\/#\/schema\/person\/f21c2d73b89f6ee1d80b0a1803e38587","name":"Memurun Sesi Haber Merkezi","image":{"@type":"ImageObject","inLanguage":"tr","@id":"https:\/\/secure.gravatar.com\/avatar\/6cf0505f452ee753f485014986fab09a434671d2b919ee76fc541025c5876a70?s=96&d=mm&r=g","url":"https:\/\/secure.gravatar.com\/avatar\/6cf0505f452ee753f485014986fab09a434671d2b919ee76fc541025c5876a70?s=96&d=mm&r=g","contentUrl":"https:\/\/secure.gravatar.com\/avatar\/6cf0505f452ee753f485014986fab09a434671d2b919ee76fc541025c5876a70?s=96&d=mm&r=g","caption":"Memurun Sesi Haber Merkezi"},"sameAs":["https:\/\/memurunsesi.net"],"url":"https:\/\/memurunsesi.net\/index.php\/author\/uniper\/"}]}},"_links":{"self":[{"href":"https:\/\/memurunsesi.net\/index.php\/wp-json\/wp\/v2\/posts\/11398","targetHints":{"allow":["GET"]}}],"collection":[{"href":"https:\/\/memurunsesi.net\/index.php\/wp-json\/wp\/v2\/posts"}],"about":[{"href":"https:\/\/memurunsesi.net\/index.php\/wp-json\/wp\/v2\/types\/post"}],"author":[{"embeddable":true,"href":"https:\/\/memurunsesi.net\/index.php\/wp-json\/wp\/v2\/users\/1"}],"replies":[{"embeddable":true,"href":"https:\/\/memurunsesi.net\/index.php\/wp-json\/wp\/v2\/comments?post=11398"}],"version-history":[{"count":1,"href":"https:\/\/memurunsesi.net\/index.php\/wp-json\/wp\/v2\/posts\/11398\/revisions"}],"predecessor-version":[{"id":11400,"href":"https:\/\/memurunsesi.net\/index.php\/wp-json\/wp\/v2\/posts\/11398\/revisions\/11400"}],"wp:featuredmedia":[{"embeddable":true,"href":"https:\/\/memurunsesi.net\/index.php\/wp-json\/wp\/v2\/media\/11399"}],"wp:attachment":[{"href":"https:\/\/memurunsesi.net\/index.php\/wp-json\/wp\/v2\/media?parent=11398"}],"wp:term":[{"taxonomy":"category","embeddable":true,"href":"https:\/\/memurunsesi.net\/index.php\/wp-json\/wp\/v2\/categories?post=11398"},{"taxonomy":"post_tag","embeddable":true,"href":"https:\/\/memurunsesi.net\/index.php\/wp-json\/wp\/v2\/tags?post=11398"}],"curies":[{"name":"wp","href":"https:\/\/api.w.org\/{rel}","templated":true}]}}