{"id":11401,"date":"2025-09-07T20:27:52","date_gmt":"2025-09-07T17:27:52","guid":{"rendered":"https:\/\/memurunsesi.net\/?p=11401"},"modified":"2025-09-07T20:27:52","modified_gmt":"2025-09-07T17:27:52","slug":"corumda-takla-atan-otomobil-hurdaya-dondu-3-yarali","status":"publish","type":"post","link":"https:\/\/memurunsesi.net\/index.php\/2025\/09\/07\/corumda-takla-atan-otomobil-hurdaya-dondu-3-yarali\/","title":{"rendered":"\u00c7orum\u2019da takla atan otomobil hurdaya d\u00f6nd\u00fc: 3 yaral\u0131"},"content":{"rendered":"<p>   \u00c7orum\u2019un Sungurlu il\u00e7esinde bariyerlere \u00e7arparak takla atan otomobilin kullan\u0131lmaz hale geldi\u011fi kazada 2\u2019si a\u011f\u0131r 3 ki\u015fi yaraland\u0131.<br \/>\n  Kaza, \u00c7orum-Ankara karayolunda meydana geldi. Edinilen bilgiye g\u00f6re, Bekta\u015f G. idaresindeki 06 AP 7761 plakal\u0131 Fiat marka otomobil, s\u00fcr\u00fcc\u00fcs\u00fcn\u00fcn direksiyon hakimiyetini kaybetmesi neticesinde bariyerlere \u00e7arparak takla att\u0131. Kazada kullan\u0131lmaz hale gelen otomobilin s\u00fcr\u00fcc\u00fcs\u00fc ile ara\u00e7ta bulunan Birsen G. ve Zeynep A. ara\u00e7ta s\u0131k\u0131\u015farak yaraland\u0131.<br \/>\n  Kazay\u0131 g\u00f6ren vatanda\u015flar durumu 112 Acil \u00c7a\u011fr\u0131 Merkezine bildirdi. \u0130hbar \u00fczerine olay yerine sa\u011fl\u0131k, jandarma ve itfaiye ekipleri sevk edildi. Olay yerine gelen itfaiye ekipleri taraf\u0131ndan ara\u00e7tan \u00e7\u0131kart\u0131lan yaral\u0131lar, ilk m\u00fcdahalelerinin ard\u0131ndan Sungurlu Devlet Hastanesine kald\u0131r\u0131ld\u0131. Tedavi alt\u0131na al\u0131nan yaral\u0131lardan ikisinin hayati tehlikesinin oldu\u011fu \u00f6\u011frenildi.<br \/>\n  Jandarma ekipleri kazayla ilgili inceleme ba\u015flatt\u0131. <\/p>\n<p>7.09.2025                                 <\/p>\n","protected":false},"excerpt":{"rendered":"<p>\u00c7orum\u2019un Sungurlu il\u00e7esinde bariyerlere \u00e7arparak takla atan otomobilin kullan\u0131lmaz hale geldi\u011fi kazada 2\u2019si a\u011f\u0131r 3 ki\u015fi yaraland\u0131. Kaza, \u00c7orum-Ankara karayolunda meydana geldi. Edinilen bilgiye g\u00f6re, Bekta\u015f G. idaresindeki 06 AP 7761 plakal\u0131 Fiat marka otomobil, s\u00fcr\u00fcc\u00fcs\u00fcn\u00fcn direksiyon hakimiyetini kaybetmesi neticesinde bariyerlere \u00e7arparak takla att\u0131. Kazada kullan\u0131lmaz hale gelen otomobilin s\u00fcr\u00fcc\u00fcs\u00fc ile ara\u00e7ta bulunan Birsen G. [&hellip;]<\/p>\n","protected":false},"author":1,"featured_media":11402,"comment_status":"open","ping_status":"open","sticky":false,"template":"","format":"standard","meta":{"footnotes":""},"categories":[45],"tags":[],"class_list":["post-11401","post","type-post","status-publish","format-standard","has-post-thumbnail","hentry","category-gundem"],"yoast_head":"<!-- This site is optimized with the Yoast SEO plugin v27.4 - https:\/\/yoast.com\/product\/yoast-seo-wordpress\/ -->\n<title>\u00c7orum\u2019da takla atan otomobil hurdaya d\u00f6nd\u00fc: 3 yaral\u0131 - Memurun Sesi<\/title>\n<meta name=\"robots\" content=\"index, follow, max-snippet:-1, max-image-preview:large, max-video-preview:-1\" \/>\n<link rel=\"canonical\" href=\"https:\/\/memurunsesi.net\/index.php\/2025\/09\/07\/corumda-takla-atan-otomobil-hurdaya-dondu-3-yarali\/\" \/>\n<meta property=\"og:locale\" content=\"tr_TR\" \/>\n<meta property=\"og:type\" content=\"article\" \/>\n<meta property=\"og:title\" content=\"\u00c7orum\u2019da takla atan otomobil hurdaya d\u00f6nd\u00fc: 3 yaral\u0131 - Memurun Sesi\" \/>\n<meta property=\"og:description\" content=\"\u00c7orum\u2019un Sungurlu il\u00e7esinde bariyerlere \u00e7arparak takla atan otomobilin kullan\u0131lmaz hale geldi\u011fi kazada 2\u2019si a\u011f\u0131r 3 ki\u015fi yaraland\u0131. Kaza, \u00c7orum-Ankara karayolunda meydana geldi. Edinilen bilgiye g\u00f6re, Bekta\u015f G. idaresindeki 06 AP 7761 plakal\u0131 Fiat marka otomobil, s\u00fcr\u00fcc\u00fcs\u00fcn\u00fcn direksiyon hakimiyetini kaybetmesi neticesinde bariyerlere \u00e7arparak takla att\u0131. Kazada kullan\u0131lmaz hale gelen otomobilin s\u00fcr\u00fcc\u00fcs\u00fc ile ara\u00e7ta bulunan Birsen G. [&hellip;]\" \/>\n<meta property=\"og:url\" content=\"https:\/\/memurunsesi.net\/index.php\/2025\/09\/07\/corumda-takla-atan-otomobil-hurdaya-dondu-3-yarali\/\" \/>\n<meta property=\"og:site_name\" content=\"Memurun Sesi\" \/>\n<meta property=\"article:publisher\" content=\"https:\/\/www.facebook.com\/unipersen\/?locale=tr_TR\" \/>\n<meta property=\"article:published_time\" content=\"2025-09-07T17:27:52+00:00\" \/>\n<meta property=\"og:image\" content=\"https:\/\/memurunsesi.net\/wp-content\/uploads\/2025\/09\/AW533327_01.jpg\" \/>\n\t<meta property=\"og:image:width\" content=\"1600\" \/>\n\t<meta property=\"og:image:height\" content=\"1200\" \/>\n\t<meta property=\"og:image:type\" content=\"image\/jpeg\" \/>\n<meta name=\"author\" content=\"Memurun Sesi Haber Merkezi\" \/>\n<meta name=\"twitter:card\" content=\"summary_large_image\" \/>\n<meta name=\"twitter:creator\" content=\"@unipersen\" \/>\n<meta name=\"twitter:site\" content=\"@unipersen\" \/>\n<meta name=\"twitter:label1\" content=\"Yazan:\" \/>\n\t<meta name=\"twitter:data1\" content=\"Memurun Sesi Haber Merkezi\" \/>\n\t<meta name=\"twitter:label2\" content=\"Tahmini okuma s\u00fcresi\" \/>\n\t<meta name=\"twitter:data2\" content=\"1 dakika\" \/>\n<script type=\"application\/ld+json\" class=\"yoast-schema-graph\">{\"@context\":\"https:\\\/\\\/schema.org\",\"@graph\":[{\"@type\":\"Article\",\"@id\":\"https:\\\/\\\/memurunsesi.net\\\/index.php\\\/2025\\\/09\\\/07\\\/corumda-takla-atan-otomobil-hurdaya-dondu-3-yarali\\\/#article\",\"isPartOf\":{\"@id\":\"https:\\\/\\\/memurunsesi.net\\\/index.php\\\/2025\\\/09\\\/07\\\/corumda-takla-atan-otomobil-hurdaya-dondu-3-yarali\\\/\"},\"author\":{\"name\":\"Memurun Sesi Haber Merkezi\",\"@id\":\"https:\\\/\\\/memurunsesi.net\\\/#\\\/schema\\\/person\\\/f21c2d73b89f6ee1d80b0a1803e38587\"},\"headline\":\"\u00c7orum\u2019da takla atan otomobil hurdaya d\u00f6nd\u00fc: 3 yaral\u0131\",\"datePublished\":\"2025-09-07T17:27:52+00:00\",\"mainEntityOfPage\":{\"@id\":\"https:\\\/\\\/memurunsesi.net\\\/index.php\\\/2025\\\/09\\\/07\\\/corumda-takla-atan-otomobil-hurdaya-dondu-3-yarali\\\/\"},\"wordCount\":155,\"commentCount\":0,\"publisher\":{\"@id\":\"https:\\\/\\\/memurunsesi.net\\\/#organization\"},\"image\":{\"@id\":\"https:\\\/\\\/memurunsesi.net\\\/index.php\\\/2025\\\/09\\\/07\\\/corumda-takla-atan-otomobil-hurdaya-dondu-3-yarali\\\/#primaryimage\"},\"thumbnailUrl\":\"https:\\\/\\\/memurunsesi.net\\\/wp-content\\\/uploads\\\/2025\\\/09\\\/AW533327_01.jpg\",\"articleSection\":[\"G\u00fcndem\"],\"inLanguage\":\"tr\",\"potentialAction\":[{\"@type\":\"CommentAction\",\"name\":\"Comment\",\"target\":[\"https:\\\/\\\/memurunsesi.net\\\/index.php\\\/2025\\\/09\\\/07\\\/corumda-takla-atan-otomobil-hurdaya-dondu-3-yarali\\\/#respond\"]}]},{\"@type\":\"WebPage\",\"@id\":\"https:\\\/\\\/memurunsesi.net\\\/index.php\\\/2025\\\/09\\\/07\\\/corumda-takla-atan-otomobil-hurdaya-dondu-3-yarali\\\/\",\"url\":\"https:\\\/\\\/memurunsesi.net\\\/index.php\\\/2025\\\/09\\\/07\\\/corumda-takla-atan-otomobil-hurdaya-dondu-3-yarali\\\/\",\"name\":\"\u00c7orum\u2019da takla atan otomobil hurdaya d\u00f6nd\u00fc: 3 yaral\u0131 - Memurun Sesi\",\"isPartOf\":{\"@id\":\"https:\\\/\\\/memurunsesi.net\\\/#website\"},\"primaryImageOfPage\":{\"@id\":\"https:\\\/\\\/memurunsesi.net\\\/index.php\\\/2025\\\/09\\\/07\\\/corumda-takla-atan-otomobil-hurdaya-dondu-3-yarali\\\/#primaryimage\"},\"image\":{\"@id\":\"https:\\\/\\\/memurunsesi.net\\\/index.php\\\/2025\\\/09\\\/07\\\/corumda-takla-atan-otomobil-hurdaya-dondu-3-yarali\\\/#primaryimage\"},\"thumbnailUrl\":\"https:\\\/\\\/memurunsesi.net\\\/wp-content\\\/uploads\\\/2025\\\/09\\\/AW533327_01.jpg\",\"datePublished\":\"2025-09-07T17:27:52+00:00\",\"breadcrumb\":{\"@id\":\"https:\\\/\\\/memurunsesi.net\\\/index.php\\\/2025\\\/09\\\/07\\\/corumda-takla-atan-otomobil-hurdaya-dondu-3-yarali\\\/#breadcrumb\"},\"inLanguage\":\"tr\",\"potentialAction\":[{\"@type\":\"ReadAction\",\"target\":[\"https:\\\/\\\/memurunsesi.net\\\/index.php\\\/2025\\\/09\\\/07\\\/corumda-takla-atan-otomobil-hurdaya-dondu-3-yarali\\\/\"]}]},{\"@type\":\"ImageObject\",\"inLanguage\":\"tr\",\"@id\":\"https:\\\/\\\/memurunsesi.net\\\/index.php\\\/2025\\\/09\\\/07\\\/corumda-takla-atan-otomobil-hurdaya-dondu-3-yarali\\\/#primaryimage\",\"url\":\"https:\\\/\\\/memurunsesi.net\\\/wp-content\\\/uploads\\\/2025\\\/09\\\/AW533327_01.jpg\",\"contentUrl\":\"https:\\\/\\\/memurunsesi.net\\\/wp-content\\\/uploads\\\/2025\\\/09\\\/AW533327_01.jpg\",\"width\":1600,\"height\":1200,\"caption\":\"\u00c7ORUM'UN SUNGURLU \u0130L\u00c7ES\u0130NDE BAR\u0130YERLERE \u00c7ARPARAK TAKLA ATAN OTOMOB\u0130L\u0130N KULLANILMAZ HALE GELD\u0130\u011e\u0130 KAZADA 2'S\u0130 A\u011eIR 3 K\u0130\u015e\u0130 YARALANDI. (K\u00dcR\u015eAT KALINSAZLIO\u011eLU\\\/\u00c7ORUM-\u0130HA) \u00c7orum'un Sungurlu il\u00e7esinde bariyerlere \u00e7arparak takla atan otomobilin kullan\u0131lmaz hale geldi\u011fi kazada 2'si a\u011f\u0131r 3 ki\u015fi yaraland\u0131.\"},{\"@type\":\"BreadcrumbList\",\"@id\":\"https:\\\/\\\/memurunsesi.net\\\/index.php\\\/2025\\\/09\\\/07\\\/corumda-takla-atan-otomobil-hurdaya-dondu-3-yarali\\\/#breadcrumb\",\"itemListElement\":[{\"@type\":\"ListItem\",\"position\":1,\"name\":\"Anasayfa\",\"item\":\"https:\\\/\\\/memurunsesi.net\\\/\"},{\"@type\":\"ListItem\",\"position\":2,\"name\":\"\u00c7orum\u2019da takla atan otomobil hurdaya d\u00f6nd\u00fc: 3 yaral\u0131\"}]},{\"@type\":\"WebSite\",\"@id\":\"https:\\\/\\\/memurunsesi.net\\\/#website\",\"url\":\"https:\\\/\\\/memurunsesi.net\\\/\",\"name\":\"Memurun Sesi\",\"description\":\"G\u00fcncel ve Do\u011fru Haber\",\"publisher\":{\"@id\":\"https:\\\/\\\/memurunsesi.net\\\/#organization\"},\"potentialAction\":[{\"@type\":\"SearchAction\",\"target\":{\"@type\":\"EntryPoint\",\"urlTemplate\":\"https:\\\/\\\/memurunsesi.net\\\/?s={search_term_string}\"},\"query-input\":{\"@type\":\"PropertyValueSpecification\",\"valueRequired\":true,\"valueName\":\"search_term_string\"}}],\"inLanguage\":\"tr\"},{\"@type\":\"Organization\",\"@id\":\"https:\\\/\\\/memurunsesi.net\\\/#organization\",\"name\":\"Memurun Sesi\",\"url\":\"https:\\\/\\\/memurunsesi.net\\\/\",\"logo\":{\"@type\":\"ImageObject\",\"inLanguage\":\"tr\",\"@id\":\"https:\\\/\\\/memurunsesi.net\\\/#\\\/schema\\\/logo\\\/image\\\/\",\"url\":\"https:\\\/\\\/memurunsesi.net\\\/wp-content\\\/uploads\\\/2025\\\/11\\\/cropped-MEMURUN-SESI.png\",\"contentUrl\":\"https:\\\/\\\/memurunsesi.net\\\/wp-content\\\/uploads\\\/2025\\\/11\\\/cropped-MEMURUN-SESI.png\",\"width\":238,\"height\":57,\"caption\":\"Memurun Sesi\"},\"image\":{\"@id\":\"https:\\\/\\\/memurunsesi.net\\\/#\\\/schema\\\/logo\\\/image\\\/\"},\"sameAs\":[\"https:\\\/\\\/www.facebook.com\\\/unipersen\\\/?locale=tr_TR\",\"https:\\\/\\\/x.com\\\/unipersen\"]},{\"@type\":\"Person\",\"@id\":\"https:\\\/\\\/memurunsesi.net\\\/#\\\/schema\\\/person\\\/f21c2d73b89f6ee1d80b0a1803e38587\",\"name\":\"Memurun Sesi Haber Merkezi\",\"image\":{\"@type\":\"ImageObject\",\"inLanguage\":\"tr\",\"@id\":\"https:\\\/\\\/secure.gravatar.com\\\/avatar\\\/6cf0505f452ee753f485014986fab09a434671d2b919ee76fc541025c5876a70?s=96&d=mm&r=g\",\"url\":\"https:\\\/\\\/secure.gravatar.com\\\/avatar\\\/6cf0505f452ee753f485014986fab09a434671d2b919ee76fc541025c5876a70?s=96&d=mm&r=g\",\"contentUrl\":\"https:\\\/\\\/secure.gravatar.com\\\/avatar\\\/6cf0505f452ee753f485014986fab09a434671d2b919ee76fc541025c5876a70?s=96&d=mm&r=g\",\"caption\":\"Memurun Sesi Haber Merkezi\"},\"sameAs\":[\"https:\\\/\\\/memurunsesi.net\"],\"url\":\"https:\\\/\\\/memurunsesi.net\\\/index.php\\\/author\\\/uniper\\\/\"}]}<\/script>\n<!-- \/ Yoast SEO plugin. -->","yoast_head_json":{"title":"\u00c7orum\u2019da takla atan otomobil hurdaya d\u00f6nd\u00fc: 3 yaral\u0131 - Memurun Sesi","robots":{"index":"index","follow":"follow","max-snippet":"max-snippet:-1","max-image-preview":"max-image-preview:large","max-video-preview":"max-video-preview:-1"},"canonical":"https:\/\/memurunsesi.net\/index.php\/2025\/09\/07\/corumda-takla-atan-otomobil-hurdaya-dondu-3-yarali\/","og_locale":"tr_TR","og_type":"article","og_title":"\u00c7orum\u2019da takla atan otomobil hurdaya d\u00f6nd\u00fc: 3 yaral\u0131 - Memurun Sesi","og_description":"\u00c7orum\u2019un Sungurlu il\u00e7esinde bariyerlere \u00e7arparak takla atan otomobilin kullan\u0131lmaz hale geldi\u011fi kazada 2\u2019si a\u011f\u0131r 3 ki\u015fi yaraland\u0131. Kaza, \u00c7orum-Ankara karayolunda meydana geldi. Edinilen bilgiye g\u00f6re, Bekta\u015f G. idaresindeki 06 AP 7761 plakal\u0131 Fiat marka otomobil, s\u00fcr\u00fcc\u00fcs\u00fcn\u00fcn direksiyon hakimiyetini kaybetmesi neticesinde bariyerlere \u00e7arparak takla att\u0131. Kazada kullan\u0131lmaz hale gelen otomobilin s\u00fcr\u00fcc\u00fcs\u00fc ile ara\u00e7ta bulunan Birsen G. [&hellip;]","og_url":"https:\/\/memurunsesi.net\/index.php\/2025\/09\/07\/corumda-takla-atan-otomobil-hurdaya-dondu-3-yarali\/","og_site_name":"Memurun Sesi","article_publisher":"https:\/\/www.facebook.com\/unipersen\/?locale=tr_TR","article_published_time":"2025-09-07T17:27:52+00:00","og_image":[{"width":1600,"height":1200,"url":"https:\/\/memurunsesi.net\/wp-content\/uploads\/2025\/09\/AW533327_01.jpg","type":"image\/jpeg"}],"author":"Memurun Sesi Haber Merkezi","twitter_card":"summary_large_image","twitter_creator":"@unipersen","twitter_site":"@unipersen","twitter_misc":{"Yazan:":"Memurun Sesi Haber Merkezi","Tahmini okuma s\u00fcresi":"1 dakika"},"schema":{"@context":"https:\/\/schema.org","@graph":[{"@type":"Article","@id":"https:\/\/memurunsesi.net\/index.php\/2025\/09\/07\/corumda-takla-atan-otomobil-hurdaya-dondu-3-yarali\/#article","isPartOf":{"@id":"https:\/\/memurunsesi.net\/index.php\/2025\/09\/07\/corumda-takla-atan-otomobil-hurdaya-dondu-3-yarali\/"},"author":{"name":"Memurun Sesi Haber Merkezi","@id":"https:\/\/memurunsesi.net\/#\/schema\/person\/f21c2d73b89f6ee1d80b0a1803e38587"},"headline":"\u00c7orum\u2019da takla atan otomobil hurdaya d\u00f6nd\u00fc: 3 yaral\u0131","datePublished":"2025-09-07T17:27:52+00:00","mainEntityOfPage":{"@id":"https:\/\/memurunsesi.net\/index.php\/2025\/09\/07\/corumda-takla-atan-otomobil-hurdaya-dondu-3-yarali\/"},"wordCount":155,"commentCount":0,"publisher":{"@id":"https:\/\/memurunsesi.net\/#organization"},"image":{"@id":"https:\/\/memurunsesi.net\/index.php\/2025\/09\/07\/corumda-takla-atan-otomobil-hurdaya-dondu-3-yarali\/#primaryimage"},"thumbnailUrl":"https:\/\/memurunsesi.net\/wp-content\/uploads\/2025\/09\/AW533327_01.jpg","articleSection":["G\u00fcndem"],"inLanguage":"tr","potentialAction":[{"@type":"CommentAction","name":"Comment","target":["https:\/\/memurunsesi.net\/index.php\/2025\/09\/07\/corumda-takla-atan-otomobil-hurdaya-dondu-3-yarali\/#respond"]}]},{"@type":"WebPage","@id":"https:\/\/memurunsesi.net\/index.php\/2025\/09\/07\/corumda-takla-atan-otomobil-hurdaya-dondu-3-yarali\/","url":"https:\/\/memurunsesi.net\/index.php\/2025\/09\/07\/corumda-takla-atan-otomobil-hurdaya-dondu-3-yarali\/","name":"\u00c7orum\u2019da takla atan otomobil hurdaya d\u00f6nd\u00fc: 3 yaral\u0131 - Memurun Sesi","isPartOf":{"@id":"https:\/\/memurunsesi.net\/#website"},"primaryImageOfPage":{"@id":"https:\/\/memurunsesi.net\/index.php\/2025\/09\/07\/corumda-takla-atan-otomobil-hurdaya-dondu-3-yarali\/#primaryimage"},"image":{"@id":"https:\/\/memurunsesi.net\/index.php\/2025\/09\/07\/corumda-takla-atan-otomobil-hurdaya-dondu-3-yarali\/#primaryimage"},"thumbnailUrl":"https:\/\/memurunsesi.net\/wp-content\/uploads\/2025\/09\/AW533327_01.jpg","datePublished":"2025-09-07T17:27:52+00:00","breadcrumb":{"@id":"https:\/\/memurunsesi.net\/index.php\/2025\/09\/07\/corumda-takla-atan-otomobil-hurdaya-dondu-3-yarali\/#breadcrumb"},"inLanguage":"tr","potentialAction":[{"@type":"ReadAction","target":["https:\/\/memurunsesi.net\/index.php\/2025\/09\/07\/corumda-takla-atan-otomobil-hurdaya-dondu-3-yarali\/"]}]},{"@type":"ImageObject","inLanguage":"tr","@id":"https:\/\/memurunsesi.net\/index.php\/2025\/09\/07\/corumda-takla-atan-otomobil-hurdaya-dondu-3-yarali\/#primaryimage","url":"https:\/\/memurunsesi.net\/wp-content\/uploads\/2025\/09\/AW533327_01.jpg","contentUrl":"https:\/\/memurunsesi.net\/wp-content\/uploads\/2025\/09\/AW533327_01.jpg","width":1600,"height":1200,"caption":"\u00c7ORUM'UN SUNGURLU \u0130L\u00c7ES\u0130NDE BAR\u0130YERLERE \u00c7ARPARAK TAKLA ATAN OTOMOB\u0130L\u0130N KULLANILMAZ HALE GELD\u0130\u011e\u0130 KAZADA 2'S\u0130 A\u011eIR 3 K\u0130\u015e\u0130 YARALANDI. (K\u00dcR\u015eAT KALINSAZLIO\u011eLU\/\u00c7ORUM-\u0130HA) \u00c7orum'un Sungurlu il\u00e7esinde bariyerlere \u00e7arparak takla atan otomobilin kullan\u0131lmaz hale geldi\u011fi kazada 2'si a\u011f\u0131r 3 ki\u015fi yaraland\u0131."},{"@type":"BreadcrumbList","@id":"https:\/\/memurunsesi.net\/index.php\/2025\/09\/07\/corumda-takla-atan-otomobil-hurdaya-dondu-3-yarali\/#breadcrumb","itemListElement":[{"@type":"ListItem","position":1,"name":"Anasayfa","item":"https:\/\/memurunsesi.net\/"},{"@type":"ListItem","position":2,"name":"\u00c7orum\u2019da takla atan otomobil hurdaya d\u00f6nd\u00fc: 3 yaral\u0131"}]},{"@type":"WebSite","@id":"https:\/\/memurunsesi.net\/#website","url":"https:\/\/memurunsesi.net\/","name":"Memurun Sesi","description":"G\u00fcncel ve Do\u011fru Haber","publisher":{"@id":"https:\/\/memurunsesi.net\/#organization"},"potentialAction":[{"@type":"SearchAction","target":{"@type":"EntryPoint","urlTemplate":"https:\/\/memurunsesi.net\/?s={search_term_string}"},"query-input":{"@type":"PropertyValueSpecification","valueRequired":true,"valueName":"search_term_string"}}],"inLanguage":"tr"},{"@type":"Organization","@id":"https:\/\/memurunsesi.net\/#organization","name":"Memurun Sesi","url":"https:\/\/memurunsesi.net\/","logo":{"@type":"ImageObject","inLanguage":"tr","@id":"https:\/\/memurunsesi.net\/#\/schema\/logo\/image\/","url":"https:\/\/memurunsesi.net\/wp-content\/uploads\/2025\/11\/cropped-MEMURUN-SESI.png","contentUrl":"https:\/\/memurunsesi.net\/wp-content\/uploads\/2025\/11\/cropped-MEMURUN-SESI.png","width":238,"height":57,"caption":"Memurun Sesi"},"image":{"@id":"https:\/\/memurunsesi.net\/#\/schema\/logo\/image\/"},"sameAs":["https:\/\/www.facebook.com\/unipersen\/?locale=tr_TR","https:\/\/x.com\/unipersen"]},{"@type":"Person","@id":"https:\/\/memurunsesi.net\/#\/schema\/person\/f21c2d73b89f6ee1d80b0a1803e38587","name":"Memurun Sesi Haber Merkezi","image":{"@type":"ImageObject","inLanguage":"tr","@id":"https:\/\/secure.gravatar.com\/avatar\/6cf0505f452ee753f485014986fab09a434671d2b919ee76fc541025c5876a70?s=96&d=mm&r=g","url":"https:\/\/secure.gravatar.com\/avatar\/6cf0505f452ee753f485014986fab09a434671d2b919ee76fc541025c5876a70?s=96&d=mm&r=g","contentUrl":"https:\/\/secure.gravatar.com\/avatar\/6cf0505f452ee753f485014986fab09a434671d2b919ee76fc541025c5876a70?s=96&d=mm&r=g","caption":"Memurun Sesi Haber Merkezi"},"sameAs":["https:\/\/memurunsesi.net"],"url":"https:\/\/memurunsesi.net\/index.php\/author\/uniper\/"}]}},"_links":{"self":[{"href":"https:\/\/memurunsesi.net\/index.php\/wp-json\/wp\/v2\/posts\/11401","targetHints":{"allow":["GET"]}}],"collection":[{"href":"https:\/\/memurunsesi.net\/index.php\/wp-json\/wp\/v2\/posts"}],"about":[{"href":"https:\/\/memurunsesi.net\/index.php\/wp-json\/wp\/v2\/types\/post"}],"author":[{"embeddable":true,"href":"https:\/\/memurunsesi.net\/index.php\/wp-json\/wp\/v2\/users\/1"}],"replies":[{"embeddable":true,"href":"https:\/\/memurunsesi.net\/index.php\/wp-json\/wp\/v2\/comments?post=11401"}],"version-history":[{"count":1,"href":"https:\/\/memurunsesi.net\/index.php\/wp-json\/wp\/v2\/posts\/11401\/revisions"}],"predecessor-version":[{"id":11403,"href":"https:\/\/memurunsesi.net\/index.php\/wp-json\/wp\/v2\/posts\/11401\/revisions\/11403"}],"wp:featuredmedia":[{"embeddable":true,"href":"https:\/\/memurunsesi.net\/index.php\/wp-json\/wp\/v2\/media\/11402"}],"wp:attachment":[{"href":"https:\/\/memurunsesi.net\/index.php\/wp-json\/wp\/v2\/media?parent=11401"}],"wp:term":[{"taxonomy":"category","embeddable":true,"href":"https:\/\/memurunsesi.net\/index.php\/wp-json\/wp\/v2\/categories?post=11401"},{"taxonomy":"post_tag","embeddable":true,"href":"https:\/\/memurunsesi.net\/index.php\/wp-json\/wp\/v2\/tags?post=11401"}],"curies":[{"name":"wp","href":"https:\/\/api.w.org\/{rel}","templated":true}]}}