{"id":11404,"date":"2025-09-07T20:29:54","date_gmt":"2025-09-07T17:29:54","guid":{"rendered":"https:\/\/memurunsesi.net\/?p=11404"},"modified":"2025-09-07T20:29:54","modified_gmt":"2025-09-07T17:29:54","slug":"ambulans-kovalayan-baba-ogul-tutuklandi","status":"publish","type":"post","link":"https:\/\/memurunsesi.net\/index.php\/2025\/09\/07\/ambulans-kovalayan-baba-ogul-tutuklandi\/","title":{"rendered":"Ambulans kovalayan baba-o\u011ful tutukland\u0131"},"content":{"rendered":"<p>   Eski\u015fehir\u2019de ambulans\u0131 kilometrelerce kovalayan baba-o\u011ful \u00e7\u0131kar\u0131ld\u0131klar\u0131 mahkemece tutukland\u0131.<br \/>\nEski\u015fehir\u2019de d\u00fcn gece saatlerinde otomobilleriyle kilometrelerce ambulans kovalayan Y.F.K. ve babas\u0131 T.K. sa\u011fl\u0131k g\u00f6revlilerinin can g\u00fcvenli\u011fini tehlikeye atm\u0131\u015ft\u0131. Odunpazar\u0131 il\u00e7esi Yenikent Mahallesi\u2019nde bulunan Eski\u015fehir Ambulans Servisi Ba\u015fhekimli\u011fi\u2019ne s\u0131\u011f\u0131nan sa\u011fl\u0131k g\u00f6revlilerini kurumun i\u00e7erisine girerek takip eden ve olay yerine 1 minib\u00fcs arkada\u015flar\u0131n\u0131 \u00e7a\u011f\u0131ran \u015fah\u0131slar, polis taraf\u0131ndan g\u00f6zalt\u0131na al\u0131nm\u0131\u015ft\u0131.<br \/>\n  Baba-o\u011ful emniyetteki i\u015flemelerinin ard\u0131ndan ters kelep\u00e7eli bir \u015fekilde adliyeye sevk edildi. Tehdit, trafik g\u00fcvenli\u011fini tehlikeye sokmak Yusuf Furkan K. ve babas\u0131 Tar\u0131k K. tehdit ve trafik g\u00fcvenli\u011fini tehlikeye sokmak su\u00e7lar\u0131ndan sevk edildikleri mahkemece tutuklanarak cezaevine g\u00f6nderildi. <\/p>\n<p>7.09.2025                                 <\/p>\n","protected":false},"excerpt":{"rendered":"<p>Eski\u015fehir\u2019de ambulans\u0131 kilometrelerce kovalayan baba-o\u011ful \u00e7\u0131kar\u0131ld\u0131klar\u0131 mahkemece tutukland\u0131. Eski\u015fehir\u2019de d\u00fcn gece saatlerinde otomobilleriyle kilometrelerce ambulans kovalayan Y.F.K. ve babas\u0131 T.K. sa\u011fl\u0131k g\u00f6revlilerinin can g\u00fcvenli\u011fini tehlikeye atm\u0131\u015ft\u0131. Odunpazar\u0131 il\u00e7esi Yenikent Mahallesi\u2019nde bulunan Eski\u015fehir Ambulans Servisi Ba\u015fhekimli\u011fi\u2019ne s\u0131\u011f\u0131nan sa\u011fl\u0131k g\u00f6revlilerini kurumun i\u00e7erisine girerek takip eden ve olay yerine 1 minib\u00fcs arkada\u015flar\u0131n\u0131 \u00e7a\u011f\u0131ran \u015fah\u0131slar, polis taraf\u0131ndan g\u00f6zalt\u0131na al\u0131nm\u0131\u015ft\u0131. [&hellip;]<\/p>\n","protected":false},"author":1,"featured_media":11405,"comment_status":"open","ping_status":"open","sticky":false,"template":"","format":"standard","meta":{"footnotes":""},"categories":[45],"tags":[],"class_list":["post-11404","post","type-post","status-publish","format-standard","has-post-thumbnail","hentry","category-gundem"],"yoast_head":"<!-- This site is optimized with the Yoast SEO plugin v27.4 - https:\/\/yoast.com\/product\/yoast-seo-wordpress\/ -->\n<title>Ambulans kovalayan baba-o\u011ful tutukland\u0131 - Memurun Sesi<\/title>\n<meta name=\"robots\" content=\"index, follow, max-snippet:-1, max-image-preview:large, max-video-preview:-1\" \/>\n<link rel=\"canonical\" href=\"https:\/\/memurunsesi.net\/index.php\/2025\/09\/07\/ambulans-kovalayan-baba-ogul-tutuklandi\/\" \/>\n<meta property=\"og:locale\" content=\"tr_TR\" \/>\n<meta property=\"og:type\" content=\"article\" \/>\n<meta property=\"og:title\" content=\"Ambulans kovalayan baba-o\u011ful tutukland\u0131 - Memurun Sesi\" \/>\n<meta property=\"og:description\" content=\"Eski\u015fehir\u2019de ambulans\u0131 kilometrelerce kovalayan baba-o\u011ful \u00e7\u0131kar\u0131ld\u0131klar\u0131 mahkemece tutukland\u0131. Eski\u015fehir\u2019de d\u00fcn gece saatlerinde otomobilleriyle kilometrelerce ambulans kovalayan Y.F.K. ve babas\u0131 T.K. sa\u011fl\u0131k g\u00f6revlilerinin can g\u00fcvenli\u011fini tehlikeye atm\u0131\u015ft\u0131. Odunpazar\u0131 il\u00e7esi Yenikent Mahallesi\u2019nde bulunan Eski\u015fehir Ambulans Servisi Ba\u015fhekimli\u011fi\u2019ne s\u0131\u011f\u0131nan sa\u011fl\u0131k g\u00f6revlilerini kurumun i\u00e7erisine girerek takip eden ve olay yerine 1 minib\u00fcs arkada\u015flar\u0131n\u0131 \u00e7a\u011f\u0131ran \u015fah\u0131slar, polis taraf\u0131ndan g\u00f6zalt\u0131na al\u0131nm\u0131\u015ft\u0131. [&hellip;]\" \/>\n<meta property=\"og:url\" content=\"https:\/\/memurunsesi.net\/index.php\/2025\/09\/07\/ambulans-kovalayan-baba-ogul-tutuklandi\/\" \/>\n<meta property=\"og:site_name\" content=\"Memurun Sesi\" \/>\n<meta property=\"article:publisher\" content=\"https:\/\/www.facebook.com\/unipersen\/?locale=tr_TR\" \/>\n<meta property=\"article:published_time\" content=\"2025-09-07T17:29:54+00:00\" \/>\n<meta property=\"og:image\" content=\"https:\/\/memurunsesi.net\/wp-content\/uploads\/2025\/09\/AW533325_01-scaled.jpg\" \/>\n\t<meta property=\"og:image:width\" content=\"2560\" \/>\n\t<meta property=\"og:image:height\" content=\"1440\" \/>\n\t<meta property=\"og:image:type\" content=\"image\/jpeg\" \/>\n<meta name=\"author\" content=\"Memurun Sesi Haber Merkezi\" \/>\n<meta name=\"twitter:card\" content=\"summary_large_image\" \/>\n<meta name=\"twitter:creator\" content=\"@unipersen\" \/>\n<meta name=\"twitter:site\" content=\"@unipersen\" \/>\n<meta name=\"twitter:label1\" content=\"Yazan:\" \/>\n\t<meta name=\"twitter:data1\" content=\"Memurun Sesi Haber Merkezi\" \/>\n\t<meta name=\"twitter:label2\" content=\"Tahmini okuma s\u00fcresi\" \/>\n\t<meta name=\"twitter:data2\" content=\"1 dakika\" \/>\n<script type=\"application\/ld+json\" class=\"yoast-schema-graph\">{\"@context\":\"https:\\\/\\\/schema.org\",\"@graph\":[{\"@type\":\"Article\",\"@id\":\"https:\\\/\\\/memurunsesi.net\\\/index.php\\\/2025\\\/09\\\/07\\\/ambulans-kovalayan-baba-ogul-tutuklandi\\\/#article\",\"isPartOf\":{\"@id\":\"https:\\\/\\\/memurunsesi.net\\\/index.php\\\/2025\\\/09\\\/07\\\/ambulans-kovalayan-baba-ogul-tutuklandi\\\/\"},\"author\":{\"name\":\"Memurun Sesi Haber Merkezi\",\"@id\":\"https:\\\/\\\/memurunsesi.net\\\/#\\\/schema\\\/person\\\/f21c2d73b89f6ee1d80b0a1803e38587\"},\"headline\":\"Ambulans kovalayan baba-o\u011ful tutukland\u0131\",\"datePublished\":\"2025-09-07T17:29:54+00:00\",\"mainEntityOfPage\":{\"@id\":\"https:\\\/\\\/memurunsesi.net\\\/index.php\\\/2025\\\/09\\\/07\\\/ambulans-kovalayan-baba-ogul-tutuklandi\\\/\"},\"wordCount\":145,\"commentCount\":0,\"publisher\":{\"@id\":\"https:\\\/\\\/memurunsesi.net\\\/#organization\"},\"image\":{\"@id\":\"https:\\\/\\\/memurunsesi.net\\\/index.php\\\/2025\\\/09\\\/07\\\/ambulans-kovalayan-baba-ogul-tutuklandi\\\/#primaryimage\"},\"thumbnailUrl\":\"https:\\\/\\\/memurunsesi.net\\\/wp-content\\\/uploads\\\/2025\\\/09\\\/AW533325_01-scaled.jpg\",\"articleSection\":[\"G\u00fcndem\"],\"inLanguage\":\"tr\",\"potentialAction\":[{\"@type\":\"CommentAction\",\"name\":\"Comment\",\"target\":[\"https:\\\/\\\/memurunsesi.net\\\/index.php\\\/2025\\\/09\\\/07\\\/ambulans-kovalayan-baba-ogul-tutuklandi\\\/#respond\"]}]},{\"@type\":\"WebPage\",\"@id\":\"https:\\\/\\\/memurunsesi.net\\\/index.php\\\/2025\\\/09\\\/07\\\/ambulans-kovalayan-baba-ogul-tutuklandi\\\/\",\"url\":\"https:\\\/\\\/memurunsesi.net\\\/index.php\\\/2025\\\/09\\\/07\\\/ambulans-kovalayan-baba-ogul-tutuklandi\\\/\",\"name\":\"Ambulans kovalayan baba-o\u011ful tutukland\u0131 - Memurun Sesi\",\"isPartOf\":{\"@id\":\"https:\\\/\\\/memurunsesi.net\\\/#website\"},\"primaryImageOfPage\":{\"@id\":\"https:\\\/\\\/memurunsesi.net\\\/index.php\\\/2025\\\/09\\\/07\\\/ambulans-kovalayan-baba-ogul-tutuklandi\\\/#primaryimage\"},\"image\":{\"@id\":\"https:\\\/\\\/memurunsesi.net\\\/index.php\\\/2025\\\/09\\\/07\\\/ambulans-kovalayan-baba-ogul-tutuklandi\\\/#primaryimage\"},\"thumbnailUrl\":\"https:\\\/\\\/memurunsesi.net\\\/wp-content\\\/uploads\\\/2025\\\/09\\\/AW533325_01-scaled.jpg\",\"datePublished\":\"2025-09-07T17:29:54+00:00\",\"breadcrumb\":{\"@id\":\"https:\\\/\\\/memurunsesi.net\\\/index.php\\\/2025\\\/09\\\/07\\\/ambulans-kovalayan-baba-ogul-tutuklandi\\\/#breadcrumb\"},\"inLanguage\":\"tr\",\"potentialAction\":[{\"@type\":\"ReadAction\",\"target\":[\"https:\\\/\\\/memurunsesi.net\\\/index.php\\\/2025\\\/09\\\/07\\\/ambulans-kovalayan-baba-ogul-tutuklandi\\\/\"]}]},{\"@type\":\"ImageObject\",\"inLanguage\":\"tr\",\"@id\":\"https:\\\/\\\/memurunsesi.net\\\/index.php\\\/2025\\\/09\\\/07\\\/ambulans-kovalayan-baba-ogul-tutuklandi\\\/#primaryimage\",\"url\":\"https:\\\/\\\/memurunsesi.net\\\/wp-content\\\/uploads\\\/2025\\\/09\\\/AW533325_01-scaled.jpg\",\"contentUrl\":\"https:\\\/\\\/memurunsesi.net\\\/wp-content\\\/uploads\\\/2025\\\/09\\\/AW533325_01-scaled.jpg\",\"width\":2560,\"height\":1440,\"caption\":\"ESK\u0130\u015eEH\u0130R'DE AMBULANSI K\u0130LOMETRELERCE KOVALAYAN BABA-O\u011eUL \u00c7IKARILDIKLARI MAHKEMECE TUTUKLANDI. (BAHADIR TURGUT\\\/ESK\u0130\u015eEH\u0130R-\u0130HA) Eski\u015fehir'de ambulans\u0131 kilometrelerce kovalayan baba-o\u011ful \u00e7\u0131kar\u0131ld\u0131klar\u0131 mahkemece tutukland\u0131.\"},{\"@type\":\"BreadcrumbList\",\"@id\":\"https:\\\/\\\/memurunsesi.net\\\/index.php\\\/2025\\\/09\\\/07\\\/ambulans-kovalayan-baba-ogul-tutuklandi\\\/#breadcrumb\",\"itemListElement\":[{\"@type\":\"ListItem\",\"position\":1,\"name\":\"Anasayfa\",\"item\":\"https:\\\/\\\/memurunsesi.net\\\/\"},{\"@type\":\"ListItem\",\"position\":2,\"name\":\"Ambulans kovalayan baba-o\u011ful tutukland\u0131\"}]},{\"@type\":\"WebSite\",\"@id\":\"https:\\\/\\\/memurunsesi.net\\\/#website\",\"url\":\"https:\\\/\\\/memurunsesi.net\\\/\",\"name\":\"Memurun Sesi\",\"description\":\"G\u00fcncel ve Do\u011fru Haber\",\"publisher\":{\"@id\":\"https:\\\/\\\/memurunsesi.net\\\/#organization\"},\"potentialAction\":[{\"@type\":\"SearchAction\",\"target\":{\"@type\":\"EntryPoint\",\"urlTemplate\":\"https:\\\/\\\/memurunsesi.net\\\/?s={search_term_string}\"},\"query-input\":{\"@type\":\"PropertyValueSpecification\",\"valueRequired\":true,\"valueName\":\"search_term_string\"}}],\"inLanguage\":\"tr\"},{\"@type\":\"Organization\",\"@id\":\"https:\\\/\\\/memurunsesi.net\\\/#organization\",\"name\":\"Memurun Sesi\",\"url\":\"https:\\\/\\\/memurunsesi.net\\\/\",\"logo\":{\"@type\":\"ImageObject\",\"inLanguage\":\"tr\",\"@id\":\"https:\\\/\\\/memurunsesi.net\\\/#\\\/schema\\\/logo\\\/image\\\/\",\"url\":\"https:\\\/\\\/memurunsesi.net\\\/wp-content\\\/uploads\\\/2025\\\/11\\\/cropped-MEMURUN-SESI.png\",\"contentUrl\":\"https:\\\/\\\/memurunsesi.net\\\/wp-content\\\/uploads\\\/2025\\\/11\\\/cropped-MEMURUN-SESI.png\",\"width\":238,\"height\":57,\"caption\":\"Memurun Sesi\"},\"image\":{\"@id\":\"https:\\\/\\\/memurunsesi.net\\\/#\\\/schema\\\/logo\\\/image\\\/\"},\"sameAs\":[\"https:\\\/\\\/www.facebook.com\\\/unipersen\\\/?locale=tr_TR\",\"https:\\\/\\\/x.com\\\/unipersen\"]},{\"@type\":\"Person\",\"@id\":\"https:\\\/\\\/memurunsesi.net\\\/#\\\/schema\\\/person\\\/f21c2d73b89f6ee1d80b0a1803e38587\",\"name\":\"Memurun Sesi Haber Merkezi\",\"image\":{\"@type\":\"ImageObject\",\"inLanguage\":\"tr\",\"@id\":\"https:\\\/\\\/secure.gravatar.com\\\/avatar\\\/6cf0505f452ee753f485014986fab09a434671d2b919ee76fc541025c5876a70?s=96&d=mm&r=g\",\"url\":\"https:\\\/\\\/secure.gravatar.com\\\/avatar\\\/6cf0505f452ee753f485014986fab09a434671d2b919ee76fc541025c5876a70?s=96&d=mm&r=g\",\"contentUrl\":\"https:\\\/\\\/secure.gravatar.com\\\/avatar\\\/6cf0505f452ee753f485014986fab09a434671d2b919ee76fc541025c5876a70?s=96&d=mm&r=g\",\"caption\":\"Memurun Sesi Haber Merkezi\"},\"sameAs\":[\"https:\\\/\\\/memurunsesi.net\"],\"url\":\"https:\\\/\\\/memurunsesi.net\\\/index.php\\\/author\\\/uniper\\\/\"}]}<\/script>\n<!-- \/ Yoast SEO plugin. -->","yoast_head_json":{"title":"Ambulans kovalayan baba-o\u011ful tutukland\u0131 - Memurun Sesi","robots":{"index":"index","follow":"follow","max-snippet":"max-snippet:-1","max-image-preview":"max-image-preview:large","max-video-preview":"max-video-preview:-1"},"canonical":"https:\/\/memurunsesi.net\/index.php\/2025\/09\/07\/ambulans-kovalayan-baba-ogul-tutuklandi\/","og_locale":"tr_TR","og_type":"article","og_title":"Ambulans kovalayan baba-o\u011ful tutukland\u0131 - Memurun Sesi","og_description":"Eski\u015fehir\u2019de ambulans\u0131 kilometrelerce kovalayan baba-o\u011ful \u00e7\u0131kar\u0131ld\u0131klar\u0131 mahkemece tutukland\u0131. Eski\u015fehir\u2019de d\u00fcn gece saatlerinde otomobilleriyle kilometrelerce ambulans kovalayan Y.F.K. ve babas\u0131 T.K. sa\u011fl\u0131k g\u00f6revlilerinin can g\u00fcvenli\u011fini tehlikeye atm\u0131\u015ft\u0131. Odunpazar\u0131 il\u00e7esi Yenikent Mahallesi\u2019nde bulunan Eski\u015fehir Ambulans Servisi Ba\u015fhekimli\u011fi\u2019ne s\u0131\u011f\u0131nan sa\u011fl\u0131k g\u00f6revlilerini kurumun i\u00e7erisine girerek takip eden ve olay yerine 1 minib\u00fcs arkada\u015flar\u0131n\u0131 \u00e7a\u011f\u0131ran \u015fah\u0131slar, polis taraf\u0131ndan g\u00f6zalt\u0131na al\u0131nm\u0131\u015ft\u0131. [&hellip;]","og_url":"https:\/\/memurunsesi.net\/index.php\/2025\/09\/07\/ambulans-kovalayan-baba-ogul-tutuklandi\/","og_site_name":"Memurun Sesi","article_publisher":"https:\/\/www.facebook.com\/unipersen\/?locale=tr_TR","article_published_time":"2025-09-07T17:29:54+00:00","og_image":[{"width":2560,"height":1440,"url":"https:\/\/memurunsesi.net\/wp-content\/uploads\/2025\/09\/AW533325_01-scaled.jpg","type":"image\/jpeg"}],"author":"Memurun Sesi Haber Merkezi","twitter_card":"summary_large_image","twitter_creator":"@unipersen","twitter_site":"@unipersen","twitter_misc":{"Yazan:":"Memurun Sesi Haber Merkezi","Tahmini okuma s\u00fcresi":"1 dakika"},"schema":{"@context":"https:\/\/schema.org","@graph":[{"@type":"Article","@id":"https:\/\/memurunsesi.net\/index.php\/2025\/09\/07\/ambulans-kovalayan-baba-ogul-tutuklandi\/#article","isPartOf":{"@id":"https:\/\/memurunsesi.net\/index.php\/2025\/09\/07\/ambulans-kovalayan-baba-ogul-tutuklandi\/"},"author":{"name":"Memurun Sesi Haber Merkezi","@id":"https:\/\/memurunsesi.net\/#\/schema\/person\/f21c2d73b89f6ee1d80b0a1803e38587"},"headline":"Ambulans kovalayan baba-o\u011ful tutukland\u0131","datePublished":"2025-09-07T17:29:54+00:00","mainEntityOfPage":{"@id":"https:\/\/memurunsesi.net\/index.php\/2025\/09\/07\/ambulans-kovalayan-baba-ogul-tutuklandi\/"},"wordCount":145,"commentCount":0,"publisher":{"@id":"https:\/\/memurunsesi.net\/#organization"},"image":{"@id":"https:\/\/memurunsesi.net\/index.php\/2025\/09\/07\/ambulans-kovalayan-baba-ogul-tutuklandi\/#primaryimage"},"thumbnailUrl":"https:\/\/memurunsesi.net\/wp-content\/uploads\/2025\/09\/AW533325_01-scaled.jpg","articleSection":["G\u00fcndem"],"inLanguage":"tr","potentialAction":[{"@type":"CommentAction","name":"Comment","target":["https:\/\/memurunsesi.net\/index.php\/2025\/09\/07\/ambulans-kovalayan-baba-ogul-tutuklandi\/#respond"]}]},{"@type":"WebPage","@id":"https:\/\/memurunsesi.net\/index.php\/2025\/09\/07\/ambulans-kovalayan-baba-ogul-tutuklandi\/","url":"https:\/\/memurunsesi.net\/index.php\/2025\/09\/07\/ambulans-kovalayan-baba-ogul-tutuklandi\/","name":"Ambulans kovalayan baba-o\u011ful tutukland\u0131 - Memurun Sesi","isPartOf":{"@id":"https:\/\/memurunsesi.net\/#website"},"primaryImageOfPage":{"@id":"https:\/\/memurunsesi.net\/index.php\/2025\/09\/07\/ambulans-kovalayan-baba-ogul-tutuklandi\/#primaryimage"},"image":{"@id":"https:\/\/memurunsesi.net\/index.php\/2025\/09\/07\/ambulans-kovalayan-baba-ogul-tutuklandi\/#primaryimage"},"thumbnailUrl":"https:\/\/memurunsesi.net\/wp-content\/uploads\/2025\/09\/AW533325_01-scaled.jpg","datePublished":"2025-09-07T17:29:54+00:00","breadcrumb":{"@id":"https:\/\/memurunsesi.net\/index.php\/2025\/09\/07\/ambulans-kovalayan-baba-ogul-tutuklandi\/#breadcrumb"},"inLanguage":"tr","potentialAction":[{"@type":"ReadAction","target":["https:\/\/memurunsesi.net\/index.php\/2025\/09\/07\/ambulans-kovalayan-baba-ogul-tutuklandi\/"]}]},{"@type":"ImageObject","inLanguage":"tr","@id":"https:\/\/memurunsesi.net\/index.php\/2025\/09\/07\/ambulans-kovalayan-baba-ogul-tutuklandi\/#primaryimage","url":"https:\/\/memurunsesi.net\/wp-content\/uploads\/2025\/09\/AW533325_01-scaled.jpg","contentUrl":"https:\/\/memurunsesi.net\/wp-content\/uploads\/2025\/09\/AW533325_01-scaled.jpg","width":2560,"height":1440,"caption":"ESK\u0130\u015eEH\u0130R'DE AMBULANSI K\u0130LOMETRELERCE KOVALAYAN BABA-O\u011eUL \u00c7IKARILDIKLARI MAHKEMECE TUTUKLANDI. (BAHADIR TURGUT\/ESK\u0130\u015eEH\u0130R-\u0130HA) Eski\u015fehir'de ambulans\u0131 kilometrelerce kovalayan baba-o\u011ful \u00e7\u0131kar\u0131ld\u0131klar\u0131 mahkemece tutukland\u0131."},{"@type":"BreadcrumbList","@id":"https:\/\/memurunsesi.net\/index.php\/2025\/09\/07\/ambulans-kovalayan-baba-ogul-tutuklandi\/#breadcrumb","itemListElement":[{"@type":"ListItem","position":1,"name":"Anasayfa","item":"https:\/\/memurunsesi.net\/"},{"@type":"ListItem","position":2,"name":"Ambulans kovalayan baba-o\u011ful tutukland\u0131"}]},{"@type":"WebSite","@id":"https:\/\/memurunsesi.net\/#website","url":"https:\/\/memurunsesi.net\/","name":"Memurun Sesi","description":"G\u00fcncel ve Do\u011fru Haber","publisher":{"@id":"https:\/\/memurunsesi.net\/#organization"},"potentialAction":[{"@type":"SearchAction","target":{"@type":"EntryPoint","urlTemplate":"https:\/\/memurunsesi.net\/?s={search_term_string}"},"query-input":{"@type":"PropertyValueSpecification","valueRequired":true,"valueName":"search_term_string"}}],"inLanguage":"tr"},{"@type":"Organization","@id":"https:\/\/memurunsesi.net\/#organization","name":"Memurun Sesi","url":"https:\/\/memurunsesi.net\/","logo":{"@type":"ImageObject","inLanguage":"tr","@id":"https:\/\/memurunsesi.net\/#\/schema\/logo\/image\/","url":"https:\/\/memurunsesi.net\/wp-content\/uploads\/2025\/11\/cropped-MEMURUN-SESI.png","contentUrl":"https:\/\/memurunsesi.net\/wp-content\/uploads\/2025\/11\/cropped-MEMURUN-SESI.png","width":238,"height":57,"caption":"Memurun Sesi"},"image":{"@id":"https:\/\/memurunsesi.net\/#\/schema\/logo\/image\/"},"sameAs":["https:\/\/www.facebook.com\/unipersen\/?locale=tr_TR","https:\/\/x.com\/unipersen"]},{"@type":"Person","@id":"https:\/\/memurunsesi.net\/#\/schema\/person\/f21c2d73b89f6ee1d80b0a1803e38587","name":"Memurun Sesi Haber Merkezi","image":{"@type":"ImageObject","inLanguage":"tr","@id":"https:\/\/secure.gravatar.com\/avatar\/6cf0505f452ee753f485014986fab09a434671d2b919ee76fc541025c5876a70?s=96&d=mm&r=g","url":"https:\/\/secure.gravatar.com\/avatar\/6cf0505f452ee753f485014986fab09a434671d2b919ee76fc541025c5876a70?s=96&d=mm&r=g","contentUrl":"https:\/\/secure.gravatar.com\/avatar\/6cf0505f452ee753f485014986fab09a434671d2b919ee76fc541025c5876a70?s=96&d=mm&r=g","caption":"Memurun Sesi Haber Merkezi"},"sameAs":["https:\/\/memurunsesi.net"],"url":"https:\/\/memurunsesi.net\/index.php\/author\/uniper\/"}]}},"_links":{"self":[{"href":"https:\/\/memurunsesi.net\/index.php\/wp-json\/wp\/v2\/posts\/11404","targetHints":{"allow":["GET"]}}],"collection":[{"href":"https:\/\/memurunsesi.net\/index.php\/wp-json\/wp\/v2\/posts"}],"about":[{"href":"https:\/\/memurunsesi.net\/index.php\/wp-json\/wp\/v2\/types\/post"}],"author":[{"embeddable":true,"href":"https:\/\/memurunsesi.net\/index.php\/wp-json\/wp\/v2\/users\/1"}],"replies":[{"embeddable":true,"href":"https:\/\/memurunsesi.net\/index.php\/wp-json\/wp\/v2\/comments?post=11404"}],"version-history":[{"count":1,"href":"https:\/\/memurunsesi.net\/index.php\/wp-json\/wp\/v2\/posts\/11404\/revisions"}],"predecessor-version":[{"id":11406,"href":"https:\/\/memurunsesi.net\/index.php\/wp-json\/wp\/v2\/posts\/11404\/revisions\/11406"}],"wp:featuredmedia":[{"embeddable":true,"href":"https:\/\/memurunsesi.net\/index.php\/wp-json\/wp\/v2\/media\/11405"}],"wp:attachment":[{"href":"https:\/\/memurunsesi.net\/index.php\/wp-json\/wp\/v2\/media?parent=11404"}],"wp:term":[{"taxonomy":"category","embeddable":true,"href":"https:\/\/memurunsesi.net\/index.php\/wp-json\/wp\/v2\/categories?post=11404"},{"taxonomy":"post_tag","embeddable":true,"href":"https:\/\/memurunsesi.net\/index.php\/wp-json\/wp\/v2\/tags?post=11404"}],"curies":[{"name":"wp","href":"https:\/\/api.w.org\/{rel}","templated":true}]}}