{"id":11412,"date":"2025-09-07T20:33:52","date_gmt":"2025-09-07T17:33:52","guid":{"rendered":"https:\/\/memurunsesi.net\/?p=11412"},"modified":"2025-09-07T20:33:52","modified_gmt":"2025-09-07T17:33:52","slug":"ankarada-cop-dolu-evden-yayilan-kotu-koku-mahalleyi-ayaga-kaldirdi","status":"publish","type":"post","link":"https:\/\/memurunsesi.net\/index.php\/2025\/09\/07\/ankarada-cop-dolu-evden-yayilan-kotu-koku-mahalleyi-ayaga-kaldirdi\/","title":{"rendered":"Ankara\u2019da \u00e7\u00f6p dolu evden yay\u0131lan k\u00f6t\u00fc koku mahalleyi aya\u011fa kald\u0131rd\u0131"},"content":{"rendered":"<p>  Ankara\u2019n\u0131n Sincan il\u00e7esinde \u00e7\u00f6plerle dolu evden yay\u0131lan k\u00f6t\u00fc kokudan rahats\u0131z olan mahalleli yetkililere \u00e7a\u011fr\u0131da bulundu.<br \/>\n  Olay, Sincan\u2019\u0131n Mustafa Kemal Pa\u015fa Mahallesi Derbent Sokak\u2019ta bulunan bir m\u00fcstakil evde meydana geldi. Tek katl\u0131 evden yay\u0131lan k\u00f6t\u00fc koku, mahalle sakinlerini \u00e7ileden \u00e7\u0131kard\u0131. Mahalle sakinlerinin iddias\u0131na g\u00f6re, 5-6 y\u0131ld\u0131r biriken \u00e7\u00f6pler nedeniyle \u00e7evreye yay\u0131lan koku halk sa\u011fl\u0131\u011f\u0131n\u0131 tehdit ediyor. K\u00f6t\u00fc kokudan rahats\u0131n olan kom\u015fular, evde ya\u015fayan ya\u015fl\u0131 kad\u0131n\u0131n ruh sa\u011fl\u0131\u011f\u0131n\u0131n yerinde olmad\u0131\u011f\u0131n\u0131 ve ya\u015fl\u0131 kad\u0131n\u0131n bah\u00e7elerine zarar verdi\u011fini ileri s\u00fcrd\u00fc. \u00c7evredeki kom\u015fular\u0131n \u015fikayeti \u00fczerine yetkililere ba\u015fvurduklar\u0131n\u0131 ifade eden mahalle muhtar\u0131 Akg\u00fcl Tabak, hem evin temizlenmesi hem de ya\u015fl\u0131 kad\u0131n\u0131n tedavi edilmesi gerekti\u011fini s\u00f6yledi. <\/p>\n<p>  &#8220;Geldi\u011fimizde manzara ger\u00e7ekten bizi \u00e7ok \u015fa\u015f\u0131rtt\u0131&#8221;<br \/>\n  K\u00f6t\u00fc kokudan rahats\u0131z olan mahalle sakinlerinden kendisine defalarca \u015fikayet geldi\u011fini belirten Mustafa Kemal Mahallesi Muhtar\u0131 Akg\u00fcl Tabak, &#8220;Mahallemizin \u015fikayeti \u00fczerine Derbent Sokak\u2019taki k\u00f6t\u00fc kokan eve geldik. Geldi\u011fimizde manzara ger\u00e7ekten bizi \u00e7ok \u015fa\u015f\u0131rtt\u0131. Aya\u011f\u0131m\u0131za po\u015fetler giyerek, maskelerimizi takarak evin \u00e7evresine zor girdik. Kap\u0131ya vurduk, kimse a\u00e7mad\u0131. Mahalle sakinlerimiz burada ya\u015fayan vatanda\u015f\u0131m\u0131z\u0131n akl\u0131 dengesi yerinde olmad\u0131\u011f\u0131n\u0131 s\u00f6yl\u00fcyorlar. Her yerde k\u00f6t\u00fc kokularla, sineklerle, kar\u015f\u0131la\u015ft\u0131k. Buradaki ya\u015fayan ablam\u0131z\u0131 bir an \u00f6nce kontrol alt\u0131na al\u0131nmas\u0131 ve \u00e7evrenin temizli\u011finin yap\u0131lmas\u0131 gerekti\u011fini yetkili mercilerimize talep ediyorum. Sesimizi duyun, ger\u00e7ekten mahalle sakinlerimiz \u00e7ok zor durumda. Buran\u0131n bir an \u00f6nce temizlenmesi ve teyzemizin hastanede tedavi edilmesini talep ediyorum&#8221; diye konu\u015ftu. <\/p>\n<p>  &#8220;Etraf g\u00f6rd\u00fc\u011f\u00fcn\u00fcz gibi pislik i\u00e7inde&#8221;<br \/>\n  \u00c7\u00f6pl\u00fck evden yay\u0131lan kokudan dolay\u0131 camlar\u0131n\u0131 a\u00e7amad\u0131klar\u0131n\u0131 ve evde ya\u015fayan ya\u015fl\u0131 kad\u0131n\u0131n \u00e7ocuklara sald\u0131rd\u0131\u011f\u0131n\u0131 belirten mahalle sakinlerinden Hakan \u015eim\u015fek, &#8220;Bu k\u00f6t\u00fc kokan binan\u0131n arka kom\u015fusuyum. K\u00f6t\u00fc kokan evde bir engelli vatanda\u015f\u0131m\u0131z var. Yetkili yerlere \u015fikayette bulundu\u011fumuz halde bir \u00e7\u00f6z\u00fcm bulunamad\u0131. Son \u00e7areyi mahalle muhtar\u0131m\u0131za ba\u015fvurmakta kald\u0131k. Onun sayesinde zab\u0131ta ekipleri, polis ekipleri gelip bir inceleme yapt\u0131 burada. \u00c7ok pis ortamda ya\u015f\u0131yoruz. Sa\u011fa sola sald\u0131r\u0131yor \u00e7ocuklara kar\u015f\u0131 d\u0131\u015far\u0131da du\u015f al\u0131yor ya\u015fl\u0131 kad\u0131n. Etraf g\u00f6rd\u00fc\u011f\u00fcn\u00fcz gibi pislik i\u00e7inde. Bir an \u00f6nce yetkililerimizden, devlet yetkililerinden bir \u00e7\u00f6z\u00fcm bulunmas\u0131n\u0131 istiyoruz. Ne gerekiyorsa yap\u0131lmas\u0131n\u0131 istiyoruz&#8221; \u015feklinde konu\u015ftu. <\/p>\n<p>7.09.2025                              <\/p>\n","protected":false},"excerpt":{"rendered":"<p>Ankara\u2019n\u0131n Sincan il\u00e7esinde \u00e7\u00f6plerle dolu evden yay\u0131lan k\u00f6t\u00fc kokudan rahats\u0131z olan mahalleli yetkililere \u00e7a\u011fr\u0131da bulundu. Olay, Sincan\u2019\u0131n Mustafa Kemal Pa\u015fa Mahallesi Derbent Sokak\u2019ta bulunan bir m\u00fcstakil evde meydana geldi. Tek katl\u0131 evden yay\u0131lan k\u00f6t\u00fc koku, mahalle sakinlerini \u00e7ileden \u00e7\u0131kard\u0131. Mahalle sakinlerinin iddias\u0131na g\u00f6re, 5-6 y\u0131ld\u0131r biriken \u00e7\u00f6pler nedeniyle \u00e7evreye yay\u0131lan koku halk sa\u011fl\u0131\u011f\u0131n\u0131 tehdit ediyor. [&hellip;]<\/p>\n","protected":false},"author":1,"featured_media":11413,"comment_status":"open","ping_status":"open","sticky":false,"template":"","format":"standard","meta":{"footnotes":""},"categories":[1],"tags":[],"class_list":["post-11412","post","type-post","status-publish","format-standard","has-post-thumbnail","hentry","category-genel"],"yoast_head":"<!-- This site is optimized with the Yoast SEO plugin v27.4 - https:\/\/yoast.com\/product\/yoast-seo-wordpress\/ -->\n<title>Ankara\u2019da \u00e7\u00f6p dolu evden yay\u0131lan k\u00f6t\u00fc koku mahalleyi aya\u011fa kald\u0131rd\u0131 - Memurun Sesi<\/title>\n<meta name=\"robots\" content=\"index, follow, max-snippet:-1, max-image-preview:large, max-video-preview:-1\" \/>\n<link rel=\"canonical\" href=\"https:\/\/memurunsesi.net\/index.php\/2025\/09\/07\/ankarada-cop-dolu-evden-yayilan-kotu-koku-mahalleyi-ayaga-kaldirdi\/\" \/>\n<meta property=\"og:locale\" content=\"tr_TR\" \/>\n<meta property=\"og:type\" content=\"article\" \/>\n<meta property=\"og:title\" content=\"Ankara\u2019da \u00e7\u00f6p dolu evden yay\u0131lan k\u00f6t\u00fc koku mahalleyi aya\u011fa kald\u0131rd\u0131 - Memurun Sesi\" \/>\n<meta property=\"og:description\" content=\"Ankara\u2019n\u0131n Sincan il\u00e7esinde \u00e7\u00f6plerle dolu evden yay\u0131lan k\u00f6t\u00fc kokudan rahats\u0131z olan mahalleli yetkililere \u00e7a\u011fr\u0131da bulundu. Olay, Sincan\u2019\u0131n Mustafa Kemal Pa\u015fa Mahallesi Derbent Sokak\u2019ta bulunan bir m\u00fcstakil evde meydana geldi. Tek katl\u0131 evden yay\u0131lan k\u00f6t\u00fc koku, mahalle sakinlerini \u00e7ileden \u00e7\u0131kard\u0131. Mahalle sakinlerinin iddias\u0131na g\u00f6re, 5-6 y\u0131ld\u0131r biriken \u00e7\u00f6pler nedeniyle \u00e7evreye yay\u0131lan koku halk sa\u011fl\u0131\u011f\u0131n\u0131 tehdit ediyor. [&hellip;]\" \/>\n<meta property=\"og:url\" content=\"https:\/\/memurunsesi.net\/index.php\/2025\/09\/07\/ankarada-cop-dolu-evden-yayilan-kotu-koku-mahalleyi-ayaga-kaldirdi\/\" \/>\n<meta property=\"og:site_name\" content=\"Memurun Sesi\" \/>\n<meta property=\"article:publisher\" content=\"https:\/\/www.facebook.com\/unipersen\/?locale=tr_TR\" \/>\n<meta property=\"article:published_time\" content=\"2025-09-07T17:33:52+00:00\" \/>\n<meta property=\"og:image\" content=\"https:\/\/memurunsesi.net\/wp-content\/uploads\/2025\/09\/AW533315_01-scaled.jpg\" \/>\n\t<meta property=\"og:image:width\" content=\"2560\" \/>\n\t<meta property=\"og:image:height\" content=\"1920\" \/>\n\t<meta property=\"og:image:type\" content=\"image\/jpeg\" \/>\n<meta name=\"author\" content=\"Memurun Sesi Haber Merkezi\" \/>\n<meta name=\"twitter:card\" content=\"summary_large_image\" \/>\n<meta name=\"twitter:creator\" content=\"@unipersen\" \/>\n<meta name=\"twitter:site\" content=\"@unipersen\" \/>\n<meta name=\"twitter:label1\" content=\"Yazan:\" \/>\n\t<meta name=\"twitter:data1\" content=\"Memurun Sesi Haber Merkezi\" \/>\n\t<meta name=\"twitter:label2\" content=\"Tahmini okuma s\u00fcresi\" \/>\n\t<meta name=\"twitter:data2\" content=\"1 dakika\" \/>\n<script type=\"application\/ld+json\" class=\"yoast-schema-graph\">{\"@context\":\"https:\\\/\\\/schema.org\",\"@graph\":[{\"@type\":\"Article\",\"@id\":\"https:\\\/\\\/memurunsesi.net\\\/index.php\\\/2025\\\/09\\\/07\\\/ankarada-cop-dolu-evden-yayilan-kotu-koku-mahalleyi-ayaga-kaldirdi\\\/#article\",\"isPartOf\":{\"@id\":\"https:\\\/\\\/memurunsesi.net\\\/index.php\\\/2025\\\/09\\\/07\\\/ankarada-cop-dolu-evden-yayilan-kotu-koku-mahalleyi-ayaga-kaldirdi\\\/\"},\"author\":{\"name\":\"Memurun Sesi Haber Merkezi\",\"@id\":\"https:\\\/\\\/memurunsesi.net\\\/#\\\/schema\\\/person\\\/f21c2d73b89f6ee1d80b0a1803e38587\"},\"headline\":\"Ankara\u2019da \u00e7\u00f6p dolu evden yay\u0131lan k\u00f6t\u00fc koku mahalleyi aya\u011fa kald\u0131rd\u0131\",\"datePublished\":\"2025-09-07T17:33:52+00:00\",\"mainEntityOfPage\":{\"@id\":\"https:\\\/\\\/memurunsesi.net\\\/index.php\\\/2025\\\/09\\\/07\\\/ankarada-cop-dolu-evden-yayilan-kotu-koku-mahalleyi-ayaga-kaldirdi\\\/\"},\"wordCount\":452,\"commentCount\":0,\"publisher\":{\"@id\":\"https:\\\/\\\/memurunsesi.net\\\/#organization\"},\"image\":{\"@id\":\"https:\\\/\\\/memurunsesi.net\\\/index.php\\\/2025\\\/09\\\/07\\\/ankarada-cop-dolu-evden-yayilan-kotu-koku-mahalleyi-ayaga-kaldirdi\\\/#primaryimage\"},\"thumbnailUrl\":\"https:\\\/\\\/memurunsesi.net\\\/wp-content\\\/uploads\\\/2025\\\/09\\\/AW533315_01-scaled.jpg\",\"inLanguage\":\"tr\",\"potentialAction\":[{\"@type\":\"CommentAction\",\"name\":\"Comment\",\"target\":[\"https:\\\/\\\/memurunsesi.net\\\/index.php\\\/2025\\\/09\\\/07\\\/ankarada-cop-dolu-evden-yayilan-kotu-koku-mahalleyi-ayaga-kaldirdi\\\/#respond\"]}]},{\"@type\":\"WebPage\",\"@id\":\"https:\\\/\\\/memurunsesi.net\\\/index.php\\\/2025\\\/09\\\/07\\\/ankarada-cop-dolu-evden-yayilan-kotu-koku-mahalleyi-ayaga-kaldirdi\\\/\",\"url\":\"https:\\\/\\\/memurunsesi.net\\\/index.php\\\/2025\\\/09\\\/07\\\/ankarada-cop-dolu-evden-yayilan-kotu-koku-mahalleyi-ayaga-kaldirdi\\\/\",\"name\":\"Ankara\u2019da \u00e7\u00f6p dolu evden yay\u0131lan k\u00f6t\u00fc koku mahalleyi aya\u011fa kald\u0131rd\u0131 - Memurun Sesi\",\"isPartOf\":{\"@id\":\"https:\\\/\\\/memurunsesi.net\\\/#website\"},\"primaryImageOfPage\":{\"@id\":\"https:\\\/\\\/memurunsesi.net\\\/index.php\\\/2025\\\/09\\\/07\\\/ankarada-cop-dolu-evden-yayilan-kotu-koku-mahalleyi-ayaga-kaldirdi\\\/#primaryimage\"},\"image\":{\"@id\":\"https:\\\/\\\/memurunsesi.net\\\/index.php\\\/2025\\\/09\\\/07\\\/ankarada-cop-dolu-evden-yayilan-kotu-koku-mahalleyi-ayaga-kaldirdi\\\/#primaryimage\"},\"thumbnailUrl\":\"https:\\\/\\\/memurunsesi.net\\\/wp-content\\\/uploads\\\/2025\\\/09\\\/AW533315_01-scaled.jpg\",\"datePublished\":\"2025-09-07T17:33:52+00:00\",\"breadcrumb\":{\"@id\":\"https:\\\/\\\/memurunsesi.net\\\/index.php\\\/2025\\\/09\\\/07\\\/ankarada-cop-dolu-evden-yayilan-kotu-koku-mahalleyi-ayaga-kaldirdi\\\/#breadcrumb\"},\"inLanguage\":\"tr\",\"potentialAction\":[{\"@type\":\"ReadAction\",\"target\":[\"https:\\\/\\\/memurunsesi.net\\\/index.php\\\/2025\\\/09\\\/07\\\/ankarada-cop-dolu-evden-yayilan-kotu-koku-mahalleyi-ayaga-kaldirdi\\\/\"]}]},{\"@type\":\"ImageObject\",\"inLanguage\":\"tr\",\"@id\":\"https:\\\/\\\/memurunsesi.net\\\/index.php\\\/2025\\\/09\\\/07\\\/ankarada-cop-dolu-evden-yayilan-kotu-koku-mahalleyi-ayaga-kaldirdi\\\/#primaryimage\",\"url\":\"https:\\\/\\\/memurunsesi.net\\\/wp-content\\\/uploads\\\/2025\\\/09\\\/AW533315_01-scaled.jpg\",\"contentUrl\":\"https:\\\/\\\/memurunsesi.net\\\/wp-content\\\/uploads\\\/2025\\\/09\\\/AW533315_01-scaled.jpg\",\"width\":2560,\"height\":1920,\"caption\":\"ANKARA'NIN S\u0130NCAN \u0130L\u00c7ES\u0130NDE \u00c7\u00d6PLERLE DOLU EVDEN YAYILAN P\u0130S KOKUDAN RAHATSIZ OLAN MAHALLEL\u0130 YETK\u0130L\u0130LERE \u00c7A\u011eRIDA BULUNDU. (BERKAY HASAN KARAYAKAS - B\u0130LAL SARIKAVAK\\\/ANKARA-\u0130HA) Ankara'n\u0131n Sincan il\u00e7esinde \u00e7\u00f6plerle dolu evden yay\u0131lan k\u00f6t\u00fc kokudan rahats\u0131z olan mahalleli yetkililere \u00e7a\u011fr\u0131da bulundu.\"},{\"@type\":\"BreadcrumbList\",\"@id\":\"https:\\\/\\\/memurunsesi.net\\\/index.php\\\/2025\\\/09\\\/07\\\/ankarada-cop-dolu-evden-yayilan-kotu-koku-mahalleyi-ayaga-kaldirdi\\\/#breadcrumb\",\"itemListElement\":[{\"@type\":\"ListItem\",\"position\":1,\"name\":\"Anasayfa\",\"item\":\"https:\\\/\\\/memurunsesi.net\\\/\"},{\"@type\":\"ListItem\",\"position\":2,\"name\":\"Ankara\u2019da \u00e7\u00f6p dolu evden yay\u0131lan k\u00f6t\u00fc koku mahalleyi aya\u011fa kald\u0131rd\u0131\"}]},{\"@type\":\"WebSite\",\"@id\":\"https:\\\/\\\/memurunsesi.net\\\/#website\",\"url\":\"https:\\\/\\\/memurunsesi.net\\\/\",\"name\":\"Memurun Sesi\",\"description\":\"G\u00fcncel ve Do\u011fru Haber\",\"publisher\":{\"@id\":\"https:\\\/\\\/memurunsesi.net\\\/#organization\"},\"potentialAction\":[{\"@type\":\"SearchAction\",\"target\":{\"@type\":\"EntryPoint\",\"urlTemplate\":\"https:\\\/\\\/memurunsesi.net\\\/?s={search_term_string}\"},\"query-input\":{\"@type\":\"PropertyValueSpecification\",\"valueRequired\":true,\"valueName\":\"search_term_string\"}}],\"inLanguage\":\"tr\"},{\"@type\":\"Organization\",\"@id\":\"https:\\\/\\\/memurunsesi.net\\\/#organization\",\"name\":\"Memurun Sesi\",\"url\":\"https:\\\/\\\/memurunsesi.net\\\/\",\"logo\":{\"@type\":\"ImageObject\",\"inLanguage\":\"tr\",\"@id\":\"https:\\\/\\\/memurunsesi.net\\\/#\\\/schema\\\/logo\\\/image\\\/\",\"url\":\"https:\\\/\\\/memurunsesi.net\\\/wp-content\\\/uploads\\\/2025\\\/11\\\/cropped-MEMURUN-SESI.png\",\"contentUrl\":\"https:\\\/\\\/memurunsesi.net\\\/wp-content\\\/uploads\\\/2025\\\/11\\\/cropped-MEMURUN-SESI.png\",\"width\":238,\"height\":57,\"caption\":\"Memurun Sesi\"},\"image\":{\"@id\":\"https:\\\/\\\/memurunsesi.net\\\/#\\\/schema\\\/logo\\\/image\\\/\"},\"sameAs\":[\"https:\\\/\\\/www.facebook.com\\\/unipersen\\\/?locale=tr_TR\",\"https:\\\/\\\/x.com\\\/unipersen\"]},{\"@type\":\"Person\",\"@id\":\"https:\\\/\\\/memurunsesi.net\\\/#\\\/schema\\\/person\\\/f21c2d73b89f6ee1d80b0a1803e38587\",\"name\":\"Memurun Sesi Haber Merkezi\",\"image\":{\"@type\":\"ImageObject\",\"inLanguage\":\"tr\",\"@id\":\"https:\\\/\\\/secure.gravatar.com\\\/avatar\\\/6cf0505f452ee753f485014986fab09a434671d2b919ee76fc541025c5876a70?s=96&d=mm&r=g\",\"url\":\"https:\\\/\\\/secure.gravatar.com\\\/avatar\\\/6cf0505f452ee753f485014986fab09a434671d2b919ee76fc541025c5876a70?s=96&d=mm&r=g\",\"contentUrl\":\"https:\\\/\\\/secure.gravatar.com\\\/avatar\\\/6cf0505f452ee753f485014986fab09a434671d2b919ee76fc541025c5876a70?s=96&d=mm&r=g\",\"caption\":\"Memurun Sesi Haber Merkezi\"},\"sameAs\":[\"https:\\\/\\\/memurunsesi.net\"],\"url\":\"https:\\\/\\\/memurunsesi.net\\\/index.php\\\/author\\\/uniper\\\/\"}]}<\/script>\n<!-- \/ Yoast SEO plugin. -->","yoast_head_json":{"title":"Ankara\u2019da \u00e7\u00f6p dolu evden yay\u0131lan k\u00f6t\u00fc koku mahalleyi aya\u011fa kald\u0131rd\u0131 - Memurun Sesi","robots":{"index":"index","follow":"follow","max-snippet":"max-snippet:-1","max-image-preview":"max-image-preview:large","max-video-preview":"max-video-preview:-1"},"canonical":"https:\/\/memurunsesi.net\/index.php\/2025\/09\/07\/ankarada-cop-dolu-evden-yayilan-kotu-koku-mahalleyi-ayaga-kaldirdi\/","og_locale":"tr_TR","og_type":"article","og_title":"Ankara\u2019da \u00e7\u00f6p dolu evden yay\u0131lan k\u00f6t\u00fc koku mahalleyi aya\u011fa kald\u0131rd\u0131 - Memurun Sesi","og_description":"Ankara\u2019n\u0131n Sincan il\u00e7esinde \u00e7\u00f6plerle dolu evden yay\u0131lan k\u00f6t\u00fc kokudan rahats\u0131z olan mahalleli yetkililere \u00e7a\u011fr\u0131da bulundu. Olay, Sincan\u2019\u0131n Mustafa Kemal Pa\u015fa Mahallesi Derbent Sokak\u2019ta bulunan bir m\u00fcstakil evde meydana geldi. Tek katl\u0131 evden yay\u0131lan k\u00f6t\u00fc koku, mahalle sakinlerini \u00e7ileden \u00e7\u0131kard\u0131. Mahalle sakinlerinin iddias\u0131na g\u00f6re, 5-6 y\u0131ld\u0131r biriken \u00e7\u00f6pler nedeniyle \u00e7evreye yay\u0131lan koku halk sa\u011fl\u0131\u011f\u0131n\u0131 tehdit ediyor. [&hellip;]","og_url":"https:\/\/memurunsesi.net\/index.php\/2025\/09\/07\/ankarada-cop-dolu-evden-yayilan-kotu-koku-mahalleyi-ayaga-kaldirdi\/","og_site_name":"Memurun Sesi","article_publisher":"https:\/\/www.facebook.com\/unipersen\/?locale=tr_TR","article_published_time":"2025-09-07T17:33:52+00:00","og_image":[{"width":2560,"height":1920,"url":"https:\/\/memurunsesi.net\/wp-content\/uploads\/2025\/09\/AW533315_01-scaled.jpg","type":"image\/jpeg"}],"author":"Memurun Sesi Haber Merkezi","twitter_card":"summary_large_image","twitter_creator":"@unipersen","twitter_site":"@unipersen","twitter_misc":{"Yazan:":"Memurun Sesi Haber Merkezi","Tahmini okuma s\u00fcresi":"1 dakika"},"schema":{"@context":"https:\/\/schema.org","@graph":[{"@type":"Article","@id":"https:\/\/memurunsesi.net\/index.php\/2025\/09\/07\/ankarada-cop-dolu-evden-yayilan-kotu-koku-mahalleyi-ayaga-kaldirdi\/#article","isPartOf":{"@id":"https:\/\/memurunsesi.net\/index.php\/2025\/09\/07\/ankarada-cop-dolu-evden-yayilan-kotu-koku-mahalleyi-ayaga-kaldirdi\/"},"author":{"name":"Memurun Sesi Haber Merkezi","@id":"https:\/\/memurunsesi.net\/#\/schema\/person\/f21c2d73b89f6ee1d80b0a1803e38587"},"headline":"Ankara\u2019da \u00e7\u00f6p dolu evden yay\u0131lan k\u00f6t\u00fc koku mahalleyi aya\u011fa kald\u0131rd\u0131","datePublished":"2025-09-07T17:33:52+00:00","mainEntityOfPage":{"@id":"https:\/\/memurunsesi.net\/index.php\/2025\/09\/07\/ankarada-cop-dolu-evden-yayilan-kotu-koku-mahalleyi-ayaga-kaldirdi\/"},"wordCount":452,"commentCount":0,"publisher":{"@id":"https:\/\/memurunsesi.net\/#organization"},"image":{"@id":"https:\/\/memurunsesi.net\/index.php\/2025\/09\/07\/ankarada-cop-dolu-evden-yayilan-kotu-koku-mahalleyi-ayaga-kaldirdi\/#primaryimage"},"thumbnailUrl":"https:\/\/memurunsesi.net\/wp-content\/uploads\/2025\/09\/AW533315_01-scaled.jpg","inLanguage":"tr","potentialAction":[{"@type":"CommentAction","name":"Comment","target":["https:\/\/memurunsesi.net\/index.php\/2025\/09\/07\/ankarada-cop-dolu-evden-yayilan-kotu-koku-mahalleyi-ayaga-kaldirdi\/#respond"]}]},{"@type":"WebPage","@id":"https:\/\/memurunsesi.net\/index.php\/2025\/09\/07\/ankarada-cop-dolu-evden-yayilan-kotu-koku-mahalleyi-ayaga-kaldirdi\/","url":"https:\/\/memurunsesi.net\/index.php\/2025\/09\/07\/ankarada-cop-dolu-evden-yayilan-kotu-koku-mahalleyi-ayaga-kaldirdi\/","name":"Ankara\u2019da \u00e7\u00f6p dolu evden yay\u0131lan k\u00f6t\u00fc koku mahalleyi aya\u011fa kald\u0131rd\u0131 - Memurun Sesi","isPartOf":{"@id":"https:\/\/memurunsesi.net\/#website"},"primaryImageOfPage":{"@id":"https:\/\/memurunsesi.net\/index.php\/2025\/09\/07\/ankarada-cop-dolu-evden-yayilan-kotu-koku-mahalleyi-ayaga-kaldirdi\/#primaryimage"},"image":{"@id":"https:\/\/memurunsesi.net\/index.php\/2025\/09\/07\/ankarada-cop-dolu-evden-yayilan-kotu-koku-mahalleyi-ayaga-kaldirdi\/#primaryimage"},"thumbnailUrl":"https:\/\/memurunsesi.net\/wp-content\/uploads\/2025\/09\/AW533315_01-scaled.jpg","datePublished":"2025-09-07T17:33:52+00:00","breadcrumb":{"@id":"https:\/\/memurunsesi.net\/index.php\/2025\/09\/07\/ankarada-cop-dolu-evden-yayilan-kotu-koku-mahalleyi-ayaga-kaldirdi\/#breadcrumb"},"inLanguage":"tr","potentialAction":[{"@type":"ReadAction","target":["https:\/\/memurunsesi.net\/index.php\/2025\/09\/07\/ankarada-cop-dolu-evden-yayilan-kotu-koku-mahalleyi-ayaga-kaldirdi\/"]}]},{"@type":"ImageObject","inLanguage":"tr","@id":"https:\/\/memurunsesi.net\/index.php\/2025\/09\/07\/ankarada-cop-dolu-evden-yayilan-kotu-koku-mahalleyi-ayaga-kaldirdi\/#primaryimage","url":"https:\/\/memurunsesi.net\/wp-content\/uploads\/2025\/09\/AW533315_01-scaled.jpg","contentUrl":"https:\/\/memurunsesi.net\/wp-content\/uploads\/2025\/09\/AW533315_01-scaled.jpg","width":2560,"height":1920,"caption":"ANKARA'NIN S\u0130NCAN \u0130L\u00c7ES\u0130NDE \u00c7\u00d6PLERLE DOLU EVDEN YAYILAN P\u0130S KOKUDAN RAHATSIZ OLAN MAHALLEL\u0130 YETK\u0130L\u0130LERE \u00c7A\u011eRIDA BULUNDU. (BERKAY HASAN KARAYAKAS - B\u0130LAL SARIKAVAK\/ANKARA-\u0130HA) Ankara'n\u0131n Sincan il\u00e7esinde \u00e7\u00f6plerle dolu evden yay\u0131lan k\u00f6t\u00fc kokudan rahats\u0131z olan mahalleli yetkililere \u00e7a\u011fr\u0131da bulundu."},{"@type":"BreadcrumbList","@id":"https:\/\/memurunsesi.net\/index.php\/2025\/09\/07\/ankarada-cop-dolu-evden-yayilan-kotu-koku-mahalleyi-ayaga-kaldirdi\/#breadcrumb","itemListElement":[{"@type":"ListItem","position":1,"name":"Anasayfa","item":"https:\/\/memurunsesi.net\/"},{"@type":"ListItem","position":2,"name":"Ankara\u2019da \u00e7\u00f6p dolu evden yay\u0131lan k\u00f6t\u00fc koku mahalleyi aya\u011fa kald\u0131rd\u0131"}]},{"@type":"WebSite","@id":"https:\/\/memurunsesi.net\/#website","url":"https:\/\/memurunsesi.net\/","name":"Memurun Sesi","description":"G\u00fcncel ve Do\u011fru Haber","publisher":{"@id":"https:\/\/memurunsesi.net\/#organization"},"potentialAction":[{"@type":"SearchAction","target":{"@type":"EntryPoint","urlTemplate":"https:\/\/memurunsesi.net\/?s={search_term_string}"},"query-input":{"@type":"PropertyValueSpecification","valueRequired":true,"valueName":"search_term_string"}}],"inLanguage":"tr"},{"@type":"Organization","@id":"https:\/\/memurunsesi.net\/#organization","name":"Memurun Sesi","url":"https:\/\/memurunsesi.net\/","logo":{"@type":"ImageObject","inLanguage":"tr","@id":"https:\/\/memurunsesi.net\/#\/schema\/logo\/image\/","url":"https:\/\/memurunsesi.net\/wp-content\/uploads\/2025\/11\/cropped-MEMURUN-SESI.png","contentUrl":"https:\/\/memurunsesi.net\/wp-content\/uploads\/2025\/11\/cropped-MEMURUN-SESI.png","width":238,"height":57,"caption":"Memurun Sesi"},"image":{"@id":"https:\/\/memurunsesi.net\/#\/schema\/logo\/image\/"},"sameAs":["https:\/\/www.facebook.com\/unipersen\/?locale=tr_TR","https:\/\/x.com\/unipersen"]},{"@type":"Person","@id":"https:\/\/memurunsesi.net\/#\/schema\/person\/f21c2d73b89f6ee1d80b0a1803e38587","name":"Memurun Sesi Haber Merkezi","image":{"@type":"ImageObject","inLanguage":"tr","@id":"https:\/\/secure.gravatar.com\/avatar\/6cf0505f452ee753f485014986fab09a434671d2b919ee76fc541025c5876a70?s=96&d=mm&r=g","url":"https:\/\/secure.gravatar.com\/avatar\/6cf0505f452ee753f485014986fab09a434671d2b919ee76fc541025c5876a70?s=96&d=mm&r=g","contentUrl":"https:\/\/secure.gravatar.com\/avatar\/6cf0505f452ee753f485014986fab09a434671d2b919ee76fc541025c5876a70?s=96&d=mm&r=g","caption":"Memurun Sesi Haber Merkezi"},"sameAs":["https:\/\/memurunsesi.net"],"url":"https:\/\/memurunsesi.net\/index.php\/author\/uniper\/"}]}},"_links":{"self":[{"href":"https:\/\/memurunsesi.net\/index.php\/wp-json\/wp\/v2\/posts\/11412","targetHints":{"allow":["GET"]}}],"collection":[{"href":"https:\/\/memurunsesi.net\/index.php\/wp-json\/wp\/v2\/posts"}],"about":[{"href":"https:\/\/memurunsesi.net\/index.php\/wp-json\/wp\/v2\/types\/post"}],"author":[{"embeddable":true,"href":"https:\/\/memurunsesi.net\/index.php\/wp-json\/wp\/v2\/users\/1"}],"replies":[{"embeddable":true,"href":"https:\/\/memurunsesi.net\/index.php\/wp-json\/wp\/v2\/comments?post=11412"}],"version-history":[{"count":1,"href":"https:\/\/memurunsesi.net\/index.php\/wp-json\/wp\/v2\/posts\/11412\/revisions"}],"predecessor-version":[{"id":11414,"href":"https:\/\/memurunsesi.net\/index.php\/wp-json\/wp\/v2\/posts\/11412\/revisions\/11414"}],"wp:featuredmedia":[{"embeddable":true,"href":"https:\/\/memurunsesi.net\/index.php\/wp-json\/wp\/v2\/media\/11413"}],"wp:attachment":[{"href":"https:\/\/memurunsesi.net\/index.php\/wp-json\/wp\/v2\/media?parent=11412"}],"wp:term":[{"taxonomy":"category","embeddable":true,"href":"https:\/\/memurunsesi.net\/index.php\/wp-json\/wp\/v2\/categories?post=11412"},{"taxonomy":"post_tag","embeddable":true,"href":"https:\/\/memurunsesi.net\/index.php\/wp-json\/wp\/v2\/tags?post=11412"}],"curies":[{"name":"wp","href":"https:\/\/api.w.org\/{rel}","templated":true}]}}