{"id":11415,"date":"2025-09-07T20:35:19","date_gmt":"2025-09-07T17:35:19","guid":{"rendered":"https:\/\/memurunsesi.net\/?p=11415"},"modified":"2025-09-07T20:35:19","modified_gmt":"2025-09-07T17:35:19","slug":"yem-karma-tankina-dusen-isci-yaralandi","status":"publish","type":"post","link":"https:\/\/memurunsesi.net\/index.php\/2025\/09\/07\/yem-karma-tankina-dusen-isci-yaralandi\/","title":{"rendered":"Yem karma tank\u0131na d\u00fc\u015fen i\u015f\u00e7i yaraland\u0131"},"content":{"rendered":"<p>   &#8211; itfaiye ekipleri 1 saatte kurtard\u0131   <\/p>\n<p>   Nev\u015fehir\u2019de yem karma tank\u0131na d\u00fc\u015fen i\u015f\u00e7i, itfaiye ekiplerinin 1 saatlik \u00e7al\u0131\u015fmas\u0131 sonucu yaral\u0131 olarak kurtar\u0131ld\u0131.<br \/>\nOlay, Cevher Dudayev mahallesi K\u00fcme evleri mevkiinde bulunan bir mand\u0131rada ya\u015fand\u0131. Mand\u0131rada \u00e7al\u0131\u015fan U\u011fur K., hayvanlar\u0131 yemlemek i\u00e7in yemleri kar\u0131\u015ft\u0131rmaya ba\u015flad\u0131. Bir anda dengesini kaybeden U\u011fur K., yem karma tank\u0131na d\u00fc\u015ferek iki helezon aras\u0131nda s\u0131k\u0131\u015ft\u0131.<br \/>\n  Olay\u0131 g\u00f6ren mand\u0131ra sahipleri taraf\u0131ndan yap\u0131lan ihbar \u00fczerine olay yerine sa\u011fl\u0131k, itfaiye ve polis ekipleri sevk edildi. \u0130ki helezon aras\u0131nda s\u0131k\u0131\u015fan U\u011fur K., Nev\u015fehir Belediyesi \u0130tfaiye ekiplerinin yakla\u015f\u0131k bir saatlik \u00e7al\u0131\u015fmas\u0131 sonucu s\u0131k\u0131\u015ft\u0131\u011f\u0131 yerden yaral\u0131 olarak \u00e7\u0131kart\u0131ld\u0131.<br \/>\n  \u0130lk m\u00fcdahalesi olay yerinde yap\u0131lan U\u011fur K., Nev\u015fehir Devlet Hastanesinde tedavi alt\u0131na al\u0131n\u0131rken, olayla ilgili soru\u015fturma ba\u015flat\u0131ld\u0131. <\/p>\n<p>7.09.2025                                <\/p>\n","protected":false},"excerpt":{"rendered":"<p>&#8211; itfaiye ekipleri 1 saatte kurtard\u0131 Nev\u015fehir\u2019de yem karma tank\u0131na d\u00fc\u015fen i\u015f\u00e7i, itfaiye ekiplerinin 1 saatlik \u00e7al\u0131\u015fmas\u0131 sonucu yaral\u0131 olarak kurtar\u0131ld\u0131. Olay, Cevher Dudayev mahallesi K\u00fcme evleri mevkiinde bulunan bir mand\u0131rada ya\u015fand\u0131. Mand\u0131rada \u00e7al\u0131\u015fan U\u011fur K., hayvanlar\u0131 yemlemek i\u00e7in yemleri kar\u0131\u015ft\u0131rmaya ba\u015flad\u0131. Bir anda dengesini kaybeden U\u011fur K., yem karma tank\u0131na d\u00fc\u015ferek iki helezon aras\u0131nda [&hellip;]<\/p>\n","protected":false},"author":1,"featured_media":11416,"comment_status":"open","ping_status":"open","sticky":false,"template":"","format":"standard","meta":{"footnotes":""},"categories":[1],"tags":[],"class_list":["post-11415","post","type-post","status-publish","format-standard","has-post-thumbnail","hentry","category-genel"],"yoast_head":"<!-- This site is optimized with the Yoast SEO plugin v27.4 - https:\/\/yoast.com\/product\/yoast-seo-wordpress\/ -->\n<title>Yem karma tank\u0131na d\u00fc\u015fen i\u015f\u00e7i yaraland\u0131 - Memurun Sesi<\/title>\n<meta name=\"robots\" content=\"index, follow, max-snippet:-1, max-image-preview:large, max-video-preview:-1\" \/>\n<link rel=\"canonical\" href=\"https:\/\/memurunsesi.net\/index.php\/2025\/09\/07\/yem-karma-tankina-dusen-isci-yaralandi\/\" \/>\n<meta property=\"og:locale\" content=\"tr_TR\" \/>\n<meta property=\"og:type\" content=\"article\" \/>\n<meta property=\"og:title\" content=\"Yem karma tank\u0131na d\u00fc\u015fen i\u015f\u00e7i yaraland\u0131 - Memurun Sesi\" \/>\n<meta property=\"og:description\" content=\"&#8211; itfaiye ekipleri 1 saatte kurtard\u0131 Nev\u015fehir\u2019de yem karma tank\u0131na d\u00fc\u015fen i\u015f\u00e7i, itfaiye ekiplerinin 1 saatlik \u00e7al\u0131\u015fmas\u0131 sonucu yaral\u0131 olarak kurtar\u0131ld\u0131. Olay, Cevher Dudayev mahallesi K\u00fcme evleri mevkiinde bulunan bir mand\u0131rada ya\u015fand\u0131. Mand\u0131rada \u00e7al\u0131\u015fan U\u011fur K., hayvanlar\u0131 yemlemek i\u00e7in yemleri kar\u0131\u015ft\u0131rmaya ba\u015flad\u0131. Bir anda dengesini kaybeden U\u011fur K., yem karma tank\u0131na d\u00fc\u015ferek iki helezon aras\u0131nda [&hellip;]\" \/>\n<meta property=\"og:url\" content=\"https:\/\/memurunsesi.net\/index.php\/2025\/09\/07\/yem-karma-tankina-dusen-isci-yaralandi\/\" \/>\n<meta property=\"og:site_name\" content=\"Memurun Sesi\" \/>\n<meta property=\"article:publisher\" content=\"https:\/\/www.facebook.com\/unipersen\/?locale=tr_TR\" \/>\n<meta property=\"article:published_time\" content=\"2025-09-07T17:35:19+00:00\" \/>\n<meta property=\"og:image\" content=\"https:\/\/memurunsesi.net\/wp-content\/uploads\/2025\/09\/AW533314_01.jpg\" \/>\n\t<meta property=\"og:image:width\" content=\"2048\" \/>\n\t<meta property=\"og:image:height\" content=\"1536\" \/>\n\t<meta property=\"og:image:type\" content=\"image\/jpeg\" \/>\n<meta name=\"author\" content=\"Memurun Sesi Haber Merkezi\" \/>\n<meta name=\"twitter:card\" content=\"summary_large_image\" \/>\n<meta name=\"twitter:creator\" content=\"@unipersen\" \/>\n<meta name=\"twitter:site\" content=\"@unipersen\" \/>\n<meta name=\"twitter:label1\" content=\"Yazan:\" \/>\n\t<meta name=\"twitter:data1\" content=\"Memurun Sesi Haber Merkezi\" \/>\n<script type=\"application\/ld+json\" class=\"yoast-schema-graph\">{\"@context\":\"https:\\\/\\\/schema.org\",\"@graph\":[{\"@type\":\"Article\",\"@id\":\"https:\\\/\\\/memurunsesi.net\\\/index.php\\\/2025\\\/09\\\/07\\\/yem-karma-tankina-dusen-isci-yaralandi\\\/#article\",\"isPartOf\":{\"@id\":\"https:\\\/\\\/memurunsesi.net\\\/index.php\\\/2025\\\/09\\\/07\\\/yem-karma-tankina-dusen-isci-yaralandi\\\/\"},\"author\":{\"name\":\"Memurun Sesi Haber Merkezi\",\"@id\":\"https:\\\/\\\/memurunsesi.net\\\/#\\\/schema\\\/person\\\/f21c2d73b89f6ee1d80b0a1803e38587\"},\"headline\":\"Yem karma tank\u0131na d\u00fc\u015fen i\u015f\u00e7i yaraland\u0131\",\"datePublished\":\"2025-09-07T17:35:19+00:00\",\"mainEntityOfPage\":{\"@id\":\"https:\\\/\\\/memurunsesi.net\\\/index.php\\\/2025\\\/09\\\/07\\\/yem-karma-tankina-dusen-isci-yaralandi\\\/\"},\"wordCount\":166,\"commentCount\":0,\"publisher\":{\"@id\":\"https:\\\/\\\/memurunsesi.net\\\/#organization\"},\"image\":{\"@id\":\"https:\\\/\\\/memurunsesi.net\\\/index.php\\\/2025\\\/09\\\/07\\\/yem-karma-tankina-dusen-isci-yaralandi\\\/#primaryimage\"},\"thumbnailUrl\":\"https:\\\/\\\/memurunsesi.net\\\/wp-content\\\/uploads\\\/2025\\\/09\\\/AW533314_01.jpg\",\"inLanguage\":\"tr\",\"potentialAction\":[{\"@type\":\"CommentAction\",\"name\":\"Comment\",\"target\":[\"https:\\\/\\\/memurunsesi.net\\\/index.php\\\/2025\\\/09\\\/07\\\/yem-karma-tankina-dusen-isci-yaralandi\\\/#respond\"]}]},{\"@type\":\"WebPage\",\"@id\":\"https:\\\/\\\/memurunsesi.net\\\/index.php\\\/2025\\\/09\\\/07\\\/yem-karma-tankina-dusen-isci-yaralandi\\\/\",\"url\":\"https:\\\/\\\/memurunsesi.net\\\/index.php\\\/2025\\\/09\\\/07\\\/yem-karma-tankina-dusen-isci-yaralandi\\\/\",\"name\":\"Yem karma tank\u0131na d\u00fc\u015fen i\u015f\u00e7i yaraland\u0131 - Memurun Sesi\",\"isPartOf\":{\"@id\":\"https:\\\/\\\/memurunsesi.net\\\/#website\"},\"primaryImageOfPage\":{\"@id\":\"https:\\\/\\\/memurunsesi.net\\\/index.php\\\/2025\\\/09\\\/07\\\/yem-karma-tankina-dusen-isci-yaralandi\\\/#primaryimage\"},\"image\":{\"@id\":\"https:\\\/\\\/memurunsesi.net\\\/index.php\\\/2025\\\/09\\\/07\\\/yem-karma-tankina-dusen-isci-yaralandi\\\/#primaryimage\"},\"thumbnailUrl\":\"https:\\\/\\\/memurunsesi.net\\\/wp-content\\\/uploads\\\/2025\\\/09\\\/AW533314_01.jpg\",\"datePublished\":\"2025-09-07T17:35:19+00:00\",\"breadcrumb\":{\"@id\":\"https:\\\/\\\/memurunsesi.net\\\/index.php\\\/2025\\\/09\\\/07\\\/yem-karma-tankina-dusen-isci-yaralandi\\\/#breadcrumb\"},\"inLanguage\":\"tr\",\"potentialAction\":[{\"@type\":\"ReadAction\",\"target\":[\"https:\\\/\\\/memurunsesi.net\\\/index.php\\\/2025\\\/09\\\/07\\\/yem-karma-tankina-dusen-isci-yaralandi\\\/\"]}]},{\"@type\":\"ImageObject\",\"inLanguage\":\"tr\",\"@id\":\"https:\\\/\\\/memurunsesi.net\\\/index.php\\\/2025\\\/09\\\/07\\\/yem-karma-tankina-dusen-isci-yaralandi\\\/#primaryimage\",\"url\":\"https:\\\/\\\/memurunsesi.net\\\/wp-content\\\/uploads\\\/2025\\\/09\\\/AW533314_01.jpg\",\"contentUrl\":\"https:\\\/\\\/memurunsesi.net\\\/wp-content\\\/uploads\\\/2025\\\/09\\\/AW533314_01.jpg\",\"width\":2048,\"height\":1536,\"caption\":\"NEV\u015eEH\u0130R'DE YEM KARMA TANKINA D\u00dc\u015eEN \u0130\u015e\u00c7\u0130, \u0130TFA\u0130YE EK\u0130PLER\u0130N\u0130N B\u0130R SAATL\u0130K \u00c7ALI\u015eMASI SONUCU YARALI OLARAK KURTARILDI. (ASIM \u00c7APACI\\\/NEV\u015eEH\u0130R-\u0130HA) Nev\u015fehir'de yem karma tank\u0131na d\u00fc\u015fen i\u015f\u00e7i, itfaiye ekiplerinin 1 saatlik \u00e7al\u0131\u015fmas\u0131 sonucu yaral\u0131 olarak kurtar\u0131ld\u0131.\"},{\"@type\":\"BreadcrumbList\",\"@id\":\"https:\\\/\\\/memurunsesi.net\\\/index.php\\\/2025\\\/09\\\/07\\\/yem-karma-tankina-dusen-isci-yaralandi\\\/#breadcrumb\",\"itemListElement\":[{\"@type\":\"ListItem\",\"position\":1,\"name\":\"Anasayfa\",\"item\":\"https:\\\/\\\/memurunsesi.net\\\/\"},{\"@type\":\"ListItem\",\"position\":2,\"name\":\"Yem karma tank\u0131na d\u00fc\u015fen i\u015f\u00e7i yaraland\u0131\"}]},{\"@type\":\"WebSite\",\"@id\":\"https:\\\/\\\/memurunsesi.net\\\/#website\",\"url\":\"https:\\\/\\\/memurunsesi.net\\\/\",\"name\":\"Memurun Sesi\",\"description\":\"G\u00fcncel ve Do\u011fru Haber\",\"publisher\":{\"@id\":\"https:\\\/\\\/memurunsesi.net\\\/#organization\"},\"potentialAction\":[{\"@type\":\"SearchAction\",\"target\":{\"@type\":\"EntryPoint\",\"urlTemplate\":\"https:\\\/\\\/memurunsesi.net\\\/?s={search_term_string}\"},\"query-input\":{\"@type\":\"PropertyValueSpecification\",\"valueRequired\":true,\"valueName\":\"search_term_string\"}}],\"inLanguage\":\"tr\"},{\"@type\":\"Organization\",\"@id\":\"https:\\\/\\\/memurunsesi.net\\\/#organization\",\"name\":\"Memurun Sesi\",\"url\":\"https:\\\/\\\/memurunsesi.net\\\/\",\"logo\":{\"@type\":\"ImageObject\",\"inLanguage\":\"tr\",\"@id\":\"https:\\\/\\\/memurunsesi.net\\\/#\\\/schema\\\/logo\\\/image\\\/\",\"url\":\"https:\\\/\\\/memurunsesi.net\\\/wp-content\\\/uploads\\\/2025\\\/11\\\/cropped-MEMURUN-SESI.png\",\"contentUrl\":\"https:\\\/\\\/memurunsesi.net\\\/wp-content\\\/uploads\\\/2025\\\/11\\\/cropped-MEMURUN-SESI.png\",\"width\":238,\"height\":57,\"caption\":\"Memurun Sesi\"},\"image\":{\"@id\":\"https:\\\/\\\/memurunsesi.net\\\/#\\\/schema\\\/logo\\\/image\\\/\"},\"sameAs\":[\"https:\\\/\\\/www.facebook.com\\\/unipersen\\\/?locale=tr_TR\",\"https:\\\/\\\/x.com\\\/unipersen\"]},{\"@type\":\"Person\",\"@id\":\"https:\\\/\\\/memurunsesi.net\\\/#\\\/schema\\\/person\\\/f21c2d73b89f6ee1d80b0a1803e38587\",\"name\":\"Memurun Sesi Haber Merkezi\",\"image\":{\"@type\":\"ImageObject\",\"inLanguage\":\"tr\",\"@id\":\"https:\\\/\\\/secure.gravatar.com\\\/avatar\\\/6cf0505f452ee753f485014986fab09a434671d2b919ee76fc541025c5876a70?s=96&d=mm&r=g\",\"url\":\"https:\\\/\\\/secure.gravatar.com\\\/avatar\\\/6cf0505f452ee753f485014986fab09a434671d2b919ee76fc541025c5876a70?s=96&d=mm&r=g\",\"contentUrl\":\"https:\\\/\\\/secure.gravatar.com\\\/avatar\\\/6cf0505f452ee753f485014986fab09a434671d2b919ee76fc541025c5876a70?s=96&d=mm&r=g\",\"caption\":\"Memurun Sesi Haber Merkezi\"},\"sameAs\":[\"https:\\\/\\\/memurunsesi.net\"],\"url\":\"https:\\\/\\\/memurunsesi.net\\\/index.php\\\/author\\\/uniper\\\/\"}]}<\/script>\n<!-- \/ Yoast SEO plugin. -->","yoast_head_json":{"title":"Yem karma tank\u0131na d\u00fc\u015fen i\u015f\u00e7i yaraland\u0131 - Memurun Sesi","robots":{"index":"index","follow":"follow","max-snippet":"max-snippet:-1","max-image-preview":"max-image-preview:large","max-video-preview":"max-video-preview:-1"},"canonical":"https:\/\/memurunsesi.net\/index.php\/2025\/09\/07\/yem-karma-tankina-dusen-isci-yaralandi\/","og_locale":"tr_TR","og_type":"article","og_title":"Yem karma tank\u0131na d\u00fc\u015fen i\u015f\u00e7i yaraland\u0131 - Memurun Sesi","og_description":"&#8211; itfaiye ekipleri 1 saatte kurtard\u0131 Nev\u015fehir\u2019de yem karma tank\u0131na d\u00fc\u015fen i\u015f\u00e7i, itfaiye ekiplerinin 1 saatlik \u00e7al\u0131\u015fmas\u0131 sonucu yaral\u0131 olarak kurtar\u0131ld\u0131. Olay, Cevher Dudayev mahallesi K\u00fcme evleri mevkiinde bulunan bir mand\u0131rada ya\u015fand\u0131. Mand\u0131rada \u00e7al\u0131\u015fan U\u011fur K., hayvanlar\u0131 yemlemek i\u00e7in yemleri kar\u0131\u015ft\u0131rmaya ba\u015flad\u0131. Bir anda dengesini kaybeden U\u011fur K., yem karma tank\u0131na d\u00fc\u015ferek iki helezon aras\u0131nda [&hellip;]","og_url":"https:\/\/memurunsesi.net\/index.php\/2025\/09\/07\/yem-karma-tankina-dusen-isci-yaralandi\/","og_site_name":"Memurun Sesi","article_publisher":"https:\/\/www.facebook.com\/unipersen\/?locale=tr_TR","article_published_time":"2025-09-07T17:35:19+00:00","og_image":[{"width":2048,"height":1536,"url":"https:\/\/memurunsesi.net\/wp-content\/uploads\/2025\/09\/AW533314_01.jpg","type":"image\/jpeg"}],"author":"Memurun Sesi Haber Merkezi","twitter_card":"summary_large_image","twitter_creator":"@unipersen","twitter_site":"@unipersen","twitter_misc":{"Yazan:":"Memurun Sesi Haber Merkezi"},"schema":{"@context":"https:\/\/schema.org","@graph":[{"@type":"Article","@id":"https:\/\/memurunsesi.net\/index.php\/2025\/09\/07\/yem-karma-tankina-dusen-isci-yaralandi\/#article","isPartOf":{"@id":"https:\/\/memurunsesi.net\/index.php\/2025\/09\/07\/yem-karma-tankina-dusen-isci-yaralandi\/"},"author":{"name":"Memurun Sesi Haber Merkezi","@id":"https:\/\/memurunsesi.net\/#\/schema\/person\/f21c2d73b89f6ee1d80b0a1803e38587"},"headline":"Yem karma tank\u0131na d\u00fc\u015fen i\u015f\u00e7i yaraland\u0131","datePublished":"2025-09-07T17:35:19+00:00","mainEntityOfPage":{"@id":"https:\/\/memurunsesi.net\/index.php\/2025\/09\/07\/yem-karma-tankina-dusen-isci-yaralandi\/"},"wordCount":166,"commentCount":0,"publisher":{"@id":"https:\/\/memurunsesi.net\/#organization"},"image":{"@id":"https:\/\/memurunsesi.net\/index.php\/2025\/09\/07\/yem-karma-tankina-dusen-isci-yaralandi\/#primaryimage"},"thumbnailUrl":"https:\/\/memurunsesi.net\/wp-content\/uploads\/2025\/09\/AW533314_01.jpg","inLanguage":"tr","potentialAction":[{"@type":"CommentAction","name":"Comment","target":["https:\/\/memurunsesi.net\/index.php\/2025\/09\/07\/yem-karma-tankina-dusen-isci-yaralandi\/#respond"]}]},{"@type":"WebPage","@id":"https:\/\/memurunsesi.net\/index.php\/2025\/09\/07\/yem-karma-tankina-dusen-isci-yaralandi\/","url":"https:\/\/memurunsesi.net\/index.php\/2025\/09\/07\/yem-karma-tankina-dusen-isci-yaralandi\/","name":"Yem karma tank\u0131na d\u00fc\u015fen i\u015f\u00e7i yaraland\u0131 - Memurun Sesi","isPartOf":{"@id":"https:\/\/memurunsesi.net\/#website"},"primaryImageOfPage":{"@id":"https:\/\/memurunsesi.net\/index.php\/2025\/09\/07\/yem-karma-tankina-dusen-isci-yaralandi\/#primaryimage"},"image":{"@id":"https:\/\/memurunsesi.net\/index.php\/2025\/09\/07\/yem-karma-tankina-dusen-isci-yaralandi\/#primaryimage"},"thumbnailUrl":"https:\/\/memurunsesi.net\/wp-content\/uploads\/2025\/09\/AW533314_01.jpg","datePublished":"2025-09-07T17:35:19+00:00","breadcrumb":{"@id":"https:\/\/memurunsesi.net\/index.php\/2025\/09\/07\/yem-karma-tankina-dusen-isci-yaralandi\/#breadcrumb"},"inLanguage":"tr","potentialAction":[{"@type":"ReadAction","target":["https:\/\/memurunsesi.net\/index.php\/2025\/09\/07\/yem-karma-tankina-dusen-isci-yaralandi\/"]}]},{"@type":"ImageObject","inLanguage":"tr","@id":"https:\/\/memurunsesi.net\/index.php\/2025\/09\/07\/yem-karma-tankina-dusen-isci-yaralandi\/#primaryimage","url":"https:\/\/memurunsesi.net\/wp-content\/uploads\/2025\/09\/AW533314_01.jpg","contentUrl":"https:\/\/memurunsesi.net\/wp-content\/uploads\/2025\/09\/AW533314_01.jpg","width":2048,"height":1536,"caption":"NEV\u015eEH\u0130R'DE YEM KARMA TANKINA D\u00dc\u015eEN \u0130\u015e\u00c7\u0130, \u0130TFA\u0130YE EK\u0130PLER\u0130N\u0130N B\u0130R SAATL\u0130K \u00c7ALI\u015eMASI SONUCU YARALI OLARAK KURTARILDI. (ASIM \u00c7APACI\/NEV\u015eEH\u0130R-\u0130HA) Nev\u015fehir'de yem karma tank\u0131na d\u00fc\u015fen i\u015f\u00e7i, itfaiye ekiplerinin 1 saatlik \u00e7al\u0131\u015fmas\u0131 sonucu yaral\u0131 olarak kurtar\u0131ld\u0131."},{"@type":"BreadcrumbList","@id":"https:\/\/memurunsesi.net\/index.php\/2025\/09\/07\/yem-karma-tankina-dusen-isci-yaralandi\/#breadcrumb","itemListElement":[{"@type":"ListItem","position":1,"name":"Anasayfa","item":"https:\/\/memurunsesi.net\/"},{"@type":"ListItem","position":2,"name":"Yem karma tank\u0131na d\u00fc\u015fen i\u015f\u00e7i yaraland\u0131"}]},{"@type":"WebSite","@id":"https:\/\/memurunsesi.net\/#website","url":"https:\/\/memurunsesi.net\/","name":"Memurun Sesi","description":"G\u00fcncel ve Do\u011fru Haber","publisher":{"@id":"https:\/\/memurunsesi.net\/#organization"},"potentialAction":[{"@type":"SearchAction","target":{"@type":"EntryPoint","urlTemplate":"https:\/\/memurunsesi.net\/?s={search_term_string}"},"query-input":{"@type":"PropertyValueSpecification","valueRequired":true,"valueName":"search_term_string"}}],"inLanguage":"tr"},{"@type":"Organization","@id":"https:\/\/memurunsesi.net\/#organization","name":"Memurun Sesi","url":"https:\/\/memurunsesi.net\/","logo":{"@type":"ImageObject","inLanguage":"tr","@id":"https:\/\/memurunsesi.net\/#\/schema\/logo\/image\/","url":"https:\/\/memurunsesi.net\/wp-content\/uploads\/2025\/11\/cropped-MEMURUN-SESI.png","contentUrl":"https:\/\/memurunsesi.net\/wp-content\/uploads\/2025\/11\/cropped-MEMURUN-SESI.png","width":238,"height":57,"caption":"Memurun Sesi"},"image":{"@id":"https:\/\/memurunsesi.net\/#\/schema\/logo\/image\/"},"sameAs":["https:\/\/www.facebook.com\/unipersen\/?locale=tr_TR","https:\/\/x.com\/unipersen"]},{"@type":"Person","@id":"https:\/\/memurunsesi.net\/#\/schema\/person\/f21c2d73b89f6ee1d80b0a1803e38587","name":"Memurun Sesi Haber Merkezi","image":{"@type":"ImageObject","inLanguage":"tr","@id":"https:\/\/secure.gravatar.com\/avatar\/6cf0505f452ee753f485014986fab09a434671d2b919ee76fc541025c5876a70?s=96&d=mm&r=g","url":"https:\/\/secure.gravatar.com\/avatar\/6cf0505f452ee753f485014986fab09a434671d2b919ee76fc541025c5876a70?s=96&d=mm&r=g","contentUrl":"https:\/\/secure.gravatar.com\/avatar\/6cf0505f452ee753f485014986fab09a434671d2b919ee76fc541025c5876a70?s=96&d=mm&r=g","caption":"Memurun Sesi Haber Merkezi"},"sameAs":["https:\/\/memurunsesi.net"],"url":"https:\/\/memurunsesi.net\/index.php\/author\/uniper\/"}]}},"_links":{"self":[{"href":"https:\/\/memurunsesi.net\/index.php\/wp-json\/wp\/v2\/posts\/11415","targetHints":{"allow":["GET"]}}],"collection":[{"href":"https:\/\/memurunsesi.net\/index.php\/wp-json\/wp\/v2\/posts"}],"about":[{"href":"https:\/\/memurunsesi.net\/index.php\/wp-json\/wp\/v2\/types\/post"}],"author":[{"embeddable":true,"href":"https:\/\/memurunsesi.net\/index.php\/wp-json\/wp\/v2\/users\/1"}],"replies":[{"embeddable":true,"href":"https:\/\/memurunsesi.net\/index.php\/wp-json\/wp\/v2\/comments?post=11415"}],"version-history":[{"count":1,"href":"https:\/\/memurunsesi.net\/index.php\/wp-json\/wp\/v2\/posts\/11415\/revisions"}],"predecessor-version":[{"id":11417,"href":"https:\/\/memurunsesi.net\/index.php\/wp-json\/wp\/v2\/posts\/11415\/revisions\/11417"}],"wp:featuredmedia":[{"embeddable":true,"href":"https:\/\/memurunsesi.net\/index.php\/wp-json\/wp\/v2\/media\/11416"}],"wp:attachment":[{"href":"https:\/\/memurunsesi.net\/index.php\/wp-json\/wp\/v2\/media?parent=11415"}],"wp:term":[{"taxonomy":"category","embeddable":true,"href":"https:\/\/memurunsesi.net\/index.php\/wp-json\/wp\/v2\/categories?post=11415"},{"taxonomy":"post_tag","embeddable":true,"href":"https:\/\/memurunsesi.net\/index.php\/wp-json\/wp\/v2\/tags?post=11415"}],"curies":[{"name":"wp","href":"https:\/\/api.w.org\/{rel}","templated":true}]}}