{"id":11419,"date":"2025-09-07T20:36:41","date_gmt":"2025-09-07T17:36:41","guid":{"rendered":"https:\/\/memurunsesi.net\/?p=11419"},"modified":"2025-09-07T20:36:41","modified_gmt":"2025-09-07T17:36:41","slug":"sivasta-polisten-kacan-otomobil-apartmana-carpti-bina-sakinleri-deprem-oluyor-zannetti","status":"publish","type":"post","link":"https:\/\/memurunsesi.net\/index.php\/2025\/09\/07\/sivasta-polisten-kacan-otomobil-apartmana-carpti-bina-sakinleri-deprem-oluyor-zannetti\/","title":{"rendered":"Sivas\u2019ta polisten ka\u00e7an otomobil apartmana \u00e7arpt\u0131, bina sakinleri deprem oluyor zannetti"},"content":{"rendered":"<p>  Sivas\u2019ta polisin \u2018dur\u2019 ihtar\u0131na uymayan otomobil, ya\u015fanan kovalamaca s\u0131ras\u0131nda bir binan\u0131n merdivenlerine \u00e7arpt\u0131. \u00c7arpman\u0131n etkisiyle bina sakinleri deprem oldu\u011funu zannetti.<br \/>\n  Edinilen bilgiye g\u00f6re olay, \u00f6\u011fle saatlerinde Vi\u015fneli Cami Sokak\u2019ta meydana geldi. 58 AGT 065 plakal\u0131 Volkswagen marka otomobilin s\u00fcr\u00fcc\u00fcs\u00fc, polis ekiplerinin \u2018dur\u2019 ihtar\u0131na uymayarak ka\u00e7maya ba\u015flad\u0131. Ara sokaklara girerek izini kaybettirmek isteyen ara\u00e7, kovalamaca s\u0131ras\u0131nda kontrolden \u00e7\u0131karak bir apartman\u0131n giri\u015findeki merdivenlere \u00e7arpt\u0131. Apartman sakinleri \u00e7arpman\u0131n etkisiyle b\u00fcy\u00fck bir g\u00fcr\u00fclt\u00fc duydu ve deprem oldu\u011funu zannetti. Polis ekipleri olay yerine k\u0131sa s\u00fcrede sevk edildi. Ara\u00e7ta buluna kimli\u011fi belirsiz \u015fah\u0131slardan biri yakalan\u0131rken, di\u011feri ka\u00e7arak uzakla\u015ft\u0131. Olayla ilgili inceleme ba\u015flat\u0131ld\u0131 <\/p>\n<p>  &#8220;Ne oluyor diye cama \u00e7\u0131k\u0131p bakt\u0131m ki ara\u00e7 apartmana \u00e7arpm\u0131\u015f&#8221;<br \/>\n  \u00c7arpman\u0131n etkisiyle \u00e7ok korktu\u011funu ifade eden apartman sakinlerinden Rukiye Alk\u0131\u015fla, &#8220;Evdeydim \u00e7arpman\u0131n etkisiyle \u00e7ok korktum. Deprem oluyor zannettim. Hastay\u0131m evden \u00e7\u0131kam\u0131yorum zaten, ne oluyor diye cama \u00e7\u0131k\u0131p bakt\u0131m ki ara\u00e7 apartmana \u00e7arpm\u0131\u015f. Ben burada yaln\u0131z ya\u015f\u0131yorum merdivenler de zarar g\u00f6rd\u00fc oray\u0131 da yapt\u0131rs\u0131nlar&#8221; dedi. <\/p>\n<p>7.09.2025                                 <\/p>\n","protected":false},"excerpt":{"rendered":"<p>Sivas\u2019ta polisin \u2018dur\u2019 ihtar\u0131na uymayan otomobil, ya\u015fanan kovalamaca s\u0131ras\u0131nda bir binan\u0131n merdivenlerine \u00e7arpt\u0131. \u00c7arpman\u0131n etkisiyle bina sakinleri deprem oldu\u011funu zannetti. Edinilen bilgiye g\u00f6re olay, \u00f6\u011fle saatlerinde Vi\u015fneli Cami Sokak\u2019ta meydana geldi. 58 AGT 065 plakal\u0131 Volkswagen marka otomobilin s\u00fcr\u00fcc\u00fcs\u00fc, polis ekiplerinin \u2018dur\u2019 ihtar\u0131na uymayarak ka\u00e7maya ba\u015flad\u0131. Ara sokaklara girerek izini kaybettirmek isteyen ara\u00e7, kovalamaca s\u0131ras\u0131nda [&hellip;]<\/p>\n","protected":false},"author":1,"featured_media":11420,"comment_status":"open","ping_status":"open","sticky":false,"template":"","format":"standard","meta":{"footnotes":""},"categories":[1],"tags":[],"class_list":["post-11419","post","type-post","status-publish","format-standard","has-post-thumbnail","hentry","category-genel"],"yoast_head":"<!-- This site is optimized with the Yoast SEO plugin v27.4 - https:\/\/yoast.com\/product\/yoast-seo-wordpress\/ -->\n<title>Sivas\u2019ta polisten ka\u00e7an otomobil apartmana \u00e7arpt\u0131, bina sakinleri deprem oluyor zannetti - Memurun Sesi<\/title>\n<meta name=\"robots\" content=\"index, follow, max-snippet:-1, max-image-preview:large, max-video-preview:-1\" \/>\n<link rel=\"canonical\" href=\"https:\/\/memurunsesi.net\/index.php\/2025\/09\/07\/sivasta-polisten-kacan-otomobil-apartmana-carpti-bina-sakinleri-deprem-oluyor-zannetti\/\" \/>\n<meta property=\"og:locale\" content=\"tr_TR\" \/>\n<meta property=\"og:type\" content=\"article\" \/>\n<meta property=\"og:title\" content=\"Sivas\u2019ta polisten ka\u00e7an otomobil apartmana \u00e7arpt\u0131, bina sakinleri deprem oluyor zannetti - Memurun Sesi\" \/>\n<meta property=\"og:description\" content=\"Sivas\u2019ta polisin \u2018dur\u2019 ihtar\u0131na uymayan otomobil, ya\u015fanan kovalamaca s\u0131ras\u0131nda bir binan\u0131n merdivenlerine \u00e7arpt\u0131. \u00c7arpman\u0131n etkisiyle bina sakinleri deprem oldu\u011funu zannetti. Edinilen bilgiye g\u00f6re olay, \u00f6\u011fle saatlerinde Vi\u015fneli Cami Sokak\u2019ta meydana geldi. 58 AGT 065 plakal\u0131 Volkswagen marka otomobilin s\u00fcr\u00fcc\u00fcs\u00fc, polis ekiplerinin \u2018dur\u2019 ihtar\u0131na uymayarak ka\u00e7maya ba\u015flad\u0131. Ara sokaklara girerek izini kaybettirmek isteyen ara\u00e7, kovalamaca s\u0131ras\u0131nda [&hellip;]\" \/>\n<meta property=\"og:url\" content=\"https:\/\/memurunsesi.net\/index.php\/2025\/09\/07\/sivasta-polisten-kacan-otomobil-apartmana-carpti-bina-sakinleri-deprem-oluyor-zannetti\/\" \/>\n<meta property=\"og:site_name\" content=\"Memurun Sesi\" \/>\n<meta property=\"article:publisher\" content=\"https:\/\/www.facebook.com\/unipersen\/?locale=tr_TR\" \/>\n<meta property=\"article:published_time\" content=\"2025-09-07T17:36:41+00:00\" \/>\n<meta property=\"og:image\" content=\"https:\/\/memurunsesi.net\/wp-content\/uploads\/2025\/09\/AW533310_01.jpg\" \/>\n\t<meta property=\"og:image:width\" content=\"2034\" \/>\n\t<meta property=\"og:image:height\" content=\"1115\" \/>\n\t<meta property=\"og:image:type\" content=\"image\/jpeg\" \/>\n<meta name=\"author\" content=\"Memurun Sesi Haber Merkezi\" \/>\n<meta name=\"twitter:card\" content=\"summary_large_image\" \/>\n<meta name=\"twitter:creator\" content=\"@unipersen\" \/>\n<meta name=\"twitter:site\" content=\"@unipersen\" \/>\n<meta name=\"twitter:label1\" content=\"Yazan:\" \/>\n\t<meta name=\"twitter:data1\" content=\"Memurun Sesi Haber Merkezi\" \/>\n\t<meta name=\"twitter:label2\" content=\"Tahmini okuma s\u00fcresi\" \/>\n\t<meta name=\"twitter:data2\" content=\"1 dakika\" \/>\n<script type=\"application\/ld+json\" class=\"yoast-schema-graph\">{\"@context\":\"https:\\\/\\\/schema.org\",\"@graph\":[{\"@type\":\"Article\",\"@id\":\"https:\\\/\\\/memurunsesi.net\\\/index.php\\\/2025\\\/09\\\/07\\\/sivasta-polisten-kacan-otomobil-apartmana-carpti-bina-sakinleri-deprem-oluyor-zannetti\\\/#article\",\"isPartOf\":{\"@id\":\"https:\\\/\\\/memurunsesi.net\\\/index.php\\\/2025\\\/09\\\/07\\\/sivasta-polisten-kacan-otomobil-apartmana-carpti-bina-sakinleri-deprem-oluyor-zannetti\\\/\"},\"author\":{\"name\":\"Memurun Sesi Haber Merkezi\",\"@id\":\"https:\\\/\\\/memurunsesi.net\\\/#\\\/schema\\\/person\\\/f21c2d73b89f6ee1d80b0a1803e38587\"},\"headline\":\"Sivas\u2019ta polisten ka\u00e7an otomobil apartmana \u00e7arpt\u0131, bina sakinleri deprem oluyor zannetti\",\"datePublished\":\"2025-09-07T17:36:41+00:00\",\"mainEntityOfPage\":{\"@id\":\"https:\\\/\\\/memurunsesi.net\\\/index.php\\\/2025\\\/09\\\/07\\\/sivasta-polisten-kacan-otomobil-apartmana-carpti-bina-sakinleri-deprem-oluyor-zannetti\\\/\"},\"wordCount\":214,\"commentCount\":0,\"publisher\":{\"@id\":\"https:\\\/\\\/memurunsesi.net\\\/#organization\"},\"image\":{\"@id\":\"https:\\\/\\\/memurunsesi.net\\\/index.php\\\/2025\\\/09\\\/07\\\/sivasta-polisten-kacan-otomobil-apartmana-carpti-bina-sakinleri-deprem-oluyor-zannetti\\\/#primaryimage\"},\"thumbnailUrl\":\"https:\\\/\\\/memurunsesi.net\\\/wp-content\\\/uploads\\\/2025\\\/09\\\/AW533310_01.jpg\",\"inLanguage\":\"tr\",\"potentialAction\":[{\"@type\":\"CommentAction\",\"name\":\"Comment\",\"target\":[\"https:\\\/\\\/memurunsesi.net\\\/index.php\\\/2025\\\/09\\\/07\\\/sivasta-polisten-kacan-otomobil-apartmana-carpti-bina-sakinleri-deprem-oluyor-zannetti\\\/#respond\"]}]},{\"@type\":\"WebPage\",\"@id\":\"https:\\\/\\\/memurunsesi.net\\\/index.php\\\/2025\\\/09\\\/07\\\/sivasta-polisten-kacan-otomobil-apartmana-carpti-bina-sakinleri-deprem-oluyor-zannetti\\\/\",\"url\":\"https:\\\/\\\/memurunsesi.net\\\/index.php\\\/2025\\\/09\\\/07\\\/sivasta-polisten-kacan-otomobil-apartmana-carpti-bina-sakinleri-deprem-oluyor-zannetti\\\/\",\"name\":\"Sivas\u2019ta polisten ka\u00e7an otomobil apartmana \u00e7arpt\u0131, bina sakinleri deprem oluyor zannetti - Memurun Sesi\",\"isPartOf\":{\"@id\":\"https:\\\/\\\/memurunsesi.net\\\/#website\"},\"primaryImageOfPage\":{\"@id\":\"https:\\\/\\\/memurunsesi.net\\\/index.php\\\/2025\\\/09\\\/07\\\/sivasta-polisten-kacan-otomobil-apartmana-carpti-bina-sakinleri-deprem-oluyor-zannetti\\\/#primaryimage\"},\"image\":{\"@id\":\"https:\\\/\\\/memurunsesi.net\\\/index.php\\\/2025\\\/09\\\/07\\\/sivasta-polisten-kacan-otomobil-apartmana-carpti-bina-sakinleri-deprem-oluyor-zannetti\\\/#primaryimage\"},\"thumbnailUrl\":\"https:\\\/\\\/memurunsesi.net\\\/wp-content\\\/uploads\\\/2025\\\/09\\\/AW533310_01.jpg\",\"datePublished\":\"2025-09-07T17:36:41+00:00\",\"breadcrumb\":{\"@id\":\"https:\\\/\\\/memurunsesi.net\\\/index.php\\\/2025\\\/09\\\/07\\\/sivasta-polisten-kacan-otomobil-apartmana-carpti-bina-sakinleri-deprem-oluyor-zannetti\\\/#breadcrumb\"},\"inLanguage\":\"tr\",\"potentialAction\":[{\"@type\":\"ReadAction\",\"target\":[\"https:\\\/\\\/memurunsesi.net\\\/index.php\\\/2025\\\/09\\\/07\\\/sivasta-polisten-kacan-otomobil-apartmana-carpti-bina-sakinleri-deprem-oluyor-zannetti\\\/\"]}]},{\"@type\":\"ImageObject\",\"inLanguage\":\"tr\",\"@id\":\"https:\\\/\\\/memurunsesi.net\\\/index.php\\\/2025\\\/09\\\/07\\\/sivasta-polisten-kacan-otomobil-apartmana-carpti-bina-sakinleri-deprem-oluyor-zannetti\\\/#primaryimage\",\"url\":\"https:\\\/\\\/memurunsesi.net\\\/wp-content\\\/uploads\\\/2025\\\/09\\\/AW533310_01.jpg\",\"contentUrl\":\"https:\\\/\\\/memurunsesi.net\\\/wp-content\\\/uploads\\\/2025\\\/09\\\/AW533310_01.jpg\",\"width\":2034,\"height\":1115,\"caption\":\"S\u0130VAS'TA POL\u0130S\u0130N 'DUR' \u0130HTARINA UYMAYAN OTOMOB\u0130L, YA\u015eANAN KOVALAMACA SIRASINDA B\u0130R B\u0130NANIN MERD\u0130VENLER\u0130NE \u00c7ARPTI. \u00c7ARPMANIN ETK\u0130S\u0130YLE B\u0130NA SAK\u0130NLER\u0130 DEPREM OLDU\u011eUNU ZANNETT\u0130. (AL\u0130 AYDIN - ENNUR \u015eAH\u0130N\\\/S\u0130VAS-\u0130HA) Sivas'ta polisin 'dur' ihtar\u0131na uymayan otomobil, ya\u015fanan kovalamaca s\u0131ras\u0131nda bir binan\u0131n merdivenlerine \u00e7arpt\u0131. \u00c7arpman\u0131n etkisiyle bina sakinleri deprem oldu\u011funu zannetti.\"},{\"@type\":\"BreadcrumbList\",\"@id\":\"https:\\\/\\\/memurunsesi.net\\\/index.php\\\/2025\\\/09\\\/07\\\/sivasta-polisten-kacan-otomobil-apartmana-carpti-bina-sakinleri-deprem-oluyor-zannetti\\\/#breadcrumb\",\"itemListElement\":[{\"@type\":\"ListItem\",\"position\":1,\"name\":\"Anasayfa\",\"item\":\"https:\\\/\\\/memurunsesi.net\\\/\"},{\"@type\":\"ListItem\",\"position\":2,\"name\":\"Sivas\u2019ta polisten ka\u00e7an otomobil apartmana \u00e7arpt\u0131, bina sakinleri deprem oluyor zannetti\"}]},{\"@type\":\"WebSite\",\"@id\":\"https:\\\/\\\/memurunsesi.net\\\/#website\",\"url\":\"https:\\\/\\\/memurunsesi.net\\\/\",\"name\":\"Memurun Sesi\",\"description\":\"G\u00fcncel ve Do\u011fru Haber\",\"publisher\":{\"@id\":\"https:\\\/\\\/memurunsesi.net\\\/#organization\"},\"potentialAction\":[{\"@type\":\"SearchAction\",\"target\":{\"@type\":\"EntryPoint\",\"urlTemplate\":\"https:\\\/\\\/memurunsesi.net\\\/?s={search_term_string}\"},\"query-input\":{\"@type\":\"PropertyValueSpecification\",\"valueRequired\":true,\"valueName\":\"search_term_string\"}}],\"inLanguage\":\"tr\"},{\"@type\":\"Organization\",\"@id\":\"https:\\\/\\\/memurunsesi.net\\\/#organization\",\"name\":\"Memurun Sesi\",\"url\":\"https:\\\/\\\/memurunsesi.net\\\/\",\"logo\":{\"@type\":\"ImageObject\",\"inLanguage\":\"tr\",\"@id\":\"https:\\\/\\\/memurunsesi.net\\\/#\\\/schema\\\/logo\\\/image\\\/\",\"url\":\"https:\\\/\\\/memurunsesi.net\\\/wp-content\\\/uploads\\\/2025\\\/11\\\/cropped-MEMURUN-SESI.png\",\"contentUrl\":\"https:\\\/\\\/memurunsesi.net\\\/wp-content\\\/uploads\\\/2025\\\/11\\\/cropped-MEMURUN-SESI.png\",\"width\":238,\"height\":57,\"caption\":\"Memurun Sesi\"},\"image\":{\"@id\":\"https:\\\/\\\/memurunsesi.net\\\/#\\\/schema\\\/logo\\\/image\\\/\"},\"sameAs\":[\"https:\\\/\\\/www.facebook.com\\\/unipersen\\\/?locale=tr_TR\",\"https:\\\/\\\/x.com\\\/unipersen\"]},{\"@type\":\"Person\",\"@id\":\"https:\\\/\\\/memurunsesi.net\\\/#\\\/schema\\\/person\\\/f21c2d73b89f6ee1d80b0a1803e38587\",\"name\":\"Memurun Sesi Haber Merkezi\",\"image\":{\"@type\":\"ImageObject\",\"inLanguage\":\"tr\",\"@id\":\"https:\\\/\\\/secure.gravatar.com\\\/avatar\\\/6cf0505f452ee753f485014986fab09a434671d2b919ee76fc541025c5876a70?s=96&d=mm&r=g\",\"url\":\"https:\\\/\\\/secure.gravatar.com\\\/avatar\\\/6cf0505f452ee753f485014986fab09a434671d2b919ee76fc541025c5876a70?s=96&d=mm&r=g\",\"contentUrl\":\"https:\\\/\\\/secure.gravatar.com\\\/avatar\\\/6cf0505f452ee753f485014986fab09a434671d2b919ee76fc541025c5876a70?s=96&d=mm&r=g\",\"caption\":\"Memurun Sesi Haber Merkezi\"},\"sameAs\":[\"https:\\\/\\\/memurunsesi.net\"],\"url\":\"https:\\\/\\\/memurunsesi.net\\\/index.php\\\/author\\\/uniper\\\/\"}]}<\/script>\n<!-- \/ Yoast SEO plugin. -->","yoast_head_json":{"title":"Sivas\u2019ta polisten ka\u00e7an otomobil apartmana \u00e7arpt\u0131, bina sakinleri deprem oluyor zannetti - Memurun Sesi","robots":{"index":"index","follow":"follow","max-snippet":"max-snippet:-1","max-image-preview":"max-image-preview:large","max-video-preview":"max-video-preview:-1"},"canonical":"https:\/\/memurunsesi.net\/index.php\/2025\/09\/07\/sivasta-polisten-kacan-otomobil-apartmana-carpti-bina-sakinleri-deprem-oluyor-zannetti\/","og_locale":"tr_TR","og_type":"article","og_title":"Sivas\u2019ta polisten ka\u00e7an otomobil apartmana \u00e7arpt\u0131, bina sakinleri deprem oluyor zannetti - Memurun Sesi","og_description":"Sivas\u2019ta polisin \u2018dur\u2019 ihtar\u0131na uymayan otomobil, ya\u015fanan kovalamaca s\u0131ras\u0131nda bir binan\u0131n merdivenlerine \u00e7arpt\u0131. \u00c7arpman\u0131n etkisiyle bina sakinleri deprem oldu\u011funu zannetti. Edinilen bilgiye g\u00f6re olay, \u00f6\u011fle saatlerinde Vi\u015fneli Cami Sokak\u2019ta meydana geldi. 58 AGT 065 plakal\u0131 Volkswagen marka otomobilin s\u00fcr\u00fcc\u00fcs\u00fc, polis ekiplerinin \u2018dur\u2019 ihtar\u0131na uymayarak ka\u00e7maya ba\u015flad\u0131. Ara sokaklara girerek izini kaybettirmek isteyen ara\u00e7, kovalamaca s\u0131ras\u0131nda [&hellip;]","og_url":"https:\/\/memurunsesi.net\/index.php\/2025\/09\/07\/sivasta-polisten-kacan-otomobil-apartmana-carpti-bina-sakinleri-deprem-oluyor-zannetti\/","og_site_name":"Memurun Sesi","article_publisher":"https:\/\/www.facebook.com\/unipersen\/?locale=tr_TR","article_published_time":"2025-09-07T17:36:41+00:00","og_image":[{"width":2034,"height":1115,"url":"https:\/\/memurunsesi.net\/wp-content\/uploads\/2025\/09\/AW533310_01.jpg","type":"image\/jpeg"}],"author":"Memurun Sesi Haber Merkezi","twitter_card":"summary_large_image","twitter_creator":"@unipersen","twitter_site":"@unipersen","twitter_misc":{"Yazan:":"Memurun Sesi Haber Merkezi","Tahmini okuma s\u00fcresi":"1 dakika"},"schema":{"@context":"https:\/\/schema.org","@graph":[{"@type":"Article","@id":"https:\/\/memurunsesi.net\/index.php\/2025\/09\/07\/sivasta-polisten-kacan-otomobil-apartmana-carpti-bina-sakinleri-deprem-oluyor-zannetti\/#article","isPartOf":{"@id":"https:\/\/memurunsesi.net\/index.php\/2025\/09\/07\/sivasta-polisten-kacan-otomobil-apartmana-carpti-bina-sakinleri-deprem-oluyor-zannetti\/"},"author":{"name":"Memurun Sesi Haber Merkezi","@id":"https:\/\/memurunsesi.net\/#\/schema\/person\/f21c2d73b89f6ee1d80b0a1803e38587"},"headline":"Sivas\u2019ta polisten ka\u00e7an otomobil apartmana \u00e7arpt\u0131, bina sakinleri deprem oluyor zannetti","datePublished":"2025-09-07T17:36:41+00:00","mainEntityOfPage":{"@id":"https:\/\/memurunsesi.net\/index.php\/2025\/09\/07\/sivasta-polisten-kacan-otomobil-apartmana-carpti-bina-sakinleri-deprem-oluyor-zannetti\/"},"wordCount":214,"commentCount":0,"publisher":{"@id":"https:\/\/memurunsesi.net\/#organization"},"image":{"@id":"https:\/\/memurunsesi.net\/index.php\/2025\/09\/07\/sivasta-polisten-kacan-otomobil-apartmana-carpti-bina-sakinleri-deprem-oluyor-zannetti\/#primaryimage"},"thumbnailUrl":"https:\/\/memurunsesi.net\/wp-content\/uploads\/2025\/09\/AW533310_01.jpg","inLanguage":"tr","potentialAction":[{"@type":"CommentAction","name":"Comment","target":["https:\/\/memurunsesi.net\/index.php\/2025\/09\/07\/sivasta-polisten-kacan-otomobil-apartmana-carpti-bina-sakinleri-deprem-oluyor-zannetti\/#respond"]}]},{"@type":"WebPage","@id":"https:\/\/memurunsesi.net\/index.php\/2025\/09\/07\/sivasta-polisten-kacan-otomobil-apartmana-carpti-bina-sakinleri-deprem-oluyor-zannetti\/","url":"https:\/\/memurunsesi.net\/index.php\/2025\/09\/07\/sivasta-polisten-kacan-otomobil-apartmana-carpti-bina-sakinleri-deprem-oluyor-zannetti\/","name":"Sivas\u2019ta polisten ka\u00e7an otomobil apartmana \u00e7arpt\u0131, bina sakinleri deprem oluyor zannetti - Memurun Sesi","isPartOf":{"@id":"https:\/\/memurunsesi.net\/#website"},"primaryImageOfPage":{"@id":"https:\/\/memurunsesi.net\/index.php\/2025\/09\/07\/sivasta-polisten-kacan-otomobil-apartmana-carpti-bina-sakinleri-deprem-oluyor-zannetti\/#primaryimage"},"image":{"@id":"https:\/\/memurunsesi.net\/index.php\/2025\/09\/07\/sivasta-polisten-kacan-otomobil-apartmana-carpti-bina-sakinleri-deprem-oluyor-zannetti\/#primaryimage"},"thumbnailUrl":"https:\/\/memurunsesi.net\/wp-content\/uploads\/2025\/09\/AW533310_01.jpg","datePublished":"2025-09-07T17:36:41+00:00","breadcrumb":{"@id":"https:\/\/memurunsesi.net\/index.php\/2025\/09\/07\/sivasta-polisten-kacan-otomobil-apartmana-carpti-bina-sakinleri-deprem-oluyor-zannetti\/#breadcrumb"},"inLanguage":"tr","potentialAction":[{"@type":"ReadAction","target":["https:\/\/memurunsesi.net\/index.php\/2025\/09\/07\/sivasta-polisten-kacan-otomobil-apartmana-carpti-bina-sakinleri-deprem-oluyor-zannetti\/"]}]},{"@type":"ImageObject","inLanguage":"tr","@id":"https:\/\/memurunsesi.net\/index.php\/2025\/09\/07\/sivasta-polisten-kacan-otomobil-apartmana-carpti-bina-sakinleri-deprem-oluyor-zannetti\/#primaryimage","url":"https:\/\/memurunsesi.net\/wp-content\/uploads\/2025\/09\/AW533310_01.jpg","contentUrl":"https:\/\/memurunsesi.net\/wp-content\/uploads\/2025\/09\/AW533310_01.jpg","width":2034,"height":1115,"caption":"S\u0130VAS'TA POL\u0130S\u0130N 'DUR' \u0130HTARINA UYMAYAN OTOMOB\u0130L, YA\u015eANAN KOVALAMACA SIRASINDA B\u0130R B\u0130NANIN MERD\u0130VENLER\u0130NE \u00c7ARPTI. \u00c7ARPMANIN ETK\u0130S\u0130YLE B\u0130NA SAK\u0130NLER\u0130 DEPREM OLDU\u011eUNU ZANNETT\u0130. (AL\u0130 AYDIN - ENNUR \u015eAH\u0130N\/S\u0130VAS-\u0130HA) Sivas'ta polisin 'dur' ihtar\u0131na uymayan otomobil, ya\u015fanan kovalamaca s\u0131ras\u0131nda bir binan\u0131n merdivenlerine \u00e7arpt\u0131. \u00c7arpman\u0131n etkisiyle bina sakinleri deprem oldu\u011funu zannetti."},{"@type":"BreadcrumbList","@id":"https:\/\/memurunsesi.net\/index.php\/2025\/09\/07\/sivasta-polisten-kacan-otomobil-apartmana-carpti-bina-sakinleri-deprem-oluyor-zannetti\/#breadcrumb","itemListElement":[{"@type":"ListItem","position":1,"name":"Anasayfa","item":"https:\/\/memurunsesi.net\/"},{"@type":"ListItem","position":2,"name":"Sivas\u2019ta polisten ka\u00e7an otomobil apartmana \u00e7arpt\u0131, bina sakinleri deprem oluyor zannetti"}]},{"@type":"WebSite","@id":"https:\/\/memurunsesi.net\/#website","url":"https:\/\/memurunsesi.net\/","name":"Memurun Sesi","description":"G\u00fcncel ve Do\u011fru Haber","publisher":{"@id":"https:\/\/memurunsesi.net\/#organization"},"potentialAction":[{"@type":"SearchAction","target":{"@type":"EntryPoint","urlTemplate":"https:\/\/memurunsesi.net\/?s={search_term_string}"},"query-input":{"@type":"PropertyValueSpecification","valueRequired":true,"valueName":"search_term_string"}}],"inLanguage":"tr"},{"@type":"Organization","@id":"https:\/\/memurunsesi.net\/#organization","name":"Memurun Sesi","url":"https:\/\/memurunsesi.net\/","logo":{"@type":"ImageObject","inLanguage":"tr","@id":"https:\/\/memurunsesi.net\/#\/schema\/logo\/image\/","url":"https:\/\/memurunsesi.net\/wp-content\/uploads\/2025\/11\/cropped-MEMURUN-SESI.png","contentUrl":"https:\/\/memurunsesi.net\/wp-content\/uploads\/2025\/11\/cropped-MEMURUN-SESI.png","width":238,"height":57,"caption":"Memurun Sesi"},"image":{"@id":"https:\/\/memurunsesi.net\/#\/schema\/logo\/image\/"},"sameAs":["https:\/\/www.facebook.com\/unipersen\/?locale=tr_TR","https:\/\/x.com\/unipersen"]},{"@type":"Person","@id":"https:\/\/memurunsesi.net\/#\/schema\/person\/f21c2d73b89f6ee1d80b0a1803e38587","name":"Memurun Sesi Haber Merkezi","image":{"@type":"ImageObject","inLanguage":"tr","@id":"https:\/\/secure.gravatar.com\/avatar\/6cf0505f452ee753f485014986fab09a434671d2b919ee76fc541025c5876a70?s=96&d=mm&r=g","url":"https:\/\/secure.gravatar.com\/avatar\/6cf0505f452ee753f485014986fab09a434671d2b919ee76fc541025c5876a70?s=96&d=mm&r=g","contentUrl":"https:\/\/secure.gravatar.com\/avatar\/6cf0505f452ee753f485014986fab09a434671d2b919ee76fc541025c5876a70?s=96&d=mm&r=g","caption":"Memurun Sesi Haber Merkezi"},"sameAs":["https:\/\/memurunsesi.net"],"url":"https:\/\/memurunsesi.net\/index.php\/author\/uniper\/"}]}},"_links":{"self":[{"href":"https:\/\/memurunsesi.net\/index.php\/wp-json\/wp\/v2\/posts\/11419","targetHints":{"allow":["GET"]}}],"collection":[{"href":"https:\/\/memurunsesi.net\/index.php\/wp-json\/wp\/v2\/posts"}],"about":[{"href":"https:\/\/memurunsesi.net\/index.php\/wp-json\/wp\/v2\/types\/post"}],"author":[{"embeddable":true,"href":"https:\/\/memurunsesi.net\/index.php\/wp-json\/wp\/v2\/users\/1"}],"replies":[{"embeddable":true,"href":"https:\/\/memurunsesi.net\/index.php\/wp-json\/wp\/v2\/comments?post=11419"}],"version-history":[{"count":1,"href":"https:\/\/memurunsesi.net\/index.php\/wp-json\/wp\/v2\/posts\/11419\/revisions"}],"predecessor-version":[{"id":11421,"href":"https:\/\/memurunsesi.net\/index.php\/wp-json\/wp\/v2\/posts\/11419\/revisions\/11421"}],"wp:featuredmedia":[{"embeddable":true,"href":"https:\/\/memurunsesi.net\/index.php\/wp-json\/wp\/v2\/media\/11420"}],"wp:attachment":[{"href":"https:\/\/memurunsesi.net\/index.php\/wp-json\/wp\/v2\/media?parent=11419"}],"wp:term":[{"taxonomy":"category","embeddable":true,"href":"https:\/\/memurunsesi.net\/index.php\/wp-json\/wp\/v2\/categories?post=11419"},{"taxonomy":"post_tag","embeddable":true,"href":"https:\/\/memurunsesi.net\/index.php\/wp-json\/wp\/v2\/tags?post=11419"}],"curies":[{"name":"wp","href":"https:\/\/api.w.org\/{rel}","templated":true}]}}