{"id":11422,"date":"2025-09-07T20:37:49","date_gmt":"2025-09-07T17:37:49","guid":{"rendered":"https:\/\/memurunsesi.net\/?p=11422"},"modified":"2025-09-07T20:37:49","modified_gmt":"2025-09-07T17:37:49","slug":"antalya-il-emniyet-muduru-ilker-arslan-tutuklandi","status":"publish","type":"post","link":"https:\/\/memurunsesi.net\/index.php\/2025\/09\/07\/antalya-il-emniyet-muduru-ilker-arslan-tutuklandi\/","title":{"rendered":"Antalya \u0130l Emniyet M\u00fcd\u00fcr\u00fc \u0130lker Arslan tutukland\u0131"},"content":{"rendered":"<p>  Antalya Cumhuriyet Ba\u015fsavc\u0131l\u0131\u011f\u0131&#8217;n\u0131n y\u00fcr\u00fctt\u00fc\u011f\u00fc soru\u015fturma kapsam\u0131nda \u0130\u00e7i\u015fleri Bakanl\u0131\u011f\u0131 taraf\u0131ndan g\u00f6revden uzakla\u015ft\u0131r\u0131lan Antalya \u0130l Emniyet M\u00fcd\u00fcr\u00fc \u0130lker Arslan ve i\u015f adam\u0131 Faz\u0131l A. \u00e7\u0131kar\u0131ld\u0131klar\u0131 mahkemece tutukland\u0131.<br \/>\n  Antalya B\u00fcy\u00fck\u015fehir Belediyesinin eski ba\u015fkan\u0131 Muhittin B\u00f6cek&#8217;in 6 Temmuz 2025&#8217;te g\u00f6revden uzakla\u015ft\u0131r\u0131lmas\u0131n\u0131n ard\u0131ndan y\u00fcr\u00fct\u00fclen ara\u015ft\u0131rmalarda, bir i\u015f adam\u0131 ile belediye i\u015ftiraklerinden ihale alan E.T.&#8217;nin ifadelerinde 1. S\u0131n\u0131f Emniyet M\u00fcd\u00fcr\u00fc \u0130lker Arslan&#8217;\u0131n Fazl\u0131 A. arac\u0131l\u0131\u011f\u0131yla r\u00fc\u015fvet ve \u00e7\u0131kar ili\u015fkilerine girdi\u011fi iddia edildi. Yap\u0131lan incelemelerde Fazl\u0131 A.&#8217;n\u0131n Arslan&#8217;a y\u00f6nelik veya ili\u015fkili para transferi yapt\u0131\u011f\u0131, ayr\u0131ca Arslan&#8217;\u0131n e\u015finin ge\u00e7mi\u015fte Fazl\u0131 A.&#8217;ya ait \u015firkette SGK kayd\u0131n\u0131n bulundu\u011fu ve maa\u015f ad\u0131 alt\u0131nda \u00f6deme ald\u0131\u011f\u0131 belirlendi. <\/p>\n<p>  D\u00fcn gece teslim olmu\u015ftu<br \/>\n  Emniyet Genel M\u00fcd\u00fcrl\u00fc\u011f\u00fc Tefti\u015f Kurulu taraf\u0131ndan g\u00f6revden uzakla\u015ft\u0131r\u0131lan \u0130lker Arslan hakk\u0131nda Antalya Cumhuriyet Ba\u015fsavc\u0131l\u0131\u011f\u0131, Arslan&#8217;\u0131n &#8220;r\u00fc\u015fvet almaya arac\u0131l\u0131k etmek, nitelikli doland\u0131r\u0131c\u0131l\u0131k ve haks\u0131z mal edinme&#8221; su\u00e7lamalar\u0131 kapsam\u0131nda g\u00f6zalt\u0131na al\u0131nmas\u0131 talimat\u0131n\u0131 verildi. Telefonlar\u0131n\u0131 kapatan ve kendisine ula\u015f\u0131lamamas\u0131 sebebiyle Antalya Cumhuriyet Ba\u015fsavc\u0131l\u0131\u011f\u0131 taraf\u0131ndan hakk\u0131nda yakalama karar\u0131 \u00e7\u0131kart\u0131lan \u0130lker Arslan, d\u00fcn gece saatlerinde Antalya&#8217;da g\u00fcvenlik g\u00fc\u00e7lerine teslim oldu. <\/p>\n<p>  \u0130lker Arslan ve i\u015f adam\u0131 tutukland\u0131<br \/>\n  1. S\u0131n\u0131f Emniyet M\u00fcd\u00fcr\u00fc \u0130lker Arslan ve i\u015f adam\u0131 Faz\u0131l A., ifade i\u015flemlerinin ard\u0131ndan Antalya Adliyesi&#8217;ne sevk edildi. Cumhuriyet Ba\u015fsavc\u0131l\u0131\u011f\u0131&#8217;na ifade veren Arslan ve Faz\u0131l A., ifade i\u015flemlerinin ard\u0131ndan tutuklama talebiyle \u00e7\u0131kar\u0131ld\u0131\u011f\u0131 mahkemece &#8220;r\u00fc\u015fvet almaya arac\u0131l\u0131k etmek, nitelikli doland\u0131r\u0131c\u0131l\u0131k ve haks\u0131z mal edinme&#8221; su\u00e7lamas\u0131yla tutuklanarak cezaevine g\u00f6nderildi. <\/p>\n<p>7.09.2025                                  <\/p>\n","protected":false},"excerpt":{"rendered":"<p>Antalya Cumhuriyet Ba\u015fsavc\u0131l\u0131\u011f\u0131&#8217;n\u0131n y\u00fcr\u00fctt\u00fc\u011f\u00fc soru\u015fturma kapsam\u0131nda \u0130\u00e7i\u015fleri Bakanl\u0131\u011f\u0131 taraf\u0131ndan g\u00f6revden uzakla\u015ft\u0131r\u0131lan Antalya \u0130l Emniyet M\u00fcd\u00fcr\u00fc \u0130lker Arslan ve i\u015f adam\u0131 Faz\u0131l A. \u00e7\u0131kar\u0131ld\u0131klar\u0131 mahkemece tutukland\u0131. Antalya B\u00fcy\u00fck\u015fehir Belediyesinin eski ba\u015fkan\u0131 Muhittin B\u00f6cek&#8217;in 6 Temmuz 2025&#8217;te g\u00f6revden uzakla\u015ft\u0131r\u0131lmas\u0131n\u0131n ard\u0131ndan y\u00fcr\u00fct\u00fclen ara\u015ft\u0131rmalarda, bir i\u015f adam\u0131 ile belediye i\u015ftiraklerinden ihale alan E.T.&#8217;nin ifadelerinde 1. S\u0131n\u0131f Emniyet M\u00fcd\u00fcr\u00fc \u0130lker [&hellip;]<\/p>\n","protected":false},"author":1,"featured_media":11423,"comment_status":"open","ping_status":"open","sticky":false,"template":"","format":"standard","meta":{"footnotes":""},"categories":[1],"tags":[],"class_list":["post-11422","post","type-post","status-publish","format-standard","has-post-thumbnail","hentry","category-genel"],"yoast_head":"<!-- This site is optimized with the Yoast SEO plugin v27.4 - https:\/\/yoast.com\/product\/yoast-seo-wordpress\/ -->\n<title>Antalya \u0130l Emniyet M\u00fcd\u00fcr\u00fc \u0130lker Arslan tutukland\u0131 - Memurun Sesi<\/title>\n<meta name=\"robots\" content=\"index, follow, max-snippet:-1, max-image-preview:large, max-video-preview:-1\" \/>\n<link rel=\"canonical\" href=\"https:\/\/memurunsesi.net\/index.php\/2025\/09\/07\/antalya-il-emniyet-muduru-ilker-arslan-tutuklandi\/\" \/>\n<meta property=\"og:locale\" content=\"tr_TR\" \/>\n<meta property=\"og:type\" content=\"article\" \/>\n<meta property=\"og:title\" content=\"Antalya \u0130l Emniyet M\u00fcd\u00fcr\u00fc \u0130lker Arslan tutukland\u0131 - Memurun Sesi\" \/>\n<meta property=\"og:description\" content=\"Antalya Cumhuriyet Ba\u015fsavc\u0131l\u0131\u011f\u0131&#8217;n\u0131n y\u00fcr\u00fctt\u00fc\u011f\u00fc soru\u015fturma kapsam\u0131nda \u0130\u00e7i\u015fleri Bakanl\u0131\u011f\u0131 taraf\u0131ndan g\u00f6revden uzakla\u015ft\u0131r\u0131lan Antalya \u0130l Emniyet M\u00fcd\u00fcr\u00fc \u0130lker Arslan ve i\u015f adam\u0131 Faz\u0131l A. \u00e7\u0131kar\u0131ld\u0131klar\u0131 mahkemece tutukland\u0131. Antalya B\u00fcy\u00fck\u015fehir Belediyesinin eski ba\u015fkan\u0131 Muhittin B\u00f6cek&#8217;in 6 Temmuz 2025&#8217;te g\u00f6revden uzakla\u015ft\u0131r\u0131lmas\u0131n\u0131n ard\u0131ndan y\u00fcr\u00fct\u00fclen ara\u015ft\u0131rmalarda, bir i\u015f adam\u0131 ile belediye i\u015ftiraklerinden ihale alan E.T.&#8217;nin ifadelerinde 1. S\u0131n\u0131f Emniyet M\u00fcd\u00fcr\u00fc \u0130lker [&hellip;]\" \/>\n<meta property=\"og:url\" content=\"https:\/\/memurunsesi.net\/index.php\/2025\/09\/07\/antalya-il-emniyet-muduru-ilker-arslan-tutuklandi\/\" \/>\n<meta property=\"og:site_name\" content=\"Memurun Sesi\" \/>\n<meta property=\"article:publisher\" content=\"https:\/\/www.facebook.com\/unipersen\/?locale=tr_TR\" \/>\n<meta property=\"article:published_time\" content=\"2025-09-07T17:37:49+00:00\" \/>\n<meta property=\"og:image\" content=\"https:\/\/memurunsesi.net\/wp-content\/uploads\/2025\/09\/AW533344_01.jpg\" \/>\n\t<meta property=\"og:image:width\" content=\"1600\" \/>\n\t<meta property=\"og:image:height\" content=\"1106\" \/>\n\t<meta property=\"og:image:type\" content=\"image\/jpeg\" \/>\n<meta name=\"author\" content=\"Memurun Sesi Haber Merkezi\" \/>\n<meta name=\"twitter:card\" content=\"summary_large_image\" \/>\n<meta name=\"twitter:creator\" content=\"@unipersen\" \/>\n<meta name=\"twitter:site\" content=\"@unipersen\" \/>\n<meta name=\"twitter:label1\" content=\"Yazan:\" \/>\n\t<meta name=\"twitter:data1\" content=\"Memurun Sesi Haber Merkezi\" \/>\n\t<meta name=\"twitter:label2\" content=\"Tahmini okuma s\u00fcresi\" \/>\n\t<meta name=\"twitter:data2\" content=\"1 dakika\" \/>\n<script type=\"application\/ld+json\" class=\"yoast-schema-graph\">{\"@context\":\"https:\\\/\\\/schema.org\",\"@graph\":[{\"@type\":\"Article\",\"@id\":\"https:\\\/\\\/memurunsesi.net\\\/index.php\\\/2025\\\/09\\\/07\\\/antalya-il-emniyet-muduru-ilker-arslan-tutuklandi\\\/#article\",\"isPartOf\":{\"@id\":\"https:\\\/\\\/memurunsesi.net\\\/index.php\\\/2025\\\/09\\\/07\\\/antalya-il-emniyet-muduru-ilker-arslan-tutuklandi\\\/\"},\"author\":{\"name\":\"Memurun Sesi Haber Merkezi\",\"@id\":\"https:\\\/\\\/memurunsesi.net\\\/#\\\/schema\\\/person\\\/f21c2d73b89f6ee1d80b0a1803e38587\"},\"headline\":\"Antalya \u0130l Emniyet M\u00fcd\u00fcr\u00fc \u0130lker Arslan tutukland\u0131\",\"datePublished\":\"2025-09-07T17:37:49+00:00\",\"mainEntityOfPage\":{\"@id\":\"https:\\\/\\\/memurunsesi.net\\\/index.php\\\/2025\\\/09\\\/07\\\/antalya-il-emniyet-muduru-ilker-arslan-tutuklandi\\\/\"},\"wordCount\":343,\"commentCount\":0,\"publisher\":{\"@id\":\"https:\\\/\\\/memurunsesi.net\\\/#organization\"},\"image\":{\"@id\":\"https:\\\/\\\/memurunsesi.net\\\/index.php\\\/2025\\\/09\\\/07\\\/antalya-il-emniyet-muduru-ilker-arslan-tutuklandi\\\/#primaryimage\"},\"thumbnailUrl\":\"https:\\\/\\\/memurunsesi.net\\\/wp-content\\\/uploads\\\/2025\\\/09\\\/AW533344_01.jpg\",\"inLanguage\":\"tr\",\"potentialAction\":[{\"@type\":\"CommentAction\",\"name\":\"Comment\",\"target\":[\"https:\\\/\\\/memurunsesi.net\\\/index.php\\\/2025\\\/09\\\/07\\\/antalya-il-emniyet-muduru-ilker-arslan-tutuklandi\\\/#respond\"]}]},{\"@type\":\"WebPage\",\"@id\":\"https:\\\/\\\/memurunsesi.net\\\/index.php\\\/2025\\\/09\\\/07\\\/antalya-il-emniyet-muduru-ilker-arslan-tutuklandi\\\/\",\"url\":\"https:\\\/\\\/memurunsesi.net\\\/index.php\\\/2025\\\/09\\\/07\\\/antalya-il-emniyet-muduru-ilker-arslan-tutuklandi\\\/\",\"name\":\"Antalya \u0130l Emniyet M\u00fcd\u00fcr\u00fc \u0130lker Arslan tutukland\u0131 - Memurun Sesi\",\"isPartOf\":{\"@id\":\"https:\\\/\\\/memurunsesi.net\\\/#website\"},\"primaryImageOfPage\":{\"@id\":\"https:\\\/\\\/memurunsesi.net\\\/index.php\\\/2025\\\/09\\\/07\\\/antalya-il-emniyet-muduru-ilker-arslan-tutuklandi\\\/#primaryimage\"},\"image\":{\"@id\":\"https:\\\/\\\/memurunsesi.net\\\/index.php\\\/2025\\\/09\\\/07\\\/antalya-il-emniyet-muduru-ilker-arslan-tutuklandi\\\/#primaryimage\"},\"thumbnailUrl\":\"https:\\\/\\\/memurunsesi.net\\\/wp-content\\\/uploads\\\/2025\\\/09\\\/AW533344_01.jpg\",\"datePublished\":\"2025-09-07T17:37:49+00:00\",\"breadcrumb\":{\"@id\":\"https:\\\/\\\/memurunsesi.net\\\/index.php\\\/2025\\\/09\\\/07\\\/antalya-il-emniyet-muduru-ilker-arslan-tutuklandi\\\/#breadcrumb\"},\"inLanguage\":\"tr\",\"potentialAction\":[{\"@type\":\"ReadAction\",\"target\":[\"https:\\\/\\\/memurunsesi.net\\\/index.php\\\/2025\\\/09\\\/07\\\/antalya-il-emniyet-muduru-ilker-arslan-tutuklandi\\\/\"]}]},{\"@type\":\"ImageObject\",\"inLanguage\":\"tr\",\"@id\":\"https:\\\/\\\/memurunsesi.net\\\/index.php\\\/2025\\\/09\\\/07\\\/antalya-il-emniyet-muduru-ilker-arslan-tutuklandi\\\/#primaryimage\",\"url\":\"https:\\\/\\\/memurunsesi.net\\\/wp-content\\\/uploads\\\/2025\\\/09\\\/AW533344_01.jpg\",\"contentUrl\":\"https:\\\/\\\/memurunsesi.net\\\/wp-content\\\/uploads\\\/2025\\\/09\\\/AW533344_01.jpg\",\"width\":1600,\"height\":1106,\"caption\":\"ANTALYA CUMHUR\u0130YET BA\u015eSAVCILI\u011eI'NIN Y\u00dcR\u00dcTT\u00dc\u011e\u00dc SORU\u015eTURMA KAPSAMINDA \u0130\u00c7\u0130\u015eLER\u0130 BAKANLI\u011eI TARAFINDAN G\u00d6REVDEN UZAKLA\u015eTIRILAN ANTALYA \u0130L EMN\u0130YET M\u00dcD\u00dcR\u00dc \u0130LKER ARSLAN \u00c7IKARILDI\u011eI MAHKEMECE TUTUKLANDI. (\u0130BRAH\u0130M S\u00d6NMEZ - RAMAZAN BOZCA\\\/ANTALYA-\u0130HA) Antalya Cumhuriyet Ba\u015fsavc\u0131l\u0131\u011f\u0131'n\u0131n y\u00fcr\u00fctt\u00fc\u011f\u00fc soru\u015fturma kapsam\u0131nda \u0130\u00e7i\u015fleri Bakanl\u0131\u011f\u0131 taraf\u0131ndan g\u00f6revden uzakla\u015ft\u0131r\u0131lan Antalya \u0130l Emniyet M\u00fcd\u00fcr\u00fc \u0130lker Arslan ve i\u015f adam\u0131 Faz\u0131l A. \u00e7\u0131kar\u0131ld\u0131klar\u0131 mahkemece tutukland\u0131.\"},{\"@type\":\"BreadcrumbList\",\"@id\":\"https:\\\/\\\/memurunsesi.net\\\/index.php\\\/2025\\\/09\\\/07\\\/antalya-il-emniyet-muduru-ilker-arslan-tutuklandi\\\/#breadcrumb\",\"itemListElement\":[{\"@type\":\"ListItem\",\"position\":1,\"name\":\"Anasayfa\",\"item\":\"https:\\\/\\\/memurunsesi.net\\\/\"},{\"@type\":\"ListItem\",\"position\":2,\"name\":\"Antalya \u0130l Emniyet M\u00fcd\u00fcr\u00fc \u0130lker Arslan tutukland\u0131\"}]},{\"@type\":\"WebSite\",\"@id\":\"https:\\\/\\\/memurunsesi.net\\\/#website\",\"url\":\"https:\\\/\\\/memurunsesi.net\\\/\",\"name\":\"Memurun Sesi\",\"description\":\"G\u00fcncel ve Do\u011fru Haber\",\"publisher\":{\"@id\":\"https:\\\/\\\/memurunsesi.net\\\/#organization\"},\"potentialAction\":[{\"@type\":\"SearchAction\",\"target\":{\"@type\":\"EntryPoint\",\"urlTemplate\":\"https:\\\/\\\/memurunsesi.net\\\/?s={search_term_string}\"},\"query-input\":{\"@type\":\"PropertyValueSpecification\",\"valueRequired\":true,\"valueName\":\"search_term_string\"}}],\"inLanguage\":\"tr\"},{\"@type\":\"Organization\",\"@id\":\"https:\\\/\\\/memurunsesi.net\\\/#organization\",\"name\":\"Memurun Sesi\",\"url\":\"https:\\\/\\\/memurunsesi.net\\\/\",\"logo\":{\"@type\":\"ImageObject\",\"inLanguage\":\"tr\",\"@id\":\"https:\\\/\\\/memurunsesi.net\\\/#\\\/schema\\\/logo\\\/image\\\/\",\"url\":\"https:\\\/\\\/memurunsesi.net\\\/wp-content\\\/uploads\\\/2025\\\/11\\\/cropped-MEMURUN-SESI.png\",\"contentUrl\":\"https:\\\/\\\/memurunsesi.net\\\/wp-content\\\/uploads\\\/2025\\\/11\\\/cropped-MEMURUN-SESI.png\",\"width\":238,\"height\":57,\"caption\":\"Memurun Sesi\"},\"image\":{\"@id\":\"https:\\\/\\\/memurunsesi.net\\\/#\\\/schema\\\/logo\\\/image\\\/\"},\"sameAs\":[\"https:\\\/\\\/www.facebook.com\\\/unipersen\\\/?locale=tr_TR\",\"https:\\\/\\\/x.com\\\/unipersen\"]},{\"@type\":\"Person\",\"@id\":\"https:\\\/\\\/memurunsesi.net\\\/#\\\/schema\\\/person\\\/f21c2d73b89f6ee1d80b0a1803e38587\",\"name\":\"Memurun Sesi Haber Merkezi\",\"image\":{\"@type\":\"ImageObject\",\"inLanguage\":\"tr\",\"@id\":\"https:\\\/\\\/secure.gravatar.com\\\/avatar\\\/6cf0505f452ee753f485014986fab09a434671d2b919ee76fc541025c5876a70?s=96&d=mm&r=g\",\"url\":\"https:\\\/\\\/secure.gravatar.com\\\/avatar\\\/6cf0505f452ee753f485014986fab09a434671d2b919ee76fc541025c5876a70?s=96&d=mm&r=g\",\"contentUrl\":\"https:\\\/\\\/secure.gravatar.com\\\/avatar\\\/6cf0505f452ee753f485014986fab09a434671d2b919ee76fc541025c5876a70?s=96&d=mm&r=g\",\"caption\":\"Memurun Sesi Haber Merkezi\"},\"sameAs\":[\"https:\\\/\\\/memurunsesi.net\"],\"url\":\"https:\\\/\\\/memurunsesi.net\\\/index.php\\\/author\\\/uniper\\\/\"}]}<\/script>\n<!-- \/ Yoast SEO plugin. -->","yoast_head_json":{"title":"Antalya \u0130l Emniyet M\u00fcd\u00fcr\u00fc \u0130lker Arslan tutukland\u0131 - Memurun Sesi","robots":{"index":"index","follow":"follow","max-snippet":"max-snippet:-1","max-image-preview":"max-image-preview:large","max-video-preview":"max-video-preview:-1"},"canonical":"https:\/\/memurunsesi.net\/index.php\/2025\/09\/07\/antalya-il-emniyet-muduru-ilker-arslan-tutuklandi\/","og_locale":"tr_TR","og_type":"article","og_title":"Antalya \u0130l Emniyet M\u00fcd\u00fcr\u00fc \u0130lker Arslan tutukland\u0131 - Memurun Sesi","og_description":"Antalya Cumhuriyet Ba\u015fsavc\u0131l\u0131\u011f\u0131&#8217;n\u0131n y\u00fcr\u00fctt\u00fc\u011f\u00fc soru\u015fturma kapsam\u0131nda \u0130\u00e7i\u015fleri Bakanl\u0131\u011f\u0131 taraf\u0131ndan g\u00f6revden uzakla\u015ft\u0131r\u0131lan Antalya \u0130l Emniyet M\u00fcd\u00fcr\u00fc \u0130lker Arslan ve i\u015f adam\u0131 Faz\u0131l A. \u00e7\u0131kar\u0131ld\u0131klar\u0131 mahkemece tutukland\u0131. Antalya B\u00fcy\u00fck\u015fehir Belediyesinin eski ba\u015fkan\u0131 Muhittin B\u00f6cek&#8217;in 6 Temmuz 2025&#8217;te g\u00f6revden uzakla\u015ft\u0131r\u0131lmas\u0131n\u0131n ard\u0131ndan y\u00fcr\u00fct\u00fclen ara\u015ft\u0131rmalarda, bir i\u015f adam\u0131 ile belediye i\u015ftiraklerinden ihale alan E.T.&#8217;nin ifadelerinde 1. S\u0131n\u0131f Emniyet M\u00fcd\u00fcr\u00fc \u0130lker [&hellip;]","og_url":"https:\/\/memurunsesi.net\/index.php\/2025\/09\/07\/antalya-il-emniyet-muduru-ilker-arslan-tutuklandi\/","og_site_name":"Memurun Sesi","article_publisher":"https:\/\/www.facebook.com\/unipersen\/?locale=tr_TR","article_published_time":"2025-09-07T17:37:49+00:00","og_image":[{"width":1600,"height":1106,"url":"https:\/\/memurunsesi.net\/wp-content\/uploads\/2025\/09\/AW533344_01.jpg","type":"image\/jpeg"}],"author":"Memurun Sesi Haber Merkezi","twitter_card":"summary_large_image","twitter_creator":"@unipersen","twitter_site":"@unipersen","twitter_misc":{"Yazan:":"Memurun Sesi Haber Merkezi","Tahmini okuma s\u00fcresi":"1 dakika"},"schema":{"@context":"https:\/\/schema.org","@graph":[{"@type":"Article","@id":"https:\/\/memurunsesi.net\/index.php\/2025\/09\/07\/antalya-il-emniyet-muduru-ilker-arslan-tutuklandi\/#article","isPartOf":{"@id":"https:\/\/memurunsesi.net\/index.php\/2025\/09\/07\/antalya-il-emniyet-muduru-ilker-arslan-tutuklandi\/"},"author":{"name":"Memurun Sesi Haber Merkezi","@id":"https:\/\/memurunsesi.net\/#\/schema\/person\/f21c2d73b89f6ee1d80b0a1803e38587"},"headline":"Antalya \u0130l Emniyet M\u00fcd\u00fcr\u00fc \u0130lker Arslan tutukland\u0131","datePublished":"2025-09-07T17:37:49+00:00","mainEntityOfPage":{"@id":"https:\/\/memurunsesi.net\/index.php\/2025\/09\/07\/antalya-il-emniyet-muduru-ilker-arslan-tutuklandi\/"},"wordCount":343,"commentCount":0,"publisher":{"@id":"https:\/\/memurunsesi.net\/#organization"},"image":{"@id":"https:\/\/memurunsesi.net\/index.php\/2025\/09\/07\/antalya-il-emniyet-muduru-ilker-arslan-tutuklandi\/#primaryimage"},"thumbnailUrl":"https:\/\/memurunsesi.net\/wp-content\/uploads\/2025\/09\/AW533344_01.jpg","inLanguage":"tr","potentialAction":[{"@type":"CommentAction","name":"Comment","target":["https:\/\/memurunsesi.net\/index.php\/2025\/09\/07\/antalya-il-emniyet-muduru-ilker-arslan-tutuklandi\/#respond"]}]},{"@type":"WebPage","@id":"https:\/\/memurunsesi.net\/index.php\/2025\/09\/07\/antalya-il-emniyet-muduru-ilker-arslan-tutuklandi\/","url":"https:\/\/memurunsesi.net\/index.php\/2025\/09\/07\/antalya-il-emniyet-muduru-ilker-arslan-tutuklandi\/","name":"Antalya \u0130l Emniyet M\u00fcd\u00fcr\u00fc \u0130lker Arslan tutukland\u0131 - Memurun Sesi","isPartOf":{"@id":"https:\/\/memurunsesi.net\/#website"},"primaryImageOfPage":{"@id":"https:\/\/memurunsesi.net\/index.php\/2025\/09\/07\/antalya-il-emniyet-muduru-ilker-arslan-tutuklandi\/#primaryimage"},"image":{"@id":"https:\/\/memurunsesi.net\/index.php\/2025\/09\/07\/antalya-il-emniyet-muduru-ilker-arslan-tutuklandi\/#primaryimage"},"thumbnailUrl":"https:\/\/memurunsesi.net\/wp-content\/uploads\/2025\/09\/AW533344_01.jpg","datePublished":"2025-09-07T17:37:49+00:00","breadcrumb":{"@id":"https:\/\/memurunsesi.net\/index.php\/2025\/09\/07\/antalya-il-emniyet-muduru-ilker-arslan-tutuklandi\/#breadcrumb"},"inLanguage":"tr","potentialAction":[{"@type":"ReadAction","target":["https:\/\/memurunsesi.net\/index.php\/2025\/09\/07\/antalya-il-emniyet-muduru-ilker-arslan-tutuklandi\/"]}]},{"@type":"ImageObject","inLanguage":"tr","@id":"https:\/\/memurunsesi.net\/index.php\/2025\/09\/07\/antalya-il-emniyet-muduru-ilker-arslan-tutuklandi\/#primaryimage","url":"https:\/\/memurunsesi.net\/wp-content\/uploads\/2025\/09\/AW533344_01.jpg","contentUrl":"https:\/\/memurunsesi.net\/wp-content\/uploads\/2025\/09\/AW533344_01.jpg","width":1600,"height":1106,"caption":"ANTALYA CUMHUR\u0130YET BA\u015eSAVCILI\u011eI'NIN Y\u00dcR\u00dcTT\u00dc\u011e\u00dc SORU\u015eTURMA KAPSAMINDA \u0130\u00c7\u0130\u015eLER\u0130 BAKANLI\u011eI TARAFINDAN G\u00d6REVDEN UZAKLA\u015eTIRILAN ANTALYA \u0130L EMN\u0130YET M\u00dcD\u00dcR\u00dc \u0130LKER ARSLAN \u00c7IKARILDI\u011eI MAHKEMECE TUTUKLANDI. (\u0130BRAH\u0130M S\u00d6NMEZ - RAMAZAN BOZCA\/ANTALYA-\u0130HA) Antalya Cumhuriyet Ba\u015fsavc\u0131l\u0131\u011f\u0131'n\u0131n y\u00fcr\u00fctt\u00fc\u011f\u00fc soru\u015fturma kapsam\u0131nda \u0130\u00e7i\u015fleri Bakanl\u0131\u011f\u0131 taraf\u0131ndan g\u00f6revden uzakla\u015ft\u0131r\u0131lan Antalya \u0130l Emniyet M\u00fcd\u00fcr\u00fc \u0130lker Arslan ve i\u015f adam\u0131 Faz\u0131l A. \u00e7\u0131kar\u0131ld\u0131klar\u0131 mahkemece tutukland\u0131."},{"@type":"BreadcrumbList","@id":"https:\/\/memurunsesi.net\/index.php\/2025\/09\/07\/antalya-il-emniyet-muduru-ilker-arslan-tutuklandi\/#breadcrumb","itemListElement":[{"@type":"ListItem","position":1,"name":"Anasayfa","item":"https:\/\/memurunsesi.net\/"},{"@type":"ListItem","position":2,"name":"Antalya \u0130l Emniyet M\u00fcd\u00fcr\u00fc \u0130lker Arslan tutukland\u0131"}]},{"@type":"WebSite","@id":"https:\/\/memurunsesi.net\/#website","url":"https:\/\/memurunsesi.net\/","name":"Memurun Sesi","description":"G\u00fcncel ve Do\u011fru Haber","publisher":{"@id":"https:\/\/memurunsesi.net\/#organization"},"potentialAction":[{"@type":"SearchAction","target":{"@type":"EntryPoint","urlTemplate":"https:\/\/memurunsesi.net\/?s={search_term_string}"},"query-input":{"@type":"PropertyValueSpecification","valueRequired":true,"valueName":"search_term_string"}}],"inLanguage":"tr"},{"@type":"Organization","@id":"https:\/\/memurunsesi.net\/#organization","name":"Memurun Sesi","url":"https:\/\/memurunsesi.net\/","logo":{"@type":"ImageObject","inLanguage":"tr","@id":"https:\/\/memurunsesi.net\/#\/schema\/logo\/image\/","url":"https:\/\/memurunsesi.net\/wp-content\/uploads\/2025\/11\/cropped-MEMURUN-SESI.png","contentUrl":"https:\/\/memurunsesi.net\/wp-content\/uploads\/2025\/11\/cropped-MEMURUN-SESI.png","width":238,"height":57,"caption":"Memurun Sesi"},"image":{"@id":"https:\/\/memurunsesi.net\/#\/schema\/logo\/image\/"},"sameAs":["https:\/\/www.facebook.com\/unipersen\/?locale=tr_TR","https:\/\/x.com\/unipersen"]},{"@type":"Person","@id":"https:\/\/memurunsesi.net\/#\/schema\/person\/f21c2d73b89f6ee1d80b0a1803e38587","name":"Memurun Sesi Haber Merkezi","image":{"@type":"ImageObject","inLanguage":"tr","@id":"https:\/\/secure.gravatar.com\/avatar\/6cf0505f452ee753f485014986fab09a434671d2b919ee76fc541025c5876a70?s=96&d=mm&r=g","url":"https:\/\/secure.gravatar.com\/avatar\/6cf0505f452ee753f485014986fab09a434671d2b919ee76fc541025c5876a70?s=96&d=mm&r=g","contentUrl":"https:\/\/secure.gravatar.com\/avatar\/6cf0505f452ee753f485014986fab09a434671d2b919ee76fc541025c5876a70?s=96&d=mm&r=g","caption":"Memurun Sesi Haber Merkezi"},"sameAs":["https:\/\/memurunsesi.net"],"url":"https:\/\/memurunsesi.net\/index.php\/author\/uniper\/"}]}},"_links":{"self":[{"href":"https:\/\/memurunsesi.net\/index.php\/wp-json\/wp\/v2\/posts\/11422","targetHints":{"allow":["GET"]}}],"collection":[{"href":"https:\/\/memurunsesi.net\/index.php\/wp-json\/wp\/v2\/posts"}],"about":[{"href":"https:\/\/memurunsesi.net\/index.php\/wp-json\/wp\/v2\/types\/post"}],"author":[{"embeddable":true,"href":"https:\/\/memurunsesi.net\/index.php\/wp-json\/wp\/v2\/users\/1"}],"replies":[{"embeddable":true,"href":"https:\/\/memurunsesi.net\/index.php\/wp-json\/wp\/v2\/comments?post=11422"}],"version-history":[{"count":1,"href":"https:\/\/memurunsesi.net\/index.php\/wp-json\/wp\/v2\/posts\/11422\/revisions"}],"predecessor-version":[{"id":11424,"href":"https:\/\/memurunsesi.net\/index.php\/wp-json\/wp\/v2\/posts\/11422\/revisions\/11424"}],"wp:featuredmedia":[{"embeddable":true,"href":"https:\/\/memurunsesi.net\/index.php\/wp-json\/wp\/v2\/media\/11423"}],"wp:attachment":[{"href":"https:\/\/memurunsesi.net\/index.php\/wp-json\/wp\/v2\/media?parent=11422"}],"wp:term":[{"taxonomy":"category","embeddable":true,"href":"https:\/\/memurunsesi.net\/index.php\/wp-json\/wp\/v2\/categories?post=11422"},{"taxonomy":"post_tag","embeddable":true,"href":"https:\/\/memurunsesi.net\/index.php\/wp-json\/wp\/v2\/tags?post=11422"}],"curies":[{"name":"wp","href":"https:\/\/api.w.org\/{rel}","templated":true}]}}