{"id":11428,"date":"2025-09-07T20:40:30","date_gmt":"2025-09-07T17:40:30","guid":{"rendered":"https:\/\/memurunsesi.net\/?p=11428"},"modified":"2025-09-07T20:40:30","modified_gmt":"2025-09-07T17:40:30","slug":"sanliurfada-4-ilcede-es-zamanli-operasyon-cok-sayida-silah-ele-gecirildi","status":"publish","type":"post","link":"https:\/\/memurunsesi.net\/index.php\/2025\/09\/07\/sanliurfada-4-ilcede-es-zamanli-operasyon-cok-sayida-silah-ele-gecirildi\/","title":{"rendered":"\u015eanl\u0131urfa&#8217;da 4 il\u00e7ede e\u015f zamanl\u0131 operasyon: \u00c7ok say\u0131da silah ele ge\u00e7irildi"},"content":{"rendered":"<p>   \u015eanl\u0131urfa&#8217;da 4 il\u00e7ede yap\u0131lan geni\u015f \u00e7apl\u0131 operasyonda \u00e7ok say\u0131da silah ele ge\u00e7irildi.<br \/>\n\u015eanl\u0131urfa \u0130l Jandarma Komutanl\u0131\u011f\u0131 ekipleri, yasa d\u0131\u015f\u0131 ve ruhsats\u0131z silahlanmayla m\u00fccadele kapsam\u0131nda Ak\u00e7akale, Birecik, Halfeti ve Siverek il\u00e7elerinde e\u015f zamanl\u0131 operasyon d\u00fczenledi. Yap\u0131lan bask\u0131nlarda \u00e7ok say\u0131da ruhsats\u0131z silah ele ge\u00e7irildi.<br \/>\n  Edinilen bilgiye g\u00f6re,  y\u00fcr\u00fct\u00fclen operasyonlarda, 9 ruhsats\u0131z tabanca, 4 ruhsats\u0131z av t\u00fcfe\u011fi, 1 kurus\u0131k\u0131 tabanca, 10 tabanca \u015farj\u00f6r\u00fc, 2 av t\u00fcfe\u011fi \u015farj\u00f6r\u00fc ve farkl\u0131 \u00e7aplarda 241 fi\u015fek ele ge\u00e7irildi.<br \/>\n  Olayla ilgili \u015f\u00fcpheli \u015fah\u0131slar hakk\u0131nda adli i\u015flem ba\u015flat\u0131ld\u0131. <\/p>\n<p>7.09.2025                                <\/p>\n","protected":false},"excerpt":{"rendered":"<p>\u015eanl\u0131urfa&#8217;da 4 il\u00e7ede yap\u0131lan geni\u015f \u00e7apl\u0131 operasyonda \u00e7ok say\u0131da silah ele ge\u00e7irildi. \u015eanl\u0131urfa \u0130l Jandarma Komutanl\u0131\u011f\u0131 ekipleri, yasa d\u0131\u015f\u0131 ve ruhsats\u0131z silahlanmayla m\u00fccadele kapsam\u0131nda Ak\u00e7akale, Birecik, Halfeti ve Siverek il\u00e7elerinde e\u015f zamanl\u0131 operasyon d\u00fczenledi. Yap\u0131lan bask\u0131nlarda \u00e7ok say\u0131da ruhsats\u0131z silah ele ge\u00e7irildi. Edinilen bilgiye g\u00f6re, y\u00fcr\u00fct\u00fclen operasyonlarda, 9 ruhsats\u0131z tabanca, 4 ruhsats\u0131z av t\u00fcfe\u011fi, 1 [&hellip;]<\/p>\n","protected":false},"author":1,"featured_media":11429,"comment_status":"open","ping_status":"open","sticky":false,"template":"","format":"standard","meta":{"footnotes":""},"categories":[1],"tags":[],"class_list":["post-11428","post","type-post","status-publish","format-standard","has-post-thumbnail","hentry","category-genel"],"yoast_head":"<!-- This site is optimized with the Yoast SEO plugin v27.4 - https:\/\/yoast.com\/product\/yoast-seo-wordpress\/ -->\n<title>\u015eanl\u0131urfa&#039;da 4 il\u00e7ede e\u015f zamanl\u0131 operasyon: \u00c7ok say\u0131da silah ele ge\u00e7irildi - Memurun Sesi<\/title>\n<meta name=\"robots\" content=\"index, follow, max-snippet:-1, max-image-preview:large, max-video-preview:-1\" \/>\n<link rel=\"canonical\" href=\"https:\/\/memurunsesi.net\/index.php\/2025\/09\/07\/sanliurfada-4-ilcede-es-zamanli-operasyon-cok-sayida-silah-ele-gecirildi\/\" \/>\n<meta property=\"og:locale\" content=\"tr_TR\" \/>\n<meta property=\"og:type\" content=\"article\" \/>\n<meta property=\"og:title\" content=\"\u015eanl\u0131urfa&#039;da 4 il\u00e7ede e\u015f zamanl\u0131 operasyon: \u00c7ok say\u0131da silah ele ge\u00e7irildi - Memurun Sesi\" \/>\n<meta property=\"og:description\" content=\"\u015eanl\u0131urfa&#8217;da 4 il\u00e7ede yap\u0131lan geni\u015f \u00e7apl\u0131 operasyonda \u00e7ok say\u0131da silah ele ge\u00e7irildi. \u015eanl\u0131urfa \u0130l Jandarma Komutanl\u0131\u011f\u0131 ekipleri, yasa d\u0131\u015f\u0131 ve ruhsats\u0131z silahlanmayla m\u00fccadele kapsam\u0131nda Ak\u00e7akale, Birecik, Halfeti ve Siverek il\u00e7elerinde e\u015f zamanl\u0131 operasyon d\u00fczenledi. Yap\u0131lan bask\u0131nlarda \u00e7ok say\u0131da ruhsats\u0131z silah ele ge\u00e7irildi. Edinilen bilgiye g\u00f6re, y\u00fcr\u00fct\u00fclen operasyonlarda, 9 ruhsats\u0131z tabanca, 4 ruhsats\u0131z av t\u00fcfe\u011fi, 1 [&hellip;]\" \/>\n<meta property=\"og:url\" content=\"https:\/\/memurunsesi.net\/index.php\/2025\/09\/07\/sanliurfada-4-ilcede-es-zamanli-operasyon-cok-sayida-silah-ele-gecirildi\/\" \/>\n<meta property=\"og:site_name\" content=\"Memurun Sesi\" \/>\n<meta property=\"article:publisher\" content=\"https:\/\/www.facebook.com\/unipersen\/?locale=tr_TR\" \/>\n<meta property=\"article:published_time\" content=\"2025-09-07T17:40:30+00:00\" \/>\n<meta property=\"og:image\" content=\"https:\/\/memurunsesi.net\/wp-content\/uploads\/2025\/09\/AW533307_01.jpg\" \/>\n\t<meta property=\"og:image:width\" content=\"1600\" \/>\n\t<meta property=\"og:image:height\" content=\"1200\" \/>\n\t<meta property=\"og:image:type\" content=\"image\/jpeg\" \/>\n<meta name=\"author\" content=\"Memurun Sesi Haber Merkezi\" \/>\n<meta name=\"twitter:card\" content=\"summary_large_image\" \/>\n<meta name=\"twitter:creator\" content=\"@unipersen\" \/>\n<meta name=\"twitter:site\" content=\"@unipersen\" \/>\n<meta name=\"twitter:label1\" content=\"Yazan:\" \/>\n\t<meta name=\"twitter:data1\" content=\"Memurun Sesi Haber Merkezi\" \/>\n\t<meta name=\"twitter:label2\" content=\"Tahmini okuma s\u00fcresi\" \/>\n\t<meta name=\"twitter:data2\" content=\"1 dakika\" \/>\n<script type=\"application\/ld+json\" class=\"yoast-schema-graph\">{\"@context\":\"https:\\\/\\\/schema.org\",\"@graph\":[{\"@type\":\"Article\",\"@id\":\"https:\\\/\\\/memurunsesi.net\\\/index.php\\\/2025\\\/09\\\/07\\\/sanliurfada-4-ilcede-es-zamanli-operasyon-cok-sayida-silah-ele-gecirildi\\\/#article\",\"isPartOf\":{\"@id\":\"https:\\\/\\\/memurunsesi.net\\\/index.php\\\/2025\\\/09\\\/07\\\/sanliurfada-4-ilcede-es-zamanli-operasyon-cok-sayida-silah-ele-gecirildi\\\/\"},\"author\":{\"name\":\"Memurun Sesi Haber Merkezi\",\"@id\":\"https:\\\/\\\/memurunsesi.net\\\/#\\\/schema\\\/person\\\/f21c2d73b89f6ee1d80b0a1803e38587\"},\"headline\":\"\u015eanl\u0131urfa&#8217;da 4 il\u00e7ede e\u015f zamanl\u0131 operasyon: \u00c7ok say\u0131da silah ele ge\u00e7irildi\",\"datePublished\":\"2025-09-07T17:40:30+00:00\",\"mainEntityOfPage\":{\"@id\":\"https:\\\/\\\/memurunsesi.net\\\/index.php\\\/2025\\\/09\\\/07\\\/sanliurfada-4-ilcede-es-zamanli-operasyon-cok-sayida-silah-ele-gecirildi\\\/\"},\"wordCount\":125,\"commentCount\":0,\"publisher\":{\"@id\":\"https:\\\/\\\/memurunsesi.net\\\/#organization\"},\"image\":{\"@id\":\"https:\\\/\\\/memurunsesi.net\\\/index.php\\\/2025\\\/09\\\/07\\\/sanliurfada-4-ilcede-es-zamanli-operasyon-cok-sayida-silah-ele-gecirildi\\\/#primaryimage\"},\"thumbnailUrl\":\"https:\\\/\\\/memurunsesi.net\\\/wp-content\\\/uploads\\\/2025\\\/09\\\/AW533307_01.jpg\",\"inLanguage\":\"tr\",\"potentialAction\":[{\"@type\":\"CommentAction\",\"name\":\"Comment\",\"target\":[\"https:\\\/\\\/memurunsesi.net\\\/index.php\\\/2025\\\/09\\\/07\\\/sanliurfada-4-ilcede-es-zamanli-operasyon-cok-sayida-silah-ele-gecirildi\\\/#respond\"]}]},{\"@type\":\"WebPage\",\"@id\":\"https:\\\/\\\/memurunsesi.net\\\/index.php\\\/2025\\\/09\\\/07\\\/sanliurfada-4-ilcede-es-zamanli-operasyon-cok-sayida-silah-ele-gecirildi\\\/\",\"url\":\"https:\\\/\\\/memurunsesi.net\\\/index.php\\\/2025\\\/09\\\/07\\\/sanliurfada-4-ilcede-es-zamanli-operasyon-cok-sayida-silah-ele-gecirildi\\\/\",\"name\":\"\u015eanl\u0131urfa'da 4 il\u00e7ede e\u015f zamanl\u0131 operasyon: \u00c7ok say\u0131da silah ele ge\u00e7irildi - Memurun Sesi\",\"isPartOf\":{\"@id\":\"https:\\\/\\\/memurunsesi.net\\\/#website\"},\"primaryImageOfPage\":{\"@id\":\"https:\\\/\\\/memurunsesi.net\\\/index.php\\\/2025\\\/09\\\/07\\\/sanliurfada-4-ilcede-es-zamanli-operasyon-cok-sayida-silah-ele-gecirildi\\\/#primaryimage\"},\"image\":{\"@id\":\"https:\\\/\\\/memurunsesi.net\\\/index.php\\\/2025\\\/09\\\/07\\\/sanliurfada-4-ilcede-es-zamanli-operasyon-cok-sayida-silah-ele-gecirildi\\\/#primaryimage\"},\"thumbnailUrl\":\"https:\\\/\\\/memurunsesi.net\\\/wp-content\\\/uploads\\\/2025\\\/09\\\/AW533307_01.jpg\",\"datePublished\":\"2025-09-07T17:40:30+00:00\",\"breadcrumb\":{\"@id\":\"https:\\\/\\\/memurunsesi.net\\\/index.php\\\/2025\\\/09\\\/07\\\/sanliurfada-4-ilcede-es-zamanli-operasyon-cok-sayida-silah-ele-gecirildi\\\/#breadcrumb\"},\"inLanguage\":\"tr\",\"potentialAction\":[{\"@type\":\"ReadAction\",\"target\":[\"https:\\\/\\\/memurunsesi.net\\\/index.php\\\/2025\\\/09\\\/07\\\/sanliurfada-4-ilcede-es-zamanli-operasyon-cok-sayida-silah-ele-gecirildi\\\/\"]}]},{\"@type\":\"ImageObject\",\"inLanguage\":\"tr\",\"@id\":\"https:\\\/\\\/memurunsesi.net\\\/index.php\\\/2025\\\/09\\\/07\\\/sanliurfada-4-ilcede-es-zamanli-operasyon-cok-sayida-silah-ele-gecirildi\\\/#primaryimage\",\"url\":\"https:\\\/\\\/memurunsesi.net\\\/wp-content\\\/uploads\\\/2025\\\/09\\\/AW533307_01.jpg\",\"contentUrl\":\"https:\\\/\\\/memurunsesi.net\\\/wp-content\\\/uploads\\\/2025\\\/09\\\/AW533307_01.jpg\",\"width\":1600,\"height\":1200,\"caption\":\"\u015eANLIURFA'DA 4 \u0130L\u00c7EDE YAPILAN GEN\u0130\u015e \u00c7APLI OPERASYONDA \u00c7OK SAYIDA S\u0130LAH ELE GE\u00c7\u0130R\u0130LD\u0130. (MEVL\u00dcT BAYRAKTAR\\\/\u015eANLIURFA-\u0130HA) \u015eanl\u0131urfa'da 4 il\u00e7ede yap\u0131lan geni\u015f \u00e7apl\u0131 operasyonda \u00e7ok say\u0131da silah ele ge\u00e7irildi.\"},{\"@type\":\"BreadcrumbList\",\"@id\":\"https:\\\/\\\/memurunsesi.net\\\/index.php\\\/2025\\\/09\\\/07\\\/sanliurfada-4-ilcede-es-zamanli-operasyon-cok-sayida-silah-ele-gecirildi\\\/#breadcrumb\",\"itemListElement\":[{\"@type\":\"ListItem\",\"position\":1,\"name\":\"Anasayfa\",\"item\":\"https:\\\/\\\/memurunsesi.net\\\/\"},{\"@type\":\"ListItem\",\"position\":2,\"name\":\"\u015eanl\u0131urfa&#8217;da 4 il\u00e7ede e\u015f zamanl\u0131 operasyon: \u00c7ok say\u0131da silah ele ge\u00e7irildi\"}]},{\"@type\":\"WebSite\",\"@id\":\"https:\\\/\\\/memurunsesi.net\\\/#website\",\"url\":\"https:\\\/\\\/memurunsesi.net\\\/\",\"name\":\"Memurun Sesi\",\"description\":\"G\u00fcncel ve Do\u011fru Haber\",\"publisher\":{\"@id\":\"https:\\\/\\\/memurunsesi.net\\\/#organization\"},\"potentialAction\":[{\"@type\":\"SearchAction\",\"target\":{\"@type\":\"EntryPoint\",\"urlTemplate\":\"https:\\\/\\\/memurunsesi.net\\\/?s={search_term_string}\"},\"query-input\":{\"@type\":\"PropertyValueSpecification\",\"valueRequired\":true,\"valueName\":\"search_term_string\"}}],\"inLanguage\":\"tr\"},{\"@type\":\"Organization\",\"@id\":\"https:\\\/\\\/memurunsesi.net\\\/#organization\",\"name\":\"Memurun Sesi\",\"url\":\"https:\\\/\\\/memurunsesi.net\\\/\",\"logo\":{\"@type\":\"ImageObject\",\"inLanguage\":\"tr\",\"@id\":\"https:\\\/\\\/memurunsesi.net\\\/#\\\/schema\\\/logo\\\/image\\\/\",\"url\":\"https:\\\/\\\/memurunsesi.net\\\/wp-content\\\/uploads\\\/2025\\\/11\\\/cropped-MEMURUN-SESI.png\",\"contentUrl\":\"https:\\\/\\\/memurunsesi.net\\\/wp-content\\\/uploads\\\/2025\\\/11\\\/cropped-MEMURUN-SESI.png\",\"width\":238,\"height\":57,\"caption\":\"Memurun Sesi\"},\"image\":{\"@id\":\"https:\\\/\\\/memurunsesi.net\\\/#\\\/schema\\\/logo\\\/image\\\/\"},\"sameAs\":[\"https:\\\/\\\/www.facebook.com\\\/unipersen\\\/?locale=tr_TR\",\"https:\\\/\\\/x.com\\\/unipersen\"]},{\"@type\":\"Person\",\"@id\":\"https:\\\/\\\/memurunsesi.net\\\/#\\\/schema\\\/person\\\/f21c2d73b89f6ee1d80b0a1803e38587\",\"name\":\"Memurun Sesi Haber Merkezi\",\"image\":{\"@type\":\"ImageObject\",\"inLanguage\":\"tr\",\"@id\":\"https:\\\/\\\/secure.gravatar.com\\\/avatar\\\/6cf0505f452ee753f485014986fab09a434671d2b919ee76fc541025c5876a70?s=96&d=mm&r=g\",\"url\":\"https:\\\/\\\/secure.gravatar.com\\\/avatar\\\/6cf0505f452ee753f485014986fab09a434671d2b919ee76fc541025c5876a70?s=96&d=mm&r=g\",\"contentUrl\":\"https:\\\/\\\/secure.gravatar.com\\\/avatar\\\/6cf0505f452ee753f485014986fab09a434671d2b919ee76fc541025c5876a70?s=96&d=mm&r=g\",\"caption\":\"Memurun Sesi Haber Merkezi\"},\"sameAs\":[\"https:\\\/\\\/memurunsesi.net\"],\"url\":\"https:\\\/\\\/memurunsesi.net\\\/index.php\\\/author\\\/uniper\\\/\"}]}<\/script>\n<!-- \/ Yoast SEO plugin. -->","yoast_head_json":{"title":"\u015eanl\u0131urfa'da 4 il\u00e7ede e\u015f zamanl\u0131 operasyon: \u00c7ok say\u0131da silah ele ge\u00e7irildi - Memurun Sesi","robots":{"index":"index","follow":"follow","max-snippet":"max-snippet:-1","max-image-preview":"max-image-preview:large","max-video-preview":"max-video-preview:-1"},"canonical":"https:\/\/memurunsesi.net\/index.php\/2025\/09\/07\/sanliurfada-4-ilcede-es-zamanli-operasyon-cok-sayida-silah-ele-gecirildi\/","og_locale":"tr_TR","og_type":"article","og_title":"\u015eanl\u0131urfa'da 4 il\u00e7ede e\u015f zamanl\u0131 operasyon: \u00c7ok say\u0131da silah ele ge\u00e7irildi - Memurun Sesi","og_description":"\u015eanl\u0131urfa&#8217;da 4 il\u00e7ede yap\u0131lan geni\u015f \u00e7apl\u0131 operasyonda \u00e7ok say\u0131da silah ele ge\u00e7irildi. \u015eanl\u0131urfa \u0130l Jandarma Komutanl\u0131\u011f\u0131 ekipleri, yasa d\u0131\u015f\u0131 ve ruhsats\u0131z silahlanmayla m\u00fccadele kapsam\u0131nda Ak\u00e7akale, Birecik, Halfeti ve Siverek il\u00e7elerinde e\u015f zamanl\u0131 operasyon d\u00fczenledi. Yap\u0131lan bask\u0131nlarda \u00e7ok say\u0131da ruhsats\u0131z silah ele ge\u00e7irildi. Edinilen bilgiye g\u00f6re, y\u00fcr\u00fct\u00fclen operasyonlarda, 9 ruhsats\u0131z tabanca, 4 ruhsats\u0131z av t\u00fcfe\u011fi, 1 [&hellip;]","og_url":"https:\/\/memurunsesi.net\/index.php\/2025\/09\/07\/sanliurfada-4-ilcede-es-zamanli-operasyon-cok-sayida-silah-ele-gecirildi\/","og_site_name":"Memurun Sesi","article_publisher":"https:\/\/www.facebook.com\/unipersen\/?locale=tr_TR","article_published_time":"2025-09-07T17:40:30+00:00","og_image":[{"width":1600,"height":1200,"url":"https:\/\/memurunsesi.net\/wp-content\/uploads\/2025\/09\/AW533307_01.jpg","type":"image\/jpeg"}],"author":"Memurun Sesi Haber Merkezi","twitter_card":"summary_large_image","twitter_creator":"@unipersen","twitter_site":"@unipersen","twitter_misc":{"Yazan:":"Memurun Sesi Haber Merkezi","Tahmini okuma s\u00fcresi":"1 dakika"},"schema":{"@context":"https:\/\/schema.org","@graph":[{"@type":"Article","@id":"https:\/\/memurunsesi.net\/index.php\/2025\/09\/07\/sanliurfada-4-ilcede-es-zamanli-operasyon-cok-sayida-silah-ele-gecirildi\/#article","isPartOf":{"@id":"https:\/\/memurunsesi.net\/index.php\/2025\/09\/07\/sanliurfada-4-ilcede-es-zamanli-operasyon-cok-sayida-silah-ele-gecirildi\/"},"author":{"name":"Memurun Sesi Haber Merkezi","@id":"https:\/\/memurunsesi.net\/#\/schema\/person\/f21c2d73b89f6ee1d80b0a1803e38587"},"headline":"\u015eanl\u0131urfa&#8217;da 4 il\u00e7ede e\u015f zamanl\u0131 operasyon: \u00c7ok say\u0131da silah ele ge\u00e7irildi","datePublished":"2025-09-07T17:40:30+00:00","mainEntityOfPage":{"@id":"https:\/\/memurunsesi.net\/index.php\/2025\/09\/07\/sanliurfada-4-ilcede-es-zamanli-operasyon-cok-sayida-silah-ele-gecirildi\/"},"wordCount":125,"commentCount":0,"publisher":{"@id":"https:\/\/memurunsesi.net\/#organization"},"image":{"@id":"https:\/\/memurunsesi.net\/index.php\/2025\/09\/07\/sanliurfada-4-ilcede-es-zamanli-operasyon-cok-sayida-silah-ele-gecirildi\/#primaryimage"},"thumbnailUrl":"https:\/\/memurunsesi.net\/wp-content\/uploads\/2025\/09\/AW533307_01.jpg","inLanguage":"tr","potentialAction":[{"@type":"CommentAction","name":"Comment","target":["https:\/\/memurunsesi.net\/index.php\/2025\/09\/07\/sanliurfada-4-ilcede-es-zamanli-operasyon-cok-sayida-silah-ele-gecirildi\/#respond"]}]},{"@type":"WebPage","@id":"https:\/\/memurunsesi.net\/index.php\/2025\/09\/07\/sanliurfada-4-ilcede-es-zamanli-operasyon-cok-sayida-silah-ele-gecirildi\/","url":"https:\/\/memurunsesi.net\/index.php\/2025\/09\/07\/sanliurfada-4-ilcede-es-zamanli-operasyon-cok-sayida-silah-ele-gecirildi\/","name":"\u015eanl\u0131urfa'da 4 il\u00e7ede e\u015f zamanl\u0131 operasyon: \u00c7ok say\u0131da silah ele ge\u00e7irildi - Memurun Sesi","isPartOf":{"@id":"https:\/\/memurunsesi.net\/#website"},"primaryImageOfPage":{"@id":"https:\/\/memurunsesi.net\/index.php\/2025\/09\/07\/sanliurfada-4-ilcede-es-zamanli-operasyon-cok-sayida-silah-ele-gecirildi\/#primaryimage"},"image":{"@id":"https:\/\/memurunsesi.net\/index.php\/2025\/09\/07\/sanliurfada-4-ilcede-es-zamanli-operasyon-cok-sayida-silah-ele-gecirildi\/#primaryimage"},"thumbnailUrl":"https:\/\/memurunsesi.net\/wp-content\/uploads\/2025\/09\/AW533307_01.jpg","datePublished":"2025-09-07T17:40:30+00:00","breadcrumb":{"@id":"https:\/\/memurunsesi.net\/index.php\/2025\/09\/07\/sanliurfada-4-ilcede-es-zamanli-operasyon-cok-sayida-silah-ele-gecirildi\/#breadcrumb"},"inLanguage":"tr","potentialAction":[{"@type":"ReadAction","target":["https:\/\/memurunsesi.net\/index.php\/2025\/09\/07\/sanliurfada-4-ilcede-es-zamanli-operasyon-cok-sayida-silah-ele-gecirildi\/"]}]},{"@type":"ImageObject","inLanguage":"tr","@id":"https:\/\/memurunsesi.net\/index.php\/2025\/09\/07\/sanliurfada-4-ilcede-es-zamanli-operasyon-cok-sayida-silah-ele-gecirildi\/#primaryimage","url":"https:\/\/memurunsesi.net\/wp-content\/uploads\/2025\/09\/AW533307_01.jpg","contentUrl":"https:\/\/memurunsesi.net\/wp-content\/uploads\/2025\/09\/AW533307_01.jpg","width":1600,"height":1200,"caption":"\u015eANLIURFA'DA 4 \u0130L\u00c7EDE YAPILAN GEN\u0130\u015e \u00c7APLI OPERASYONDA \u00c7OK SAYIDA S\u0130LAH ELE GE\u00c7\u0130R\u0130LD\u0130. (MEVL\u00dcT BAYRAKTAR\/\u015eANLIURFA-\u0130HA) \u015eanl\u0131urfa'da 4 il\u00e7ede yap\u0131lan geni\u015f \u00e7apl\u0131 operasyonda \u00e7ok say\u0131da silah ele ge\u00e7irildi."},{"@type":"BreadcrumbList","@id":"https:\/\/memurunsesi.net\/index.php\/2025\/09\/07\/sanliurfada-4-ilcede-es-zamanli-operasyon-cok-sayida-silah-ele-gecirildi\/#breadcrumb","itemListElement":[{"@type":"ListItem","position":1,"name":"Anasayfa","item":"https:\/\/memurunsesi.net\/"},{"@type":"ListItem","position":2,"name":"\u015eanl\u0131urfa&#8217;da 4 il\u00e7ede e\u015f zamanl\u0131 operasyon: \u00c7ok say\u0131da silah ele ge\u00e7irildi"}]},{"@type":"WebSite","@id":"https:\/\/memurunsesi.net\/#website","url":"https:\/\/memurunsesi.net\/","name":"Memurun Sesi","description":"G\u00fcncel ve Do\u011fru Haber","publisher":{"@id":"https:\/\/memurunsesi.net\/#organization"},"potentialAction":[{"@type":"SearchAction","target":{"@type":"EntryPoint","urlTemplate":"https:\/\/memurunsesi.net\/?s={search_term_string}"},"query-input":{"@type":"PropertyValueSpecification","valueRequired":true,"valueName":"search_term_string"}}],"inLanguage":"tr"},{"@type":"Organization","@id":"https:\/\/memurunsesi.net\/#organization","name":"Memurun Sesi","url":"https:\/\/memurunsesi.net\/","logo":{"@type":"ImageObject","inLanguage":"tr","@id":"https:\/\/memurunsesi.net\/#\/schema\/logo\/image\/","url":"https:\/\/memurunsesi.net\/wp-content\/uploads\/2025\/11\/cropped-MEMURUN-SESI.png","contentUrl":"https:\/\/memurunsesi.net\/wp-content\/uploads\/2025\/11\/cropped-MEMURUN-SESI.png","width":238,"height":57,"caption":"Memurun Sesi"},"image":{"@id":"https:\/\/memurunsesi.net\/#\/schema\/logo\/image\/"},"sameAs":["https:\/\/www.facebook.com\/unipersen\/?locale=tr_TR","https:\/\/x.com\/unipersen"]},{"@type":"Person","@id":"https:\/\/memurunsesi.net\/#\/schema\/person\/f21c2d73b89f6ee1d80b0a1803e38587","name":"Memurun Sesi Haber Merkezi","image":{"@type":"ImageObject","inLanguage":"tr","@id":"https:\/\/secure.gravatar.com\/avatar\/6cf0505f452ee753f485014986fab09a434671d2b919ee76fc541025c5876a70?s=96&d=mm&r=g","url":"https:\/\/secure.gravatar.com\/avatar\/6cf0505f452ee753f485014986fab09a434671d2b919ee76fc541025c5876a70?s=96&d=mm&r=g","contentUrl":"https:\/\/secure.gravatar.com\/avatar\/6cf0505f452ee753f485014986fab09a434671d2b919ee76fc541025c5876a70?s=96&d=mm&r=g","caption":"Memurun Sesi Haber Merkezi"},"sameAs":["https:\/\/memurunsesi.net"],"url":"https:\/\/memurunsesi.net\/index.php\/author\/uniper\/"}]}},"_links":{"self":[{"href":"https:\/\/memurunsesi.net\/index.php\/wp-json\/wp\/v2\/posts\/11428","targetHints":{"allow":["GET"]}}],"collection":[{"href":"https:\/\/memurunsesi.net\/index.php\/wp-json\/wp\/v2\/posts"}],"about":[{"href":"https:\/\/memurunsesi.net\/index.php\/wp-json\/wp\/v2\/types\/post"}],"author":[{"embeddable":true,"href":"https:\/\/memurunsesi.net\/index.php\/wp-json\/wp\/v2\/users\/1"}],"replies":[{"embeddable":true,"href":"https:\/\/memurunsesi.net\/index.php\/wp-json\/wp\/v2\/comments?post=11428"}],"version-history":[{"count":1,"href":"https:\/\/memurunsesi.net\/index.php\/wp-json\/wp\/v2\/posts\/11428\/revisions"}],"predecessor-version":[{"id":11430,"href":"https:\/\/memurunsesi.net\/index.php\/wp-json\/wp\/v2\/posts\/11428\/revisions\/11430"}],"wp:featuredmedia":[{"embeddable":true,"href":"https:\/\/memurunsesi.net\/index.php\/wp-json\/wp\/v2\/media\/11429"}],"wp:attachment":[{"href":"https:\/\/memurunsesi.net\/index.php\/wp-json\/wp\/v2\/media?parent=11428"}],"wp:term":[{"taxonomy":"category","embeddable":true,"href":"https:\/\/memurunsesi.net\/index.php\/wp-json\/wp\/v2\/categories?post=11428"},{"taxonomy":"post_tag","embeddable":true,"href":"https:\/\/memurunsesi.net\/index.php\/wp-json\/wp\/v2\/tags?post=11428"}],"curies":[{"name":"wp","href":"https:\/\/api.w.org\/{rel}","templated":true}]}}